{"id":67142,"date":"2026-03-13T14:16:50","date_gmt":"2026-03-13T14:16:50","guid":{"rendered":"https:\/\/www.mathezfreight.com\/?p=67142"},"modified":"2026-03-31T10:09:55","modified_gmt":"2026-03-31T10:09:55","slug":"suspension-douane-tva-salons-congres","status":"publish","type":"post","link":"https:\/\/www.mathezfreight.com\/fr\/blog\/suspension-douane-tva-salons-congres\/","title":{"rendered":"Suspension de droits de douane et TVA sur les salons et congr\u00e8s: comment \u00e7a marche?"},"content":{"rendered":"\t\t<div data-elementor-type=\"wp-post\" data-elementor-id=\"67142\" class=\"elementor elementor-67142\" data-elementor-post-type=\"post\">\n\t\t\t\t\t\t<div class=\"elementor-section elementor-top-section elementor-element elementor-element-25ac58f elementor-section-stretched elementor-section-full_width mti-page-header bg-articles elementor-section-height-default elementor-section-height-default default-style elementor-invisible\" data-id=\"25ac58f\" data-element_type=\"section\" data-e-type=\"section\" id=\"mti-page-header\" data-settings=\"{&quot;stretch_section&quot;:&quot;section-stretched&quot;,&quot;animation&quot;:&quot;fadeIn&quot;,&quot;rt_color_sets&quot;:&quot;default-style&quot;}\">\n\t\t\t\t\t\t<div class=\"elementor-container elementor-column-gap-no\">\n\t\t\t\t\t<div class=\"elementor-column elementor-col-100 elementor-top-column elementor-element elementor-element-c3af877\" data-id=\"c3af877\" data-element_type=\"column\" data-e-type=\"column\">\n\t\t\t<div class=\"elementor-widget-wrap elementor-element-populated\">\n\t\t\t\t\t\t<div class=\"elementor-element elementor-element-354bdad elementor-widget elementor-widget-theme-post-featured-image elementor-widget-image\" data-id=\"354bdad\" data-element_type=\"widget\" data-e-type=\"widget\" data-widget_type=\"theme-post-featured-image.default\">\n\t\t\t\t<div class=\"elementor-widget-container\">\n\t\t\t\t\t\t\t\t\t\t\t\t\t\t\t<img decoding=\"async\" width=\"1220\" height=\"406\" src=\"https:\/\/www.mathezfreight.com\/wp-content\/uploads\/photo-onsite-salons-congres-1220x406.jpg\" class=\"attachment-mti-flat-banner size-mti-flat-banner wp-image-67152\" alt=\"Salons et congr\u00e8s : douane et TVA\" \/>\t\t\t\t\t\t\t\t\t\t\t\t\t\t\t<\/div>\n\t\t\t\t<\/div>\n\t\t\t\t\t<\/div>\n\t\t<\/div>\n\t\t\t\t\t<\/div>\n\t\t<\/div>\n\t\t\t\t<div class=\"elementor-section elementor-top-section elementor-element elementor-element-e862999 mti-page-excerpt excerpt-onleft highlight-articles elementor-section-boxed elementor-section-height-default elementor-section-height-default default-style elementor-invisible\" data-id=\"e862999\" data-element_type=\"section\" data-e-type=\"section\" id=\"mti-page-excerpt\" data-settings=\"{&quot;animation&quot;:&quot;fadeInUp&quot;,&quot;rt_color_sets&quot;:&quot;default-style&quot;}\">\n\t\t\t\t\t\t<div class=\"elementor-container elementor-column-gap-default\">\n\t\t\t\t\t<div class=\"elementor-column elementor-col-100 elementor-top-column elementor-element elementor-element-64290da default-style\" data-id=\"64290da\" data-element_type=\"column\" data-e-type=\"column\" data-settings=\"{&quot;background_background&quot;:&quot;classic&quot;}\">\n\t\t\t<div class=\"elementor-widget-wrap elementor-element-populated\">\n\t\t\t\t\t\t<div class=\"elementor-element elementor-element-13239bc elementor-align-left mti-blog-suptitle elementor-widget elementor-widget-post-info\" data-id=\"13239bc\" data-element_type=\"widget\" data-e-type=\"widget\" data-widget_type=\"post-info.default\">\n\t\t\t\t<div class=\"elementor-widget-container\">\n\t\t\t\t\t\t\t<ul class=\"elementor-inline-items elementor-icon-list-items elementor-post-info\">\n\t\t\t\t\t\t\t\t<li class=\"elementor-icon-list-item elementor-repeater-item-9687d75 elementor-inline-item\" itemprop=\"about\">\n\t\t\t\t\t\t\t\t\t\t\t\t\t<span class=\"elementor-icon-list-text elementor-post-info__item elementor-post-info__item--type-terms\">\n\t\t\t\t\t\t\t\t\t\t<span class=\"elementor-post-info__terms-list\">\n\t\t\t\t<a href=\"https:\/\/www.mathezfreight.com\/fr\/blog\/categorie\/fret-mode-demploi\/\" class=\"elementor-post-info__terms-list-item\">Fret Mode d&#039;Emploi<\/a>\t\t\t\t<\/span>\n\t\t\t\t\t<\/span>\n\t\t\t\t\t\t\t\t<\/li>\n\t\t\t\t<\/ul>\n\t\t\t\t\t\t<\/div>\n\t\t\t\t<\/div>\n\t\t\t\t<div class=\"elementor-element elementor-element-cdda569 elementor-widget elementor-widget-theme-post-title elementor-page-title elementor-widget-heading\" data-id=\"cdda569\" data-element_type=\"widget\" data-e-type=\"widget\" data-widget_type=\"theme-post-title.default\">\n\t\t\t\t<div class=\"elementor-widget-container\">\n\t\t\t\t\t<h1 class=\"elementor-heading-title elementor-size-default\">Suspension de droits de douane et TVA sur les salons et congr\u00e8s: comment \u00e7a marche?<\/h1>\t\t\t\t<\/div>\n\t\t\t\t<\/div>\n\t\t\t\t<div class=\"elementor-element elementor-element-2b9bfd6 elementor-widget elementor-widget-theme-post-excerpt\" data-id=\"2b9bfd6\" data-element_type=\"widget\" data-e-type=\"widget\" data-widget_type=\"theme-post-excerpt.default\">\n\t\t\t\t<div class=\"elementor-widget-container\">\n\t\t\t\t\tQuelles conditions pour b\u00e9n\u00e9ficier des r\u00e9gimes douaniers adapt\u00e9s et de l\u2019exon\u00e9ration de TVA sur vos \u00e9quipements de stands et mat\u00e9riels d\u2019exposition? \t\t\t\t<\/div>\n\t\t\t\t<\/div>\n\t\t\t\t<div class=\"elementor-element elementor-element-b5deb30 elementor-align-right mti-blog-tags elementor-widget elementor-widget-post-info\" data-id=\"b5deb30\" data-element_type=\"widget\" data-e-type=\"widget\" data-widget_type=\"post-info.default\">\n\t\t\t\t<div class=\"elementor-widget-container\">\n\t\t\t\t\t\t\t<ul class=\"elementor-inline-items elementor-icon-list-items elementor-post-info\">\n\t\t\t\t\t\t\t\t<li class=\"elementor-icon-list-item elementor-repeater-item-7910e98 elementor-inline-item\" itemprop=\"datePublished\">\n\t\t\t\t\t\t\t\t\t\t<span class=\"elementor-icon-list-icon\">\n\t\t\t\t\t\t\t\t<i aria-hidden=\"true\" class=\"fas fa-calendar\"><\/i>\t\t\t\t\t\t\t<\/span>\n\t\t\t\t\t\t\t\t\t<span class=\"elementor-icon-list-text elementor-post-info__item elementor-post-info__item--type-date\">\n\t\t\t\t\t\t\t\t\t\t<time>13 mars 2026<\/time>\t\t\t\t\t<\/span>\n\t\t\t\t\t\t\t\t<\/li>\n\t\t\t\t<li class=\"elementor-icon-list-item elementor-repeater-item-4e9c5fd elementor-inline-item\" itemprop=\"author\">\n\t\t\t\t\t\t\t\t\t\t<span class=\"elementor-icon-list-icon\">\n\t\t\t\t\t\t\t\t<i aria-hidden=\"true\" class=\"far fa-user-circle\"><\/i>\t\t\t\t\t\t\t<\/span>\n\t\t\t\t\t\t\t\t\t<span class=\"elementor-icon-list-text elementor-post-info__item elementor-post-info__item--type-author\">\n\t\t\t\t\t\t\t\t\t\tH\u00e9l\u00e8ne Plaquet\t\t\t\t\t<\/span>\n\t\t\t\t\t\t\t\t<\/li>\n\t\t\t\t<li class=\"elementor-icon-list-item elementor-repeater-item-f18f2db elementor-inline-item\" itemprop=\"about\">\n\t\t\t\t\t\t\t\t\t\t<span class=\"elementor-icon-list-icon\">\n\t\t\t\t\t\t\t\t<i aria-hidden=\"true\" class=\"fas fa-tags\"><\/i>\t\t\t\t\t\t\t<\/span>\n\t\t\t\t\t\t\t\t\t<span class=\"elementor-icon-list-text elementor-post-info__item elementor-post-info__item--type-terms\">\n\t\t\t\t\t\t\t\t\t\t<span class=\"elementor-post-info__terms-list\">\n\t\t\t\t<a href=\"https:\/\/www.mathezfreight.com\/fr\/blog\/tag\/douane\/\" class=\"elementor-post-info__terms-list-item\">Douane<\/a>, <a href=\"https:\/\/www.mathezfreight.com\/fr\/blog\/tag\/tva\/\" class=\"elementor-post-info__terms-list-item\">TVA<\/a>\t\t\t\t<\/span>\n\t\t\t\t\t<\/span>\n\t\t\t\t\t\t\t\t<\/li>\n\t\t\t\t<\/ul>\n\t\t\t\t\t\t<\/div>\n\t\t\t\t<\/div>\n\t\t\t\t\t<\/div>\n\t\t<\/div>\n\t\t\t\t\t<\/div>\n\t\t<\/div>\n\t\t\t\t<aside class=\"elementor-section elementor-top-section elementor-element elementor-element-da74b28 elementor-hidden-tablet elementor-hidden-phone mti-social-bar up elementor-section-boxed elementor-section-height-default elementor-section-height-default elementor-invisible\" data-id=\"da74b28\" data-element_type=\"section\" data-e-type=\"section\" data-settings=\"{&quot;animation&quot;:&quot;fadeInLeft&quot;}\">\n\t\t\t\t\t\t<div class=\"elementor-container elementor-column-gap-default\">\n\t\t\t\t\t<div class=\"elementor-column elementor-col-100 elementor-top-column elementor-element elementor-element-ba21d28\" data-id=\"ba21d28\" data-element_type=\"column\" data-e-type=\"column\">\n\t\t\t<div class=\"elementor-widget-wrap elementor-element-populated\">\n\t\t\t\t\t\t<div class=\"elementor-element elementor-element-318d352 elementor-share-buttons--view-icon elementor-share-buttons--skin-flat mti-social-bar-job elementor-share-buttons--shape-square elementor-grid-0 elementor-share-buttons--color-official elementor-invisible elementor-widget elementor-widget-global elementor-global-17249 elementor-widget-share-buttons\" data-id=\"318d352\" data-element_type=\"widget\" data-e-type=\"widget\" data-settings=\"{&quot;_animation&quot;:&quot;fadeInLeft&quot;}\" data-widget_type=\"share-buttons.default\">\n\t\t\t\t<div class=\"elementor-widget-container\">\n\t\t\t\t\t\t\t<div class=\"elementor-grid\" role=\"list\">\n\t\t\t\t\t\t\t\t<div class=\"elementor-grid-item\" role=\"listitem\">\n\t\t\t\t\t\t<div class=\"elementor-share-btn elementor-share-btn_email\" role=\"button\" tabindex=\"0\" aria-label=\"Partager sur email\">\n\t\t\t\t\t\t\t\t\t\t\t\t\t\t\t<span class=\"elementor-share-btn__icon\">\n\t\t\t\t\t\t\t\t<i class=\"fas fa-envelope\" aria-hidden=\"true\"><\/i>\t\t\t\t\t\t\t<\/span>\n\t\t\t\t\t\t\t\t\t\t\t\t\t\t\t\t\t\t\t\t<\/div>\n\t\t\t\t\t<\/div>\n\t\t\t\t\t\t\t\t\t<div class=\"elementor-grid-item\" role=\"listitem\">\n\t\t\t\t\t\t<div class=\"elementor-share-btn elementor-share-btn_linkedin\" role=\"button\" tabindex=\"0\" aria-label=\"Partager sur linkedin\">\n\t\t\t\t\t\t\t\t\t\t\t\t\t\t\t<span class=\"elementor-share-btn__icon\">\n\t\t\t\t\t\t\t\t<i class=\"fab fa-linkedin\" aria-hidden=\"true\"><\/i>\t\t\t\t\t\t\t<\/span>\n\t\t\t\t\t\t\t\t\t\t\t\t\t\t\t\t\t\t\t\t<\/div>\n\t\t\t\t\t<\/div>\n\t\t\t\t\t\t\t\t\t<div class=\"elementor-grid-item\" role=\"listitem\">\n\t\t\t\t\t\t<div class=\"elementor-share-btn elementor-share-btn_twitter\" role=\"button\" tabindex=\"0\" aria-label=\"Partager sur twitter\">\n\t\t\t\t\t\t\t\t\t\t\t\t\t\t\t<span class=\"elementor-share-btn__icon\">\n\t\t\t\t\t\t\t\t<i class=\"fab fa-twitter\" aria-hidden=\"true\"><\/i>\t\t\t\t\t\t\t<\/span>\n\t\t\t\t\t\t\t\t\t\t\t\t\t\t\t\t\t\t\t\t<\/div>\n\t\t\t\t\t<\/div>\n\t\t\t\t\t\t\t\t\t<div class=\"elementor-grid-item\" role=\"listitem\">\n\t\t\t\t\t\t<div class=\"elementor-share-btn elementor-share-btn_facebook\" role=\"button\" tabindex=\"0\" aria-label=\"Partager sur facebook\">\n\t\t\t\t\t\t\t\t\t\t\t\t\t\t\t<span class=\"elementor-share-btn__icon\">\n\t\t\t\t\t\t\t\t<i class=\"fab fa-facebook\" aria-hidden=\"true\"><\/i>\t\t\t\t\t\t\t<\/span>\n\t\t\t\t\t\t\t\t\t\t\t\t\t\t\t\t\t\t\t\t<\/div>\n\t\t\t\t\t<\/div>\n\t\t\t\t\t\t\t\t\t<div class=\"elementor-grid-item\" role=\"listitem\">\n\t\t\t\t\t\t<div class=\"elementor-share-btn elementor-share-btn_print\" role=\"button\" tabindex=\"0\" aria-label=\"Partager sur print\">\n\t\t\t\t\t\t\t\t\t\t\t\t\t\t\t<span class=\"elementor-share-btn__icon\">\n\t\t\t\t\t\t\t\t<i class=\"fas fa-print\" aria-hidden=\"true\"><\/i>\t\t\t\t\t\t\t<\/span>\n\t\t\t\t\t\t\t\t\t\t\t\t\t\t\t\t\t\t\t\t<\/div>\n\t\t\t\t\t<\/div>\n\t\t\t\t\t\t<\/div>\n\t\t\t\t\t\t<\/div>\n\t\t\t\t<\/div>\n\t\t\t\t\t<\/div>\n\t\t<\/div>\n\t\t\t\t\t<\/div>\n\t\t<\/aside>\n\t\t\t\t<div class=\"elementor-section elementor-top-section elementor-element elementor-element-1be72cc mti-article-body elementor-section-boxed elementor-section-height-default elementor-section-height-default default-style\" data-id=\"1be72cc\" data-element_type=\"section\" data-e-type=\"section\" data-settings=\"{&quot;rt_color_sets&quot;:&quot;default-style&quot;}\">\n\t\t\t\t\t\t<div class=\"elementor-container elementor-column-gap-default\">\n\t\t\t\t\t<div class=\"elementor-column elementor-col-100 elementor-top-column elementor-element elementor-element-1f5697b\" data-id=\"1f5697b\" data-element_type=\"column\" data-e-type=\"column\">\n\t\t\t<div class=\"elementor-widget-wrap elementor-element-populated\">\n\t\t\t\t\t\t<div class=\"elementor-element elementor-element-749442a elementor-widget elementor-widget-text-editor\" data-id=\"749442a\" data-element_type=\"widget\" data-e-type=\"widget\" data-widget_type=\"text-editor.default\">\n\t\t\t\t<div class=\"elementor-widget-container\">\n\t\t\t\t\t\t\t\t\t<p>Les exposants qui importent des \u00e9quipements, mat\u00e9riels, goodies, cadeaux, consommables peuvent pr\u00e9tendre \u00e0 des exon\u00e9rations de TVA, droits et taxes sous certaines conditions. Suivez le guide avec nos experts douane et <a href=\"https:\/\/www.mathezfreight.com\/fr\/solutions\/transport\/salons-congres\/\"><u>logistique des salons et congr\u00e8s<\/u>. <\/a><\/p>\t\t\t\t\t\t\t\t<\/div>\n\t\t\t\t<\/div>\n\t\t\t\t<section class=\"elementor-section elementor-inner-section elementor-element elementor-element-cbcc956 mti-section-essentiel elementor-section-boxed elementor-section-height-default elementor-section-height-default default-style\" data-id=\"cbcc956\" data-element_type=\"section\" data-e-type=\"section\" data-settings=\"{&quot;background_background&quot;:&quot;classic&quot;,&quot;rt_color_sets&quot;:&quot;default-style&quot;}\">\n\t\t\t\t\t\t<div class=\"elementor-container elementor-column-gap-default\">\n\t\t\t\t\t<div class=\"elementor-column elementor-col-50 elementor-inner-column elementor-element elementor-element-139cb88\" data-id=\"139cb88\" data-element_type=\"column\" data-e-type=\"column\">\n\t\t\t<div class=\"elementor-widget-wrap elementor-element-populated\">\n\t\t\t\t\t\t<div class=\"elementor-element elementor-element-aa0b70e elementor-widget elementor-widget-image\" data-id=\"aa0b70e\" data-element_type=\"widget\" data-e-type=\"widget\" data-widget_type=\"image.default\">\n\t\t\t\t<div class=\"elementor-widget-container\">\n\t\t\t\t\t\t\t\t\t\t\t\t\t\t\t<img decoding=\"async\" src=\"https:\/\/www.mathezfreight.com\/wp-content\/uploads\/elementor\/thumbs\/picto-bonhomme-mathez-trans-pj04t9fm877eetwvlparhcxme51rv7o3w0o9he3kwa.png\" title=\"picto-bonhomme-mathez-trans\" alt=\"picto-bonhomme-mathez-trans\" loading=\"lazy\" \/>\t\t\t\t\t\t\t\t\t\t\t\t\t\t\t<\/div>\n\t\t\t\t<\/div>\n\t\t\t\t\t<\/div>\n\t\t<\/div>\n\t\t\t\t<div class=\"elementor-column elementor-col-50 elementor-inner-column elementor-element elementor-element-f998be8\" data-id=\"f998be8\" data-element_type=\"column\" data-e-type=\"column\">\n\t\t\t<div class=\"elementor-widget-wrap elementor-element-populated\">\n\t\t\t\t\t\t<div class=\"elementor-element elementor-element-b2284b9 elementor-widget elementor-widget-text-editor\" data-id=\"b2284b9\" data-element_type=\"widget\" data-e-type=\"widget\" data-widget_type=\"text-editor.default\">\n\t\t\t\t<div class=\"elementor-widget-container\">\n\t\t\t\t\t\t\t\t\t<h2>L&rsquo;essentiel, pour les professionnels.<\/h2><ul><li><strong>Importation<\/strong> temporaire ou d\u00e9finitive: La destination des \u00e9quipements et marchandises d\u00e9termine le r\u00e9gime douanier applicable.<\/li><li><strong>Admission Temporaire et Carnet ATA, <\/strong>permettent de suspendre droits de douane et TVA lorsque les marchandises sont destin\u00e9es \u00e0 \u00eatre r\u00e9export\u00e9es.<\/li><li>Une <strong>franchise douani\u00e8re<\/strong> sp\u00e9cifique b\u00e9n\u00e9ficie aux marchandises distribu\u00e9es ou consomm\u00e9es sur le salon.<\/li><li><strong>L\u2019autoliquidation de TVA \u00e0 l\u2019importation<\/strong> (ATVAI) constitue une option int\u00e9ressante pour les exposants \u00e9trangers disposant d\u2019un repr\u00e9sentant fiscal \u2013 ou non, dans certains cas.<\/li><\/ul>\t\t\t\t\t\t\t\t<\/div>\n\t\t\t\t<\/div>\n\t\t\t\t\t<\/div>\n\t\t<\/div>\n\t\t\t\t\t<\/div>\n\t\t<\/section>\n\t\t\t\t<div class=\"elementor-element elementor-element-94c8bff elementor-widget elementor-widget-text-editor\" data-id=\"94c8bff\" data-element_type=\"widget\" data-e-type=\"widget\" data-widget_type=\"text-editor.default\">\n\t\t\t\t<div class=\"elementor-widget-container\">\n\t\t\t\t\t\t\t\t\t<h2 data-pm-slice=\"1 1 []\">Quel r\u00e9gime douanier pour les \u00e9quipement d&rsquo;exposition ?\u00a0<\/h2><p>Les exposants sur les salons et congr\u00e8s mobilisent <strong>divers types d\u2019\u00e9quipements<\/strong>: structures de stands, \u00e9quipements audiovisuels, pi\u00e8ces de d\u00e9monstration, catalogues et supports marketing, mat\u00e9riels techniques, \u00e9l\u00e9ments de d\u00e9coration\u2026<\/p><p>Ces marchandises peuvent \u00eatre import\u00e9es sp\u00e9cifiquement pour l\u2019\u00e9v\u00e9nement et relever de r\u00e9gimes douaniers diff\u00e9rents selon leur destination: <strong>r\u00e9exportation apr\u00e8s le salon ou distribution\/consommation pendant la manifestation<\/strong>.<\/p><p>Le choix du r\u00e9gime douanier d\u00e9pend principalement de ce <b>que deviennent les biens apr\u00e8s le salon<\/b>. Les gros \u00e9l\u00e9ments de stand ou le mat\u00e9riel informatiques audiovisuel par exemple sont r\u00e9utilisables sur plusieurs salons, alors que ce n&rsquo;est pas le cas pour des supports de communication, goodies, parfums, chocolats qui sont normalement distribu\u00e9s ou consomm\u00e9s sur place.<\/p><h3><strong>Admission temporaire <\/strong><strong>des mat\u00e9riels destin\u00e9s \u00e0 repartir apr\u00e8s le salon<\/strong><\/h3><p>Lorsque les \u00e9quipements d\u2019exposition sont destin\u00e9s \u00e0 \u00eatre <strong>r\u00e9export\u00e9s<\/strong>, ils peuvent \u00eatre plac\u00e9s sous un r\u00e9gime d&rsquo;importation temporaire permettant de <strong>suspendre les droits de douane et la TVA<\/strong>.<\/p><p>Deux solutions sont g\u00e9n\u00e9ralement utilis\u00e9es :<\/p><h4><strong>Admission temporaire<\/strong><\/h4><p>L\u2019<strong>Admission Temporaire<\/strong> permet de suspendre les droits et taxes \u00e0 l\u2019importation \u00e0 condition que les mat\u00e9riels soient r\u00e9export\u00e9es dans le d\u00e9lai imparti et dans un \u00e9tat conforme.<\/p><p>Ce r\u00e9gime est particuli\u00e8rement adapt\u00e9 aux :<\/p><ul><li><strong>structures<\/strong> modulaires de stands<\/li><li>\u00e9quipements <strong>audiovisuels<\/strong><\/li><li><strong>mobilier<\/strong> r\u00e9utilisable<\/li><li><strong>supports techniques<\/strong><\/li><li><strong>mat\u00e9riels \u00e9v\u00e9nementiels<\/strong> destin\u00e9s \u00e0 repartir \u00e0 l\u2019issue du salon<\/li><\/ul><h4><strong>Carnet ATA (Admission Temporaire simplifi\u00e9e)<\/strong><\/h4><p>Le <strong>Carnet ATA<\/strong> constitue une forme d\u2019Admission Temporaire simplifi\u00e9e reconnue \u00e0 l\u2019international. Il permet d\u2019importer temporairement du mat\u00e9riel destin\u00e9 aux foires et expositions <strong>sans paiement de droits et taxes<\/strong>, gr\u00e2ce \u00e0 un carnet unique vis\u00e9 lors de chaque passage fronti\u00e8re.<\/p><p>Environ <strong>70 pays ont ratifi\u00e9 la Convention ATA<\/strong>. Sa validit\u00e9 est de <strong>un an<\/strong> et un m\u00eame carnet peut couvrir <strong>plusieurs admissions temporaires successives<\/strong>, ce qui en fait un outil particuli\u00e8rement adapt\u00e9 aux exposants participant \u00e0 plusieurs salons internationaux.<\/p><h3><strong>Franchise douani\u00e8re des <\/strong><strong>marchandises distribu\u00e9es ou consomm\u00e9es pendant le salon<\/strong><\/h3><p>Lorsque les marchandises <strong>ne sont pas destin\u00e9es \u00e0 \u00eatre r\u00e9export\u00e9es<\/strong>, un autre dispositif peut \u00eatre mobilis\u00e9: la <strong>franchise douani\u00e8re pour les expositions<\/strong> pr\u00e9vue par la r\u00e9glementation europ\u00e9enne.<\/p><p>Ce r\u00e9gime concerne notamment :<\/p><ul><li>les petits <strong>\u00e9chantillons<\/strong> repr\u00e9sentatifs<\/li><li>les mat\u00e9riels destin\u00e9s exclusivement \u00e0 la <strong>d\u00e9monstration<\/strong><\/li><li>les <strong>mat\u00e9riaux<\/strong> de faible valeur utilis\u00e9s pour la construction ou la d\u00e9coration de stands provisoires<\/li><li>les <strong>imprim\u00e9s et supports publicitaires<\/strong> distribu\u00e9s gratuitement<\/li><\/ul><p>Les catalogues, pi\u00e8ces techniques ou supports marketing <strong>exp\u00e9di\u00e9s en express<\/strong> pour un salon peuvent \u00e9galement b\u00e9n\u00e9ficier de ces dispositions, sous r\u00e9serve d\u2019une d\u00e9claration douani\u00e8re adapt\u00e9e.<\/p><blockquote><p><strong>Attention\u00a0: <\/strong>Une mauvaise qualification du r\u00e9gime douanier (Admission Temporaire, Carnet ATA, franchise exposition ou importation d\u00e9finitive) peut entra\u00eener l\u2019exigibilit\u00e9 imm\u00e9diate des droits de douane et de la TVA \u00e0 l\u2019importation.<\/p><\/blockquote><h2><strong>TVA et importation des mat\u00e9riels d\u2019exposition pour les exposants \u00e9trangers<\/strong><\/h2><p>La <strong>franchise exposition<\/strong> constitue pour les exposants \u00e9trangers un levier int\u00e9ressant, mais toutes les marchandises ne remplissent pas n\u00e9cessairement les conditions d\u2019exon\u00e9ration.<\/p><p>Lorsque les produits ne sont pas \u00e9ligibles (selon la nature des biens, la valeur ou les conditions d\u2019utilisation), une solution consiste \u00e0 proc\u00e9der \u00e0 <strong>une importation d\u00e9finitive avec paiement des droits et de la TVA<\/strong>.<\/p><p><span class=\"BZ_Pyq_fadeIn\">Les <\/span><span class=\"BZ_Pyq_fadeIn\">\u00e9l\u00e9ments <\/span><span class=\"BZ_Pyq_fadeIn\">de <\/span><span class=\"BZ_Pyq_fadeIn\">grande <\/span><span class=\"BZ_Pyq_fadeIn\">taille, <\/span><span class=\"BZ_Pyq_fadeIn\">comme <\/span><strong><span class=\"BZ_Pyq_fadeIn\">les <\/span><span class=\"BZ_Pyq_fadeIn\">stands <\/span><span class=\"BZ_Pyq_fadeIn\">ou <\/span><span class=\"BZ_Pyq_fadeIn\">le <\/span><span class=\"BZ_Pyq_fadeIn\">mat\u00e9riel <\/span><span class=\"BZ_Pyq_fadeIn\">informatique <\/span><span class=\"BZ_Pyq_fadeIn\">et <\/span><\/strong><span class=\"BZ_Pyq_fadeIn\"><strong>audiovisuel<\/strong>, <\/span><span class=\"BZ_Pyq_fadeIn\">sont <\/span><span class=\"BZ_Pyq_fadeIn\">r\u00e9utilisables <\/span><span class=\"BZ_Pyq_fadeIn\">sur <\/span><span class=\"BZ_Pyq_fadeIn\">plusieurs <\/span><span class=\"BZ_Pyq_fadeIn\">salons <\/span><span class=\"BZ_Pyq_fadeIn\">et <\/span><strong><span class=\"BZ_Pyq_fadeIn\">peuvent <\/span><span class=\"BZ_Pyq_fadeIn\">\u00eatre <\/span><span class=\"BZ_Pyq_fadeIn\">import\u00e9s <\/span><\/strong><span class=\"BZ_Pyq_fadeIn\"><strong>temporairement<\/strong>. <\/span><span class=\"BZ_Pyq_fadeIn\">En <\/span><span class=\"BZ_Pyq_fadeIn\">revanche, <\/span><strong><span class=\"BZ_Pyq_fadeIn\">les <\/span><span class=\"BZ_Pyq_fadeIn\">supports <\/span><span class=\"BZ_Pyq_fadeIn\">de <\/span><span class=\"BZ_Pyq_fadeIn\">communication, <\/span><span class=\"BZ_Pyq_fadeIn\">les <\/span><span class=\"BZ_Pyq_fadeIn\">goodies, <\/span><span class=\"BZ_Pyq_fadeIn\">les <\/span><span class=\"BZ_Pyq_fadeIn\">parfums <\/span><span class=\"BZ_Pyq_fadeIn\">ou <\/span><span class=\"BZ_Pyq_fadeIn\">les <\/span><span class=\"BZ_Pyq_fadeIn\">chocolats <\/span><\/strong><span class=\"BZ_Pyq_fadeIn\">sont <\/span><span class=\"BZ_Pyq_fadeIn\">g\u00e9n\u00e9ralement <\/span><span class=\"BZ_Pyq_fadeIn\">distribu\u00e9s <\/span><span class=\"BZ_Pyq_fadeIn\">ou <\/span><span class=\"BZ_Pyq_fadeIn\">consomm\u00e9s <\/span><span class=\"BZ_Pyq_fadeIn\">sur <\/span><span class=\"BZ_Pyq_fadeIn\">place <\/span><span class=\"BZ_Pyq_fadeIn\">et <\/span><strong><span class=\"BZ_Pyq_fadeIn\">doivent <\/span><span class=\"BZ_Pyq_fadeIn\">faire <\/span><span class=\"BZ_Pyq_fadeIn\">l\u2019objet <\/span><span class=\"BZ_Pyq_fadeIn\">d\u2019une <\/span><span class=\"BZ_Pyq_fadeIn\">importation <\/span><span class=\"BZ_Pyq_fadeIn\">d\u00e9finitive.<\/span><\/strong><\/p><p><strong>Des produits import\u00e9s en trop grande quantit\u00e9<\/strong> ne peuvent pas \u00eatre consid\u00e9r\u00e9s comme des \u00e9chantillons d&rsquo;un point de vue douanier. <strong>La franchise douani\u00e8re<\/strong> (exon\u00e9ration de droits de douane) n&rsquo;est alors pas applicable, les droits de douane seront \u00e0 payer lors d&rsquo;une importation d\u00e9finitive.<\/p><p>Dans les deux cas pour la partie TVA: plusieurs m\u00e9canismes peuvent \u00eatre mobilis\u00e9s pour les exposants \u00e9trangers:<\/p><ul><li><strong>Autoliquidation de la TVA \u00e0 l\u2019importation (ATVAI)<\/strong> si l\u2019op\u00e9rateur dispose d\u2019une <strong>immatriculation \u00e0 la TVA fran\u00e7aise et <a href=\"https:\/\/www.mathezfreight.com\/fr\/blog\/numero-eori-europe\/\">d&rsquo;un num\u00e9ro EORI<\/a><\/strong><\/li><li><strong>D\u00e9rogations \u00e0 l\u2019obligation d\u2019identification \u00e0 la TVA<\/strong>, sous certaines conditions.<\/li><\/ul><p>Une <strong>analyse pr\u00e9alable du r\u00e9gime douanier<\/strong> permet souvent d\u2019optimiser ces op\u00e9rations.<\/p>\t\t\t\t\t\t\t\t<\/div>\n\t\t\t\t<\/div>\n\t\t\t\t<section class=\"elementor-section elementor-inner-section elementor-element elementor-element-92e2cd7 mti-cta-services elementor-section-boxed elementor-section-height-default elementor-section-height-default default-style\" data-id=\"92e2cd7\" data-element_type=\"section\" data-e-type=\"section\" data-settings=\"{&quot;background_background&quot;:&quot;classic&quot;,&quot;rt_color_sets&quot;:&quot;default-style&quot;}\">\n\t\t\t\t\t\t\t<div class=\"elementor-background-overlay\"><\/div>\n\t\t\t\t\t\t\t<div class=\"elementor-container elementor-column-gap-default\">\n\t\t\t\t\t<div class=\"elementor-column elementor-col-100 elementor-inner-column elementor-element elementor-element-bb25b2a\" data-id=\"bb25b2a\" data-element_type=\"column\" data-e-type=\"column\">\n\t\t\t<div class=\"elementor-widget-wrap elementor-element-populated\">\n\t\t\t\t\t\t<div class=\"elementor-element elementor-element-ba02429 elementor-widget elementor-widget-text-editor\" data-id=\"ba02429\" data-element_type=\"widget\" data-e-type=\"widget\" data-widget_type=\"text-editor.default\">\n\t\t\t\t<div class=\"elementor-widget-container\">\n\t\t\t\t\t\t\t\t\t<h2>Nos services<\/h2><p>Les sp\u00e9cialistes locaux de nos agences azur\u00e9ennes (Nice, Carros, Cannes, La Ciotat, S\u00e8te) assurent un ensemble de services.<\/p><ul><li><a href=\"https:\/\/www.mathezfreight.com\/fr\/solutions\/transport\/salons-congres\/\">Logistique \u00e9v\u00e8nementielle<\/a>\u00a0avec gestion douani\u00e8re des stands, \u00e9quipements techniques, supports marketing, pi\u00e8ces de d\u00e9monstration, catalogues, mat\u00e9riels audiovisuels ou \u00e9l\u00e9ments de d\u00e9coration import\u00e9s pour l&rsquo;\u00e9v\u00e8nement. Mais aussi un ensemble de prestations transport et logistique avec le d\u00e9partement <a href=\"https:\/\/www.mathez-onsite-logistics.com\/\">MATHEZ ONSITE LOGISTICS<\/a><\/li><li>R\u00e9alisation des formalit\u00e9s douani\u00e8res sp\u00e9cifiques au <a href=\"https:\/\/www.mathezfreight.com\/fr\/blog\/douane-cannes-monaco-boat-shows\/\">yachting sur\u00a0les boat shows<\/a>, les chantiers de refit, les achats\/ventes ou autres situations particuli\u00e8res, mais aussi <a href=\"https:\/\/www.mathezfreight.com\/fr\/services\/agent-maritime\/\">transport de bateaux<\/a>, et <a href=\"https:\/\/www.demarches-plaisance.net\/\">d\u00e9marches plaisance<\/a>.<\/li><\/ul>\t\t\t\t\t\t\t\t<\/div>\n\t\t\t\t<\/div>\n\t\t\t\t\t<\/div>\n\t\t<\/div>\n\t\t\t\t\t<\/div>\n\t\t<\/section>\n\t\t\t\t<div class=\"elementor-element elementor-element-4d745d2 elementor-widget elementor-widget-spacer\" data-id=\"4d745d2\" data-element_type=\"widget\" data-e-type=\"widget\" data-widget_type=\"spacer.default\">\n\t\t\t\t<div class=\"elementor-widget-container\">\n\t\t\t\t\t\t\t<div class=\"elementor-spacer\">\n\t\t\t<div class=\"elementor-spacer-inner\"><\/div>\n\t\t<\/div>\n\t\t\t\t\t\t<\/div>\n\t\t\t\t<\/div>\n\t\t\t\t\t<\/div>\n\t\t<\/div>\n\t\t\t\t\t<\/div>\n\t\t<\/div>\n\t\t\t\t<div class=\"elementor-section elementor-top-section elementor-element elementor-element-cce3a6d mti-beau-gosse elementor-section-boxed elementor-section-height-default elementor-section-height-default default-style elementor-invisible\" data-id=\"cce3a6d\" data-element_type=\"section\" data-e-type=\"section\" data-settings=\"{&quot;animation&quot;:&quot;fadeIn&quot;,&quot;rt_color_sets&quot;:&quot;default-style&quot;}\">\n\t\t\t\t\t\t<div class=\"elementor-container elementor-column-gap-default\">\n\t\t\t\t\t<div class=\"elementor-column elementor-col-33 elementor-top-column elementor-element elementor-element-6d777df\" data-id=\"6d777df\" data-element_type=\"column\" data-e-type=\"column\">\n\t\t\t<div class=\"elementor-widget-wrap elementor-element-populated\">\n\t\t\t\t\t\t<div class=\"elementor-element elementor-element-db03397 aligncenter elementor-hidden-phone elementor-widget elementor-widget-image\" data-id=\"db03397\" data-element_type=\"widget\" data-e-type=\"widget\" data-widget_type=\"image.default\">\n\t\t\t\t<div class=\"elementor-widget-container\">\n\t\t\t\t\t\t\t\t\t\t\t\t\t\t\t<img decoding=\"async\" width=\"250\" height=\"375\" src=\"https:\/\/www.mathezfreight.com\/wp-content\/uploads\/photo-helene-plaquet-2020-1-250x375.png\" class=\"attachment-mti-medium-portrait size-mti-medium-portrait wp-image-46907\" alt=\"\" srcset=\"https:\/\/www.mathezfreight.com\/wp-content\/uploads\/photo-helene-plaquet-2020-1.png 250w, https:\/\/www.mathezfreight.com\/wp-content\/uploads\/photo-helene-plaquet-2020-1-125x187.png 125w\" sizes=\"(max-width: 250px) 100vw, 250px\" \/>\t\t\t\t\t\t\t\t\t\t\t\t\t\t\t<\/div>\n\t\t\t\t<\/div>\n\t\t\t\t\t<\/div>\n\t\t<\/div>\n\t\t\t\t<div class=\"elementor-column elementor-col-66 elementor-top-column elementor-element elementor-element-92a7442\" data-id=\"92a7442\" data-element_type=\"column\" data-e-type=\"column\">\n\t\t\t<div class=\"elementor-widget-wrap elementor-element-populated\">\n\t\t\t\t\t\t<div class=\"elementor-element elementor-element-bdbf158 elementor-widget elementor-widget-text-editor\" data-id=\"bdbf158\" data-element_type=\"widget\" data-e-type=\"widget\" data-widget_type=\"text-editor.default\">\n\t\t\t\t<div class=\"elementor-widget-container\">\n\t\t\t\t\t\t\t\t\t<blockquote><p data-pm-slice=\"1 1 []\">Contactez nos sp\u00e9cialistes douane et \u00e9v\u00e9nementiel pour s\u00e9curiser la logistique et les formalit\u00e9s douani\u00e8res de vos stands et \u00e9quipements\u00a0ou sur tout <a href=\"https:\/\/www.mathez-onsite-logistics.com\/fr\/salons-cote-dazur\/\" target=\"_blank\" rel=\"noopener\">\u00e9v\u00e9nement et salon sur la C\u00f4te d\u2019Azur<\/a> ou \u00e0 Paris.<\/p><\/blockquote><div style=\"text-align: left;\"><span style=\"color: #203669;\"><strong>H\u00e9l\u00e8ne Plaquet,<\/strong><\/span> <span style=\"color: #009f98;\"><strong>MATHEZ FREIGHT<\/strong><\/span><\/div>\t\t\t\t\t\t\t\t<\/div>\n\t\t\t\t<\/div>\n\t\t\t\t\t<\/div>\n\t\t<\/div>\n\t\t\t\t\t<\/div>\n\t\t<\/div>\n\t\t\t\t<aside class=\"elementor-section elementor-top-section elementor-element elementor-element-2637aff mti-social-bar bottom elementor-section-boxed elementor-section-height-default elementor-section-height-default default-style elementor-invisible\" data-id=\"2637aff\" data-element_type=\"section\" data-e-type=\"section\" data-settings=\"{&quot;animation&quot;:&quot;fadeIn&quot;,&quot;rt_color_sets&quot;:&quot;default-style&quot;}\">\n\t\t\t\t\t\t<div class=\"elementor-container elementor-column-gap-default\">\n\t\t\t\t\t<div class=\"elementor-column elementor-col-100 elementor-top-column elementor-element elementor-element-7e2d51c\" data-id=\"7e2d51c\" data-element_type=\"column\" data-e-type=\"column\">\n\t\t\t<div class=\"elementor-widget-wrap elementor-element-populated\">\n\t\t\t\t\t\t<div class=\"elementor-element elementor-element-ec97e6d elementor-share-buttons--view-icon elementor-share-buttons--skin-flat elementor-share-buttons--shape-square elementor-grid-0 elementor-share-buttons--color-official elementor-invisible elementor-widget elementor-widget-share-buttons\" data-id=\"ec97e6d\" data-element_type=\"widget\" data-e-type=\"widget\" data-settings=\"{&quot;_animation&quot;:&quot;fadeInLeft&quot;}\" data-widget_type=\"share-buttons.default\">\n\t\t\t\t<div class=\"elementor-widget-container\">\n\t\t\t\t\t\t\t<div class=\"elementor-grid\" role=\"list\">\n\t\t\t\t\t\t\t\t<div class=\"elementor-grid-item\" role=\"listitem\">\n\t\t\t\t\t\t<div class=\"elementor-share-btn elementor-share-btn_email\" role=\"button\" tabindex=\"0\" aria-label=\"Partager sur email\">\n\t\t\t\t\t\t\t\t\t\t\t\t\t\t\t<span class=\"elementor-share-btn__icon\">\n\t\t\t\t\t\t\t\t<i class=\"fas fa-envelope\" aria-hidden=\"true\"><\/i>\t\t\t\t\t\t\t<\/span>\n\t\t\t\t\t\t\t\t\t\t\t\t\t\t\t\t\t\t\t\t<\/div>\n\t\t\t\t\t<\/div>\n\t\t\t\t\t\t\t\t\t<div class=\"elementor-grid-item\" role=\"listitem\">\n\t\t\t\t\t\t<div class=\"elementor-share-btn elementor-share-btn_linkedin\" role=\"button\" tabindex=\"0\" aria-label=\"Partager sur linkedin\">\n\t\t\t\t\t\t\t\t\t\t\t\t\t\t\t<span class=\"elementor-share-btn__icon\">\n\t\t\t\t\t\t\t\t<i class=\"fab fa-linkedin\" aria-hidden=\"true\"><\/i>\t\t\t\t\t\t\t<\/span>\n\t\t\t\t\t\t\t\t\t\t\t\t\t\t\t\t\t\t\t\t<\/div>\n\t\t\t\t\t<\/div>\n\t\t\t\t\t\t\t\t\t<div class=\"elementor-grid-item\" role=\"listitem\">\n\t\t\t\t\t\t<div class=\"elementor-share-btn elementor-share-btn_twitter\" role=\"button\" tabindex=\"0\" aria-label=\"Partager sur twitter\">\n\t\t\t\t\t\t\t\t\t\t\t\t\t\t\t<span class=\"elementor-share-btn__icon\">\n\t\t\t\t\t\t\t\t<i class=\"fab fa-twitter\" aria-hidden=\"true\"><\/i>\t\t\t\t\t\t\t<\/span>\n\t\t\t\t\t\t\t\t\t\t\t\t\t\t\t\t\t\t\t\t<\/div>\n\t\t\t\t\t<\/div>\n\t\t\t\t\t\t\t\t\t<div class=\"elementor-grid-item\" role=\"listitem\">\n\t\t\t\t\t\t<div class=\"elementor-share-btn elementor-share-btn_facebook\" role=\"button\" tabindex=\"0\" aria-label=\"Partager sur facebook\">\n\t\t\t\t\t\t\t\t\t\t\t\t\t\t\t<span class=\"elementor-share-btn__icon\">\n\t\t\t\t\t\t\t\t<i class=\"fab fa-facebook\" aria-hidden=\"true\"><\/i>\t\t\t\t\t\t\t<\/span>\n\t\t\t\t\t\t\t\t\t\t\t\t\t\t\t\t\t\t\t\t<\/div>\n\t\t\t\t\t<\/div>\n\t\t\t\t\t\t\t\t\t<div class=\"elementor-grid-item\" role=\"listitem\">\n\t\t\t\t\t\t<div class=\"elementor-share-btn elementor-share-btn_print\" role=\"button\" tabindex=\"0\" aria-label=\"Partager sur print\">\n\t\t\t\t\t\t\t\t\t\t\t\t\t\t\t<span class=\"elementor-share-btn__icon\">\n\t\t\t\t\t\t\t\t<i class=\"fas fa-print\" aria-hidden=\"true\"><\/i>\t\t\t\t\t\t\t<\/span>\n\t\t\t\t\t\t\t\t\t\t\t\t\t\t\t\t\t\t\t\t<\/div>\n\t\t\t\t\t<\/div>\n\t\t\t\t\t\t<\/div>\n\t\t\t\t\t\t<\/div>\n\t\t\t\t<\/div>\n\t\t\t\t\t<\/div>\n\t\t<\/div>\n\t\t\t\t\t<\/div>\n\t\t<\/aside>\n\t\t\t\t<aside class=\"elementor-section elementor-top-section elementor-element elementor-element-030b571 mti-blog-grid single-post-bottom elementor-section-boxed elementor-section-height-default elementor-section-height-default default-style elementor-invisible\" data-id=\"030b571\" data-element_type=\"section\" data-e-type=\"section\" id=\"mti-blog-grid\" data-settings=\"{&quot;animation&quot;:&quot;fadeIn&quot;,&quot;rt_color_sets&quot;:&quot;default-style&quot;}\">\n\t\t\t\t\t\t<div class=\"elementor-container elementor-column-gap-default\">\n\t\t\t\t\t<div class=\"elementor-column elementor-col-100 elementor-top-column elementor-element elementor-element-dbe2e0f\" data-id=\"dbe2e0f\" data-element_type=\"column\" data-e-type=\"column\">\n\t\t\t<div class=\"elementor-widget-wrap elementor-element-populated\">\n\t\t\t\t\t\t<div class=\"elementor-element elementor-element-9e78f33 elementor-widget elementor-widget-heading\" data-id=\"9e78f33\" data-element_type=\"widget\" data-e-type=\"widget\" data-widget_type=\"heading.default\">\n\t\t\t\t<div class=\"elementor-widget-container\">\n\t\t\t\t\t<h3 class=\"elementor-heading-title elementor-size-default\">Voir aussi:<\/h3>\t\t\t\t<\/div>\n\t\t\t\t<\/div>\n\t\t\t\t<div class=\"elementor-element elementor-element-36baec8 elementor-widget elementor-widget-lae-posts-carousel\" data-id=\"36baec8\" data-element_type=\"widget\" data-e-type=\"widget\" data-widget_type=\"lae-posts-carousel.default\">\n\t\t\t\t<div class=\"elementor-widget-container\">\n\t\t\t\t\t\n<div        id=\"lae-posts-carousel-69f0a9cdd1f2a\"\n        class=\"lae-posts-carousel lae-container lae-classic-skin\"\n        data-settings='{&quot;arrows&quot;:false,&quot;dots&quot;:true,&quot;autoplay&quot;:false,&quot;autoplay_speed&quot;:3000,&quot;animation_speed&quot;:300,&quot;pause_on_hover&quot;:true,&quot;adaptive_height&quot;:false,&quot;display_columns&quot;:4,&quot;scroll_columns&quot;:3,&quot;gutter&quot;:10,&quot;tablet_width&quot;:800,&quot;tablet_display_columns&quot;:2,&quot;tablet_scroll_columns&quot;:2,&quot;tablet_gutter&quot;:10,&quot;mobile_width&quot;:480,&quot;mobile_display_columns&quot;:1,&quot;mobile_scroll_columns&quot;:1,&quot;mobile_gutter&quot;:10}'>\n<div data-id=\"id-67572\" class=\"lae-posts-carousel-item\">\n\n    <article id=\"post-67572\" class=\"post-67572 post type-post status-publish format-standard has-post-thumbnail hentry category-fret-mode-demploi tag-douane tag-transport-voitures tag-tva cibles-une cibles-agences-sud cibles-douane cibles-tva cibles-voitures\">\n\n        \n            \n            \n            \n                <div class=\"lae-project-image\">\n\n                    \n                    \n                    \n                        <a href=\"https:\/\/www.mathezfreight.com\/fr\/blog\/auto-export-ferry-douane-tva-maghreb\/\"><img decoding=\"async\" width=\"274\" height=\"183\" src=\"https:\/\/www.mathezfreight.com\/wp-content\/uploads\/photo-car-ferry-maghreb-274x183.jpg\" class=\"lae-image attachment-mti-small-classic size-mti-small-classic\" alt=\"photo-car-ferry-maghreb\" title=\"Export de voitures vers le Maghreb\" srcset=\"https:\/\/www.mathezfreight.com\/wp-content\/uploads\/photo-car-ferry-maghreb-274x183.jpg 274w, https:\/\/www.mathezfreight.com\/wp-content\/uploads\/photo-car-ferry-maghreb-600x400.jpg 600w, https:\/\/www.mathezfreight.com\/wp-content\/uploads\/photo-car-ferry-maghreb-1100x733.jpg 1100w, https:\/\/www.mathezfreight.com\/wp-content\/uploads\/photo-car-ferry-maghreb-768x512.jpg 768w, https:\/\/www.mathezfreight.com\/wp-content\/uploads\/photo-car-ferry-maghreb-375x250.jpg 375w, https:\/\/www.mathezfreight.com\/wp-content\/uploads\/photo-car-ferry-maghreb-1200x800.jpg 1200w, https:\/\/www.mathezfreight.com\/wp-content\/uploads\/photo-car-ferry-maghreb-610x406.jpg 610w, https:\/\/www.mathezfreight.com\/wp-content\/uploads\/photo-car-ferry-maghreb.jpg 1220w\" sizes=\"(max-width: 274px) 100vw, 274px\" \/><\/a>\n\n                    \n                    \n                        <div class=\"lae-image-info\">\n\n                            <div class=\"lae-entry-info\">\n\n                                \n                                    <h3 class=\"lae-post-title\">\n\n                                        <a href=\"https:\/\/www.mathezfreight.com\/fr\/blog\/auto-export-ferry-douane-tva-maghreb\/\" title=\"Export de voitures vers Alg\u00e9rie, Maroc ou Tunisie: pourquoi passer par un transitaire en douane en 2026\"\n                                           rel=\"bookmark\">Export de voitures vers Alg\u00e9rie, Maroc ou Tunisie: pourquoi passer par un transitaire en douane en 2026<\/a>\n\n                                    <\/h3>\n\n                                \n                                \n                                    <span class=\"lae-terms\"><a href=\"https:\/\/www.mathezfreight.com\/fr\/blog\/categorie\/fret-mode-demploi\/\">Fret Mode d'Emploi<\/a><\/span>\n                                \n                            <\/div>\n\n                        <\/div><!-- .lae-image-info -->\n\n                    \n                <\/div>\n\n            \n            \n                <div class=\"lae-entry-text-wrap \">\n\n                    \n                        <h3 class=\"entry-title\">\n\n                            <a href=\"https:\/\/www.mathezfreight.com\/fr\/blog\/auto-export-ferry-douane-tva-maghreb\/\" title=\"Export de voitures vers Alg\u00e9rie, Maroc ou Tunisie: pourquoi passer par un transitaire en douane en 2026\"\n                               rel=\"bookmark\">Export de voitures vers Alg\u00e9rie, Maroc ou Tunisie: pourquoi passer par un transitaire en douane en 2026<\/a>\n\n                        <\/h3>\n\n                    \n                    \n                    \n                    \n                <\/div>\n\n            \n        \n    <\/article><!-- .hentry -->\n\n<\/div><!-- .lae-posts-carousel-item -->\n<div data-id=\"id-67142\" class=\"lae-posts-carousel-item\">\n\n    <article id=\"post-67142\" class=\"post-67142 post type-post status-publish format-standard has-post-thumbnail hentry category-fret-mode-demploi tag-douane tag-tva cibles-une cibles-agences-sud cibles-douane cibles-congres cibles-tva\">\n\n        \n            \n            \n            \n                <div class=\"lae-project-image\">\n\n                    \n                    \n                    \n                        <a href=\"https:\/\/www.mathezfreight.com\/fr\/blog\/suspension-douane-tva-salons-congres\/\"><img decoding=\"async\" width=\"274\" height=\"183\" src=\"https:\/\/www.mathezfreight.com\/wp-content\/uploads\/photo-onsite-salons-congres-274x183.jpg\" class=\"lae-image attachment-mti-small-classic size-mti-small-classic\" alt=\"Salons et congr\u00e8s : douane et TVA\" title=\"Salons et congr\u00e8s : douane et TVA\" srcset=\"https:\/\/www.mathezfreight.com\/wp-content\/uploads\/photo-onsite-salons-congres-274x183.jpg 274w, https:\/\/www.mathezfreight.com\/wp-content\/uploads\/photo-onsite-salons-congres-600x400.jpg 600w, https:\/\/www.mathezfreight.com\/wp-content\/uploads\/photo-onsite-salons-congres-1100x733.jpg 1100w, https:\/\/www.mathezfreight.com\/wp-content\/uploads\/photo-onsite-salons-congres-768x512.jpg 768w, https:\/\/www.mathezfreight.com\/wp-content\/uploads\/photo-onsite-salons-congres-375x250.jpg 375w, https:\/\/www.mathezfreight.com\/wp-content\/uploads\/photo-onsite-salons-congres-1200x800.jpg 1200w, https:\/\/www.mathezfreight.com\/wp-content\/uploads\/photo-onsite-salons-congres-610x406.jpg 610w, https:\/\/www.mathezfreight.com\/wp-content\/uploads\/photo-onsite-salons-congres.jpg 1220w\" sizes=\"(max-width: 274px) 100vw, 274px\" \/><\/a>\n\n                    \n                    \n                        <div class=\"lae-image-info\">\n\n                            <div class=\"lae-entry-info\">\n\n                                \n                                    <h3 class=\"lae-post-title\">\n\n                                        <a href=\"https:\/\/www.mathezfreight.com\/fr\/blog\/suspension-douane-tva-salons-congres\/\" title=\"Suspension de droits de douane et TVA sur les salons et congr\u00e8s: comment \u00e7a marche?\"\n                                           rel=\"bookmark\">Suspension de droits de douane et TVA sur les salons et congr\u00e8s: comment \u00e7a marche?<\/a>\n\n                                    <\/h3>\n\n                                \n                                \n                                    <span class=\"lae-terms\"><a href=\"https:\/\/www.mathezfreight.com\/fr\/blog\/categorie\/fret-mode-demploi\/\">Fret Mode d'Emploi<\/a><\/span>\n                                \n                            <\/div>\n\n                        <\/div><!-- .lae-image-info -->\n\n                    \n                <\/div>\n\n            \n            \n                <div class=\"lae-entry-text-wrap \">\n\n                    \n                        <h3 class=\"entry-title\">\n\n                            <a href=\"https:\/\/www.mathezfreight.com\/fr\/blog\/suspension-douane-tva-salons-congres\/\" title=\"Suspension de droits de douane et TVA sur les salons et congr\u00e8s: comment \u00e7a marche?\"\n                               rel=\"bookmark\">Suspension de droits de douane et TVA sur les salons et congr\u00e8s: comment \u00e7a marche?<\/a>\n\n                        <\/h3>\n\n                    \n                    \n                    \n                    \n                <\/div>\n\n            \n        \n    <\/article><!-- .hentry -->\n\n<\/div><!-- .lae-posts-carousel-item -->\n<div data-id=\"id-66861\" class=\"lae-posts-carousel-item\">\n\n    <article id=\"post-66861\" class=\"post-66861 post type-post status-publish format-standard has-post-thumbnail hentry category-fret-mode-demploi tag-douane tag-tva cibles-une cibles-agences-sud cibles-douane cibles-import cibles-congres cibles-tva cibles-yachts\">\n\n        \n            \n            \n            \n                <div class=\"lae-project-image\">\n\n                    \n                    \n                    \n                        <a href=\"https:\/\/www.mathezfreight.com\/fr\/blog\/douane-cannes-monaco-boat-shows\/\"><img decoding=\"async\" width=\"274\" height=\"183\" src=\"https:\/\/www.mathezfreight.com\/wp-content\/uploads\/photo-cannes-monaco-boat-shows-douane-274x183.jpg\" class=\"lae-image attachment-mti-small-classic size-mti-small-classic\" alt=\"photo-cannes-monaco-boat-shows-douane\" title=\"Yacht de luxe naviguant en mer M\u00e9diterran\u00e9e, conformit\u00e9 douani\u00e8re assur\u00e9e.\" srcset=\"https:\/\/www.mathezfreight.com\/wp-content\/uploads\/photo-cannes-monaco-boat-shows-douane-274x183.jpg 274w, https:\/\/www.mathezfreight.com\/wp-content\/uploads\/photo-cannes-monaco-boat-shows-douane-600x400.jpg 600w, https:\/\/www.mathezfreight.com\/wp-content\/uploads\/photo-cannes-monaco-boat-shows-douane-1100x733.jpg 1100w, https:\/\/www.mathezfreight.com\/wp-content\/uploads\/photo-cannes-monaco-boat-shows-douane-768x512.jpg 768w, https:\/\/www.mathezfreight.com\/wp-content\/uploads\/photo-cannes-monaco-boat-shows-douane-375x250.jpg 375w, https:\/\/www.mathezfreight.com\/wp-content\/uploads\/photo-cannes-monaco-boat-shows-douane-1200x800.jpg 1200w, https:\/\/www.mathezfreight.com\/wp-content\/uploads\/photo-cannes-monaco-boat-shows-douane-610x406.jpg 610w, https:\/\/www.mathezfreight.com\/wp-content\/uploads\/photo-cannes-monaco-boat-shows-douane.jpg 1220w\" sizes=\"(max-width: 274px) 100vw, 274px\" \/><\/a>\n\n                    \n                    \n                        <div class=\"lae-image-info\">\n\n                            <div class=\"lae-entry-info\">\n\n                                \n                                    <h3 class=\"lae-post-title\">\n\n                                        <a href=\"https:\/\/www.mathezfreight.com\/fr\/blog\/douane-cannes-monaco-boat-shows\/\" title=\"Cannes et Monaco Boat Shows: la douane en toute conformit\u00e9\"\n                                           rel=\"bookmark\">Cannes et Monaco Boat Shows: la douane en toute conformit\u00e9<\/a>\n\n                                    <\/h3>\n\n                                \n                                \n                                    <span class=\"lae-terms\"><a href=\"https:\/\/www.mathezfreight.com\/fr\/blog\/categorie\/fret-mode-demploi\/\">Fret Mode d'Emploi<\/a><\/span>\n                                \n                            <\/div>\n\n                        <\/div><!-- .lae-image-info -->\n\n                    \n                <\/div>\n\n            \n            \n                <div class=\"lae-entry-text-wrap \">\n\n                    \n                        <h3 class=\"entry-title\">\n\n                            <a href=\"https:\/\/www.mathezfreight.com\/fr\/blog\/douane-cannes-monaco-boat-shows\/\" title=\"Cannes et Monaco Boat Shows: la douane en toute conformit\u00e9\"\n                               rel=\"bookmark\">Cannes et Monaco Boat Shows: la douane en toute conformit\u00e9<\/a>\n\n                        <\/h3>\n\n                    \n                    \n                    \n                    \n                <\/div>\n\n            \n        \n    <\/article><!-- .hentry -->\n\n<\/div><!-- .lae-posts-carousel-item -->\n<div data-id=\"id-63722\" class=\"lae-posts-carousel-item\">\n\n    <article id=\"post-63722\" class=\"post-63722 post type-post status-publish format-standard has-post-thumbnail hentry category-fret-mode-demploi category-operations tag-douane cibles-agences-nord cibles-douane cibles-maritime\">\n\n        \n            \n            \n            \n                <div class=\"lae-project-image\">\n\n                    \n                    \n                    \n                        <a href=\"https:\/\/www.mathezfreight.com\/fr\/blog\/delta-ie-import-transition-et-nouveautes\/\"><img decoding=\"async\" width=\"274\" height=\"183\" src=\"https:\/\/www.mathezfreight.com\/wp-content\/uploads\/photo-delta-ie-bascule-274x183.jpg\" class=\"lae-image attachment-mti-small-classic size-mti-small-classic\" alt=\"photo-delta-ie-bascule\" title=\"photo-delta-ie-bascule\" srcset=\"https:\/\/www.mathezfreight.com\/wp-content\/uploads\/photo-delta-ie-bascule-274x183.jpg 274w, https:\/\/www.mathezfreight.com\/wp-content\/uploads\/photo-delta-ie-bascule-375x250.jpg 375w\" sizes=\"(max-width: 274px) 100vw, 274px\" \/><\/a>\n\n                    \n                    \n                        <div class=\"lae-image-info\">\n\n                            <div class=\"lae-entry-info\">\n\n                                \n                                    <h3 class=\"lae-post-title\">\n\n                                        <a href=\"https:\/\/www.mathezfreight.com\/fr\/blog\/delta-ie-import-transition-et-nouveautes\/\" title=\"Delta IE Import: transition et nouveaut\u00e9s\"\n                                           rel=\"bookmark\">Delta IE Import: transition et nouveaut\u00e9s<\/a>\n\n                                    <\/h3>\n\n                                \n                                \n                                    <span class=\"lae-terms\"><a href=\"https:\/\/www.mathezfreight.com\/fr\/blog\/categorie\/fret-mode-demploi\/\">Fret Mode d'Emploi<\/a>, <a href=\"https:\/\/www.mathezfreight.com\/fr\/blog\/categorie\/operations\/\">Op\u00e9rations<\/a><\/span>\n                                \n                            <\/div>\n\n                        <\/div><!-- .lae-image-info -->\n\n                    \n                <\/div>\n\n            \n            \n                <div class=\"lae-entry-text-wrap \">\n\n                    \n                        <h3 class=\"entry-title\">\n\n                            <a href=\"https:\/\/www.mathezfreight.com\/fr\/blog\/delta-ie-import-transition-et-nouveautes\/\" title=\"Delta IE Import: transition et nouveaut\u00e9s\"\n                               rel=\"bookmark\">Delta IE Import: transition et nouveaut\u00e9s<\/a>\n\n                        <\/h3>\n\n                    \n                    \n                    \n                    \n                <\/div>\n\n            \n        \n    <\/article><!-- .hentry -->\n\n<\/div><!-- .lae-posts-carousel-item -->\n<div data-id=\"id-65262\" class=\"lae-posts-carousel-item\">\n\n    <article id=\"post-65262\" class=\"post-65262 post type-post status-publish format-standard has-post-thumbnail hentry category-fret-mode-demploi tag-decarbonation tag-douane cibles-une cibles-agences-nord cibles-aromes cibles-douane cibles-import\">\n\n        \n            \n            \n            \n                <div class=\"lae-project-image\">\n\n                    \n                    \n                    \n                        <a href=\"https:\/\/www.mathezfreight.com\/fr\/blog\/rdue-deforestation-douane-2026-2027\/\"><img decoding=\"async\" width=\"274\" height=\"183\" src=\"https:\/\/www.mathezfreight.com\/wp-content\/uploads\/photo-forets-rdue-depositphotos_170188894_l-274x183.jpg\" class=\"lae-image attachment-mti-small-classic size-mti-small-classic\" alt=\"RDUE r\u00e9glement d\u00e9forestation UE\" title=\"RDUE r\u00e9glement d\u00e9forestation UE\" srcset=\"https:\/\/www.mathezfreight.com\/wp-content\/uploads\/photo-forets-rdue-depositphotos_170188894_l-274x183.jpg 274w, https:\/\/www.mathezfreight.com\/wp-content\/uploads\/photo-forets-rdue-depositphotos_170188894_l-600x400.jpg 600w, https:\/\/www.mathezfreight.com\/wp-content\/uploads\/photo-forets-rdue-depositphotos_170188894_l-1100x733.jpg 1100w, https:\/\/www.mathezfreight.com\/wp-content\/uploads\/photo-forets-rdue-depositphotos_170188894_l-768x512.jpg 768w, https:\/\/www.mathezfreight.com\/wp-content\/uploads\/photo-forets-rdue-depositphotos_170188894_l-375x250.jpg 375w, https:\/\/www.mathezfreight.com\/wp-content\/uploads\/photo-forets-rdue-depositphotos_170188894_l-1200x800.jpg 1200w, https:\/\/www.mathezfreight.com\/wp-content\/uploads\/photo-forets-rdue-depositphotos_170188894_l-610x406.jpg 610w, https:\/\/www.mathezfreight.com\/wp-content\/uploads\/photo-forets-rdue-depositphotos_170188894_l.jpg 1220w\" sizes=\"(max-width: 274px) 100vw, 274px\" \/><\/a>\n\n                    \n                    \n                        <div class=\"lae-image-info\">\n\n                            <div class=\"lae-entry-info\">\n\n                                \n                                    <h3 class=\"lae-post-title\">\n\n                                        <a href=\"https:\/\/www.mathezfreight.com\/fr\/blog\/rdue-deforestation-douane-2026-2027\/\" title=\"R\u00e9glement contre la d\u00e9forestation de l&rsquo;UE (RDUE): anticipez vos obligations douani\u00e8res 2026-2027\"\n                                           rel=\"bookmark\">R\u00e9glement contre la d\u00e9forestation de l&rsquo;UE (RDUE): anticipez vos obligations douani\u00e8res 2026-2027<\/a>\n\n                                    <\/h3>\n\n                                \n                                \n                                    <span class=\"lae-terms\"><a href=\"https:\/\/www.mathezfreight.com\/fr\/blog\/categorie\/fret-mode-demploi\/\">Fret Mode d'Emploi<\/a><\/span>\n                                \n                            <\/div>\n\n                        <\/div><!-- .lae-image-info -->\n\n                    \n                <\/div>\n\n            \n            \n                <div class=\"lae-entry-text-wrap \">\n\n                    \n                        <h3 class=\"entry-title\">\n\n                            <a href=\"https:\/\/www.mathezfreight.com\/fr\/blog\/rdue-deforestation-douane-2026-2027\/\" title=\"R\u00e9glement contre la d\u00e9forestation de l&rsquo;UE (RDUE): anticipez vos obligations douani\u00e8res 2026-2027\"\n                               rel=\"bookmark\">R\u00e9glement contre la d\u00e9forestation de l&rsquo;UE (RDUE): anticipez vos obligations douani\u00e8res 2026-2027<\/a>\n\n                        <\/h3>\n\n                    \n                    \n                    \n                    \n                <\/div>\n\n            \n        \n    <\/article><!-- .hentry -->\n\n<\/div><!-- .lae-posts-carousel-item -->\n<div data-id=\"id-35953\" class=\"lae-posts-carousel-item\">\n\n    <article id=\"post-35953\" class=\"post-35953 post type-post status-publish format-standard has-post-thumbnail hentry category-fret-mode-demploi tag-douane cibles-une cibles-agences-nord cibles-agences-sud cibles-douane cibles-import\">\n\n        \n            \n            \n            \n                <div class=\"lae-project-image\">\n\n                    \n                    \n                    \n                        <a href=\"https:\/\/www.mathezfreight.com\/fr\/blog\/codes-douaniers-tarif-douanier\/\"><img decoding=\"async\" width=\"274\" height=\"183\" src=\"https:\/\/www.mathezfreight.com\/wp-content\/uploads\/photo-code-douanier-2020-274x183.jpg\" class=\"lae-image attachment-mti-small-classic size-mti-small-classic\" alt=\"Code douanier : le trouver dans le Tarif douanier 2026\" title=\"Code douanier : le trouver dans le Tarif douanier 2026\" srcset=\"https:\/\/www.mathezfreight.com\/wp-content\/uploads\/photo-code-douanier-2020-274x183.jpg 274w, https:\/\/www.mathezfreight.com\/wp-content\/uploads\/photo-code-douanier-2020-375x250.jpg 375w, https:\/\/www.mathezfreight.com\/wp-content\/uploads\/photo-code-douanier-2020-1200x800.jpg 1200w\" sizes=\"(max-width: 274px) 100vw, 274px\" \/><\/a>\n\n                    \n                    \n                        <div class=\"lae-image-info\">\n\n                            <div class=\"lae-entry-info\">\n\n                                \n                                    <h3 class=\"lae-post-title\">\n\n                                        <a href=\"https:\/\/www.mathezfreight.com\/fr\/blog\/codes-douaniers-tarif-douanier\/\" title=\"Comment v\u00e9rifier vos codes et tarifs  douaniers en 2026?\"\n                                           rel=\"bookmark\">Comment v\u00e9rifier vos codes et tarifs  douaniers en 2026?<\/a>\n\n                                    <\/h3>\n\n                                \n                                \n                                    <span class=\"lae-terms\"><a href=\"https:\/\/www.mathezfreight.com\/fr\/blog\/categorie\/fret-mode-demploi\/\">Fret Mode d'Emploi<\/a><\/span>\n                                \n                            <\/div>\n\n                        <\/div><!-- .lae-image-info -->\n\n                    \n                <\/div>\n\n            \n            \n                <div class=\"lae-entry-text-wrap \">\n\n                    \n                        <h3 class=\"entry-title\">\n\n                            <a href=\"https:\/\/www.mathezfreight.com\/fr\/blog\/codes-douaniers-tarif-douanier\/\" title=\"Comment v\u00e9rifier vos codes et tarifs  douaniers en 2026?\"\n                               rel=\"bookmark\">Comment v\u00e9rifier vos codes et tarifs  douaniers en 2026?<\/a>\n\n                        <\/h3>\n\n                    \n                    \n                    \n                    \n                <\/div>\n\n            \n        \n    <\/article><!-- .hentry -->\n\n<\/div><!-- .lae-posts-carousel-item -->\n<div data-id=\"id-51490\" class=\"lae-posts-carousel-item\">\n\n    <article id=\"post-51490\" class=\"post-51490 post type-post status-publish format-standard has-post-thumbnail hentry category-fret-mode-demploi tag-douane tag-international cibles-une cibles-agences-nord cibles-douane cibles-import\">\n\n        \n            \n            \n            \n                <div class=\"lae-project-image\">\n\n                    \n                    \n                    \n                        <a href=\"https:\/\/www.mathezfreight.com\/fr\/blog\/numeros-eori-ce-qui-change-en-2024-et-2026-en-france\/\"><img decoding=\"async\" width=\"274\" height=\"183\" src=\"https:\/\/www.mathezfreight.com\/wp-content\/uploads\/photo-eori-france-2024-2026-274x183.png\" class=\"lae-image attachment-mti-small-classic size-mti-small-classic\" alt=\"photo-eori-france-2024-2026\" title=\"Num\u00e9ros EORI: les changements 2024-2026\" srcset=\"https:\/\/www.mathezfreight.com\/wp-content\/uploads\/photo-eori-france-2024-2026-274x183.png 274w, https:\/\/www.mathezfreight.com\/wp-content\/uploads\/photo-eori-france-2024-2026-375x250.png 375w, https:\/\/www.mathezfreight.com\/wp-content\/uploads\/photo-eori-france-2024-2026-1200x800.png 1200w, https:\/\/www.mathezfreight.com\/wp-content\/uploads\/photo-eori-france-2024-2026-25x16.png 25w, https:\/\/www.mathezfreight.com\/wp-content\/uploads\/photo-eori-france-2024-2026-68x45.png 68w\" sizes=\"(max-width: 274px) 100vw, 274px\" \/><\/a>\n\n                    \n                    \n                        <div class=\"lae-image-info\">\n\n                            <div class=\"lae-entry-info\">\n\n                                \n                                    <h3 class=\"lae-post-title\">\n\n                                        <a href=\"https:\/\/www.mathezfreight.com\/fr\/blog\/numeros-eori-ce-qui-change-en-2024-et-2026-en-france\/\" title=\"Num\u00e9ros EORI: ce qui change en 2026\"\n                                           rel=\"bookmark\">Num\u00e9ros EORI: ce qui change en 2026<\/a>\n\n                                    <\/h3>\n\n                                \n                                \n                                    <span class=\"lae-terms\"><a href=\"https:\/\/www.mathezfreight.com\/fr\/blog\/categorie\/fret-mode-demploi\/\">Fret Mode d'Emploi<\/a><\/span>\n                                \n                            <\/div>\n\n                        <\/div><!-- .lae-image-info -->\n\n                    \n                <\/div>\n\n            \n            \n                <div class=\"lae-entry-text-wrap \">\n\n                    \n                        <h3 class=\"entry-title\">\n\n                            <a href=\"https:\/\/www.mathezfreight.com\/fr\/blog\/numeros-eori-ce-qui-change-en-2024-et-2026-en-france\/\" title=\"Num\u00e9ros EORI: ce qui change en 2026\"\n                               rel=\"bookmark\">Num\u00e9ros EORI: ce qui change en 2026<\/a>\n\n                        <\/h3>\n\n                    \n                    \n                    \n                    \n                <\/div>\n\n            \n        \n    <\/article><!-- .hentry -->\n\n<\/div><!-- .lae-posts-carousel-item -->\n<div data-id=\"id-64563\" class=\"lae-posts-carousel-item\">\n\n    <article id=\"post-64563\" class=\"post-64563 post type-post status-publish format-standard has-post-thumbnail hentry category-fret-mode-demploi tag-douane tag-yachting cibles-une cibles-agences-sud cibles-douane cibles-yachts\">\n\n        \n            \n            \n            \n                <div class=\"lae-project-image\">\n\n                    \n                    \n                    \n                        <a href=\"https:\/\/www.mathezfreight.com\/fr\/blog\/admission-temporaire-yachting\/\"><img decoding=\"async\" width=\"274\" height=\"183\" src=\"https:\/\/www.mathezfreight.com\/wp-content\/uploads\/photo_yachts_depositphotos_91479904_l-274x183.jpg\" class=\"lae-image attachment-mti-small-classic size-mti-small-classic\" alt=\"Admission temporaire 18 mois yachting\" title=\"Admission temporaire 18 mois yachting\" srcset=\"https:\/\/www.mathezfreight.com\/wp-content\/uploads\/photo_yachts_depositphotos_91479904_l-274x183.jpg 274w, https:\/\/www.mathezfreight.com\/wp-content\/uploads\/photo_yachts_depositphotos_91479904_l-375x250.jpg 375w\" sizes=\"(max-width: 274px) 100vw, 274px\" \/><\/a>\n\n                    \n                    \n                        <div class=\"lae-image-info\">\n\n                            <div class=\"lae-entry-info\">\n\n                                \n                                    <h3 class=\"lae-post-title\">\n\n                                        <a href=\"https:\/\/www.mathezfreight.com\/fr\/blog\/admission-temporaire-yachting\/\" title=\"Admission Temporaire 18 mois pour yachts: naviguer en Europe sans import ni TVA\"\n                                           rel=\"bookmark\">Admission Temporaire 18 mois pour yachts: naviguer en Europe sans import ni TVA<\/a>\n\n                                    <\/h3>\n\n                                \n                                \n                                    <span class=\"lae-terms\"><a href=\"https:\/\/www.mathezfreight.com\/fr\/blog\/categorie\/fret-mode-demploi\/\">Fret Mode d'Emploi<\/a><\/span>\n                                \n                            <\/div>\n\n                        <\/div><!-- .lae-image-info -->\n\n                    \n                <\/div>\n\n            \n            \n                <div class=\"lae-entry-text-wrap \">\n\n                    \n                        <h3 class=\"entry-title\">\n\n                            <a href=\"https:\/\/www.mathezfreight.com\/fr\/blog\/admission-temporaire-yachting\/\" title=\"Admission Temporaire 18 mois pour yachts: naviguer en Europe sans import ni TVA\"\n                               rel=\"bookmark\">Admission Temporaire 18 mois pour yachts: naviguer en Europe sans import ni TVA<\/a>\n\n                        <\/h3>\n\n                    \n                    \n                    \n                    \n                <\/div>\n\n            \n        \n    <\/article><!-- .hentry -->\n\n<\/div><!-- .lae-posts-carousel-item -->\n<div data-id=\"id-64104\" class=\"lae-posts-carousel-item\">\n\n    <article id=\"post-64104\" class=\"post-64104 post type-post status-publish format-standard has-post-thumbnail hentry category-fret-mode-demploi category-operations tag-decarbonation tag-douane cibles-une cibles-aerien cibles-agences cibles-agences-sud cibles-aromes cibles-import\">\n\n        \n            \n            \n            \n                <div class=\"lae-project-image\">\n\n                    \n                    \n                    \n                        <a href=\"https:\/\/www.mathezfreight.com\/fr\/blog\/aromes-cosmetiques-controle-bio-nice\/\"><img decoding=\"async\" width=\"274\" height=\"183\" src=\"https:\/\/www.mathezfreight.com\/wp-content\/uploads\/photo_epices_bio_nice_depositphotos_610477372_l-274x183.jpg\" class=\"lae-image attachment-mti-small-classic size-mti-small-classic\" alt=\"Import d&rsquo;ingr\u00e9dients aromatiques et cosm\u00e9tiques Bio \u00e0 Nice\" title=\"Import d&#039;ingr\u00e9dients aromatiques et cosm\u00e9tiques Bio \u00e0 Nice\" srcset=\"https:\/\/www.mathezfreight.com\/wp-content\/uploads\/photo_epices_bio_nice_depositphotos_610477372_l-274x183.jpg 274w, https:\/\/www.mathezfreight.com\/wp-content\/uploads\/photo_epices_bio_nice_depositphotos_610477372_l-375x250.jpg 375w\" sizes=\"(max-width: 274px) 100vw, 274px\" \/><\/a>\n\n                    \n                    \n                        <div class=\"lae-image-info\">\n\n                            <div class=\"lae-entry-info\">\n\n                                \n                                    <h3 class=\"lae-post-title\">\n\n                                        <a href=\"https:\/\/www.mathezfreight.com\/fr\/blog\/aromes-cosmetiques-controle-bio-nice\/\" title=\"Les industries ar\u00f4mes et cosm\u00e9tique ont leur contr\u00f4le bio \u00e0 Nice\"\n                                           rel=\"bookmark\">Les industries ar\u00f4mes et cosm\u00e9tique ont leur contr\u00f4le bio \u00e0 Nice<\/a>\n\n                                    <\/h3>\n\n                                \n                                \n                                    <span class=\"lae-terms\"><a href=\"https:\/\/www.mathezfreight.com\/fr\/blog\/categorie\/fret-mode-demploi\/\">Fret Mode d'Emploi<\/a>, <a href=\"https:\/\/www.mathezfreight.com\/fr\/blog\/categorie\/operations\/\">Op\u00e9rations<\/a><\/span>\n                                \n                            <\/div>\n\n                        <\/div><!-- .lae-image-info -->\n\n                    \n                <\/div>\n\n            \n            \n                <div class=\"lae-entry-text-wrap \">\n\n                    \n                        <h3 class=\"entry-title\">\n\n                            <a href=\"https:\/\/www.mathezfreight.com\/fr\/blog\/aromes-cosmetiques-controle-bio-nice\/\" title=\"Les industries ar\u00f4mes et cosm\u00e9tique ont leur contr\u00f4le bio \u00e0 Nice\"\n                               rel=\"bookmark\">Les industries ar\u00f4mes et cosm\u00e9tique ont leur contr\u00f4le bio \u00e0 Nice<\/a>\n\n                        <\/h3>\n\n                    \n                    \n                    \n                    \n                <\/div>\n\n            \n        \n    <\/article><!-- .hentry -->\n\n<\/div><!-- .lae-posts-carousel-item -->\n<div data-id=\"id-63819\" class=\"lae-posts-carousel-item\">\n\n    <article id=\"post-63819\" class=\"post-63819 post type-post status-publish format-standard has-post-thumbnail hentry category-fret-mode-demploi tag-douane cibles-agences-nord cibles-douane\">\n\n        \n            \n            \n            \n                <div class=\"lae-project-image\">\n\n                    \n                    \n                    \n                        <a href=\"https:\/\/www.mathezfreight.com\/fr\/blog\/suspensions-droits-douane\/\"><img decoding=\"async\" width=\"274\" height=\"183\" src=\"https:\/\/www.mathezfreight.com\/wp-content\/uploads\/suspensions-doune-ue-depositphotos_464572314_l-274x183.jpg\" class=\"lae-image attachment-mti-small-classic size-mti-small-classic\" alt=\"Suspension de droits de douane\" title=\"Suspension de droits de douane\" srcset=\"https:\/\/www.mathezfreight.com\/wp-content\/uploads\/suspensions-doune-ue-depositphotos_464572314_l-274x183.jpg 274w, https:\/\/www.mathezfreight.com\/wp-content\/uploads\/suspensions-doune-ue-depositphotos_464572314_l-600x400.jpg 600w, https:\/\/www.mathezfreight.com\/wp-content\/uploads\/suspensions-doune-ue-depositphotos_464572314_l-1100x734.jpg 1100w, https:\/\/www.mathezfreight.com\/wp-content\/uploads\/suspensions-doune-ue-depositphotos_464572314_l-768x512.jpg 768w, https:\/\/www.mathezfreight.com\/wp-content\/uploads\/suspensions-doune-ue-depositphotos_464572314_l-375x250.jpg 375w, https:\/\/www.mathezfreight.com\/wp-content\/uploads\/suspensions-doune-ue-depositphotos_464572314_l-1200x800.jpg 1200w, https:\/\/www.mathezfreight.com\/wp-content\/uploads\/suspensions-doune-ue-depositphotos_464572314_l-610x407.jpg 610w, https:\/\/www.mathezfreight.com\/wp-content\/uploads\/suspensions-doune-ue-depositphotos_464572314_l.jpg 1220w\" sizes=\"(max-width: 274px) 100vw, 274px\" \/><\/a>\n\n                    \n                    \n                        <div class=\"lae-image-info\">\n\n                            <div class=\"lae-entry-info\">\n\n                                \n                                    <h3 class=\"lae-post-title\">\n\n                                        <a href=\"https:\/\/www.mathezfreight.com\/fr\/blog\/suspensions-droits-douane\/\" title=\"Suspensions de droits de douane: vos produits sont-ils concern\u00e9s?\"\n                                           rel=\"bookmark\">Suspensions de droits de douane: vos produits sont-ils concern\u00e9s?<\/a>\n\n                                    <\/h3>\n\n                                \n                                \n                                    <span class=\"lae-terms\"><a href=\"https:\/\/www.mathezfreight.com\/fr\/blog\/categorie\/fret-mode-demploi\/\">Fret Mode d'Emploi<\/a><\/span>\n                                \n                            <\/div>\n\n                        <\/div><!-- .lae-image-info -->\n\n                    \n                <\/div>\n\n            \n            \n                <div class=\"lae-entry-text-wrap \">\n\n                    \n                        <h3 class=\"entry-title\">\n\n                            <a href=\"https:\/\/www.mathezfreight.com\/fr\/blog\/suspensions-droits-douane\/\" title=\"Suspensions de droits de douane: vos produits sont-ils concern\u00e9s?\"\n                               rel=\"bookmark\">Suspensions de droits de douane: vos produits sont-ils concern\u00e9s?<\/a>\n\n                        <\/h3>\n\n                    \n                    \n                    \n                    \n                <\/div>\n\n            \n        \n    <\/article><!-- .hentry -->\n\n<\/div><!-- .lae-posts-carousel-item --><\/div><!-- .lae-posts-carousel -->\t\t\t\t<\/div>\n\t\t\t\t<\/div>\n\t\t\t\t\t<\/div>\n\t\t<\/div>\n\t\t\t\t\t<\/div>\n\t\t<\/aside>\n\t\t\t\t<\/div>\n\t\t","protected":false},"excerpt":{"rendered":"<p>Quelles conditions pour b\u00e9n\u00e9ficier des r\u00e9gimes douaniers adapt\u00e9s et de l\u2019exon\u00e9ration de TVA sur vos \u00e9quipements de stands et mat\u00e9riels d\u2019exposition? <\/p>\n","protected":false},"author":131,"featured_media":67152,"comment_status":"open","ping_status":"open","sticky":false,"template":"page-mti-a4.php","format":"standard","meta":{"iawp_total_views":36,"footnotes":""},"categories":[87],"tags":[131,417],"cibles":[250,464,161,275,179],"class_list":["post-67142","post","type-post","status-publish","format-standard","has-post-thumbnail","hentry","category-fret-mode-demploi","tag-douane","tag-tva","cibles-une","cibles-agences-sud","cibles-douane","cibles-congres","cibles-tva"],"yoast_head":"<!-- This site is optimized with the Yoast SEO Premium plugin v27.4 (Yoast SEO v27.4) - https:\/\/yoast.com\/product\/yoast-seo-premium-wordpress\/ -->\n<title>Suspension de droits de douane et TVA sur les salons et congr\u00e8s: comment \u00e7a marche? - MATHEZ FREIGHT<\/title>\n<meta name=\"description\" content=\"Quelles conditions pour b\u00e9n\u00e9ficier des r\u00e9gimes douaniers adapt\u00e9s et de l\u2019exon\u00e9ration de TVA sur vos \u00e9quipements de stands et mat\u00e9riels d\u2019exposition?\" \/>\n<meta name=\"robots\" content=\"index, follow, max-snippet:-1, max-image-preview:large, max-video-preview:-1\" \/>\n<link rel=\"canonical\" href=\"https:\/\/www.mathezfreight.com\/fr\/blog\/suspension-douane-tva-salons-congres\/\" \/>\n<meta property=\"og:locale\" content=\"fr_FR\" \/>\n<meta property=\"og:type\" content=\"article\" \/>\n<meta property=\"og:title\" content=\"Suspension de droits de douane et TVA sur les salons et congr\u00e8s: comment \u00e7a marche?\" \/>\n<meta property=\"og:description\" content=\"Quelles conditions pour b\u00e9n\u00e9ficier des r\u00e9gimes douaniers adapt\u00e9s et de l\u2019exon\u00e9ration de TVA sur vos \u00e9quipements de stands et mat\u00e9riels d\u2019exposition?\" \/>\n<meta property=\"og:url\" content=\"https:\/\/www.mathezfreight.com\/fr\/blog\/suspension-douane-tva-salons-congres\/\" \/>\n<meta property=\"og:site_name\" content=\"MATHEZ FREIGHT\" \/>\n<meta property=\"article:publisher\" content=\"https:\/\/www.facebook.com\/MathezFreight\/\" \/>\n<meta property=\"article:published_time\" content=\"2026-03-13T14:16:50+00:00\" \/>\n<meta property=\"article:modified_time\" content=\"2026-03-31T10:09:55+00:00\" \/>\n<meta property=\"og:image\" content=\"https:\/\/www.mathezfreight.com\/wp-content\/uploads\/photo-onsite-salons-congres.jpg\" \/>\n\t<meta property=\"og:image:width\" content=\"1220\" \/>\n\t<meta property=\"og:image:height\" content=\"813\" \/>\n\t<meta property=\"og:image:type\" content=\"image\/jpeg\" \/>\n<meta name=\"author\" content=\"H\u00e9l\u00e8ne Plaquet\" \/>\n<meta name=\"twitter:card\" content=\"summary_large_image\" \/>\n<meta name=\"twitter:creator\" content=\"@MathezFreight\" \/>\n<meta name=\"twitter:site\" content=\"@MathezFreight\" \/>\n<meta name=\"twitter:label1\" content=\"\u00c9crit par\" \/>\n\t<meta name=\"twitter:data1\" content=\"H\u00e9l\u00e8ne Plaquet\" \/>\n\t<meta name=\"twitter:label2\" content=\"Dur\u00e9e de lecture estim\u00e9e\" \/>\n\t<meta name=\"twitter:data2\" content=\"9 minutes\" \/>\n<script type=\"application\/ld+json\" class=\"yoast-schema-graph\">{\"@context\":\"https:\\\/\\\/schema.org\",\"@graph\":[{\"@type\":\"Article\",\"@id\":\"https:\\\/\\\/www.mathezfreight.com\\\/fr\\\/blog\\\/suspension-douane-tva-salons-congres\\\/#article\",\"isPartOf\":{\"@id\":\"https:\\\/\\\/www.mathezfreight.com\\\/fr\\\/blog\\\/suspension-douane-tva-salons-congres\\\/\"},\"author\":{\"name\":\"H\u00e9l\u00e8ne Plaquet\",\"@id\":\"https:\\\/\\\/www.mathezfreight.com\\\/fr\\\/#\\\/schema\\\/person\\\/5bc83c10f19637586d3dc8053224bed5\"},\"headline\":\"Suspension de droits de douane et TVA sur les salons et congr\u00e8s: comment \u00e7a marche?\",\"datePublished\":\"2026-03-13T14:16:50+00:00\",\"dateModified\":\"2026-03-31T10:09:55+00:00\",\"mainEntityOfPage\":{\"@id\":\"https:\\\/\\\/www.mathezfreight.com\\\/fr\\\/blog\\\/suspension-douane-tva-salons-congres\\\/\"},\"wordCount\":1337,\"commentCount\":0,\"publisher\":{\"@id\":\"https:\\\/\\\/www.mathezfreight.com\\\/fr\\\/#organization\"},\"image\":{\"@id\":\"https:\\\/\\\/www.mathezfreight.com\\\/fr\\\/blog\\\/suspension-douane-tva-salons-congres\\\/#primaryimage\"},\"thumbnailUrl\":\"https:\\\/\\\/www.mathezfreight.com\\\/wp-content\\\/uploads\\\/photo-onsite-salons-congres.jpg\",\"keywords\":[\"Douane\",\"TVA\"],\"articleSection\":[\"Fret Mode d'Emploi\"],\"inLanguage\":\"fr-FR\",\"potentialAction\":[{\"@type\":\"CommentAction\",\"name\":\"Comment\",\"target\":[\"https:\\\/\\\/www.mathezfreight.com\\\/fr\\\/blog\\\/suspension-douane-tva-salons-congres\\\/#respond\"]}]},{\"@type\":\"WebPage\",\"@id\":\"https:\\\/\\\/www.mathezfreight.com\\\/fr\\\/blog\\\/suspension-douane-tva-salons-congres\\\/\",\"url\":\"https:\\\/\\\/www.mathezfreight.com\\\/fr\\\/blog\\\/suspension-douane-tva-salons-congres\\\/\",\"name\":\"Suspension de droits de douane et TVA sur les salons et congr\u00e8s: comment \u00e7a marche? - MATHEZ FREIGHT\",\"isPartOf\":{\"@id\":\"https:\\\/\\\/www.mathezfreight.com\\\/fr\\\/#website\"},\"primaryImageOfPage\":{\"@id\":\"https:\\\/\\\/www.mathezfreight.com\\\/fr\\\/blog\\\/suspension-douane-tva-salons-congres\\\/#primaryimage\"},\"image\":{\"@id\":\"https:\\\/\\\/www.mathezfreight.com\\\/fr\\\/blog\\\/suspension-douane-tva-salons-congres\\\/#primaryimage\"},\"thumbnailUrl\":\"https:\\\/\\\/www.mathezfreight.com\\\/wp-content\\\/uploads\\\/photo-onsite-salons-congres.jpg\",\"datePublished\":\"2026-03-13T14:16:50+00:00\",\"dateModified\":\"2026-03-31T10:09:55+00:00\",\"description\":\"Quelles conditions pour b\u00e9n\u00e9ficier des r\u00e9gimes douaniers adapt\u00e9s et de l\u2019exon\u00e9ration de TVA sur vos \u00e9quipements de stands et mat\u00e9riels d\u2019exposition?\",\"breadcrumb\":{\"@id\":\"https:\\\/\\\/www.mathezfreight.com\\\/fr\\\/blog\\\/suspension-douane-tva-salons-congres\\\/#breadcrumb\"},\"inLanguage\":\"fr-FR\",\"potentialAction\":[{\"@type\":\"ReadAction\",\"target\":[\"https:\\\/\\\/www.mathezfreight.com\\\/fr\\\/blog\\\/suspension-douane-tva-salons-congres\\\/\"]}]},{\"@type\":\"ImageObject\",\"inLanguage\":\"fr-FR\",\"@id\":\"https:\\\/\\\/www.mathezfreight.com\\\/fr\\\/blog\\\/suspension-douane-tva-salons-congres\\\/#primaryimage\",\"url\":\"https:\\\/\\\/www.mathezfreight.com\\\/wp-content\\\/uploads\\\/photo-onsite-salons-congres.jpg\",\"contentUrl\":\"https:\\\/\\\/www.mathezfreight.com\\\/wp-content\\\/uploads\\\/photo-onsite-salons-congres.jpg\",\"width\":1220,\"height\":813,\"caption\":\"Salons et congr\u00e8s : douane et tva\"},{\"@type\":\"BreadcrumbList\",\"@id\":\"https:\\\/\\\/www.mathezfreight.com\\\/fr\\\/blog\\\/suspension-douane-tva-salons-congres\\\/#breadcrumb\",\"itemListElement\":[{\"@type\":\"ListItem\",\"position\":1,\"name\":\"Home\",\"item\":\"https:\\\/\\\/www.mathezfreight.com\\\/fr\\\/\"},{\"@type\":\"ListItem\",\"position\":2,\"name\":\"Fret Mode d'Emploi\",\"item\":\"https:\\\/\\\/www.mathezfreight.com\\\/fr\\\/blog\\\/categorie\\\/fret-mode-demploi\\\/\"},{\"@type\":\"ListItem\",\"position\":3,\"name\":\"Suspension de droits de douane et TVA sur les salons et congr\u00e8s: comment \u00e7a marche?\"}]},{\"@type\":\"WebSite\",\"@id\":\"https:\\\/\\\/www.mathezfreight.com\\\/fr\\\/#website\",\"url\":\"https:\\\/\\\/www.mathezfreight.com\\\/fr\\\/\",\"name\":\"MATHEZ FREIGHT\",\"description\":\"Solutions transport sur mesure, suivies, efficaces\",\"publisher\":{\"@id\":\"https:\\\/\\\/www.mathezfreight.com\\\/fr\\\/#organization\"},\"alternateName\":\"MATHEZ TRANSPORTS INTERNATIONAUX\",\"potentialAction\":[{\"@type\":\"SearchAction\",\"target\":{\"@type\":\"EntryPoint\",\"urlTemplate\":\"https:\\\/\\\/www.mathezfreight.com\\\/fr\\\/?s={search_term_string}\"},\"query-input\":{\"@type\":\"PropertyValueSpecification\",\"valueRequired\":true,\"valueName\":\"search_term_string\"}}],\"inLanguage\":\"fr-FR\"},{\"@type\":\"Organization\",\"@id\":\"https:\\\/\\\/www.mathezfreight.com\\\/fr\\\/#organization\",\"name\":\"MATHEZ FREIGHT\",\"alternateName\":\"MATHEZ TRANSPORTS INTERNATIONAUX\",\"url\":\"https:\\\/\\\/www.mathezfreight.com\\\/fr\\\/\",\"logo\":{\"@type\":\"ImageObject\",\"inLanguage\":\"fr-FR\",\"@id\":\"https:\\\/\\\/www.mathezfreight.com\\\/fr\\\/#\\\/schema\\\/logo\\\/image\\\/\",\"url\":\"https:\\\/\\\/www.mathezfreight.com\\\/wp-content\\\/uploads\\\/logo-mathez-freight-400pxw.png\",\"contentUrl\":\"https:\\\/\\\/www.mathezfreight.com\\\/wp-content\\\/uploads\\\/logo-mathez-freight-400pxw.png\",\"width\":400,\"height\":136,\"caption\":\"MATHEZ FREIGHT\"},\"image\":{\"@id\":\"https:\\\/\\\/www.mathezfreight.com\\\/fr\\\/#\\\/schema\\\/logo\\\/image\\\/\"},\"sameAs\":[\"https:\\\/\\\/www.facebook.com\\\/MathezFreight\\\/\",\"https:\\\/\\\/x.com\\\/MathezFreight\",\"https:\\\/\\\/www.linkedin.com\\\/company\\\/mathezfreight\\\/\"],\"description\":\"Transitaire fran\u00e7ais, organisateur de transport international: fret a\u00e9rien, fret maritime, commissionnaire en douane agr\u00e9\u00e9 OEA-Full. 17 agences en France sur tous les principaux ports et a\u00e9roports.\",\"email\":\"web@mathezfreight.com\",\"telephone\":\"+33.497257825\",\"legalName\":\"MATHEZ TRANSPORTS INTERNATIONAUX\",\"foundingDate\":\"1950-01-01\",\"numberOfEmployees\":{\"@type\":\"QuantitativeValue\",\"minValue\":\"51\",\"maxValue\":\"200\"}},{\"@type\":\"Person\",\"@id\":\"https:\\\/\\\/www.mathezfreight.com\\\/fr\\\/#\\\/schema\\\/person\\\/5bc83c10f19637586d3dc8053224bed5\",\"name\":\"H\u00e9l\u00e8ne Plaquet\"}]}<\/script>\n<!-- \/ Yoast SEO Premium plugin. -->","yoast_head_json":{"title":"Suspension de droits de douane et TVA sur les salons et congr\u00e8s: comment \u00e7a marche? - MATHEZ FREIGHT","description":"Quelles conditions pour b\u00e9n\u00e9ficier des r\u00e9gimes douaniers adapt\u00e9s et de l\u2019exon\u00e9ration de TVA sur vos \u00e9quipements de stands et mat\u00e9riels d\u2019exposition?","robots":{"index":"index","follow":"follow","max-snippet":"max-snippet:-1","max-image-preview":"max-image-preview:large","max-video-preview":"max-video-preview:-1"},"canonical":"https:\/\/www.mathezfreight.com\/fr\/blog\/suspension-douane-tva-salons-congres\/","og_locale":"fr_FR","og_type":"article","og_title":"Suspension de droits de douane et TVA sur les salons et congr\u00e8s: comment \u00e7a marche?","og_description":"Quelles conditions pour b\u00e9n\u00e9ficier des r\u00e9gimes douaniers adapt\u00e9s et de l\u2019exon\u00e9ration de TVA sur vos \u00e9quipements de stands et mat\u00e9riels d\u2019exposition?","og_url":"https:\/\/www.mathezfreight.com\/fr\/blog\/suspension-douane-tva-salons-congres\/","og_site_name":"MATHEZ FREIGHT","article_publisher":"https:\/\/www.facebook.com\/MathezFreight\/","article_published_time":"2026-03-13T14:16:50+00:00","article_modified_time":"2026-03-31T10:09:55+00:00","og_image":[{"width":1220,"height":813,"url":"https:\/\/www.mathezfreight.com\/wp-content\/uploads\/photo-onsite-salons-congres.jpg","type":"image\/jpeg"}],"author":"H\u00e9l\u00e8ne Plaquet","twitter_card":"summary_large_image","twitter_creator":"@MathezFreight","twitter_site":"@MathezFreight","twitter_misc":{"\u00c9crit par":"H\u00e9l\u00e8ne Plaquet","Dur\u00e9e de lecture estim\u00e9e":"9 minutes"},"schema":{"@context":"https:\/\/schema.org","@graph":[{"@type":"Article","@id":"https:\/\/www.mathezfreight.com\/fr\/blog\/suspension-douane-tva-salons-congres\/#article","isPartOf":{"@id":"https:\/\/www.mathezfreight.com\/fr\/blog\/suspension-douane-tva-salons-congres\/"},"author":{"name":"H\u00e9l\u00e8ne Plaquet","@id":"https:\/\/www.mathezfreight.com\/fr\/#\/schema\/person\/5bc83c10f19637586d3dc8053224bed5"},"headline":"Suspension de droits de douane et TVA sur les salons et congr\u00e8s: comment \u00e7a marche?","datePublished":"2026-03-13T14:16:50+00:00","dateModified":"2026-03-31T10:09:55+00:00","mainEntityOfPage":{"@id":"https:\/\/www.mathezfreight.com\/fr\/blog\/suspension-douane-tva-salons-congres\/"},"wordCount":1337,"commentCount":0,"publisher":{"@id":"https:\/\/www.mathezfreight.com\/fr\/#organization"},"image":{"@id":"https:\/\/www.mathezfreight.com\/fr\/blog\/suspension-douane-tva-salons-congres\/#primaryimage"},"thumbnailUrl":"https:\/\/www.mathezfreight.com\/wp-content\/uploads\/photo-onsite-salons-congres.jpg","keywords":["Douane","TVA"],"articleSection":["Fret Mode d'Emploi"],"inLanguage":"fr-FR","potentialAction":[{"@type":"CommentAction","name":"Comment","target":["https:\/\/www.mathezfreight.com\/fr\/blog\/suspension-douane-tva-salons-congres\/#respond"]}]},{"@type":"WebPage","@id":"https:\/\/www.mathezfreight.com\/fr\/blog\/suspension-douane-tva-salons-congres\/","url":"https:\/\/www.mathezfreight.com\/fr\/blog\/suspension-douane-tva-salons-congres\/","name":"Suspension de droits de douane et TVA sur les salons et congr\u00e8s: comment \u00e7a marche? - MATHEZ FREIGHT","isPartOf":{"@id":"https:\/\/www.mathezfreight.com\/fr\/#website"},"primaryImageOfPage":{"@id":"https:\/\/www.mathezfreight.com\/fr\/blog\/suspension-douane-tva-salons-congres\/#primaryimage"},"image":{"@id":"https:\/\/www.mathezfreight.com\/fr\/blog\/suspension-douane-tva-salons-congres\/#primaryimage"},"thumbnailUrl":"https:\/\/www.mathezfreight.com\/wp-content\/uploads\/photo-onsite-salons-congres.jpg","datePublished":"2026-03-13T14:16:50+00:00","dateModified":"2026-03-31T10:09:55+00:00","description":"Quelles conditions pour b\u00e9n\u00e9ficier des r\u00e9gimes douaniers adapt\u00e9s et de l\u2019exon\u00e9ration de TVA sur vos \u00e9quipements de stands et mat\u00e9riels d\u2019exposition?","breadcrumb":{"@id":"https:\/\/www.mathezfreight.com\/fr\/blog\/suspension-douane-tva-salons-congres\/#breadcrumb"},"inLanguage":"fr-FR","potentialAction":[{"@type":"ReadAction","target":["https:\/\/www.mathezfreight.com\/fr\/blog\/suspension-douane-tva-salons-congres\/"]}]},{"@type":"ImageObject","inLanguage":"fr-FR","@id":"https:\/\/www.mathezfreight.com\/fr\/blog\/suspension-douane-tva-salons-congres\/#primaryimage","url":"https:\/\/www.mathezfreight.com\/wp-content\/uploads\/photo-onsite-salons-congres.jpg","contentUrl":"https:\/\/www.mathezfreight.com\/wp-content\/uploads\/photo-onsite-salons-congres.jpg","width":1220,"height":813,"caption":"Salons et congr\u00e8s : douane et tva"},{"@type":"BreadcrumbList","@id":"https:\/\/www.mathezfreight.com\/fr\/blog\/suspension-douane-tva-salons-congres\/#breadcrumb","itemListElement":[{"@type":"ListItem","position":1,"name":"Home","item":"https:\/\/www.mathezfreight.com\/fr\/"},{"@type":"ListItem","position":2,"name":"Fret Mode d'Emploi","item":"https:\/\/www.mathezfreight.com\/fr\/blog\/categorie\/fret-mode-demploi\/"},{"@type":"ListItem","position":3,"name":"Suspension de droits de douane et TVA sur les salons et congr\u00e8s: comment \u00e7a marche?"}]},{"@type":"WebSite","@id":"https:\/\/www.mathezfreight.com\/fr\/#website","url":"https:\/\/www.mathezfreight.com\/fr\/","name":"MATHEZ FREIGHT","description":"Solutions transport sur mesure, suivies, efficaces","publisher":{"@id":"https:\/\/www.mathezfreight.com\/fr\/#organization"},"alternateName":"MATHEZ TRANSPORTS INTERNATIONAUX","potentialAction":[{"@type":"SearchAction","target":{"@type":"EntryPoint","urlTemplate":"https:\/\/www.mathezfreight.com\/fr\/?s={search_term_string}"},"query-input":{"@type":"PropertyValueSpecification","valueRequired":true,"valueName":"search_term_string"}}],"inLanguage":"fr-FR"},{"@type":"Organization","@id":"https:\/\/www.mathezfreight.com\/fr\/#organization","name":"MATHEZ FREIGHT","alternateName":"MATHEZ TRANSPORTS INTERNATIONAUX","url":"https:\/\/www.mathezfreight.com\/fr\/","logo":{"@type":"ImageObject","inLanguage":"fr-FR","@id":"https:\/\/www.mathezfreight.com\/fr\/#\/schema\/logo\/image\/","url":"https:\/\/www.mathezfreight.com\/wp-content\/uploads\/logo-mathez-freight-400pxw.png","contentUrl":"https:\/\/www.mathezfreight.com\/wp-content\/uploads\/logo-mathez-freight-400pxw.png","width":400,"height":136,"caption":"MATHEZ FREIGHT"},"image":{"@id":"https:\/\/www.mathezfreight.com\/fr\/#\/schema\/logo\/image\/"},"sameAs":["https:\/\/www.facebook.com\/MathezFreight\/","https:\/\/x.com\/MathezFreight","https:\/\/www.linkedin.com\/company\/mathezfreight\/"],"description":"Transitaire fran\u00e7ais, organisateur de transport international: fret a\u00e9rien, fret maritime, commissionnaire en douane agr\u00e9\u00e9 OEA-Full. 17 agences en France sur tous les principaux ports et a\u00e9roports.","email":"web@mathezfreight.com","telephone":"+33.497257825","legalName":"MATHEZ TRANSPORTS INTERNATIONAUX","foundingDate":"1950-01-01","numberOfEmployees":{"@type":"QuantitativeValue","minValue":"51","maxValue":"200"}},{"@type":"Person","@id":"https:\/\/www.mathezfreight.com\/fr\/#\/schema\/person\/5bc83c10f19637586d3dc8053224bed5","name":"H\u00e9l\u00e8ne Plaquet"}]}},"_links":{"self":[{"href":"https:\/\/www.mathezfreight.com\/fr\/wp-json\/wp\/v2\/posts\/67142","targetHints":{"allow":["GET"]}}],"collection":[{"href":"https:\/\/www.mathezfreight.com\/fr\/wp-json\/wp\/v2\/posts"}],"about":[{"href":"https:\/\/www.mathezfreight.com\/fr\/wp-json\/wp\/v2\/types\/post"}],"author":[{"embeddable":true,"href":"https:\/\/www.mathezfreight.com\/fr\/wp-json\/wp\/v2\/users\/131"}],"replies":[{"embeddable":true,"href":"https:\/\/www.mathezfreight.com\/fr\/wp-json\/wp\/v2\/comments?post=67142"}],"version-history":[{"count":20,"href":"https:\/\/www.mathezfreight.com\/fr\/wp-json\/wp\/v2\/posts\/67142\/revisions"}],"predecessor-version":[{"id":67393,"href":"https:\/\/www.mathezfreight.com\/fr\/wp-json\/wp\/v2\/posts\/67142\/revisions\/67393"}],"wp:featuredmedia":[{"embeddable":true,"href":"https:\/\/www.mathezfreight.com\/fr\/wp-json\/wp\/v2\/media\/67152"}],"wp:attachment":[{"href":"https:\/\/www.mathezfreight.com\/fr\/wp-json\/wp\/v2\/media?parent=67142"}],"wp:term":[{"taxonomy":"category","embeddable":true,"href":"https:\/\/www.mathezfreight.com\/fr\/wp-json\/wp\/v2\/categories?post=67142"},{"taxonomy":"post_tag","embeddable":true,"href":"https:\/\/www.mathezfreight.com\/fr\/wp-json\/wp\/v2\/tags?post=67142"},{"taxonomy":"cibles","embeddable":true,"href":"https:\/\/www.mathezfreight.com\/fr\/wp-json\/wp\/v2\/cibles?post=67142"}],"curies":[{"name":"wp","href":"https:\/\/api.w.org\/{rel}","templated":true}]}}