{"id":66861,"date":"2026-03-13T13:36:23","date_gmt":"2026-03-13T13:36:23","guid":{"rendered":"https:\/\/www.mathezfreight.com\/?p=66861"},"modified":"2026-03-13T14:04:48","modified_gmt":"2026-03-13T14:04:48","slug":"douane-cannes-monaco-boat-shows","status":"publish","type":"post","link":"https:\/\/www.mathezfreight.com\/fr\/blog\/douane-cannes-monaco-boat-shows\/","title":{"rendered":"Cannes et Monaco Boat Shows: la douane en toute conformit\u00e9"},"content":{"rendered":"\t\t<div data-elementor-type=\"wp-post\" data-elementor-id=\"66861\" class=\"elementor elementor-66861\" data-elementor-post-type=\"post\">\n\t\t\t\t\t\t<div class=\"elementor-section elementor-top-section elementor-element elementor-element-25ac58f elementor-section-stretched elementor-section-full_width mti-page-header bg-articles elementor-section-height-default elementor-section-height-default default-style elementor-invisible\" data-id=\"25ac58f\" data-element_type=\"section\" data-e-type=\"section\" id=\"mti-page-header\" data-settings=\"{&quot;stretch_section&quot;:&quot;section-stretched&quot;,&quot;animation&quot;:&quot;fadeIn&quot;,&quot;rt_color_sets&quot;:&quot;default-style&quot;}\">\n\t\t\t\t\t\t<div class=\"elementor-container elementor-column-gap-no\">\n\t\t\t\t\t<div class=\"elementor-column elementor-col-100 elementor-top-column elementor-element elementor-element-c3af877\" data-id=\"c3af877\" data-element_type=\"column\" data-e-type=\"column\">\n\t\t\t<div class=\"elementor-widget-wrap elementor-element-populated\">\n\t\t\t\t\t\t<div class=\"elementor-element elementor-element-354bdad elementor-widget elementor-widget-theme-post-featured-image elementor-widget-image\" data-id=\"354bdad\" data-element_type=\"widget\" data-e-type=\"widget\" data-widget_type=\"theme-post-featured-image.default\">\n\t\t\t\t<div class=\"elementor-widget-container\">\n\t\t\t\t\t\t\t\t\t\t\t\t\t\t\t<img decoding=\"async\" width=\"1220\" height=\"406\" src=\"https:\/\/www.mathezfreight.com\/wp-content\/uploads\/photo-cannes-monaco-boat-shows-douane-1220x406.jpg\" class=\"attachment-mti-flat-banner size-mti-flat-banner wp-image-66921\" alt=\"Yacht de luxe naviguant en mer M\u00e9diterran\u00e9e, conformit\u00e9 douani\u00e8re assur\u00e9e.\" \/>\t\t\t\t\t\t\t\t\t\t\t\t\t\t\t<\/div>\n\t\t\t\t<\/div>\n\t\t\t\t\t<\/div>\n\t\t<\/div>\n\t\t\t\t\t<\/div>\n\t\t<\/div>\n\t\t\t\t<div class=\"elementor-section elementor-top-section elementor-element elementor-element-e862999 mti-page-excerpt excerpt-onleft highlight-articles elementor-section-boxed elementor-section-height-default elementor-section-height-default default-style elementor-invisible\" data-id=\"e862999\" data-element_type=\"section\" data-e-type=\"section\" id=\"mti-page-excerpt\" data-settings=\"{&quot;animation&quot;:&quot;fadeInUp&quot;,&quot;rt_color_sets&quot;:&quot;default-style&quot;}\">\n\t\t\t\t\t\t<div class=\"elementor-container elementor-column-gap-default\">\n\t\t\t\t\t<div class=\"elementor-column elementor-col-100 elementor-top-column elementor-element elementor-element-64290da default-style\" data-id=\"64290da\" data-element_type=\"column\" data-e-type=\"column\" data-settings=\"{&quot;background_background&quot;:&quot;classic&quot;}\">\n\t\t\t<div class=\"elementor-widget-wrap elementor-element-populated\">\n\t\t\t\t\t\t<div class=\"elementor-element elementor-element-13239bc elementor-align-left mti-blog-suptitle elementor-widget elementor-widget-post-info\" data-id=\"13239bc\" data-element_type=\"widget\" data-e-type=\"widget\" data-widget_type=\"post-info.default\">\n\t\t\t\t<div class=\"elementor-widget-container\">\n\t\t\t\t\t\t\t<ul class=\"elementor-inline-items elementor-icon-list-items elementor-post-info\">\n\t\t\t\t\t\t\t\t<li class=\"elementor-icon-list-item elementor-repeater-item-9687d75 elementor-inline-item\" itemprop=\"about\">\n\t\t\t\t\t\t\t\t\t\t\t\t\t<span class=\"elementor-icon-list-text elementor-post-info__item elementor-post-info__item--type-terms\">\n\t\t\t\t\t\t\t\t\t\t<span class=\"elementor-post-info__terms-list\">\n\t\t\t\t<a href=\"https:\/\/www.mathezfreight.com\/fr\/blog\/categorie\/fret-mode-demploi\/\" class=\"elementor-post-info__terms-list-item\">Fret Mode d&#039;Emploi<\/a>\t\t\t\t<\/span>\n\t\t\t\t\t<\/span>\n\t\t\t\t\t\t\t\t<\/li>\n\t\t\t\t<\/ul>\n\t\t\t\t\t\t<\/div>\n\t\t\t\t<\/div>\n\t\t\t\t<div class=\"elementor-element elementor-element-cdda569 elementor-widget elementor-widget-theme-post-title elementor-page-title elementor-widget-heading\" data-id=\"cdda569\" data-element_type=\"widget\" data-e-type=\"widget\" data-widget_type=\"theme-post-title.default\">\n\t\t\t\t<div class=\"elementor-widget-container\">\n\t\t\t\t\t<h1 class=\"elementor-heading-title elementor-size-default\">Cannes et Monaco Boat Shows: la douane en toute conformit\u00e9<\/h1>\t\t\t\t<\/div>\n\t\t\t\t<\/div>\n\t\t\t\t<div class=\"elementor-element elementor-element-2b9bfd6 elementor-widget elementor-widget-theme-post-excerpt\" data-id=\"2b9bfd6\" data-element_type=\"widget\" data-e-type=\"widget\" data-widget_type=\"theme-post-excerpt.default\">\n\t\t\t\t<div class=\"elementor-widget-container\">\n\t\t\t\t\tCannes Yachting Festival (CYF) et Monaco Yacht Show (MYS) approchent: b\u00e9n\u00e9ficiez des r\u00e9gimes douane &amp; TVA avantageux en toute s\u00e9curit\u00e9 pour vos yachts.\t\t\t\t<\/div>\n\t\t\t\t<\/div>\n\t\t\t\t<div class=\"elementor-element elementor-element-b5deb30 elementor-align-right mti-blog-tags elementor-widget elementor-widget-post-info\" data-id=\"b5deb30\" data-element_type=\"widget\" data-e-type=\"widget\" data-widget_type=\"post-info.default\">\n\t\t\t\t<div class=\"elementor-widget-container\">\n\t\t\t\t\t\t\t<ul class=\"elementor-inline-items elementor-icon-list-items elementor-post-info\">\n\t\t\t\t\t\t\t\t<li class=\"elementor-icon-list-item elementor-repeater-item-7910e98 elementor-inline-item\" itemprop=\"datePublished\">\n\t\t\t\t\t\t\t\t\t\t<span class=\"elementor-icon-list-icon\">\n\t\t\t\t\t\t\t\t<i aria-hidden=\"true\" class=\"fas fa-calendar\"><\/i>\t\t\t\t\t\t\t<\/span>\n\t\t\t\t\t\t\t\t\t<span class=\"elementor-icon-list-text elementor-post-info__item elementor-post-info__item--type-date\">\n\t\t\t\t\t\t\t\t\t\t<time>13 mars 2026<\/time>\t\t\t\t\t<\/span>\n\t\t\t\t\t\t\t\t<\/li>\n\t\t\t\t<li class=\"elementor-icon-list-item elementor-repeater-item-4e9c5fd elementor-inline-item\" itemprop=\"author\">\n\t\t\t\t\t\t\t\t\t\t<span class=\"elementor-icon-list-icon\">\n\t\t\t\t\t\t\t\t<i aria-hidden=\"true\" class=\"far fa-user-circle\"><\/i>\t\t\t\t\t\t\t<\/span>\n\t\t\t\t\t\t\t\t\t<span class=\"elementor-icon-list-text elementor-post-info__item elementor-post-info__item--type-author\">\n\t\t\t\t\t\t\t\t\t\tH\u00e9l\u00e8ne Plaquet\t\t\t\t\t<\/span>\n\t\t\t\t\t\t\t\t<\/li>\n\t\t\t\t<li class=\"elementor-icon-list-item elementor-repeater-item-f18f2db elementor-inline-item\" itemprop=\"about\">\n\t\t\t\t\t\t\t\t\t\t<span class=\"elementor-icon-list-icon\">\n\t\t\t\t\t\t\t\t<i aria-hidden=\"true\" class=\"fas fa-tags\"><\/i>\t\t\t\t\t\t\t<\/span>\n\t\t\t\t\t\t\t\t\t<span class=\"elementor-icon-list-text elementor-post-info__item elementor-post-info__item--type-terms\">\n\t\t\t\t\t\t\t\t\t\t<span class=\"elementor-post-info__terms-list\">\n\t\t\t\t<a href=\"https:\/\/www.mathezfreight.com\/fr\/blog\/tag\/douane\/\" class=\"elementor-post-info__terms-list-item\">Douane<\/a>, <a href=\"https:\/\/www.mathezfreight.com\/fr\/blog\/tag\/tva\/\" class=\"elementor-post-info__terms-list-item\">TVA<\/a>\t\t\t\t<\/span>\n\t\t\t\t\t<\/span>\n\t\t\t\t\t\t\t\t<\/li>\n\t\t\t\t<\/ul>\n\t\t\t\t\t\t<\/div>\n\t\t\t\t<\/div>\n\t\t\t\t\t<\/div>\n\t\t<\/div>\n\t\t\t\t\t<\/div>\n\t\t<\/div>\n\t\t\t\t<aside class=\"elementor-section elementor-top-section elementor-element elementor-element-da74b28 elementor-hidden-tablet elementor-hidden-phone mti-social-bar up elementor-section-boxed elementor-section-height-default elementor-section-height-default elementor-invisible\" data-id=\"da74b28\" data-element_type=\"section\" data-e-type=\"section\" data-settings=\"{&quot;animation&quot;:&quot;fadeInLeft&quot;}\">\n\t\t\t\t\t\t<div class=\"elementor-container elementor-column-gap-default\">\n\t\t\t\t\t<div class=\"elementor-column elementor-col-100 elementor-top-column elementor-element elementor-element-ba21d28\" data-id=\"ba21d28\" data-element_type=\"column\" data-e-type=\"column\">\n\t\t\t<div class=\"elementor-widget-wrap elementor-element-populated\">\n\t\t\t\t\t\t<div class=\"elementor-element elementor-element-318d352 elementor-share-buttons--view-icon elementor-share-buttons--skin-flat mti-social-bar-job elementor-share-buttons--shape-square elementor-grid-0 elementor-share-buttons--color-official elementor-invisible elementor-widget elementor-widget-global elementor-global-17249 elementor-widget-share-buttons\" data-id=\"318d352\" data-element_type=\"widget\" data-e-type=\"widget\" data-settings=\"{&quot;_animation&quot;:&quot;fadeInLeft&quot;}\" data-widget_type=\"share-buttons.default\">\n\t\t\t\t<div class=\"elementor-widget-container\">\n\t\t\t\t\t\t\t<div class=\"elementor-grid\" role=\"list\">\n\t\t\t\t\t\t\t\t<div class=\"elementor-grid-item\" role=\"listitem\">\n\t\t\t\t\t\t<div class=\"elementor-share-btn elementor-share-btn_email\" role=\"button\" tabindex=\"0\" aria-label=\"Partager sur email\">\n\t\t\t\t\t\t\t\t\t\t\t\t\t\t\t<span class=\"elementor-share-btn__icon\">\n\t\t\t\t\t\t\t\t<i class=\"fas fa-envelope\" aria-hidden=\"true\"><\/i>\t\t\t\t\t\t\t<\/span>\n\t\t\t\t\t\t\t\t\t\t\t\t\t\t\t\t\t\t\t\t<\/div>\n\t\t\t\t\t<\/div>\n\t\t\t\t\t\t\t\t\t<div class=\"elementor-grid-item\" role=\"listitem\">\n\t\t\t\t\t\t<div class=\"elementor-share-btn elementor-share-btn_linkedin\" role=\"button\" tabindex=\"0\" aria-label=\"Partager sur linkedin\">\n\t\t\t\t\t\t\t\t\t\t\t\t\t\t\t<span class=\"elementor-share-btn__icon\">\n\t\t\t\t\t\t\t\t<i class=\"fab fa-linkedin\" aria-hidden=\"true\"><\/i>\t\t\t\t\t\t\t<\/span>\n\t\t\t\t\t\t\t\t\t\t\t\t\t\t\t\t\t\t\t\t<\/div>\n\t\t\t\t\t<\/div>\n\t\t\t\t\t\t\t\t\t<div class=\"elementor-grid-item\" role=\"listitem\">\n\t\t\t\t\t\t<div class=\"elementor-share-btn elementor-share-btn_twitter\" role=\"button\" tabindex=\"0\" aria-label=\"Partager sur twitter\">\n\t\t\t\t\t\t\t\t\t\t\t\t\t\t\t<span class=\"elementor-share-btn__icon\">\n\t\t\t\t\t\t\t\t<i class=\"fab fa-twitter\" aria-hidden=\"true\"><\/i>\t\t\t\t\t\t\t<\/span>\n\t\t\t\t\t\t\t\t\t\t\t\t\t\t\t\t\t\t\t\t<\/div>\n\t\t\t\t\t<\/div>\n\t\t\t\t\t\t\t\t\t<div class=\"elementor-grid-item\" role=\"listitem\">\n\t\t\t\t\t\t<div class=\"elementor-share-btn elementor-share-btn_facebook\" role=\"button\" tabindex=\"0\" aria-label=\"Partager sur facebook\">\n\t\t\t\t\t\t\t\t\t\t\t\t\t\t\t<span class=\"elementor-share-btn__icon\">\n\t\t\t\t\t\t\t\t<i class=\"fab fa-facebook\" aria-hidden=\"true\"><\/i>\t\t\t\t\t\t\t<\/span>\n\t\t\t\t\t\t\t\t\t\t\t\t\t\t\t\t\t\t\t\t<\/div>\n\t\t\t\t\t<\/div>\n\t\t\t\t\t\t\t\t\t<div class=\"elementor-grid-item\" role=\"listitem\">\n\t\t\t\t\t\t<div class=\"elementor-share-btn elementor-share-btn_print\" role=\"button\" tabindex=\"0\" aria-label=\"Partager sur print\">\n\t\t\t\t\t\t\t\t\t\t\t\t\t\t\t<span class=\"elementor-share-btn__icon\">\n\t\t\t\t\t\t\t\t<i class=\"fas fa-print\" aria-hidden=\"true\"><\/i>\t\t\t\t\t\t\t<\/span>\n\t\t\t\t\t\t\t\t\t\t\t\t\t\t\t\t\t\t\t\t<\/div>\n\t\t\t\t\t<\/div>\n\t\t\t\t\t\t<\/div>\n\t\t\t\t\t\t<\/div>\n\t\t\t\t<\/div>\n\t\t\t\t\t<\/div>\n\t\t<\/div>\n\t\t\t\t\t<\/div>\n\t\t<\/aside>\n\t\t\t\t<div class=\"elementor-section elementor-top-section elementor-element elementor-element-1be72cc mti-article-body elementor-section-boxed elementor-section-height-default elementor-section-height-default default-style\" data-id=\"1be72cc\" data-element_type=\"section\" data-e-type=\"section\" data-settings=\"{&quot;rt_color_sets&quot;:&quot;default-style&quot;}\">\n\t\t\t\t\t\t<div class=\"elementor-container elementor-column-gap-default\">\n\t\t\t\t\t<div class=\"elementor-column elementor-col-100 elementor-top-column elementor-element elementor-element-1f5697b\" data-id=\"1f5697b\" data-element_type=\"column\" data-e-type=\"column\">\n\t\t\t<div class=\"elementor-widget-wrap elementor-element-populated\">\n\t\t\t\t\t\t<div class=\"elementor-element elementor-element-749442a elementor-widget elementor-widget-text-editor\" data-id=\"749442a\" data-element_type=\"widget\" data-e-type=\"widget\" data-widget_type=\"text-editor.default\">\n\t\t\t\t<div class=\"elementor-widget-container\">\n\t\t\t\t\t\t\t\t\t<strong>Deux <em>boat shows<\/em> phares de la M\u00e9diterran\u00e9e s\u2019encha\u00eenent chaque ann\u00e9e en septembre: le Cannes Yachting Festival, puis le Monaco Yacht Show. Suivez les conseils de nos experts locaux\u00a0pour une gestion douani\u00e8re et TVA de vos <a href=\"https:\/\/www.mathezfreight.com\/fr\/solutions\/transport\/yachts\/\">yachts<\/a> efficace et conforme.<\/strong>\t\t\t\t\t\t\t\t<\/div>\n\t\t\t\t<\/div>\n\t\t\t\t<section class=\"elementor-section elementor-inner-section elementor-element elementor-element-cbcc956 mti-section-essentiel elementor-section-boxed elementor-section-height-default elementor-section-height-default default-style\" data-id=\"cbcc956\" data-element_type=\"section\" data-e-type=\"section\" data-settings=\"{&quot;background_background&quot;:&quot;classic&quot;,&quot;rt_color_sets&quot;:&quot;default-style&quot;}\">\n\t\t\t\t\t\t<div class=\"elementor-container elementor-column-gap-default\">\n\t\t\t\t\t<div class=\"elementor-column elementor-col-50 elementor-inner-column elementor-element elementor-element-139cb88\" data-id=\"139cb88\" data-element_type=\"column\" data-e-type=\"column\">\n\t\t\t<div class=\"elementor-widget-wrap elementor-element-populated\">\n\t\t\t\t\t\t<div class=\"elementor-element elementor-element-aa0b70e elementor-widget elementor-widget-image\" data-id=\"aa0b70e\" data-element_type=\"widget\" data-e-type=\"widget\" data-widget_type=\"image.default\">\n\t\t\t\t<div class=\"elementor-widget-container\">\n\t\t\t\t\t\t\t\t\t\t\t\t\t\t\t<img decoding=\"async\" src=\"https:\/\/www.mathezfreight.com\/wp-content\/uploads\/elementor\/thumbs\/picto-bonhomme-mathez-trans-pj04t9fm877eetwvlparhcxme51rv7o3w0o9he3kwa.png\" title=\"picto-bonhomme-mathez-trans\" alt=\"picto-bonhomme-mathez-trans\" loading=\"lazy\" \/>\t\t\t\t\t\t\t\t\t\t\t\t\t\t\t<\/div>\n\t\t\t\t<\/div>\n\t\t\t\t\t<\/div>\n\t\t<\/div>\n\t\t\t\t<div class=\"elementor-column elementor-col-50 elementor-inner-column elementor-element elementor-element-f998be8\" data-id=\"f998be8\" data-element_type=\"column\" data-e-type=\"column\">\n\t\t\t<div class=\"elementor-widget-wrap elementor-element-populated\">\n\t\t\t\t\t\t<div class=\"elementor-element elementor-element-b2284b9 elementor-widget elementor-widget-text-editor\" data-id=\"b2284b9\" data-element_type=\"widget\" data-e-type=\"widget\" data-widget_type=\"text-editor.default\">\n\t\t\t\t<div class=\"elementor-widget-container\">\n\t\t\t\t\t\t\t\t\t<h2>L&rsquo;essentiel, pour les professionnels.<\/h2><ul><li>La participation au <strong>Cannes Yachting Festival<\/strong> ou au <strong>Monaco Yacht Show<\/strong> n\u00e9cessite d\u2019anticiper le <strong>r\u00e9gime douanier du yacht<\/strong> avant son arriv\u00e9e dans l\u2019Union europ\u00e9enne,<\/li><li>La <strong>distinction entre navire de commerce et yacht de plaisance<\/strong> d\u00e9termine les formalit\u00e9s applicables et le r\u00e9gime douanier \u00e0 solliciter,<\/li><li>Selon les cas, les r\u00e9gimes d&rsquo;<strong>Admission Temporaire<\/strong>\u00a0&lsquo;Boat Show&rsquo; ou &rsquo;18 mois&rsquo; doivent \u00eatre mobilis\u00e9s pour suspendre droits de douane et TVA.<\/li><li>Pour les capitaines et <em>yacht managers<\/em>, l\u2019enjeu est aussi d\u2019anticiper <strong>l\u2019apurement du r\u00e9gime apr\u00e8s le salon<\/strong>, notamment <strong>en cas de vente ou de r\u00e9exportation<\/strong>.<\/li><\/ul>\t\t\t\t\t\t\t\t<\/div>\n\t\t\t\t<\/div>\n\t\t\t\t\t<\/div>\n\t\t<\/div>\n\t\t\t\t\t<\/div>\n\t\t<\/section>\n\t\t\t\t<section class=\"elementor-section elementor-inner-section elementor-element elementor-element-7800c8f mti-section-essentiel elementor-section-boxed elementor-section-height-default elementor-section-height-default default-style\" data-id=\"7800c8f\" data-element_type=\"section\" data-e-type=\"section\" data-settings=\"{&quot;background_background&quot;:&quot;classic&quot;,&quot;rt_color_sets&quot;:&quot;default-style&quot;}\">\n\t\t\t\t\t\t\t<div class=\"elementor-background-overlay\"><\/div>\n\t\t\t\t\t\t\t<div class=\"elementor-container elementor-column-gap-default\">\n\t\t\t\t\t<div class=\"elementor-column elementor-col-100 elementor-inner-column elementor-element elementor-element-974a97d\" data-id=\"974a97d\" data-element_type=\"column\" data-e-type=\"column\">\n\t\t\t<div class=\"elementor-widget-wrap elementor-element-populated\">\n\t\t\t\t\t\t<div class=\"elementor-element elementor-element-b444dd5 elementor-widget elementor-widget-text-editor\" data-id=\"b444dd5\" data-element_type=\"widget\" data-e-type=\"widget\" data-widget_type=\"text-editor.default\">\n\t\t\t\t<div class=\"elementor-widget-container\">\n\t\t\t\t\t\t\t\t\t<p><strong>Dans le yachting, une formalit\u00e9 douani\u00e8re mal anticip\u00e9e peut engendrer des risques. <\/strong><strong>Sortez bien accompagn\u00e9 ! <\/strong><strong>\u00a0<\/strong><\/p>\t\t\t\t\t\t\t\t<\/div>\n\t\t\t\t<\/div>\n\t\t\t\t\t<\/div>\n\t\t<\/div>\n\t\t\t\t\t<\/div>\n\t\t<\/section>\n\t\t\t\t<div class=\"elementor-element elementor-element-94c8bff elementor-widget elementor-widget-text-editor\" data-id=\"94c8bff\" data-element_type=\"widget\" data-e-type=\"widget\" data-widget_type=\"text-editor.default\">\n\t\t\t\t<div class=\"elementor-widget-container\">\n\t\t\t\t\t\t\t\t\t<h2 data-pm-slice=\"1 1 []\">S\u00e9curisez le statut douanier des yachts \u00e0 Cannes et Monaco<\/h2><p>Chaque ann\u00e9e, le <strong>Cannes Yachting Festival<\/strong> (CYF) et le <strong>Monaco Yacht Show<\/strong> (MYS) accueillent des centaines de yachts et superyachts venus du monde entier. Pour les capitaines, <em>yacht managers<\/em> et <em>brokers<\/em>, la <strong>gestion des formalit\u00e9s douani\u00e8res des yachts est complexe, mais essentielle pour\u00a0\u00e9viter des erreurs co\u00fbteuses<\/strong>. L\u2019exposition d\u2019un yacht dans l\u2019Union europ\u00e9enne implique en effet de s\u00e9curiser en amont son statut douanier et TVA.<\/p><blockquote><p>Cannes et Monaco rel\u00e8vent de la m\u00eame juridiction douani\u00e8re: votre repr\u00e9sentant en douane enregistr\u00e9 en France peut donc vous accompagner pour l&rsquo;ensemble des formalit\u00e9s n\u00e9cessaires.<\/p><\/blockquote><h2><strong>Arriv\u00e9e des yachts au <em>boat show<\/em> de Cannes ou Monaco<\/strong><\/h2><p>Le<strong> r\u00e9gime douanier applicable<\/strong> ainsi que les formalit\u00e9s n\u00e9cessaires d\u00e9pendent du statut du navire: plaisance ou commerce.\u00a0<\/p><h3><strong>Formalit\u00e9s douani\u00e8res \u00e0 l&rsquo;arriv\u00e9e des navires de commerce<\/strong><\/h3><p>Lorsqu\u2019un navire de commerce a d\u00e9j\u00e0 \u00e9t\u00e9 <strong>import\u00e9 d\u00e9finitivement dans l\u2019Union europ\u00e9enne<\/strong>, notamment en exon\u00e9ration de TVA sur le fondement de l\u2019article <a href=\"https:\/\/www.legifrance.gouv.fr\/codes\/article_lc\/LEGIARTI000033469152\" target=\"_blank\" rel=\"noopener\">262 II 2\u00b0 du CGI<\/a> ou via le m\u00e9canisme de l\u2019ATVAI (autoliquidation de la TVA \u00e0 l\u2019importation), sa participation au salon ne n\u00e9cessite <strong>aucune formalit\u00e9 douani\u00e8re<\/strong> compl\u00e9mentaire. Le navire dispose d\u00e9j\u00e0 du statut douanier &lsquo;Union&rsquo;.<\/p><p>Lorsque le navire est <strong>import\u00e9 sp\u00e9cifiquement pour la manifestation<\/strong>, deux situations doivent \u00eatre distingu\u00e9es:<\/p><h4>Autoliquidation de la TVA<\/h4><ul><li>Si le navire est destin\u00e9 \u00e0 <strong>rester dans le territoire douanier de l\u2019Union<\/strong> et \u00e0 \u00eatre exploit\u00e9 commercialement par la suite, il peut \u00eatre import\u00e9 d\u00e9finitivement, soit en exon\u00e9ration de TVA lorsque les conditions sont r\u00e9unies, soit via le m\u00e9canisme de l\u2019ATVAI (<b>autoliquidation de la TVA \u00e0 l\u2019importation<\/b>).<\/li><\/ul><h4>Importation\u00a0 et admission temporaires<\/h4><ul><li>Si le navire est <strong>uniquement pr\u00e9sent\u00e9 lors du salon<\/strong> et n\u2019a pas vocation \u00e0 rester dans l\u2019Union, il peut \u00eatre plac\u00e9 sous le r\u00e9gime d\u2019<strong>Admission<\/strong> <strong>Temporaire<\/strong>\u00a0(AT) au moyen d\u2019une <b>d\u00e9claration d\u2019importation temporaire en r\u00e9gime 53 00.<\/b> Ce r\u00e9gime permet une suspension totale des droits et taxes pendant toute la dur\u00e9e de la manifestation.<\/li><\/ul><h3><strong>Formalit\u00e9s douani\u00e8res pour les navires de plaisance<\/strong><\/h3><p>Pour les yachts de plaisance, deux situations principales peuvent se pr\u00e9senter.<\/p><h4><strong>Admission Temporaire classique dite &lsquo;AT boat show&rsquo;<\/strong><\/h4><ul><li>Lorsqu\u2019un yacht est import\u00e9 sp\u00e9cifiquement pour \u00eatre expos\u00e9 ou pr\u00e9sent\u00e9 \u00e0 la vente lors du salon, il doit \u00eatre plac\u00e9 sous le <strong>r\u00e9gime d\u2019Admission Temporaire<\/strong> avec d\u00e9p\u00f4t d\u2019une <strong>d\u00e9claration d\u2019importation temporaire<\/strong> en r\u00e9gime 53 00 (art. 234-1 RDC). Ce r\u00e9gime est encadr\u00e9 par les articles 250 \u00e0 253 du Code des Douanes de l\u2019Union, par les articles 204 \u00e0 238 du R\u00e8glement d\u00e9l\u00e9gu\u00e9 ainsi que par les articles 322 \u00e0 323 du R\u00e8glement d\u2019ex\u00e9cution. Il permet d\u2019exposer le yacht dans l\u2019Union europ\u00e9enne tout en suspendant les droits de douane et la TVA pendant la dur\u00e9e du salon.<\/li><\/ul><h4><strong>Admission temporaire priv\u00e9e &lsquo;AT 18 mois&rsquo; ou &lsquo;Bonafide&rsquo;<\/strong><\/h4><ul><li>Un navire plac\u00e9 pr\u00e9c\u00e9demment sous <strong>AT 18 mois<\/strong> (au sens de l\u2019article 136 du R\u00e8glement d\u2019ex\u00e9cution) peut participer au <strong>Cannes Yachting Festival<\/strong>\u00a0et\/ou au <strong>Monaco Yacht Show<\/strong> tout en conservant ce r\u00e9gime d\u2019<strong>Admission Temporaire priv\u00e9e des moyens de transport<\/strong>.\u00a0Le navire conserve alors son statut douanier pendant toute la manifestation et <strong>aucune formalit\u00e9 douani\u00e8re suppl\u00e9mentaire n\u2019est requise.<\/strong><\/li><\/ul><p>M\u00eame si le droit \u00e0 <a href=\"https:\/\/www.mathezfreight.com\/fr\/blog\/admission-temporaire-yachting\/\">l\u2019admission temporaire 18 mois<\/a> d\u00e9coule directement du respect des conditions au moment du franchissement de la fronti\u00e8re, il est fortement conseill\u00e9 de <strong>mat\u00e9rialiser ce statut par un document officiel.<\/strong>\u00a0Ce document, d\u00e9livr\u00e9 par les douanes fran\u00e7aises, apporte plusieurs avantages :\u00a0<\/p><ul><li>Il constitue une <strong>preuve de la date d\u2019arriv\u00e9e dans les eaux communautaire et du statut douanier<\/strong> du navire<\/li><li>Il facilite la navigation, en s\u00e9curisant les <strong>contr\u00f4les<\/strong> lors des escales.<\/li><li>Il est reconnu dans l\u2019<strong>ensemble de l\u2019Union europ\u00e9enne<\/strong>.<\/li><\/ul><p>Nos\u00a0<a href=\"https:\/\/www.mathezfreight.com\/fr\/solutions\/transport\/yachts\/\"><strong>sp\u00e9cialistes yachting \u00e0 Cannes<\/strong><\/a> vous assistent dans ces d\u00e9marches douani\u00e8res.\u00a0<\/p><h4>Cas particuliers<\/h4><p>Attention, la situation change d\u00e8s lors que le navire fait l\u2019objet d\u2019un <strong>contrat de mise \u00e0 disposition<\/strong> avec un broker local,\u00a0ou d\u2019un <strong>mandat de vente<\/strong> impliquant une v\u00e9ritable d\u00e9marche commerciale. Dans ce cas, l\u2019analyse douani\u00e8re peut \u00e9voluer: le navire ne rel\u00e8ve plus strictement de l\u2019AT priv\u00e9e des moyens de transport. Il doit alors sortir de son AT 18 mois et \u00eatre plac\u00e9 sous un <strong>r\u00e9gime d\u2019Admission Temporaire classique<\/strong> pour le <em>boat show<\/em> via le d\u00e9p\u00f4t d\u2019une d\u00e9claration en douane, conform\u00e9ment \u00e0 l\u2019article 234-1 du R\u00e8glement d\u00e9l\u00e9gu\u00e9. Le passage sous un\u00a0 r\u00e9gime d\u2019importation <em>boat show<\/em> permettra au propri\u00e9taire du navire de <strong>suspendre temporairement le d\u00e9lai de son AT 18 mois<\/strong> durant le <em>boat show. <\/em>Mais <strong>attention: cela ne r\u00e9initialise pas le d\u00e9lai de dix\u2011huit mois<\/strong>.\u00a0Lorsque le yacht sort d\u2019une <em>AT boat show<\/em>, le d\u00e9lai de l\u2019AT priv\u00e9e continue de courir \u00e0 compter de la cl\u00f4ture du r\u00e9gime temporaire.<\/p><blockquote><p>L\u2019Admission Temporaire ne doit pas \u00eatre envisag\u00e9e comme une simple formalit\u00e9 d\u2019entr\u00e9e du navire au sein de l&rsquo;Union europ\u00e9enne. Elle constitue la premi\u00e8re \u00e9tape d\u2019un cycle douanier, dont l\u2019issue doit \u00eatre anticip\u00e9e.<\/p><\/blockquote><h2><strong>L\u2019apurement: une \u00e9tape strat\u00e9gique \u00e0 la fin du <em>boat show<\/em><\/strong><\/h2><blockquote><p>Ouvrir une Admission Temporaire via le d\u00e9p\u00f4t d\u2019une d\u00e9claration en douane est une op\u00e9ration technique. La cl\u00f4turer correctement est une op\u00e9ration strat\u00e9gique.<\/p><\/blockquote><h3><strong>Apurement d\u2019un yacht sous &lsquo;AT boat show&rsquo;<\/strong><\/h3><p>Un yacht plac\u00e9 sous <strong>Admission Temporaire (r\u00e9gime 53 00)<\/strong> peut conna\u00eetre plusieurs issues \u00e0 l\u2019issue du salon:<\/p><ul><li><strong>S\u2019il est vendu<\/strong> \u00e0 un acheteur \u00e9tabli en France, le r\u00e9gime doit \u00eatre apur\u00e9 par un un r\u00e9gime de mise \u00e0 la consommation (r\u00e9gime 40 53). La vente rend imm\u00e9diatement exigibles les droits et la TVA pr\u00e9c\u00e9demment suspendus.<br \/>&#8211;\u00a0Dans une <strong>relation B2B<\/strong>, le m\u00e9canisme d&rsquo;autoliquidation de la TVA \u00e0 l&rsquo;import (ATVAI) pourra \u00eatre activ\u00e9.<span style=\"text-decoration: line-through;\"><br \/><\/span>&#8211;\u00a0Dans une <strong>vente \u00e0 un particulier<\/strong>, les droits et taxes seront acquitt\u00e9s aupr\u00e8s de la douane.<\/li><li><strong>Si aucune vente n\u2019intervient et que le yacht est r\u00e9export\u00e9<\/strong> en dehors du Territoire douanier de l&rsquo;Union, la r\u00e9exportation constitue l\u2019apurement naturel du r\u00e9gime (31 53).\u00a0<\/li><\/ul><h3><strong>Apurement d\u2019un yacht sous AT\u00a0priv\u00e9e (AT 18 mois)<\/strong><\/h3><h4><strong>Statut douanier du navire s&rsquo;il n&rsquo;est pas vendu lors du boat show<\/strong><\/h4><p>Lorsqu\u2019un yacht participe au salon tout en restant sous le r\u00e9gime d\u2019Admission Temporaire priv\u00e9e des moyens de transport, aucune formalit\u00e9 particuli\u00e8re n\u2019est en principe requise \u00e0 la fin de l\u2019\u00e9v\u00e9nement <strong>si aucune vente n\u2019intervient<\/strong> et si les conditions du r\u00e9gime restent r\u00e9unies. Le yacht continue alors \u00e0 b\u00e9n\u00e9ficier de son AT 18 mois et le d\u00e9lai continue de courir.\u00a0<\/p><h4><strong>En cas de vente du yacht \u00e0 l&rsquo;issue du boat show:<\/strong><\/h4><ul><li><strong>Lorsque le yacht est vendu \u00e0 un acqu\u00e9reur \u00e9tabli en France,<\/strong> le r\u00e9gime d\u2019Admission Temporaire doit \u00eatre apur\u00e9 par une mise \u00e0 la consommation avec paiement des droits et taxes aupr\u00e8s de la douane fran\u00e7aise. La r\u00e9gularisation intervient alors imm\u00e9diatement \u00e0 l\u2019issue du salon et doit \u00eatre parfaitement synchronis\u00e9e avec la signature de l\u2019acte de vente.<\/li><li>Une autre option consiste \u00e0 <strong>organiser la vente du yacht hors du territoire douanier de l\u2019Union<\/strong>, notamment en eaux internationales. Dans cette configuration, le yacht quitte physiquement le territoire douanier de l\u2019Union et le r\u00e9gime d\u2019Admission Temporaire est apur\u00e9 par r\u00e9exportation. Le transfert de propri\u00e9t\u00e9 intervient alors hors Union europ\u00e9enne. Le yacht peut ensuite revenir dans l\u2019Union au nom de son nouveau propri\u00e9taire et effectuer les formalit\u00e9s douani\u00e8res adapt\u00e9es \u00e0 sa situation, soit par la mise en place d\u2019une nouvelle Admission Temporaire de dix\u2011huit mois, soit par une importation d\u00e9finitive dans l\u2019Union europ\u00e9enne.<\/li><\/ul>\t\t\t\t\t\t\t\t<\/div>\n\t\t\t\t<\/div>\n\t\t\t\t<section class=\"elementor-section elementor-inner-section elementor-element elementor-element-92e2cd7 mti-section-essentiel elementor-section-boxed elementor-section-height-default elementor-section-height-default default-style\" data-id=\"92e2cd7\" data-element_type=\"section\" data-e-type=\"section\" data-settings=\"{&quot;background_background&quot;:&quot;classic&quot;,&quot;rt_color_sets&quot;:&quot;default-style&quot;}\">\n\t\t\t\t\t\t\t<div class=\"elementor-background-overlay\"><\/div>\n\t\t\t\t\t\t\t<div class=\"elementor-container elementor-column-gap-default\">\n\t\t\t\t\t<div class=\"elementor-column elementor-col-100 elementor-inner-column elementor-element elementor-element-bb25b2a\" data-id=\"bb25b2a\" data-element_type=\"column\" data-e-type=\"column\">\n\t\t\t<div class=\"elementor-widget-wrap elementor-element-populated\">\n\t\t\t\t\t\t<div class=\"elementor-element elementor-element-ba02429 elementor-widget elementor-widget-text-editor\" data-id=\"ba02429\" data-element_type=\"widget\" data-e-type=\"widget\" data-widget_type=\"text-editor.default\">\n\t\t\t\t<div class=\"elementor-widget-container\">\n\t\t\t\t\t\t\t\t\t<h2 style=\"color: white; margin-top: 1em;\"><strong>Nos services <\/strong><\/h2><p>Les<strong> sp\u00e9cialistes locaux de nos agences azur\u00e9ennes<\/strong> (Nice, Carros, Cannes, La Ciotat, S\u00e8te) assurent tous les services li\u00e9s \u00e0 la <a style=\"color: #ffffff; text-decoration: underline;\" href=\"https:\/\/www.mathezfreight.com\/fr\/solutions\/transport\/yachts\/\"><b>logistique sur le yachting<\/b><\/a> et les salons:<\/p><ul><li>R\u00e9alisation des formalit\u00e9s douani\u00e8res sp\u00e9cifiques au\u00a0<a style=\"color: #ffffff; text-decoration: underline;\" href=\"https:\/\/www.mathezfreight.com\/fr\/solutions\/transport\/yachts\/\"><strong>yachting<\/strong> <\/a>sur\u00a0les <strong>boat shows<\/strong>, les <strong><a href=\"https:\/\/www.mathezfreight.com\/fr\/solutions\/transport\/chantiers-navals\/\">chantiers de <i>refit<\/i><\/a><\/strong>, les <strong>achats\/ventes<\/strong> ou autres situations particuli\u00e8res.<\/li><li><a style=\"color: #ffffff; text-decoration: underline;\" href=\"https:\/\/www.mathezfreight.com\/fr\/services\/agent-maritime\/\"><strong>Transport de bateaux<\/strong> <\/a>de commerce, d\u00e9chargement de bateaux de plaisance.<\/li><li><span style=\"text-decoration: underline;\"><span style=\"color: #ffffff;\"><a style=\"color: #ffffff;\" href=\"https:\/\/www.mathezfreight.com\/fr\/solutions\/transport\/salons-congres\/\"><strong>Logistique \u00e9v\u00e9nementielle<\/strong><\/a><\/span><\/span>\u00a0sur les\u00a0 Yachts Show et les autres \u00e9v\u00e9nements de la C\u00f4te d&rsquo;Azur avec la gestion douani\u00e8re des\u00a0stands, \u00e9quipements techniques, supports marketing, pi\u00e8ces de d\u00e9monstration, catalogues, mat\u00e9riels audiovisuels ou \u00e9l\u00e9ments de d\u00e9coration import\u00e9s pour l\u2019\u00e9v\u00e8nement.<\/li><li>Toutes les <a style=\"color: #ffffff; text-decoration: underline;\" href=\"https:\/\/www.demarches-plaisance.net\/\" target=\"_blank\" rel=\"noopener\"><strong>d\u00e9marches plaisance<\/strong><\/a>.<\/li><\/ul>\t\t\t\t\t\t\t\t<\/div>\n\t\t\t\t<\/div>\n\t\t\t\t\t<\/div>\n\t\t<\/div>\n\t\t\t\t\t<\/div>\n\t\t<\/section>\n\t\t\t\t<div class=\"elementor-element elementor-element-4d745d2 elementor-widget elementor-widget-spacer\" data-id=\"4d745d2\" data-element_type=\"widget\" data-e-type=\"widget\" data-widget_type=\"spacer.default\">\n\t\t\t\t<div class=\"elementor-widget-container\">\n\t\t\t\t\t\t\t<div class=\"elementor-spacer\">\n\t\t\t<div class=\"elementor-spacer-inner\"><\/div>\n\t\t<\/div>\n\t\t\t\t\t\t<\/div>\n\t\t\t\t<\/div>\n\t\t\t\t\t<\/div>\n\t\t<\/div>\n\t\t\t\t\t<\/div>\n\t\t<\/div>\n\t\t\t\t<div class=\"elementor-section elementor-top-section elementor-element elementor-element-cce3a6d mti-beau-gosse elementor-section-boxed elementor-section-height-default elementor-section-height-default default-style elementor-invisible\" data-id=\"cce3a6d\" data-element_type=\"section\" data-e-type=\"section\" data-settings=\"{&quot;animation&quot;:&quot;fadeIn&quot;,&quot;rt_color_sets&quot;:&quot;default-style&quot;}\">\n\t\t\t\t\t\t<div class=\"elementor-container elementor-column-gap-default\">\n\t\t\t\t\t<div class=\"elementor-column elementor-col-33 elementor-top-column elementor-element elementor-element-6d777df\" data-id=\"6d777df\" data-element_type=\"column\" data-e-type=\"column\">\n\t\t\t<div class=\"elementor-widget-wrap elementor-element-populated\">\n\t\t\t\t\t\t<div class=\"elementor-element elementor-element-db03397 aligncenter elementor-hidden-phone elementor-widget elementor-widget-image\" data-id=\"db03397\" data-element_type=\"widget\" data-e-type=\"widget\" data-widget_type=\"image.default\">\n\t\t\t\t<div class=\"elementor-widget-container\">\n\t\t\t\t\t\t\t\t\t\t\t\t\t\t\t<img decoding=\"async\" width=\"250\" height=\"375\" src=\"https:\/\/www.mathezfreight.com\/wp-content\/uploads\/photo-helene-plaquet-2020-1-250x375.png\" class=\"attachment-mti-medium-portrait size-mti-medium-portrait wp-image-46907\" alt=\"\" srcset=\"https:\/\/www.mathezfreight.com\/wp-content\/uploads\/photo-helene-plaquet-2020-1.png 250w, https:\/\/www.mathezfreight.com\/wp-content\/uploads\/photo-helene-plaquet-2020-1-125x187.png 125w\" sizes=\"(max-width: 250px) 100vw, 250px\" \/>\t\t\t\t\t\t\t\t\t\t\t\t\t\t\t<\/div>\n\t\t\t\t<\/div>\n\t\t\t\t\t<\/div>\n\t\t<\/div>\n\t\t\t\t<div class=\"elementor-column elementor-col-66 elementor-top-column elementor-element elementor-element-92a7442\" data-id=\"92a7442\" data-element_type=\"column\" data-e-type=\"column\">\n\t\t\t<div class=\"elementor-widget-wrap elementor-element-populated\">\n\t\t\t\t\t\t<div class=\"elementor-element elementor-element-bdbf158 elementor-widget elementor-widget-text-editor\" data-id=\"bdbf158\" data-element_type=\"widget\" data-e-type=\"widget\" data-widget_type=\"text-editor.default\">\n\t\t\t\t<div class=\"elementor-widget-container\">\n\t\t\t\t\t\t\t\t\t<blockquote><p data-pm-slice=\"1 1 []\"><a href=\"https:\/\/www.mathezfreight.com\/fr\/contact\/\" target=\"_blank\" rel=\"noopener\">Contactez-nous<\/a> d\u00e8s aujourd\u2019hui pour des r\u00e9ponses fiables et des services sur-mesure<\/p><\/blockquote><div style=\"text-align: left;\"><span style=\"color: #203669;\"><strong>H\u00e9l\u00e8ne Plaquet,<\/strong><\/span> <span style=\"color: #009f98;\"><strong>MATHEZ FREIGHT<\/strong><\/span><\/div>\t\t\t\t\t\t\t\t<\/div>\n\t\t\t\t<\/div>\n\t\t\t\t\t<\/div>\n\t\t<\/div>\n\t\t\t\t\t<\/div>\n\t\t<\/div>\n\t\t\t\t<aside class=\"elementor-section elementor-top-section elementor-element elementor-element-2637aff mti-social-bar bottom elementor-section-boxed elementor-section-height-default elementor-section-height-default default-style elementor-invisible\" data-id=\"2637aff\" data-element_type=\"section\" data-e-type=\"section\" data-settings=\"{&quot;animation&quot;:&quot;fadeIn&quot;,&quot;rt_color_sets&quot;:&quot;default-style&quot;}\">\n\t\t\t\t\t\t<div class=\"elementor-container elementor-column-gap-default\">\n\t\t\t\t\t<div class=\"elementor-column elementor-col-100 elementor-top-column elementor-element elementor-element-7e2d51c\" data-id=\"7e2d51c\" data-element_type=\"column\" data-e-type=\"column\">\n\t\t\t<div class=\"elementor-widget-wrap elementor-element-populated\">\n\t\t\t\t\t\t<div class=\"elementor-element elementor-element-ec97e6d elementor-share-buttons--view-icon elementor-share-buttons--skin-flat elementor-share-buttons--shape-square elementor-grid-0 elementor-share-buttons--color-official elementor-invisible elementor-widget elementor-widget-share-buttons\" data-id=\"ec97e6d\" data-element_type=\"widget\" data-e-type=\"widget\" data-settings=\"{&quot;_animation&quot;:&quot;fadeInLeft&quot;}\" data-widget_type=\"share-buttons.default\">\n\t\t\t\t<div class=\"elementor-widget-container\">\n\t\t\t\t\t\t\t<div class=\"elementor-grid\" role=\"list\">\n\t\t\t\t\t\t\t\t<div class=\"elementor-grid-item\" role=\"listitem\">\n\t\t\t\t\t\t<div class=\"elementor-share-btn elementor-share-btn_email\" role=\"button\" tabindex=\"0\" aria-label=\"Partager sur email\">\n\t\t\t\t\t\t\t\t\t\t\t\t\t\t\t<span class=\"elementor-share-btn__icon\">\n\t\t\t\t\t\t\t\t<i class=\"fas fa-envelope\" aria-hidden=\"true\"><\/i>\t\t\t\t\t\t\t<\/span>\n\t\t\t\t\t\t\t\t\t\t\t\t\t\t\t\t\t\t\t\t<\/div>\n\t\t\t\t\t<\/div>\n\t\t\t\t\t\t\t\t\t<div class=\"elementor-grid-item\" role=\"listitem\">\n\t\t\t\t\t\t<div class=\"elementor-share-btn elementor-share-btn_linkedin\" role=\"button\" tabindex=\"0\" aria-label=\"Partager sur linkedin\">\n\t\t\t\t\t\t\t\t\t\t\t\t\t\t\t<span class=\"elementor-share-btn__icon\">\n\t\t\t\t\t\t\t\t<i class=\"fab fa-linkedin\" aria-hidden=\"true\"><\/i>\t\t\t\t\t\t\t<\/span>\n\t\t\t\t\t\t\t\t\t\t\t\t\t\t\t\t\t\t\t\t<\/div>\n\t\t\t\t\t<\/div>\n\t\t\t\t\t\t\t\t\t<div class=\"elementor-grid-item\" role=\"listitem\">\n\t\t\t\t\t\t<div class=\"elementor-share-btn elementor-share-btn_twitter\" role=\"button\" tabindex=\"0\" aria-label=\"Partager sur twitter\">\n\t\t\t\t\t\t\t\t\t\t\t\t\t\t\t<span class=\"elementor-share-btn__icon\">\n\t\t\t\t\t\t\t\t<i class=\"fab fa-twitter\" aria-hidden=\"true\"><\/i>\t\t\t\t\t\t\t<\/span>\n\t\t\t\t\t\t\t\t\t\t\t\t\t\t\t\t\t\t\t\t<\/div>\n\t\t\t\t\t<\/div>\n\t\t\t\t\t\t\t\t\t<div class=\"elementor-grid-item\" role=\"listitem\">\n\t\t\t\t\t\t<div class=\"elementor-share-btn elementor-share-btn_facebook\" role=\"button\" tabindex=\"0\" aria-label=\"Partager sur facebook\">\n\t\t\t\t\t\t\t\t\t\t\t\t\t\t\t<span class=\"elementor-share-btn__icon\">\n\t\t\t\t\t\t\t\t<i class=\"fab fa-facebook\" aria-hidden=\"true\"><\/i>\t\t\t\t\t\t\t<\/span>\n\t\t\t\t\t\t\t\t\t\t\t\t\t\t\t\t\t\t\t\t<\/div>\n\t\t\t\t\t<\/div>\n\t\t\t\t\t\t\t\t\t<div class=\"elementor-grid-item\" role=\"listitem\">\n\t\t\t\t\t\t<div class=\"elementor-share-btn elementor-share-btn_print\" role=\"button\" tabindex=\"0\" aria-label=\"Partager sur print\">\n\t\t\t\t\t\t\t\t\t\t\t\t\t\t\t<span class=\"elementor-share-btn__icon\">\n\t\t\t\t\t\t\t\t<i class=\"fas fa-print\" aria-hidden=\"true\"><\/i>\t\t\t\t\t\t\t<\/span>\n\t\t\t\t\t\t\t\t\t\t\t\t\t\t\t\t\t\t\t\t<\/div>\n\t\t\t\t\t<\/div>\n\t\t\t\t\t\t<\/div>\n\t\t\t\t\t\t<\/div>\n\t\t\t\t<\/div>\n\t\t\t\t\t<\/div>\n\t\t<\/div>\n\t\t\t\t\t<\/div>\n\t\t<\/aside>\n\t\t\t\t<aside class=\"elementor-section elementor-top-section elementor-element elementor-element-030b571 mti-blog-grid single-post-bottom elementor-section-boxed elementor-section-height-default elementor-section-height-default default-style elementor-invisible\" data-id=\"030b571\" data-element_type=\"section\" data-e-type=\"section\" id=\"mti-blog-grid\" data-settings=\"{&quot;animation&quot;:&quot;fadeIn&quot;,&quot;rt_color_sets&quot;:&quot;default-style&quot;}\">\n\t\t\t\t\t\t<div class=\"elementor-container elementor-column-gap-default\">\n\t\t\t\t\t<div class=\"elementor-column elementor-col-100 elementor-top-column elementor-element elementor-element-dbe2e0f\" data-id=\"dbe2e0f\" data-element_type=\"column\" data-e-type=\"column\">\n\t\t\t<div class=\"elementor-widget-wrap elementor-element-populated\">\n\t\t\t\t\t\t<div class=\"elementor-element elementor-element-9e78f33 elementor-widget elementor-widget-heading\" data-id=\"9e78f33\" data-element_type=\"widget\" data-e-type=\"widget\" data-widget_type=\"heading.default\">\n\t\t\t\t<div class=\"elementor-widget-container\">\n\t\t\t\t\t<h3 class=\"elementor-heading-title elementor-size-default\">Voir aussi:<\/h3>\t\t\t\t<\/div>\n\t\t\t\t<\/div>\n\t\t\t\t<div class=\"elementor-element elementor-element-36baec8 elementor-widget elementor-widget-lae-posts-carousel\" data-id=\"36baec8\" data-element_type=\"widget\" data-e-type=\"widget\" data-widget_type=\"lae-posts-carousel.default\">\n\t\t\t\t<div class=\"elementor-widget-container\">\n\t\t\t\t\t\n<div        id=\"lae-posts-carousel-69f0a5344eddc\"\n        class=\"lae-posts-carousel lae-container lae-classic-skin\"\n        data-settings='{&quot;arrows&quot;:false,&quot;dots&quot;:true,&quot;autoplay&quot;:false,&quot;autoplay_speed&quot;:3000,&quot;animation_speed&quot;:300,&quot;pause_on_hover&quot;:true,&quot;adaptive_height&quot;:false,&quot;display_columns&quot;:4,&quot;scroll_columns&quot;:3,&quot;gutter&quot;:10,&quot;tablet_width&quot;:800,&quot;tablet_display_columns&quot;:2,&quot;tablet_scroll_columns&quot;:2,&quot;tablet_gutter&quot;:10,&quot;mobile_width&quot;:480,&quot;mobile_display_columns&quot;:1,&quot;mobile_scroll_columns&quot;:1,&quot;mobile_gutter&quot;:10}'>\n<div data-id=\"id-67572\" class=\"lae-posts-carousel-item\">\n\n    <article id=\"post-67572\" class=\"post-67572 post type-post status-publish format-standard has-post-thumbnail hentry category-fret-mode-demploi tag-douane tag-transport-voitures tag-tva cibles-une cibles-agences-sud cibles-douane cibles-tva cibles-voitures\">\n\n        \n            \n            \n            \n                <div class=\"lae-project-image\">\n\n                    \n                    \n                    \n                        <a href=\"https:\/\/www.mathezfreight.com\/fr\/blog\/auto-export-ferry-douane-tva-maghreb\/\"><img decoding=\"async\" width=\"274\" height=\"183\" src=\"https:\/\/www.mathezfreight.com\/wp-content\/uploads\/photo-car-ferry-maghreb-274x183.jpg\" class=\"lae-image attachment-mti-small-classic size-mti-small-classic\" alt=\"photo-car-ferry-maghreb\" title=\"Export de voitures vers le Maghreb\" srcset=\"https:\/\/www.mathezfreight.com\/wp-content\/uploads\/photo-car-ferry-maghreb-274x183.jpg 274w, https:\/\/www.mathezfreight.com\/wp-content\/uploads\/photo-car-ferry-maghreb-600x400.jpg 600w, https:\/\/www.mathezfreight.com\/wp-content\/uploads\/photo-car-ferry-maghreb-1100x733.jpg 1100w, https:\/\/www.mathezfreight.com\/wp-content\/uploads\/photo-car-ferry-maghreb-768x512.jpg 768w, https:\/\/www.mathezfreight.com\/wp-content\/uploads\/photo-car-ferry-maghreb-375x250.jpg 375w, https:\/\/www.mathezfreight.com\/wp-content\/uploads\/photo-car-ferry-maghreb-1200x800.jpg 1200w, https:\/\/www.mathezfreight.com\/wp-content\/uploads\/photo-car-ferry-maghreb-610x406.jpg 610w, https:\/\/www.mathezfreight.com\/wp-content\/uploads\/photo-car-ferry-maghreb.jpg 1220w\" sizes=\"(max-width: 274px) 100vw, 274px\" \/><\/a>\n\n                    \n                    \n                        <div class=\"lae-image-info\">\n\n                            <div class=\"lae-entry-info\">\n\n                                \n                                    <h3 class=\"lae-post-title\">\n\n                                        <a href=\"https:\/\/www.mathezfreight.com\/fr\/blog\/auto-export-ferry-douane-tva-maghreb\/\" title=\"Export de voitures vers Alg\u00e9rie, Maroc ou Tunisie: pourquoi passer par un transitaire en douane en 2026\"\n                                           rel=\"bookmark\">Export de voitures vers Alg\u00e9rie, Maroc ou Tunisie: pourquoi passer par un transitaire en douane en 2026<\/a>\n\n                                    <\/h3>\n\n                                \n                                \n                                    <span class=\"lae-terms\"><a href=\"https:\/\/www.mathezfreight.com\/fr\/blog\/categorie\/fret-mode-demploi\/\">Fret Mode d'Emploi<\/a><\/span>\n                                \n                            <\/div>\n\n                        <\/div><!-- .lae-image-info -->\n\n                    \n                <\/div>\n\n            \n            \n                <div class=\"lae-entry-text-wrap \">\n\n                    \n                        <h3 class=\"entry-title\">\n\n                            <a href=\"https:\/\/www.mathezfreight.com\/fr\/blog\/auto-export-ferry-douane-tva-maghreb\/\" title=\"Export de voitures vers Alg\u00e9rie, Maroc ou Tunisie: pourquoi passer par un transitaire en douane en 2026\"\n                               rel=\"bookmark\">Export de voitures vers Alg\u00e9rie, Maroc ou Tunisie: pourquoi passer par un transitaire en douane en 2026<\/a>\n\n                        <\/h3>\n\n                    \n                    \n                    \n                    \n                <\/div>\n\n            \n        \n    <\/article><!-- .hentry -->\n\n<\/div><!-- .lae-posts-carousel-item -->\n<div data-id=\"id-67142\" class=\"lae-posts-carousel-item\">\n\n    <article id=\"post-67142\" class=\"post-67142 post type-post status-publish format-standard has-post-thumbnail hentry category-fret-mode-demploi tag-douane tag-tva cibles-une cibles-agences-sud cibles-douane cibles-congres cibles-tva\">\n\n        \n            \n            \n            \n                <div class=\"lae-project-image\">\n\n                    \n                    \n                    \n                        <a href=\"https:\/\/www.mathezfreight.com\/fr\/blog\/suspension-douane-tva-salons-congres\/\"><img decoding=\"async\" width=\"274\" height=\"183\" src=\"https:\/\/www.mathezfreight.com\/wp-content\/uploads\/photo-onsite-salons-congres-274x183.jpg\" class=\"lae-image attachment-mti-small-classic size-mti-small-classic\" alt=\"Salons et congr\u00e8s : douane et TVA\" title=\"Salons et congr\u00e8s : douane et TVA\" srcset=\"https:\/\/www.mathezfreight.com\/wp-content\/uploads\/photo-onsite-salons-congres-274x183.jpg 274w, https:\/\/www.mathezfreight.com\/wp-content\/uploads\/photo-onsite-salons-congres-600x400.jpg 600w, https:\/\/www.mathezfreight.com\/wp-content\/uploads\/photo-onsite-salons-congres-1100x733.jpg 1100w, https:\/\/www.mathezfreight.com\/wp-content\/uploads\/photo-onsite-salons-congres-768x512.jpg 768w, https:\/\/www.mathezfreight.com\/wp-content\/uploads\/photo-onsite-salons-congres-375x250.jpg 375w, https:\/\/www.mathezfreight.com\/wp-content\/uploads\/photo-onsite-salons-congres-1200x800.jpg 1200w, https:\/\/www.mathezfreight.com\/wp-content\/uploads\/photo-onsite-salons-congres-610x406.jpg 610w, https:\/\/www.mathezfreight.com\/wp-content\/uploads\/photo-onsite-salons-congres.jpg 1220w\" sizes=\"(max-width: 274px) 100vw, 274px\" \/><\/a>\n\n                    \n                    \n                        <div class=\"lae-image-info\">\n\n                            <div class=\"lae-entry-info\">\n\n                                \n                                    <h3 class=\"lae-post-title\">\n\n                                        <a href=\"https:\/\/www.mathezfreight.com\/fr\/blog\/suspension-douane-tva-salons-congres\/\" title=\"Suspension de droits de douane et TVA sur les salons et congr\u00e8s: comment \u00e7a marche?\"\n                                           rel=\"bookmark\">Suspension de droits de douane et TVA sur les salons et congr\u00e8s: comment \u00e7a marche?<\/a>\n\n                                    <\/h3>\n\n                                \n                                \n                                    <span class=\"lae-terms\"><a href=\"https:\/\/www.mathezfreight.com\/fr\/blog\/categorie\/fret-mode-demploi\/\">Fret Mode d'Emploi<\/a><\/span>\n                                \n                            <\/div>\n\n                        <\/div><!-- .lae-image-info -->\n\n                    \n                <\/div>\n\n            \n            \n                <div class=\"lae-entry-text-wrap \">\n\n                    \n                        <h3 class=\"entry-title\">\n\n                            <a href=\"https:\/\/www.mathezfreight.com\/fr\/blog\/suspension-douane-tva-salons-congres\/\" title=\"Suspension de droits de douane et TVA sur les salons et congr\u00e8s: comment \u00e7a marche?\"\n                               rel=\"bookmark\">Suspension de droits de douane et TVA sur les salons et congr\u00e8s: comment \u00e7a marche?<\/a>\n\n                        <\/h3>\n\n                    \n                    \n                    \n                    \n                <\/div>\n\n            \n        \n    <\/article><!-- .hentry -->\n\n<\/div><!-- .lae-posts-carousel-item -->\n<div data-id=\"id-66861\" class=\"lae-posts-carousel-item\">\n\n    <article id=\"post-66861\" class=\"post-66861 post type-post status-publish format-standard has-post-thumbnail hentry category-fret-mode-demploi tag-douane tag-tva cibles-une cibles-agences-sud cibles-douane cibles-import cibles-congres cibles-tva cibles-yachts\">\n\n        \n            \n            \n            \n                <div class=\"lae-project-image\">\n\n                    \n                    \n                    \n                        <a href=\"https:\/\/www.mathezfreight.com\/fr\/blog\/douane-cannes-monaco-boat-shows\/\"><img decoding=\"async\" width=\"274\" height=\"183\" src=\"https:\/\/www.mathezfreight.com\/wp-content\/uploads\/photo-cannes-monaco-boat-shows-douane-274x183.jpg\" class=\"lae-image attachment-mti-small-classic size-mti-small-classic\" alt=\"photo-cannes-monaco-boat-shows-douane\" title=\"Yacht de luxe naviguant en mer M\u00e9diterran\u00e9e, conformit\u00e9 douani\u00e8re assur\u00e9e.\" srcset=\"https:\/\/www.mathezfreight.com\/wp-content\/uploads\/photo-cannes-monaco-boat-shows-douane-274x183.jpg 274w, https:\/\/www.mathezfreight.com\/wp-content\/uploads\/photo-cannes-monaco-boat-shows-douane-600x400.jpg 600w, https:\/\/www.mathezfreight.com\/wp-content\/uploads\/photo-cannes-monaco-boat-shows-douane-1100x733.jpg 1100w, https:\/\/www.mathezfreight.com\/wp-content\/uploads\/photo-cannes-monaco-boat-shows-douane-768x512.jpg 768w, https:\/\/www.mathezfreight.com\/wp-content\/uploads\/photo-cannes-monaco-boat-shows-douane-375x250.jpg 375w, https:\/\/www.mathezfreight.com\/wp-content\/uploads\/photo-cannes-monaco-boat-shows-douane-1200x800.jpg 1200w, https:\/\/www.mathezfreight.com\/wp-content\/uploads\/photo-cannes-monaco-boat-shows-douane-610x406.jpg 610w, https:\/\/www.mathezfreight.com\/wp-content\/uploads\/photo-cannes-monaco-boat-shows-douane.jpg 1220w\" sizes=\"(max-width: 274px) 100vw, 274px\" \/><\/a>\n\n                    \n                    \n                        <div class=\"lae-image-info\">\n\n                            <div class=\"lae-entry-info\">\n\n                                \n                                    <h3 class=\"lae-post-title\">\n\n                                        <a href=\"https:\/\/www.mathezfreight.com\/fr\/blog\/douane-cannes-monaco-boat-shows\/\" title=\"Cannes et Monaco Boat Shows: la douane en toute conformit\u00e9\"\n                                           rel=\"bookmark\">Cannes et Monaco Boat Shows: la douane en toute conformit\u00e9<\/a>\n\n                                    <\/h3>\n\n                                \n                                \n                                    <span class=\"lae-terms\"><a href=\"https:\/\/www.mathezfreight.com\/fr\/blog\/categorie\/fret-mode-demploi\/\">Fret Mode d'Emploi<\/a><\/span>\n                                \n                            <\/div>\n\n                        <\/div><!-- .lae-image-info -->\n\n                    \n                <\/div>\n\n            \n            \n                <div class=\"lae-entry-text-wrap \">\n\n                    \n                        <h3 class=\"entry-title\">\n\n                            <a href=\"https:\/\/www.mathezfreight.com\/fr\/blog\/douane-cannes-monaco-boat-shows\/\" title=\"Cannes et Monaco Boat Shows: la douane en toute conformit\u00e9\"\n                               rel=\"bookmark\">Cannes et Monaco Boat Shows: la douane en toute conformit\u00e9<\/a>\n\n                        <\/h3>\n\n                    \n                    \n                    \n                    \n                <\/div>\n\n            \n        \n    <\/article><!-- .hentry -->\n\n<\/div><!-- .lae-posts-carousel-item -->\n<div data-id=\"id-63722\" class=\"lae-posts-carousel-item\">\n\n    <article id=\"post-63722\" class=\"post-63722 post type-post status-publish format-standard has-post-thumbnail hentry category-fret-mode-demploi category-operations tag-douane cibles-agences-nord cibles-douane cibles-maritime\">\n\n        \n            \n            \n            \n                <div class=\"lae-project-image\">\n\n                    \n                    \n                    \n                        <a href=\"https:\/\/www.mathezfreight.com\/fr\/blog\/delta-ie-import-transition-et-nouveautes\/\"><img decoding=\"async\" width=\"274\" height=\"183\" src=\"https:\/\/www.mathezfreight.com\/wp-content\/uploads\/photo-delta-ie-bascule-274x183.jpg\" class=\"lae-image attachment-mti-small-classic size-mti-small-classic\" alt=\"photo-delta-ie-bascule\" title=\"photo-delta-ie-bascule\" srcset=\"https:\/\/www.mathezfreight.com\/wp-content\/uploads\/photo-delta-ie-bascule-274x183.jpg 274w, https:\/\/www.mathezfreight.com\/wp-content\/uploads\/photo-delta-ie-bascule-375x250.jpg 375w\" sizes=\"(max-width: 274px) 100vw, 274px\" \/><\/a>\n\n                    \n                    \n                        <div class=\"lae-image-info\">\n\n                            <div class=\"lae-entry-info\">\n\n                                \n                                    <h3 class=\"lae-post-title\">\n\n                                        <a href=\"https:\/\/www.mathezfreight.com\/fr\/blog\/delta-ie-import-transition-et-nouveautes\/\" title=\"Delta IE Import: transition et nouveaut\u00e9s\"\n                                           rel=\"bookmark\">Delta IE Import: transition et nouveaut\u00e9s<\/a>\n\n                                    <\/h3>\n\n                                \n                                \n                                    <span class=\"lae-terms\"><a href=\"https:\/\/www.mathezfreight.com\/fr\/blog\/categorie\/fret-mode-demploi\/\">Fret Mode d'Emploi<\/a>, <a href=\"https:\/\/www.mathezfreight.com\/fr\/blog\/categorie\/operations\/\">Op\u00e9rations<\/a><\/span>\n                                \n                            <\/div>\n\n                        <\/div><!-- .lae-image-info -->\n\n                    \n                <\/div>\n\n            \n            \n                <div class=\"lae-entry-text-wrap \">\n\n                    \n                        <h3 class=\"entry-title\">\n\n                            <a href=\"https:\/\/www.mathezfreight.com\/fr\/blog\/delta-ie-import-transition-et-nouveautes\/\" title=\"Delta IE Import: transition et nouveaut\u00e9s\"\n                               rel=\"bookmark\">Delta IE Import: transition et nouveaut\u00e9s<\/a>\n\n                        <\/h3>\n\n                    \n                    \n                    \n                    \n                <\/div>\n\n            \n        \n    <\/article><!-- .hentry -->\n\n<\/div><!-- .lae-posts-carousel-item -->\n<div data-id=\"id-65262\" class=\"lae-posts-carousel-item\">\n\n    <article id=\"post-65262\" class=\"post-65262 post type-post status-publish format-standard has-post-thumbnail hentry category-fret-mode-demploi tag-decarbonation tag-douane cibles-une cibles-agences-nord cibles-aromes cibles-douane cibles-import\">\n\n        \n            \n            \n            \n                <div class=\"lae-project-image\">\n\n                    \n                    \n                    \n                        <a href=\"https:\/\/www.mathezfreight.com\/fr\/blog\/rdue-deforestation-douane-2026-2027\/\"><img decoding=\"async\" width=\"274\" height=\"183\" src=\"https:\/\/www.mathezfreight.com\/wp-content\/uploads\/photo-forets-rdue-depositphotos_170188894_l-274x183.jpg\" class=\"lae-image attachment-mti-small-classic size-mti-small-classic\" alt=\"RDUE r\u00e9glement d\u00e9forestation UE\" title=\"RDUE r\u00e9glement d\u00e9forestation UE\" srcset=\"https:\/\/www.mathezfreight.com\/wp-content\/uploads\/photo-forets-rdue-depositphotos_170188894_l-274x183.jpg 274w, https:\/\/www.mathezfreight.com\/wp-content\/uploads\/photo-forets-rdue-depositphotos_170188894_l-600x400.jpg 600w, https:\/\/www.mathezfreight.com\/wp-content\/uploads\/photo-forets-rdue-depositphotos_170188894_l-1100x733.jpg 1100w, https:\/\/www.mathezfreight.com\/wp-content\/uploads\/photo-forets-rdue-depositphotos_170188894_l-768x512.jpg 768w, https:\/\/www.mathezfreight.com\/wp-content\/uploads\/photo-forets-rdue-depositphotos_170188894_l-375x250.jpg 375w, https:\/\/www.mathezfreight.com\/wp-content\/uploads\/photo-forets-rdue-depositphotos_170188894_l-1200x800.jpg 1200w, https:\/\/www.mathezfreight.com\/wp-content\/uploads\/photo-forets-rdue-depositphotos_170188894_l-610x406.jpg 610w, https:\/\/www.mathezfreight.com\/wp-content\/uploads\/photo-forets-rdue-depositphotos_170188894_l.jpg 1220w\" sizes=\"(max-width: 274px) 100vw, 274px\" \/><\/a>\n\n                    \n                    \n                        <div class=\"lae-image-info\">\n\n                            <div class=\"lae-entry-info\">\n\n                                \n                                    <h3 class=\"lae-post-title\">\n\n                                        <a href=\"https:\/\/www.mathezfreight.com\/fr\/blog\/rdue-deforestation-douane-2026-2027\/\" title=\"R\u00e9glement contre la d\u00e9forestation de l&rsquo;UE (RDUE): anticipez vos obligations douani\u00e8res 2026-2027\"\n                                           rel=\"bookmark\">R\u00e9glement contre la d\u00e9forestation de l&rsquo;UE (RDUE): anticipez vos obligations douani\u00e8res 2026-2027<\/a>\n\n                                    <\/h3>\n\n                                \n                                \n                                    <span class=\"lae-terms\"><a href=\"https:\/\/www.mathezfreight.com\/fr\/blog\/categorie\/fret-mode-demploi\/\">Fret Mode d'Emploi<\/a><\/span>\n                                \n                            <\/div>\n\n                        <\/div><!-- .lae-image-info -->\n\n                    \n                <\/div>\n\n            \n            \n                <div class=\"lae-entry-text-wrap \">\n\n                    \n                        <h3 class=\"entry-title\">\n\n                            <a href=\"https:\/\/www.mathezfreight.com\/fr\/blog\/rdue-deforestation-douane-2026-2027\/\" title=\"R\u00e9glement contre la d\u00e9forestation de l&rsquo;UE (RDUE): anticipez vos obligations douani\u00e8res 2026-2027\"\n                               rel=\"bookmark\">R\u00e9glement contre la d\u00e9forestation de l&rsquo;UE (RDUE): anticipez vos obligations douani\u00e8res 2026-2027<\/a>\n\n                        <\/h3>\n\n                    \n                    \n                    \n                    \n                <\/div>\n\n            \n        \n    <\/article><!-- .hentry -->\n\n<\/div><!-- .lae-posts-carousel-item -->\n<div data-id=\"id-35953\" class=\"lae-posts-carousel-item\">\n\n    <article id=\"post-35953\" class=\"post-35953 post type-post status-publish format-standard has-post-thumbnail hentry category-fret-mode-demploi tag-douane cibles-une cibles-agences-nord cibles-agences-sud cibles-douane cibles-import\">\n\n        \n            \n            \n            \n                <div class=\"lae-project-image\">\n\n                    \n                    \n                    \n                        <a href=\"https:\/\/www.mathezfreight.com\/fr\/blog\/codes-douaniers-tarif-douanier\/\"><img decoding=\"async\" width=\"274\" height=\"183\" src=\"https:\/\/www.mathezfreight.com\/wp-content\/uploads\/photo-code-douanier-2020-274x183.jpg\" class=\"lae-image attachment-mti-small-classic size-mti-small-classic\" alt=\"Code douanier : le trouver dans le Tarif douanier 2026\" title=\"Code douanier : le trouver dans le Tarif douanier 2026\" srcset=\"https:\/\/www.mathezfreight.com\/wp-content\/uploads\/photo-code-douanier-2020-274x183.jpg 274w, https:\/\/www.mathezfreight.com\/wp-content\/uploads\/photo-code-douanier-2020-375x250.jpg 375w, https:\/\/www.mathezfreight.com\/wp-content\/uploads\/photo-code-douanier-2020-1200x800.jpg 1200w\" sizes=\"(max-width: 274px) 100vw, 274px\" \/><\/a>\n\n                    \n                    \n                        <div class=\"lae-image-info\">\n\n                            <div class=\"lae-entry-info\">\n\n                                \n                                    <h3 class=\"lae-post-title\">\n\n                                        <a href=\"https:\/\/www.mathezfreight.com\/fr\/blog\/codes-douaniers-tarif-douanier\/\" title=\"Comment v\u00e9rifier vos codes et tarifs  douaniers en 2026?\"\n                                           rel=\"bookmark\">Comment v\u00e9rifier vos codes et tarifs  douaniers en 2026?<\/a>\n\n                                    <\/h3>\n\n                                \n                                \n                                    <span class=\"lae-terms\"><a href=\"https:\/\/www.mathezfreight.com\/fr\/blog\/categorie\/fret-mode-demploi\/\">Fret Mode d'Emploi<\/a><\/span>\n                                \n                            <\/div>\n\n                        <\/div><!-- .lae-image-info -->\n\n                    \n                <\/div>\n\n            \n            \n                <div class=\"lae-entry-text-wrap \">\n\n                    \n                        <h3 class=\"entry-title\">\n\n                            <a href=\"https:\/\/www.mathezfreight.com\/fr\/blog\/codes-douaniers-tarif-douanier\/\" title=\"Comment v\u00e9rifier vos codes et tarifs  douaniers en 2026?\"\n                               rel=\"bookmark\">Comment v\u00e9rifier vos codes et tarifs  douaniers en 2026?<\/a>\n\n                        <\/h3>\n\n                    \n                    \n                    \n                    \n                <\/div>\n\n            \n        \n    <\/article><!-- .hentry -->\n\n<\/div><!-- .lae-posts-carousel-item -->\n<div data-id=\"id-51490\" class=\"lae-posts-carousel-item\">\n\n    <article id=\"post-51490\" class=\"post-51490 post type-post status-publish format-standard has-post-thumbnail hentry category-fret-mode-demploi tag-douane tag-international cibles-une cibles-agences-nord cibles-douane cibles-import\">\n\n        \n            \n            \n            \n                <div class=\"lae-project-image\">\n\n                    \n                    \n                    \n                        <a href=\"https:\/\/www.mathezfreight.com\/fr\/blog\/numeros-eori-ce-qui-change-en-2024-et-2026-en-france\/\"><img decoding=\"async\" width=\"274\" height=\"183\" src=\"https:\/\/www.mathezfreight.com\/wp-content\/uploads\/photo-eori-france-2024-2026-274x183.png\" class=\"lae-image attachment-mti-small-classic size-mti-small-classic\" alt=\"photo-eori-france-2024-2026\" title=\"Num\u00e9ros EORI: les changements 2024-2026\" srcset=\"https:\/\/www.mathezfreight.com\/wp-content\/uploads\/photo-eori-france-2024-2026-274x183.png 274w, https:\/\/www.mathezfreight.com\/wp-content\/uploads\/photo-eori-france-2024-2026-375x250.png 375w, https:\/\/www.mathezfreight.com\/wp-content\/uploads\/photo-eori-france-2024-2026-1200x800.png 1200w, https:\/\/www.mathezfreight.com\/wp-content\/uploads\/photo-eori-france-2024-2026-25x16.png 25w, https:\/\/www.mathezfreight.com\/wp-content\/uploads\/photo-eori-france-2024-2026-68x45.png 68w\" sizes=\"(max-width: 274px) 100vw, 274px\" \/><\/a>\n\n                    \n                    \n                        <div class=\"lae-image-info\">\n\n                            <div class=\"lae-entry-info\">\n\n                                \n                                    <h3 class=\"lae-post-title\">\n\n                                        <a href=\"https:\/\/www.mathezfreight.com\/fr\/blog\/numeros-eori-ce-qui-change-en-2024-et-2026-en-france\/\" title=\"Num\u00e9ros EORI: ce qui change en 2026\"\n                                           rel=\"bookmark\">Num\u00e9ros EORI: ce qui change en 2026<\/a>\n\n                                    <\/h3>\n\n                                \n                                \n                                    <span class=\"lae-terms\"><a href=\"https:\/\/www.mathezfreight.com\/fr\/blog\/categorie\/fret-mode-demploi\/\">Fret Mode d'Emploi<\/a><\/span>\n                                \n                            <\/div>\n\n                        <\/div><!-- .lae-image-info -->\n\n                    \n                <\/div>\n\n            \n            \n                <div class=\"lae-entry-text-wrap \">\n\n                    \n                        <h3 class=\"entry-title\">\n\n                            <a href=\"https:\/\/www.mathezfreight.com\/fr\/blog\/numeros-eori-ce-qui-change-en-2024-et-2026-en-france\/\" title=\"Num\u00e9ros EORI: ce qui change en 2026\"\n                               rel=\"bookmark\">Num\u00e9ros EORI: ce qui change en 2026<\/a>\n\n                        <\/h3>\n\n                    \n                    \n                    \n                    \n                <\/div>\n\n            \n        \n    <\/article><!-- .hentry -->\n\n<\/div><!-- .lae-posts-carousel-item -->\n<div data-id=\"id-64563\" class=\"lae-posts-carousel-item\">\n\n    <article id=\"post-64563\" class=\"post-64563 post type-post status-publish format-standard has-post-thumbnail hentry category-fret-mode-demploi tag-douane tag-yachting cibles-une cibles-agences-sud cibles-douane cibles-yachts\">\n\n        \n            \n            \n            \n                <div class=\"lae-project-image\">\n\n                    \n                    \n                    \n                        <a href=\"https:\/\/www.mathezfreight.com\/fr\/blog\/admission-temporaire-yachting\/\"><img decoding=\"async\" width=\"274\" height=\"183\" src=\"https:\/\/www.mathezfreight.com\/wp-content\/uploads\/photo_yachts_depositphotos_91479904_l-274x183.jpg\" class=\"lae-image attachment-mti-small-classic size-mti-small-classic\" alt=\"Admission temporaire 18 mois yachting\" title=\"Admission temporaire 18 mois yachting\" srcset=\"https:\/\/www.mathezfreight.com\/wp-content\/uploads\/photo_yachts_depositphotos_91479904_l-274x183.jpg 274w, https:\/\/www.mathezfreight.com\/wp-content\/uploads\/photo_yachts_depositphotos_91479904_l-375x250.jpg 375w\" sizes=\"(max-width: 274px) 100vw, 274px\" \/><\/a>\n\n                    \n                    \n                        <div class=\"lae-image-info\">\n\n                            <div class=\"lae-entry-info\">\n\n                                \n                                    <h3 class=\"lae-post-title\">\n\n                                        <a href=\"https:\/\/www.mathezfreight.com\/fr\/blog\/admission-temporaire-yachting\/\" title=\"Admission Temporaire 18 mois pour yachts: naviguer en Europe sans import ni TVA\"\n                                           rel=\"bookmark\">Admission Temporaire 18 mois pour yachts: naviguer en Europe sans import ni TVA<\/a>\n\n                                    <\/h3>\n\n                                \n                                \n                                    <span class=\"lae-terms\"><a href=\"https:\/\/www.mathezfreight.com\/fr\/blog\/categorie\/fret-mode-demploi\/\">Fret Mode d'Emploi<\/a><\/span>\n                                \n                            <\/div>\n\n                        <\/div><!-- .lae-image-info -->\n\n                    \n                <\/div>\n\n            \n            \n                <div class=\"lae-entry-text-wrap \">\n\n                    \n                        <h3 class=\"entry-title\">\n\n                            <a href=\"https:\/\/www.mathezfreight.com\/fr\/blog\/admission-temporaire-yachting\/\" title=\"Admission Temporaire 18 mois pour yachts: naviguer en Europe sans import ni TVA\"\n                               rel=\"bookmark\">Admission Temporaire 18 mois pour yachts: naviguer en Europe sans import ni TVA<\/a>\n\n                        <\/h3>\n\n                    \n                    \n                    \n                    \n                <\/div>\n\n            \n        \n    <\/article><!-- .hentry -->\n\n<\/div><!-- .lae-posts-carousel-item -->\n<div data-id=\"id-64104\" class=\"lae-posts-carousel-item\">\n\n    <article id=\"post-64104\" class=\"post-64104 post type-post status-publish format-standard has-post-thumbnail hentry category-fret-mode-demploi category-operations tag-decarbonation tag-douane cibles-une cibles-aerien cibles-agences cibles-agences-sud cibles-aromes cibles-import\">\n\n        \n            \n            \n            \n                <div class=\"lae-project-image\">\n\n                    \n                    \n                    \n                        <a href=\"https:\/\/www.mathezfreight.com\/fr\/blog\/aromes-cosmetiques-controle-bio-nice\/\"><img decoding=\"async\" width=\"274\" height=\"183\" src=\"https:\/\/www.mathezfreight.com\/wp-content\/uploads\/photo_epices_bio_nice_depositphotos_610477372_l-274x183.jpg\" class=\"lae-image attachment-mti-small-classic size-mti-small-classic\" alt=\"Import d&rsquo;ingr\u00e9dients aromatiques et cosm\u00e9tiques Bio \u00e0 Nice\" title=\"Import d&#039;ingr\u00e9dients aromatiques et cosm\u00e9tiques Bio \u00e0 Nice\" srcset=\"https:\/\/www.mathezfreight.com\/wp-content\/uploads\/photo_epices_bio_nice_depositphotos_610477372_l-274x183.jpg 274w, https:\/\/www.mathezfreight.com\/wp-content\/uploads\/photo_epices_bio_nice_depositphotos_610477372_l-375x250.jpg 375w\" sizes=\"(max-width: 274px) 100vw, 274px\" \/><\/a>\n\n                    \n                    \n                        <div class=\"lae-image-info\">\n\n                            <div class=\"lae-entry-info\">\n\n                                \n                                    <h3 class=\"lae-post-title\">\n\n                                        <a href=\"https:\/\/www.mathezfreight.com\/fr\/blog\/aromes-cosmetiques-controle-bio-nice\/\" title=\"Les industries ar\u00f4mes et cosm\u00e9tique ont leur contr\u00f4le bio \u00e0 Nice\"\n                                           rel=\"bookmark\">Les industries ar\u00f4mes et cosm\u00e9tique ont leur contr\u00f4le bio \u00e0 Nice<\/a>\n\n                                    <\/h3>\n\n                                \n                                \n                                    <span class=\"lae-terms\"><a href=\"https:\/\/www.mathezfreight.com\/fr\/blog\/categorie\/fret-mode-demploi\/\">Fret Mode d'Emploi<\/a>, <a href=\"https:\/\/www.mathezfreight.com\/fr\/blog\/categorie\/operations\/\">Op\u00e9rations<\/a><\/span>\n                                \n                            <\/div>\n\n                        <\/div><!-- .lae-image-info -->\n\n                    \n                <\/div>\n\n            \n            \n                <div class=\"lae-entry-text-wrap \">\n\n                    \n                        <h3 class=\"entry-title\">\n\n                            <a href=\"https:\/\/www.mathezfreight.com\/fr\/blog\/aromes-cosmetiques-controle-bio-nice\/\" title=\"Les industries ar\u00f4mes et cosm\u00e9tique ont leur contr\u00f4le bio \u00e0 Nice\"\n                               rel=\"bookmark\">Les industries ar\u00f4mes et cosm\u00e9tique ont leur contr\u00f4le bio \u00e0 Nice<\/a>\n\n                        <\/h3>\n\n                    \n                    \n                    \n                    \n                <\/div>\n\n            \n        \n    <\/article><!-- .hentry -->\n\n<\/div><!-- .lae-posts-carousel-item -->\n<div data-id=\"id-63819\" class=\"lae-posts-carousel-item\">\n\n    <article id=\"post-63819\" class=\"post-63819 post type-post status-publish format-standard has-post-thumbnail hentry category-fret-mode-demploi tag-douane cibles-agences-nord cibles-douane\">\n\n        \n            \n            \n            \n                <div class=\"lae-project-image\">\n\n                    \n                    \n                    \n                        <a href=\"https:\/\/www.mathezfreight.com\/fr\/blog\/suspensions-droits-douane\/\"><img decoding=\"async\" width=\"274\" height=\"183\" src=\"https:\/\/www.mathezfreight.com\/wp-content\/uploads\/suspensions-doune-ue-depositphotos_464572314_l-274x183.jpg\" class=\"lae-image attachment-mti-small-classic size-mti-small-classic\" alt=\"Suspension de droits de douane\" title=\"Suspension de droits de douane\" srcset=\"https:\/\/www.mathezfreight.com\/wp-content\/uploads\/suspensions-doune-ue-depositphotos_464572314_l-274x183.jpg 274w, https:\/\/www.mathezfreight.com\/wp-content\/uploads\/suspensions-doune-ue-depositphotos_464572314_l-600x400.jpg 600w, https:\/\/www.mathezfreight.com\/wp-content\/uploads\/suspensions-doune-ue-depositphotos_464572314_l-1100x734.jpg 1100w, https:\/\/www.mathezfreight.com\/wp-content\/uploads\/suspensions-doune-ue-depositphotos_464572314_l-768x512.jpg 768w, https:\/\/www.mathezfreight.com\/wp-content\/uploads\/suspensions-doune-ue-depositphotos_464572314_l-375x250.jpg 375w, https:\/\/www.mathezfreight.com\/wp-content\/uploads\/suspensions-doune-ue-depositphotos_464572314_l-1200x800.jpg 1200w, https:\/\/www.mathezfreight.com\/wp-content\/uploads\/suspensions-doune-ue-depositphotos_464572314_l-610x407.jpg 610w, https:\/\/www.mathezfreight.com\/wp-content\/uploads\/suspensions-doune-ue-depositphotos_464572314_l.jpg 1220w\" sizes=\"(max-width: 274px) 100vw, 274px\" \/><\/a>\n\n                    \n                    \n                        <div class=\"lae-image-info\">\n\n                            <div class=\"lae-entry-info\">\n\n                                \n                                    <h3 class=\"lae-post-title\">\n\n                                        <a href=\"https:\/\/www.mathezfreight.com\/fr\/blog\/suspensions-droits-douane\/\" title=\"Suspensions de droits de douane: vos produits sont-ils concern\u00e9s?\"\n                                           rel=\"bookmark\">Suspensions de droits de douane: vos produits sont-ils concern\u00e9s?<\/a>\n\n                                    <\/h3>\n\n                                \n                                \n                                    <span class=\"lae-terms\"><a href=\"https:\/\/www.mathezfreight.com\/fr\/blog\/categorie\/fret-mode-demploi\/\">Fret Mode d'Emploi<\/a><\/span>\n                                \n                            <\/div>\n\n                        <\/div><!-- .lae-image-info -->\n\n                    \n                <\/div>\n\n            \n            \n                <div class=\"lae-entry-text-wrap \">\n\n                    \n                        <h3 class=\"entry-title\">\n\n                            <a href=\"https:\/\/www.mathezfreight.com\/fr\/blog\/suspensions-droits-douane\/\" title=\"Suspensions de droits de douane: vos produits sont-ils concern\u00e9s?\"\n                               rel=\"bookmark\">Suspensions de droits de douane: vos produits sont-ils concern\u00e9s?<\/a>\n\n                        <\/h3>\n\n                    \n                    \n                    \n                    \n                <\/div>\n\n            \n        \n    <\/article><!-- .hentry -->\n\n<\/div><!-- .lae-posts-carousel-item --><\/div><!-- .lae-posts-carousel -->\t\t\t\t<\/div>\n\t\t\t\t<\/div>\n\t\t\t\t\t<\/div>\n\t\t<\/div>\n\t\t\t\t\t<\/div>\n\t\t<\/aside>\n\t\t\t\t<\/div>\n\t\t","protected":false},"excerpt":{"rendered":"<p>Cannes Yachting Festival (CYF) et Monaco Yacht Show (MYS) approchent: b\u00e9n\u00e9ficiez des r\u00e9gimes douane &#038; TVA avantageux en toute s\u00e9curit\u00e9 pour vos yachts.<\/p>\n","protected":false},"author":131,"featured_media":66921,"comment_status":"open","ping_status":"open","sticky":false,"template":"page-mti-a4.php","format":"standard","meta":{"iawp_total_views":24,"footnotes":""},"categories":[87],"tags":[131,417],"cibles":[250,464,161,180,275,179,244],"class_list":["post-66861","post","type-post","status-publish","format-standard","has-post-thumbnail","hentry","category-fret-mode-demploi","tag-douane","tag-tva","cibles-une","cibles-agences-sud","cibles-douane","cibles-import","cibles-congres","cibles-tva","cibles-yachts"],"yoast_head":"<!-- This site is optimized with the Yoast SEO Premium plugin v27.4 (Yoast SEO v27.4) - https:\/\/yoast.com\/product\/yoast-seo-premium-wordpress\/ -->\n<title>Cannes et Monaco Boat Shows: la douane en toute conformit\u00e9 - MATHEZ FREIGHT<\/title>\n<meta name=\"description\" content=\"Cannes Yachting Festival (CYF) et Monaco Yacht Show (MYS) approchent: b\u00e9n\u00e9ficiez des r\u00e9gimes douane &amp; TVA avantageux en toute s\u00e9curit\u00e9 pour vos yachts.\" \/>\n<meta name=\"robots\" content=\"index, follow, max-snippet:-1, max-image-preview:large, max-video-preview:-1\" \/>\n<link rel=\"canonical\" href=\"https:\/\/www.mathezfreight.com\/fr\/blog\/douane-cannes-monaco-boat-shows\/\" \/>\n<meta property=\"og:locale\" content=\"fr_FR\" \/>\n<meta property=\"og:type\" content=\"article\" \/>\n<meta property=\"og:title\" content=\"Cannes et Monaco Boat Shows: la douane en toute conformit\u00e9\" \/>\n<meta property=\"og:description\" content=\"Cannes Yachting Festival (CYF) et Monaco Yacht Show (MYS) approchent: b\u00e9n\u00e9ficiez des r\u00e9gimes douane &amp; TVA avantageux en toute s\u00e9curit\u00e9 pour vos yachts.\" \/>\n<meta property=\"og:url\" content=\"https:\/\/www.mathezfreight.com\/fr\/blog\/douane-cannes-monaco-boat-shows\/\" \/>\n<meta property=\"og:site_name\" content=\"MATHEZ FREIGHT\" \/>\n<meta property=\"article:publisher\" content=\"https:\/\/www.facebook.com\/MathezFreight\/\" \/>\n<meta property=\"article:published_time\" content=\"2026-03-13T13:36:23+00:00\" \/>\n<meta property=\"article:modified_time\" content=\"2026-03-13T14:04:48+00:00\" \/>\n<meta property=\"og:image\" content=\"https:\/\/www.mathezfreight.com\/wp-content\/uploads\/photo-cannes-monaco-boat-shows-douane.jpg\" \/>\n\t<meta property=\"og:image:width\" content=\"1220\" \/>\n\t<meta property=\"og:image:height\" content=\"813\" \/>\n\t<meta property=\"og:image:type\" content=\"image\/png\" \/>\n<meta name=\"author\" content=\"H\u00e9l\u00e8ne Plaquet\" \/>\n<meta name=\"twitter:card\" content=\"summary_large_image\" \/>\n<meta name=\"twitter:creator\" content=\"@MathezFreight\" \/>\n<meta name=\"twitter:site\" content=\"@MathezFreight\" \/>\n<meta name=\"twitter:label1\" content=\"\u00c9crit par\" \/>\n\t<meta name=\"twitter:data1\" content=\"H\u00e9l\u00e8ne Plaquet\" \/>\n\t<meta name=\"twitter:label2\" content=\"Dur\u00e9e de lecture estim\u00e9e\" \/>\n\t<meta name=\"twitter:data2\" content=\"11 minutes\" \/>\n<script type=\"application\/ld+json\" class=\"yoast-schema-graph\">{\"@context\":\"https:\\\/\\\/schema.org\",\"@graph\":[{\"@type\":\"Article\",\"@id\":\"https:\\\/\\\/www.mathezfreight.com\\\/fr\\\/blog\\\/douane-cannes-monaco-boat-shows\\\/#article\",\"isPartOf\":{\"@id\":\"https:\\\/\\\/www.mathezfreight.com\\\/fr\\\/blog\\\/douane-cannes-monaco-boat-shows\\\/\"},\"author\":{\"name\":\"H\u00e9l\u00e8ne Plaquet\",\"@id\":\"https:\\\/\\\/www.mathezfreight.com\\\/fr\\\/#\\\/schema\\\/person\\\/5bc83c10f19637586d3dc8053224bed5\"},\"headline\":\"Cannes et Monaco Boat Shows: la douane en toute conformit\u00e9\",\"datePublished\":\"2026-03-13T13:36:23+00:00\",\"dateModified\":\"2026-03-13T14:04:48+00:00\",\"mainEntityOfPage\":{\"@id\":\"https:\\\/\\\/www.mathezfreight.com\\\/fr\\\/blog\\\/douane-cannes-monaco-boat-shows\\\/\"},\"wordCount\":1942,\"commentCount\":0,\"publisher\":{\"@id\":\"https:\\\/\\\/www.mathezfreight.com\\\/fr\\\/#organization\"},\"image\":{\"@id\":\"https:\\\/\\\/www.mathezfreight.com\\\/fr\\\/blog\\\/douane-cannes-monaco-boat-shows\\\/#primaryimage\"},\"thumbnailUrl\":\"https:\\\/\\\/www.mathezfreight.com\\\/wp-content\\\/uploads\\\/photo-cannes-monaco-boat-shows-douane.jpg\",\"keywords\":[\"Douane\",\"TVA\"],\"articleSection\":[\"Fret Mode d'Emploi\"],\"inLanguage\":\"fr-FR\",\"potentialAction\":[{\"@type\":\"CommentAction\",\"name\":\"Comment\",\"target\":[\"https:\\\/\\\/www.mathezfreight.com\\\/fr\\\/blog\\\/douane-cannes-monaco-boat-shows\\\/#respond\"]}]},{\"@type\":\"WebPage\",\"@id\":\"https:\\\/\\\/www.mathezfreight.com\\\/fr\\\/blog\\\/douane-cannes-monaco-boat-shows\\\/\",\"url\":\"https:\\\/\\\/www.mathezfreight.com\\\/fr\\\/blog\\\/douane-cannes-monaco-boat-shows\\\/\",\"name\":\"Cannes et Monaco Boat Shows: la douane en toute conformit\u00e9 - MATHEZ FREIGHT\",\"isPartOf\":{\"@id\":\"https:\\\/\\\/www.mathezfreight.com\\\/fr\\\/#website\"},\"primaryImageOfPage\":{\"@id\":\"https:\\\/\\\/www.mathezfreight.com\\\/fr\\\/blog\\\/douane-cannes-monaco-boat-shows\\\/#primaryimage\"},\"image\":{\"@id\":\"https:\\\/\\\/www.mathezfreight.com\\\/fr\\\/blog\\\/douane-cannes-monaco-boat-shows\\\/#primaryimage\"},\"thumbnailUrl\":\"https:\\\/\\\/www.mathezfreight.com\\\/wp-content\\\/uploads\\\/photo-cannes-monaco-boat-shows-douane.jpg\",\"datePublished\":\"2026-03-13T13:36:23+00:00\",\"dateModified\":\"2026-03-13T14:04:48+00:00\",\"description\":\"Cannes Yachting Festival (CYF) et Monaco Yacht Show (MYS) approchent: b\u00e9n\u00e9ficiez des r\u00e9gimes douane & TVA avantageux en toute s\u00e9curit\u00e9 pour vos yachts.\",\"breadcrumb\":{\"@id\":\"https:\\\/\\\/www.mathezfreight.com\\\/fr\\\/blog\\\/douane-cannes-monaco-boat-shows\\\/#breadcrumb\"},\"inLanguage\":\"fr-FR\",\"potentialAction\":[{\"@type\":\"ReadAction\",\"target\":[\"https:\\\/\\\/www.mathezfreight.com\\\/fr\\\/blog\\\/douane-cannes-monaco-boat-shows\\\/\"]}]},{\"@type\":\"ImageObject\",\"inLanguage\":\"fr-FR\",\"@id\":\"https:\\\/\\\/www.mathezfreight.com\\\/fr\\\/blog\\\/douane-cannes-monaco-boat-shows\\\/#primaryimage\",\"url\":\"https:\\\/\\\/www.mathezfreight.com\\\/wp-content\\\/uploads\\\/photo-cannes-monaco-boat-shows-douane.jpg\",\"contentUrl\":\"https:\\\/\\\/www.mathezfreight.com\\\/wp-content\\\/uploads\\\/photo-cannes-monaco-boat-shows-douane.jpg\",\"width\":1220,\"height\":813,\"caption\":\"Mathez Freight facilite l'importation et la conformit\u00e9 douani\u00e8re pour yachts de luxe lors d'\u00e9v\u00e9nements comme Cannes et Monaco Boat Shows.\"},{\"@type\":\"BreadcrumbList\",\"@id\":\"https:\\\/\\\/www.mathezfreight.com\\\/fr\\\/blog\\\/douane-cannes-monaco-boat-shows\\\/#breadcrumb\",\"itemListElement\":[{\"@type\":\"ListItem\",\"position\":1,\"name\":\"Home\",\"item\":\"https:\\\/\\\/www.mathezfreight.com\\\/fr\\\/\"},{\"@type\":\"ListItem\",\"position\":2,\"name\":\"Fret Mode d'Emploi\",\"item\":\"https:\\\/\\\/www.mathezfreight.com\\\/fr\\\/blog\\\/categorie\\\/fret-mode-demploi\\\/\"},{\"@type\":\"ListItem\",\"position\":3,\"name\":\"Cannes et Monaco Boat Shows: la douane en toute conformit\u00e9\"}]},{\"@type\":\"WebSite\",\"@id\":\"https:\\\/\\\/www.mathezfreight.com\\\/fr\\\/#website\",\"url\":\"https:\\\/\\\/www.mathezfreight.com\\\/fr\\\/\",\"name\":\"MATHEZ FREIGHT\",\"description\":\"Solutions transport sur mesure, suivies, efficaces\",\"publisher\":{\"@id\":\"https:\\\/\\\/www.mathezfreight.com\\\/fr\\\/#organization\"},\"alternateName\":\"MATHEZ TRANSPORTS INTERNATIONAUX\",\"potentialAction\":[{\"@type\":\"SearchAction\",\"target\":{\"@type\":\"EntryPoint\",\"urlTemplate\":\"https:\\\/\\\/www.mathezfreight.com\\\/fr\\\/?s={search_term_string}\"},\"query-input\":{\"@type\":\"PropertyValueSpecification\",\"valueRequired\":true,\"valueName\":\"search_term_string\"}}],\"inLanguage\":\"fr-FR\"},{\"@type\":\"Organization\",\"@id\":\"https:\\\/\\\/www.mathezfreight.com\\\/fr\\\/#organization\",\"name\":\"MATHEZ FREIGHT\",\"alternateName\":\"MATHEZ TRANSPORTS INTERNATIONAUX\",\"url\":\"https:\\\/\\\/www.mathezfreight.com\\\/fr\\\/\",\"logo\":{\"@type\":\"ImageObject\",\"inLanguage\":\"fr-FR\",\"@id\":\"https:\\\/\\\/www.mathezfreight.com\\\/fr\\\/#\\\/schema\\\/logo\\\/image\\\/\",\"url\":\"https:\\\/\\\/www.mathezfreight.com\\\/wp-content\\\/uploads\\\/logo-mathez-freight-400pxw.png\",\"contentUrl\":\"https:\\\/\\\/www.mathezfreight.com\\\/wp-content\\\/uploads\\\/logo-mathez-freight-400pxw.png\",\"width\":400,\"height\":136,\"caption\":\"MATHEZ FREIGHT\"},\"image\":{\"@id\":\"https:\\\/\\\/www.mathezfreight.com\\\/fr\\\/#\\\/schema\\\/logo\\\/image\\\/\"},\"sameAs\":[\"https:\\\/\\\/www.facebook.com\\\/MathezFreight\\\/\",\"https:\\\/\\\/x.com\\\/MathezFreight\",\"https:\\\/\\\/www.linkedin.com\\\/company\\\/mathezfreight\\\/\"],\"description\":\"Transitaire fran\u00e7ais, organisateur de transport international: fret a\u00e9rien, fret maritime, commissionnaire en douane agr\u00e9\u00e9 OEA-Full. 17 agences en France sur tous les principaux ports et a\u00e9roports.\",\"email\":\"web@mathezfreight.com\",\"telephone\":\"+33.497257825\",\"legalName\":\"MATHEZ TRANSPORTS INTERNATIONAUX\",\"foundingDate\":\"1950-01-01\",\"numberOfEmployees\":{\"@type\":\"QuantitativeValue\",\"minValue\":\"51\",\"maxValue\":\"200\"}},{\"@type\":\"Person\",\"@id\":\"https:\\\/\\\/www.mathezfreight.com\\\/fr\\\/#\\\/schema\\\/person\\\/5bc83c10f19637586d3dc8053224bed5\",\"name\":\"H\u00e9l\u00e8ne Plaquet\"}]}<\/script>\n<!-- \/ Yoast SEO Premium plugin. -->","yoast_head_json":{"title":"Cannes et Monaco Boat Shows: la douane en toute conformit\u00e9 - MATHEZ FREIGHT","description":"Cannes Yachting Festival (CYF) et Monaco Yacht Show (MYS) approchent: b\u00e9n\u00e9ficiez des r\u00e9gimes douane & TVA avantageux en toute s\u00e9curit\u00e9 pour vos yachts.","robots":{"index":"index","follow":"follow","max-snippet":"max-snippet:-1","max-image-preview":"max-image-preview:large","max-video-preview":"max-video-preview:-1"},"canonical":"https:\/\/www.mathezfreight.com\/fr\/blog\/douane-cannes-monaco-boat-shows\/","og_locale":"fr_FR","og_type":"article","og_title":"Cannes et Monaco Boat Shows: la douane en toute conformit\u00e9","og_description":"Cannes Yachting Festival (CYF) et Monaco Yacht Show (MYS) approchent: b\u00e9n\u00e9ficiez des r\u00e9gimes douane & TVA avantageux en toute s\u00e9curit\u00e9 pour vos yachts.","og_url":"https:\/\/www.mathezfreight.com\/fr\/blog\/douane-cannes-monaco-boat-shows\/","og_site_name":"MATHEZ FREIGHT","article_publisher":"https:\/\/www.facebook.com\/MathezFreight\/","article_published_time":"2026-03-13T13:36:23+00:00","article_modified_time":"2026-03-13T14:04:48+00:00","og_image":[{"width":1220,"height":813,"url":"https:\/\/www.mathezfreight.com\/wp-content\/uploads\/photo-cannes-monaco-boat-shows-douane.jpg","type":"image\/png"}],"author":"H\u00e9l\u00e8ne Plaquet","twitter_card":"summary_large_image","twitter_creator":"@MathezFreight","twitter_site":"@MathezFreight","twitter_misc":{"\u00c9crit par":"H\u00e9l\u00e8ne Plaquet","Dur\u00e9e de lecture estim\u00e9e":"11 minutes"},"schema":{"@context":"https:\/\/schema.org","@graph":[{"@type":"Article","@id":"https:\/\/www.mathezfreight.com\/fr\/blog\/douane-cannes-monaco-boat-shows\/#article","isPartOf":{"@id":"https:\/\/www.mathezfreight.com\/fr\/blog\/douane-cannes-monaco-boat-shows\/"},"author":{"name":"H\u00e9l\u00e8ne Plaquet","@id":"https:\/\/www.mathezfreight.com\/fr\/#\/schema\/person\/5bc83c10f19637586d3dc8053224bed5"},"headline":"Cannes et Monaco Boat Shows: la douane en toute conformit\u00e9","datePublished":"2026-03-13T13:36:23+00:00","dateModified":"2026-03-13T14:04:48+00:00","mainEntityOfPage":{"@id":"https:\/\/www.mathezfreight.com\/fr\/blog\/douane-cannes-monaco-boat-shows\/"},"wordCount":1942,"commentCount":0,"publisher":{"@id":"https:\/\/www.mathezfreight.com\/fr\/#organization"},"image":{"@id":"https:\/\/www.mathezfreight.com\/fr\/blog\/douane-cannes-monaco-boat-shows\/#primaryimage"},"thumbnailUrl":"https:\/\/www.mathezfreight.com\/wp-content\/uploads\/photo-cannes-monaco-boat-shows-douane.jpg","keywords":["Douane","TVA"],"articleSection":["Fret Mode d'Emploi"],"inLanguage":"fr-FR","potentialAction":[{"@type":"CommentAction","name":"Comment","target":["https:\/\/www.mathezfreight.com\/fr\/blog\/douane-cannes-monaco-boat-shows\/#respond"]}]},{"@type":"WebPage","@id":"https:\/\/www.mathezfreight.com\/fr\/blog\/douane-cannes-monaco-boat-shows\/","url":"https:\/\/www.mathezfreight.com\/fr\/blog\/douane-cannes-monaco-boat-shows\/","name":"Cannes et Monaco Boat Shows: la douane en toute conformit\u00e9 - MATHEZ FREIGHT","isPartOf":{"@id":"https:\/\/www.mathezfreight.com\/fr\/#website"},"primaryImageOfPage":{"@id":"https:\/\/www.mathezfreight.com\/fr\/blog\/douane-cannes-monaco-boat-shows\/#primaryimage"},"image":{"@id":"https:\/\/www.mathezfreight.com\/fr\/blog\/douane-cannes-monaco-boat-shows\/#primaryimage"},"thumbnailUrl":"https:\/\/www.mathezfreight.com\/wp-content\/uploads\/photo-cannes-monaco-boat-shows-douane.jpg","datePublished":"2026-03-13T13:36:23+00:00","dateModified":"2026-03-13T14:04:48+00:00","description":"Cannes Yachting Festival (CYF) et Monaco Yacht Show (MYS) approchent: b\u00e9n\u00e9ficiez des r\u00e9gimes douane & TVA avantageux en toute s\u00e9curit\u00e9 pour vos yachts.","breadcrumb":{"@id":"https:\/\/www.mathezfreight.com\/fr\/blog\/douane-cannes-monaco-boat-shows\/#breadcrumb"},"inLanguage":"fr-FR","potentialAction":[{"@type":"ReadAction","target":["https:\/\/www.mathezfreight.com\/fr\/blog\/douane-cannes-monaco-boat-shows\/"]}]},{"@type":"ImageObject","inLanguage":"fr-FR","@id":"https:\/\/www.mathezfreight.com\/fr\/blog\/douane-cannes-monaco-boat-shows\/#primaryimage","url":"https:\/\/www.mathezfreight.com\/wp-content\/uploads\/photo-cannes-monaco-boat-shows-douane.jpg","contentUrl":"https:\/\/www.mathezfreight.com\/wp-content\/uploads\/photo-cannes-monaco-boat-shows-douane.jpg","width":1220,"height":813,"caption":"Mathez Freight facilite l'importation et la conformit\u00e9 douani\u00e8re pour yachts de luxe lors d'\u00e9v\u00e9nements comme Cannes et Monaco Boat Shows."},{"@type":"BreadcrumbList","@id":"https:\/\/www.mathezfreight.com\/fr\/blog\/douane-cannes-monaco-boat-shows\/#breadcrumb","itemListElement":[{"@type":"ListItem","position":1,"name":"Home","item":"https:\/\/www.mathezfreight.com\/fr\/"},{"@type":"ListItem","position":2,"name":"Fret Mode d'Emploi","item":"https:\/\/www.mathezfreight.com\/fr\/blog\/categorie\/fret-mode-demploi\/"},{"@type":"ListItem","position":3,"name":"Cannes et Monaco Boat Shows: la douane en toute conformit\u00e9"}]},{"@type":"WebSite","@id":"https:\/\/www.mathezfreight.com\/fr\/#website","url":"https:\/\/www.mathezfreight.com\/fr\/","name":"MATHEZ FREIGHT","description":"Solutions transport sur mesure, suivies, efficaces","publisher":{"@id":"https:\/\/www.mathezfreight.com\/fr\/#organization"},"alternateName":"MATHEZ TRANSPORTS INTERNATIONAUX","potentialAction":[{"@type":"SearchAction","target":{"@type":"EntryPoint","urlTemplate":"https:\/\/www.mathezfreight.com\/fr\/?s={search_term_string}"},"query-input":{"@type":"PropertyValueSpecification","valueRequired":true,"valueName":"search_term_string"}}],"inLanguage":"fr-FR"},{"@type":"Organization","@id":"https:\/\/www.mathezfreight.com\/fr\/#organization","name":"MATHEZ FREIGHT","alternateName":"MATHEZ TRANSPORTS INTERNATIONAUX","url":"https:\/\/www.mathezfreight.com\/fr\/","logo":{"@type":"ImageObject","inLanguage":"fr-FR","@id":"https:\/\/www.mathezfreight.com\/fr\/#\/schema\/logo\/image\/","url":"https:\/\/www.mathezfreight.com\/wp-content\/uploads\/logo-mathez-freight-400pxw.png","contentUrl":"https:\/\/www.mathezfreight.com\/wp-content\/uploads\/logo-mathez-freight-400pxw.png","width":400,"height":136,"caption":"MATHEZ FREIGHT"},"image":{"@id":"https:\/\/www.mathezfreight.com\/fr\/#\/schema\/logo\/image\/"},"sameAs":["https:\/\/www.facebook.com\/MathezFreight\/","https:\/\/x.com\/MathezFreight","https:\/\/www.linkedin.com\/company\/mathezfreight\/"],"description":"Transitaire fran\u00e7ais, organisateur de transport international: fret a\u00e9rien, fret maritime, commissionnaire en douane agr\u00e9\u00e9 OEA-Full. 17 agences en France sur tous les principaux ports et a\u00e9roports.","email":"web@mathezfreight.com","telephone":"+33.497257825","legalName":"MATHEZ TRANSPORTS INTERNATIONAUX","foundingDate":"1950-01-01","numberOfEmployees":{"@type":"QuantitativeValue","minValue":"51","maxValue":"200"}},{"@type":"Person","@id":"https:\/\/www.mathezfreight.com\/fr\/#\/schema\/person\/5bc83c10f19637586d3dc8053224bed5","name":"H\u00e9l\u00e8ne Plaquet"}]}},"_links":{"self":[{"href":"https:\/\/www.mathezfreight.com\/fr\/wp-json\/wp\/v2\/posts\/66861","targetHints":{"allow":["GET"]}}],"collection":[{"href":"https:\/\/www.mathezfreight.com\/fr\/wp-json\/wp\/v2\/posts"}],"about":[{"href":"https:\/\/www.mathezfreight.com\/fr\/wp-json\/wp\/v2\/types\/post"}],"author":[{"embeddable":true,"href":"https:\/\/www.mathezfreight.com\/fr\/wp-json\/wp\/v2\/users\/131"}],"replies":[{"embeddable":true,"href":"https:\/\/www.mathezfreight.com\/fr\/wp-json\/wp\/v2\/comments?post=66861"}],"version-history":[{"count":58,"href":"https:\/\/www.mathezfreight.com\/fr\/wp-json\/wp\/v2\/posts\/66861\/revisions"}],"predecessor-version":[{"id":67564,"href":"https:\/\/www.mathezfreight.com\/fr\/wp-json\/wp\/v2\/posts\/66861\/revisions\/67564"}],"wp:featuredmedia":[{"embeddable":true,"href":"https:\/\/www.mathezfreight.com\/fr\/wp-json\/wp\/v2\/media\/66921"}],"wp:attachment":[{"href":"https:\/\/www.mathezfreight.com\/fr\/wp-json\/wp\/v2\/media?parent=66861"}],"wp:term":[{"taxonomy":"category","embeddable":true,"href":"https:\/\/www.mathezfreight.com\/fr\/wp-json\/wp\/v2\/categories?post=66861"},{"taxonomy":"post_tag","embeddable":true,"href":"https:\/\/www.mathezfreight.com\/fr\/wp-json\/wp\/v2\/tags?post=66861"},{"taxonomy":"cibles","embeddable":true,"href":"https:\/\/www.mathezfreight.com\/fr\/wp-json\/wp\/v2\/cibles?post=66861"}],"curies":[{"name":"wp","href":"https:\/\/api.w.org\/{rel}","templated":true}]}}