{"id":57922,"date":"2025-02-27T14:23:08","date_gmt":"2025-02-27T14:23:08","guid":{"rendered":"https:\/\/www.mathezfreight.com\/?p=57922"},"modified":"2026-01-12T11:14:40","modified_gmt":"2026-01-12T11:14:40","slug":"winner-wca-hall-of-fame-2025","status":"publish","type":"post","link":"https:\/\/www.mathezfreight.com\/fr\/blog\/winner-wca-hall-of-fame-2025\/","title":{"rendered":"MATHEZ FREIGHT distingu\u00e9 au WCA Hall of Fame 2025"},"content":{"rendered":"\t\t<div data-elementor-type=\"wp-post\" data-elementor-id=\"57922\" class=\"elementor elementor-57922\" data-elementor-post-type=\"post\">\n\t\t\t\t\t\t<div class=\"elementor-section elementor-top-section elementor-element elementor-element-25ac58f elementor-section-stretched elementor-section-full_width mti-page-header bg-articles elementor-section-height-default elementor-section-height-default default-style elementor-invisible\" data-id=\"25ac58f\" data-element_type=\"section\" data-e-type=\"section\" id=\"mti-page-header\" data-settings=\"{&quot;stretch_section&quot;:&quot;section-stretched&quot;,&quot;animation&quot;:&quot;fadeIn&quot;,&quot;rt_color_sets&quot;:&quot;default-style&quot;}\">\n\t\t\t\t\t\t<div class=\"elementor-container elementor-column-gap-no\">\n\t\t\t\t\t<div class=\"elementor-column elementor-col-100 elementor-top-column elementor-element elementor-element-c3af877\" data-id=\"c3af877\" data-element_type=\"column\" data-e-type=\"column\">\n\t\t\t<div class=\"elementor-widget-wrap elementor-element-populated\">\n\t\t\t\t\t\t<div class=\"elementor-element elementor-element-b77a9d7 elementor-widget elementor-widget-theme-post-featured-image elementor-widget-image\" data-id=\"b77a9d7\" data-element_type=\"widget\" data-e-type=\"widget\" data-widget_type=\"theme-post-featured-image.default\">\n\t\t\t\t<div class=\"elementor-widget-container\">\n\t\t\t\t\t\t\t\t\t\t\t\t\t\t\t<img decoding=\"async\" width=\"1220\" height=\"406\" src=\"https:\/\/www.mathezfreight.com\/wp-content\/uploads\/wca-dubai-2025-1-1220x406.jpg\" class=\"attachment-mti-flat-banner size-mti-flat-banner wp-image-57930\" alt=\"wca dubai 2025\" \/>\t\t\t\t\t\t\t\t\t\t\t\t\t\t\t<\/div>\n\t\t\t\t<\/div>\n\t\t\t\t\t<\/div>\n\t\t<\/div>\n\t\t\t\t\t<\/div>\n\t\t<\/div>\n\t\t\t\t<div class=\"elementor-section elementor-top-section elementor-element elementor-element-9fdc93c mti-page-excerpt excerpt-onleft highlight-articles elementor-section-boxed elementor-section-height-default elementor-section-height-default default-style elementor-invisible\" data-id=\"9fdc93c\" data-element_type=\"section\" data-e-type=\"section\" id=\"mti-page-excerpt\" data-settings=\"{&quot;animation&quot;:&quot;fadeInUp&quot;,&quot;rt_color_sets&quot;:&quot;default-style&quot;}\">\n\t\t\t\t\t\t<div class=\"elementor-container elementor-column-gap-default\">\n\t\t\t\t\t<div class=\"elementor-column elementor-col-100 elementor-top-column elementor-element elementor-element-c10d4aa default-style\" data-id=\"c10d4aa\" data-element_type=\"column\" data-e-type=\"column\" data-settings=\"{&quot;background_background&quot;:&quot;classic&quot;}\">\n\t\t\t<div class=\"elementor-widget-wrap elementor-element-populated\">\n\t\t\t\t\t\t<div class=\"elementor-element elementor-element-cabbf52 elementor-align-left mti-blog-suptitle elementor-widget elementor-widget-post-info\" data-id=\"cabbf52\" data-element_type=\"widget\" data-e-type=\"widget\" data-widget_type=\"post-info.default\">\n\t\t\t\t<div class=\"elementor-widget-container\">\n\t\t\t\t\t\t\t<ul class=\"elementor-inline-items elementor-icon-list-items elementor-post-info\">\n\t\t\t\t\t\t\t\t<li class=\"elementor-icon-list-item elementor-repeater-item-9687d75 elementor-inline-item\" itemprop=\"about\">\n\t\t\t\t\t\t\t\t\t\t\t\t\t<span class=\"elementor-icon-list-text elementor-post-info__item elementor-post-info__item--type-terms\">\n\t\t\t\t\t\t\t\t\t\t<span class=\"elementor-post-info__terms-list\">\n\t\t\t\t<a href=\"https:\/\/www.mathezfreight.com\/fr\/blog\/categorie\/corporate\/\" class=\"elementor-post-info__terms-list-item\">Corporate<\/a>\t\t\t\t<\/span>\n\t\t\t\t\t<\/span>\n\t\t\t\t\t\t\t\t<\/li>\n\t\t\t\t<\/ul>\n\t\t\t\t\t\t<\/div>\n\t\t\t\t<\/div>\n\t\t\t\t<div class=\"elementor-element elementor-element-5c2346a elementor-widget elementor-widget-theme-post-title elementor-page-title elementor-widget-heading\" data-id=\"5c2346a\" data-element_type=\"widget\" data-e-type=\"widget\" data-widget_type=\"theme-post-title.default\">\n\t\t\t\t<div class=\"elementor-widget-container\">\n\t\t\t\t\t<h1 class=\"elementor-heading-title elementor-size-default\">MATHEZ FREIGHT distingu\u00e9 au WCA Hall of Fame 2025<\/h1>\t\t\t\t<\/div>\n\t\t\t\t<\/div>\n\t\t\t\t<div class=\"elementor-element elementor-element-eb8ed8f elementor-widget elementor-widget-theme-post-excerpt\" data-id=\"eb8ed8f\" data-element_type=\"widget\" data-e-type=\"widget\" data-widget_type=\"theme-post-excerpt.default\">\n\t\t\t\t<div class=\"elementor-widget-container\">\n\t\t\t\t\tFr\u00e9d\u00e9ric Mercier WCA Hall of Fame Winner 2025! Un prix prestigieux qui r\u00e9compense son engagement et la place de MATHEZ FREIGHT parmi les meilleurs agents de fret internationaux.\t\t\t\t<\/div>\n\t\t\t\t<\/div>\n\t\t\t\t<div class=\"elementor-element elementor-element-b2a2ac0 elementor-align-right mti-blog-tags elementor-widget elementor-widget-post-info\" data-id=\"b2a2ac0\" data-element_type=\"widget\" data-e-type=\"widget\" data-widget_type=\"post-info.default\">\n\t\t\t\t<div class=\"elementor-widget-container\">\n\t\t\t\t\t\t\t<ul class=\"elementor-inline-items elementor-icon-list-items elementor-post-info\">\n\t\t\t\t\t\t\t\t<li class=\"elementor-icon-list-item elementor-repeater-item-7910e98 elementor-inline-item\" itemprop=\"datePublished\">\n\t\t\t\t\t\t\t\t\t\t<span class=\"elementor-icon-list-icon\">\n\t\t\t\t\t\t\t\t<i aria-hidden=\"true\" class=\"fas fa-calendar\"><\/i>\t\t\t\t\t\t\t<\/span>\n\t\t\t\t\t\t\t\t\t<span class=\"elementor-icon-list-text elementor-post-info__item elementor-post-info__item--type-date\">\n\t\t\t\t\t\t\t\t\t\t<time>27 f\u00e9vrier 2025<\/time>\t\t\t\t\t<\/span>\n\t\t\t\t\t\t\t\t<\/li>\n\t\t\t\t<li class=\"elementor-icon-list-item elementor-repeater-item-4e9c5fd elementor-inline-item\" itemprop=\"author\">\n\t\t\t\t\t\t\t\t\t\t<span class=\"elementor-icon-list-icon\">\n\t\t\t\t\t\t\t\t<i aria-hidden=\"true\" class=\"far fa-user-circle\"><\/i>\t\t\t\t\t\t\t<\/span>\n\t\t\t\t\t\t\t\t\t<span class=\"elementor-icon-list-text elementor-post-info__item elementor-post-info__item--type-author\">\n\t\t\t\t\t\t\t\t\t\tFr\u00e9d\u00e9ric Mercier\t\t\t\t\t<\/span>\n\t\t\t\t\t\t\t\t<\/li>\n\t\t\t\t<li class=\"elementor-icon-list-item elementor-repeater-item-f18f2db elementor-inline-item\" itemprop=\"about\">\n\t\t\t\t\t\t\t\t\t\t<span class=\"elementor-icon-list-icon\">\n\t\t\t\t\t\t\t\t<i aria-hidden=\"true\" class=\"fas fa-tags\"><\/i>\t\t\t\t\t\t\t<\/span>\n\t\t\t\t\t\t\t\t\t<span class=\"elementor-icon-list-text elementor-post-info__item elementor-post-info__item--type-terms\">\n\t\t\t\t\t\t\t\t\t\t<span class=\"elementor-post-info__terms-list\">\n\t\t\t\t<a href=\"https:\/\/www.mathezfreight.com\/fr\/blog\/tag\/international\/\" class=\"elementor-post-info__terms-list-item\">International<\/a>, <a href=\"https:\/\/www.mathezfreight.com\/fr\/blog\/tag\/reseaux\/\" class=\"elementor-post-info__terms-list-item\">R\u00e9seaux<\/a>\t\t\t\t<\/span>\n\t\t\t\t\t<\/span>\n\t\t\t\t\t\t\t\t<\/li>\n\t\t\t\t<\/ul>\n\t\t\t\t\t\t<\/div>\n\t\t\t\t<\/div>\n\t\t\t\t\t<\/div>\n\t\t<\/div>\n\t\t\t\t\t<\/div>\n\t\t<\/div>\n\t\t\t\t<aside class=\"elementor-section elementor-top-section elementor-element elementor-element-da74b28 elementor-hidden-tablet elementor-hidden-phone mti-social-bar up elementor-section-boxed elementor-section-height-default elementor-section-height-default elementor-invisible\" data-id=\"da74b28\" data-element_type=\"section\" data-e-type=\"section\" data-settings=\"{&quot;animation&quot;:&quot;fadeInLeft&quot;}\">\n\t\t\t\t\t\t<div class=\"elementor-container elementor-column-gap-default\">\n\t\t\t\t\t<div class=\"elementor-column elementor-col-100 elementor-top-column elementor-element elementor-element-ba21d28\" data-id=\"ba21d28\" data-element_type=\"column\" data-e-type=\"column\">\n\t\t\t<div class=\"elementor-widget-wrap elementor-element-populated\">\n\t\t\t\t\t\t<div class=\"elementor-element elementor-element-318d352 elementor-share-buttons--view-icon elementor-share-buttons--skin-flat mti-social-bar-job elementor-share-buttons--shape-square elementor-grid-0 elementor-share-buttons--color-official elementor-invisible elementor-widget elementor-widget-global elementor-global-17249 elementor-widget-share-buttons\" data-id=\"318d352\" data-element_type=\"widget\" data-e-type=\"widget\" data-settings=\"{&quot;_animation&quot;:&quot;fadeInLeft&quot;}\" data-widget_type=\"share-buttons.default\">\n\t\t\t\t<div class=\"elementor-widget-container\">\n\t\t\t\t\t\t\t<div class=\"elementor-grid\" role=\"list\">\n\t\t\t\t\t\t\t\t<div class=\"elementor-grid-item\" role=\"listitem\">\n\t\t\t\t\t\t<div class=\"elementor-share-btn elementor-share-btn_email\" role=\"button\" tabindex=\"0\" aria-label=\"Partager sur email\">\n\t\t\t\t\t\t\t\t\t\t\t\t\t\t\t<span class=\"elementor-share-btn__icon\">\n\t\t\t\t\t\t\t\t<i class=\"fas fa-envelope\" aria-hidden=\"true\"><\/i>\t\t\t\t\t\t\t<\/span>\n\t\t\t\t\t\t\t\t\t\t\t\t\t\t\t\t\t\t\t\t<\/div>\n\t\t\t\t\t<\/div>\n\t\t\t\t\t\t\t\t\t<div class=\"elementor-grid-item\" role=\"listitem\">\n\t\t\t\t\t\t<div class=\"elementor-share-btn elementor-share-btn_linkedin\" role=\"button\" tabindex=\"0\" aria-label=\"Partager sur linkedin\">\n\t\t\t\t\t\t\t\t\t\t\t\t\t\t\t<span class=\"elementor-share-btn__icon\">\n\t\t\t\t\t\t\t\t<i class=\"fab fa-linkedin\" aria-hidden=\"true\"><\/i>\t\t\t\t\t\t\t<\/span>\n\t\t\t\t\t\t\t\t\t\t\t\t\t\t\t\t\t\t\t\t<\/div>\n\t\t\t\t\t<\/div>\n\t\t\t\t\t\t\t\t\t<div class=\"elementor-grid-item\" role=\"listitem\">\n\t\t\t\t\t\t<div class=\"elementor-share-btn elementor-share-btn_twitter\" role=\"button\" tabindex=\"0\" aria-label=\"Partager sur twitter\">\n\t\t\t\t\t\t\t\t\t\t\t\t\t\t\t<span class=\"elementor-share-btn__icon\">\n\t\t\t\t\t\t\t\t<i class=\"fab fa-twitter\" aria-hidden=\"true\"><\/i>\t\t\t\t\t\t\t<\/span>\n\t\t\t\t\t\t\t\t\t\t\t\t\t\t\t\t\t\t\t\t<\/div>\n\t\t\t\t\t<\/div>\n\t\t\t\t\t\t\t\t\t<div class=\"elementor-grid-item\" role=\"listitem\">\n\t\t\t\t\t\t<div class=\"elementor-share-btn elementor-share-btn_facebook\" role=\"button\" tabindex=\"0\" aria-label=\"Partager sur facebook\">\n\t\t\t\t\t\t\t\t\t\t\t\t\t\t\t<span class=\"elementor-share-btn__icon\">\n\t\t\t\t\t\t\t\t<i class=\"fab fa-facebook\" aria-hidden=\"true\"><\/i>\t\t\t\t\t\t\t<\/span>\n\t\t\t\t\t\t\t\t\t\t\t\t\t\t\t\t\t\t\t\t<\/div>\n\t\t\t\t\t<\/div>\n\t\t\t\t\t\t\t\t\t<div class=\"elementor-grid-item\" role=\"listitem\">\n\t\t\t\t\t\t<div class=\"elementor-share-btn elementor-share-btn_print\" role=\"button\" tabindex=\"0\" aria-label=\"Partager sur print\">\n\t\t\t\t\t\t\t\t\t\t\t\t\t\t\t<span class=\"elementor-share-btn__icon\">\n\t\t\t\t\t\t\t\t<i class=\"fas fa-print\" aria-hidden=\"true\"><\/i>\t\t\t\t\t\t\t<\/span>\n\t\t\t\t\t\t\t\t\t\t\t\t\t\t\t\t\t\t\t\t<\/div>\n\t\t\t\t\t<\/div>\n\t\t\t\t\t\t<\/div>\n\t\t\t\t\t\t<\/div>\n\t\t\t\t<\/div>\n\t\t\t\t\t<\/div>\n\t\t<\/div>\n\t\t\t\t\t<\/div>\n\t\t<\/aside>\n\t\t\t\t<section class=\"elementor-section elementor-top-section elementor-element elementor-element-a67d5af mti-article-body elementor-section-boxed elementor-section-height-default elementor-section-height-default default-style\" data-id=\"a67d5af\" data-element_type=\"section\" data-e-type=\"section\" data-settings=\"{&quot;rt_color_sets&quot;:&quot;default-style&quot;}\">\n\t\t\t\t\t\t<div class=\"elementor-container elementor-column-gap-default\">\n\t\t\t\t\t<div class=\"elementor-column elementor-col-100 elementor-top-column elementor-element elementor-element-49cb807\" data-id=\"49cb807\" data-element_type=\"column\" data-e-type=\"column\">\n\t\t\t<div class=\"elementor-widget-wrap elementor-element-populated\">\n\t\t\t\t\t\t<div class=\"elementor-element elementor-element-9c574ed elementor-widget elementor-widget-text-editor\" data-id=\"9c574ed\" data-element_type=\"widget\" data-e-type=\"widget\" data-widget_type=\"text-editor.default\">\n\t\t\t\t<div class=\"elementor-widget-container\">\n\t\t\t\t\t\t\t\t\t<p>C\u2019est une <strong>belle surprise et une immense fiert\u00e9<\/strong> pour notre \u00e9quipe !\u00a0<strong data-start=\"289\" data-end=\"309\">Fr\u00e9d\u00e9ric Mercier<\/strong>, Pr\u00e9sident du Directoire de <strong>MATHEZ FREIGHT<\/strong>, a \u00e9t\u00e9 d\u00e9sign\u00e9 <strong data-start=\"352\" data-end=\"390\">WCA Hall of Fame Award Winner 2025<\/strong>.<\/p><p>Ce prix, d\u00e9cern\u00e9 une seule fois par an \u00e0 un <strong>leader du secteur du fret<\/strong>, est une distinction prestigieuse qui r\u00e9compense <strong data-start=\"515\" data-end=\"600\">une carri\u00e8re marqu\u00e9e par l\u2019excellence, l\u2019\u00e9thique et la contribution au r\u00e9seau WCA<\/strong>.<\/p><blockquote><h2>Une reconnaissance individuelle et collective<\/h2><\/blockquote><div><p><strong>Le WCA Hall of Fame Award<\/strong> honore des professionnels qui, par leur vision et leur engagement, contribuent activement au d\u00e9veloppement du plus grand r\u00e9seau mondial d\u2019agents de fret ind\u00e9pendants.<\/p><p><strong>Fr\u00e9d\u00e9ric Mercier est membre du WCA depuis plus de 25 ans<\/strong> et a jou\u00e9 un r\u00f4le cl\u00e9 en <strong>proposant des am\u00e9liorations et des services innovants pour le r\u00e9seau<\/strong>. Il s\u2019est \u00e9galement <strong>investi en tant que mentor<\/strong> pour accompagner les nouveaux membres, renfor\u00e7ant ainsi la communaut\u00e9 et l\u2019expertise des agents de fret ind\u00e9pendants.<\/p><p>Au-del\u00e0 d\u2019une distinction personnelle, cette r\u00e9compense met ainsi en lumi\u00e8re <strong>le r\u00f4le de MATHEZ FREIGHT au sein du WCA<\/strong>, confirmant notre positionnement parmi <strong>les agents de fret d&rsquo;excellence au plan international<\/strong>.<\/p><div><p>Fr\u00e9d\u00e9ric Mercier <strong data-start=\"1470\" data-end=\"1514\">tient \u00e0 remercier l\u2019ensemble des \u00e9quipes<\/strong> de MATHEZ FREIGHT, car cette r\u00e9ussite est le fruit d\u2019un <strong>travail collectif<\/strong> et d\u2019un engagement quotidien aupr\u00e8s de nos clients et partenaires.\u00a0<strong>Un clin d&rsquo;\u0153il particulier \u00e0 <a href=\"https:\/\/www.mathezfreight.com\/fr\/blog\/caroline-overseas-network-manager\/\">Caroline<\/a><\/strong>, qui anime depuis 18 mois la collaboration avec les <a href=\"https:\/\/www.mathezfreight.com\/fr\/profil\/reseaux\/\">meilleurs agents de fret des r\u00e9seaux<\/a> internationaux.<\/p><\/div><\/div>\t\t\t\t\t\t\t\t<\/div>\n\t\t\t\t<\/div>\n\t\t\t\t\t<\/div>\n\t\t<\/div>\n\t\t\t\t\t<\/div>\n\t\t<\/section>\n\t\t\t\t<section class=\"elementor-section elementor-top-section elementor-element elementor-element-cee61ba elementor-hidden-tablet elementor-hidden-phone mti-chevron up elementor-section-boxed elementor-section-height-default elementor-section-height-default default-style elementor-invisible\" data-id=\"cee61ba\" data-element_type=\"section\" data-e-type=\"section\" data-settings=\"{&quot;animation&quot;:&quot;fadeIn&quot;,&quot;rt_color_sets&quot;:&quot;default-style&quot;}\">\n\t\t\t\t\t\t<div class=\"elementor-container elementor-column-gap-default\">\n\t\t\t\t\t<div class=\"elementor-column elementor-col-33 elementor-top-column elementor-element elementor-element-54eb019 mti-chevrons\" data-id=\"54eb019\" data-element_type=\"column\" data-e-type=\"column\">\n\t\t\t<div class=\"elementor-widget-wrap elementor-element-populated\">\n\t\t\t\t\t\t\t<\/div>\n\t\t<\/div>\n\t\t\t\t<div class=\"elementor-column elementor-col-33 elementor-top-column elementor-element elementor-element-392e9a9\" data-id=\"392e9a9\" data-element_type=\"column\" data-e-type=\"column\">\n\t\t\t<div class=\"elementor-widget-wrap elementor-element-populated\">\n\t\t\t\t\t\t<div class=\"elementor-element elementor-element-408a52b elementor-widget elementor-widget-text-editor\" data-id=\"408a52b\" data-element_type=\"widget\" data-e-type=\"widget\" data-widget_type=\"text-editor.default\">\n\t\t\t\t<div class=\"elementor-widget-container\">\n\t\t\t\t\t\t\t\t\t<p>\u00a0\u00a0<\/p>\t\t\t\t\t\t\t\t<\/div>\n\t\t\t\t<\/div>\n\t\t\t\t\t<\/div>\n\t\t<\/div>\n\t\t\t\t<div class=\"elementor-column elementor-col-33 elementor-top-column elementor-element elementor-element-942a21d\" data-id=\"942a21d\" data-element_type=\"column\" data-e-type=\"column\">\n\t\t\t<div class=\"elementor-widget-wrap elementor-element-populated\">\n\t\t\t\t\t\t\t<\/div>\n\t\t<\/div>\n\t\t\t\t\t<\/div>\n\t\t<\/section>\n\t\t\t\t<section class=\"elementor-section elementor-top-section elementor-element elementor-element-737850c mti-chevron up elementor-section-boxed elementor-section-height-default elementor-section-height-default default-style elementor-invisible\" data-id=\"737850c\" data-element_type=\"section\" data-e-type=\"section\" data-settings=\"{&quot;animation&quot;:&quot;fadeIn&quot;,&quot;rt_color_sets&quot;:&quot;default-style&quot;}\">\n\t\t\t\t\t\t<div class=\"elementor-container elementor-column-gap-default\">\n\t\t\t\t\t<div class=\"elementor-column elementor-col-100 elementor-top-column elementor-element elementor-element-e0f0f78\" data-id=\"e0f0f78\" data-element_type=\"column\" data-e-type=\"column\">\n\t\t\t<div class=\"elementor-widget-wrap elementor-element-populated\">\n\t\t\t\t\t\t<div class=\"elementor-element elementor-element-593c246 elementor-widget elementor-widget-rt-image-carousel\" data-id=\"593c246\" data-element_type=\"widget\" data-e-type=\"widget\" data-widget_type=\"rt-image-carousel.default\">\n\t\t\t\t<div class=\"elementor-widget-container\">\n\t\t\t\t\t\r\n\t\t\t\t<div id=\"image-carousel-335972\" class=\"rt-carousel carousel-holder clearfix rt-image-carousel  rt_lightbox_gallery\" data-item-width=\"3\" data-nav=\"true\" data-dots=\"\" data-margin=\"20\" data-autoplay=\"true\" data-timeout=\"3500\" data-thumbnails=\"false\" data-boxed=\"\" data-min-height=\"\" data-padding=\"0\" data-loop=\"true\" data-tablet-item-width=\"\" data-mobile-item-width=\"\">\r\n\t\t\t\t\t<div class=\"owl-carousel\">\r\n\t\t\t\t\t\t<div><a id=\"lightbox-791944\" class=\"imgeffect zoom rt_lightbox\" data-gal-id=\"slider-carousel-930647\" data-rel=\"rt_lightbox\" title=\"Agrandir la vue\" data-sub-html=\"wca-dubai-2025-(3)<br>wca dubai 2025\" data-src=\"\" data-width=\"\" data-height=\"\" data-poster=\"\" data-autoplay=\"\" data-audiotitle=\"\" data-download-url=\"false\" href=\"https:\/\/www.mathezfreight.com\/wp-content\/uploads\/wca-dubai-2025-3-800x533.jpg\"><img decoding=\"async\" src=\"https:\/\/www.mathezfreight.com\/wp-content\/uploads\/wca-dubai-2025-3-800x533.jpg\" width=\"800\" height=\"533\" alt=\"wca dubai 2025\" srcset=\"https:\/\/www.mathezfreight.com\/wp-content\/uploads\/wca-dubai-2025-3-800x533.jpg 800w, https:\/\/www.mathezfreight.com\/wp-content\/uploads\/wca-dubai-2025-3-600x400.jpg 600w, https:\/\/www.mathezfreight.com\/wp-content\/uploads\/wca-dubai-2025-3-1100x733.jpg 1100w, https:\/\/www.mathezfreight.com\/wp-content\/uploads\/wca-dubai-2025-3-768x512.jpg 768w, https:\/\/www.mathezfreight.com\/wp-content\/uploads\/wca-dubai-2025-3-274x183.jpg 274w, https:\/\/www.mathezfreight.com\/wp-content\/uploads\/wca-dubai-2025-3-375x250.jpg 375w, https:\/\/www.mathezfreight.com\/wp-content\/uploads\/wca-dubai-2025-3-1200x800.jpg 1200w, https:\/\/www.mathezfreight.com\/wp-content\/uploads\/wca-dubai-2025-3-25x17.jpg 25w, https:\/\/www.mathezfreight.com\/wp-content\/uploads\/wca-dubai-2025-3-68x45.jpg 68w, https:\/\/www.mathezfreight.com\/wp-content\/uploads\/wca-dubai-2025-3.jpg 1220w\" sizes=\"https:\/\/www.mathezfreight.com\/wp-content\/uploads\/wca-dubai-2025-3-800x533.jpg 800w, https:\/\/www.mathezfreight.com\/wp-content\/uploads\/wca-dubai-2025-3-600x400.jpg 600w, https:\/\/www.mathezfreight.com\/wp-content\/uploads\/wca-dubai-2025-3-1100x733.jpg 1100w, https:\/\/www.mathezfreight.com\/wp-content\/uploads\/wca-dubai-2025-3-768x512.jpg 768w, https:\/\/www.mathezfreight.com\/wp-content\/uploads\/wca-dubai-2025-3-274x183.jpg 274w, https:\/\/www.mathezfreight.com\/wp-content\/uploads\/wca-dubai-2025-3-375x250.jpg 375w, https:\/\/www.mathezfreight.com\/wp-content\/uploads\/wca-dubai-2025-3-1200x800.jpg 1200w, https:\/\/www.mathezfreight.com\/wp-content\/uploads\/wca-dubai-2025-3-25x17.jpg 25w, https:\/\/www.mathezfreight.com\/wp-content\/uploads\/wca-dubai-2025-3-68x45.jpg 68w, https:\/\/www.mathezfreight.com\/wp-content\/uploads\/wca-dubai-2025-3.jpg 1220w\"><\/a><\/div><div><a id=\"lightbox-263412\" class=\"imgeffect zoom rt_lightbox\" data-gal-id=\"slider-carousel-930647\" data-rel=\"rt_lightbox\" title=\"Agrandir la vue\" data-sub-html=\"wca-dubai-2025-(1)<br>wca dubai 2025\" data-src=\"\" data-width=\"\" data-height=\"\" data-poster=\"\" data-autoplay=\"\" data-audiotitle=\"\" data-download-url=\"false\" href=\"https:\/\/www.mathezfreight.com\/wp-content\/uploads\/wca-dubai-2025-1-800x533.jpg\"><img decoding=\"async\" src=\"https:\/\/www.mathezfreight.com\/wp-content\/uploads\/wca-dubai-2025-1-800x533.jpg\" width=\"800\" height=\"533\" alt=\"wca dubai 2025\" srcset=\"https:\/\/www.mathezfreight.com\/wp-content\/uploads\/wca-dubai-2025-1-800x533.jpg 800w, https:\/\/www.mathezfreight.com\/wp-content\/uploads\/wca-dubai-2025-1-600x400.jpg 600w, https:\/\/www.mathezfreight.com\/wp-content\/uploads\/wca-dubai-2025-1-1100x733.jpg 1100w, https:\/\/www.mathezfreight.com\/wp-content\/uploads\/wca-dubai-2025-1-768x512.jpg 768w, https:\/\/www.mathezfreight.com\/wp-content\/uploads\/wca-dubai-2025-1-274x183.jpg 274w, https:\/\/www.mathezfreight.com\/wp-content\/uploads\/wca-dubai-2025-1-375x250.jpg 375w, https:\/\/www.mathezfreight.com\/wp-content\/uploads\/wca-dubai-2025-1-1200x800.jpg 1200w, https:\/\/www.mathezfreight.com\/wp-content\/uploads\/wca-dubai-2025-1-25x17.jpg 25w, https:\/\/www.mathezfreight.com\/wp-content\/uploads\/wca-dubai-2025-1-68x45.jpg 68w, https:\/\/www.mathezfreight.com\/wp-content\/uploads\/wca-dubai-2025-1.jpg 1220w\" sizes=\"https:\/\/www.mathezfreight.com\/wp-content\/uploads\/wca-dubai-2025-1-800x533.jpg 800w, https:\/\/www.mathezfreight.com\/wp-content\/uploads\/wca-dubai-2025-1-600x400.jpg 600w, https:\/\/www.mathezfreight.com\/wp-content\/uploads\/wca-dubai-2025-1-1100x733.jpg 1100w, https:\/\/www.mathezfreight.com\/wp-content\/uploads\/wca-dubai-2025-1-768x512.jpg 768w, https:\/\/www.mathezfreight.com\/wp-content\/uploads\/wca-dubai-2025-1-274x183.jpg 274w, https:\/\/www.mathezfreight.com\/wp-content\/uploads\/wca-dubai-2025-1-375x250.jpg 375w, https:\/\/www.mathezfreight.com\/wp-content\/uploads\/wca-dubai-2025-1-1200x800.jpg 1200w, https:\/\/www.mathezfreight.com\/wp-content\/uploads\/wca-dubai-2025-1-25x17.jpg 25w, https:\/\/www.mathezfreight.com\/wp-content\/uploads\/wca-dubai-2025-1-68x45.jpg 68w, https:\/\/www.mathezfreight.com\/wp-content\/uploads\/wca-dubai-2025-1.jpg 1220w\"><\/a><\/div><div><a id=\"lightbox-307632\" class=\"imgeffect zoom rt_lightbox\" data-gal-id=\"slider-carousel-930647\" data-rel=\"rt_lightbox\" title=\"Agrandir la vue\" data-sub-html=\"wca-dubai-2025<br>wca dubai 2025\" data-src=\"\" data-width=\"\" data-height=\"\" data-poster=\"\" data-autoplay=\"\" data-audiotitle=\"\" data-download-url=\"false\" href=\"https:\/\/www.mathezfreight.com\/wp-content\/uploads\/wca-dubai-2025-800x533.jpg\"><img decoding=\"async\" src=\"https:\/\/www.mathezfreight.com\/wp-content\/uploads\/wca-dubai-2025-800x533.jpg\" width=\"800\" height=\"533\" alt=\"wca dubai 2025\" srcset=\"https:\/\/www.mathezfreight.com\/wp-content\/uploads\/wca-dubai-2025-800x533.jpg 800w, https:\/\/www.mathezfreight.com\/wp-content\/uploads\/wca-dubai-2025-600x400.jpg 600w, https:\/\/www.mathezfreight.com\/wp-content\/uploads\/wca-dubai-2025-1100x733.jpg 1100w, https:\/\/www.mathezfreight.com\/wp-content\/uploads\/wca-dubai-2025-768x512.jpg 768w, https:\/\/www.mathezfreight.com\/wp-content\/uploads\/wca-dubai-2025-274x183.jpg 274w, https:\/\/www.mathezfreight.com\/wp-content\/uploads\/wca-dubai-2025-375x250.jpg 375w, https:\/\/www.mathezfreight.com\/wp-content\/uploads\/wca-dubai-2025-1200x800.jpg 1200w, https:\/\/www.mathezfreight.com\/wp-content\/uploads\/wca-dubai-2025-25x17.jpg 25w, https:\/\/www.mathezfreight.com\/wp-content\/uploads\/wca-dubai-2025-68x45.jpg 68w, https:\/\/www.mathezfreight.com\/wp-content\/uploads\/wca-dubai-2025.jpg 1220w\" sizes=\"https:\/\/www.mathezfreight.com\/wp-content\/uploads\/wca-dubai-2025-800x533.jpg 800w, https:\/\/www.mathezfreight.com\/wp-content\/uploads\/wca-dubai-2025-600x400.jpg 600w, https:\/\/www.mathezfreight.com\/wp-content\/uploads\/wca-dubai-2025-1100x733.jpg 1100w, https:\/\/www.mathezfreight.com\/wp-content\/uploads\/wca-dubai-2025-768x512.jpg 768w, https:\/\/www.mathezfreight.com\/wp-content\/uploads\/wca-dubai-2025-274x183.jpg 274w, https:\/\/www.mathezfreight.com\/wp-content\/uploads\/wca-dubai-2025-375x250.jpg 375w, https:\/\/www.mathezfreight.com\/wp-content\/uploads\/wca-dubai-2025-1200x800.jpg 1200w, https:\/\/www.mathezfreight.com\/wp-content\/uploads\/wca-dubai-2025-25x17.jpg 25w, https:\/\/www.mathezfreight.com\/wp-content\/uploads\/wca-dubai-2025-68x45.jpg 68w, https:\/\/www.mathezfreight.com\/wp-content\/uploads\/wca-dubai-2025.jpg 1220w\"><\/a><\/div><div><a id=\"lightbox-504403\" class=\"imgeffect zoom rt_lightbox\" data-gal-id=\"slider-carousel-930647\" data-rel=\"rt_lightbox\" title=\"Agrandir la vue\" data-sub-html=\"wca-dubai-2025-(2)<br>wca dubai 2025\" data-src=\"\" data-width=\"\" data-height=\"\" data-poster=\"\" data-autoplay=\"\" data-audiotitle=\"\" data-download-url=\"false\" href=\"https:\/\/www.mathezfreight.com\/wp-content\/uploads\/wca-dubai-2025-2-800x533.jpg\"><img decoding=\"async\" src=\"https:\/\/www.mathezfreight.com\/wp-content\/uploads\/wca-dubai-2025-2-800x533.jpg\" width=\"800\" height=\"533\" alt=\"wca dubai 2025\" srcset=\"https:\/\/www.mathezfreight.com\/wp-content\/uploads\/wca-dubai-2025-2-800x533.jpg 800w, https:\/\/www.mathezfreight.com\/wp-content\/uploads\/wca-dubai-2025-2-600x400.jpg 600w, https:\/\/www.mathezfreight.com\/wp-content\/uploads\/wca-dubai-2025-2-1100x733.jpg 1100w, https:\/\/www.mathezfreight.com\/wp-content\/uploads\/wca-dubai-2025-2-768x512.jpg 768w, https:\/\/www.mathezfreight.com\/wp-content\/uploads\/wca-dubai-2025-2-274x183.jpg 274w, https:\/\/www.mathezfreight.com\/wp-content\/uploads\/wca-dubai-2025-2-375x250.jpg 375w, https:\/\/www.mathezfreight.com\/wp-content\/uploads\/wca-dubai-2025-2-1200x800.jpg 1200w, https:\/\/www.mathezfreight.com\/wp-content\/uploads\/wca-dubai-2025-2-25x17.jpg 25w, https:\/\/www.mathezfreight.com\/wp-content\/uploads\/wca-dubai-2025-2-68x45.jpg 68w, https:\/\/www.mathezfreight.com\/wp-content\/uploads\/wca-dubai-2025-2.jpg 1220w\" sizes=\"https:\/\/www.mathezfreight.com\/wp-content\/uploads\/wca-dubai-2025-2-800x533.jpg 800w, https:\/\/www.mathezfreight.com\/wp-content\/uploads\/wca-dubai-2025-2-600x400.jpg 600w, https:\/\/www.mathezfreight.com\/wp-content\/uploads\/wca-dubai-2025-2-1100x733.jpg 1100w, https:\/\/www.mathezfreight.com\/wp-content\/uploads\/wca-dubai-2025-2-768x512.jpg 768w, https:\/\/www.mathezfreight.com\/wp-content\/uploads\/wca-dubai-2025-2-274x183.jpg 274w, https:\/\/www.mathezfreight.com\/wp-content\/uploads\/wca-dubai-2025-2-375x250.jpg 375w, https:\/\/www.mathezfreight.com\/wp-content\/uploads\/wca-dubai-2025-2-1200x800.jpg 1200w, https:\/\/www.mathezfreight.com\/wp-content\/uploads\/wca-dubai-2025-2-25x17.jpg 25w, https:\/\/www.mathezfreight.com\/wp-content\/uploads\/wca-dubai-2025-2-68x45.jpg 68w, https:\/\/www.mathezfreight.com\/wp-content\/uploads\/wca-dubai-2025-2.jpg 1220w\"><\/a><\/div><div><a id=\"lightbox-800538\" class=\"imgeffect zoom rt_lightbox\" data-gal-id=\"slider-carousel-930647\" data-rel=\"rt_lightbox\" title=\"Agrandir la vue\" data-sub-html=\"wca-dubai-2025-(5)<br>wca dubai 2025\" data-src=\"\" data-width=\"\" data-height=\"\" data-poster=\"\" data-autoplay=\"\" data-audiotitle=\"\" data-download-url=\"false\" href=\"https:\/\/www.mathezfreight.com\/wp-content\/uploads\/wca-dubai-2025-5-800x533.jpg\"><img decoding=\"async\" src=\"https:\/\/www.mathezfreight.com\/wp-content\/uploads\/wca-dubai-2025-5-800x533.jpg\" width=\"800\" height=\"533\" alt=\"wca dubai 2025\" srcset=\"https:\/\/www.mathezfreight.com\/wp-content\/uploads\/wca-dubai-2025-5-800x533.jpg 800w, https:\/\/www.mathezfreight.com\/wp-content\/uploads\/wca-dubai-2025-5-600x400.jpg 600w, https:\/\/www.mathezfreight.com\/wp-content\/uploads\/wca-dubai-2025-5-1100x733.jpg 1100w, https:\/\/www.mathezfreight.com\/wp-content\/uploads\/wca-dubai-2025-5-768x512.jpg 768w, https:\/\/www.mathezfreight.com\/wp-content\/uploads\/wca-dubai-2025-5-274x183.jpg 274w, https:\/\/www.mathezfreight.com\/wp-content\/uploads\/wca-dubai-2025-5-375x250.jpg 375w, https:\/\/www.mathezfreight.com\/wp-content\/uploads\/wca-dubai-2025-5-1200x800.jpg 1200w, https:\/\/www.mathezfreight.com\/wp-content\/uploads\/wca-dubai-2025-5-25x17.jpg 25w, https:\/\/www.mathezfreight.com\/wp-content\/uploads\/wca-dubai-2025-5-68x45.jpg 68w, https:\/\/www.mathezfreight.com\/wp-content\/uploads\/wca-dubai-2025-5.jpg 1220w\" sizes=\"https:\/\/www.mathezfreight.com\/wp-content\/uploads\/wca-dubai-2025-5-800x533.jpg 800w, https:\/\/www.mathezfreight.com\/wp-content\/uploads\/wca-dubai-2025-5-600x400.jpg 600w, https:\/\/www.mathezfreight.com\/wp-content\/uploads\/wca-dubai-2025-5-1100x733.jpg 1100w, https:\/\/www.mathezfreight.com\/wp-content\/uploads\/wca-dubai-2025-5-768x512.jpg 768w, https:\/\/www.mathezfreight.com\/wp-content\/uploads\/wca-dubai-2025-5-274x183.jpg 274w, https:\/\/www.mathezfreight.com\/wp-content\/uploads\/wca-dubai-2025-5-375x250.jpg 375w, https:\/\/www.mathezfreight.com\/wp-content\/uploads\/wca-dubai-2025-5-1200x800.jpg 1200w, https:\/\/www.mathezfreight.com\/wp-content\/uploads\/wca-dubai-2025-5-25x17.jpg 25w, https:\/\/www.mathezfreight.com\/wp-content\/uploads\/wca-dubai-2025-5-68x45.jpg 68w, https:\/\/www.mathezfreight.com\/wp-content\/uploads\/wca-dubai-2025-5.jpg 1220w\"><\/a><\/div><div><a id=\"lightbox-216927\" class=\"imgeffect zoom rt_lightbox\" data-gal-id=\"slider-carousel-930647\" data-rel=\"rt_lightbox\" title=\"Agrandir la vue\" data-sub-html=\"wca-dubai-2025-(4)<br>wca dubai 2025\" data-src=\"\" data-width=\"\" data-height=\"\" data-poster=\"\" data-autoplay=\"\" data-audiotitle=\"\" data-download-url=\"false\" href=\"https:\/\/www.mathezfreight.com\/wp-content\/uploads\/wca-dubai-2025-4-800x533.jpg\"><img decoding=\"async\" src=\"https:\/\/www.mathezfreight.com\/wp-content\/uploads\/wca-dubai-2025-4-800x533.jpg\" width=\"800\" height=\"533\" alt=\"wca dubai 2025\" srcset=\"https:\/\/www.mathezfreight.com\/wp-content\/uploads\/wca-dubai-2025-4-800x533.jpg 800w, https:\/\/www.mathezfreight.com\/wp-content\/uploads\/wca-dubai-2025-4-600x400.jpg 600w, https:\/\/www.mathezfreight.com\/wp-content\/uploads\/wca-dubai-2025-4-1100x733.jpg 1100w, https:\/\/www.mathezfreight.com\/wp-content\/uploads\/wca-dubai-2025-4-768x512.jpg 768w, https:\/\/www.mathezfreight.com\/wp-content\/uploads\/wca-dubai-2025-4-274x183.jpg 274w, https:\/\/www.mathezfreight.com\/wp-content\/uploads\/wca-dubai-2025-4-375x250.jpg 375w, https:\/\/www.mathezfreight.com\/wp-content\/uploads\/wca-dubai-2025-4-1200x800.jpg 1200w, https:\/\/www.mathezfreight.com\/wp-content\/uploads\/wca-dubai-2025-4-25x17.jpg 25w, https:\/\/www.mathezfreight.com\/wp-content\/uploads\/wca-dubai-2025-4-68x45.jpg 68w, https:\/\/www.mathezfreight.com\/wp-content\/uploads\/wca-dubai-2025-4.jpg 1220w\" sizes=\"https:\/\/www.mathezfreight.com\/wp-content\/uploads\/wca-dubai-2025-4-800x533.jpg 800w, https:\/\/www.mathezfreight.com\/wp-content\/uploads\/wca-dubai-2025-4-600x400.jpg 600w, https:\/\/www.mathezfreight.com\/wp-content\/uploads\/wca-dubai-2025-4-1100x733.jpg 1100w, https:\/\/www.mathezfreight.com\/wp-content\/uploads\/wca-dubai-2025-4-768x512.jpg 768w, https:\/\/www.mathezfreight.com\/wp-content\/uploads\/wca-dubai-2025-4-274x183.jpg 274w, https:\/\/www.mathezfreight.com\/wp-content\/uploads\/wca-dubai-2025-4-375x250.jpg 375w, https:\/\/www.mathezfreight.com\/wp-content\/uploads\/wca-dubai-2025-4-1200x800.jpg 1200w, https:\/\/www.mathezfreight.com\/wp-content\/uploads\/wca-dubai-2025-4-25x17.jpg 25w, https:\/\/www.mathezfreight.com\/wp-content\/uploads\/wca-dubai-2025-4-68x45.jpg 68w, https:\/\/www.mathezfreight.com\/wp-content\/uploads\/wca-dubai-2025-4.jpg 1220w\"><\/a><\/div>\r\n\t\t\t\t\t<\/div>\r\n\t\t\t\t\t\r\n\t\t\t\t\t\r\n\t\t\t\t<\/div>\r\n\t\t\t\t\t\t\t<\/div>\n\t\t\t\t<\/div>\n\t\t\t\t<div class=\"elementor-element elementor-element-60dff7d elementor-widget elementor-widget-video\" data-id=\"60dff7d\" data-element_type=\"widget\" data-e-type=\"widget\" data-settings=\"{&quot;video_type&quot;:&quot;hosted&quot;,&quot;controls&quot;:&quot;yes&quot;}\" data-widget_type=\"video.default\">\n\t\t\t\t<div class=\"elementor-widget-container\">\n\t\t\t\t\t\t\t<div class=\"e-hosted-video elementor-wrapper elementor-open-inline\">\n\t\t\t\t\t<video class=\"elementor-video\" src=\"https:\/\/www.mathezfreight.com\/wp-content\/uploads\/video-wca.mp4\" controls=\"\" preload=\"metadata\" controlsList=\"nodownload\"><\/video>\n\t\t\t\t<\/div>\n\t\t\t\t\t\t<\/div>\n\t\t\t\t<\/div>\n\t\t\t\t<div class=\"elementor-element elementor-element-f6b4293 elementor-widget elementor-widget-text-editor\" data-id=\"f6b4293\" data-element_type=\"widget\" data-e-type=\"widget\" data-widget_type=\"text-editor.default\">\n\t\t\t\t<div class=\"elementor-widget-container\">\n\t\t\t\t\t\t\t\t\t \t\t\t\t\t\t\t\t<\/div>\n\t\t\t\t<\/div>\n\t\t\t\t\t<\/div>\n\t\t<\/div>\n\t\t\t\t\t<\/div>\n\t\t<\/section>\n\t\t\t\t<section class=\"elementor-section elementor-top-section elementor-element elementor-element-fa172f4 elementor-hidden-tablet elementor-hidden-phone mti-chevron bottom elementor-section-boxed elementor-section-height-default elementor-section-height-default default-style\" data-id=\"fa172f4\" data-element_type=\"section\" data-e-type=\"section\" data-settings=\"{&quot;rt_color_sets&quot;:&quot;default-style&quot;}\">\n\t\t\t\t\t\t<div class=\"elementor-container elementor-column-gap-default\">\n\t\t\t\t\t<div class=\"elementor-column elementor-col-33 elementor-top-column elementor-element elementor-element-883118b mti-chevrons\" data-id=\"883118b\" data-element_type=\"column\" data-e-type=\"column\">\n\t\t\t<div class=\"elementor-widget-wrap elementor-element-populated\">\n\t\t\t\t\t\t\t<\/div>\n\t\t<\/div>\n\t\t\t\t<div class=\"elementor-column elementor-col-33 elementor-top-column elementor-element elementor-element-8ffab9c\" data-id=\"8ffab9c\" data-element_type=\"column\" data-e-type=\"column\">\n\t\t\t<div class=\"elementor-widget-wrap elementor-element-populated\">\n\t\t\t\t\t\t<div class=\"elementor-element elementor-element-71b1c03 elementor-widget elementor-widget-text-editor\" data-id=\"71b1c03\" data-element_type=\"widget\" data-e-type=\"widget\" data-widget_type=\"text-editor.default\">\n\t\t\t\t<div class=\"elementor-widget-container\">\n\t\t\t\t\t\t\t\t\t<p>\u00a0\u00a0<\/p>\t\t\t\t\t\t\t\t<\/div>\n\t\t\t\t<\/div>\n\t\t\t\t\t<\/div>\n\t\t<\/div>\n\t\t\t\t<div class=\"elementor-column elementor-col-33 elementor-top-column elementor-element elementor-element-7a7d970\" data-id=\"7a7d970\" data-element_type=\"column\" data-e-type=\"column\">\n\t\t\t<div class=\"elementor-widget-wrap elementor-element-populated\">\n\t\t\t\t\t\t\t<\/div>\n\t\t<\/div>\n\t\t\t\t\t<\/div>\n\t\t<\/section>\n\t\t\t\t<section class=\"elementor-section elementor-top-section elementor-element elementor-element-7ad8e53 mti-article-body elementor-section-boxed elementor-section-height-default elementor-section-height-default default-style\" data-id=\"7ad8e53\" data-element_type=\"section\" data-e-type=\"section\" data-settings=\"{&quot;rt_color_sets&quot;:&quot;default-style&quot;}\">\n\t\t\t\t\t\t<div class=\"elementor-container elementor-column-gap-default\">\n\t\t\t\t\t<div class=\"elementor-column elementor-col-100 elementor-top-column elementor-element elementor-element-586f410\" data-id=\"586f410\" data-element_type=\"column\" data-e-type=\"column\">\n\t\t\t<div class=\"elementor-widget-wrap\">\n\t\t\t\t\t\t\t<\/div>\n\t\t<\/div>\n\t\t\t\t\t<\/div>\n\t\t<\/section>\n\t\t\t\t<div class=\"elementor-section elementor-top-section elementor-element elementor-element-facbc47 elementor-section-boxed elementor-section-height-default elementor-section-height-default default-style elementor-invisible\" data-id=\"facbc47\" data-element_type=\"section\" data-e-type=\"section\" id=\"mti-beau-gosse\" data-settings=\"{&quot;animation&quot;:&quot;fadeIn&quot;,&quot;rt_color_sets&quot;:&quot;default-style&quot;}\">\n\t\t\t\t\t\t<div class=\"elementor-container elementor-column-gap-default\">\n\t\t\t\t\t<div class=\"elementor-column elementor-col-33 elementor-top-column elementor-element elementor-element-96f8dfc\" data-id=\"96f8dfc\" data-element_type=\"column\" data-e-type=\"column\">\n\t\t\t<div class=\"elementor-widget-wrap elementor-element-populated\">\n\t\t\t\t\t\t<div class=\"elementor-element elementor-element-75d67c5 aligncenter elementor-widget elementor-widget-image\" data-id=\"75d67c5\" data-element_type=\"widget\" data-e-type=\"widget\" data-widget_type=\"image.default\">\n\t\t\t\t<div class=\"elementor-widget-container\">\n\t\t\t\t\t\t\t\t\t\t\t\t\t\t\t<img decoding=\"async\" width=\"250\" height=\"375\" src=\"https:\/\/www.mathezfreight.com\/wp-content\/uploads\/photo-frederic-mercier.png\" class=\"attachment-mti-medium-portrait size-mti-medium-portrait wp-image-15816\" alt=\"Fr\u00e9d\u00e9ric Mercier\" \/>\t\t\t\t\t\t\t\t\t\t\t\t\t\t\t<\/div>\n\t\t\t\t<\/div>\n\t\t\t\t\t<\/div>\n\t\t<\/div>\n\t\t\t\t<div class=\"elementor-column elementor-col-66 elementor-top-column elementor-element elementor-element-7ab07d0\" data-id=\"7ab07d0\" data-element_type=\"column\" data-e-type=\"column\">\n\t\t\t<div class=\"elementor-widget-wrap elementor-element-populated\">\n\t\t\t\t\t\t<div class=\"elementor-element elementor-element-a5a7c36 elementor-widget elementor-widget-text-editor\" data-id=\"a5a7c36\" data-element_type=\"widget\" data-e-type=\"widget\" data-widget_type=\"text-editor.default\">\n\t\t\t\t<div class=\"elementor-widget-container\">\n\t\t\t\t\t\t\t\t\t<blockquote style=\"margin-bottom: 8px;\"><p>Cette victoire n\u2019est pas seulement la mienne, elle est celle de toute l\u2019\u00e9quipe. Elle refl\u00e8te le d\u00e9vouement, le travail et la passion de chacun d\u2019entre nous.<\/p><\/blockquote><div id=\"mti-beau-gosse-signature\"><span style=\"color: #00305b;\">Fr\u00e9d\u00e9ric Mercier,<\/span> MATHEZ FREIGHT\u00a0<\/div>\t\t\t\t\t\t\t\t<\/div>\n\t\t\t\t<\/div>\n\t\t\t\t\t<\/div>\n\t\t<\/div>\n\t\t\t\t\t<\/div>\n\t\t<\/div>\n\t\t\t\t<aside class=\"elementor-section elementor-top-section elementor-element elementor-element-2637aff mti-social-bar bottom elementor-section-boxed elementor-section-height-default elementor-section-height-default default-style elementor-invisible\" data-id=\"2637aff\" data-element_type=\"section\" data-e-type=\"section\" data-settings=\"{&quot;animation&quot;:&quot;fadeIn&quot;,&quot;rt_color_sets&quot;:&quot;default-style&quot;}\">\n\t\t\t\t\t\t<div class=\"elementor-container elementor-column-gap-default\">\n\t\t\t\t\t<div class=\"elementor-column elementor-col-100 elementor-top-column elementor-element elementor-element-7e2d51c\" data-id=\"7e2d51c\" data-element_type=\"column\" data-e-type=\"column\">\n\t\t\t<div class=\"elementor-widget-wrap elementor-element-populated\">\n\t\t\t\t\t\t<div class=\"elementor-element elementor-element-ec97e6d elementor-share-buttons--view-icon elementor-share-buttons--skin-flat elementor-share-buttons--shape-square elementor-grid-0 elementor-share-buttons--color-official elementor-invisible elementor-widget elementor-widget-share-buttons\" data-id=\"ec97e6d\" data-element_type=\"widget\" data-e-type=\"widget\" data-settings=\"{&quot;_animation&quot;:&quot;fadeInLeft&quot;}\" data-widget_type=\"share-buttons.default\">\n\t\t\t\t<div class=\"elementor-widget-container\">\n\t\t\t\t\t\t\t<div class=\"elementor-grid\" role=\"list\">\n\t\t\t\t\t\t\t\t<div class=\"elementor-grid-item\" role=\"listitem\">\n\t\t\t\t\t\t<div class=\"elementor-share-btn elementor-share-btn_email\" role=\"button\" tabindex=\"0\" aria-label=\"Partager sur email\">\n\t\t\t\t\t\t\t\t\t\t\t\t\t\t\t<span class=\"elementor-share-btn__icon\">\n\t\t\t\t\t\t\t\t<i class=\"fas fa-envelope\" aria-hidden=\"true\"><\/i>\t\t\t\t\t\t\t<\/span>\n\t\t\t\t\t\t\t\t\t\t\t\t\t\t\t\t\t\t\t\t<\/div>\n\t\t\t\t\t<\/div>\n\t\t\t\t\t\t\t\t\t<div class=\"elementor-grid-item\" role=\"listitem\">\n\t\t\t\t\t\t<div class=\"elementor-share-btn elementor-share-btn_linkedin\" role=\"button\" tabindex=\"0\" aria-label=\"Partager sur linkedin\">\n\t\t\t\t\t\t\t\t\t\t\t\t\t\t\t<span class=\"elementor-share-btn__icon\">\n\t\t\t\t\t\t\t\t<i class=\"fab fa-linkedin\" aria-hidden=\"true\"><\/i>\t\t\t\t\t\t\t<\/span>\n\t\t\t\t\t\t\t\t\t\t\t\t\t\t\t\t\t\t\t\t<\/div>\n\t\t\t\t\t<\/div>\n\t\t\t\t\t\t\t\t\t<div class=\"elementor-grid-item\" role=\"listitem\">\n\t\t\t\t\t\t<div class=\"elementor-share-btn elementor-share-btn_twitter\" role=\"button\" tabindex=\"0\" aria-label=\"Partager sur twitter\">\n\t\t\t\t\t\t\t\t\t\t\t\t\t\t\t<span class=\"elementor-share-btn__icon\">\n\t\t\t\t\t\t\t\t<i class=\"fab fa-twitter\" aria-hidden=\"true\"><\/i>\t\t\t\t\t\t\t<\/span>\n\t\t\t\t\t\t\t\t\t\t\t\t\t\t\t\t\t\t\t\t<\/div>\n\t\t\t\t\t<\/div>\n\t\t\t\t\t\t\t\t\t<div class=\"elementor-grid-item\" role=\"listitem\">\n\t\t\t\t\t\t<div class=\"elementor-share-btn elementor-share-btn_facebook\" role=\"button\" tabindex=\"0\" aria-label=\"Partager sur facebook\">\n\t\t\t\t\t\t\t\t\t\t\t\t\t\t\t<span class=\"elementor-share-btn__icon\">\n\t\t\t\t\t\t\t\t<i class=\"fab fa-facebook\" aria-hidden=\"true\"><\/i>\t\t\t\t\t\t\t<\/span>\n\t\t\t\t\t\t\t\t\t\t\t\t\t\t\t\t\t\t\t\t<\/div>\n\t\t\t\t\t<\/div>\n\t\t\t\t\t\t\t\t\t<div class=\"elementor-grid-item\" role=\"listitem\">\n\t\t\t\t\t\t<div class=\"elementor-share-btn elementor-share-btn_print\" role=\"button\" tabindex=\"0\" aria-label=\"Partager sur print\">\n\t\t\t\t\t\t\t\t\t\t\t\t\t\t\t<span class=\"elementor-share-btn__icon\">\n\t\t\t\t\t\t\t\t<i class=\"fas fa-print\" aria-hidden=\"true\"><\/i>\t\t\t\t\t\t\t<\/span>\n\t\t\t\t\t\t\t\t\t\t\t\t\t\t\t\t\t\t\t\t<\/div>\n\t\t\t\t\t<\/div>\n\t\t\t\t\t\t<\/div>\n\t\t\t\t\t\t<\/div>\n\t\t\t\t<\/div>\n\t\t\t\t\t<\/div>\n\t\t<\/div>\n\t\t\t\t\t<\/div>\n\t\t<\/aside>\n\t\t\t\t<aside class=\"elementor-section elementor-top-section elementor-element elementor-element-030b571 mti-blog-grid single-post-bottom elementor-section-boxed elementor-section-height-default elementor-section-height-default default-style elementor-invisible\" data-id=\"030b571\" data-element_type=\"section\" data-e-type=\"section\" id=\"mti-blog-grid\" data-settings=\"{&quot;animation&quot;:&quot;fadeIn&quot;,&quot;rt_color_sets&quot;:&quot;default-style&quot;}\">\n\t\t\t\t\t\t<div class=\"elementor-container elementor-column-gap-default\">\n\t\t\t\t\t<div class=\"elementor-column elementor-col-100 elementor-top-column elementor-element elementor-element-dbe2e0f\" data-id=\"dbe2e0f\" data-element_type=\"column\" data-e-type=\"column\">\n\t\t\t<div class=\"elementor-widget-wrap elementor-element-populated\">\n\t\t\t\t\t\t<div class=\"elementor-element elementor-element-9e78f33 elementor-widget elementor-widget-heading\" data-id=\"9e78f33\" data-element_type=\"widget\" data-e-type=\"widget\" data-widget_type=\"heading.default\">\n\t\t\t\t<div class=\"elementor-widget-container\">\n\t\t\t\t\t<h3 class=\"elementor-heading-title elementor-size-default\">A lire aussi:<\/h3>\t\t\t\t<\/div>\n\t\t\t\t<\/div>\n\t\t\t\t<div class=\"elementor-element elementor-element-36baec8 elementor-widget elementor-widget-lae-posts-carousel\" data-id=\"36baec8\" data-element_type=\"widget\" data-e-type=\"widget\" data-widget_type=\"lae-posts-carousel.default\">\n\t\t\t\t<div class=\"elementor-widget-container\">\n\t\t\t\t\t\n<div        id=\"lae-posts-carousel-69f07592bb6be\"\n        class=\"lae-posts-carousel lae-container lae-classic-skin\"\n        data-settings='{&quot;arrows&quot;:false,&quot;dots&quot;:true,&quot;autoplay&quot;:false,&quot;autoplay_speed&quot;:3000,&quot;animation_speed&quot;:300,&quot;pause_on_hover&quot;:true,&quot;adaptive_height&quot;:false,&quot;display_columns&quot;:4,&quot;scroll_columns&quot;:3,&quot;gutter&quot;:10,&quot;tablet_width&quot;:800,&quot;tablet_display_columns&quot;:2,&quot;tablet_scroll_columns&quot;:2,&quot;tablet_gutter&quot;:10,&quot;mobile_width&quot;:480,&quot;mobile_display_columns&quot;:1,&quot;mobile_scroll_columns&quot;:1,&quot;mobile_gutter&quot;:10}'>\n<div data-id=\"id-66861\" class=\"lae-posts-carousel-item\">\n\n    <article id=\"post-66861\" class=\"post-66861 post type-post status-publish format-standard has-post-thumbnail hentry category-fret-mode-demploi tag-douane tag-tva cibles-une cibles-agences-sud cibles-douane cibles-import cibles-congres cibles-tva cibles-yachts\">\n\n        \n            \n            \n            \n                <div class=\"lae-project-image\">\n\n                    \n                    \n                    \n                        <a href=\"https:\/\/www.mathezfreight.com\/fr\/blog\/douane-cannes-monaco-boat-shows\/\"><img decoding=\"async\" width=\"375\" height=\"250\" src=\"https:\/\/www.mathezfreight.com\/wp-content\/uploads\/photo-cannes-monaco-boat-shows-douane-375x250.jpg\" class=\"lae-image attachment-mti-medium-classic size-mti-medium-classic\" alt=\"photo-cannes-monaco-boat-shows-douane\" title=\"Yacht de luxe naviguant en mer M\u00e9diterran\u00e9e, conformit\u00e9 douani\u00e8re assur\u00e9e.\" srcset=\"https:\/\/www.mathezfreight.com\/wp-content\/uploads\/photo-cannes-monaco-boat-shows-douane-375x250.jpg 375w, https:\/\/www.mathezfreight.com\/wp-content\/uploads\/photo-cannes-monaco-boat-shows-douane-600x400.jpg 600w, https:\/\/www.mathezfreight.com\/wp-content\/uploads\/photo-cannes-monaco-boat-shows-douane-1100x733.jpg 1100w, https:\/\/www.mathezfreight.com\/wp-content\/uploads\/photo-cannes-monaco-boat-shows-douane-768x512.jpg 768w, https:\/\/www.mathezfreight.com\/wp-content\/uploads\/photo-cannes-monaco-boat-shows-douane-274x183.jpg 274w, https:\/\/www.mathezfreight.com\/wp-content\/uploads\/photo-cannes-monaco-boat-shows-douane-1200x800.jpg 1200w, https:\/\/www.mathezfreight.com\/wp-content\/uploads\/photo-cannes-monaco-boat-shows-douane-610x406.jpg 610w, https:\/\/www.mathezfreight.com\/wp-content\/uploads\/photo-cannes-monaco-boat-shows-douane.jpg 1220w\" sizes=\"(max-width: 375px) 100vw, 375px\" \/><\/a>\n\n                    \n                    \n                        <div class=\"lae-image-info\">\n\n                            <div class=\"lae-entry-info\">\n\n                                \n                                    <h3 class=\"lae-post-title\">\n\n                                        <a href=\"https:\/\/www.mathezfreight.com\/fr\/blog\/douane-cannes-monaco-boat-shows\/\" title=\"Cannes et Monaco Boat Shows: la douane en toute conformit\u00e9\"\n                                           rel=\"bookmark\">Cannes et Monaco Boat Shows: la douane en toute conformit\u00e9<\/a>\n\n                                    <\/h3>\n\n                                \n                                \n                                    <span class=\"lae-terms\"><a href=\"https:\/\/www.mathezfreight.com\/fr\/blog\/categorie\/fret-mode-demploi\/\">Fret Mode d'Emploi<\/a><\/span>\n                                \n                            <\/div>\n\n                        <\/div><!-- .lae-image-info -->\n\n                    \n                <\/div>\n\n            \n            \n                <div class=\"lae-entry-text-wrap \">\n\n                    \n                        <h3 class=\"entry-title\">\n\n                            <a href=\"https:\/\/www.mathezfreight.com\/fr\/blog\/douane-cannes-monaco-boat-shows\/\" title=\"Cannes et Monaco Boat Shows: la douane en toute conformit\u00e9\"\n                               rel=\"bookmark\">Cannes et Monaco Boat Shows: la douane en toute conformit\u00e9<\/a>\n\n                        <\/h3>\n\n                    \n                    \n                    \n                    \n                <\/div>\n\n            \n        \n    <\/article><!-- .hentry -->\n\n<\/div><!-- .lae-posts-carousel-item -->\n<div data-id=\"id-66938\" class=\"lae-posts-carousel-item\">\n\n    <article id=\"post-66938\" class=\"post-66938 post type-post status-publish format-standard has-post-thumbnail hentry category-operations tag-aerien tag-international tag-maritime cibles-une cibles-aerien cibles-maritime\">\n\n        \n            \n            \n            \n                <div class=\"lae-project-image\">\n\n                    \n                    \n                    \n                        <a href=\"https:\/\/www.mathezfreight.com\/fr\/blog\/crise-golfe-transports-sitrep\/\"><img decoding=\"async\" width=\"375\" height=\"250\" src=\"https:\/\/www.mathezfreight.com\/wp-content\/uploads\/photo-golfe-transports-sitrep-375x250.jpg\" class=\"lae-image attachment-mti-medium-classic size-mti-medium-classic\" alt=\"Situation des transports de marchandises transitant par le Golfe persan\" title=\"Transports de marchandises Golfe persique Sitrep 2026\" srcset=\"https:\/\/www.mathezfreight.com\/wp-content\/uploads\/photo-golfe-transports-sitrep-375x250.jpg 375w, https:\/\/www.mathezfreight.com\/wp-content\/uploads\/photo-golfe-transports-sitrep-600x400.jpg 600w, https:\/\/www.mathezfreight.com\/wp-content\/uploads\/photo-golfe-transports-sitrep-1100x733.jpg 1100w, https:\/\/www.mathezfreight.com\/wp-content\/uploads\/photo-golfe-transports-sitrep-768x512.jpg 768w, https:\/\/www.mathezfreight.com\/wp-content\/uploads\/photo-golfe-transports-sitrep-274x183.jpg 274w, https:\/\/www.mathezfreight.com\/wp-content\/uploads\/photo-golfe-transports-sitrep-1200x800.jpg 1200w, https:\/\/www.mathezfreight.com\/wp-content\/uploads\/photo-golfe-transports-sitrep-610x406.jpg 610w, https:\/\/www.mathezfreight.com\/wp-content\/uploads\/photo-golfe-transports-sitrep.jpg 1220w\" sizes=\"(max-width: 375px) 100vw, 375px\" \/><\/a>\n\n                    \n                    \n                        <div class=\"lae-image-info\">\n\n                            <div class=\"lae-entry-info\">\n\n                                \n                                    <h3 class=\"lae-post-title\">\n\n                                        <a href=\"https:\/\/www.mathezfreight.com\/fr\/blog\/crise-golfe-transports-sitrep\/\" title=\"Transports de marchandises via le Golfe persique: rapport de situation\"\n                                           rel=\"bookmark\">Transports de marchandises via le Golfe persique: rapport de situation<\/a>\n\n                                    <\/h3>\n\n                                \n                                \n                                    <span class=\"lae-terms\"><a href=\"https:\/\/www.mathezfreight.com\/fr\/blog\/categorie\/operations\/\">Op\u00e9rations<\/a><\/span>\n                                \n                            <\/div>\n\n                        <\/div><!-- .lae-image-info -->\n\n                    \n                <\/div>\n\n            \n            \n                <div class=\"lae-entry-text-wrap \">\n\n                    \n                        <h3 class=\"entry-title\">\n\n                            <a href=\"https:\/\/www.mathezfreight.com\/fr\/blog\/crise-golfe-transports-sitrep\/\" title=\"Transports de marchandises via le Golfe persique: rapport de situation\"\n                               rel=\"bookmark\">Transports de marchandises via le Golfe persique: rapport de situation<\/a>\n\n                        <\/h3>\n\n                    \n                    \n                    \n                    \n                <\/div>\n\n            \n        \n    <\/article><!-- .hentry -->\n\n<\/div><!-- .lae-posts-carousel-item -->\n<div data-id=\"id-66679\" class=\"lae-posts-carousel-item\">\n\n    <article id=\"post-66679\" class=\"post-66679 post type-post status-publish format-standard has-post-thumbnail hentry category-operations tag-aerien tag-international tag-maritime cibles-une cibles-aerien cibles-maritime\">\n\n        \n            \n            \n            \n                <div class=\"lae-project-image\">\n\n                    \n                    \n                    \n                        <a href=\"https:\/\/www.mathezfreight.com\/fr\/blog\/crise-moyen-orient-2026-transport-marchandises\/\"><img decoding=\"async\" width=\"375\" height=\"250\" src=\"https:\/\/www.mathezfreight.com\/wp-content\/uploads\/photo-moyen-orient-1-375x250.jpg\" class=\"lae-image attachment-mti-medium-classic size-mti-medium-classic\" alt=\"photo-moyen-orient\" title=\"photo-moyen-orient\" srcset=\"https:\/\/www.mathezfreight.com\/wp-content\/uploads\/photo-moyen-orient-1-375x250.jpg 375w, https:\/\/www.mathezfreight.com\/wp-content\/uploads\/photo-moyen-orient-1-274x183.jpg 274w\" sizes=\"(max-width: 375px) 100vw, 375px\" \/><\/a>\n\n                    \n                    \n                        <div class=\"lae-image-info\">\n\n                            <div class=\"lae-entry-info\">\n\n                                \n                                    <h3 class=\"lae-post-title\">\n\n                                        <a href=\"https:\/\/www.mathezfreight.com\/fr\/blog\/crise-moyen-orient-2026-transport-marchandises\/\" title=\"Crise au Moyen-Orient 2026: impacts sur le transport de marchandises et conseils aux chargeurs\"\n                                           rel=\"bookmark\">Crise au Moyen-Orient 2026: impacts sur le transport de marchandises et conseils aux chargeurs<\/a>\n\n                                    <\/h3>\n\n                                \n                                \n                                    <span class=\"lae-terms\"><a href=\"https:\/\/www.mathezfreight.com\/fr\/blog\/categorie\/operations\/\">Op\u00e9rations<\/a><\/span>\n                                \n                            <\/div>\n\n                        <\/div><!-- .lae-image-info -->\n\n                    \n                <\/div>\n\n            \n            \n                <div class=\"lae-entry-text-wrap \">\n\n                    \n                        <h3 class=\"entry-title\">\n\n                            <a href=\"https:\/\/www.mathezfreight.com\/fr\/blog\/crise-moyen-orient-2026-transport-marchandises\/\" title=\"Crise au Moyen-Orient 2026: impacts sur le transport de marchandises et conseils aux chargeurs\"\n                               rel=\"bookmark\">Crise au Moyen-Orient 2026: impacts sur le transport de marchandises et conseils aux chargeurs<\/a>\n\n                        <\/h3>\n\n                    \n                    \n                    \n                    \n                <\/div>\n\n            \n        \n    <\/article><!-- .hentry -->\n\n<\/div><!-- .lae-posts-carousel-item -->\n<div data-id=\"id-66393\" class=\"lae-posts-carousel-item\">\n\n    <article id=\"post-66393\" class=\"post-66393 post type-post status-publish format-standard has-post-thumbnail hentry category-presse category-operations tag-aerien tag-chine tag-maritime cibles-import cibles-maritime\">\n\n        \n            \n            \n            \n                <div class=\"lae-project-image\">\n\n                    \n                    \n                    \n                        <a href=\"https:\/\/www.mathezfreight.com\/fr\/blog\/nouvel-an-chinois-transports\/\"><img decoding=\"async\" width=\"375\" height=\"250\" src=\"https:\/\/www.mathezfreight.com\/wp-content\/uploads\/photo-journal-depositphotos_326235320_L-375x250.jpg\" class=\"lae-image attachment-mti-medium-classic size-mti-medium-classic\" alt=\"MATHEZ FREIGHT dans la presse\" title=\"MATHEZ FREIGHT dans la presse\" srcset=\"https:\/\/www.mathezfreight.com\/wp-content\/uploads\/photo-journal-depositphotos_326235320_L-375x250.jpg 375w, https:\/\/www.mathezfreight.com\/wp-content\/uploads\/photo-journal-depositphotos_326235320_L-274x183.jpg 274w\" sizes=\"(max-width: 375px) 100vw, 375px\" \/><\/a>\n\n                    \n                    \n                        <div class=\"lae-image-info\">\n\n                            <div class=\"lae-entry-info\">\n\n                                \n                                    <h3 class=\"lae-post-title\">\n\n                                        <a href=\"https:\/\/www.mathezfreight.com\/fr\/blog\/nouvel-an-chinois-transports\/\" title=\"Nouvel An Chinois: Les Impacts sur les Transports des Entreprises\"\n                                           rel=\"bookmark\">Nouvel An Chinois: Les Impacts sur les Transports des Entreprises<\/a>\n\n                                    <\/h3>\n\n                                \n                                \n                                    <span class=\"lae-terms\"><a href=\"https:\/\/www.mathezfreight.com\/fr\/blog\/categorie\/presse\/\">Dans la presse<\/a>, <a href=\"https:\/\/www.mathezfreight.com\/fr\/blog\/categorie\/operations\/\">Op\u00e9rations<\/a><\/span>\n                                \n                            <\/div>\n\n                        <\/div><!-- .lae-image-info -->\n\n                    \n                <\/div>\n\n            \n            \n                <div class=\"lae-entry-text-wrap \">\n\n                    \n                        <h3 class=\"entry-title\">\n\n                            <a href=\"https:\/\/www.mathezfreight.com\/fr\/blog\/nouvel-an-chinois-transports\/\" title=\"Nouvel An Chinois: Les Impacts sur les Transports des Entreprises\"\n                               rel=\"bookmark\">Nouvel An Chinois: Les Impacts sur les Transports des Entreprises<\/a>\n\n                        <\/h3>\n\n                    \n                    \n                    \n                    \n                <\/div>\n\n            \n        \n    <\/article><!-- .hentry -->\n\n<\/div><!-- .lae-posts-carousel-item -->\n<div data-id=\"id-53358\" class=\"lae-posts-carousel-item\">\n\n    <article id=\"post-53358\" class=\"post-53358 post type-post status-publish format-standard has-post-thumbnail hentry category-fret-mode-demploi tag-international tag-maritime tag-turquie cibles-aerien cibles-agences-sud cibles-douane cibles-import cibles-maritime\">\n\n        \n            \n            \n            \n                <div class=\"lae-project-image\">\n\n                    \n                    \n                    \n                        <a href=\"https:\/\/www.mathezfreight.com\/fr\/blog\/turquie-import-export-transport-formalites-douanieres\/\"><img decoding=\"async\" width=\"375\" height=\"250\" src=\"https:\/\/www.mathezfreight.com\/wp-content\/uploads\/photo-turquie-depositphotos_163574358_xl-375x250.jpg\" class=\"lae-image attachment-mti-medium-classic size-mti-medium-classic\" alt=\"Import Export Turquie\" title=\"Import Export Turquie\" srcset=\"https:\/\/www.mathezfreight.com\/wp-content\/uploads\/photo-turquie-depositphotos_163574358_xl-375x250.jpg 375w, https:\/\/www.mathezfreight.com\/wp-content\/uploads\/photo-turquie-depositphotos_163574358_xl-600x398.jpg 600w, https:\/\/www.mathezfreight.com\/wp-content\/uploads\/photo-turquie-depositphotos_163574358_xl-1100x730.jpg 1100w, https:\/\/www.mathezfreight.com\/wp-content\/uploads\/photo-turquie-depositphotos_163574358_xl-768x510.jpg 768w, https:\/\/www.mathezfreight.com\/wp-content\/uploads\/photo-turquie-depositphotos_163574358_xl-274x183.jpg 274w, https:\/\/www.mathezfreight.com\/wp-content\/uploads\/photo-turquie-depositphotos_163574358_xl-1200x800.jpg 1200w, https:\/\/www.mathezfreight.com\/wp-content\/uploads\/photo-turquie-depositphotos_163574358_xl-25x17.jpg 25w, https:\/\/www.mathezfreight.com\/wp-content\/uploads\/photo-turquie-depositphotos_163574358_xl-68x45.jpg 68w, https:\/\/www.mathezfreight.com\/wp-content\/uploads\/photo-turquie-depositphotos_163574358_xl-900x598.jpg 900w, https:\/\/www.mathezfreight.com\/wp-content\/uploads\/photo-turquie-depositphotos_163574358_xl.jpg 1220w\" sizes=\"(max-width: 375px) 100vw, 375px\" \/><\/a>\n\n                    \n                    \n                        <div class=\"lae-image-info\">\n\n                            <div class=\"lae-entry-info\">\n\n                                \n                                    <h3 class=\"lae-post-title\">\n\n                                        <a href=\"https:\/\/www.mathezfreight.com\/fr\/blog\/turquie-import-export-transport-formalites-douanieres\/\" title=\"Turquie : Import \/ export, transport &#038; formalit\u00e9s douani\u00e8res en 2026\"\n                                           rel=\"bookmark\">Turquie : Import \/ export, transport &#038; formalit\u00e9s douani\u00e8res en 2026<\/a>\n\n                                    <\/h3>\n\n                                \n                                \n                                    <span class=\"lae-terms\"><a href=\"https:\/\/www.mathezfreight.com\/fr\/blog\/categorie\/fret-mode-demploi\/\">Fret Mode d'Emploi<\/a><\/span>\n                                \n                            <\/div>\n\n                        <\/div><!-- .lae-image-info -->\n\n                    \n                <\/div>\n\n            \n            \n                <div class=\"lae-entry-text-wrap \">\n\n                    \n                        <h3 class=\"entry-title\">\n\n                            <a href=\"https:\/\/www.mathezfreight.com\/fr\/blog\/turquie-import-export-transport-formalites-douanieres\/\" title=\"Turquie : Import \/ export, transport &#038; formalit\u00e9s douani\u00e8res en 2026\"\n                               rel=\"bookmark\">Turquie : Import \/ export, transport &#038; formalit\u00e9s douani\u00e8res en 2026<\/a>\n\n                        <\/h3>\n\n                    \n                    \n                    \n                    \n                <\/div>\n\n            \n        \n    <\/article><!-- .hentry -->\n\n<\/div><!-- .lae-posts-carousel-item -->\n<div data-id=\"id-64563\" class=\"lae-posts-carousel-item\">\n\n    <article id=\"post-64563\" class=\"post-64563 post type-post status-publish format-standard has-post-thumbnail hentry category-fret-mode-demploi tag-douane tag-yachting cibles-une cibles-agences-sud cibles-douane cibles-yachts\">\n\n        \n            \n            \n            \n                <div class=\"lae-project-image\">\n\n                    \n                    \n                    \n                        <a href=\"https:\/\/www.mathezfreight.com\/fr\/blog\/admission-temporaire-yachting\/\"><img decoding=\"async\" width=\"375\" height=\"250\" src=\"https:\/\/www.mathezfreight.com\/wp-content\/uploads\/photo_yachts_depositphotos_91479904_l-375x250.jpg\" class=\"lae-image attachment-mti-medium-classic size-mti-medium-classic\" alt=\"Admission temporaire 18 mois yachting\" title=\"Admission temporaire 18 mois yachting\" srcset=\"https:\/\/www.mathezfreight.com\/wp-content\/uploads\/photo_yachts_depositphotos_91479904_l-375x250.jpg 375w, https:\/\/www.mathezfreight.com\/wp-content\/uploads\/photo_yachts_depositphotos_91479904_l-274x183.jpg 274w\" sizes=\"(max-width: 375px) 100vw, 375px\" \/><\/a>\n\n                    \n                    \n                        <div class=\"lae-image-info\">\n\n                            <div class=\"lae-entry-info\">\n\n                                \n                                    <h3 class=\"lae-post-title\">\n\n                                        <a href=\"https:\/\/www.mathezfreight.com\/fr\/blog\/admission-temporaire-yachting\/\" title=\"Admission Temporaire 18 mois pour yachts: naviguer en Europe sans import ni TVA\"\n                                           rel=\"bookmark\">Admission Temporaire 18 mois pour yachts: naviguer en Europe sans import ni TVA<\/a>\n\n                                    <\/h3>\n\n                                \n                                \n                                    <span class=\"lae-terms\"><a href=\"https:\/\/www.mathezfreight.com\/fr\/blog\/categorie\/fret-mode-demploi\/\">Fret Mode d'Emploi<\/a><\/span>\n                                \n                            <\/div>\n\n                        <\/div><!-- .lae-image-info -->\n\n                    \n                <\/div>\n\n            \n            \n                <div class=\"lae-entry-text-wrap \">\n\n                    \n                        <h3 class=\"entry-title\">\n\n                            <a href=\"https:\/\/www.mathezfreight.com\/fr\/blog\/admission-temporaire-yachting\/\" title=\"Admission Temporaire 18 mois pour yachts: naviguer en Europe sans import ni TVA\"\n                               rel=\"bookmark\">Admission Temporaire 18 mois pour yachts: naviguer en Europe sans import ni TVA<\/a>\n\n                        <\/h3>\n\n                    \n                    \n                    \n                    \n                <\/div>\n\n            \n        \n    <\/article><!-- .hentry -->\n\n<\/div><!-- .lae-posts-carousel-item --><\/div><!-- .lae-posts-carousel -->\t\t\t\t<\/div>\n\t\t\t\t<\/div>\n\t\t\t\t\t<\/div>\n\t\t<\/div>\n\t\t\t\t\t<\/div>\n\t\t<\/aside>\n\t\t\t\t<section class=\"elementor-section elementor-top-section elementor-element elementor-element-32a5676 elementor-section-boxed elementor-section-height-default elementor-section-height-default default-style\" data-id=\"32a5676\" data-element_type=\"section\" data-e-type=\"section\" data-settings=\"{&quot;rt_color_sets&quot;:&quot;default-style&quot;}\">\n\t\t\t\t\t\t<div class=\"elementor-container elementor-column-gap-default\">\n\t\t\t\t\t<div class=\"elementor-column elementor-col-100 elementor-top-column elementor-element elementor-element-2a9b72a\" data-id=\"2a9b72a\" data-element_type=\"column\" data-e-type=\"column\">\n\t\t\t<div class=\"elementor-widget-wrap\">\n\t\t\t\t\t\t\t<\/div>\n\t\t<\/div>\n\t\t\t\t\t<\/div>\n\t\t<\/section>\n\t\t\t\t<section class=\"elementor-section elementor-top-section elementor-element elementor-element-a0b9e04 elementor-section-boxed elementor-section-height-default elementor-section-height-default default-style\" data-id=\"a0b9e04\" data-element_type=\"section\" data-e-type=\"section\" data-settings=\"{&quot;rt_color_sets&quot;:&quot;default-style&quot;}\">\n\t\t\t\t\t\t<div class=\"elementor-container elementor-column-gap-default\">\n\t\t\t\t\t<div class=\"elementor-column elementor-col-100 elementor-top-column elementor-element elementor-element-1a2ec7a\" data-id=\"1a2ec7a\" data-element_type=\"column\" data-e-type=\"column\">\n\t\t\t<div class=\"elementor-widget-wrap\">\n\t\t\t\t\t\t\t<\/div>\n\t\t<\/div>\n\t\t\t\t\t<\/div>\n\t\t<\/section>\n\t\t\t\t<\/div>\n\t\t","protected":false},"excerpt":{"rendered":"<p>Fr\u00e9d\u00e9ric Mercier WCA Hall of Fame Winner 2025! Un prix prestigieux qui r\u00e9compense son engagement et la place de MATHEZ FREIGHT parmi les meilleurs agents de fret internationaux.<\/p>\n","protected":false},"author":130,"featured_media":57930,"comment_status":"open","ping_status":"open","sticky":false,"template":"page-mti-a4.php","format":"standard","meta":{"iawp_total_views":27,"footnotes":""},"categories":[453],"tags":[132,439],"cibles":[466,427],"class_list":["post-57922","post","type-post","status-publish","format-standard","has-post-thumbnail","hentry","category-corporate","tag-international","tag-reseaux","cibles-agences-nord","cibles-reseau"],"yoast_head":"<!-- This site is optimized with the Yoast SEO Premium plugin v27.4 (Yoast SEO v27.4) - https:\/\/yoast.com\/product\/yoast-seo-premium-wordpress\/ -->\n<title>MATHEZ FREIGHT distingu\u00e9 au WCA Hall of Fame 2025 - MATHEZ FREIGHT<\/title>\n<meta name=\"description\" content=\"Fr\u00e9d\u00e9ric Mercier WCA Hall of Fame Winner 2025! Un prix prestigieux qui r\u00e9compense son engagement et la place de MATHEZ FREIGHT parmi les meilleurs agents de fret internationaux.\" \/>\n<meta name=\"robots\" content=\"index, follow, max-snippet:-1, max-image-preview:large, max-video-preview:-1\" \/>\n<link rel=\"canonical\" href=\"https:\/\/www.mathezfreight.com\/fr\/blog\/winner-wca-hall-of-fame-2025\/\" \/>\n<meta property=\"og:locale\" content=\"fr_FR\" \/>\n<meta property=\"og:type\" content=\"article\" \/>\n<meta property=\"og:title\" content=\"MATHEZ FREIGHT distingu\u00e9 au WCA Hall of Fame 2025\" \/>\n<meta property=\"og:description\" content=\"Fr\u00e9d\u00e9ric Mercier WCA Hall of Fame Winner 2025! Un prix prestigieux qui r\u00e9compense son engagement et la place de MATHEZ FREIGHT parmi les meilleurs agents de fret internationaux.\" \/>\n<meta property=\"og:url\" content=\"https:\/\/www.mathezfreight.com\/fr\/blog\/winner-wca-hall-of-fame-2025\/\" \/>\n<meta property=\"og:site_name\" content=\"MATHEZ FREIGHT\" \/>\n<meta property=\"article:publisher\" content=\"https:\/\/www.facebook.com\/MathezFreight\/\" \/>\n<meta property=\"article:published_time\" content=\"2025-02-27T14:23:08+00:00\" \/>\n<meta property=\"article:modified_time\" content=\"2026-01-12T11:14:40+00:00\" \/>\n<meta property=\"og:image\" content=\"https:\/\/www.mathezfreight.com\/wp-content\/uploads\/wca-dubai-2025-1.jpg\" \/>\n\t<meta property=\"og:image:width\" content=\"1220\" \/>\n\t<meta property=\"og:image:height\" content=\"813\" \/>\n\t<meta property=\"og:image:type\" content=\"image\/jpeg\" \/>\n<meta name=\"author\" content=\"Fr\u00e9d\u00e9ric Mercier\" \/>\n<meta name=\"twitter:card\" content=\"summary_large_image\" \/>\n<meta name=\"twitter:creator\" content=\"@DavidP\" \/>\n<meta name=\"twitter:site\" content=\"@MathezFreight\" \/>\n<meta name=\"twitter:label1\" content=\"\u00c9crit par\" \/>\n\t<meta name=\"twitter:data1\" content=\"Fr\u00e9d\u00e9ric Mercier\" \/>\n\t<meta name=\"twitter:label2\" content=\"Dur\u00e9e de lecture estim\u00e9e\" \/>\n\t<meta name=\"twitter:data2\" content=\"10 minutes\" \/>\n<script type=\"application\/ld+json\" class=\"yoast-schema-graph\">{\"@context\":\"https:\\\/\\\/schema.org\",\"@graph\":[{\"@type\":\"Article\",\"@id\":\"https:\\\/\\\/www.mathezfreight.com\\\/fr\\\/blog\\\/winner-wca-hall-of-fame-2025\\\/#article\",\"isPartOf\":{\"@id\":\"https:\\\/\\\/www.mathezfreight.com\\\/fr\\\/blog\\\/winner-wca-hall-of-fame-2025\\\/\"},\"author\":{\"name\":\"Fr\u00e9d\u00e9ric Mercier\",\"@id\":\"https:\\\/\\\/www.mathezfreight.com\\\/fr\\\/#\\\/schema\\\/person\\\/94914cc381c671e9a29be453a8211aab\"},\"headline\":\"MATHEZ FREIGHT distingu\u00e9 au WCA Hall of Fame 2025\",\"datePublished\":\"2025-02-27T14:23:08+00:00\",\"dateModified\":\"2026-01-12T11:14:40+00:00\",\"mainEntityOfPage\":{\"@id\":\"https:\\\/\\\/www.mathezfreight.com\\\/fr\\\/blog\\\/winner-wca-hall-of-fame-2025\\\/\"},\"wordCount\":450,\"commentCount\":0,\"publisher\":{\"@id\":\"https:\\\/\\\/www.mathezfreight.com\\\/fr\\\/#organization\"},\"image\":{\"@id\":\"https:\\\/\\\/www.mathezfreight.com\\\/fr\\\/blog\\\/winner-wca-hall-of-fame-2025\\\/#primaryimage\"},\"thumbnailUrl\":\"https:\\\/\\\/www.mathezfreight.com\\\/wp-content\\\/uploads\\\/wca-dubai-2025-1.jpg\",\"keywords\":[\"International\",\"R\u00e9seaux\"],\"articleSection\":[\"Corporate\"],\"inLanguage\":\"fr-FR\",\"potentialAction\":[{\"@type\":\"CommentAction\",\"name\":\"Comment\",\"target\":[\"https:\\\/\\\/www.mathezfreight.com\\\/fr\\\/blog\\\/winner-wca-hall-of-fame-2025\\\/#respond\"]}]},{\"@type\":\"WebPage\",\"@id\":\"https:\\\/\\\/www.mathezfreight.com\\\/fr\\\/blog\\\/winner-wca-hall-of-fame-2025\\\/\",\"url\":\"https:\\\/\\\/www.mathezfreight.com\\\/fr\\\/blog\\\/winner-wca-hall-of-fame-2025\\\/\",\"name\":\"MATHEZ FREIGHT distingu\u00e9 au WCA Hall of Fame 2025 - MATHEZ FREIGHT\",\"isPartOf\":{\"@id\":\"https:\\\/\\\/www.mathezfreight.com\\\/fr\\\/#website\"},\"primaryImageOfPage\":{\"@id\":\"https:\\\/\\\/www.mathezfreight.com\\\/fr\\\/blog\\\/winner-wca-hall-of-fame-2025\\\/#primaryimage\"},\"image\":{\"@id\":\"https:\\\/\\\/www.mathezfreight.com\\\/fr\\\/blog\\\/winner-wca-hall-of-fame-2025\\\/#primaryimage\"},\"thumbnailUrl\":\"https:\\\/\\\/www.mathezfreight.com\\\/wp-content\\\/uploads\\\/wca-dubai-2025-1.jpg\",\"datePublished\":\"2025-02-27T14:23:08+00:00\",\"dateModified\":\"2026-01-12T11:14:40+00:00\",\"description\":\"Fr\u00e9d\u00e9ric Mercier WCA Hall of Fame Winner 2025! Un prix prestigieux qui r\u00e9compense son engagement et la place de MATHEZ FREIGHT parmi les meilleurs agents de fret internationaux.\",\"breadcrumb\":{\"@id\":\"https:\\\/\\\/www.mathezfreight.com\\\/fr\\\/blog\\\/winner-wca-hall-of-fame-2025\\\/#breadcrumb\"},\"inLanguage\":\"fr-FR\",\"potentialAction\":[{\"@type\":\"ReadAction\",\"target\":[\"https:\\\/\\\/www.mathezfreight.com\\\/fr\\\/blog\\\/winner-wca-hall-of-fame-2025\\\/\"]}]},{\"@type\":\"ImageObject\",\"inLanguage\":\"fr-FR\",\"@id\":\"https:\\\/\\\/www.mathezfreight.com\\\/fr\\\/blog\\\/winner-wca-hall-of-fame-2025\\\/#primaryimage\",\"url\":\"https:\\\/\\\/www.mathezfreight.com\\\/wp-content\\\/uploads\\\/wca-dubai-2025-1.jpg\",\"contentUrl\":\"https:\\\/\\\/www.mathezfreight.com\\\/wp-content\\\/uploads\\\/wca-dubai-2025-1.jpg\",\"width\":1220,\"height\":813,\"caption\":\"wca dubai 2025\"},{\"@type\":\"BreadcrumbList\",\"@id\":\"https:\\\/\\\/www.mathezfreight.com\\\/fr\\\/blog\\\/winner-wca-hall-of-fame-2025\\\/#breadcrumb\",\"itemListElement\":[{\"@type\":\"ListItem\",\"position\":1,\"name\":\"Home\",\"item\":\"https:\\\/\\\/www.mathezfreight.com\\\/fr\\\/\"},{\"@type\":\"ListItem\",\"position\":2,\"name\":\"Corporate\",\"item\":\"https:\\\/\\\/www.mathezfreight.com\\\/fr\\\/blog\\\/categorie\\\/corporate\\\/\"},{\"@type\":\"ListItem\",\"position\":3,\"name\":\"MATHEZ FREIGHT distingu\u00e9 au WCA Hall of Fame 2025\"}]},{\"@type\":\"WebSite\",\"@id\":\"https:\\\/\\\/www.mathezfreight.com\\\/fr\\\/#website\",\"url\":\"https:\\\/\\\/www.mathezfreight.com\\\/fr\\\/\",\"name\":\"MATHEZ FREIGHT\",\"description\":\"Solutions transport sur mesure, suivies, efficaces\",\"publisher\":{\"@id\":\"https:\\\/\\\/www.mathezfreight.com\\\/fr\\\/#organization\"},\"alternateName\":\"MATHEZ TRANSPORTS INTERNATIONAUX\",\"potentialAction\":[{\"@type\":\"SearchAction\",\"target\":{\"@type\":\"EntryPoint\",\"urlTemplate\":\"https:\\\/\\\/www.mathezfreight.com\\\/fr\\\/?s={search_term_string}\"},\"query-input\":{\"@type\":\"PropertyValueSpecification\",\"valueRequired\":true,\"valueName\":\"search_term_string\"}}],\"inLanguage\":\"fr-FR\"},{\"@type\":\"Organization\",\"@id\":\"https:\\\/\\\/www.mathezfreight.com\\\/fr\\\/#organization\",\"name\":\"MATHEZ FREIGHT\",\"alternateName\":\"MATHEZ TRANSPORTS INTERNATIONAUX\",\"url\":\"https:\\\/\\\/www.mathezfreight.com\\\/fr\\\/\",\"logo\":{\"@type\":\"ImageObject\",\"inLanguage\":\"fr-FR\",\"@id\":\"https:\\\/\\\/www.mathezfreight.com\\\/fr\\\/#\\\/schema\\\/logo\\\/image\\\/\",\"url\":\"https:\\\/\\\/www.mathezfreight.com\\\/wp-content\\\/uploads\\\/logo-mathez-freight-400pxw.png\",\"contentUrl\":\"https:\\\/\\\/www.mathezfreight.com\\\/wp-content\\\/uploads\\\/logo-mathez-freight-400pxw.png\",\"width\":400,\"height\":136,\"caption\":\"MATHEZ FREIGHT\"},\"image\":{\"@id\":\"https:\\\/\\\/www.mathezfreight.com\\\/fr\\\/#\\\/schema\\\/logo\\\/image\\\/\"},\"sameAs\":[\"https:\\\/\\\/www.facebook.com\\\/MathezFreight\\\/\",\"https:\\\/\\\/x.com\\\/MathezFreight\",\"https:\\\/\\\/www.linkedin.com\\\/company\\\/mathezfreight\\\/\"],\"description\":\"Transitaire fran\u00e7ais, organisateur de transport international: fret a\u00e9rien, fret maritime, commissionnaire en douane agr\u00e9\u00e9 OEA-Full. 17 agences en France sur tous les principaux ports et a\u00e9roports.\",\"email\":\"web@mathezfreight.com\",\"telephone\":\"+33.497257825\",\"legalName\":\"MATHEZ TRANSPORTS INTERNATIONAUX\",\"foundingDate\":\"1950-01-01\",\"numberOfEmployees\":{\"@type\":\"QuantitativeValue\",\"minValue\":\"51\",\"maxValue\":\"200\"}},{\"@type\":\"Person\",\"@id\":\"https:\\\/\\\/www.mathezfreight.com\\\/fr\\\/#\\\/schema\\\/person\\\/94914cc381c671e9a29be453a8211aab\",\"name\":\"Fr\u00e9d\u00e9ric Mercier\",\"sameAs\":[\"https:\\\/\\\/x.com\\\/DavidP\"]}]}<\/script>\n<!-- \/ Yoast SEO Premium plugin. -->","yoast_head_json":{"title":"MATHEZ FREIGHT distingu\u00e9 au WCA Hall of Fame 2025 - MATHEZ FREIGHT","description":"Fr\u00e9d\u00e9ric Mercier WCA Hall of Fame Winner 2025! Un prix prestigieux qui r\u00e9compense son engagement et la place de MATHEZ FREIGHT parmi les meilleurs agents de fret internationaux.","robots":{"index":"index","follow":"follow","max-snippet":"max-snippet:-1","max-image-preview":"max-image-preview:large","max-video-preview":"max-video-preview:-1"},"canonical":"https:\/\/www.mathezfreight.com\/fr\/blog\/winner-wca-hall-of-fame-2025\/","og_locale":"fr_FR","og_type":"article","og_title":"MATHEZ FREIGHT distingu\u00e9 au WCA Hall of Fame 2025","og_description":"Fr\u00e9d\u00e9ric Mercier WCA Hall of Fame Winner 2025! Un prix prestigieux qui r\u00e9compense son engagement et la place de MATHEZ FREIGHT parmi les meilleurs agents de fret internationaux.","og_url":"https:\/\/www.mathezfreight.com\/fr\/blog\/winner-wca-hall-of-fame-2025\/","og_site_name":"MATHEZ FREIGHT","article_publisher":"https:\/\/www.facebook.com\/MathezFreight\/","article_published_time":"2025-02-27T14:23:08+00:00","article_modified_time":"2026-01-12T11:14:40+00:00","og_image":[{"width":1220,"height":813,"url":"https:\/\/www.mathezfreight.com\/wp-content\/uploads\/wca-dubai-2025-1.jpg","type":"image\/jpeg"}],"author":"Fr\u00e9d\u00e9ric Mercier","twitter_card":"summary_large_image","twitter_creator":"@DavidP","twitter_site":"@MathezFreight","twitter_misc":{"\u00c9crit par":"Fr\u00e9d\u00e9ric Mercier","Dur\u00e9e de lecture estim\u00e9e":"10 minutes"},"schema":{"@context":"https:\/\/schema.org","@graph":[{"@type":"Article","@id":"https:\/\/www.mathezfreight.com\/fr\/blog\/winner-wca-hall-of-fame-2025\/#article","isPartOf":{"@id":"https:\/\/www.mathezfreight.com\/fr\/blog\/winner-wca-hall-of-fame-2025\/"},"author":{"name":"Fr\u00e9d\u00e9ric Mercier","@id":"https:\/\/www.mathezfreight.com\/fr\/#\/schema\/person\/94914cc381c671e9a29be453a8211aab"},"headline":"MATHEZ FREIGHT distingu\u00e9 au WCA Hall of Fame 2025","datePublished":"2025-02-27T14:23:08+00:00","dateModified":"2026-01-12T11:14:40+00:00","mainEntityOfPage":{"@id":"https:\/\/www.mathezfreight.com\/fr\/blog\/winner-wca-hall-of-fame-2025\/"},"wordCount":450,"commentCount":0,"publisher":{"@id":"https:\/\/www.mathezfreight.com\/fr\/#organization"},"image":{"@id":"https:\/\/www.mathezfreight.com\/fr\/blog\/winner-wca-hall-of-fame-2025\/#primaryimage"},"thumbnailUrl":"https:\/\/www.mathezfreight.com\/wp-content\/uploads\/wca-dubai-2025-1.jpg","keywords":["International","R\u00e9seaux"],"articleSection":["Corporate"],"inLanguage":"fr-FR","potentialAction":[{"@type":"CommentAction","name":"Comment","target":["https:\/\/www.mathezfreight.com\/fr\/blog\/winner-wca-hall-of-fame-2025\/#respond"]}]},{"@type":"WebPage","@id":"https:\/\/www.mathezfreight.com\/fr\/blog\/winner-wca-hall-of-fame-2025\/","url":"https:\/\/www.mathezfreight.com\/fr\/blog\/winner-wca-hall-of-fame-2025\/","name":"MATHEZ FREIGHT distingu\u00e9 au WCA Hall of Fame 2025 - MATHEZ FREIGHT","isPartOf":{"@id":"https:\/\/www.mathezfreight.com\/fr\/#website"},"primaryImageOfPage":{"@id":"https:\/\/www.mathezfreight.com\/fr\/blog\/winner-wca-hall-of-fame-2025\/#primaryimage"},"image":{"@id":"https:\/\/www.mathezfreight.com\/fr\/blog\/winner-wca-hall-of-fame-2025\/#primaryimage"},"thumbnailUrl":"https:\/\/www.mathezfreight.com\/wp-content\/uploads\/wca-dubai-2025-1.jpg","datePublished":"2025-02-27T14:23:08+00:00","dateModified":"2026-01-12T11:14:40+00:00","description":"Fr\u00e9d\u00e9ric Mercier WCA Hall of Fame Winner 2025! Un prix prestigieux qui r\u00e9compense son engagement et la place de MATHEZ FREIGHT parmi les meilleurs agents de fret internationaux.","breadcrumb":{"@id":"https:\/\/www.mathezfreight.com\/fr\/blog\/winner-wca-hall-of-fame-2025\/#breadcrumb"},"inLanguage":"fr-FR","potentialAction":[{"@type":"ReadAction","target":["https:\/\/www.mathezfreight.com\/fr\/blog\/winner-wca-hall-of-fame-2025\/"]}]},{"@type":"ImageObject","inLanguage":"fr-FR","@id":"https:\/\/www.mathezfreight.com\/fr\/blog\/winner-wca-hall-of-fame-2025\/#primaryimage","url":"https:\/\/www.mathezfreight.com\/wp-content\/uploads\/wca-dubai-2025-1.jpg","contentUrl":"https:\/\/www.mathezfreight.com\/wp-content\/uploads\/wca-dubai-2025-1.jpg","width":1220,"height":813,"caption":"wca dubai 2025"},{"@type":"BreadcrumbList","@id":"https:\/\/www.mathezfreight.com\/fr\/blog\/winner-wca-hall-of-fame-2025\/#breadcrumb","itemListElement":[{"@type":"ListItem","position":1,"name":"Home","item":"https:\/\/www.mathezfreight.com\/fr\/"},{"@type":"ListItem","position":2,"name":"Corporate","item":"https:\/\/www.mathezfreight.com\/fr\/blog\/categorie\/corporate\/"},{"@type":"ListItem","position":3,"name":"MATHEZ FREIGHT distingu\u00e9 au WCA Hall of Fame 2025"}]},{"@type":"WebSite","@id":"https:\/\/www.mathezfreight.com\/fr\/#website","url":"https:\/\/www.mathezfreight.com\/fr\/","name":"MATHEZ FREIGHT","description":"Solutions transport sur mesure, suivies, efficaces","publisher":{"@id":"https:\/\/www.mathezfreight.com\/fr\/#organization"},"alternateName":"MATHEZ TRANSPORTS INTERNATIONAUX","potentialAction":[{"@type":"SearchAction","target":{"@type":"EntryPoint","urlTemplate":"https:\/\/www.mathezfreight.com\/fr\/?s={search_term_string}"},"query-input":{"@type":"PropertyValueSpecification","valueRequired":true,"valueName":"search_term_string"}}],"inLanguage":"fr-FR"},{"@type":"Organization","@id":"https:\/\/www.mathezfreight.com\/fr\/#organization","name":"MATHEZ FREIGHT","alternateName":"MATHEZ TRANSPORTS INTERNATIONAUX","url":"https:\/\/www.mathezfreight.com\/fr\/","logo":{"@type":"ImageObject","inLanguage":"fr-FR","@id":"https:\/\/www.mathezfreight.com\/fr\/#\/schema\/logo\/image\/","url":"https:\/\/www.mathezfreight.com\/wp-content\/uploads\/logo-mathez-freight-400pxw.png","contentUrl":"https:\/\/www.mathezfreight.com\/wp-content\/uploads\/logo-mathez-freight-400pxw.png","width":400,"height":136,"caption":"MATHEZ FREIGHT"},"image":{"@id":"https:\/\/www.mathezfreight.com\/fr\/#\/schema\/logo\/image\/"},"sameAs":["https:\/\/www.facebook.com\/MathezFreight\/","https:\/\/x.com\/MathezFreight","https:\/\/www.linkedin.com\/company\/mathezfreight\/"],"description":"Transitaire fran\u00e7ais, organisateur de transport international: fret a\u00e9rien, fret maritime, commissionnaire en douane agr\u00e9\u00e9 OEA-Full. 17 agences en France sur tous les principaux ports et a\u00e9roports.","email":"web@mathezfreight.com","telephone":"+33.497257825","legalName":"MATHEZ TRANSPORTS INTERNATIONAUX","foundingDate":"1950-01-01","numberOfEmployees":{"@type":"QuantitativeValue","minValue":"51","maxValue":"200"}},{"@type":"Person","@id":"https:\/\/www.mathezfreight.com\/fr\/#\/schema\/person\/94914cc381c671e9a29be453a8211aab","name":"Fr\u00e9d\u00e9ric Mercier","sameAs":["https:\/\/x.com\/DavidP"]}]}},"_links":{"self":[{"href":"https:\/\/www.mathezfreight.com\/fr\/wp-json\/wp\/v2\/posts\/57922","targetHints":{"allow":["GET"]}}],"collection":[{"href":"https:\/\/www.mathezfreight.com\/fr\/wp-json\/wp\/v2\/posts"}],"about":[{"href":"https:\/\/www.mathezfreight.com\/fr\/wp-json\/wp\/v2\/types\/post"}],"author":[{"embeddable":true,"href":"https:\/\/www.mathezfreight.com\/fr\/wp-json\/wp\/v2\/users\/130"}],"replies":[{"embeddable":true,"href":"https:\/\/www.mathezfreight.com\/fr\/wp-json\/wp\/v2\/comments?post=57922"}],"version-history":[{"count":0,"href":"https:\/\/www.mathezfreight.com\/fr\/wp-json\/wp\/v2\/posts\/57922\/revisions"}],"wp:featuredmedia":[{"embeddable":true,"href":"https:\/\/www.mathezfreight.com\/fr\/wp-json\/wp\/v2\/media\/57930"}],"wp:attachment":[{"href":"https:\/\/www.mathezfreight.com\/fr\/wp-json\/wp\/v2\/media?parent=57922"}],"wp:term":[{"taxonomy":"category","embeddable":true,"href":"https:\/\/www.mathezfreight.com\/fr\/wp-json\/wp\/v2\/categories?post=57922"},{"taxonomy":"post_tag","embeddable":true,"href":"https:\/\/www.mathezfreight.com\/fr\/wp-json\/wp\/v2\/tags?post=57922"},{"taxonomy":"cibles","embeddable":true,"href":"https:\/\/www.mathezfreight.com\/fr\/wp-json\/wp\/v2\/cibles?post=57922"}],"curies":[{"name":"wp","href":"https:\/\/api.w.org\/{rel}","templated":true}]}}