{"id":55984,"date":"2024-09-20T10:43:29","date_gmt":"2024-09-20T10:43:29","guid":{"rendered":"https:\/\/www.mathezfreight.com\/?p=55984"},"modified":"2026-01-12T11:16:27","modified_gmt":"2026-01-12T11:16:27","slug":"jeep-du-debarquement-de-la-normandie-a-lamerique-un-voyage-de-80-ans","status":"publish","type":"post","link":"https:\/\/www.mathezfreight.com\/fr\/blog\/jeep-du-debarquement-de-la-normandie-a-lamerique-un-voyage-de-80-ans\/","title":{"rendered":"Jeep du d\u00e9barquement: De la Normandie \u00e0 l&rsquo;Am\u00e9rique, un voyage de 80 Ans"},"content":{"rendered":"\t\t<div data-elementor-type=\"wp-post\" data-elementor-id=\"55984\" class=\"elementor elementor-55984\" data-elementor-post-type=\"post\">\n\t\t\t\t\t\t<div class=\"elementor-section elementor-top-section elementor-element elementor-element-25ac58f elementor-section-stretched elementor-section-full_width mti-page-header bg-articles elementor-section-height-default elementor-section-height-default default-style elementor-invisible\" data-id=\"25ac58f\" data-element_type=\"section\" data-e-type=\"section\" id=\"mti-page-header\" data-settings=\"{&quot;stretch_section&quot;:&quot;section-stretched&quot;,&quot;animation&quot;:&quot;fadeIn&quot;,&quot;rt_color_sets&quot;:&quot;default-style&quot;}\">\n\t\t\t\t\t\t<div class=\"elementor-container elementor-column-gap-no\">\n\t\t\t\t\t<div class=\"elementor-column elementor-col-100 elementor-top-column elementor-element elementor-element-c3af877\" data-id=\"c3af877\" data-element_type=\"column\" data-e-type=\"column\">\n\t\t\t<div class=\"elementor-widget-wrap elementor-element-populated\">\n\t\t\t\t\t\t<div class=\"elementor-element elementor-element-b77a9d7 elementor-widget elementor-widget-theme-post-featured-image elementor-widget-image\" data-id=\"b77a9d7\" data-element_type=\"widget\" data-e-type=\"widget\" data-widget_type=\"theme-post-featured-image.default\">\n\t\t\t\t<div class=\"elementor-widget-container\">\n\t\t\t\t\t\t\t\t\t\t\t\t\t\t\t<img decoding=\"async\" width=\"1220\" height=\"406\" src=\"https:\/\/www.mathezfreight.com\/wp-content\/uploads\/photo-normandie-09-1220x406.jpg\" class=\"attachment-mti-flat-banner size-mti-flat-banner wp-image-56054\" alt=\"\" \/>\t\t\t\t\t\t\t\t\t\t\t\t\t\t\t<\/div>\n\t\t\t\t<\/div>\n\t\t\t\t\t<\/div>\n\t\t<\/div>\n\t\t\t\t\t<\/div>\n\t\t<\/div>\n\t\t\t\t<div class=\"elementor-section elementor-top-section elementor-element elementor-element-9fdc93c mti-page-excerpt excerpt-onleft highlight-articles elementor-section-boxed elementor-section-height-default elementor-section-height-default default-style elementor-invisible\" data-id=\"9fdc93c\" data-element_type=\"section\" data-e-type=\"section\" id=\"mti-page-excerpt\" data-settings=\"{&quot;animation&quot;:&quot;fadeInUp&quot;,&quot;rt_color_sets&quot;:&quot;default-style&quot;}\">\n\t\t\t\t\t\t<div class=\"elementor-container elementor-column-gap-default\">\n\t\t\t\t\t<div class=\"elementor-column elementor-col-100 elementor-top-column elementor-element elementor-element-c10d4aa default-style\" data-id=\"c10d4aa\" data-element_type=\"column\" data-e-type=\"column\" data-settings=\"{&quot;background_background&quot;:&quot;classic&quot;}\">\n\t\t\t<div class=\"elementor-widget-wrap elementor-element-populated\">\n\t\t\t\t\t\t<div class=\"elementor-element elementor-element-cabbf52 elementor-align-left mti-blog-suptitle elementor-widget elementor-widget-post-info\" data-id=\"cabbf52\" data-element_type=\"widget\" data-e-type=\"widget\" data-widget_type=\"post-info.default\">\n\t\t\t\t<div class=\"elementor-widget-container\">\n\t\t\t\t\t\t\t<ul class=\"elementor-inline-items elementor-icon-list-items elementor-post-info\">\n\t\t\t\t\t\t\t\t<li class=\"elementor-icon-list-item elementor-repeater-item-9687d75 elementor-inline-item\" itemprop=\"about\">\n\t\t\t\t\t\t\t\t\t\t\t\t\t<span class=\"elementor-icon-list-text elementor-post-info__item elementor-post-info__item--type-terms\">\n\t\t\t\t\t\t\t\t\t\t<span class=\"elementor-post-info__terms-list\">\n\t\t\t\t<a href=\"https:\/\/www.mathezfreight.com\/fr\/blog\/categorie\/operations\/\" class=\"elementor-post-info__terms-list-item\">Op\u00e9rations<\/a>\t\t\t\t<\/span>\n\t\t\t\t\t<\/span>\n\t\t\t\t\t\t\t\t<\/li>\n\t\t\t\t<\/ul>\n\t\t\t\t\t\t<\/div>\n\t\t\t\t<\/div>\n\t\t\t\t<div class=\"elementor-element elementor-element-5c2346a elementor-widget elementor-widget-theme-post-title elementor-page-title elementor-widget-heading\" data-id=\"5c2346a\" data-element_type=\"widget\" data-e-type=\"widget\" data-widget_type=\"theme-post-title.default\">\n\t\t\t\t<div class=\"elementor-widget-container\">\n\t\t\t\t\t<h1 class=\"elementor-heading-title elementor-size-default\">Jeep du d\u00e9barquement: De la Normandie \u00e0 l&rsquo;Am\u00e9rique, un voyage de 80 Ans<\/h1>\t\t\t\t<\/div>\n\t\t\t\t<\/div>\n\t\t\t\t<div class=\"elementor-element elementor-element-eb8ed8f elementor-widget elementor-widget-theme-post-excerpt\" data-id=\"eb8ed8f\" data-element_type=\"widget\" data-e-type=\"widget\" data-widget_type=\"theme-post-excerpt.default\">\n\t\t\t\t<div class=\"elementor-widget-container\">\n\t\t\t\t\tNos sp\u00e9cialistes du transport de voitures ont accompagn\u00e9 le retour de cette Jeep aux Etats-Unis, 80 ans apr\u00e8s son d\u00e9barquement en Normandie! \t\t\t\t<\/div>\n\t\t\t\t<\/div>\n\t\t\t\t<div class=\"elementor-element elementor-element-b2a2ac0 elementor-align-right mti-blog-tags elementor-widget elementor-widget-post-info\" data-id=\"b2a2ac0\" data-element_type=\"widget\" data-e-type=\"widget\" data-widget_type=\"post-info.default\">\n\t\t\t\t<div class=\"elementor-widget-container\">\n\t\t\t\t\t\t\t<ul class=\"elementor-inline-items elementor-icon-list-items elementor-post-info\">\n\t\t\t\t\t\t\t\t<li class=\"elementor-icon-list-item elementor-repeater-item-7910e98 elementor-inline-item\" itemprop=\"datePublished\">\n\t\t\t\t\t\t\t\t\t\t<span class=\"elementor-icon-list-icon\">\n\t\t\t\t\t\t\t\t\t\t\t\t\t\t<i class=\"fa fa-calendar\" aria-hidden=\"true\"><\/i>\n\t\t\t\t\t\t\t\t\t\t\t\t<\/span>\n\t\t\t\t\t\t\t\t\t<span class=\"elementor-icon-list-text elementor-post-info__item elementor-post-info__item--type-date\">\n\t\t\t\t\t\t\t\t\t\t<time>20 septembre 2024<\/time>\t\t\t\t\t<\/span>\n\t\t\t\t\t\t\t\t<\/li>\n\t\t\t\t<li class=\"elementor-icon-list-item elementor-repeater-item-4e9c5fd elementor-inline-item\" itemprop=\"author\">\n\t\t\t\t\t\t\t\t\t\t<span class=\"elementor-icon-list-icon\">\n\t\t\t\t\t\t\t\t\t\t\t\t\t\t<i class=\"fa fa-user-circle-o\" aria-hidden=\"true\"><\/i>\n\t\t\t\t\t\t\t\t\t\t\t\t<\/span>\n\t\t\t\t\t\t\t\t\t<span class=\"elementor-icon-list-text elementor-post-info__item elementor-post-info__item--type-author\">\n\t\t\t\t\t\t\t\t\t\tFr\u00e9d\u00e9ric Mercier\t\t\t\t\t<\/span>\n\t\t\t\t\t\t\t\t<\/li>\n\t\t\t\t<\/ul>\n\t\t\t\t\t\t<\/div>\n\t\t\t\t<\/div>\n\t\t\t\t\t<\/div>\n\t\t<\/div>\n\t\t\t\t\t<\/div>\n\t\t<\/div>\n\t\t\t\t<aside class=\"elementor-section elementor-top-section elementor-element elementor-element-da74b28 elementor-hidden-tablet elementor-hidden-phone mti-social-bar up elementor-section-boxed elementor-section-height-default elementor-section-height-default elementor-invisible\" data-id=\"da74b28\" data-element_type=\"section\" data-e-type=\"section\" data-settings=\"{&quot;animation&quot;:&quot;fadeInLeft&quot;}\">\n\t\t\t\t\t\t<div class=\"elementor-container elementor-column-gap-default\">\n\t\t\t\t\t<div class=\"elementor-column elementor-col-100 elementor-top-column elementor-element elementor-element-ba21d28\" data-id=\"ba21d28\" data-element_type=\"column\" data-e-type=\"column\">\n\t\t\t<div class=\"elementor-widget-wrap elementor-element-populated\">\n\t\t\t\t\t\t<div class=\"elementor-element elementor-element-318d352 elementor-share-buttons--view-icon elementor-share-buttons--skin-flat mti-social-bar-job elementor-share-buttons--shape-square elementor-grid-0 elementor-share-buttons--color-official elementor-invisible elementor-widget elementor-widget-global elementor-global-17249 elementor-widget-share-buttons\" data-id=\"318d352\" data-element_type=\"widget\" data-e-type=\"widget\" data-settings=\"{&quot;_animation&quot;:&quot;fadeInLeft&quot;}\" data-widget_type=\"share-buttons.default\">\n\t\t\t\t<div class=\"elementor-widget-container\">\n\t\t\t\t\t\t\t<div class=\"elementor-grid\" role=\"list\">\n\t\t\t\t\t\t\t\t<div class=\"elementor-grid-item\" role=\"listitem\">\n\t\t\t\t\t\t<div class=\"elementor-share-btn elementor-share-btn_email\" role=\"button\" tabindex=\"0\" aria-label=\"Partager sur email\">\n\t\t\t\t\t\t\t\t\t\t\t\t\t\t\t<span class=\"elementor-share-btn__icon\">\n\t\t\t\t\t\t\t\t<i class=\"fas fa-envelope\" aria-hidden=\"true\"><\/i>\t\t\t\t\t\t\t<\/span>\n\t\t\t\t\t\t\t\t\t\t\t\t\t\t\t\t\t\t\t\t<\/div>\n\t\t\t\t\t<\/div>\n\t\t\t\t\t\t\t\t\t<div class=\"elementor-grid-item\" role=\"listitem\">\n\t\t\t\t\t\t<div class=\"elementor-share-btn elementor-share-btn_linkedin\" role=\"button\" tabindex=\"0\" aria-label=\"Partager sur linkedin\">\n\t\t\t\t\t\t\t\t\t\t\t\t\t\t\t<span class=\"elementor-share-btn__icon\">\n\t\t\t\t\t\t\t\t<i class=\"fab fa-linkedin\" aria-hidden=\"true\"><\/i>\t\t\t\t\t\t\t<\/span>\n\t\t\t\t\t\t\t\t\t\t\t\t\t\t\t\t\t\t\t\t<\/div>\n\t\t\t\t\t<\/div>\n\t\t\t\t\t\t\t\t\t<div class=\"elementor-grid-item\" role=\"listitem\">\n\t\t\t\t\t\t<div class=\"elementor-share-btn elementor-share-btn_twitter\" role=\"button\" tabindex=\"0\" aria-label=\"Partager sur twitter\">\n\t\t\t\t\t\t\t\t\t\t\t\t\t\t\t<span class=\"elementor-share-btn__icon\">\n\t\t\t\t\t\t\t\t<i class=\"fab fa-twitter\" aria-hidden=\"true\"><\/i>\t\t\t\t\t\t\t<\/span>\n\t\t\t\t\t\t\t\t\t\t\t\t\t\t\t\t\t\t\t\t<\/div>\n\t\t\t\t\t<\/div>\n\t\t\t\t\t\t\t\t\t<div class=\"elementor-grid-item\" role=\"listitem\">\n\t\t\t\t\t\t<div class=\"elementor-share-btn elementor-share-btn_facebook\" role=\"button\" tabindex=\"0\" aria-label=\"Partager sur facebook\">\n\t\t\t\t\t\t\t\t\t\t\t\t\t\t\t<span class=\"elementor-share-btn__icon\">\n\t\t\t\t\t\t\t\t<i class=\"fab fa-facebook\" aria-hidden=\"true\"><\/i>\t\t\t\t\t\t\t<\/span>\n\t\t\t\t\t\t\t\t\t\t\t\t\t\t\t\t\t\t\t\t<\/div>\n\t\t\t\t\t<\/div>\n\t\t\t\t\t\t\t\t\t<div class=\"elementor-grid-item\" role=\"listitem\">\n\t\t\t\t\t\t<div class=\"elementor-share-btn elementor-share-btn_print\" role=\"button\" tabindex=\"0\" aria-label=\"Partager sur print\">\n\t\t\t\t\t\t\t\t\t\t\t\t\t\t\t<span class=\"elementor-share-btn__icon\">\n\t\t\t\t\t\t\t\t<i class=\"fas fa-print\" aria-hidden=\"true\"><\/i>\t\t\t\t\t\t\t<\/span>\n\t\t\t\t\t\t\t\t\t\t\t\t\t\t\t\t\t\t\t\t<\/div>\n\t\t\t\t\t<\/div>\n\t\t\t\t\t\t<\/div>\n\t\t\t\t\t\t<\/div>\n\t\t\t\t<\/div>\n\t\t\t\t\t<\/div>\n\t\t<\/div>\n\t\t\t\t\t<\/div>\n\t\t<\/aside>\n\t\t\t\t<section class=\"elementor-section elementor-top-section elementor-element elementor-element-a67d5af mti-article-body elementor-section-boxed elementor-section-height-default elementor-section-height-default default-style\" data-id=\"a67d5af\" data-element_type=\"section\" data-e-type=\"section\" data-settings=\"{&quot;rt_color_sets&quot;:&quot;default-style&quot;}\">\n\t\t\t\t\t\t<div class=\"elementor-container elementor-column-gap-default\">\n\t\t\t\t\t<div class=\"elementor-column elementor-col-100 elementor-top-column elementor-element elementor-element-49cb807\" data-id=\"49cb807\" data-element_type=\"column\" data-e-type=\"column\">\n\t\t\t<div class=\"elementor-widget-wrap elementor-element-populated\">\n\t\t\t\t\t\t<div class=\"elementor-element elementor-element-9c574ed elementor-widget elementor-widget-text-editor\" data-id=\"9c574ed\" data-element_type=\"widget\" data-e-type=\"widget\" data-widget_type=\"text-editor.default\">\n\t\t\t\t<div class=\"elementor-widget-container\">\n\t\t\t\t\t\t\t\t\t<p><strong>C&rsquo;est par la mer qu&rsquo;elle \u00e9tait arriv\u00e9e, c&rsquo;est par la mer qu&rsquo;elle est repartie!\u00a0\u00a0<\/strong>Cette authentique Jeep de la 2nde guerre mondiale \u00e9tait rest\u00e9e en France depuis son d\u00e9barquement en Normandie, il y a 80 ans. Abandonn\u00e9e dans une grange, puis restaur\u00e9e enti\u00e8rement par un collectionneur, elle a \u00e9t\u00e9 mise \u00e0 l&rsquo;honneur dans le documentaire <a href=\"https:\/\/christophecocherie.com\/operation-homecoming\/\" target=\"_blank\" rel=\"noopener\">Operation Homecoming de Christophe Cocherie<\/a>, avant de participer aux c\u00e9r\u00e9monies du <a href=\"https:\/\/80e-normandie.fr\/\" target=\"_blank\" rel=\"noopener\">80\u00e8me anniversaire du D\u00e9barquement en Normandie<\/a>.<\/p>\t\t\t\t\t\t\t\t<\/div>\n\t\t\t\t<\/div>\n\t\t\t\t\t<\/div>\n\t\t<\/div>\n\t\t\t\t\t<\/div>\n\t\t<\/section>\n\t\t\t\t<section class=\"elementor-section elementor-top-section elementor-element elementor-element-cee61ba elementor-hidden-tablet elementor-hidden-phone mti-chevron up elementor-section-boxed elementor-section-height-default elementor-section-height-default default-style elementor-invisible\" data-id=\"cee61ba\" data-element_type=\"section\" data-e-type=\"section\" data-settings=\"{&quot;animation&quot;:&quot;fadeIn&quot;,&quot;rt_color_sets&quot;:&quot;default-style&quot;}\">\n\t\t\t\t\t\t<div class=\"elementor-container elementor-column-gap-default\">\n\t\t\t\t\t<div class=\"elementor-column elementor-col-33 elementor-top-column elementor-element elementor-element-54eb019 mti-chevrons\" data-id=\"54eb019\" data-element_type=\"column\" data-e-type=\"column\">\n\t\t\t<div class=\"elementor-widget-wrap elementor-element-populated\">\n\t\t\t\t\t\t\t<\/div>\n\t\t<\/div>\n\t\t\t\t<div class=\"elementor-column elementor-col-33 elementor-top-column elementor-element elementor-element-392e9a9\" data-id=\"392e9a9\" data-element_type=\"column\" data-e-type=\"column\">\n\t\t\t<div class=\"elementor-widget-wrap elementor-element-populated\">\n\t\t\t\t\t\t<div class=\"elementor-element elementor-element-408a52b elementor-widget elementor-widget-text-editor\" data-id=\"408a52b\" data-element_type=\"widget\" data-e-type=\"widget\" data-widget_type=\"text-editor.default\">\n\t\t\t\t<div class=\"elementor-widget-container\">\n\t\t\t\t\t\t\t\t\t<p>\u00a0\u00a0<\/p>\t\t\t\t\t\t\t\t<\/div>\n\t\t\t\t<\/div>\n\t\t\t\t\t<\/div>\n\t\t<\/div>\n\t\t\t\t<div class=\"elementor-column elementor-col-33 elementor-top-column elementor-element elementor-element-942a21d\" data-id=\"942a21d\" data-element_type=\"column\" data-e-type=\"column\">\n\t\t\t<div class=\"elementor-widget-wrap elementor-element-populated\">\n\t\t\t\t\t\t\t<\/div>\n\t\t<\/div>\n\t\t\t\t\t<\/div>\n\t\t<\/section>\n\t\t\t\t<section class=\"elementor-section elementor-top-section elementor-element elementor-element-737850c mti-chevron up elementor-section-boxed elementor-section-height-default elementor-section-height-default default-style elementor-invisible\" data-id=\"737850c\" data-element_type=\"section\" data-e-type=\"section\" data-settings=\"{&quot;animation&quot;:&quot;fadeIn&quot;,&quot;rt_color_sets&quot;:&quot;default-style&quot;}\">\n\t\t\t\t\t\t<div class=\"elementor-container elementor-column-gap-default\">\n\t\t\t\t\t<div class=\"elementor-column elementor-col-100 elementor-top-column elementor-element elementor-element-e0f0f78\" data-id=\"e0f0f78\" data-element_type=\"column\" data-e-type=\"column\">\n\t\t\t<div class=\"elementor-widget-wrap elementor-element-populated\">\n\t\t\t\t\t\t<div class=\"elementor-element elementor-element-593c246 elementor-widget elementor-widget-rt-image-carousel\" data-id=\"593c246\" data-element_type=\"widget\" data-e-type=\"widget\" data-widget_type=\"rt-image-carousel.default\">\n\t\t\t\t<div class=\"elementor-widget-container\">\n\t\t\t\t\t\r\n\t\t\t\t<div id=\"image-carousel-339451\" class=\"rt-carousel carousel-holder clearfix rt-image-carousel  rt_lightbox_gallery\" data-item-width=\"3\" data-nav=\"true\" data-dots=\"\" data-margin=\"20\" data-autoplay=\"true\" data-timeout=\"3500\" data-thumbnails=\"false\" data-boxed=\"\" data-min-height=\"\" data-padding=\"0\" data-loop=\"true\" data-tablet-item-width=\"\" data-mobile-item-width=\"\">\r\n\t\t\t\t\t<div class=\"owl-carousel\">\r\n\t\t\t\t\t\t<div><a id=\"lightbox-126802\" class=\"imgeffect zoom rt_lightbox\" data-gal-id=\"slider-carousel-302728\" data-rel=\"rt_lightbox\" title=\"Agrandir la vue\" data-sub-html=\"Jeep - Op\u00e9ration Homecoming<br>Jeep - Op\u00e9ration Homecoming - Christophe Cocherie\" data-src=\"\" data-width=\"\" data-height=\"\" data-poster=\"\" data-autoplay=\"\" data-audiotitle=\"\" data-download-url=\"false\" href=\"https:\/\/www.mathezfreight.com\/wp-content\/uploads\/photo-homecoming-03-800x533.jpg\"><img decoding=\"async\" src=\"https:\/\/www.mathezfreight.com\/wp-content\/uploads\/photo-homecoming-03-800x533.jpg\" width=\"800\" height=\"533\" alt=\"\" srcset=\"https:\/\/www.mathezfreight.com\/wp-content\/uploads\/photo-homecoming-03-800x533.jpg 800w, https:\/\/www.mathezfreight.com\/wp-content\/uploads\/photo-homecoming-03-274x183.jpg 274w, https:\/\/www.mathezfreight.com\/wp-content\/uploads\/photo-homecoming-03-375x250.jpg 375w\" sizes=\"https:\/\/www.mathezfreight.com\/wp-content\/uploads\/photo-homecoming-03-800x533.jpg 800w, https:\/\/www.mathezfreight.com\/wp-content\/uploads\/photo-homecoming-03-274x183.jpg 274w, https:\/\/www.mathezfreight.com\/wp-content\/uploads\/photo-homecoming-03-375x250.jpg 375w\"><\/a><\/div><div><a id=\"lightbox-899583\" class=\"imgeffect zoom rt_lightbox\" data-gal-id=\"slider-carousel-302728\" data-rel=\"rt_lightbox\" title=\"Agrandir la vue\" data-sub-html=\"Jeep - Op\u00e9ration Homecoming<br>Jeep - Op\u00e9ration Homecoming - Christophe Cocherie\" data-src=\"\" data-width=\"\" data-height=\"\" data-poster=\"\" data-autoplay=\"\" data-audiotitle=\"\" data-download-url=\"false\" href=\"https:\/\/www.mathezfreight.com\/wp-content\/uploads\/photo-homecoming-02-800x533.jpg\"><img decoding=\"async\" src=\"https:\/\/www.mathezfreight.com\/wp-content\/uploads\/photo-homecoming-02-800x533.jpg\" width=\"800\" height=\"533\" alt=\"\" srcset=\"https:\/\/www.mathezfreight.com\/wp-content\/uploads\/photo-homecoming-02-800x533.jpg 800w, https:\/\/www.mathezfreight.com\/wp-content\/uploads\/photo-homecoming-02-274x183.jpg 274w, https:\/\/www.mathezfreight.com\/wp-content\/uploads\/photo-homecoming-02-375x250.jpg 375w\" sizes=\"https:\/\/www.mathezfreight.com\/wp-content\/uploads\/photo-homecoming-02-800x533.jpg 800w, https:\/\/www.mathezfreight.com\/wp-content\/uploads\/photo-homecoming-02-274x183.jpg 274w, https:\/\/www.mathezfreight.com\/wp-content\/uploads\/photo-homecoming-02-375x250.jpg 375w\"><\/a><\/div><div><a id=\"lightbox-773444\" class=\"imgeffect zoom rt_lightbox\" data-gal-id=\"slider-carousel-302728\" data-rel=\"rt_lightbox\" title=\"Agrandir la vue\" data-sub-html=\"Jeep - Op\u00e9ration Homecoming<br>Jeep - Op\u00e9ration Homecoming - Christophe Cocherie\" data-src=\"\" data-width=\"\" data-height=\"\" data-poster=\"\" data-autoplay=\"\" data-audiotitle=\"\" data-download-url=\"false\" href=\"https:\/\/www.mathezfreight.com\/wp-content\/uploads\/photo-homecoming-01-800x533.jpg\"><img decoding=\"async\" src=\"https:\/\/www.mathezfreight.com\/wp-content\/uploads\/photo-homecoming-01-800x533.jpg\" width=\"800\" height=\"533\" alt=\"\" srcset=\"https:\/\/www.mathezfreight.com\/wp-content\/uploads\/photo-homecoming-01-800x533.jpg 800w, https:\/\/www.mathezfreight.com\/wp-content\/uploads\/photo-homecoming-01-274x183.jpg 274w, https:\/\/www.mathezfreight.com\/wp-content\/uploads\/photo-homecoming-01-375x250.jpg 375w\" sizes=\"https:\/\/www.mathezfreight.com\/wp-content\/uploads\/photo-homecoming-01-800x533.jpg 800w, https:\/\/www.mathezfreight.com\/wp-content\/uploads\/photo-homecoming-01-274x183.jpg 274w, https:\/\/www.mathezfreight.com\/wp-content\/uploads\/photo-homecoming-01-375x250.jpg 375w\"><\/a><\/div><div><a id=\"lightbox-648275\" class=\"imgeffect zoom rt_lightbox\" data-gal-id=\"slider-carousel-302728\" data-rel=\"rt_lightbox\" title=\"Agrandir la vue\" data-sub-html=\"C\u00e9r\u00e9monie du D\u00e9barquement de Normandie<br>C\u00e9r\u00e9monie du D\u00e9barquement de Normandie - Youtube Epi du hameau \" data-src=\"\" data-width=\"\" data-height=\"\" data-poster=\"\" data-autoplay=\"\" data-audiotitle=\"\" data-download-url=\"false\" href=\"https:\/\/www.mathezfreight.com\/wp-content\/uploads\/photo-normandie-01.jpg\"><img decoding=\"async\" src=\"https:\/\/www.mathezfreight.com\/wp-content\/uploads\/photo-normandie-01.jpg\" width=\"1220\" height=\"636\" alt=\"\" srcset=\"https:\/\/www.mathezfreight.com\/wp-content\/uploads\/photo-normandie-01.jpg 1220w, https:\/\/www.mathezfreight.com\/wp-content\/uploads\/photo-normandie-01-600x313.jpg 600w, https:\/\/www.mathezfreight.com\/wp-content\/uploads\/photo-normandie-01-1100x573.jpg 1100w, https:\/\/www.mathezfreight.com\/wp-content\/uploads\/photo-normandie-01-768x400.jpg 768w, https:\/\/www.mathezfreight.com\/wp-content\/uploads\/photo-normandie-01-25x13.jpg 25w, https:\/\/www.mathezfreight.com\/wp-content\/uploads\/photo-normandie-01-68x35.jpg 68w\" sizes=\"https:\/\/www.mathezfreight.com\/wp-content\/uploads\/photo-normandie-01.jpg 1220w, https:\/\/www.mathezfreight.com\/wp-content\/uploads\/photo-normandie-01-600x313.jpg 600w, https:\/\/www.mathezfreight.com\/wp-content\/uploads\/photo-normandie-01-1100x573.jpg 1100w, https:\/\/www.mathezfreight.com\/wp-content\/uploads\/photo-normandie-01-768x400.jpg 768w, https:\/\/www.mathezfreight.com\/wp-content\/uploads\/photo-normandie-01-25x13.jpg 25w, https:\/\/www.mathezfreight.com\/wp-content\/uploads\/photo-normandie-01-68x35.jpg 68w\"><\/a><\/div><div><a id=\"lightbox-207504\" class=\"imgeffect zoom rt_lightbox\" data-gal-id=\"slider-carousel-302728\" data-rel=\"rt_lightbox\" title=\"Agrandir la vue\" data-sub-html=\"C\u00e9r\u00e9monie du D\u00e9barquement de Normandie\" data-src=\"\" data-width=\"\" data-height=\"\" data-poster=\"\" data-autoplay=\"\" data-audiotitle=\"\" data-download-url=\"false\" href=\"https:\/\/www.mathezfreight.com\/wp-content\/uploads\/photo-normandie-06.jpg\"><img decoding=\"async\" src=\"https:\/\/www.mathezfreight.com\/wp-content\/uploads\/photo-normandie-06.jpg\" width=\"1220\" height=\"628\" alt=\"\" srcset=\"https:\/\/www.mathezfreight.com\/wp-content\/uploads\/photo-normandie-06.jpg 1220w, https:\/\/www.mathezfreight.com\/wp-content\/uploads\/photo-normandie-06-600x309.jpg 600w, https:\/\/www.mathezfreight.com\/wp-content\/uploads\/photo-normandie-06-1100x566.jpg 1100w, https:\/\/www.mathezfreight.com\/wp-content\/uploads\/photo-normandie-06-768x395.jpg 768w, https:\/\/www.mathezfreight.com\/wp-content\/uploads\/photo-normandie-06-25x13.jpg 25w, https:\/\/www.mathezfreight.com\/wp-content\/uploads\/photo-normandie-06-68x35.jpg 68w\" sizes=\"https:\/\/www.mathezfreight.com\/wp-content\/uploads\/photo-normandie-06.jpg 1220w, https:\/\/www.mathezfreight.com\/wp-content\/uploads\/photo-normandie-06-600x309.jpg 600w, https:\/\/www.mathezfreight.com\/wp-content\/uploads\/photo-normandie-06-1100x566.jpg 1100w, https:\/\/www.mathezfreight.com\/wp-content\/uploads\/photo-normandie-06-768x395.jpg 768w, https:\/\/www.mathezfreight.com\/wp-content\/uploads\/photo-normandie-06-25x13.jpg 25w, https:\/\/www.mathezfreight.com\/wp-content\/uploads\/photo-normandie-06-68x35.jpg 68w\"><\/a><\/div><div><a id=\"lightbox-348334\" class=\"imgeffect zoom rt_lightbox\" data-gal-id=\"slider-carousel-302728\" data-rel=\"rt_lightbox\" title=\"Agrandir la vue\" data-sub-html=\"C\u00e9r\u00e9monie du D\u00e9barquement de Normandie<br>C\u00e9r\u00e9monie du D\u00e9barquement de Normandie - Youtube Epi du hameau \" data-src=\"\" data-width=\"\" data-height=\"\" data-poster=\"\" data-autoplay=\"\" data-audiotitle=\"\" data-download-url=\"false\" href=\"https:\/\/www.mathezfreight.com\/wp-content\/uploads\/photo-normandie-11.jpg\"><img decoding=\"async\" src=\"https:\/\/www.mathezfreight.com\/wp-content\/uploads\/photo-normandie-11.jpg\" width=\"1220\" height=\"615\" alt=\"\" srcset=\"https:\/\/www.mathezfreight.com\/wp-content\/uploads\/photo-normandie-11.jpg 1220w, https:\/\/www.mathezfreight.com\/wp-content\/uploads\/photo-normandie-11-600x302.jpg 600w, https:\/\/www.mathezfreight.com\/wp-content\/uploads\/photo-normandie-11-1100x555.jpg 1100w, https:\/\/www.mathezfreight.com\/wp-content\/uploads\/photo-normandie-11-768x387.jpg 768w, https:\/\/www.mathezfreight.com\/wp-content\/uploads\/photo-normandie-11-25x13.jpg 25w, https:\/\/www.mathezfreight.com\/wp-content\/uploads\/photo-normandie-11-68x34.jpg 68w\" sizes=\"https:\/\/www.mathezfreight.com\/wp-content\/uploads\/photo-normandie-11.jpg 1220w, https:\/\/www.mathezfreight.com\/wp-content\/uploads\/photo-normandie-11-600x302.jpg 600w, https:\/\/www.mathezfreight.com\/wp-content\/uploads\/photo-normandie-11-1100x555.jpg 1100w, https:\/\/www.mathezfreight.com\/wp-content\/uploads\/photo-normandie-11-768x387.jpg 768w, https:\/\/www.mathezfreight.com\/wp-content\/uploads\/photo-normandie-11-25x13.jpg 25w, https:\/\/www.mathezfreight.com\/wp-content\/uploads\/photo-normandie-11-68x34.jpg 68w\"><\/a><\/div><div><a id=\"lightbox-573105\" class=\"imgeffect zoom rt_lightbox\" data-gal-id=\"slider-carousel-302728\" data-rel=\"rt_lightbox\" title=\"Agrandir la vue\" data-sub-html=\"C\u00e9r\u00e9monie du D\u00e9barquement de Normandie<br>C\u00e9r\u00e9monie du D\u00e9barquement de Normandie - Youtube Epi du hameau \" data-src=\"\" data-width=\"\" data-height=\"\" data-poster=\"\" data-autoplay=\"\" data-audiotitle=\"\" data-download-url=\"false\" href=\"https:\/\/www.mathezfreight.com\/wp-content\/uploads\/photo-normandie-10.jpg\"><img decoding=\"async\" src=\"https:\/\/www.mathezfreight.com\/wp-content\/uploads\/photo-normandie-10.jpg\" width=\"1220\" height=\"626\" alt=\"\" srcset=\"https:\/\/www.mathezfreight.com\/wp-content\/uploads\/photo-normandie-10.jpg 1220w, https:\/\/www.mathezfreight.com\/wp-content\/uploads\/photo-normandie-10-600x308.jpg 600w, https:\/\/www.mathezfreight.com\/wp-content\/uploads\/photo-normandie-10-1100x564.jpg 1100w, https:\/\/www.mathezfreight.com\/wp-content\/uploads\/photo-normandie-10-768x394.jpg 768w, https:\/\/www.mathezfreight.com\/wp-content\/uploads\/photo-normandie-10-25x13.jpg 25w, https:\/\/www.mathezfreight.com\/wp-content\/uploads\/photo-normandie-10-68x35.jpg 68w\" sizes=\"https:\/\/www.mathezfreight.com\/wp-content\/uploads\/photo-normandie-10.jpg 1220w, https:\/\/www.mathezfreight.com\/wp-content\/uploads\/photo-normandie-10-600x308.jpg 600w, https:\/\/www.mathezfreight.com\/wp-content\/uploads\/photo-normandie-10-1100x564.jpg 1100w, https:\/\/www.mathezfreight.com\/wp-content\/uploads\/photo-normandie-10-768x394.jpg 768w, https:\/\/www.mathezfreight.com\/wp-content\/uploads\/photo-normandie-10-25x13.jpg 25w, https:\/\/www.mathezfreight.com\/wp-content\/uploads\/photo-normandie-10-68x35.jpg 68w\"><\/a><\/div><div><a id=\"lightbox-366434\" class=\"imgeffect zoom rt_lightbox\" data-gal-id=\"slider-carousel-302728\" data-rel=\"rt_lightbox\" title=\"Agrandir la vue\" data-sub-html=\"Transport d&#039;une Jeep de la 2e Guerre mondiale\" data-src=\"\" data-width=\"\" data-height=\"\" data-poster=\"\" data-autoplay=\"\" data-audiotitle=\"\" data-download-url=\"false\" href=\"https:\/\/www.mathezfreight.com\/wp-content\/uploads\/photo-jonathan-cars-2024-video-0.jpg\"><img decoding=\"async\" src=\"https:\/\/www.mathezfreight.com\/wp-content\/uploads\/photo-jonathan-cars-2024-video-0.jpg\" width=\"1220\" height=\"689\" alt=\"\" srcset=\"https:\/\/www.mathezfreight.com\/wp-content\/uploads\/photo-jonathan-cars-2024-video-0.jpg 1220w, https:\/\/www.mathezfreight.com\/wp-content\/uploads\/photo-jonathan-cars-2024-video-0-600x339.jpg 600w, https:\/\/www.mathezfreight.com\/wp-content\/uploads\/photo-jonathan-cars-2024-video-0-1100x621.jpg 1100w, https:\/\/www.mathezfreight.com\/wp-content\/uploads\/photo-jonathan-cars-2024-video-0-768x434.jpg 768w, https:\/\/www.mathezfreight.com\/wp-content\/uploads\/photo-jonathan-cars-2024-video-0-25x14.jpg 25w, https:\/\/www.mathezfreight.com\/wp-content\/uploads\/photo-jonathan-cars-2024-video-0-68x38.jpg 68w\" sizes=\"https:\/\/www.mathezfreight.com\/wp-content\/uploads\/photo-jonathan-cars-2024-video-0.jpg 1220w, https:\/\/www.mathezfreight.com\/wp-content\/uploads\/photo-jonathan-cars-2024-video-0-600x339.jpg 600w, https:\/\/www.mathezfreight.com\/wp-content\/uploads\/photo-jonathan-cars-2024-video-0-1100x621.jpg 1100w, https:\/\/www.mathezfreight.com\/wp-content\/uploads\/photo-jonathan-cars-2024-video-0-768x434.jpg 768w, https:\/\/www.mathezfreight.com\/wp-content\/uploads\/photo-jonathan-cars-2024-video-0-25x14.jpg 25w, https:\/\/www.mathezfreight.com\/wp-content\/uploads\/photo-jonathan-cars-2024-video-0-68x38.jpg 68w\"><\/a><\/div><div><a id=\"lightbox-353066\" class=\"imgeffect zoom rt_lightbox\" data-gal-id=\"slider-carousel-302728\" data-rel=\"rt_lightbox\" title=\"Agrandir la vue\" data-sub-html=\"Transport d&#039;une Jeep de la 2e Guerre mondiale\" data-src=\"\" data-width=\"\" data-height=\"\" data-poster=\"\" data-autoplay=\"\" data-audiotitle=\"\" data-download-url=\"false\" href=\"https:\/\/www.mathezfreight.com\/wp-content\/uploads\/photo-jonathan-cars-2024-video-02.jpg\"><img decoding=\"async\" src=\"https:\/\/www.mathezfreight.com\/wp-content\/uploads\/photo-jonathan-cars-2024-video-02.jpg\" width=\"1220\" height=\"764\" alt=\"\" srcset=\"https:\/\/www.mathezfreight.com\/wp-content\/uploads\/photo-jonathan-cars-2024-video-02.jpg 1220w, https:\/\/www.mathezfreight.com\/wp-content\/uploads\/photo-jonathan-cars-2024-video-02-600x376.jpg 600w, https:\/\/www.mathezfreight.com\/wp-content\/uploads\/photo-jonathan-cars-2024-video-02-1100x689.jpg 1100w, https:\/\/www.mathezfreight.com\/wp-content\/uploads\/photo-jonathan-cars-2024-video-02-768x481.jpg 768w, https:\/\/www.mathezfreight.com\/wp-content\/uploads\/photo-jonathan-cars-2024-video-02-25x16.jpg 25w, https:\/\/www.mathezfreight.com\/wp-content\/uploads\/photo-jonathan-cars-2024-video-02-68x43.jpg 68w\" sizes=\"https:\/\/www.mathezfreight.com\/wp-content\/uploads\/photo-jonathan-cars-2024-video-02.jpg 1220w, https:\/\/www.mathezfreight.com\/wp-content\/uploads\/photo-jonathan-cars-2024-video-02-600x376.jpg 600w, https:\/\/www.mathezfreight.com\/wp-content\/uploads\/photo-jonathan-cars-2024-video-02-1100x689.jpg 1100w, https:\/\/www.mathezfreight.com\/wp-content\/uploads\/photo-jonathan-cars-2024-video-02-768x481.jpg 768w, https:\/\/www.mathezfreight.com\/wp-content\/uploads\/photo-jonathan-cars-2024-video-02-25x16.jpg 25w, https:\/\/www.mathezfreight.com\/wp-content\/uploads\/photo-jonathan-cars-2024-video-02-68x43.jpg 68w\"><\/a><\/div><div><a id=\"lightbox-372249\" class=\"imgeffect zoom rt_lightbox\" data-gal-id=\"slider-carousel-302728\" data-rel=\"rt_lightbox\" title=\"Agrandir la vue\" data-sub-html=\"Transport d&#039;une Jeep de la 2e Guerre mondiale\" data-src=\"\" data-width=\"\" data-height=\"\" data-poster=\"\" data-autoplay=\"\" data-audiotitle=\"\" data-download-url=\"false\" href=\"https:\/\/www.mathezfreight.com\/wp-content\/uploads\/photo-jonathan-cars-2024-video-1.jpg\"><img decoding=\"async\" src=\"https:\/\/www.mathezfreight.com\/wp-content\/uploads\/photo-jonathan-cars-2024-video-1.jpg\" width=\"1220\" height=\"688\" alt=\"\" srcset=\"https:\/\/www.mathezfreight.com\/wp-content\/uploads\/photo-jonathan-cars-2024-video-1.jpg 1220w, https:\/\/www.mathezfreight.com\/wp-content\/uploads\/photo-jonathan-cars-2024-video-1-600x338.jpg 600w, https:\/\/www.mathezfreight.com\/wp-content\/uploads\/photo-jonathan-cars-2024-video-1-1100x620.jpg 1100w, https:\/\/www.mathezfreight.com\/wp-content\/uploads\/photo-jonathan-cars-2024-video-1-768x433.jpg 768w, https:\/\/www.mathezfreight.com\/wp-content\/uploads\/photo-jonathan-cars-2024-video-1-25x14.jpg 25w, https:\/\/www.mathezfreight.com\/wp-content\/uploads\/photo-jonathan-cars-2024-video-1-68x38.jpg 68w\" sizes=\"https:\/\/www.mathezfreight.com\/wp-content\/uploads\/photo-jonathan-cars-2024-video-1.jpg 1220w, https:\/\/www.mathezfreight.com\/wp-content\/uploads\/photo-jonathan-cars-2024-video-1-600x338.jpg 600w, https:\/\/www.mathezfreight.com\/wp-content\/uploads\/photo-jonathan-cars-2024-video-1-1100x620.jpg 1100w, https:\/\/www.mathezfreight.com\/wp-content\/uploads\/photo-jonathan-cars-2024-video-1-768x433.jpg 768w, https:\/\/www.mathezfreight.com\/wp-content\/uploads\/photo-jonathan-cars-2024-video-1-25x14.jpg 25w, https:\/\/www.mathezfreight.com\/wp-content\/uploads\/photo-jonathan-cars-2024-video-1-68x38.jpg 68w\"><\/a><\/div><div><a id=\"lightbox-470741\" class=\"imgeffect zoom rt_lightbox\" data-gal-id=\"slider-carousel-302728\" data-rel=\"rt_lightbox\" title=\"Agrandir la vue\" data-sub-html=\"Transport d&#039;une Jeep de la 2e Guerre mondiale\" data-src=\"\" data-width=\"\" data-height=\"\" data-poster=\"\" data-autoplay=\"\" data-audiotitle=\"\" data-download-url=\"false\" href=\"https:\/\/www.mathezfreight.com\/wp-content\/uploads\/photo-jonathan-cars-2024-20240731_133231-rotated.jpg\"><img decoding=\"async\" src=\"https:\/\/www.mathezfreight.com\/wp-content\/uploads\/photo-jonathan-cars-2024-20240731_133231-rotated.jpg\" width=\"915\" height=\"1220\" alt=\"\" srcset=\"https:\/\/www.mathezfreight.com\/wp-content\/uploads\/photo-jonathan-cars-2024-20240731_133231-rotated.jpg 915w, https:\/\/www.mathezfreight.com\/wp-content\/uploads\/photo-jonathan-cars-2024-20240731_133231-300x400.jpg 300w, https:\/\/www.mathezfreight.com\/wp-content\/uploads\/photo-jonathan-cars-2024-20240731_133231-650x866.jpg 650w, https:\/\/www.mathezfreight.com\/wp-content\/uploads\/photo-jonathan-cars-2024-20240731_133231-768x1024.jpg 768w, https:\/\/www.mathezfreight.com\/wp-content\/uploads\/photo-jonathan-cars-2024-20240731_133231-643x857.jpg 643w, https:\/\/www.mathezfreight.com\/wp-content\/uploads\/photo-jonathan-cars-2024-20240731_133231-19x25.jpg 19w, https:\/\/www.mathezfreight.com\/wp-content\/uploads\/photo-jonathan-cars-2024-20240731_133231-51x68.jpg 51w\" sizes=\"https:\/\/www.mathezfreight.com\/wp-content\/uploads\/photo-jonathan-cars-2024-20240731_133231-rotated.jpg 915w, https:\/\/www.mathezfreight.com\/wp-content\/uploads\/photo-jonathan-cars-2024-20240731_133231-300x400.jpg 300w, https:\/\/www.mathezfreight.com\/wp-content\/uploads\/photo-jonathan-cars-2024-20240731_133231-650x866.jpg 650w, https:\/\/www.mathezfreight.com\/wp-content\/uploads\/photo-jonathan-cars-2024-20240731_133231-768x1024.jpg 768w, https:\/\/www.mathezfreight.com\/wp-content\/uploads\/photo-jonathan-cars-2024-20240731_133231-643x857.jpg 643w, https:\/\/www.mathezfreight.com\/wp-content\/uploads\/photo-jonathan-cars-2024-20240731_133231-19x25.jpg 19w, https:\/\/www.mathezfreight.com\/wp-content\/uploads\/photo-jonathan-cars-2024-20240731_133231-51x68.jpg 51w\"><\/a><\/div><div><a id=\"lightbox-638289\" class=\"imgeffect zoom rt_lightbox\" data-gal-id=\"slider-carousel-302728\" data-rel=\"rt_lightbox\" title=\"Agrandir la vue\" data-sub-html=\"Transport d&#039;une Jeep de la 2e Guerre mondiale\" data-src=\"\" data-width=\"\" data-height=\"\" data-poster=\"\" data-autoplay=\"\" data-audiotitle=\"\" data-download-url=\"false\" href=\"https:\/\/www.mathezfreight.com\/wp-content\/uploads\/photo-jonathan-cars-2024-20240731_133313-rotated.jpg\"><img decoding=\"async\" src=\"https:\/\/www.mathezfreight.com\/wp-content\/uploads\/photo-jonathan-cars-2024-20240731_133313-rotated.jpg\" width=\"915\" height=\"1220\" alt=\"\" srcset=\"https:\/\/www.mathezfreight.com\/wp-content\/uploads\/photo-jonathan-cars-2024-20240731_133313-rotated.jpg 915w, https:\/\/www.mathezfreight.com\/wp-content\/uploads\/photo-jonathan-cars-2024-20240731_133313-300x400.jpg 300w, https:\/\/www.mathezfreight.com\/wp-content\/uploads\/photo-jonathan-cars-2024-20240731_133313-650x866.jpg 650w, https:\/\/www.mathezfreight.com\/wp-content\/uploads\/photo-jonathan-cars-2024-20240731_133313-768x1024.jpg 768w, https:\/\/www.mathezfreight.com\/wp-content\/uploads\/photo-jonathan-cars-2024-20240731_133313-643x857.jpg 643w, https:\/\/www.mathezfreight.com\/wp-content\/uploads\/photo-jonathan-cars-2024-20240731_133313-19x25.jpg 19w, https:\/\/www.mathezfreight.com\/wp-content\/uploads\/photo-jonathan-cars-2024-20240731_133313-51x68.jpg 51w\" sizes=\"https:\/\/www.mathezfreight.com\/wp-content\/uploads\/photo-jonathan-cars-2024-20240731_133313-rotated.jpg 915w, https:\/\/www.mathezfreight.com\/wp-content\/uploads\/photo-jonathan-cars-2024-20240731_133313-300x400.jpg 300w, https:\/\/www.mathezfreight.com\/wp-content\/uploads\/photo-jonathan-cars-2024-20240731_133313-650x866.jpg 650w, https:\/\/www.mathezfreight.com\/wp-content\/uploads\/photo-jonathan-cars-2024-20240731_133313-768x1024.jpg 768w, https:\/\/www.mathezfreight.com\/wp-content\/uploads\/photo-jonathan-cars-2024-20240731_133313-643x857.jpg 643w, https:\/\/www.mathezfreight.com\/wp-content\/uploads\/photo-jonathan-cars-2024-20240731_133313-19x25.jpg 19w, https:\/\/www.mathezfreight.com\/wp-content\/uploads\/photo-jonathan-cars-2024-20240731_133313-51x68.jpg 51w\"><\/a><\/div><div><a id=\"lightbox-782534\" class=\"imgeffect zoom rt_lightbox\" data-gal-id=\"slider-carousel-302728\" data-rel=\"rt_lightbox\" title=\"Agrandir la vue\" data-sub-html=\"Transport d&#039;une Jeep de la 2e Guerre mondiale\" data-src=\"\" data-width=\"\" data-height=\"\" data-poster=\"\" data-autoplay=\"\" data-audiotitle=\"\" data-download-url=\"false\" href=\"https:\/\/www.mathezfreight.com\/wp-content\/uploads\/photo-jonathan-cars-2024-20240731_133127-rotated.jpg\"><img decoding=\"async\" src=\"https:\/\/www.mathezfreight.com\/wp-content\/uploads\/photo-jonathan-cars-2024-20240731_133127-rotated.jpg\" width=\"915\" height=\"1220\" alt=\"\" srcset=\"https:\/\/www.mathezfreight.com\/wp-content\/uploads\/photo-jonathan-cars-2024-20240731_133127-rotated.jpg 915w, https:\/\/www.mathezfreight.com\/wp-content\/uploads\/photo-jonathan-cars-2024-20240731_133127-300x400.jpg 300w, https:\/\/www.mathezfreight.com\/wp-content\/uploads\/photo-jonathan-cars-2024-20240731_133127-650x866.jpg 650w, https:\/\/www.mathezfreight.com\/wp-content\/uploads\/photo-jonathan-cars-2024-20240731_133127-768x1024.jpg 768w, https:\/\/www.mathezfreight.com\/wp-content\/uploads\/photo-jonathan-cars-2024-20240731_133127-643x857.jpg 643w, https:\/\/www.mathezfreight.com\/wp-content\/uploads\/photo-jonathan-cars-2024-20240731_133127-19x25.jpg 19w, https:\/\/www.mathezfreight.com\/wp-content\/uploads\/photo-jonathan-cars-2024-20240731_133127-51x68.jpg 51w\" sizes=\"https:\/\/www.mathezfreight.com\/wp-content\/uploads\/photo-jonathan-cars-2024-20240731_133127-rotated.jpg 915w, https:\/\/www.mathezfreight.com\/wp-content\/uploads\/photo-jonathan-cars-2024-20240731_133127-300x400.jpg 300w, https:\/\/www.mathezfreight.com\/wp-content\/uploads\/photo-jonathan-cars-2024-20240731_133127-650x866.jpg 650w, https:\/\/www.mathezfreight.com\/wp-content\/uploads\/photo-jonathan-cars-2024-20240731_133127-768x1024.jpg 768w, https:\/\/www.mathezfreight.com\/wp-content\/uploads\/photo-jonathan-cars-2024-20240731_133127-643x857.jpg 643w, https:\/\/www.mathezfreight.com\/wp-content\/uploads\/photo-jonathan-cars-2024-20240731_133127-19x25.jpg 19w, https:\/\/www.mathezfreight.com\/wp-content\/uploads\/photo-jonathan-cars-2024-20240731_133127-51x68.jpg 51w\"><\/a><\/div><div><a id=\"lightbox-915742\" class=\"imgeffect zoom rt_lightbox\" data-gal-id=\"slider-carousel-302728\" data-rel=\"rt_lightbox\" title=\"Agrandir la vue\" data-sub-html=\"Transport d&#039;une Jeep de la 2e Guerre mondiale\" data-src=\"\" data-width=\"\" data-height=\"\" data-poster=\"\" data-autoplay=\"\" data-audiotitle=\"\" data-download-url=\"false\" href=\"https:\/\/www.mathezfreight.com\/wp-content\/uploads\/photo-jonathan-cars-2024-20240731_133140-rotated.jpg\"><img decoding=\"async\" src=\"https:\/\/www.mathezfreight.com\/wp-content\/uploads\/photo-jonathan-cars-2024-20240731_133140-rotated.jpg\" width=\"915\" height=\"1220\" alt=\"\" srcset=\"https:\/\/www.mathezfreight.com\/wp-content\/uploads\/photo-jonathan-cars-2024-20240731_133140-rotated.jpg 915w, https:\/\/www.mathezfreight.com\/wp-content\/uploads\/photo-jonathan-cars-2024-20240731_133140-300x400.jpg 300w, https:\/\/www.mathezfreight.com\/wp-content\/uploads\/photo-jonathan-cars-2024-20240731_133140-650x866.jpg 650w, https:\/\/www.mathezfreight.com\/wp-content\/uploads\/photo-jonathan-cars-2024-20240731_133140-768x1024.jpg 768w, https:\/\/www.mathezfreight.com\/wp-content\/uploads\/photo-jonathan-cars-2024-20240731_133140-643x857.jpg 643w, https:\/\/www.mathezfreight.com\/wp-content\/uploads\/photo-jonathan-cars-2024-20240731_133140-19x25.jpg 19w, https:\/\/www.mathezfreight.com\/wp-content\/uploads\/photo-jonathan-cars-2024-20240731_133140-51x68.jpg 51w\" sizes=\"https:\/\/www.mathezfreight.com\/wp-content\/uploads\/photo-jonathan-cars-2024-20240731_133140-rotated.jpg 915w, https:\/\/www.mathezfreight.com\/wp-content\/uploads\/photo-jonathan-cars-2024-20240731_133140-300x400.jpg 300w, https:\/\/www.mathezfreight.com\/wp-content\/uploads\/photo-jonathan-cars-2024-20240731_133140-650x866.jpg 650w, https:\/\/www.mathezfreight.com\/wp-content\/uploads\/photo-jonathan-cars-2024-20240731_133140-768x1024.jpg 768w, https:\/\/www.mathezfreight.com\/wp-content\/uploads\/photo-jonathan-cars-2024-20240731_133140-643x857.jpg 643w, https:\/\/www.mathezfreight.com\/wp-content\/uploads\/photo-jonathan-cars-2024-20240731_133140-19x25.jpg 19w, https:\/\/www.mathezfreight.com\/wp-content\/uploads\/photo-jonathan-cars-2024-20240731_133140-51x68.jpg 51w\"><\/a><\/div><div><a id=\"lightbox-165713\" class=\"imgeffect zoom rt_lightbox\" data-gal-id=\"slider-carousel-302728\" data-rel=\"rt_lightbox\" title=\"Agrandir la vue\" data-sub-html=\"Transport d&#039;une Jeep de la 2e Guerre mondiale\" data-src=\"\" data-width=\"\" data-height=\"\" data-poster=\"\" data-autoplay=\"\" data-audiotitle=\"\" data-download-url=\"false\" href=\"https:\/\/www.mathezfreight.com\/wp-content\/uploads\/photo-jonathan-cars-2024-20240731_133120-rotated.jpg\"><img decoding=\"async\" src=\"https:\/\/www.mathezfreight.com\/wp-content\/uploads\/photo-jonathan-cars-2024-20240731_133120-rotated.jpg\" width=\"915\" height=\"1220\" alt=\"\" srcset=\"https:\/\/www.mathezfreight.com\/wp-content\/uploads\/photo-jonathan-cars-2024-20240731_133120-rotated.jpg 915w, https:\/\/www.mathezfreight.com\/wp-content\/uploads\/photo-jonathan-cars-2024-20240731_133120-300x400.jpg 300w, https:\/\/www.mathezfreight.com\/wp-content\/uploads\/photo-jonathan-cars-2024-20240731_133120-650x866.jpg 650w, https:\/\/www.mathezfreight.com\/wp-content\/uploads\/photo-jonathan-cars-2024-20240731_133120-768x1024.jpg 768w, https:\/\/www.mathezfreight.com\/wp-content\/uploads\/photo-jonathan-cars-2024-20240731_133120-643x857.jpg 643w, https:\/\/www.mathezfreight.com\/wp-content\/uploads\/photo-jonathan-cars-2024-20240731_133120-19x25.jpg 19w, https:\/\/www.mathezfreight.com\/wp-content\/uploads\/photo-jonathan-cars-2024-20240731_133120-51x68.jpg 51w\" sizes=\"https:\/\/www.mathezfreight.com\/wp-content\/uploads\/photo-jonathan-cars-2024-20240731_133120-rotated.jpg 915w, https:\/\/www.mathezfreight.com\/wp-content\/uploads\/photo-jonathan-cars-2024-20240731_133120-300x400.jpg 300w, https:\/\/www.mathezfreight.com\/wp-content\/uploads\/photo-jonathan-cars-2024-20240731_133120-650x866.jpg 650w, https:\/\/www.mathezfreight.com\/wp-content\/uploads\/photo-jonathan-cars-2024-20240731_133120-768x1024.jpg 768w, https:\/\/www.mathezfreight.com\/wp-content\/uploads\/photo-jonathan-cars-2024-20240731_133120-643x857.jpg 643w, https:\/\/www.mathezfreight.com\/wp-content\/uploads\/photo-jonathan-cars-2024-20240731_133120-19x25.jpg 19w, https:\/\/www.mathezfreight.com\/wp-content\/uploads\/photo-jonathan-cars-2024-20240731_133120-51x68.jpg 51w\"><\/a><\/div><div><a id=\"lightbox-521924\" class=\"imgeffect zoom rt_lightbox\" data-gal-id=\"slider-carousel-302728\" data-rel=\"rt_lightbox\" title=\"Agrandir la vue\" data-sub-html=\"Transport d&#039;une Jeep de la 2e Guerre mondiale\" data-src=\"\" data-width=\"\" data-height=\"\" data-poster=\"\" data-autoplay=\"\" data-audiotitle=\"\" data-download-url=\"false\" href=\"https:\/\/www.mathezfreight.com\/wp-content\/uploads\/photo-jonathan-cars-2024-20240731_133112-rotated.jpg\"><img decoding=\"async\" src=\"https:\/\/www.mathezfreight.com\/wp-content\/uploads\/photo-jonathan-cars-2024-20240731_133112-rotated.jpg\" width=\"915\" height=\"1220\" alt=\"\" srcset=\"https:\/\/www.mathezfreight.com\/wp-content\/uploads\/photo-jonathan-cars-2024-20240731_133112-rotated.jpg 915w, https:\/\/www.mathezfreight.com\/wp-content\/uploads\/photo-jonathan-cars-2024-20240731_133112-300x400.jpg 300w, https:\/\/www.mathezfreight.com\/wp-content\/uploads\/photo-jonathan-cars-2024-20240731_133112-650x866.jpg 650w, https:\/\/www.mathezfreight.com\/wp-content\/uploads\/photo-jonathan-cars-2024-20240731_133112-768x1024.jpg 768w, https:\/\/www.mathezfreight.com\/wp-content\/uploads\/photo-jonathan-cars-2024-20240731_133112-643x857.jpg 643w, https:\/\/www.mathezfreight.com\/wp-content\/uploads\/photo-jonathan-cars-2024-20240731_133112-19x25.jpg 19w, https:\/\/www.mathezfreight.com\/wp-content\/uploads\/photo-jonathan-cars-2024-20240731_133112-51x68.jpg 51w\" sizes=\"https:\/\/www.mathezfreight.com\/wp-content\/uploads\/photo-jonathan-cars-2024-20240731_133112-rotated.jpg 915w, https:\/\/www.mathezfreight.com\/wp-content\/uploads\/photo-jonathan-cars-2024-20240731_133112-300x400.jpg 300w, https:\/\/www.mathezfreight.com\/wp-content\/uploads\/photo-jonathan-cars-2024-20240731_133112-650x866.jpg 650w, https:\/\/www.mathezfreight.com\/wp-content\/uploads\/photo-jonathan-cars-2024-20240731_133112-768x1024.jpg 768w, https:\/\/www.mathezfreight.com\/wp-content\/uploads\/photo-jonathan-cars-2024-20240731_133112-643x857.jpg 643w, https:\/\/www.mathezfreight.com\/wp-content\/uploads\/photo-jonathan-cars-2024-20240731_133112-19x25.jpg 19w, https:\/\/www.mathezfreight.com\/wp-content\/uploads\/photo-jonathan-cars-2024-20240731_133112-51x68.jpg 51w\"><\/a><\/div><div><a id=\"lightbox-934814\" class=\"imgeffect zoom rt_lightbox\" data-gal-id=\"slider-carousel-302728\" data-rel=\"rt_lightbox\" title=\"Agrandir la vue\" data-sub-html=\"Transport d&#039;une Jeep de la 2e Guerre mondiale\" data-src=\"\" data-width=\"\" data-height=\"\" data-poster=\"\" data-autoplay=\"\" data-audiotitle=\"\" data-download-url=\"false\" href=\"https:\/\/www.mathezfreight.com\/wp-content\/uploads\/photo-jonathan-cars-2024-20240731_133556-rotated.jpg\"><img decoding=\"async\" src=\"https:\/\/www.mathezfreight.com\/wp-content\/uploads\/photo-jonathan-cars-2024-20240731_133556-rotated.jpg\" width=\"915\" height=\"1220\" alt=\"\" srcset=\"https:\/\/www.mathezfreight.com\/wp-content\/uploads\/photo-jonathan-cars-2024-20240731_133556-rotated.jpg 915w, https:\/\/www.mathezfreight.com\/wp-content\/uploads\/photo-jonathan-cars-2024-20240731_133556-300x400.jpg 300w, https:\/\/www.mathezfreight.com\/wp-content\/uploads\/photo-jonathan-cars-2024-20240731_133556-650x866.jpg 650w, https:\/\/www.mathezfreight.com\/wp-content\/uploads\/photo-jonathan-cars-2024-20240731_133556-768x1024.jpg 768w, https:\/\/www.mathezfreight.com\/wp-content\/uploads\/photo-jonathan-cars-2024-20240731_133556-643x857.jpg 643w, https:\/\/www.mathezfreight.com\/wp-content\/uploads\/photo-jonathan-cars-2024-20240731_133556-19x25.jpg 19w, https:\/\/www.mathezfreight.com\/wp-content\/uploads\/photo-jonathan-cars-2024-20240731_133556-51x68.jpg 51w\" sizes=\"https:\/\/www.mathezfreight.com\/wp-content\/uploads\/photo-jonathan-cars-2024-20240731_133556-rotated.jpg 915w, https:\/\/www.mathezfreight.com\/wp-content\/uploads\/photo-jonathan-cars-2024-20240731_133556-300x400.jpg 300w, https:\/\/www.mathezfreight.com\/wp-content\/uploads\/photo-jonathan-cars-2024-20240731_133556-650x866.jpg 650w, https:\/\/www.mathezfreight.com\/wp-content\/uploads\/photo-jonathan-cars-2024-20240731_133556-768x1024.jpg 768w, https:\/\/www.mathezfreight.com\/wp-content\/uploads\/photo-jonathan-cars-2024-20240731_133556-643x857.jpg 643w, https:\/\/www.mathezfreight.com\/wp-content\/uploads\/photo-jonathan-cars-2024-20240731_133556-19x25.jpg 19w, https:\/\/www.mathezfreight.com\/wp-content\/uploads\/photo-jonathan-cars-2024-20240731_133556-51x68.jpg 51w\"><\/a><\/div><div><a id=\"lightbox-583848\" class=\"imgeffect zoom rt_lightbox\" data-gal-id=\"slider-carousel-302728\" data-rel=\"rt_lightbox\" title=\"Agrandir la vue\" data-sub-html=\"Jeep - Op\u00e9ration Homecoming<br>Jeep - Op\u00e9ration Homecoming - Christophe Cocherie\" data-src=\"\" data-width=\"\" data-height=\"\" data-poster=\"\" data-autoplay=\"\" data-audiotitle=\"\" data-download-url=\"false\" href=\"https:\/\/www.mathezfreight.com\/wp-content\/uploads\/photo-homecoming-05-800x533.jpg\"><img decoding=\"async\" src=\"https:\/\/www.mathezfreight.com\/wp-content\/uploads\/photo-homecoming-05-800x533.jpg\" width=\"800\" height=\"533\" alt=\"\" srcset=\"https:\/\/www.mathezfreight.com\/wp-content\/uploads\/photo-homecoming-05-800x533.jpg 800w, https:\/\/www.mathezfreight.com\/wp-content\/uploads\/photo-homecoming-05-274x183.jpg 274w, https:\/\/www.mathezfreight.com\/wp-content\/uploads\/photo-homecoming-05-375x250.jpg 375w\" sizes=\"https:\/\/www.mathezfreight.com\/wp-content\/uploads\/photo-homecoming-05-800x533.jpg 800w, https:\/\/www.mathezfreight.com\/wp-content\/uploads\/photo-homecoming-05-274x183.jpg 274w, https:\/\/www.mathezfreight.com\/wp-content\/uploads\/photo-homecoming-05-375x250.jpg 375w\"><\/a><\/div><div><a id=\"lightbox-186385\" class=\"imgeffect zoom rt_lightbox\" data-gal-id=\"slider-carousel-302728\" data-rel=\"rt_lightbox\" title=\"Agrandir la vue\" data-sub-html=\"Transport d&#039;une Jeep de la 2e Guerre mondiale\" data-src=\"\" data-width=\"\" data-height=\"\" data-poster=\"\" data-autoplay=\"\" data-audiotitle=\"\" data-download-url=\"false\" href=\"https:\/\/www.mathezfreight.com\/wp-content\/uploads\/photo-jonathan-cars-2024-jeep.jpg\"><img decoding=\"async\" src=\"https:\/\/www.mathezfreight.com\/wp-content\/uploads\/photo-jonathan-cars-2024-jeep.jpg\" width=\"1220\" height=\"828\" alt=\"\" srcset=\"https:\/\/www.mathezfreight.com\/wp-content\/uploads\/photo-jonathan-cars-2024-jeep.jpg 1220w, https:\/\/www.mathezfreight.com\/wp-content\/uploads\/photo-jonathan-cars-2024-jeep-589x400.jpg 589w, https:\/\/www.mathezfreight.com\/wp-content\/uploads\/photo-jonathan-cars-2024-jeep-1100x747.jpg 1100w, https:\/\/www.mathezfreight.com\/wp-content\/uploads\/photo-jonathan-cars-2024-jeep-768x521.jpg 768w, https:\/\/www.mathezfreight.com\/wp-content\/uploads\/photo-jonathan-cars-2024-jeep-25x17.jpg 25w, https:\/\/www.mathezfreight.com\/wp-content\/uploads\/photo-jonathan-cars-2024-jeep-68x46.jpg 68w\" sizes=\"https:\/\/www.mathezfreight.com\/wp-content\/uploads\/photo-jonathan-cars-2024-jeep.jpg 1220w, https:\/\/www.mathezfreight.com\/wp-content\/uploads\/photo-jonathan-cars-2024-jeep-589x400.jpg 589w, https:\/\/www.mathezfreight.com\/wp-content\/uploads\/photo-jonathan-cars-2024-jeep-1100x747.jpg 1100w, https:\/\/www.mathezfreight.com\/wp-content\/uploads\/photo-jonathan-cars-2024-jeep-768x521.jpg 768w, https:\/\/www.mathezfreight.com\/wp-content\/uploads\/photo-jonathan-cars-2024-jeep-25x17.jpg 25w, https:\/\/www.mathezfreight.com\/wp-content\/uploads\/photo-jonathan-cars-2024-jeep-68x46.jpg 68w\"><\/a><\/div><div><a id=\"lightbox-514253\" class=\"imgeffect zoom rt_lightbox\" data-gal-id=\"slider-carousel-302728\" data-rel=\"rt_lightbox\" title=\"Agrandir la vue\" data-sub-html=\"Transport d&#039;une Jeep de la 2e Guerre mondiale\" data-src=\"\" data-width=\"\" data-height=\"\" data-poster=\"\" data-autoplay=\"\" data-audiotitle=\"\" data-download-url=\"false\" href=\"https:\/\/www.mathezfreight.com\/wp-content\/uploads\/photo-jonathan-cars-2024-jeep3.jpg\"><img decoding=\"async\" src=\"https:\/\/www.mathezfreight.com\/wp-content\/uploads\/photo-jonathan-cars-2024-jeep3.jpg\" width=\"1220\" height=\"749\" alt=\"\" srcset=\"https:\/\/www.mathezfreight.com\/wp-content\/uploads\/photo-jonathan-cars-2024-jeep3.jpg 1220w, https:\/\/www.mathezfreight.com\/wp-content\/uploads\/photo-jonathan-cars-2024-jeep3-600x368.jpg 600w, https:\/\/www.mathezfreight.com\/wp-content\/uploads\/photo-jonathan-cars-2024-jeep3-1100x675.jpg 1100w, https:\/\/www.mathezfreight.com\/wp-content\/uploads\/photo-jonathan-cars-2024-jeep3-768x472.jpg 768w, https:\/\/www.mathezfreight.com\/wp-content\/uploads\/photo-jonathan-cars-2024-jeep3-25x15.jpg 25w, https:\/\/www.mathezfreight.com\/wp-content\/uploads\/photo-jonathan-cars-2024-jeep3-68x42.jpg 68w\" sizes=\"https:\/\/www.mathezfreight.com\/wp-content\/uploads\/photo-jonathan-cars-2024-jeep3.jpg 1220w, https:\/\/www.mathezfreight.com\/wp-content\/uploads\/photo-jonathan-cars-2024-jeep3-600x368.jpg 600w, https:\/\/www.mathezfreight.com\/wp-content\/uploads\/photo-jonathan-cars-2024-jeep3-1100x675.jpg 1100w, https:\/\/www.mathezfreight.com\/wp-content\/uploads\/photo-jonathan-cars-2024-jeep3-768x472.jpg 768w, https:\/\/www.mathezfreight.com\/wp-content\/uploads\/photo-jonathan-cars-2024-jeep3-25x15.jpg 25w, https:\/\/www.mathezfreight.com\/wp-content\/uploads\/photo-jonathan-cars-2024-jeep3-68x42.jpg 68w\"><\/a><\/div><div><a id=\"lightbox-329650\" class=\"imgeffect zoom rt_lightbox\" data-gal-id=\"slider-carousel-302728\" data-rel=\"rt_lightbox\" title=\"Agrandir la vue\" data-sub-html=\"Transport d&#039;une Jeep de la 2e Guerre mondiale\" data-src=\"\" data-width=\"\" data-height=\"\" data-poster=\"\" data-autoplay=\"\" data-audiotitle=\"\" data-download-url=\"false\" href=\"https:\/\/www.mathezfreight.com\/wp-content\/uploads\/photo-jonathan-cars-2024-jeep2.jpg\"><img decoding=\"async\" src=\"https:\/\/www.mathezfreight.com\/wp-content\/uploads\/photo-jonathan-cars-2024-jeep2.jpg\" width=\"1220\" height=\"777\" alt=\"\" srcset=\"https:\/\/www.mathezfreight.com\/wp-content\/uploads\/photo-jonathan-cars-2024-jeep2.jpg 1220w, https:\/\/www.mathezfreight.com\/wp-content\/uploads\/photo-jonathan-cars-2024-jeep2-600x382.jpg 600w, https:\/\/www.mathezfreight.com\/wp-content\/uploads\/photo-jonathan-cars-2024-jeep2-1100x701.jpg 1100w, https:\/\/www.mathezfreight.com\/wp-content\/uploads\/photo-jonathan-cars-2024-jeep2-768x489.jpg 768w, https:\/\/www.mathezfreight.com\/wp-content\/uploads\/photo-jonathan-cars-2024-jeep2-25x16.jpg 25w, https:\/\/www.mathezfreight.com\/wp-content\/uploads\/photo-jonathan-cars-2024-jeep2-68x43.jpg 68w\" sizes=\"https:\/\/www.mathezfreight.com\/wp-content\/uploads\/photo-jonathan-cars-2024-jeep2.jpg 1220w, https:\/\/www.mathezfreight.com\/wp-content\/uploads\/photo-jonathan-cars-2024-jeep2-600x382.jpg 600w, https:\/\/www.mathezfreight.com\/wp-content\/uploads\/photo-jonathan-cars-2024-jeep2-1100x701.jpg 1100w, https:\/\/www.mathezfreight.com\/wp-content\/uploads\/photo-jonathan-cars-2024-jeep2-768x489.jpg 768w, https:\/\/www.mathezfreight.com\/wp-content\/uploads\/photo-jonathan-cars-2024-jeep2-25x16.jpg 25w, https:\/\/www.mathezfreight.com\/wp-content\/uploads\/photo-jonathan-cars-2024-jeep2-68x43.jpg 68w\"><\/a><\/div><div><a id=\"lightbox-295405\" class=\"imgeffect zoom rt_lightbox\" data-gal-id=\"slider-carousel-302728\" data-rel=\"rt_lightbox\" title=\"Agrandir la vue\" data-sub-html=\"Jeep - Op\u00e9ration Homecoming<br>Jeep - Op\u00e9ration Homecoming - Christophe Cocherie\" data-src=\"\" data-width=\"\" data-height=\"\" data-poster=\"\" data-autoplay=\"\" data-audiotitle=\"\" data-download-url=\"false\" href=\"https:\/\/www.mathezfreight.com\/wp-content\/uploads\/photo-homecoming-06-800x533.jpg\"><img decoding=\"async\" src=\"https:\/\/www.mathezfreight.com\/wp-content\/uploads\/photo-homecoming-06-800x533.jpg\" width=\"800\" height=\"533\" alt=\"\" srcset=\"https:\/\/www.mathezfreight.com\/wp-content\/uploads\/photo-homecoming-06-800x533.jpg 800w, https:\/\/www.mathezfreight.com\/wp-content\/uploads\/photo-homecoming-06-274x183.jpg 274w, https:\/\/www.mathezfreight.com\/wp-content\/uploads\/photo-homecoming-06-375x250.jpg 375w\" sizes=\"https:\/\/www.mathezfreight.com\/wp-content\/uploads\/photo-homecoming-06-800x533.jpg 800w, https:\/\/www.mathezfreight.com\/wp-content\/uploads\/photo-homecoming-06-274x183.jpg 274w, https:\/\/www.mathezfreight.com\/wp-content\/uploads\/photo-homecoming-06-375x250.jpg 375w\"><\/a><\/div><div><a id=\"lightbox-792702\" class=\"imgeffect zoom rt_lightbox\" data-gal-id=\"slider-carousel-302728\" data-rel=\"rt_lightbox\" title=\"Agrandir la vue\" data-sub-html=\"Jeep - Op\u00e9ration Homecoming<br>Jeep - Op\u00e9ration Homecoming - Christophe Cocherie\" data-src=\"\" data-width=\"\" data-height=\"\" data-poster=\"\" data-autoplay=\"\" data-audiotitle=\"\" data-download-url=\"false\" href=\"https:\/\/www.mathezfreight.com\/wp-content\/uploads\/photo-homecoming-04-800x533.jpg\"><img decoding=\"async\" src=\"https:\/\/www.mathezfreight.com\/wp-content\/uploads\/photo-homecoming-04-800x533.jpg\" width=\"800\" height=\"533\" alt=\"\" srcset=\"https:\/\/www.mathezfreight.com\/wp-content\/uploads\/photo-homecoming-04-800x533.jpg 800w, https:\/\/www.mathezfreight.com\/wp-content\/uploads\/photo-homecoming-04-274x183.jpg 274w, https:\/\/www.mathezfreight.com\/wp-content\/uploads\/photo-homecoming-04-375x250.jpg 375w\" sizes=\"https:\/\/www.mathezfreight.com\/wp-content\/uploads\/photo-homecoming-04-800x533.jpg 800w, https:\/\/www.mathezfreight.com\/wp-content\/uploads\/photo-homecoming-04-274x183.jpg 274w, https:\/\/www.mathezfreight.com\/wp-content\/uploads\/photo-homecoming-04-375x250.jpg 375w\"><\/a><\/div>\r\n\t\t\t\t\t<\/div>\r\n\t\t\t\t\t\r\n\t\t\t\t\t\r\n\t\t\t\t<\/div>\r\n\t\t\t\t\t\t\t<\/div>\n\t\t\t\t<\/div>\n\t\t\t\t<div class=\"elementor-element elementor-element-f6b4293 elementor-widget elementor-widget-text-editor\" data-id=\"f6b4293\" data-element_type=\"widget\" data-e-type=\"widget\" data-widget_type=\"text-editor.default\">\n\t\t\t\t<div class=\"elementor-widget-container\">\n\t\t\t\t\t\t\t\t\t \t\t\t\t\t\t\t\t<\/div>\n\t\t\t\t<\/div>\n\t\t\t\t\t<\/div>\n\t\t<\/div>\n\t\t\t\t\t<\/div>\n\t\t<\/section>\n\t\t\t\t<section class=\"elementor-section elementor-top-section elementor-element elementor-element-fa172f4 elementor-hidden-tablet elementor-hidden-phone mti-chevron bottom elementor-section-boxed elementor-section-height-default elementor-section-height-default default-style\" data-id=\"fa172f4\" data-element_type=\"section\" data-e-type=\"section\" data-settings=\"{&quot;rt_color_sets&quot;:&quot;default-style&quot;}\">\n\t\t\t\t\t\t<div class=\"elementor-container elementor-column-gap-default\">\n\t\t\t\t\t<div class=\"elementor-column elementor-col-33 elementor-top-column elementor-element elementor-element-883118b mti-chevrons\" data-id=\"883118b\" data-element_type=\"column\" data-e-type=\"column\">\n\t\t\t<div class=\"elementor-widget-wrap elementor-element-populated\">\n\t\t\t\t\t\t\t<\/div>\n\t\t<\/div>\n\t\t\t\t<div class=\"elementor-column elementor-col-33 elementor-top-column elementor-element elementor-element-8ffab9c\" data-id=\"8ffab9c\" data-element_type=\"column\" data-e-type=\"column\">\n\t\t\t<div class=\"elementor-widget-wrap elementor-element-populated\">\n\t\t\t\t\t\t<div class=\"elementor-element elementor-element-71b1c03 elementor-widget elementor-widget-text-editor\" data-id=\"71b1c03\" data-element_type=\"widget\" data-e-type=\"widget\" data-widget_type=\"text-editor.default\">\n\t\t\t\t<div class=\"elementor-widget-container\">\n\t\t\t\t\t\t\t\t\t<p>\u00a0\u00a0<\/p>\t\t\t\t\t\t\t\t<\/div>\n\t\t\t\t<\/div>\n\t\t\t\t\t<\/div>\n\t\t<\/div>\n\t\t\t\t<div class=\"elementor-column elementor-col-33 elementor-top-column elementor-element elementor-element-7a7d970\" data-id=\"7a7d970\" data-element_type=\"column\" data-e-type=\"column\">\n\t\t\t<div class=\"elementor-widget-wrap elementor-element-populated\">\n\t\t\t\t\t\t\t<\/div>\n\t\t<\/div>\n\t\t\t\t\t<\/div>\n\t\t<\/section>\n\t\t\t\t<section class=\"elementor-section elementor-top-section elementor-element elementor-element-d92a1c8 elementor-hidden-tablet elementor-hidden-phone mti-chevron bottom elementor-section-boxed elementor-section-height-default elementor-section-height-default default-style\" data-id=\"d92a1c8\" data-element_type=\"section\" data-e-type=\"section\" data-settings=\"{&quot;rt_color_sets&quot;:&quot;default-style&quot;}\">\n\t\t\t\t\t\t<div class=\"elementor-container elementor-column-gap-default\">\n\t\t\t\t\t<div class=\"elementor-column elementor-col-100 elementor-top-column elementor-element elementor-element-dd4c8ab\" data-id=\"dd4c8ab\" data-element_type=\"column\" data-e-type=\"column\">\n\t\t\t<div class=\"elementor-widget-wrap elementor-element-populated\">\n\t\t\t\t\t\t<div class=\"elementor-element elementor-element-4f4d772 elementor-widget elementor-widget-text-editor\" data-id=\"4f4d772\" data-element_type=\"widget\" data-e-type=\"widget\" data-widget_type=\"text-editor.default\">\n\t\t\t\t<div class=\"elementor-widget-container\">\n\t\t\t\t\t\t\t\t\t<p style=\"text-align: right;\">Cr\u00e9dits <a href=\"https:\/\/www.youtube.com\/watch?app=desktop&amp;v=n0ePLTCEB-E23\" target=\"_blank\" rel=\"noopener\">Convoi de la Libert\u00e9 &#8211; Youtube &#8211; Epi du Hameau<\/a><br \/>Op\u00e9ration Homecoming &#8211; <a href=\"https:\/\/christophecocherie.com\/operation-homecoming\/\" target=\"_blank\" rel=\"noopener\">Christophe Cocherie<\/a><\/p>\t\t\t\t\t\t\t\t<\/div>\n\t\t\t\t<\/div>\n\t\t\t\t\t<\/div>\n\t\t<\/div>\n\t\t\t\t\t<\/div>\n\t\t<\/section>\n\t\t\t\t<section class=\"elementor-section elementor-top-section elementor-element elementor-element-7ad8e53 mti-article-body elementor-section-boxed elementor-section-height-default elementor-section-height-default default-style\" data-id=\"7ad8e53\" data-element_type=\"section\" data-e-type=\"section\" data-settings=\"{&quot;rt_color_sets&quot;:&quot;default-style&quot;}\">\n\t\t\t\t\t\t<div class=\"elementor-container elementor-column-gap-default\">\n\t\t\t\t\t<div class=\"elementor-column elementor-col-100 elementor-top-column elementor-element elementor-element-586f410\" data-id=\"586f410\" data-element_type=\"column\" data-e-type=\"column\">\n\t\t\t<div class=\"elementor-widget-wrap elementor-element-populated\">\n\t\t\t\t\t\t<div class=\"elementor-element elementor-element-97e3016 elementor-widget elementor-widget-text-editor\" data-id=\"97e3016\" data-element_type=\"widget\" data-e-type=\"widget\" data-widget_type=\"text-editor.default\">\n\t\t\t\t<div class=\"elementor-widget-container\">\n\t\t\t\t\t\t\t\t\t<p><span style=\"color: var( --e-global-color-text );\"><strong>Mission accomplie<\/strong>, il \u00e9tait temps de retourner \u00e0 la maison!\u00a0<\/span>Il faut des sp\u00e9cialistes du <a href=\"https:\/\/www.mathezfreight.com\/fr\/solutions\/transport\/voitures\/\" target=\"_blank\" rel=\"noopener\">transport de v\u00e9hicules d&rsquo;exception<\/a> pour s&rsquo;occuper du calage, du pr\u00e9acheminement, du transport par la mer Le Havre &#8211; New York, et du d\u00e9douanement \u00e0 destination&#8230; Arriv\u00e9e dans le Minnesota, elle est maintenant <span style=\"color: var( --e-global-color-text );\">expos\u00e9e au <\/span><a style=\"background-color: #ffffff;\" href=\"https:\/\/www.herreidmilitarymuseum.org\/\" target=\"_blank\" rel=\"noopener\">mus\u00e9e militaire Herreid<\/a><span style=\"color: var( --e-global-color-text );\">, \u00e0 Luverne.<\/span><\/p><p style=\"text-align: right;\"><span style=\"color: var( --e-global-color-text );\">#DeliveringMemorableExperiences<\/span><\/p>\t\t\t\t\t\t\t\t<\/div>\n\t\t\t\t<\/div>\n\t\t\t\t\t<\/div>\n\t\t<\/div>\n\t\t\t\t\t<\/div>\n\t\t<\/section>\n\t\t\t\t<div class=\"elementor-section elementor-top-section elementor-element elementor-element-facbc47 elementor-section-boxed elementor-section-height-default elementor-section-height-default default-style elementor-invisible\" data-id=\"facbc47\" data-element_type=\"section\" data-e-type=\"section\" id=\"mti-beau-gosse\" data-settings=\"{&quot;animation&quot;:&quot;fadeIn&quot;,&quot;rt_color_sets&quot;:&quot;default-style&quot;}\">\n\t\t\t\t\t\t<div class=\"elementor-container elementor-column-gap-default\">\n\t\t\t\t\t<div class=\"elementor-column elementor-col-33 elementor-top-column elementor-element elementor-element-96f8dfc\" data-id=\"96f8dfc\" data-element_type=\"column\" data-e-type=\"column\">\n\t\t\t<div class=\"elementor-widget-wrap elementor-element-populated\">\n\t\t\t\t\t\t<div class=\"elementor-element elementor-element-75d67c5 aligncenter elementor-widget elementor-widget-image\" data-id=\"75d67c5\" data-element_type=\"widget\" data-e-type=\"widget\" data-widget_type=\"image.default\">\n\t\t\t\t<div class=\"elementor-widget-container\">\n\t\t\t\t\t\t\t\t\t\t\t\t\t\t\t<img decoding=\"async\" width=\"250\" height=\"375\" src=\"https:\/\/www.mathezfreight.com\/wp-content\/uploads\/photo-alexandre-hiernaux-transparent.png\" class=\"attachment-mti-medium-portrait size-mti-medium-portrait wp-image-18072\" alt=\"Alexandre Hiernaux\" \/>\t\t\t\t\t\t\t\t\t\t\t\t\t\t\t<\/div>\n\t\t\t\t<\/div>\n\t\t\t\t\t<\/div>\n\t\t<\/div>\n\t\t\t\t<div class=\"elementor-column elementor-col-66 elementor-top-column elementor-element elementor-element-7ab07d0\" data-id=\"7ab07d0\" data-element_type=\"column\" data-e-type=\"column\">\n\t\t\t<div class=\"elementor-widget-wrap elementor-element-populated\">\n\t\t\t\t\t\t<div class=\"elementor-element elementor-element-a5a7c36 elementor-widget elementor-widget-text-editor\" data-id=\"a5a7c36\" data-element_type=\"widget\" data-e-type=\"widget\" data-widget_type=\"text-editor.default\">\n\t\t\t\t<div class=\"elementor-widget-container\">\n\t\t\t\t\t\t\t\t\t<blockquote style=\"margin-bottom: 8px;\"><p>Passionn\u00e9s de transport, passionn\u00e9s de voitures &#8211; v\u00e9hicules de luxe, de rallyes, de collection: nous sommes heureux d&rsquo;offrir \u00e0 ces v\u00e9hicules d&rsquo;exception le soin qu&rsquo;ils m\u00e9ritent lors de leurs travers\u00e9es, par cargo ou par avion. Un besoin de transport, envie d&rsquo;\u00eatre s\u00fbr que l&rsquo;on prendra un soin total de votre bijou? <a href=\"https:\/\/www.mathezfreight.com\/fr\/solutions\/transport\/voitures\/\">Contactez-nous<\/a>.<\/p><\/blockquote><div id=\"mti-beau-gosse-signature\"><span style=\"color: #00305b;\">Alexandre Hiernaux,<\/span> MATHEZ FREIGHT Paris CDG<\/div>\t\t\t\t\t\t\t\t<\/div>\n\t\t\t\t<\/div>\n\t\t\t\t\t<\/div>\n\t\t<\/div>\n\t\t\t\t\t<\/div>\n\t\t<\/div>\n\t\t\t\t<aside class=\"elementor-section elementor-top-section elementor-element elementor-element-2637aff mti-social-bar bottom elementor-section-boxed elementor-section-height-default elementor-section-height-default default-style elementor-invisible\" data-id=\"2637aff\" data-element_type=\"section\" data-e-type=\"section\" data-settings=\"{&quot;animation&quot;:&quot;fadeIn&quot;,&quot;rt_color_sets&quot;:&quot;default-style&quot;}\">\n\t\t\t\t\t\t<div class=\"elementor-container elementor-column-gap-default\">\n\t\t\t\t\t<div class=\"elementor-column elementor-col-100 elementor-top-column elementor-element elementor-element-7e2d51c\" data-id=\"7e2d51c\" data-element_type=\"column\" data-e-type=\"column\">\n\t\t\t<div class=\"elementor-widget-wrap elementor-element-populated\">\n\t\t\t\t\t\t<div class=\"elementor-element elementor-element-ec97e6d elementor-share-buttons--view-icon elementor-share-buttons--skin-flat elementor-share-buttons--shape-square elementor-grid-0 elementor-share-buttons--color-official elementor-invisible elementor-widget elementor-widget-share-buttons\" data-id=\"ec97e6d\" data-element_type=\"widget\" data-e-type=\"widget\" data-settings=\"{&quot;_animation&quot;:&quot;fadeInLeft&quot;}\" data-widget_type=\"share-buttons.default\">\n\t\t\t\t<div class=\"elementor-widget-container\">\n\t\t\t\t\t\t\t<div class=\"elementor-grid\" role=\"list\">\n\t\t\t\t\t\t\t\t<div class=\"elementor-grid-item\" role=\"listitem\">\n\t\t\t\t\t\t<div class=\"elementor-share-btn elementor-share-btn_email\" role=\"button\" tabindex=\"0\" aria-label=\"Partager sur email\">\n\t\t\t\t\t\t\t\t\t\t\t\t\t\t\t<span class=\"elementor-share-btn__icon\">\n\t\t\t\t\t\t\t\t<i class=\"fas fa-envelope\" aria-hidden=\"true\"><\/i>\t\t\t\t\t\t\t<\/span>\n\t\t\t\t\t\t\t\t\t\t\t\t\t\t\t\t\t\t\t\t<\/div>\n\t\t\t\t\t<\/div>\n\t\t\t\t\t\t\t\t\t<div class=\"elementor-grid-item\" role=\"listitem\">\n\t\t\t\t\t\t<div class=\"elementor-share-btn elementor-share-btn_linkedin\" role=\"button\" tabindex=\"0\" aria-label=\"Partager sur linkedin\">\n\t\t\t\t\t\t\t\t\t\t\t\t\t\t\t<span class=\"elementor-share-btn__icon\">\n\t\t\t\t\t\t\t\t<i class=\"fab fa-linkedin\" aria-hidden=\"true\"><\/i>\t\t\t\t\t\t\t<\/span>\n\t\t\t\t\t\t\t\t\t\t\t\t\t\t\t\t\t\t\t\t<\/div>\n\t\t\t\t\t<\/div>\n\t\t\t\t\t\t\t\t\t<div class=\"elementor-grid-item\" role=\"listitem\">\n\t\t\t\t\t\t<div class=\"elementor-share-btn elementor-share-btn_twitter\" role=\"button\" tabindex=\"0\" aria-label=\"Partager sur twitter\">\n\t\t\t\t\t\t\t\t\t\t\t\t\t\t\t<span class=\"elementor-share-btn__icon\">\n\t\t\t\t\t\t\t\t<i class=\"fab fa-twitter\" aria-hidden=\"true\"><\/i>\t\t\t\t\t\t\t<\/span>\n\t\t\t\t\t\t\t\t\t\t\t\t\t\t\t\t\t\t\t\t<\/div>\n\t\t\t\t\t<\/div>\n\t\t\t\t\t\t\t\t\t<div class=\"elementor-grid-item\" role=\"listitem\">\n\t\t\t\t\t\t<div class=\"elementor-share-btn elementor-share-btn_facebook\" role=\"button\" tabindex=\"0\" aria-label=\"Partager sur facebook\">\n\t\t\t\t\t\t\t\t\t\t\t\t\t\t\t<span class=\"elementor-share-btn__icon\">\n\t\t\t\t\t\t\t\t<i class=\"fab fa-facebook\" aria-hidden=\"true\"><\/i>\t\t\t\t\t\t\t<\/span>\n\t\t\t\t\t\t\t\t\t\t\t\t\t\t\t\t\t\t\t\t<\/div>\n\t\t\t\t\t<\/div>\n\t\t\t\t\t\t\t\t\t<div class=\"elementor-grid-item\" role=\"listitem\">\n\t\t\t\t\t\t<div class=\"elementor-share-btn elementor-share-btn_print\" role=\"button\" tabindex=\"0\" aria-label=\"Partager sur print\">\n\t\t\t\t\t\t\t\t\t\t\t\t\t\t\t<span class=\"elementor-share-btn__icon\">\n\t\t\t\t\t\t\t\t<i class=\"fas fa-print\" aria-hidden=\"true\"><\/i>\t\t\t\t\t\t\t<\/span>\n\t\t\t\t\t\t\t\t\t\t\t\t\t\t\t\t\t\t\t\t<\/div>\n\t\t\t\t\t<\/div>\n\t\t\t\t\t\t<\/div>\n\t\t\t\t\t\t<\/div>\n\t\t\t\t<\/div>\n\t\t\t\t\t<\/div>\n\t\t<\/div>\n\t\t\t\t\t<\/div>\n\t\t<\/aside>\n\t\t\t\t<aside class=\"elementor-section elementor-top-section elementor-element elementor-element-030b571 mti-blog-grid single-post-bottom elementor-section-boxed elementor-section-height-default elementor-section-height-default default-style elementor-invisible\" data-id=\"030b571\" data-element_type=\"section\" data-e-type=\"section\" id=\"mti-blog-grid\" data-settings=\"{&quot;animation&quot;:&quot;fadeIn&quot;,&quot;rt_color_sets&quot;:&quot;default-style&quot;}\">\n\t\t\t\t\t\t<div class=\"elementor-container elementor-column-gap-default\">\n\t\t\t\t\t<div class=\"elementor-column elementor-col-100 elementor-top-column elementor-element elementor-element-dbe2e0f\" data-id=\"dbe2e0f\" data-element_type=\"column\" data-e-type=\"column\">\n\t\t\t<div class=\"elementor-widget-wrap elementor-element-populated\">\n\t\t\t\t\t\t<div class=\"elementor-element elementor-element-9e78f33 elementor-widget elementor-widget-heading\" data-id=\"9e78f33\" data-element_type=\"widget\" data-e-type=\"widget\" data-widget_type=\"heading.default\">\n\t\t\t\t<div class=\"elementor-widget-container\">\n\t\t\t\t\t<h3 class=\"elementor-heading-title elementor-size-default\">A lire aussi:<\/h3>\t\t\t\t<\/div>\n\t\t\t\t<\/div>\n\t\t\t\t<div class=\"elementor-element elementor-element-36baec8 elementor-widget elementor-widget-lae-posts-carousel\" data-id=\"36baec8\" data-element_type=\"widget\" data-e-type=\"widget\" data-widget_type=\"lae-posts-carousel.default\">\n\t\t\t\t<div class=\"elementor-widget-container\">\n\t\t\t\t\t\n<div        id=\"lae-posts-carousel-69f3ed17a43d9\"\n        class=\"lae-posts-carousel lae-container lae-classic-skin\"\n        data-settings='{&quot;arrows&quot;:false,&quot;dots&quot;:true,&quot;autoplay&quot;:false,&quot;autoplay_speed&quot;:3000,&quot;animation_speed&quot;:300,&quot;pause_on_hover&quot;:true,&quot;adaptive_height&quot;:false,&quot;display_columns&quot;:4,&quot;scroll_columns&quot;:3,&quot;gutter&quot;:10,&quot;tablet_width&quot;:800,&quot;tablet_display_columns&quot;:2,&quot;tablet_scroll_columns&quot;:2,&quot;tablet_gutter&quot;:10,&quot;mobile_width&quot;:480,&quot;mobile_display_columns&quot;:1,&quot;mobile_scroll_columns&quot;:1,&quot;mobile_gutter&quot;:10}'>\n<div data-id=\"id-67572\" class=\"lae-posts-carousel-item\">\n\n    <article id=\"post-67572\" class=\"post-67572 post type-post status-publish format-standard has-post-thumbnail hentry category-fret-mode-demploi tag-douane tag-transport-voitures tag-tva cibles-une cibles-agences-sud cibles-douane cibles-tva cibles-voitures\">\n\n        \n            \n            \n            \n                <div class=\"lae-project-image\">\n\n                    \n                    \n                    \n                        <a href=\"https:\/\/www.mathezfreight.com\/fr\/blog\/auto-export-ferry-douane-tva-maghreb\/\"><img decoding=\"async\" width=\"375\" height=\"250\" src=\"https:\/\/www.mathezfreight.com\/wp-content\/uploads\/photo-car-ferry-maghreb-375x250.jpg\" class=\"lae-image attachment-mti-medium-classic size-mti-medium-classic\" alt=\"photo-car-ferry-maghreb\" title=\"Export de voitures vers le Maghreb\" srcset=\"https:\/\/www.mathezfreight.com\/wp-content\/uploads\/photo-car-ferry-maghreb-375x250.jpg 375w, https:\/\/www.mathezfreight.com\/wp-content\/uploads\/photo-car-ferry-maghreb-600x400.jpg 600w, https:\/\/www.mathezfreight.com\/wp-content\/uploads\/photo-car-ferry-maghreb-1100x733.jpg 1100w, https:\/\/www.mathezfreight.com\/wp-content\/uploads\/photo-car-ferry-maghreb-768x512.jpg 768w, https:\/\/www.mathezfreight.com\/wp-content\/uploads\/photo-car-ferry-maghreb-274x183.jpg 274w, https:\/\/www.mathezfreight.com\/wp-content\/uploads\/photo-car-ferry-maghreb-1200x800.jpg 1200w, https:\/\/www.mathezfreight.com\/wp-content\/uploads\/photo-car-ferry-maghreb-610x406.jpg 610w, https:\/\/www.mathezfreight.com\/wp-content\/uploads\/photo-car-ferry-maghreb.jpg 1220w\" sizes=\"(max-width: 375px) 100vw, 375px\" \/><\/a>\n\n                    \n                    \n                        <div class=\"lae-image-info\">\n\n                            <div class=\"lae-entry-info\">\n\n                                \n                                    <h3 class=\"lae-post-title\">\n\n                                        <a href=\"https:\/\/www.mathezfreight.com\/fr\/blog\/auto-export-ferry-douane-tva-maghreb\/\" title=\"Export de voitures vers Alg\u00e9rie, Maroc ou Tunisie: pourquoi passer par un transitaire en douane en 2026\"\n                                           rel=\"bookmark\">Export de voitures vers Alg\u00e9rie, Maroc ou Tunisie: pourquoi passer par un transitaire en douane en 2026<\/a>\n\n                                    <\/h3>\n\n                                \n                                \n                                    <span class=\"lae-terms\"><a href=\"https:\/\/www.mathezfreight.com\/fr\/blog\/categorie\/fret-mode-demploi\/\">Fret Mode d'Emploi<\/a><\/span>\n                                \n                            <\/div>\n\n                        <\/div><!-- .lae-image-info -->\n\n                    \n                <\/div>\n\n            \n            \n                <div class=\"lae-entry-text-wrap \">\n\n                    \n                        <h3 class=\"entry-title\">\n\n                            <a href=\"https:\/\/www.mathezfreight.com\/fr\/blog\/auto-export-ferry-douane-tva-maghreb\/\" title=\"Export de voitures vers Alg\u00e9rie, Maroc ou Tunisie: pourquoi passer par un transitaire en douane en 2026\"\n                               rel=\"bookmark\">Export de voitures vers Alg\u00e9rie, Maroc ou Tunisie: pourquoi passer par un transitaire en douane en 2026<\/a>\n\n                        <\/h3>\n\n                    \n                    \n                    \n                    \n                <\/div>\n\n            \n        \n    <\/article><!-- .hentry -->\n\n<\/div><!-- .lae-posts-carousel-item -->\n<div data-id=\"id-66861\" class=\"lae-posts-carousel-item\">\n\n    <article id=\"post-66861\" class=\"post-66861 post type-post status-publish format-standard has-post-thumbnail hentry category-fret-mode-demploi tag-douane tag-tva cibles-une cibles-agences-sud cibles-douane cibles-import cibles-congres cibles-tva cibles-yachts\">\n\n        \n            \n            \n            \n                <div class=\"lae-project-image\">\n\n                    \n                    \n                    \n                        <a href=\"https:\/\/www.mathezfreight.com\/fr\/blog\/douane-cannes-monaco-boat-shows\/\"><img decoding=\"async\" width=\"375\" height=\"250\" src=\"https:\/\/www.mathezfreight.com\/wp-content\/uploads\/photo-cannes-monaco-boat-shows-douane-375x250.jpg\" class=\"lae-image attachment-mti-medium-classic size-mti-medium-classic\" alt=\"photo-cannes-monaco-boat-shows-douane\" title=\"Yacht de luxe naviguant en mer M\u00e9diterran\u00e9e, conformit\u00e9 douani\u00e8re assur\u00e9e.\" srcset=\"https:\/\/www.mathezfreight.com\/wp-content\/uploads\/photo-cannes-monaco-boat-shows-douane-375x250.jpg 375w, https:\/\/www.mathezfreight.com\/wp-content\/uploads\/photo-cannes-monaco-boat-shows-douane-600x400.jpg 600w, https:\/\/www.mathezfreight.com\/wp-content\/uploads\/photo-cannes-monaco-boat-shows-douane-1100x733.jpg 1100w, https:\/\/www.mathezfreight.com\/wp-content\/uploads\/photo-cannes-monaco-boat-shows-douane-768x512.jpg 768w, https:\/\/www.mathezfreight.com\/wp-content\/uploads\/photo-cannes-monaco-boat-shows-douane-274x183.jpg 274w, https:\/\/www.mathezfreight.com\/wp-content\/uploads\/photo-cannes-monaco-boat-shows-douane-1200x800.jpg 1200w, https:\/\/www.mathezfreight.com\/wp-content\/uploads\/photo-cannes-monaco-boat-shows-douane-610x406.jpg 610w, https:\/\/www.mathezfreight.com\/wp-content\/uploads\/photo-cannes-monaco-boat-shows-douane.jpg 1220w\" sizes=\"(max-width: 375px) 100vw, 375px\" \/><\/a>\n\n                    \n                    \n                        <div class=\"lae-image-info\">\n\n                            <div class=\"lae-entry-info\">\n\n                                \n                                    <h3 class=\"lae-post-title\">\n\n                                        <a href=\"https:\/\/www.mathezfreight.com\/fr\/blog\/douane-cannes-monaco-boat-shows\/\" title=\"Cannes et Monaco Boat Shows: la douane en toute conformit\u00e9\"\n                                           rel=\"bookmark\">Cannes et Monaco Boat Shows: la douane en toute conformit\u00e9<\/a>\n\n                                    <\/h3>\n\n                                \n                                \n                                    <span class=\"lae-terms\"><a href=\"https:\/\/www.mathezfreight.com\/fr\/blog\/categorie\/fret-mode-demploi\/\">Fret Mode d'Emploi<\/a><\/span>\n                                \n                            <\/div>\n\n                        <\/div><!-- .lae-image-info -->\n\n                    \n                <\/div>\n\n            \n            \n                <div class=\"lae-entry-text-wrap \">\n\n                    \n                        <h3 class=\"entry-title\">\n\n                            <a href=\"https:\/\/www.mathezfreight.com\/fr\/blog\/douane-cannes-monaco-boat-shows\/\" title=\"Cannes et Monaco Boat Shows: la douane en toute conformit\u00e9\"\n                               rel=\"bookmark\">Cannes et Monaco Boat Shows: la douane en toute conformit\u00e9<\/a>\n\n                        <\/h3>\n\n                    \n                    \n                    \n                    \n                <\/div>\n\n            \n        \n    <\/article><!-- .hentry -->\n\n<\/div><!-- .lae-posts-carousel-item -->\n<div data-id=\"id-64563\" class=\"lae-posts-carousel-item\">\n\n    <article id=\"post-64563\" class=\"post-64563 post type-post status-publish format-standard has-post-thumbnail hentry category-fret-mode-demploi tag-douane tag-yachting cibles-une cibles-agences-sud cibles-douane cibles-yachts\">\n\n        \n            \n            \n            \n                <div class=\"lae-project-image\">\n\n                    \n                    \n                    \n                        <a href=\"https:\/\/www.mathezfreight.com\/fr\/blog\/admission-temporaire-yachting\/\"><img decoding=\"async\" width=\"375\" height=\"250\" src=\"https:\/\/www.mathezfreight.com\/wp-content\/uploads\/photo_yachts_depositphotos_91479904_l-375x250.jpg\" class=\"lae-image attachment-mti-medium-classic size-mti-medium-classic\" alt=\"Admission temporaire 18 mois yachting\" title=\"Admission temporaire 18 mois yachting\" srcset=\"https:\/\/www.mathezfreight.com\/wp-content\/uploads\/photo_yachts_depositphotos_91479904_l-375x250.jpg 375w, https:\/\/www.mathezfreight.com\/wp-content\/uploads\/photo_yachts_depositphotos_91479904_l-274x183.jpg 274w\" sizes=\"(max-width: 375px) 100vw, 375px\" \/><\/a>\n\n                    \n                    \n                        <div class=\"lae-image-info\">\n\n                            <div class=\"lae-entry-info\">\n\n                                \n                                    <h3 class=\"lae-post-title\">\n\n                                        <a href=\"https:\/\/www.mathezfreight.com\/fr\/blog\/admission-temporaire-yachting\/\" title=\"Admission Temporaire 18 mois pour yachts: naviguer en Europe sans import ni TVA\"\n                                           rel=\"bookmark\">Admission Temporaire 18 mois pour yachts: naviguer en Europe sans import ni TVA<\/a>\n\n                                    <\/h3>\n\n                                \n                                \n                                    <span class=\"lae-terms\"><a href=\"https:\/\/www.mathezfreight.com\/fr\/blog\/categorie\/fret-mode-demploi\/\">Fret Mode d'Emploi<\/a><\/span>\n                                \n                            <\/div>\n\n                        <\/div><!-- .lae-image-info -->\n\n                    \n                <\/div>\n\n            \n            \n                <div class=\"lae-entry-text-wrap \">\n\n                    \n                        <h3 class=\"entry-title\">\n\n                            <a href=\"https:\/\/www.mathezfreight.com\/fr\/blog\/admission-temporaire-yachting\/\" title=\"Admission Temporaire 18 mois pour yachts: naviguer en Europe sans import ni TVA\"\n                               rel=\"bookmark\">Admission Temporaire 18 mois pour yachts: naviguer en Europe sans import ni TVA<\/a>\n\n                        <\/h3>\n\n                    \n                    \n                    \n                    \n                <\/div>\n\n            \n        \n    <\/article><!-- .hentry -->\n\n<\/div><!-- .lae-posts-carousel-item -->\n<div data-id=\"id-62606\" class=\"lae-posts-carousel-item\">\n\n    <article id=\"post-62606\" class=\"post-62606 post type-post status-publish format-standard has-post-thumbnail hentry category-operations tag-yachting cibles-agences cibles-agences-sud cibles-agent-maritime cibles-congres cibles-yachts\">\n\n        \n            \n            \n            \n                <div class=\"lae-project-image\">\n\n                    \n                    \n                    \n                        <a href=\"https:\/\/www.mathezfreight.com\/fr\/blog\/nice-dechargement-cannes-yachting-festival\/\"><img decoding=\"async\" width=\"375\" height=\"250\" src=\"https:\/\/www.mathezfreight.com\/wp-content\/uploads\/photo-starclass-nice-3-375x250.jpg\" class=\"lae-image attachment-mti-medium-classic size-mti-medium-classic\" alt=\"photo-starclass-nice-3\" title=\"photo-starclass-nice-3\" srcset=\"https:\/\/www.mathezfreight.com\/wp-content\/uploads\/photo-starclass-nice-3-375x250.jpg 375w, https:\/\/www.mathezfreight.com\/wp-content\/uploads\/photo-starclass-nice-3-274x183.jpg 274w, https:\/\/www.mathezfreight.com\/wp-content\/uploads\/photo-starclass-nice-3-1200x800.jpg 1200w\" sizes=\"(max-width: 375px) 100vw, 375px\" \/><\/a>\n\n                    \n                    \n                        <div class=\"lae-image-info\">\n\n                            <div class=\"lae-entry-info\">\n\n                                \n                                    <h3 class=\"lae-post-title\">\n\n                                        <a href=\"https:\/\/www.mathezfreight.com\/fr\/blog\/nice-dechargement-cannes-yachting-festival\/\" title=\"Arriv\u00e9e \u00e0 Nice des yachts du Cannes Yachting Festival\"\n                                           rel=\"bookmark\">Arriv\u00e9e \u00e0 Nice des yachts du Cannes Yachting Festival<\/a>\n\n                                    <\/h3>\n\n                                \n                                \n                                    <span class=\"lae-terms\"><a href=\"https:\/\/www.mathezfreight.com\/fr\/blog\/categorie\/operations\/\">Op\u00e9rations<\/a><\/span>\n                                \n                            <\/div>\n\n                        <\/div><!-- .lae-image-info -->\n\n                    \n                <\/div>\n\n            \n            \n                <div class=\"lae-entry-text-wrap \">\n\n                    \n                        <h3 class=\"entry-title\">\n\n                            <a href=\"https:\/\/www.mathezfreight.com\/fr\/blog\/nice-dechargement-cannes-yachting-festival\/\" title=\"Arriv\u00e9e \u00e0 Nice des yachts du Cannes Yachting Festival\"\n                               rel=\"bookmark\">Arriv\u00e9e \u00e0 Nice des yachts du Cannes Yachting Festival<\/a>\n\n                        <\/h3>\n\n                    \n                    \n                    \n                    \n                <\/div>\n\n            \n        \n    <\/article><!-- .hentry -->\n\n<\/div><!-- .lae-posts-carousel-item -->\n<div data-id=\"id-35400\" class=\"lae-posts-carousel-item\">\n\n    <article id=\"post-35400\" class=\"post-35400 post type-post status-publish format-standard has-post-thumbnail hentry category-operations tag-transport-voitures cibles-aerien cibles-agences cibles-agences-nord cibles-agences-sud cibles-maritime cibles-valeurs cibles-voitures\">\n\n        \n            \n            \n            \n                <div class=\"lae-project-image\">\n\n                    \n                    \n                    \n                        <a href=\"https:\/\/www.mathezfreight.com\/fr\/blog\/import-export-voitures-france\/\"><img decoding=\"async\" width=\"375\" height=\"250\" src=\"https:\/\/www.mathezfreight.com\/wp-content\/uploads\/photo-ferrari-aerien-5-copie-375x250.jpg\" class=\"lae-image attachment-mti-medium-classic size-mti-medium-classic\" alt=\"photo-ferrari-aerien-5-copie\" title=\"photo-ferrari-aerien (5)\" srcset=\"https:\/\/www.mathezfreight.com\/wp-content\/uploads\/photo-ferrari-aerien-5-copie-375x250.jpg 375w, https:\/\/www.mathezfreight.com\/wp-content\/uploads\/photo-ferrari-aerien-5-copie-274x183.jpg 274w\" sizes=\"(max-width: 375px) 100vw, 375px\" \/><\/a>\n\n                    \n                    \n                        <div class=\"lae-image-info\">\n\n                            <div class=\"lae-entry-info\">\n\n                                \n                                    <h3 class=\"lae-post-title\">\n\n                                        <a href=\"https:\/\/www.mathezfreight.com\/fr\/blog\/import-export-voitures-france\/\" title=\"Nos plus belles voitures, \u00e0 l&rsquo;import\/export France\"\n                                           rel=\"bookmark\">Nos plus belles voitures, \u00e0 l&rsquo;import\/export France<\/a>\n\n                                    <\/h3>\n\n                                \n                                \n                                    <span class=\"lae-terms\"><a href=\"https:\/\/www.mathezfreight.com\/fr\/blog\/categorie\/operations\/\">Op\u00e9rations<\/a><\/span>\n                                \n                            <\/div>\n\n                        <\/div><!-- .lae-image-info -->\n\n                    \n                <\/div>\n\n            \n            \n                <div class=\"lae-entry-text-wrap \">\n\n                    \n                        <h3 class=\"entry-title\">\n\n                            <a href=\"https:\/\/www.mathezfreight.com\/fr\/blog\/import-export-voitures-france\/\" title=\"Nos plus belles voitures, \u00e0 l&rsquo;import\/export France\"\n                               rel=\"bookmark\">Nos plus belles voitures, \u00e0 l&rsquo;import\/export France<\/a>\n\n                        <\/h3>\n\n                    \n                    \n                    \n                    \n                <\/div>\n\n            \n        \n    <\/article><!-- .hentry -->\n\n<\/div><!-- .lae-posts-carousel-item -->\n<div data-id=\"id-58607\" class=\"lae-posts-carousel-item\">\n\n    <article id=\"post-58607\" class=\"post-58607 post type-post status-publish format-standard has-post-thumbnail hentry category-presse tag-arts tag-international tag-transport-voitures cibles-arts cibles-valeurs cibles-voitures cibles-yachts\">\n\n        \n            \n            \n            \n                <div class=\"lae-project-image\">\n\n                    \n                    \n                    \n                        <a href=\"https:\/\/www.mathezfreight.com\/fr\/blog\/transport-art-prestige-france\/\"><img decoding=\"async\" width=\"375\" height=\"250\" src=\"https:\/\/www.mathezfreight.com\/wp-content\/uploads\/photo-journal-depositphotos_326235320_L-375x250.jpg\" class=\"lae-image attachment-mti-medium-classic size-mti-medium-classic\" alt=\"MATHEZ FREIGHT dans la presse\" title=\"MATHEZ FREIGHT dans la presse\" srcset=\"https:\/\/www.mathezfreight.com\/wp-content\/uploads\/photo-journal-depositphotos_326235320_L-375x250.jpg 375w, https:\/\/www.mathezfreight.com\/wp-content\/uploads\/photo-journal-depositphotos_326235320_L-274x183.jpg 274w\" sizes=\"(max-width: 375px) 100vw, 375px\" \/><\/a>\n\n                    \n                    \n                        <div class=\"lae-image-info\">\n\n                            <div class=\"lae-entry-info\">\n\n                                \n                                    <h3 class=\"lae-post-title\">\n\n                                        <a href=\"https:\/\/www.mathezfreight.com\/fr\/blog\/transport-art-prestige-france\/\" title=\"MATHEZ FREIGHT \u2013 l\u2019excellence fran\u00e7aise du transport d\u2019art et de prestige\"\n                                           rel=\"bookmark\">MATHEZ FREIGHT \u2013 l\u2019excellence fran\u00e7aise du transport d\u2019art et de prestige<\/a>\n\n                                    <\/h3>\n\n                                \n                                \n                                    <span class=\"lae-terms\"><a href=\"https:\/\/www.mathezfreight.com\/fr\/blog\/categorie\/presse\/\">Dans la presse<\/a><\/span>\n                                \n                            <\/div>\n\n                        <\/div><!-- .lae-image-info -->\n\n                    \n                <\/div>\n\n            \n            \n                <div class=\"lae-entry-text-wrap \">\n\n                    \n                        <h3 class=\"entry-title\">\n\n                            <a href=\"https:\/\/www.mathezfreight.com\/fr\/blog\/transport-art-prestige-france\/\" title=\"MATHEZ FREIGHT \u2013 l\u2019excellence fran\u00e7aise du transport d\u2019art et de prestige\"\n                               rel=\"bookmark\">MATHEZ FREIGHT \u2013 l\u2019excellence fran\u00e7aise du transport d\u2019art et de prestige<\/a>\n\n                        <\/h3>\n\n                    \n                    \n                    \n                    \n                <\/div>\n\n            \n        \n    <\/article><!-- .hentry -->\n\n<\/div><!-- .lae-posts-carousel-item --><\/div><!-- .lae-posts-carousel -->\t\t\t\t<\/div>\n\t\t\t\t<\/div>\n\t\t\t\t\t<\/div>\n\t\t<\/div>\n\t\t\t\t\t<\/div>\n\t\t<\/aside>\n\t\t\t\t<section class=\"elementor-section elementor-top-section elementor-element elementor-element-32a5676 elementor-section-boxed elementor-section-height-default elementor-section-height-default default-style\" data-id=\"32a5676\" data-element_type=\"section\" data-e-type=\"section\" data-settings=\"{&quot;rt_color_sets&quot;:&quot;default-style&quot;}\">\n\t\t\t\t\t\t<div class=\"elementor-container elementor-column-gap-default\">\n\t\t\t\t\t<div class=\"elementor-column elementor-col-100 elementor-top-column elementor-element elementor-element-2a9b72a\" data-id=\"2a9b72a\" data-element_type=\"column\" data-e-type=\"column\">\n\t\t\t<div class=\"elementor-widget-wrap\">\n\t\t\t\t\t\t\t<\/div>\n\t\t<\/div>\n\t\t\t\t\t<\/div>\n\t\t<\/section>\n\t\t\t\t<section class=\"elementor-section elementor-top-section elementor-element elementor-element-a0b9e04 elementor-section-boxed elementor-section-height-default elementor-section-height-default default-style\" data-id=\"a0b9e04\" data-element_type=\"section\" data-e-type=\"section\" data-settings=\"{&quot;rt_color_sets&quot;:&quot;default-style&quot;}\">\n\t\t\t\t\t\t<div class=\"elementor-container elementor-column-gap-default\">\n\t\t\t\t\t<div class=\"elementor-column elementor-col-100 elementor-top-column elementor-element elementor-element-1a2ec7a\" data-id=\"1a2ec7a\" data-element_type=\"column\" data-e-type=\"column\">\n\t\t\t<div class=\"elementor-widget-wrap\">\n\t\t\t\t\t\t\t<\/div>\n\t\t<\/div>\n\t\t\t\t\t<\/div>\n\t\t<\/section>\n\t\t\t\t<\/div>\n\t\t","protected":false},"excerpt":{"rendered":"<p>Nos sp\u00e9cialistes du transport de voitures ont accompagn\u00e9 le retour de cette Jeep aux Etats-Unis, 80 ans apr\u00e8s son d\u00e9barquement en Normandie! <\/p>\n","protected":false},"author":130,"featured_media":56054,"comment_status":"open","ping_status":"open","sticky":false,"template":"page-mti-a4.php","format":"standard","meta":{"iawp_total_views":16,"footnotes":""},"categories":[222],"tags":[],"cibles":[441,466,160,266],"class_list":["post-55984","post","type-post","status-publish","format-standard","has-post-thumbnail","hentry","category-operations","cibles-agences","cibles-agences-nord","cibles-maritime","cibles-voitures"],"yoast_head":"<!-- This site is optimized with the Yoast SEO Premium plugin v27.4 (Yoast SEO v27.4) - https:\/\/yoast.com\/product\/yoast-seo-premium-wordpress\/ -->\n<title>Jeep du d\u00e9barquement: De la Normandie \u00e0 l&#039;Am\u00e9rique, un voyage de 80 Ans - MATHEZ FREIGHT<\/title>\n<meta name=\"description\" content=\"Nos sp\u00e9cialistes du transport de voitures ont accompagn\u00e9 le retour de cette Jeep aux Etats-Unis, 80 ans apr\u00e8s son d\u00e9barquement en Normandie!\" \/>\n<meta name=\"robots\" content=\"index, follow, max-snippet:-1, max-image-preview:large, max-video-preview:-1\" \/>\n<link rel=\"canonical\" href=\"https:\/\/www.mathezfreight.com\/fr\/blog\/jeep-du-debarquement-de-la-normandie-a-lamerique-un-voyage-de-80-ans\/\" \/>\n<meta property=\"og:locale\" content=\"fr_FR\" \/>\n<meta property=\"og:type\" content=\"article\" \/>\n<meta property=\"og:title\" content=\"Jeep du d\u00e9barquement: De la Normandie \u00e0 l&#039;Am\u00e9rique, un voyage de 80 Ans\" \/>\n<meta property=\"og:description\" content=\"Nos sp\u00e9cialistes du transport de voitures ont accompagn\u00e9 le retour de cette Jeep aux Etats-Unis, 80 ans apr\u00e8s son d\u00e9barquement en Normandie!\" \/>\n<meta property=\"og:url\" content=\"https:\/\/www.mathezfreight.com\/fr\/blog\/jeep-du-debarquement-de-la-normandie-a-lamerique-un-voyage-de-80-ans\/\" \/>\n<meta property=\"og:site_name\" content=\"MATHEZ FREIGHT\" \/>\n<meta property=\"article:publisher\" content=\"https:\/\/www.facebook.com\/MathezFreight\/\" \/>\n<meta property=\"article:published_time\" content=\"2024-09-20T10:43:29+00:00\" \/>\n<meta property=\"article:modified_time\" content=\"2026-01-12T11:16:27+00:00\" \/>\n<meta property=\"og:image\" content=\"https:\/\/www.mathezfreight.com\/wp-content\/uploads\/photo-normandie-09.jpg\" \/>\n\t<meta property=\"og:image:width\" content=\"1220\" \/>\n\t<meta property=\"og:image:height\" content=\"624\" \/>\n\t<meta property=\"og:image:type\" content=\"image\/jpeg\" \/>\n<meta name=\"author\" content=\"Fr\u00e9d\u00e9ric Mercier\" \/>\n<meta name=\"twitter:card\" content=\"summary_large_image\" \/>\n<meta name=\"twitter:creator\" content=\"@DavidP\" \/>\n<meta name=\"twitter:site\" content=\"@MathezFreight\" \/>\n<meta name=\"twitter:label1\" content=\"\u00c9crit par\" \/>\n\t<meta name=\"twitter:data1\" content=\"Fr\u00e9d\u00e9ric Mercier\" \/>\n\t<meta name=\"twitter:label2\" content=\"Dur\u00e9e de lecture estim\u00e9e\" \/>\n\t<meta name=\"twitter:data2\" content=\"8 minutes\" \/>\n<script type=\"application\/ld+json\" class=\"yoast-schema-graph\">{\"@context\":\"https:\\\/\\\/schema.org\",\"@graph\":[{\"@type\":\"Article\",\"@id\":\"https:\\\/\\\/www.mathezfreight.com\\\/fr\\\/blog\\\/jeep-du-debarquement-de-la-normandie-a-lamerique-un-voyage-de-80-ans\\\/#article\",\"isPartOf\":{\"@id\":\"https:\\\/\\\/www.mathezfreight.com\\\/fr\\\/blog\\\/jeep-du-debarquement-de-la-normandie-a-lamerique-un-voyage-de-80-ans\\\/\"},\"author\":{\"name\":\"Fr\u00e9d\u00e9ric Mercier\",\"@id\":\"https:\\\/\\\/www.mathezfreight.com\\\/fr\\\/#\\\/schema\\\/person\\\/94914cc381c671e9a29be453a8211aab\"},\"headline\":\"Jeep du d\u00e9barquement: De la Normandie \u00e0 l&rsquo;Am\u00e9rique, un voyage de 80 Ans\",\"datePublished\":\"2024-09-20T10:43:29+00:00\",\"dateModified\":\"2026-01-12T11:16:27+00:00\",\"mainEntityOfPage\":{\"@id\":\"https:\\\/\\\/www.mathezfreight.com\\\/fr\\\/blog\\\/jeep-du-debarquement-de-la-normandie-a-lamerique-un-voyage-de-80-ans\\\/\"},\"wordCount\":354,\"commentCount\":0,\"publisher\":{\"@id\":\"https:\\\/\\\/www.mathezfreight.com\\\/fr\\\/#organization\"},\"image\":{\"@id\":\"https:\\\/\\\/www.mathezfreight.com\\\/fr\\\/blog\\\/jeep-du-debarquement-de-la-normandie-a-lamerique-un-voyage-de-80-ans\\\/#primaryimage\"},\"thumbnailUrl\":\"https:\\\/\\\/www.mathezfreight.com\\\/wp-content\\\/uploads\\\/photo-normandie-09.jpg\",\"articleSection\":[\"Op\u00e9rations\"],\"inLanguage\":\"fr-FR\",\"potentialAction\":[{\"@type\":\"CommentAction\",\"name\":\"Comment\",\"target\":[\"https:\\\/\\\/www.mathezfreight.com\\\/fr\\\/blog\\\/jeep-du-debarquement-de-la-normandie-a-lamerique-un-voyage-de-80-ans\\\/#respond\"]}]},{\"@type\":\"WebPage\",\"@id\":\"https:\\\/\\\/www.mathezfreight.com\\\/fr\\\/blog\\\/jeep-du-debarquement-de-la-normandie-a-lamerique-un-voyage-de-80-ans\\\/\",\"url\":\"https:\\\/\\\/www.mathezfreight.com\\\/fr\\\/blog\\\/jeep-du-debarquement-de-la-normandie-a-lamerique-un-voyage-de-80-ans\\\/\",\"name\":\"Jeep du d\u00e9barquement: De la Normandie \u00e0 l'Am\u00e9rique, un voyage de 80 Ans - MATHEZ FREIGHT\",\"isPartOf\":{\"@id\":\"https:\\\/\\\/www.mathezfreight.com\\\/fr\\\/#website\"},\"primaryImageOfPage\":{\"@id\":\"https:\\\/\\\/www.mathezfreight.com\\\/fr\\\/blog\\\/jeep-du-debarquement-de-la-normandie-a-lamerique-un-voyage-de-80-ans\\\/#primaryimage\"},\"image\":{\"@id\":\"https:\\\/\\\/www.mathezfreight.com\\\/fr\\\/blog\\\/jeep-du-debarquement-de-la-normandie-a-lamerique-un-voyage-de-80-ans\\\/#primaryimage\"},\"thumbnailUrl\":\"https:\\\/\\\/www.mathezfreight.com\\\/wp-content\\\/uploads\\\/photo-normandie-09.jpg\",\"datePublished\":\"2024-09-20T10:43:29+00:00\",\"dateModified\":\"2026-01-12T11:16:27+00:00\",\"description\":\"Nos sp\u00e9cialistes du transport de voitures ont accompagn\u00e9 le retour de cette Jeep aux Etats-Unis, 80 ans apr\u00e8s son d\u00e9barquement en Normandie!\",\"breadcrumb\":{\"@id\":\"https:\\\/\\\/www.mathezfreight.com\\\/fr\\\/blog\\\/jeep-du-debarquement-de-la-normandie-a-lamerique-un-voyage-de-80-ans\\\/#breadcrumb\"},\"inLanguage\":\"fr-FR\",\"potentialAction\":[{\"@type\":\"ReadAction\",\"target\":[\"https:\\\/\\\/www.mathezfreight.com\\\/fr\\\/blog\\\/jeep-du-debarquement-de-la-normandie-a-lamerique-un-voyage-de-80-ans\\\/\"]}]},{\"@type\":\"ImageObject\",\"inLanguage\":\"fr-FR\",\"@id\":\"https:\\\/\\\/www.mathezfreight.com\\\/fr\\\/blog\\\/jeep-du-debarquement-de-la-normandie-a-lamerique-un-voyage-de-80-ans\\\/#primaryimage\",\"url\":\"https:\\\/\\\/www.mathezfreight.com\\\/wp-content\\\/uploads\\\/photo-normandie-09.jpg\",\"contentUrl\":\"https:\\\/\\\/www.mathezfreight.com\\\/wp-content\\\/uploads\\\/photo-normandie-09.jpg\",\"width\":1220,\"height\":624,\"caption\":\"C\u00e9r\u00e9monie du D\u00e9barquement de Normandie - Youtube Epi du hameau\"},{\"@type\":\"BreadcrumbList\",\"@id\":\"https:\\\/\\\/www.mathezfreight.com\\\/fr\\\/blog\\\/jeep-du-debarquement-de-la-normandie-a-lamerique-un-voyage-de-80-ans\\\/#breadcrumb\",\"itemListElement\":[{\"@type\":\"ListItem\",\"position\":1,\"name\":\"Home\",\"item\":\"https:\\\/\\\/www.mathezfreight.com\\\/fr\\\/\"},{\"@type\":\"ListItem\",\"position\":2,\"name\":\"Op\u00e9rations\",\"item\":\"https:\\\/\\\/www.mathezfreight.com\\\/fr\\\/blog\\\/categorie\\\/operations\\\/\"},{\"@type\":\"ListItem\",\"position\":3,\"name\":\"Jeep du d\u00e9barquement: De la Normandie \u00e0 l&rsquo;Am\u00e9rique, un voyage de 80 Ans\"}]},{\"@type\":\"WebSite\",\"@id\":\"https:\\\/\\\/www.mathezfreight.com\\\/fr\\\/#website\",\"url\":\"https:\\\/\\\/www.mathezfreight.com\\\/fr\\\/\",\"name\":\"MATHEZ FREIGHT\",\"description\":\"Solutions transport sur mesure, suivies, efficaces\",\"publisher\":{\"@id\":\"https:\\\/\\\/www.mathezfreight.com\\\/fr\\\/#organization\"},\"alternateName\":\"MATHEZ TRANSPORTS INTERNATIONAUX\",\"potentialAction\":[{\"@type\":\"SearchAction\",\"target\":{\"@type\":\"EntryPoint\",\"urlTemplate\":\"https:\\\/\\\/www.mathezfreight.com\\\/fr\\\/?s={search_term_string}\"},\"query-input\":{\"@type\":\"PropertyValueSpecification\",\"valueRequired\":true,\"valueName\":\"search_term_string\"}}],\"inLanguage\":\"fr-FR\"},{\"@type\":\"Organization\",\"@id\":\"https:\\\/\\\/www.mathezfreight.com\\\/fr\\\/#organization\",\"name\":\"MATHEZ FREIGHT\",\"alternateName\":\"MATHEZ TRANSPORTS INTERNATIONAUX\",\"url\":\"https:\\\/\\\/www.mathezfreight.com\\\/fr\\\/\",\"logo\":{\"@type\":\"ImageObject\",\"inLanguage\":\"fr-FR\",\"@id\":\"https:\\\/\\\/www.mathezfreight.com\\\/fr\\\/#\\\/schema\\\/logo\\\/image\\\/\",\"url\":\"https:\\\/\\\/www.mathezfreight.com\\\/wp-content\\\/uploads\\\/logo-mathez-freight-400pxw.png\",\"contentUrl\":\"https:\\\/\\\/www.mathezfreight.com\\\/wp-content\\\/uploads\\\/logo-mathez-freight-400pxw.png\",\"width\":400,\"height\":136,\"caption\":\"MATHEZ FREIGHT\"},\"image\":{\"@id\":\"https:\\\/\\\/www.mathezfreight.com\\\/fr\\\/#\\\/schema\\\/logo\\\/image\\\/\"},\"sameAs\":[\"https:\\\/\\\/www.facebook.com\\\/MathezFreight\\\/\",\"https:\\\/\\\/x.com\\\/MathezFreight\",\"https:\\\/\\\/www.linkedin.com\\\/company\\\/mathezfreight\\\/\"],\"description\":\"Transitaire fran\u00e7ais, organisateur de transport international: fret a\u00e9rien, fret maritime, commissionnaire en douane agr\u00e9\u00e9 OEA-Full. 17 agences en France sur tous les principaux ports et a\u00e9roports.\",\"email\":\"web@mathezfreight.com\",\"telephone\":\"+33.497257825\",\"legalName\":\"MATHEZ TRANSPORTS INTERNATIONAUX\",\"foundingDate\":\"1950-01-01\",\"numberOfEmployees\":{\"@type\":\"QuantitativeValue\",\"minValue\":\"51\",\"maxValue\":\"200\"}},{\"@type\":\"Person\",\"@id\":\"https:\\\/\\\/www.mathezfreight.com\\\/fr\\\/#\\\/schema\\\/person\\\/94914cc381c671e9a29be453a8211aab\",\"name\":\"Fr\u00e9d\u00e9ric Mercier\",\"sameAs\":[\"https:\\\/\\\/x.com\\\/DavidP\"]}]}<\/script>\n<!-- \/ Yoast SEO Premium plugin. -->","yoast_head_json":{"title":"Jeep du d\u00e9barquement: De la Normandie \u00e0 l'Am\u00e9rique, un voyage de 80 Ans - MATHEZ FREIGHT","description":"Nos sp\u00e9cialistes du transport de voitures ont accompagn\u00e9 le retour de cette Jeep aux Etats-Unis, 80 ans apr\u00e8s son d\u00e9barquement en Normandie!","robots":{"index":"index","follow":"follow","max-snippet":"max-snippet:-1","max-image-preview":"max-image-preview:large","max-video-preview":"max-video-preview:-1"},"canonical":"https:\/\/www.mathezfreight.com\/fr\/blog\/jeep-du-debarquement-de-la-normandie-a-lamerique-un-voyage-de-80-ans\/","og_locale":"fr_FR","og_type":"article","og_title":"Jeep du d\u00e9barquement: De la Normandie \u00e0 l'Am\u00e9rique, un voyage de 80 Ans","og_description":"Nos sp\u00e9cialistes du transport de voitures ont accompagn\u00e9 le retour de cette Jeep aux Etats-Unis, 80 ans apr\u00e8s son d\u00e9barquement en Normandie!","og_url":"https:\/\/www.mathezfreight.com\/fr\/blog\/jeep-du-debarquement-de-la-normandie-a-lamerique-un-voyage-de-80-ans\/","og_site_name":"MATHEZ FREIGHT","article_publisher":"https:\/\/www.facebook.com\/MathezFreight\/","article_published_time":"2024-09-20T10:43:29+00:00","article_modified_time":"2026-01-12T11:16:27+00:00","og_image":[{"width":1220,"height":624,"url":"https:\/\/www.mathezfreight.com\/wp-content\/uploads\/photo-normandie-09.jpg","type":"image\/jpeg"}],"author":"Fr\u00e9d\u00e9ric Mercier","twitter_card":"summary_large_image","twitter_creator":"@DavidP","twitter_site":"@MathezFreight","twitter_misc":{"\u00c9crit par":"Fr\u00e9d\u00e9ric Mercier","Dur\u00e9e de lecture estim\u00e9e":"8 minutes"},"schema":{"@context":"https:\/\/schema.org","@graph":[{"@type":"Article","@id":"https:\/\/www.mathezfreight.com\/fr\/blog\/jeep-du-debarquement-de-la-normandie-a-lamerique-un-voyage-de-80-ans\/#article","isPartOf":{"@id":"https:\/\/www.mathezfreight.com\/fr\/blog\/jeep-du-debarquement-de-la-normandie-a-lamerique-un-voyage-de-80-ans\/"},"author":{"name":"Fr\u00e9d\u00e9ric Mercier","@id":"https:\/\/www.mathezfreight.com\/fr\/#\/schema\/person\/94914cc381c671e9a29be453a8211aab"},"headline":"Jeep du d\u00e9barquement: De la Normandie \u00e0 l&rsquo;Am\u00e9rique, un voyage de 80 Ans","datePublished":"2024-09-20T10:43:29+00:00","dateModified":"2026-01-12T11:16:27+00:00","mainEntityOfPage":{"@id":"https:\/\/www.mathezfreight.com\/fr\/blog\/jeep-du-debarquement-de-la-normandie-a-lamerique-un-voyage-de-80-ans\/"},"wordCount":354,"commentCount":0,"publisher":{"@id":"https:\/\/www.mathezfreight.com\/fr\/#organization"},"image":{"@id":"https:\/\/www.mathezfreight.com\/fr\/blog\/jeep-du-debarquement-de-la-normandie-a-lamerique-un-voyage-de-80-ans\/#primaryimage"},"thumbnailUrl":"https:\/\/www.mathezfreight.com\/wp-content\/uploads\/photo-normandie-09.jpg","articleSection":["Op\u00e9rations"],"inLanguage":"fr-FR","potentialAction":[{"@type":"CommentAction","name":"Comment","target":["https:\/\/www.mathezfreight.com\/fr\/blog\/jeep-du-debarquement-de-la-normandie-a-lamerique-un-voyage-de-80-ans\/#respond"]}]},{"@type":"WebPage","@id":"https:\/\/www.mathezfreight.com\/fr\/blog\/jeep-du-debarquement-de-la-normandie-a-lamerique-un-voyage-de-80-ans\/","url":"https:\/\/www.mathezfreight.com\/fr\/blog\/jeep-du-debarquement-de-la-normandie-a-lamerique-un-voyage-de-80-ans\/","name":"Jeep du d\u00e9barquement: De la Normandie \u00e0 l'Am\u00e9rique, un voyage de 80 Ans - MATHEZ FREIGHT","isPartOf":{"@id":"https:\/\/www.mathezfreight.com\/fr\/#website"},"primaryImageOfPage":{"@id":"https:\/\/www.mathezfreight.com\/fr\/blog\/jeep-du-debarquement-de-la-normandie-a-lamerique-un-voyage-de-80-ans\/#primaryimage"},"image":{"@id":"https:\/\/www.mathezfreight.com\/fr\/blog\/jeep-du-debarquement-de-la-normandie-a-lamerique-un-voyage-de-80-ans\/#primaryimage"},"thumbnailUrl":"https:\/\/www.mathezfreight.com\/wp-content\/uploads\/photo-normandie-09.jpg","datePublished":"2024-09-20T10:43:29+00:00","dateModified":"2026-01-12T11:16:27+00:00","description":"Nos sp\u00e9cialistes du transport de voitures ont accompagn\u00e9 le retour de cette Jeep aux Etats-Unis, 80 ans apr\u00e8s son d\u00e9barquement en Normandie!","breadcrumb":{"@id":"https:\/\/www.mathezfreight.com\/fr\/blog\/jeep-du-debarquement-de-la-normandie-a-lamerique-un-voyage-de-80-ans\/#breadcrumb"},"inLanguage":"fr-FR","potentialAction":[{"@type":"ReadAction","target":["https:\/\/www.mathezfreight.com\/fr\/blog\/jeep-du-debarquement-de-la-normandie-a-lamerique-un-voyage-de-80-ans\/"]}]},{"@type":"ImageObject","inLanguage":"fr-FR","@id":"https:\/\/www.mathezfreight.com\/fr\/blog\/jeep-du-debarquement-de-la-normandie-a-lamerique-un-voyage-de-80-ans\/#primaryimage","url":"https:\/\/www.mathezfreight.com\/wp-content\/uploads\/photo-normandie-09.jpg","contentUrl":"https:\/\/www.mathezfreight.com\/wp-content\/uploads\/photo-normandie-09.jpg","width":1220,"height":624,"caption":"C\u00e9r\u00e9monie du D\u00e9barquement de Normandie - Youtube Epi du hameau"},{"@type":"BreadcrumbList","@id":"https:\/\/www.mathezfreight.com\/fr\/blog\/jeep-du-debarquement-de-la-normandie-a-lamerique-un-voyage-de-80-ans\/#breadcrumb","itemListElement":[{"@type":"ListItem","position":1,"name":"Home","item":"https:\/\/www.mathezfreight.com\/fr\/"},{"@type":"ListItem","position":2,"name":"Op\u00e9rations","item":"https:\/\/www.mathezfreight.com\/fr\/blog\/categorie\/operations\/"},{"@type":"ListItem","position":3,"name":"Jeep du d\u00e9barquement: De la Normandie \u00e0 l&rsquo;Am\u00e9rique, un voyage de 80 Ans"}]},{"@type":"WebSite","@id":"https:\/\/www.mathezfreight.com\/fr\/#website","url":"https:\/\/www.mathezfreight.com\/fr\/","name":"MATHEZ FREIGHT","description":"Solutions transport sur mesure, suivies, efficaces","publisher":{"@id":"https:\/\/www.mathezfreight.com\/fr\/#organization"},"alternateName":"MATHEZ TRANSPORTS INTERNATIONAUX","potentialAction":[{"@type":"SearchAction","target":{"@type":"EntryPoint","urlTemplate":"https:\/\/www.mathezfreight.com\/fr\/?s={search_term_string}"},"query-input":{"@type":"PropertyValueSpecification","valueRequired":true,"valueName":"search_term_string"}}],"inLanguage":"fr-FR"},{"@type":"Organization","@id":"https:\/\/www.mathezfreight.com\/fr\/#organization","name":"MATHEZ FREIGHT","alternateName":"MATHEZ TRANSPORTS INTERNATIONAUX","url":"https:\/\/www.mathezfreight.com\/fr\/","logo":{"@type":"ImageObject","inLanguage":"fr-FR","@id":"https:\/\/www.mathezfreight.com\/fr\/#\/schema\/logo\/image\/","url":"https:\/\/www.mathezfreight.com\/wp-content\/uploads\/logo-mathez-freight-400pxw.png","contentUrl":"https:\/\/www.mathezfreight.com\/wp-content\/uploads\/logo-mathez-freight-400pxw.png","width":400,"height":136,"caption":"MATHEZ FREIGHT"},"image":{"@id":"https:\/\/www.mathezfreight.com\/fr\/#\/schema\/logo\/image\/"},"sameAs":["https:\/\/www.facebook.com\/MathezFreight\/","https:\/\/x.com\/MathezFreight","https:\/\/www.linkedin.com\/company\/mathezfreight\/"],"description":"Transitaire fran\u00e7ais, organisateur de transport international: fret a\u00e9rien, fret maritime, commissionnaire en douane agr\u00e9\u00e9 OEA-Full. 17 agences en France sur tous les principaux ports et a\u00e9roports.","email":"web@mathezfreight.com","telephone":"+33.497257825","legalName":"MATHEZ TRANSPORTS INTERNATIONAUX","foundingDate":"1950-01-01","numberOfEmployees":{"@type":"QuantitativeValue","minValue":"51","maxValue":"200"}},{"@type":"Person","@id":"https:\/\/www.mathezfreight.com\/fr\/#\/schema\/person\/94914cc381c671e9a29be453a8211aab","name":"Fr\u00e9d\u00e9ric Mercier","sameAs":["https:\/\/x.com\/DavidP"]}]}},"_links":{"self":[{"href":"https:\/\/www.mathezfreight.com\/fr\/wp-json\/wp\/v2\/posts\/55984","targetHints":{"allow":["GET"]}}],"collection":[{"href":"https:\/\/www.mathezfreight.com\/fr\/wp-json\/wp\/v2\/posts"}],"about":[{"href":"https:\/\/www.mathezfreight.com\/fr\/wp-json\/wp\/v2\/types\/post"}],"author":[{"embeddable":true,"href":"https:\/\/www.mathezfreight.com\/fr\/wp-json\/wp\/v2\/users\/130"}],"replies":[{"embeddable":true,"href":"https:\/\/www.mathezfreight.com\/fr\/wp-json\/wp\/v2\/comments?post=55984"}],"version-history":[{"count":0,"href":"https:\/\/www.mathezfreight.com\/fr\/wp-json\/wp\/v2\/posts\/55984\/revisions"}],"wp:featuredmedia":[{"embeddable":true,"href":"https:\/\/www.mathezfreight.com\/fr\/wp-json\/wp\/v2\/media\/56054"}],"wp:attachment":[{"href":"https:\/\/www.mathezfreight.com\/fr\/wp-json\/wp\/v2\/media?parent=55984"}],"wp:term":[{"taxonomy":"category","embeddable":true,"href":"https:\/\/www.mathezfreight.com\/fr\/wp-json\/wp\/v2\/categories?post=55984"},{"taxonomy":"post_tag","embeddable":true,"href":"https:\/\/www.mathezfreight.com\/fr\/wp-json\/wp\/v2\/tags?post=55984"},{"taxonomy":"cibles","embeddable":true,"href":"https:\/\/www.mathezfreight.com\/fr\/wp-json\/wp\/v2\/cibles?post=55984"}],"curies":[{"name":"wp","href":"https:\/\/api.w.org\/{rel}","templated":true}]}}