{"id":55404,"date":"2025-04-23T14:35:20","date_gmt":"2025-04-23T14:35:20","guid":{"rendered":"https:\/\/www.mathezfreight.com\/?p=55404"},"modified":"2026-02-24T16:57:57","modified_gmt":"2026-02-24T16:57:57","slug":"derriere-2-gazelles-sur-le-rallye-aicha-au-maroc","status":"publish","type":"post","link":"https:\/\/www.mathezfreight.com\/fr\/blog\/derriere-2-gazelles-sur-le-rallye-aicha-au-maroc\/","title":{"rendered":"Derri\u00e8re 2 gazelles sur le Rallye A\u00efcha au Maroc"},"content":{"rendered":"\t\t<div data-elementor-type=\"wp-post\" data-elementor-id=\"55404\" class=\"elementor elementor-55404\" data-elementor-post-type=\"post\">\n\t\t\t\t\t\t<div class=\"elementor-section elementor-top-section elementor-element elementor-element-25ac58f elementor-section-stretched elementor-section-full_width mti-page-header bg-articles elementor-section-height-default elementor-section-height-default default-style elementor-invisible\" data-id=\"25ac58f\" data-element_type=\"section\" data-e-type=\"section\" id=\"mti-page-header\" data-settings=\"{&quot;stretch_section&quot;:&quot;section-stretched&quot;,&quot;animation&quot;:&quot;fadeIn&quot;,&quot;rt_color_sets&quot;:&quot;default-style&quot;}\">\n\t\t\t\t\t\t<div class=\"elementor-container elementor-column-gap-no\">\n\t\t\t\t\t<div class=\"elementor-column elementor-col-100 elementor-top-column elementor-element elementor-element-c3af877\" data-id=\"c3af877\" data-element_type=\"column\" data-e-type=\"column\">\n\t\t\t<div class=\"elementor-widget-wrap elementor-element-populated\">\n\t\t\t\t\t\t<div class=\"elementor-element elementor-element-354bdad elementor-widget elementor-widget-theme-post-featured-image elementor-widget-image\" data-id=\"354bdad\" data-element_type=\"widget\" data-e-type=\"widget\" data-widget_type=\"theme-post-featured-image.default\">\n\t\t\t\t<div class=\"elementor-widget-container\">\n\t\t\t\t\t\t\t\t\t\t\t\t\t\t\t<img decoding=\"async\" width=\"1220\" height=\"406\" src=\"https:\/\/www.mathezfreight.com\/wp-content\/uploads\/photo-gazelles-desert.png\" class=\"attachment-mti-flat-banner size-mti-flat-banner wp-image-55412\" alt=\"2 gazelles dans le d\u00e9sert avec MATHEZ FREIGHT\" srcset=\"https:\/\/www.mathezfreight.com\/wp-content\/uploads\/photo-gazelles-desert.png 1220w, https:\/\/www.mathezfreight.com\/wp-content\/uploads\/photo-gazelles-desert-600x200.png 600w, https:\/\/www.mathezfreight.com\/wp-content\/uploads\/photo-gazelles-desert-1100x366.png 1100w, https:\/\/www.mathezfreight.com\/wp-content\/uploads\/photo-gazelles-desert-768x256.png 768w, https:\/\/www.mathezfreight.com\/wp-content\/uploads\/photo-gazelles-desert-25x8.png 25w, https:\/\/www.mathezfreight.com\/wp-content\/uploads\/photo-gazelles-desert-68x23.png 68w, https:\/\/www.mathezfreight.com\/wp-content\/uploads\/photo-gazelles-desert-900x300.png 900w\" sizes=\"(max-width: 1220px) 100vw, 1220px\" \/>\t\t\t\t\t\t\t\t\t\t\t\t\t\t\t<\/div>\n\t\t\t\t<\/div>\n\t\t\t\t\t<\/div>\n\t\t<\/div>\n\t\t\t\t\t<\/div>\n\t\t<\/div>\n\t\t\t\t<div class=\"elementor-section elementor-top-section elementor-element elementor-element-e862999 mti-page-excerpt excerpt-onleft highlight-articles elementor-section-boxed elementor-section-height-default elementor-section-height-default default-style elementor-invisible\" data-id=\"e862999\" data-element_type=\"section\" data-e-type=\"section\" id=\"mti-page-excerpt\" data-settings=\"{&quot;animation&quot;:&quot;fadeInUp&quot;,&quot;rt_color_sets&quot;:&quot;default-style&quot;}\">\n\t\t\t\t\t\t<div class=\"elementor-container elementor-column-gap-default\">\n\t\t\t\t\t<div class=\"elementor-column elementor-col-100 elementor-top-column elementor-element elementor-element-64290da default-style\" data-id=\"64290da\" data-element_type=\"column\" data-e-type=\"column\" data-settings=\"{&quot;background_background&quot;:&quot;classic&quot;}\">\n\t\t\t<div class=\"elementor-widget-wrap elementor-element-populated\">\n\t\t\t\t\t\t<div class=\"elementor-element elementor-element-13239bc elementor-align-left mti-blog-suptitle elementor-widget elementor-widget-post-info\" data-id=\"13239bc\" data-element_type=\"widget\" data-e-type=\"widget\" data-widget_type=\"post-info.default\">\n\t\t\t\t<div class=\"elementor-widget-container\">\n\t\t\t\t\t\t\t<ul class=\"elementor-inline-items elementor-icon-list-items elementor-post-info\">\n\t\t\t\t\t\t\t\t<li class=\"elementor-icon-list-item elementor-repeater-item-9687d75 elementor-inline-item\" itemprop=\"about\">\n\t\t\t\t\t\t\t\t\t\t\t\t\t<span class=\"elementor-icon-list-text elementor-post-info__item elementor-post-info__item--type-terms\">\n\t\t\t\t\t\t\t\t\t\t<span class=\"elementor-post-info__terms-list\">\n\t\t\t\t<a href=\"https:\/\/www.mathezfreight.com\/fr\/blog\/categorie\/corporate\/\" class=\"elementor-post-info__terms-list-item\">Corporate<\/a>\t\t\t\t<\/span>\n\t\t\t\t\t<\/span>\n\t\t\t\t\t\t\t\t<\/li>\n\t\t\t\t<\/ul>\n\t\t\t\t\t\t<\/div>\n\t\t\t\t<\/div>\n\t\t\t\t<div class=\"elementor-element elementor-element-cdda569 elementor-widget elementor-widget-theme-post-title elementor-page-title elementor-widget-heading\" data-id=\"cdda569\" data-element_type=\"widget\" data-e-type=\"widget\" data-widget_type=\"theme-post-title.default\">\n\t\t\t\t<div class=\"elementor-widget-container\">\n\t\t\t\t\t<h1 class=\"elementor-heading-title elementor-size-default\">Derri\u00e8re 2 gazelles sur le Rallye A\u00efcha au Maroc<\/h1>\t\t\t\t<\/div>\n\t\t\t\t<\/div>\n\t\t\t\t<div class=\"elementor-element elementor-element-efdd550 elementor-widget elementor-widget-theme-post-excerpt\" data-id=\"efdd550\" data-element_type=\"widget\" data-e-type=\"widget\" data-widget_type=\"theme-post-excerpt.default\">\n\t\t\t\t<div class=\"elementor-widget-container\">\n\t\t\t\t\tMATHEZ FREIGHT soutient deux Gazelles dans le d\u00e9sert, \u00e0 l'assaut du Rallye A\u00efcha des Gazelles du Maroc. \t\t\t\t<\/div>\n\t\t\t\t<\/div>\n\t\t\t\t<div class=\"elementor-element elementor-element-b5deb30 elementor-align-right mti-blog-tags elementor-widget elementor-widget-post-info\" data-id=\"b5deb30\" data-element_type=\"widget\" data-e-type=\"widget\" data-widget_type=\"post-info.default\">\n\t\t\t\t<div class=\"elementor-widget-container\">\n\t\t\t\t\t\t\t<ul class=\"elementor-inline-items elementor-icon-list-items elementor-post-info\">\n\t\t\t\t\t\t\t\t<li class=\"elementor-icon-list-item elementor-repeater-item-7910e98 elementor-inline-item\" itemprop=\"datePublished\">\n\t\t\t\t\t\t\t\t\t\t<span class=\"elementor-icon-list-icon\">\n\t\t\t\t\t\t\t\t<i aria-hidden=\"true\" class=\"fas fa-calendar\"><\/i>\t\t\t\t\t\t\t<\/span>\n\t\t\t\t\t\t\t\t\t<span class=\"elementor-icon-list-text elementor-post-info__item elementor-post-info__item--type-date\">\n\t\t\t\t\t\t\t\t\t\t<time>23 avril 2025<\/time>\t\t\t\t\t<\/span>\n\t\t\t\t\t\t\t\t<\/li>\n\t\t\t\t<li class=\"elementor-icon-list-item elementor-repeater-item-4e9c5fd elementor-inline-item\" itemprop=\"author\">\n\t\t\t\t\t\t\t\t\t\t<span class=\"elementor-icon-list-icon\">\n\t\t\t\t\t\t\t\t<i aria-hidden=\"true\" class=\"far fa-user-circle\"><\/i>\t\t\t\t\t\t\t<\/span>\n\t\t\t\t\t\t\t\t\t<span class=\"elementor-icon-list-text elementor-post-info__item elementor-post-info__item--type-author\">\n\t\t\t\t\t\t\t\t\t\tFr\u00e9d\u00e9ric Mercier\t\t\t\t\t<\/span>\n\t\t\t\t\t\t\t\t<\/li>\n\t\t\t\t<\/ul>\n\t\t\t\t\t\t<\/div>\n\t\t\t\t<\/div>\n\t\t\t\t\t<\/div>\n\t\t<\/div>\n\t\t\t\t\t<\/div>\n\t\t<\/div>\n\t\t\t\t<aside class=\"elementor-section elementor-top-section elementor-element elementor-element-da74b28 elementor-hidden-tablet elementor-hidden-phone mti-social-bar up elementor-section-boxed elementor-section-height-default elementor-section-height-default elementor-invisible\" data-id=\"da74b28\" data-element_type=\"section\" data-e-type=\"section\" data-settings=\"{&quot;animation&quot;:&quot;fadeInLeft&quot;}\">\n\t\t\t\t\t\t<div class=\"elementor-container elementor-column-gap-default\">\n\t\t\t\t\t<div class=\"elementor-column elementor-col-100 elementor-top-column elementor-element elementor-element-ba21d28\" data-id=\"ba21d28\" data-element_type=\"column\" data-e-type=\"column\">\n\t\t\t<div class=\"elementor-widget-wrap elementor-element-populated\">\n\t\t\t\t\t\t<div class=\"elementor-element elementor-element-318d352 elementor-share-buttons--view-icon elementor-share-buttons--skin-flat mti-social-bar-job elementor-share-buttons--shape-square elementor-grid-0 elementor-share-buttons--color-official elementor-invisible elementor-widget elementor-widget-global elementor-global-17249 elementor-widget-share-buttons\" data-id=\"318d352\" data-element_type=\"widget\" data-e-type=\"widget\" data-settings=\"{&quot;_animation&quot;:&quot;fadeInLeft&quot;}\" data-widget_type=\"share-buttons.default\">\n\t\t\t\t<div class=\"elementor-widget-container\">\n\t\t\t\t\t\t\t<div class=\"elementor-grid\" role=\"list\">\n\t\t\t\t\t\t\t\t<div class=\"elementor-grid-item\" role=\"listitem\">\n\t\t\t\t\t\t<div class=\"elementor-share-btn elementor-share-btn_email\" role=\"button\" tabindex=\"0\" aria-label=\"Partager sur email\">\n\t\t\t\t\t\t\t\t\t\t\t\t\t\t\t<span class=\"elementor-share-btn__icon\">\n\t\t\t\t\t\t\t\t<i class=\"fas fa-envelope\" aria-hidden=\"true\"><\/i>\t\t\t\t\t\t\t<\/span>\n\t\t\t\t\t\t\t\t\t\t\t\t\t\t\t\t\t\t\t\t<\/div>\n\t\t\t\t\t<\/div>\n\t\t\t\t\t\t\t\t\t<div class=\"elementor-grid-item\" role=\"listitem\">\n\t\t\t\t\t\t<div class=\"elementor-share-btn elementor-share-btn_linkedin\" role=\"button\" tabindex=\"0\" aria-label=\"Partager sur linkedin\">\n\t\t\t\t\t\t\t\t\t\t\t\t\t\t\t<span class=\"elementor-share-btn__icon\">\n\t\t\t\t\t\t\t\t<i class=\"fab fa-linkedin\" aria-hidden=\"true\"><\/i>\t\t\t\t\t\t\t<\/span>\n\t\t\t\t\t\t\t\t\t\t\t\t\t\t\t\t\t\t\t\t<\/div>\n\t\t\t\t\t<\/div>\n\t\t\t\t\t\t\t\t\t<div class=\"elementor-grid-item\" role=\"listitem\">\n\t\t\t\t\t\t<div class=\"elementor-share-btn elementor-share-btn_twitter\" role=\"button\" tabindex=\"0\" aria-label=\"Partager sur twitter\">\n\t\t\t\t\t\t\t\t\t\t\t\t\t\t\t<span class=\"elementor-share-btn__icon\">\n\t\t\t\t\t\t\t\t<i class=\"fab fa-twitter\" aria-hidden=\"true\"><\/i>\t\t\t\t\t\t\t<\/span>\n\t\t\t\t\t\t\t\t\t\t\t\t\t\t\t\t\t\t\t\t<\/div>\n\t\t\t\t\t<\/div>\n\t\t\t\t\t\t\t\t\t<div class=\"elementor-grid-item\" role=\"listitem\">\n\t\t\t\t\t\t<div class=\"elementor-share-btn elementor-share-btn_facebook\" role=\"button\" tabindex=\"0\" aria-label=\"Partager sur facebook\">\n\t\t\t\t\t\t\t\t\t\t\t\t\t\t\t<span class=\"elementor-share-btn__icon\">\n\t\t\t\t\t\t\t\t<i class=\"fab fa-facebook\" aria-hidden=\"true\"><\/i>\t\t\t\t\t\t\t<\/span>\n\t\t\t\t\t\t\t\t\t\t\t\t\t\t\t\t\t\t\t\t<\/div>\n\t\t\t\t\t<\/div>\n\t\t\t\t\t\t\t\t\t<div class=\"elementor-grid-item\" role=\"listitem\">\n\t\t\t\t\t\t<div class=\"elementor-share-btn elementor-share-btn_print\" role=\"button\" tabindex=\"0\" aria-label=\"Partager sur print\">\n\t\t\t\t\t\t\t\t\t\t\t\t\t\t\t<span class=\"elementor-share-btn__icon\">\n\t\t\t\t\t\t\t\t<i class=\"fas fa-print\" aria-hidden=\"true\"><\/i>\t\t\t\t\t\t\t<\/span>\n\t\t\t\t\t\t\t\t\t\t\t\t\t\t\t\t\t\t\t\t<\/div>\n\t\t\t\t\t<\/div>\n\t\t\t\t\t\t<\/div>\n\t\t\t\t\t\t<\/div>\n\t\t\t\t<\/div>\n\t\t\t\t\t<\/div>\n\t\t<\/div>\n\t\t\t\t\t<\/div>\n\t\t<\/aside>\n\t\t\t\t<div class=\"elementor-section elementor-top-section elementor-element elementor-element-1be72cc mti-article-body elementor-section-boxed elementor-section-height-default elementor-section-height-default default-style\" data-id=\"1be72cc\" data-element_type=\"section\" data-e-type=\"section\" id=\"mti-article-body\" data-settings=\"{&quot;rt_color_sets&quot;:&quot;default-style&quot;}\">\n\t\t\t\t\t\t<div class=\"elementor-container elementor-column-gap-default\">\n\t\t\t\t\t<div class=\"elementor-column elementor-col-100 elementor-top-column elementor-element elementor-element-1f5697b mti-article-body\" data-id=\"1f5697b\" data-element_type=\"column\" data-e-type=\"column\" id=\"mti-article-body\">\n\t\t\t<div class=\"elementor-widget-wrap elementor-element-populated\">\n\t\t\t\t\t\t<div class=\"elementor-element elementor-element-aeb3097 mti-text elementor-widget elementor-widget-text-editor\" data-id=\"aeb3097\" data-element_type=\"widget\" data-e-type=\"widget\" data-widget_type=\"text-editor.default\">\n\t\t\t\t<div class=\"elementor-widget-container\">\n\t\t\t\t\t\t\t\t\t<h2>Les gazelles, kezako?<\/h2><p>Le <b>Rallye A\u00efcha des Gazelles du Maroc<\/b> est une aventure humaine\u00a0 qui rassemble des femmes du monde entier dans le Sahara marocain. Il donne une autre vision de la comp\u00e9tition automobile \u00e0 travers un <b>\u00e9co-concept<\/b> original cr\u00e9\u00e9 en 1990 : pas de vitesse, pas de GPS mais une navigation \u00e0 l\u2019ancienne en hors-piste! Pour le gagner, les participantes, que l\u2019on appelle les \u00ab Gazelles \u00bb,\u00a0\u00a0doivent chaque jour rallier un maximum de balises en parcourant le moins de kilom\u00e8tres possible.m<\/p>\t\t\t\t\t\t\t\t<\/div>\n\t\t\t\t<\/div>\n\t\t\t\t<div class=\"elementor-element elementor-element-d1a2bac elementor-widget elementor-widget-html\" data-id=\"d1a2bac\" data-element_type=\"widget\" data-e-type=\"widget\" data-widget_type=\"html.default\">\n\t\t\t\t<div class=\"elementor-widget-container\">\n\t\t\t\t\t<script src=\"https:\/\/static.elfsight.com\/platform\/platform.js\" async><\/script>\r\n<div class=\"elfsight-app-f2950f7c-e686-4e87-8a37-61b575de1bb2\" data-elfsight-app-lazy><\/div>\t\t\t\t<\/div>\n\t\t\t\t<\/div>\n\t\t\t\t<div class=\"elementor-element elementor-element-e03d632 mti-text elementor-widget elementor-widget-text-editor\" data-id=\"e03d632\" data-element_type=\"widget\" data-e-type=\"widget\" data-widget_type=\"text-editor.default\">\n\t\t\t\t<div class=\"elementor-widget-container\">\n\t\t\t\t\t\t\t\t\t<blockquote><p><span style=\"color: #009f98;\"><strong>Le Rallye des Gazelles est le seul rallye-raid au Monde certifi\u00e9 par la norme environnementale ISO 14001 et s\u2019inscrit, toute l\u2019ann\u00e9e, dans un programme RSE ax\u00e9 sur l\u2019<em>empowerment<\/em> des femmes et le respect des pays travers\u00e9s.<\/strong><\/span><\/p><\/blockquote><h2>MATHEZ FREIGHT derri\u00e8re les Gazelles<\/h2><p>En 2018, celle qui n&rsquo;\u00e9tait alors que notre Directrice Financi\u00e8re <strong>Marion SABATIER<\/strong>\u00a0s&rsquo;\u00e9tait \u00e9lanc\u00e9e sur le Rallye des Gazelles, dans sa version &lsquo;<b>Trek&rsquo;in Gazelles<\/b>\u00a0\u00bb (\u00e0 pied). Une aventure inoubliable qui en a mis plein les yeux.<\/p><p>En 2024,\u00a0 l&rsquo;agence MATHEZ FREIGHT de CDG a choisi de supporter <b>deux autres femmes extraordinaires<\/b> sur le Rallye 4&#215;4:\u00a0\u00a0<a href=\"https:\/\/live2025.rallyeaichadesgazelles.com\/equipages\/team-125\/\" target=\"_blank\" rel=\"noopener\"><b>C\u00e9line et Julie<\/b><\/a>\u00a0sont <i>2 Gazelles sur le Pont<\/i>.\u00a0<span style=\"color: var( --e-global-color-text );\">Entre\u00a0d\u00e9passement de soi, challenge f\u00e9minin, solidarit\u00e9, engagement et une bonne dose d\u2019audace et de d\u00e9termination, elles prendront part \u00e0 cet \u00e9v\u00e9nement sportif f\u00e9d\u00e9rateur sous le num\u00e9ro d\u2019\u00e9quipage 125. D\u00e9part le 11 avril!<\/span><\/p>\t\t\t\t\t\t\t\t<\/div>\n\t\t\t\t<\/div>\n\t\t\t\t<div class=\"elementor-element elementor-element-3ba6a07 elementor-widget elementor-widget-image-gallery\" data-id=\"3ba6a07\" data-element_type=\"widget\" data-e-type=\"widget\" data-widget_type=\"image-gallery.default\">\n\t\t\t\t<div class=\"elementor-widget-container\">\n\t\t\t\t\t\t\t<div class=\"elementor-image-gallery\">\n\t\t\t\n\t\t<style type=\"text\/css\">\n\t\t\t#gallery-1 {\n\t\t\t\tmargin: auto;\n\t\t\t}\n\t\t\t#gallery-1 .gallery-item {\n\t\t\t\tfloat: left;\n\t\t\t\tmargin-top: 10px;\n\t\t\t\ttext-align: center;\n\t\t\t\twidth: 25%;\n\t\t\t}\n\t\t\t#gallery-1 img {\n\t\t\t\tborder: 2px solid #cfcfcf;\n\t\t\t}\n\t\t\t#gallery-1 .gallery-caption {\n\t\t\t\tmargin-left: 0;\n\t\t\t}\n\t\t\t\/* see gallery_shortcode() in wp-includes\/media.php *\/\n\t\t<\/style>\n\t\t<div id='gallery-1' class='gallery galleryid-55404 gallery-columns-4 gallery-size-mti-medium-classic'><dl class='gallery-item'>\n\t\t\t<dt class='gallery-icon portrait'>\n\t\t\t\t<a data-elementor-open-lightbox=\"yes\" data-elementor-lightbox-slideshow=\"3ba6a07\" data-elementor-lightbox-title=\"Voiture Les Gazelles\" data-e-action-hash=\"#elementor-action%3Aaction%3Dlightbox%26settings%3DeyJpZCI6NjAxMDMsInVybCI6Imh0dHBzOlwvXC93d3cubWF0aGV6ZnJlaWdodC5jb21cL3dwLWNvbnRlbnRcL3VwbG9hZHNcL3Bob3RvLXZvaXR1cmUyLmpwZyIsInNsaWRlc2hvdyI6IjNiYTZhMDcifQ%3D%3D\" href='https:\/\/www.mathezfreight.com\/wp-content\/uploads\/photo-voiture2.jpg'><img decoding=\"async\" width=\"375\" height=\"250\" src=\"https:\/\/www.mathezfreight.com\/wp-content\/uploads\/photo-voiture2-375x250.jpg\" class=\"attachment-mti-medium-classic size-mti-medium-classic\" alt=\"Voiture Les Gazelles\" aria-describedby=\"gallery-1-60103\" srcset=\"https:\/\/www.mathezfreight.com\/wp-content\/uploads\/photo-voiture2-375x250.jpg 375w, https:\/\/www.mathezfreight.com\/wp-content\/uploads\/photo-voiture2-274x183.jpg 274w\" sizes=\"(max-width: 375px) 100vw, 375px\" \/><\/a>\n\t\t\t<\/dt>\n\t\t\t\t<dd class='wp-caption-text gallery-caption' id='gallery-1-60103'>\n\t\t\t\tVoiture Les Gazelles\n\t\t\t\t<\/dd><\/dl><dl class='gallery-item'>\n\t\t\t<dt class='gallery-icon portrait'>\n\t\t\t\t<a data-elementor-open-lightbox=\"yes\" data-elementor-lightbox-slideshow=\"3ba6a07\" data-elementor-lightbox-title=\"Voiture Les Gazelles\" data-e-action-hash=\"#elementor-action%3Aaction%3Dlightbox%26settings%3DeyJpZCI6NjAxMDUsInVybCI6Imh0dHBzOlwvXC93d3cubWF0aGV6ZnJlaWdodC5jb21cL3dwLWNvbnRlbnRcL3VwbG9hZHNcL3Bob3RvLXZvaXR1cmUzLmpwZyIsInNsaWRlc2hvdyI6IjNiYTZhMDcifQ%3D%3D\" href='https:\/\/www.mathezfreight.com\/wp-content\/uploads\/photo-voiture3.jpg'><img decoding=\"async\" width=\"375\" height=\"250\" src=\"https:\/\/www.mathezfreight.com\/wp-content\/uploads\/photo-voiture3-375x250.jpg\" class=\"attachment-mti-medium-classic size-mti-medium-classic\" alt=\"Voiture Les Gazelles\" aria-describedby=\"gallery-1-60105\" srcset=\"https:\/\/www.mathezfreight.com\/wp-content\/uploads\/photo-voiture3-375x250.jpg 375w, https:\/\/www.mathezfreight.com\/wp-content\/uploads\/photo-voiture3-274x183.jpg 274w\" sizes=\"(max-width: 375px) 100vw, 375px\" \/><\/a>\n\t\t\t<\/dt>\n\t\t\t\t<dd class='wp-caption-text gallery-caption' id='gallery-1-60105'>\n\t\t\t\tVoiture Les Gazelles\n\t\t\t\t<\/dd><\/dl><dl class='gallery-item'>\n\t\t\t<dt class='gallery-icon landscape'>\n\t\t\t\t<a data-elementor-open-lightbox=\"yes\" data-elementor-lightbox-slideshow=\"3ba6a07\" data-elementor-lightbox-title=\"photo-gazelles-casquette\" data-e-action-hash=\"#elementor-action%3Aaction%3Dlightbox%26settings%3DeyJpZCI6NjAxNDIsInVybCI6Imh0dHBzOlwvXC93d3cubWF0aGV6ZnJlaWdodC5jb21cL3dwLWNvbnRlbnRcL3VwbG9hZHNcL3Bob3RvLWdhemVsbGVzLWNhc3F1ZXR0ZS5qcGciLCJzbGlkZXNob3ciOiIzYmE2YTA3In0%3D\" href='https:\/\/www.mathezfreight.com\/wp-content\/uploads\/photo-gazelles-casquette.jpg'><img decoding=\"async\" width=\"375\" height=\"250\" src=\"https:\/\/www.mathezfreight.com\/wp-content\/uploads\/photo-gazelles-casquette-375x250.jpg\" class=\"attachment-mti-medium-classic size-mti-medium-classic\" alt=\"\" srcset=\"https:\/\/www.mathezfreight.com\/wp-content\/uploads\/photo-gazelles-casquette-375x250.jpg 375w, https:\/\/www.mathezfreight.com\/wp-content\/uploads\/photo-gazelles-casquette-274x183.jpg 274w, https:\/\/www.mathezfreight.com\/wp-content\/uploads\/photo-gazelles-casquette-1200x800.jpg 1200w\" sizes=\"(max-width: 375px) 100vw, 375px\" \/><\/a>\n\t\t\t<\/dt><\/dl><dl class='gallery-item'>\n\t\t\t<dt class='gallery-icon landscape'>\n\t\t\t\t<a data-elementor-open-lightbox=\"yes\" data-elementor-lightbox-slideshow=\"3ba6a07\" data-elementor-lightbox-title=\"Voiture Les Gazelles\" data-e-action-hash=\"#elementor-action%3Aaction%3Dlightbox%26settings%3DeyJpZCI6NjAxMDcsInVybCI6Imh0dHBzOlwvXC93d3cubWF0aGV6ZnJlaWdodC5jb21cL3dwLWNvbnRlbnRcL3VwbG9hZHNcL3Bob3RvLXZvaXR1cmU1LmpwZyIsInNsaWRlc2hvdyI6IjNiYTZhMDcifQ%3D%3D\" href='https:\/\/www.mathezfreight.com\/wp-content\/uploads\/photo-voiture5.jpg'><img decoding=\"async\" width=\"375\" height=\"250\" src=\"https:\/\/www.mathezfreight.com\/wp-content\/uploads\/photo-voiture5-375x250.jpg\" class=\"attachment-mti-medium-classic size-mti-medium-classic\" alt=\"Voiture Les Gazelles\" aria-describedby=\"gallery-1-60107\" srcset=\"https:\/\/www.mathezfreight.com\/wp-content\/uploads\/photo-voiture5-375x250.jpg 375w, https:\/\/www.mathezfreight.com\/wp-content\/uploads\/photo-voiture5-274x183.jpg 274w, https:\/\/www.mathezfreight.com\/wp-content\/uploads\/photo-voiture5-1200x800.jpg 1200w\" sizes=\"(max-width: 375px) 100vw, 375px\" \/><\/a>\n\t\t\t<\/dt>\n\t\t\t\t<dd class='wp-caption-text gallery-caption' id='gallery-1-60107'>\n\t\t\t\tVoiture Les Gazelles\n\t\t\t\t<\/dd><\/dl><br style=\"clear: both\" \/>\n\t\t<\/div>\n\t\t<\/div>\n\t\t\t\t\t\t<\/div>\n\t\t\t\t<\/div>\n\t\t\t\t<div class=\"elementor-element elementor-element-bd0b8e2 mti-text elementor-widget elementor-widget-text-editor\" data-id=\"bd0b8e2\" data-element_type=\"widget\" data-e-type=\"widget\" data-widget_type=\"text-editor.default\">\n\t\t\t\t<div class=\"elementor-widget-container\">\n\t\t\t\t\t\t\t\t\t<h2>Au d\u00e9part du Rallye des Gazelles 2025 \u00e0 Monaco<\/h2><p>C&rsquo;est \u00e0 bord d&rsquo;une <strong>Toyota Land Cruiser HDJ80<\/strong> que nos deux gazelles sont parties pour l&rsquo;aventure.\u00a0<\/p><ul><li>Vendredi 11 avril \u00e0 Nice: derni\u00e8res <b>v\u00e9rifications techniques et administratives<\/b>.\u00a0<\/li><li>Samedi 12 avril: Village D\u00e9part \u00a0avec un <strong>tr\u00e8s beau programme au d\u00e9part de Monaco<\/strong>.\u00a0<\/li><\/ul><p>C\u00e9line et Julie \u00e9taient accompagn\u00e9es, pour ce d\u00e9part, de <strong>Alexandra, notre\u00a0 <a href=\"https:\/\/www.mathezfreight.com\/fr\/solutions\/transport\/voitures\/\">sp\u00e9cialiste du transport de voitures<\/a><\/strong>, <strong>Marion Sabatier<\/strong>, notre DG \/ DAF adepte elle aussi d&rsquo;aventure au plein air, et bien s\u00fbr de notre mascotte <strong><a href=\"https:\/\/www.mathezfreight.com\/en\/blog\/mathy-the-duck-challenge\/\">Mathy The Duck<\/a><\/strong> qui ne perd pas une occasion de voyager que ce soit par voie a\u00e9rienne, martitime ou terrestre. Bient\u00f4t le d\u00e9sert marocain!\u00a0<\/p>\t\t\t\t\t\t\t\t<\/div>\n\t\t\t\t<\/div>\n\t\t\t\t<div class=\"elementor-element elementor-element-6a77b2d elementor-widget elementor-widget-image-gallery\" data-id=\"6a77b2d\" data-element_type=\"widget\" data-e-type=\"widget\" data-widget_type=\"image-gallery.default\">\n\t\t\t\t<div class=\"elementor-widget-container\">\n\t\t\t\t\t\t\t<div class=\"elementor-image-gallery\">\n\t\t\t\n\t\t<style type=\"text\/css\">\n\t\t\t#gallery-2 {\n\t\t\t\tmargin: auto;\n\t\t\t}\n\t\t\t#gallery-2 .gallery-item {\n\t\t\t\tfloat: left;\n\t\t\t\tmargin-top: 10px;\n\t\t\t\ttext-align: center;\n\t\t\t\twidth: 20%;\n\t\t\t}\n\t\t\t#gallery-2 img {\n\t\t\t\tborder: 2px solid #cfcfcf;\n\t\t\t}\n\t\t\t#gallery-2 .gallery-caption {\n\t\t\t\tmargin-left: 0;\n\t\t\t}\n\t\t\t\/* see gallery_shortcode() in wp-includes\/media.php *\/\n\t\t<\/style>\n\t\t<div id='gallery-2' class='gallery galleryid-55404 gallery-columns-5 gallery-size-mti-medium-classic'><dl class='gallery-item'>\n\t\t\t<dt class='gallery-icon landscape'>\n\t\t\t\t<a data-elementor-open-lightbox=\"yes\" data-elementor-lightbox-slideshow=\"6a77b2d\" data-elementor-lightbox-title=\"photo-gazelles-mco-2025-04-12--180918_656aa0fe\" data-e-action-hash=\"#elementor-action%3Aaction%3Dlightbox%26settings%3DeyJpZCI6NjAzMzAsInVybCI6Imh0dHBzOlwvXC93d3cubWF0aGV6ZnJlaWdodC5jb21cL3dwLWNvbnRlbnRcL3VwbG9hZHNcL3Bob3RvLWdhemVsbGVzLW1jby0yMDI1LTA0LTEyLTE4MDkxOF82NTZhYTBmZS5qcGciLCJzbGlkZXNob3ciOiI2YTc3YjJkIn0%3D\" href='https:\/\/www.mathezfreight.com\/wp-content\/uploads\/photo-gazelles-mco-2025-04-12-180918_656aa0fe.jpg'><img decoding=\"async\" width=\"375\" height=\"250\" src=\"https:\/\/www.mathezfreight.com\/wp-content\/uploads\/photo-gazelles-mco-2025-04-12-180918_656aa0fe-375x250.jpg\" class=\"attachment-mti-medium-classic size-mti-medium-classic\" alt=\"\" srcset=\"https:\/\/www.mathezfreight.com\/wp-content\/uploads\/photo-gazelles-mco-2025-04-12-180918_656aa0fe-375x250.jpg 375w, https:\/\/www.mathezfreight.com\/wp-content\/uploads\/photo-gazelles-mco-2025-04-12-180918_656aa0fe-274x183.jpg 274w, https:\/\/www.mathezfreight.com\/wp-content\/uploads\/photo-gazelles-mco-2025-04-12-180918_656aa0fe-1200x800.jpg 1200w\" sizes=\"(max-width: 375px) 100vw, 375px\" \/><\/a>\n\t\t\t<\/dt><\/dl><dl class='gallery-item'>\n\t\t\t<dt class='gallery-icon portrait'>\n\t\t\t\t<a data-elementor-open-lightbox=\"yes\" data-elementor-lightbox-slideshow=\"6a77b2d\" data-elementor-lightbox-title=\"photo-gazelles-mco-2025-04-12--180919_829d66d2\" data-e-action-hash=\"#elementor-action%3Aaction%3Dlightbox%26settings%3DeyJpZCI6NjAzMzIsInVybCI6Imh0dHBzOlwvXC93d3cubWF0aGV6ZnJlaWdodC5jb21cL3dwLWNvbnRlbnRcL3VwbG9hZHNcL3Bob3RvLWdhemVsbGVzLW1jby0yMDI1LTA0LTEyLTE4MDkxOV84MjlkNjZkMi5qcGciLCJzbGlkZXNob3ciOiI2YTc3YjJkIn0%3D\" href='https:\/\/www.mathezfreight.com\/wp-content\/uploads\/photo-gazelles-mco-2025-04-12-180919_829d66d2.jpg'><img decoding=\"async\" width=\"375\" height=\"250\" src=\"https:\/\/www.mathezfreight.com\/wp-content\/uploads\/photo-gazelles-mco-2025-04-12-180919_829d66d2-375x250.jpg\" class=\"attachment-mti-medium-classic size-mti-medium-classic\" alt=\"\" srcset=\"https:\/\/www.mathezfreight.com\/wp-content\/uploads\/photo-gazelles-mco-2025-04-12-180919_829d66d2-375x250.jpg 375w, https:\/\/www.mathezfreight.com\/wp-content\/uploads\/photo-gazelles-mco-2025-04-12-180919_829d66d2-274x183.jpg 274w\" sizes=\"(max-width: 375px) 100vw, 375px\" \/><\/a>\n\t\t\t<\/dt><\/dl><dl class='gallery-item'>\n\t\t\t<dt class='gallery-icon landscape'>\n\t\t\t\t<a data-elementor-open-lightbox=\"yes\" data-elementor-lightbox-slideshow=\"6a77b2d\" data-elementor-lightbox-title=\"photo-gazelles-mco-2025-04-12--180919_3224b74b\" data-e-action-hash=\"#elementor-action%3Aaction%3Dlightbox%26settings%3DeyJpZCI6NjAzMzQsInVybCI6Imh0dHBzOlwvXC93d3cubWF0aGV6ZnJlaWdodC5jb21cL3dwLWNvbnRlbnRcL3VwbG9hZHNcL3Bob3RvLWdhemVsbGVzLW1jby0yMDI1LTA0LTEyLTE4MDkxOV8zMjI0Yjc0Yi5qcGciLCJzbGlkZXNob3ciOiI2YTc3YjJkIn0%3D\" href='https:\/\/www.mathezfreight.com\/wp-content\/uploads\/photo-gazelles-mco-2025-04-12-180919_3224b74b.jpg'><img decoding=\"async\" width=\"375\" height=\"250\" src=\"https:\/\/www.mathezfreight.com\/wp-content\/uploads\/photo-gazelles-mco-2025-04-12-180919_3224b74b-375x250.jpg\" class=\"attachment-mti-medium-classic size-mti-medium-classic\" alt=\"\" srcset=\"https:\/\/www.mathezfreight.com\/wp-content\/uploads\/photo-gazelles-mco-2025-04-12-180919_3224b74b-375x250.jpg 375w, https:\/\/www.mathezfreight.com\/wp-content\/uploads\/photo-gazelles-mco-2025-04-12-180919_3224b74b-274x183.jpg 274w, https:\/\/www.mathezfreight.com\/wp-content\/uploads\/photo-gazelles-mco-2025-04-12-180919_3224b74b-1200x800.jpg 1200w\" sizes=\"(max-width: 375px) 100vw, 375px\" \/><\/a>\n\t\t\t<\/dt><\/dl><dl class='gallery-item'>\n\t\t\t<dt class='gallery-icon landscape'>\n\t\t\t\t<a data-elementor-open-lightbox=\"yes\" data-elementor-lightbox-slideshow=\"6a77b2d\" data-elementor-lightbox-title=\"photo-gazelles-mco-2025-04-12--180919_ebcfdd65\" data-e-action-hash=\"#elementor-action%3Aaction%3Dlightbox%26settings%3DeyJpZCI6NjAzMzYsInVybCI6Imh0dHBzOlwvXC93d3cubWF0aGV6ZnJlaWdodC5jb21cL3dwLWNvbnRlbnRcL3VwbG9hZHNcL3Bob3RvLWdhemVsbGVzLW1jby0yMDI1LTA0LTEyLTE4MDkxOV9lYmNmZGQ2NS5qcGciLCJzbGlkZXNob3ciOiI2YTc3YjJkIn0%3D\" href='https:\/\/www.mathezfreight.com\/wp-content\/uploads\/photo-gazelles-mco-2025-04-12-180919_ebcfdd65.jpg'><img decoding=\"async\" width=\"375\" height=\"250\" src=\"https:\/\/www.mathezfreight.com\/wp-content\/uploads\/photo-gazelles-mco-2025-04-12-180919_ebcfdd65-375x250.jpg\" class=\"attachment-mti-medium-classic size-mti-medium-classic\" alt=\"\" srcset=\"https:\/\/www.mathezfreight.com\/wp-content\/uploads\/photo-gazelles-mco-2025-04-12-180919_ebcfdd65-375x250.jpg 375w, https:\/\/www.mathezfreight.com\/wp-content\/uploads\/photo-gazelles-mco-2025-04-12-180919_ebcfdd65-274x183.jpg 274w, https:\/\/www.mathezfreight.com\/wp-content\/uploads\/photo-gazelles-mco-2025-04-12-180919_ebcfdd65-1200x800.jpg 1200w\" sizes=\"(max-width: 375px) 100vw, 375px\" \/><\/a>\n\t\t\t<\/dt><\/dl><dl class='gallery-item'>\n\t\t\t<dt class='gallery-icon portrait'>\n\t\t\t\t<a data-elementor-open-lightbox=\"yes\" data-elementor-lightbox-slideshow=\"6a77b2d\" data-elementor-lightbox-title=\"photo-gazelles-mco-2025-04-12--180920_04d639e6\" data-e-action-hash=\"#elementor-action%3Aaction%3Dlightbox%26settings%3DeyJpZCI6NjAzMzgsInVybCI6Imh0dHBzOlwvXC93d3cubWF0aGV6ZnJlaWdodC5jb21cL3dwLWNvbnRlbnRcL3VwbG9hZHNcL3Bob3RvLWdhemVsbGVzLW1jby0yMDI1LTA0LTEyLTE4MDkyMF8wNGQ2MzllNi5qcGciLCJzbGlkZXNob3ciOiI2YTc3YjJkIn0%3D\" href='https:\/\/www.mathezfreight.com\/wp-content\/uploads\/photo-gazelles-mco-2025-04-12-180920_04d639e6.jpg'><img decoding=\"async\" width=\"375\" height=\"250\" src=\"https:\/\/www.mathezfreight.com\/wp-content\/uploads\/photo-gazelles-mco-2025-04-12-180920_04d639e6-375x250.jpg\" class=\"attachment-mti-medium-classic size-mti-medium-classic\" alt=\"\" srcset=\"https:\/\/www.mathezfreight.com\/wp-content\/uploads\/photo-gazelles-mco-2025-04-12-180920_04d639e6-375x250.jpg 375w, https:\/\/www.mathezfreight.com\/wp-content\/uploads\/photo-gazelles-mco-2025-04-12-180920_04d639e6-274x183.jpg 274w\" sizes=\"(max-width: 375px) 100vw, 375px\" \/><\/a>\n\t\t\t<\/dt><\/dl><br style=\"clear: both\" \/><dl class='gallery-item'>\n\t\t\t<dt class='gallery-icon landscape'>\n\t\t\t\t<a data-elementor-open-lightbox=\"yes\" data-elementor-lightbox-slideshow=\"6a77b2d\" data-elementor-lightbox-title=\"photo-gazelles-mco-2025-04-12--180920_36e40d8d\" data-e-action-hash=\"#elementor-action%3Aaction%3Dlightbox%26settings%3DeyJpZCI6NjAzNDAsInVybCI6Imh0dHBzOlwvXC93d3cubWF0aGV6ZnJlaWdodC5jb21cL3dwLWNvbnRlbnRcL3VwbG9hZHNcL3Bob3RvLWdhemVsbGVzLW1jby0yMDI1LTA0LTEyLTE4MDkyMF8zNmU0MGQ4ZC5qcGciLCJzbGlkZXNob3ciOiI2YTc3YjJkIn0%3D\" href='https:\/\/www.mathezfreight.com\/wp-content\/uploads\/photo-gazelles-mco-2025-04-12-180920_36e40d8d.jpg'><img decoding=\"async\" width=\"375\" height=\"250\" src=\"https:\/\/www.mathezfreight.com\/wp-content\/uploads\/photo-gazelles-mco-2025-04-12-180920_36e40d8d-375x250.jpg\" class=\"attachment-mti-medium-classic size-mti-medium-classic\" alt=\"\" srcset=\"https:\/\/www.mathezfreight.com\/wp-content\/uploads\/photo-gazelles-mco-2025-04-12-180920_36e40d8d-375x250.jpg 375w, https:\/\/www.mathezfreight.com\/wp-content\/uploads\/photo-gazelles-mco-2025-04-12-180920_36e40d8d-274x183.jpg 274w, https:\/\/www.mathezfreight.com\/wp-content\/uploads\/photo-gazelles-mco-2025-04-12-180920_36e40d8d-1200x800.jpg 1200w\" sizes=\"(max-width: 375px) 100vw, 375px\" \/><\/a>\n\t\t\t<\/dt><\/dl><dl class='gallery-item'>\n\t\t\t<dt class='gallery-icon portrait'>\n\t\t\t\t<a data-elementor-open-lightbox=\"yes\" data-elementor-lightbox-slideshow=\"6a77b2d\" data-elementor-lightbox-title=\"photo-gazelles-mco-2025-04-12--180920_6024eb57\" data-e-action-hash=\"#elementor-action%3Aaction%3Dlightbox%26settings%3DeyJpZCI6NjAzNDIsInVybCI6Imh0dHBzOlwvXC93d3cubWF0aGV6ZnJlaWdodC5jb21cL3dwLWNvbnRlbnRcL3VwbG9hZHNcL3Bob3RvLWdhemVsbGVzLW1jby0yMDI1LTA0LTEyLTE4MDkyMF82MDI0ZWI1Ny5qcGciLCJzbGlkZXNob3ciOiI2YTc3YjJkIn0%3D\" href='https:\/\/www.mathezfreight.com\/wp-content\/uploads\/photo-gazelles-mco-2025-04-12-180920_6024eb57.jpg'><img decoding=\"async\" width=\"375\" height=\"250\" src=\"https:\/\/www.mathezfreight.com\/wp-content\/uploads\/photo-gazelles-mco-2025-04-12-180920_6024eb57-375x250.jpg\" class=\"attachment-mti-medium-classic size-mti-medium-classic\" alt=\"\" srcset=\"https:\/\/www.mathezfreight.com\/wp-content\/uploads\/photo-gazelles-mco-2025-04-12-180920_6024eb57-375x250.jpg 375w, https:\/\/www.mathezfreight.com\/wp-content\/uploads\/photo-gazelles-mco-2025-04-12-180920_6024eb57-274x183.jpg 274w\" sizes=\"(max-width: 375px) 100vw, 375px\" \/><\/a>\n\t\t\t<\/dt><\/dl><dl class='gallery-item'>\n\t\t\t<dt class='gallery-icon portrait'>\n\t\t\t\t<a data-elementor-open-lightbox=\"yes\" data-elementor-lightbox-slideshow=\"6a77b2d\" data-elementor-lightbox-title=\"photo-gazelles-mco-2025-04-12--180920_f79d108e\" data-e-action-hash=\"#elementor-action%3Aaction%3Dlightbox%26settings%3DeyJpZCI6NjAzNDQsInVybCI6Imh0dHBzOlwvXC93d3cubWF0aGV6ZnJlaWdodC5jb21cL3dwLWNvbnRlbnRcL3VwbG9hZHNcL3Bob3RvLWdhemVsbGVzLW1jby0yMDI1LTA0LTEyLTE4MDkyMF9mNzlkMTA4ZS5qcGciLCJzbGlkZXNob3ciOiI2YTc3YjJkIn0%3D\" href='https:\/\/www.mathezfreight.com\/wp-content\/uploads\/photo-gazelles-mco-2025-04-12-180920_f79d108e.jpg'><img decoding=\"async\" width=\"375\" height=\"250\" src=\"https:\/\/www.mathezfreight.com\/wp-content\/uploads\/photo-gazelles-mco-2025-04-12-180920_f79d108e-375x250.jpg\" class=\"attachment-mti-medium-classic size-mti-medium-classic\" alt=\"\" srcset=\"https:\/\/www.mathezfreight.com\/wp-content\/uploads\/photo-gazelles-mco-2025-04-12-180920_f79d108e-375x250.jpg 375w, https:\/\/www.mathezfreight.com\/wp-content\/uploads\/photo-gazelles-mco-2025-04-12-180920_f79d108e-274x183.jpg 274w\" sizes=\"(max-width: 375px) 100vw, 375px\" \/><\/a>\n\t\t\t<\/dt><\/dl><dl class='gallery-item'>\n\t\t\t<dt class='gallery-icon landscape'>\n\t\t\t\t<a data-elementor-open-lightbox=\"yes\" data-elementor-lightbox-slideshow=\"6a77b2d\" data-elementor-lightbox-title=\"photo-gazelles-mco-2025-04-12--180921_dac50841\" data-e-action-hash=\"#elementor-action%3Aaction%3Dlightbox%26settings%3DeyJpZCI6NjAzNDYsInVybCI6Imh0dHBzOlwvXC93d3cubWF0aGV6ZnJlaWdodC5jb21cL3dwLWNvbnRlbnRcL3VwbG9hZHNcL3Bob3RvLWdhemVsbGVzLW1jby0yMDI1LTA0LTEyLTE4MDkyMV9kYWM1MDg0MS5qcGciLCJzbGlkZXNob3ciOiI2YTc3YjJkIn0%3D\" href='https:\/\/www.mathezfreight.com\/wp-content\/uploads\/photo-gazelles-mco-2025-04-12-180921_dac50841.jpg'><img decoding=\"async\" width=\"375\" height=\"250\" src=\"https:\/\/www.mathezfreight.com\/wp-content\/uploads\/photo-gazelles-mco-2025-04-12-180921_dac50841-375x250.jpg\" class=\"attachment-mti-medium-classic size-mti-medium-classic\" alt=\"\" srcset=\"https:\/\/www.mathezfreight.com\/wp-content\/uploads\/photo-gazelles-mco-2025-04-12-180921_dac50841-375x250.jpg 375w, https:\/\/www.mathezfreight.com\/wp-content\/uploads\/photo-gazelles-mco-2025-04-12-180921_dac50841-274x183.jpg 274w, https:\/\/www.mathezfreight.com\/wp-content\/uploads\/photo-gazelles-mco-2025-04-12-180921_dac50841-1200x800.jpg 1200w\" sizes=\"(max-width: 375px) 100vw, 375px\" \/><\/a>\n\t\t\t<\/dt><\/dl><dl class='gallery-item'>\n\t\t\t<dt class='gallery-icon landscape'>\n\t\t\t\t<a data-elementor-open-lightbox=\"yes\" data-elementor-lightbox-slideshow=\"6a77b2d\" data-elementor-lightbox-title=\"photo-gazelles-mco-2025-04-12--180922_1286e254\" data-e-action-hash=\"#elementor-action%3Aaction%3Dlightbox%26settings%3DeyJpZCI6NjAzNDgsInVybCI6Imh0dHBzOlwvXC93d3cubWF0aGV6ZnJlaWdodC5jb21cL3dwLWNvbnRlbnRcL3VwbG9hZHNcL3Bob3RvLWdhemVsbGVzLW1jby0yMDI1LTA0LTEyLTE4MDkyMl8xMjg2ZTI1NC5qcGciLCJzbGlkZXNob3ciOiI2YTc3YjJkIn0%3D\" href='https:\/\/www.mathezfreight.com\/wp-content\/uploads\/photo-gazelles-mco-2025-04-12-180922_1286e254.jpg'><img decoding=\"async\" width=\"375\" height=\"250\" src=\"https:\/\/www.mathezfreight.com\/wp-content\/uploads\/photo-gazelles-mco-2025-04-12-180922_1286e254-375x250.jpg\" class=\"attachment-mti-medium-classic size-mti-medium-classic\" alt=\"\" srcset=\"https:\/\/www.mathezfreight.com\/wp-content\/uploads\/photo-gazelles-mco-2025-04-12-180922_1286e254-375x250.jpg 375w, https:\/\/www.mathezfreight.com\/wp-content\/uploads\/photo-gazelles-mco-2025-04-12-180922_1286e254-274x183.jpg 274w, https:\/\/www.mathezfreight.com\/wp-content\/uploads\/photo-gazelles-mco-2025-04-12-180922_1286e254-1200x800.jpg 1200w\" sizes=\"(max-width: 375px) 100vw, 375px\" \/><\/a>\n\t\t\t<\/dt><\/dl><br style=\"clear: both\" \/>\n\t\t<\/div>\n\t\t<\/div>\n\t\t\t\t\t\t<\/div>\n\t\t\t\t<\/div>\n\t\t\t\t<div class=\"elementor-element elementor-element-634f6a2 mti-text elementor-widget elementor-widget-text-editor\" data-id=\"634f6a2\" data-element_type=\"widget\" data-e-type=\"widget\" data-widget_type=\"text-editor.default\">\n\t\t\t\t<div class=\"elementor-widget-container\">\n\t\t\t\t\t\t\t\t\t<p><b><strong>Pour suivre ces aventures: <\/strong><\/b><\/p><ul><li><b><strong>Le site du <a href=\"https:\/\/www.rallyeaichadesgazelles.com\/\" target=\"_blank\" rel=\"noopener\">Rallye Aicha des Gazelles<\/a>\u00a0<\/strong><\/b><\/li><li>2 Gazelles sur le Pont sur\u00a0<b><a href=\"https:\/\/www.instagram.com\/2gazellessurlepont\/\" target=\"_blank\" rel=\"noopener\">Instagram<\/a><\/b><\/li><\/ul>\t\t\t\t\t\t\t\t<\/div>\n\t\t\t\t<\/div>\n\t\t\t\t\t<\/div>\n\t\t<\/div>\n\t\t\t\t\t<\/div>\n\t\t<\/div>\n\t\t\t\t<div class=\"elementor-section elementor-top-section elementor-element elementor-element-cce3a6d mti-beau-gosse elementor-section-boxed elementor-section-height-default elementor-section-height-default default-style elementor-invisible\" data-id=\"cce3a6d\" data-element_type=\"section\" data-e-type=\"section\" data-settings=\"{&quot;animation&quot;:&quot;fadeIn&quot;,&quot;rt_color_sets&quot;:&quot;default-style&quot;}\">\n\t\t\t\t\t\t<div class=\"elementor-container elementor-column-gap-default\">\n\t\t\t\t\t<div class=\"elementor-column elementor-col-33 elementor-top-column elementor-element elementor-element-6d777df\" data-id=\"6d777df\" data-element_type=\"column\" data-e-type=\"column\">\n\t\t\t<div class=\"elementor-widget-wrap elementor-element-populated\">\n\t\t\t\t\t\t<div class=\"elementor-element elementor-element-34e9208 elementor-widget elementor-widget-image\" data-id=\"34e9208\" data-element_type=\"widget\" data-e-type=\"widget\" data-widget_type=\"image.default\">\n\t\t\t\t<div class=\"elementor-widget-container\">\n\t\t\t\t\t\t\t\t\t\t\t\t\t\t\t<img decoding=\"async\" src=\"https:\/\/www.mathezfreight.com\/wp-content\/uploads\/elementor\/thumbs\/photo-alexandre-hiernaux-transparent-oay2gf77chd5wln1z3bjwi2f8pwrqohvh5000jl734.png\" title=\"Alexandre Hiernaux\" alt=\"Alexandre Hiernaux\" loading=\"lazy\" \/>\t\t\t\t\t\t\t\t\t\t\t\t\t\t\t<\/div>\n\t\t\t\t<\/div>\n\t\t\t\t\t<\/div>\n\t\t<\/div>\n\t\t\t\t<div class=\"elementor-column elementor-col-66 elementor-top-column elementor-element elementor-element-92a7442\" data-id=\"92a7442\" data-element_type=\"column\" data-e-type=\"column\">\n\t\t\t<div class=\"elementor-widget-wrap elementor-element-populated\">\n\t\t\t\t\t\t<div class=\"elementor-element elementor-element-bdbf158 elementor-widget elementor-widget-text-editor\" data-id=\"bdbf158\" data-element_type=\"widget\" data-e-type=\"widget\" data-widget_type=\"text-editor.default\">\n\t\t\t\t<div class=\"elementor-widget-container\">\n\t\t\t\t\t\t\t\t\t<blockquote><p>Le voyage, l&rsquo;aventure, le d\u00e9passement de soi&#8230; Un d\u00e9fi humain doubl\u00e9 d&rsquo;une logistique qui n\u00e9cessite de la ressource, de la robustesse&#8230; Un rallye qui concilie sport; solidarit\u00e9 et respect de l&rsquo;environnement: autant de raisons de soutenir 2 gazelles dont nous saluons la d\u00e9termination \u00e0 l&rsquo;assaut du d\u00e9sert marocain!<\/p><\/blockquote><div class=\"mti-beau-gosse-signature\"><span style=\"color: #203669;\"><strong>Alexandre HIERNAUX,\u00a0 <\/strong><\/span>\u00a0MATHEZ FREIGHT Paris-CDG<\/div>\t\t\t\t\t\t\t\t<\/div>\n\t\t\t\t<\/div>\n\t\t\t\t\t<\/div>\n\t\t<\/div>\n\t\t\t\t\t<\/div>\n\t\t<\/div>\n\t\t\t\t<aside class=\"elementor-section elementor-top-section elementor-element elementor-element-2637aff mti-social-bar bottom elementor-section-boxed elementor-section-height-default elementor-section-height-default default-style elementor-invisible\" data-id=\"2637aff\" data-element_type=\"section\" data-e-type=\"section\" data-settings=\"{&quot;animation&quot;:&quot;fadeIn&quot;,&quot;rt_color_sets&quot;:&quot;default-style&quot;}\">\n\t\t\t\t\t\t<div class=\"elementor-container elementor-column-gap-default\">\n\t\t\t\t\t<div class=\"elementor-column elementor-col-100 elementor-top-column elementor-element elementor-element-7e2d51c\" data-id=\"7e2d51c\" data-element_type=\"column\" data-e-type=\"column\">\n\t\t\t<div class=\"elementor-widget-wrap elementor-element-populated\">\n\t\t\t\t\t\t<div class=\"elementor-element elementor-element-ec97e6d elementor-share-buttons--view-icon elementor-share-buttons--skin-flat elementor-share-buttons--shape-square elementor-grid-0 elementor-share-buttons--color-official elementor-invisible elementor-widget elementor-widget-share-buttons\" data-id=\"ec97e6d\" data-element_type=\"widget\" data-e-type=\"widget\" data-settings=\"{&quot;_animation&quot;:&quot;fadeInLeft&quot;}\" data-widget_type=\"share-buttons.default\">\n\t\t\t\t<div class=\"elementor-widget-container\">\n\t\t\t\t\t\t\t<div class=\"elementor-grid\" role=\"list\">\n\t\t\t\t\t\t\t\t<div class=\"elementor-grid-item\" role=\"listitem\">\n\t\t\t\t\t\t<div class=\"elementor-share-btn elementor-share-btn_email\" role=\"button\" tabindex=\"0\" aria-label=\"Partager sur email\">\n\t\t\t\t\t\t\t\t\t\t\t\t\t\t\t<span class=\"elementor-share-btn__icon\">\n\t\t\t\t\t\t\t\t<i class=\"fas fa-envelope\" aria-hidden=\"true\"><\/i>\t\t\t\t\t\t\t<\/span>\n\t\t\t\t\t\t\t\t\t\t\t\t\t\t\t\t\t\t\t\t<\/div>\n\t\t\t\t\t<\/div>\n\t\t\t\t\t\t\t\t\t<div class=\"elementor-grid-item\" role=\"listitem\">\n\t\t\t\t\t\t<div class=\"elementor-share-btn elementor-share-btn_linkedin\" role=\"button\" tabindex=\"0\" aria-label=\"Partager sur linkedin\">\n\t\t\t\t\t\t\t\t\t\t\t\t\t\t\t<span class=\"elementor-share-btn__icon\">\n\t\t\t\t\t\t\t\t<i class=\"fab fa-linkedin\" aria-hidden=\"true\"><\/i>\t\t\t\t\t\t\t<\/span>\n\t\t\t\t\t\t\t\t\t\t\t\t\t\t\t\t\t\t\t\t<\/div>\n\t\t\t\t\t<\/div>\n\t\t\t\t\t\t\t\t\t<div class=\"elementor-grid-item\" role=\"listitem\">\n\t\t\t\t\t\t<div class=\"elementor-share-btn elementor-share-btn_twitter\" role=\"button\" tabindex=\"0\" aria-label=\"Partager sur twitter\">\n\t\t\t\t\t\t\t\t\t\t\t\t\t\t\t<span class=\"elementor-share-btn__icon\">\n\t\t\t\t\t\t\t\t<i class=\"fab fa-twitter\" aria-hidden=\"true\"><\/i>\t\t\t\t\t\t\t<\/span>\n\t\t\t\t\t\t\t\t\t\t\t\t\t\t\t\t\t\t\t\t<\/div>\n\t\t\t\t\t<\/div>\n\t\t\t\t\t\t\t\t\t<div class=\"elementor-grid-item\" role=\"listitem\">\n\t\t\t\t\t\t<div class=\"elementor-share-btn elementor-share-btn_facebook\" role=\"button\" tabindex=\"0\" aria-label=\"Partager sur facebook\">\n\t\t\t\t\t\t\t\t\t\t\t\t\t\t\t<span class=\"elementor-share-btn__icon\">\n\t\t\t\t\t\t\t\t<i class=\"fab fa-facebook\" aria-hidden=\"true\"><\/i>\t\t\t\t\t\t\t<\/span>\n\t\t\t\t\t\t\t\t\t\t\t\t\t\t\t\t\t\t\t\t<\/div>\n\t\t\t\t\t<\/div>\n\t\t\t\t\t\t\t\t\t<div class=\"elementor-grid-item\" role=\"listitem\">\n\t\t\t\t\t\t<div class=\"elementor-share-btn elementor-share-btn_print\" role=\"button\" tabindex=\"0\" aria-label=\"Partager sur print\">\n\t\t\t\t\t\t\t\t\t\t\t\t\t\t\t<span class=\"elementor-share-btn__icon\">\n\t\t\t\t\t\t\t\t<i class=\"fas fa-print\" aria-hidden=\"true\"><\/i>\t\t\t\t\t\t\t<\/span>\n\t\t\t\t\t\t\t\t\t\t\t\t\t\t\t\t\t\t\t\t<\/div>\n\t\t\t\t\t<\/div>\n\t\t\t\t\t\t<\/div>\n\t\t\t\t\t\t<\/div>\n\t\t\t\t<\/div>\n\t\t\t\t\t<\/div>\n\t\t<\/div>\n\t\t\t\t\t<\/div>\n\t\t<\/aside>\n\t\t\t\t<aside class=\"elementor-section elementor-top-section elementor-element elementor-element-030b571 mti-blog-grid single-post-bottom elementor-section-boxed elementor-section-height-default elementor-section-height-default default-style elementor-invisible\" data-id=\"030b571\" data-element_type=\"section\" data-e-type=\"section\" id=\"mti-blog-grid\" data-settings=\"{&quot;animation&quot;:&quot;fadeIn&quot;,&quot;rt_color_sets&quot;:&quot;default-style&quot;}\">\n\t\t\t\t\t\t<div class=\"elementor-container elementor-column-gap-default\">\n\t\t\t\t\t<div class=\"elementor-column elementor-col-100 elementor-top-column elementor-element elementor-element-dbe2e0f\" data-id=\"dbe2e0f\" data-element_type=\"column\" data-e-type=\"column\">\n\t\t\t<div class=\"elementor-widget-wrap elementor-element-populated\">\n\t\t\t\t\t\t<div class=\"elementor-element elementor-element-9e78f33 elementor-widget elementor-widget-heading\" data-id=\"9e78f33\" data-element_type=\"widget\" data-e-type=\"widget\" data-widget_type=\"heading.default\">\n\t\t\t\t<div class=\"elementor-widget-container\">\n\t\t\t\t\t<h3 class=\"elementor-heading-title elementor-size-default\">Voir aussi:<\/h3>\t\t\t\t<\/div>\n\t\t\t\t<\/div>\n\t\t\t\t<div class=\"elementor-element elementor-element-36baec8 elementor-widget elementor-widget-lae-posts-carousel\" data-id=\"36baec8\" data-element_type=\"widget\" data-e-type=\"widget\" data-widget_type=\"lae-posts-carousel.default\">\n\t\t\t\t<div class=\"elementor-widget-container\">\n\t\t\t\t\t\n<div        id=\"lae-posts-carousel-69f2aa233e02c\"\n        class=\"lae-posts-carousel lae-container lae-classic-skin\"\n        data-settings='{&quot;arrows&quot;:false,&quot;dots&quot;:true,&quot;autoplay&quot;:false,&quot;autoplay_speed&quot;:3000,&quot;animation_speed&quot;:300,&quot;pause_on_hover&quot;:true,&quot;adaptive_height&quot;:false,&quot;display_columns&quot;:4,&quot;scroll_columns&quot;:3,&quot;gutter&quot;:10,&quot;tablet_width&quot;:800,&quot;tablet_display_columns&quot;:2,&quot;tablet_scroll_columns&quot;:2,&quot;tablet_gutter&quot;:10,&quot;mobile_width&quot;:480,&quot;mobile_display_columns&quot;:1,&quot;mobile_scroll_columns&quot;:1,&quot;mobile_gutter&quot;:10}'>\n<div data-id=\"id-67572\" class=\"lae-posts-carousel-item\">\n\n    <article id=\"post-67572\" class=\"post-67572 post type-post status-publish format-standard has-post-thumbnail hentry category-fret-mode-demploi tag-douane tag-transport-voitures tag-tva cibles-une cibles-agences-sud cibles-douane cibles-tva cibles-voitures\">\n\n        \n            \n            \n            \n                <div class=\"lae-project-image\">\n\n                    \n                    \n                    \n                        <a href=\"https:\/\/www.mathezfreight.com\/fr\/blog\/auto-export-ferry-douane-tva-maghreb\/\"><img decoding=\"async\" width=\"274\" height=\"183\" src=\"https:\/\/www.mathezfreight.com\/wp-content\/uploads\/photo-car-ferry-maghreb-274x183.jpg\" class=\"lae-image attachment-mti-small-classic size-mti-small-classic\" alt=\"photo-car-ferry-maghreb\" title=\"Export de voitures vers le Maghreb\" srcset=\"https:\/\/www.mathezfreight.com\/wp-content\/uploads\/photo-car-ferry-maghreb-274x183.jpg 274w, https:\/\/www.mathezfreight.com\/wp-content\/uploads\/photo-car-ferry-maghreb-600x400.jpg 600w, https:\/\/www.mathezfreight.com\/wp-content\/uploads\/photo-car-ferry-maghreb-1100x733.jpg 1100w, https:\/\/www.mathezfreight.com\/wp-content\/uploads\/photo-car-ferry-maghreb-768x512.jpg 768w, https:\/\/www.mathezfreight.com\/wp-content\/uploads\/photo-car-ferry-maghreb-375x250.jpg 375w, https:\/\/www.mathezfreight.com\/wp-content\/uploads\/photo-car-ferry-maghreb-1200x800.jpg 1200w, https:\/\/www.mathezfreight.com\/wp-content\/uploads\/photo-car-ferry-maghreb-610x406.jpg 610w, https:\/\/www.mathezfreight.com\/wp-content\/uploads\/photo-car-ferry-maghreb.jpg 1220w\" sizes=\"(max-width: 274px) 100vw, 274px\" \/><\/a>\n\n                    \n                    \n                        <div class=\"lae-image-info\">\n\n                            <div class=\"lae-entry-info\">\n\n                                \n                                    <h3 class=\"lae-post-title\">\n\n                                        <a href=\"https:\/\/www.mathezfreight.com\/fr\/blog\/auto-export-ferry-douane-tva-maghreb\/\" title=\"Export de voitures vers Alg\u00e9rie, Maroc ou Tunisie: pourquoi passer par un transitaire en douane en 2026\"\n                                           rel=\"bookmark\">Export de voitures vers Alg\u00e9rie, Maroc ou Tunisie: pourquoi passer par un transitaire en douane en 2026<\/a>\n\n                                    <\/h3>\n\n                                \n                                \n                                    <span class=\"lae-terms\"><a href=\"https:\/\/www.mathezfreight.com\/fr\/blog\/categorie\/fret-mode-demploi\/\">Fret Mode d'Emploi<\/a><\/span>\n                                \n                            <\/div>\n\n                        <\/div><!-- .lae-image-info -->\n\n                    \n                <\/div>\n\n            \n            \n                <div class=\"lae-entry-text-wrap \">\n\n                    \n                        <h3 class=\"entry-title\">\n\n                            <a href=\"https:\/\/www.mathezfreight.com\/fr\/blog\/auto-export-ferry-douane-tva-maghreb\/\" title=\"Export de voitures vers Alg\u00e9rie, Maroc ou Tunisie: pourquoi passer par un transitaire en douane en 2026\"\n                               rel=\"bookmark\">Export de voitures vers Alg\u00e9rie, Maroc ou Tunisie: pourquoi passer par un transitaire en douane en 2026<\/a>\n\n                        <\/h3>\n\n                    \n                    \n                    \n                    \n                <\/div>\n\n            \n        \n    <\/article><!-- .hentry -->\n\n<\/div><!-- .lae-posts-carousel-item -->\n<div data-id=\"id-35400\" class=\"lae-posts-carousel-item\">\n\n    <article id=\"post-35400\" class=\"post-35400 post type-post status-publish format-standard has-post-thumbnail hentry category-operations tag-transport-voitures cibles-aerien cibles-agences cibles-agences-nord cibles-agences-sud cibles-maritime cibles-valeurs cibles-voitures\">\n\n        \n            \n            \n            \n                <div class=\"lae-project-image\">\n\n                    \n                    \n                    \n                        <a href=\"https:\/\/www.mathezfreight.com\/fr\/blog\/import-export-voitures-france\/\"><img decoding=\"async\" width=\"274\" height=\"183\" src=\"https:\/\/www.mathezfreight.com\/wp-content\/uploads\/photo-ferrari-aerien-5-copie-274x183.jpg\" class=\"lae-image attachment-mti-small-classic size-mti-small-classic\" alt=\"photo-ferrari-aerien-5-copie\" title=\"photo-ferrari-aerien (5)\" srcset=\"https:\/\/www.mathezfreight.com\/wp-content\/uploads\/photo-ferrari-aerien-5-copie-274x183.jpg 274w, https:\/\/www.mathezfreight.com\/wp-content\/uploads\/photo-ferrari-aerien-5-copie-375x250.jpg 375w\" sizes=\"(max-width: 274px) 100vw, 274px\" \/><\/a>\n\n                    \n                    \n                        <div class=\"lae-image-info\">\n\n                            <div class=\"lae-entry-info\">\n\n                                \n                                    <h3 class=\"lae-post-title\">\n\n                                        <a href=\"https:\/\/www.mathezfreight.com\/fr\/blog\/import-export-voitures-france\/\" title=\"Nos plus belles voitures, \u00e0 l&rsquo;import\/export France\"\n                                           rel=\"bookmark\">Nos plus belles voitures, \u00e0 l&rsquo;import\/export France<\/a>\n\n                                    <\/h3>\n\n                                \n                                \n                                    <span class=\"lae-terms\"><a href=\"https:\/\/www.mathezfreight.com\/fr\/blog\/categorie\/operations\/\">Op\u00e9rations<\/a><\/span>\n                                \n                            <\/div>\n\n                        <\/div><!-- .lae-image-info -->\n\n                    \n                <\/div>\n\n            \n            \n                <div class=\"lae-entry-text-wrap \">\n\n                    \n                        <h3 class=\"entry-title\">\n\n                            <a href=\"https:\/\/www.mathezfreight.com\/fr\/blog\/import-export-voitures-france\/\" title=\"Nos plus belles voitures, \u00e0 l&rsquo;import\/export France\"\n                               rel=\"bookmark\">Nos plus belles voitures, \u00e0 l&rsquo;import\/export France<\/a>\n\n                        <\/h3>\n\n                    \n                    \n                    \n                    \n                <\/div>\n\n            \n        \n    <\/article><!-- .hentry -->\n\n<\/div><!-- .lae-posts-carousel-item -->\n<div data-id=\"id-55404\" class=\"lae-posts-carousel-item\">\n\n    <article id=\"post-55404\" class=\"post-55404 post type-post status-publish format-standard has-post-thumbnail hentry category-corporate cibles-voitures\">\n\n        \n            \n            \n            \n                <div class=\"lae-project-image\">\n\n                    \n                    \n                    \n                        <a href=\"https:\/\/www.mathezfreight.com\/fr\/blog\/derriere-2-gazelles-sur-le-rallye-aicha-au-maroc\/\"><img decoding=\"async\" width=\"274\" height=\"183\" src=\"https:\/\/www.mathezfreight.com\/wp-content\/uploads\/photo-gazelles-desert-274x183.png\" class=\"lae-image attachment-mti-small-classic size-mti-small-classic\" alt=\"2 gazelles dans le d\u00e9sert avec MATHEZ FREIGHT\" title=\"2 gazelles dans le d\u00e9sert avec MATHEZ FREIGHT\" srcset=\"https:\/\/www.mathezfreight.com\/wp-content\/uploads\/photo-gazelles-desert-274x183.png 274w, https:\/\/www.mathezfreight.com\/wp-content\/uploads\/photo-gazelles-desert-375x250.png 375w\" sizes=\"(max-width: 274px) 100vw, 274px\" \/><\/a>\n\n                    \n                    \n                        <div class=\"lae-image-info\">\n\n                            <div class=\"lae-entry-info\">\n\n                                \n                                    <h3 class=\"lae-post-title\">\n\n                                        <a href=\"https:\/\/www.mathezfreight.com\/fr\/blog\/derriere-2-gazelles-sur-le-rallye-aicha-au-maroc\/\" title=\"Derri\u00e8re 2 gazelles sur le Rallye A\u00efcha au Maroc\"\n                                           rel=\"bookmark\">Derri\u00e8re 2 gazelles sur le Rallye A\u00efcha au Maroc<\/a>\n\n                                    <\/h3>\n\n                                \n                                \n                                    <span class=\"lae-terms\"><a href=\"https:\/\/www.mathezfreight.com\/fr\/blog\/categorie\/corporate\/\">Corporate<\/a><\/span>\n                                \n                            <\/div>\n\n                        <\/div><!-- .lae-image-info -->\n\n                    \n                <\/div>\n\n            \n            \n                <div class=\"lae-entry-text-wrap \">\n\n                    \n                        <h3 class=\"entry-title\">\n\n                            <a href=\"https:\/\/www.mathezfreight.com\/fr\/blog\/derriere-2-gazelles-sur-le-rallye-aicha-au-maroc\/\" title=\"Derri\u00e8re 2 gazelles sur le Rallye A\u00efcha au Maroc\"\n                               rel=\"bookmark\">Derri\u00e8re 2 gazelles sur le Rallye A\u00efcha au Maroc<\/a>\n\n                        <\/h3>\n\n                    \n                    \n                    \n                    \n                <\/div>\n\n            \n        \n    <\/article><!-- .hentry -->\n\n<\/div><!-- .lae-posts-carousel-item -->\n<div data-id=\"id-58607\" class=\"lae-posts-carousel-item\">\n\n    <article id=\"post-58607\" class=\"post-58607 post type-post status-publish format-standard has-post-thumbnail hentry category-presse tag-arts tag-international tag-transport-voitures cibles-arts cibles-valeurs cibles-voitures cibles-yachts\">\n\n        \n            \n            \n            \n                <div class=\"lae-project-image\">\n\n                    \n                    \n                    \n                        <a href=\"https:\/\/www.mathezfreight.com\/fr\/blog\/transport-art-prestige-france\/\"><img decoding=\"async\" width=\"274\" height=\"183\" src=\"https:\/\/www.mathezfreight.com\/wp-content\/uploads\/photo-journal-depositphotos_326235320_L-274x183.jpg\" class=\"lae-image attachment-mti-small-classic size-mti-small-classic\" alt=\"MATHEZ FREIGHT dans la presse\" title=\"MATHEZ FREIGHT dans la presse\" srcset=\"https:\/\/www.mathezfreight.com\/wp-content\/uploads\/photo-journal-depositphotos_326235320_L-274x183.jpg 274w, https:\/\/www.mathezfreight.com\/wp-content\/uploads\/photo-journal-depositphotos_326235320_L-375x250.jpg 375w\" sizes=\"(max-width: 274px) 100vw, 274px\" \/><\/a>\n\n                    \n                    \n                        <div class=\"lae-image-info\">\n\n                            <div class=\"lae-entry-info\">\n\n                                \n                                    <h3 class=\"lae-post-title\">\n\n                                        <a href=\"https:\/\/www.mathezfreight.com\/fr\/blog\/transport-art-prestige-france\/\" title=\"MATHEZ FREIGHT \u2013 l\u2019excellence fran\u00e7aise du transport d\u2019art et de prestige\"\n                                           rel=\"bookmark\">MATHEZ FREIGHT \u2013 l\u2019excellence fran\u00e7aise du transport d\u2019art et de prestige<\/a>\n\n                                    <\/h3>\n\n                                \n                                \n                                    <span class=\"lae-terms\"><a href=\"https:\/\/www.mathezfreight.com\/fr\/blog\/categorie\/presse\/\">Dans la presse<\/a><\/span>\n                                \n                            <\/div>\n\n                        <\/div><!-- .lae-image-info -->\n\n                    \n                <\/div>\n\n            \n            \n                <div class=\"lae-entry-text-wrap \">\n\n                    \n                        <h3 class=\"entry-title\">\n\n                            <a href=\"https:\/\/www.mathezfreight.com\/fr\/blog\/transport-art-prestige-france\/\" title=\"MATHEZ FREIGHT \u2013 l\u2019excellence fran\u00e7aise du transport d\u2019art et de prestige\"\n                               rel=\"bookmark\">MATHEZ FREIGHT \u2013 l\u2019excellence fran\u00e7aise du transport d\u2019art et de prestige<\/a>\n\n                        <\/h3>\n\n                    \n                    \n                    \n                    \n                <\/div>\n\n            \n        \n    <\/article><!-- .hentry -->\n\n<\/div><!-- .lae-posts-carousel-item -->\n<div data-id=\"id-58283\" class=\"lae-posts-carousel-item\">\n\n    <article id=\"post-58283\" class=\"post-58283 post type-post status-publish format-standard has-post-thumbnail hentry category-operations tag-hors-gabarit tag-maritime tag-transport-voitures tag-turquie cibles-agences-sud cibles-import cibles-maritime cibles-voitures\">\n\n        \n            \n            \n            \n                <div class=\"lae-project-image\">\n\n                    \n                    \n                    \n                        <a href=\"https:\/\/www.mathezfreight.com\/fr\/blog\/import-tiny-houses-turquie\/\"><img decoding=\"async\" width=\"274\" height=\"183\" src=\"https:\/\/www.mathezfreight.com\/wp-content\/uploads\/photo_tiny_house_turquie_1220-274x183.jpg\" class=\"lae-image attachment-mti-small-classic size-mti-small-classic\" alt=\"photo_tiny_house_turquie_1220\" title=\"photo_tiny_house_turquie_1220\" srcset=\"https:\/\/www.mathezfreight.com\/wp-content\/uploads\/photo_tiny_house_turquie_1220-274x183.jpg 274w, https:\/\/www.mathezfreight.com\/wp-content\/uploads\/photo_tiny_house_turquie_1220-375x250.jpg 375w\" sizes=\"(max-width: 274px) 100vw, 274px\" \/><\/a>\n\n                    \n                    \n                        <div class=\"lae-image-info\">\n\n                            <div class=\"lae-entry-info\">\n\n                                \n                                    <h3 class=\"lae-post-title\">\n\n                                        <a href=\"https:\/\/www.mathezfreight.com\/fr\/blog\/import-tiny-houses-turquie\/\" title=\"Import de tiny houses depuis la Turquie : un transport sur mesure\"\n                                           rel=\"bookmark\">Import de tiny houses depuis la Turquie : un transport sur mesure<\/a>\n\n                                    <\/h3>\n\n                                \n                                \n                                    <span class=\"lae-terms\"><a href=\"https:\/\/www.mathezfreight.com\/fr\/blog\/categorie\/operations\/\">Op\u00e9rations<\/a><\/span>\n                                \n                            <\/div>\n\n                        <\/div><!-- .lae-image-info -->\n\n                    \n                <\/div>\n\n            \n            \n                <div class=\"lae-entry-text-wrap \">\n\n                    \n                        <h3 class=\"entry-title\">\n\n                            <a href=\"https:\/\/www.mathezfreight.com\/fr\/blog\/import-tiny-houses-turquie\/\" title=\"Import de tiny houses depuis la Turquie : un transport sur mesure\"\n                               rel=\"bookmark\">Import de tiny houses depuis la Turquie : un transport sur mesure<\/a>\n\n                        <\/h3>\n\n                    \n                    \n                    \n                    \n                <\/div>\n\n            \n        \n    <\/article><!-- .hentry -->\n\n<\/div><!-- .lae-posts-carousel-item -->\n<div data-id=\"id-55984\" class=\"lae-posts-carousel-item\">\n\n    <article id=\"post-55984\" class=\"post-55984 post type-post status-publish format-standard has-post-thumbnail hentry category-operations cibles-agences cibles-agences-nord cibles-maritime cibles-voitures\">\n\n        \n            \n            \n            \n                <div class=\"lae-project-image\">\n\n                    \n                    \n                    \n                        <a href=\"https:\/\/www.mathezfreight.com\/fr\/blog\/jeep-du-debarquement-de-la-normandie-a-lamerique-un-voyage-de-80-ans\/\"><img decoding=\"async\" width=\"274\" height=\"183\" src=\"https:\/\/www.mathezfreight.com\/wp-content\/uploads\/photo-normandie-09-274x183.jpg\" class=\"lae-image attachment-mti-small-classic size-mti-small-classic\" alt=\"C\u00e9r\u00e9monie du D\u00e9barquement de Normandie\" title=\"C\u00e9r\u00e9monie du D\u00e9barquement de Normandie - Youtube Epi du hameau\" srcset=\"https:\/\/www.mathezfreight.com\/wp-content\/uploads\/photo-normandie-09-274x183.jpg 274w, https:\/\/www.mathezfreight.com\/wp-content\/uploads\/photo-normandie-09-375x250.jpg 375w\" sizes=\"(max-width: 274px) 100vw, 274px\" \/><\/a>\n\n                    \n                    \n                        <div class=\"lae-image-info\">\n\n                            <div class=\"lae-entry-info\">\n\n                                \n                                    <h3 class=\"lae-post-title\">\n\n                                        <a href=\"https:\/\/www.mathezfreight.com\/fr\/blog\/jeep-du-debarquement-de-la-normandie-a-lamerique-un-voyage-de-80-ans\/\" title=\"Jeep du d\u00e9barquement: De la Normandie \u00e0 l&rsquo;Am\u00e9rique, un voyage de 80 Ans\"\n                                           rel=\"bookmark\">Jeep du d\u00e9barquement: De la Normandie \u00e0 l&rsquo;Am\u00e9rique, un voyage de 80 Ans<\/a>\n\n                                    <\/h3>\n\n                                \n                                \n                                    <span class=\"lae-terms\"><a href=\"https:\/\/www.mathezfreight.com\/fr\/blog\/categorie\/operations\/\">Op\u00e9rations<\/a><\/span>\n                                \n                            <\/div>\n\n                        <\/div><!-- .lae-image-info -->\n\n                    \n                <\/div>\n\n            \n            \n                <div class=\"lae-entry-text-wrap \">\n\n                    \n                        <h3 class=\"entry-title\">\n\n                            <a href=\"https:\/\/www.mathezfreight.com\/fr\/blog\/jeep-du-debarquement-de-la-normandie-a-lamerique-un-voyage-de-80-ans\/\" title=\"Jeep du d\u00e9barquement: De la Normandie \u00e0 l&rsquo;Am\u00e9rique, un voyage de 80 Ans\"\n                               rel=\"bookmark\">Jeep du d\u00e9barquement: De la Normandie \u00e0 l&rsquo;Am\u00e9rique, un voyage de 80 Ans<\/a>\n\n                        <\/h3>\n\n                    \n                    \n                    \n                    \n                <\/div>\n\n            \n        \n    <\/article><!-- .hentry -->\n\n<\/div><!-- .lae-posts-carousel-item --><\/div><!-- .lae-posts-carousel -->\t\t\t\t<\/div>\n\t\t\t\t<\/div>\n\t\t\t\t\t<\/div>\n\t\t<\/div>\n\t\t\t\t\t<\/div>\n\t\t<\/aside>\n\t\t\t\t<\/div>\n\t\t","protected":false},"excerpt":{"rendered":"<p>MATHEZ FREIGHT soutient deux Gazelles dans le d\u00e9sert, \u00e0 l&rsquo;assaut du Rallye A\u00efcha des Gazelles du Maroc. <\/p>\n","protected":false},"author":130,"featured_media":55412,"comment_status":"open","ping_status":"open","sticky":false,"template":"page-mti-a4.php","format":"standard","meta":{"iawp_total_views":20,"footnotes":""},"categories":[453],"tags":[],"cibles":[266],"class_list":["post-55404","post","type-post","status-publish","format-standard","has-post-thumbnail","hentry","category-corporate","cibles-voitures"],"yoast_head":"<!-- This site is optimized with the Yoast SEO Premium plugin v27.4 (Yoast SEO v27.4) - https:\/\/yoast.com\/product\/yoast-seo-premium-wordpress\/ -->\n<title>Derri\u00e8re 2 gazelles sur le Rallye A\u00efcha au Maroc - MATHEZ FREIGHT<\/title>\n<meta name=\"description\" content=\"MATHEZ FREIGHT soutient deux Gazelles dans le d\u00e9sert, \u00e0 l&#039;assaut du Rallye A\u00efcha des Gazelles du Maroc.\" \/>\n<meta name=\"robots\" content=\"index, follow, max-snippet:-1, max-image-preview:large, max-video-preview:-1\" \/>\n<link rel=\"canonical\" href=\"https:\/\/www.mathezfreight.com\/fr\/blog\/derriere-2-gazelles-sur-le-rallye-aicha-au-maroc\/\" \/>\n<meta property=\"og:locale\" content=\"fr_FR\" \/>\n<meta property=\"og:type\" content=\"article\" \/>\n<meta property=\"og:title\" content=\"Derri\u00e8re 2 gazelles sur le Rallye A\u00efcha au Maroc\" \/>\n<meta property=\"og:description\" content=\"MATHEZ FREIGHT soutient deux Gazelles dans le d\u00e9sert, \u00e0 l&#039;assaut du Rallye A\u00efcha des Gazelles du Maroc.\" \/>\n<meta property=\"og:url\" content=\"https:\/\/www.mathezfreight.com\/fr\/blog\/derriere-2-gazelles-sur-le-rallye-aicha-au-maroc\/\" \/>\n<meta property=\"og:site_name\" content=\"MATHEZ FREIGHT\" \/>\n<meta property=\"article:publisher\" content=\"https:\/\/www.facebook.com\/MathezFreight\/\" \/>\n<meta property=\"article:published_time\" content=\"2025-04-23T14:35:20+00:00\" \/>\n<meta property=\"article:modified_time\" content=\"2026-02-24T16:57:57+00:00\" \/>\n<meta property=\"og:image\" content=\"https:\/\/www.mathezfreight.com\/wp-content\/uploads\/photo-gazelles-desert.png\" \/>\n\t<meta property=\"og:image:width\" content=\"1220\" \/>\n\t<meta property=\"og:image:height\" content=\"406\" \/>\n\t<meta property=\"og:image:type\" content=\"image\/png\" \/>\n<meta name=\"author\" content=\"Fr\u00e9d\u00e9ric Mercier\" \/>\n<meta name=\"twitter:card\" content=\"summary_large_image\" \/>\n<meta name=\"twitter:creator\" content=\"@DavidP\" \/>\n<meta name=\"twitter:site\" content=\"@MathezFreight\" \/>\n<meta name=\"twitter:label1\" content=\"\u00c9crit par\" \/>\n\t<meta name=\"twitter:data1\" content=\"Fr\u00e9d\u00e9ric Mercier\" \/>\n\t<meta name=\"twitter:label2\" content=\"Dur\u00e9e de lecture estim\u00e9e\" \/>\n\t<meta name=\"twitter:data2\" content=\"14 minutes\" \/>\n<script type=\"application\/ld+json\" class=\"yoast-schema-graph\">{\"@context\":\"https:\\\/\\\/schema.org\",\"@graph\":[{\"@type\":\"Article\",\"@id\":\"https:\\\/\\\/www.mathezfreight.com\\\/fr\\\/blog\\\/derriere-2-gazelles-sur-le-rallye-aicha-au-maroc\\\/#article\",\"isPartOf\":{\"@id\":\"https:\\\/\\\/www.mathezfreight.com\\\/fr\\\/blog\\\/derriere-2-gazelles-sur-le-rallye-aicha-au-maroc\\\/\"},\"author\":{\"name\":\"Fr\u00e9d\u00e9ric Mercier\",\"@id\":\"https:\\\/\\\/www.mathezfreight.com\\\/fr\\\/#\\\/schema\\\/person\\\/94914cc381c671e9a29be453a8211aab\"},\"headline\":\"Derri\u00e8re 2 gazelles sur le Rallye A\u00efcha au Maroc\",\"datePublished\":\"2025-04-23T14:35:20+00:00\",\"dateModified\":\"2026-02-24T16:57:57+00:00\",\"mainEntityOfPage\":{\"@id\":\"https:\\\/\\\/www.mathezfreight.com\\\/fr\\\/blog\\\/derriere-2-gazelles-sur-le-rallye-aicha-au-maroc\\\/\"},\"wordCount\":607,\"commentCount\":0,\"publisher\":{\"@id\":\"https:\\\/\\\/www.mathezfreight.com\\\/fr\\\/#organization\"},\"image\":{\"@id\":\"https:\\\/\\\/www.mathezfreight.com\\\/fr\\\/blog\\\/derriere-2-gazelles-sur-le-rallye-aicha-au-maroc\\\/#primaryimage\"},\"thumbnailUrl\":\"https:\\\/\\\/www.mathezfreight.com\\\/wp-content\\\/uploads\\\/photo-gazelles-desert.png\",\"articleSection\":[\"Corporate\"],\"inLanguage\":\"fr-FR\",\"potentialAction\":[{\"@type\":\"CommentAction\",\"name\":\"Comment\",\"target\":[\"https:\\\/\\\/www.mathezfreight.com\\\/fr\\\/blog\\\/derriere-2-gazelles-sur-le-rallye-aicha-au-maroc\\\/#respond\"]}]},{\"@type\":\"WebPage\",\"@id\":\"https:\\\/\\\/www.mathezfreight.com\\\/fr\\\/blog\\\/derriere-2-gazelles-sur-le-rallye-aicha-au-maroc\\\/\",\"url\":\"https:\\\/\\\/www.mathezfreight.com\\\/fr\\\/blog\\\/derriere-2-gazelles-sur-le-rallye-aicha-au-maroc\\\/\",\"name\":\"Derri\u00e8re 2 gazelles sur le Rallye A\u00efcha au Maroc - MATHEZ FREIGHT\",\"isPartOf\":{\"@id\":\"https:\\\/\\\/www.mathezfreight.com\\\/fr\\\/#website\"},\"primaryImageOfPage\":{\"@id\":\"https:\\\/\\\/www.mathezfreight.com\\\/fr\\\/blog\\\/derriere-2-gazelles-sur-le-rallye-aicha-au-maroc\\\/#primaryimage\"},\"image\":{\"@id\":\"https:\\\/\\\/www.mathezfreight.com\\\/fr\\\/blog\\\/derriere-2-gazelles-sur-le-rallye-aicha-au-maroc\\\/#primaryimage\"},\"thumbnailUrl\":\"https:\\\/\\\/www.mathezfreight.com\\\/wp-content\\\/uploads\\\/photo-gazelles-desert.png\",\"datePublished\":\"2025-04-23T14:35:20+00:00\",\"dateModified\":\"2026-02-24T16:57:57+00:00\",\"description\":\"MATHEZ FREIGHT soutient deux Gazelles dans le d\u00e9sert, \u00e0 l'assaut du Rallye A\u00efcha des Gazelles du Maroc.\",\"breadcrumb\":{\"@id\":\"https:\\\/\\\/www.mathezfreight.com\\\/fr\\\/blog\\\/derriere-2-gazelles-sur-le-rallye-aicha-au-maroc\\\/#breadcrumb\"},\"inLanguage\":\"fr-FR\",\"potentialAction\":[{\"@type\":\"ReadAction\",\"target\":[\"https:\\\/\\\/www.mathezfreight.com\\\/fr\\\/blog\\\/derriere-2-gazelles-sur-le-rallye-aicha-au-maroc\\\/\"]}]},{\"@type\":\"ImageObject\",\"inLanguage\":\"fr-FR\",\"@id\":\"https:\\\/\\\/www.mathezfreight.com\\\/fr\\\/blog\\\/derriere-2-gazelles-sur-le-rallye-aicha-au-maroc\\\/#primaryimage\",\"url\":\"https:\\\/\\\/www.mathezfreight.com\\\/wp-content\\\/uploads\\\/photo-gazelles-desert.png\",\"contentUrl\":\"https:\\\/\\\/www.mathezfreight.com\\\/wp-content\\\/uploads\\\/photo-gazelles-desert.png\",\"width\":1220,\"height\":406,\"caption\":\"2 gazelles dans le d\u00e9sert avec MATHEZ FREIGHT\"},{\"@type\":\"BreadcrumbList\",\"@id\":\"https:\\\/\\\/www.mathezfreight.com\\\/fr\\\/blog\\\/derriere-2-gazelles-sur-le-rallye-aicha-au-maroc\\\/#breadcrumb\",\"itemListElement\":[{\"@type\":\"ListItem\",\"position\":1,\"name\":\"Home\",\"item\":\"https:\\\/\\\/www.mathezfreight.com\\\/fr\\\/\"},{\"@type\":\"ListItem\",\"position\":2,\"name\":\"Corporate\",\"item\":\"https:\\\/\\\/www.mathezfreight.com\\\/fr\\\/blog\\\/categorie\\\/corporate\\\/\"},{\"@type\":\"ListItem\",\"position\":3,\"name\":\"Derri\u00e8re 2 gazelles sur le Rallye A\u00efcha au Maroc\"}]},{\"@type\":\"WebSite\",\"@id\":\"https:\\\/\\\/www.mathezfreight.com\\\/fr\\\/#website\",\"url\":\"https:\\\/\\\/www.mathezfreight.com\\\/fr\\\/\",\"name\":\"MATHEZ FREIGHT\",\"description\":\"Solutions transport sur mesure, suivies, efficaces\",\"publisher\":{\"@id\":\"https:\\\/\\\/www.mathezfreight.com\\\/fr\\\/#organization\"},\"alternateName\":\"MATHEZ TRANSPORTS INTERNATIONAUX\",\"potentialAction\":[{\"@type\":\"SearchAction\",\"target\":{\"@type\":\"EntryPoint\",\"urlTemplate\":\"https:\\\/\\\/www.mathezfreight.com\\\/fr\\\/?s={search_term_string}\"},\"query-input\":{\"@type\":\"PropertyValueSpecification\",\"valueRequired\":true,\"valueName\":\"search_term_string\"}}],\"inLanguage\":\"fr-FR\"},{\"@type\":\"Organization\",\"@id\":\"https:\\\/\\\/www.mathezfreight.com\\\/fr\\\/#organization\",\"name\":\"MATHEZ FREIGHT\",\"alternateName\":\"MATHEZ TRANSPORTS INTERNATIONAUX\",\"url\":\"https:\\\/\\\/www.mathezfreight.com\\\/fr\\\/\",\"logo\":{\"@type\":\"ImageObject\",\"inLanguage\":\"fr-FR\",\"@id\":\"https:\\\/\\\/www.mathezfreight.com\\\/fr\\\/#\\\/schema\\\/logo\\\/image\\\/\",\"url\":\"https:\\\/\\\/www.mathezfreight.com\\\/wp-content\\\/uploads\\\/logo-mathez-freight-400pxw.png\",\"contentUrl\":\"https:\\\/\\\/www.mathezfreight.com\\\/wp-content\\\/uploads\\\/logo-mathez-freight-400pxw.png\",\"width\":400,\"height\":136,\"caption\":\"MATHEZ FREIGHT\"},\"image\":{\"@id\":\"https:\\\/\\\/www.mathezfreight.com\\\/fr\\\/#\\\/schema\\\/logo\\\/image\\\/\"},\"sameAs\":[\"https:\\\/\\\/www.facebook.com\\\/MathezFreight\\\/\",\"https:\\\/\\\/x.com\\\/MathezFreight\",\"https:\\\/\\\/www.linkedin.com\\\/company\\\/mathezfreight\\\/\"],\"description\":\"Transitaire fran\u00e7ais, organisateur de transport international: fret a\u00e9rien, fret maritime, commissionnaire en douane agr\u00e9\u00e9 OEA-Full. 17 agences en France sur tous les principaux ports et a\u00e9roports.\",\"email\":\"web@mathezfreight.com\",\"telephone\":\"+33.497257825\",\"legalName\":\"MATHEZ TRANSPORTS INTERNATIONAUX\",\"foundingDate\":\"1950-01-01\",\"numberOfEmployees\":{\"@type\":\"QuantitativeValue\",\"minValue\":\"51\",\"maxValue\":\"200\"}},{\"@type\":\"Person\",\"@id\":\"https:\\\/\\\/www.mathezfreight.com\\\/fr\\\/#\\\/schema\\\/person\\\/94914cc381c671e9a29be453a8211aab\",\"name\":\"Fr\u00e9d\u00e9ric Mercier\",\"sameAs\":[\"https:\\\/\\\/x.com\\\/DavidP\"]}]}<\/script>\n<!-- \/ Yoast SEO Premium plugin. -->","yoast_head_json":{"title":"Derri\u00e8re 2 gazelles sur le Rallye A\u00efcha au Maroc - MATHEZ FREIGHT","description":"MATHEZ FREIGHT soutient deux Gazelles dans le d\u00e9sert, \u00e0 l'assaut du Rallye A\u00efcha des Gazelles du Maroc.","robots":{"index":"index","follow":"follow","max-snippet":"max-snippet:-1","max-image-preview":"max-image-preview:large","max-video-preview":"max-video-preview:-1"},"canonical":"https:\/\/www.mathezfreight.com\/fr\/blog\/derriere-2-gazelles-sur-le-rallye-aicha-au-maroc\/","og_locale":"fr_FR","og_type":"article","og_title":"Derri\u00e8re 2 gazelles sur le Rallye A\u00efcha au Maroc","og_description":"MATHEZ FREIGHT soutient deux Gazelles dans le d\u00e9sert, \u00e0 l'assaut du Rallye A\u00efcha des Gazelles du Maroc.","og_url":"https:\/\/www.mathezfreight.com\/fr\/blog\/derriere-2-gazelles-sur-le-rallye-aicha-au-maroc\/","og_site_name":"MATHEZ FREIGHT","article_publisher":"https:\/\/www.facebook.com\/MathezFreight\/","article_published_time":"2025-04-23T14:35:20+00:00","article_modified_time":"2026-02-24T16:57:57+00:00","og_image":[{"width":1220,"height":406,"url":"https:\/\/www.mathezfreight.com\/wp-content\/uploads\/photo-gazelles-desert.png","type":"image\/png"}],"author":"Fr\u00e9d\u00e9ric Mercier","twitter_card":"summary_large_image","twitter_creator":"@DavidP","twitter_site":"@MathezFreight","twitter_misc":{"\u00c9crit par":"Fr\u00e9d\u00e9ric Mercier","Dur\u00e9e de lecture estim\u00e9e":"14 minutes"},"schema":{"@context":"https:\/\/schema.org","@graph":[{"@type":"Article","@id":"https:\/\/www.mathezfreight.com\/fr\/blog\/derriere-2-gazelles-sur-le-rallye-aicha-au-maroc\/#article","isPartOf":{"@id":"https:\/\/www.mathezfreight.com\/fr\/blog\/derriere-2-gazelles-sur-le-rallye-aicha-au-maroc\/"},"author":{"name":"Fr\u00e9d\u00e9ric Mercier","@id":"https:\/\/www.mathezfreight.com\/fr\/#\/schema\/person\/94914cc381c671e9a29be453a8211aab"},"headline":"Derri\u00e8re 2 gazelles sur le Rallye A\u00efcha au Maroc","datePublished":"2025-04-23T14:35:20+00:00","dateModified":"2026-02-24T16:57:57+00:00","mainEntityOfPage":{"@id":"https:\/\/www.mathezfreight.com\/fr\/blog\/derriere-2-gazelles-sur-le-rallye-aicha-au-maroc\/"},"wordCount":607,"commentCount":0,"publisher":{"@id":"https:\/\/www.mathezfreight.com\/fr\/#organization"},"image":{"@id":"https:\/\/www.mathezfreight.com\/fr\/blog\/derriere-2-gazelles-sur-le-rallye-aicha-au-maroc\/#primaryimage"},"thumbnailUrl":"https:\/\/www.mathezfreight.com\/wp-content\/uploads\/photo-gazelles-desert.png","articleSection":["Corporate"],"inLanguage":"fr-FR","potentialAction":[{"@type":"CommentAction","name":"Comment","target":["https:\/\/www.mathezfreight.com\/fr\/blog\/derriere-2-gazelles-sur-le-rallye-aicha-au-maroc\/#respond"]}]},{"@type":"WebPage","@id":"https:\/\/www.mathezfreight.com\/fr\/blog\/derriere-2-gazelles-sur-le-rallye-aicha-au-maroc\/","url":"https:\/\/www.mathezfreight.com\/fr\/blog\/derriere-2-gazelles-sur-le-rallye-aicha-au-maroc\/","name":"Derri\u00e8re 2 gazelles sur le Rallye A\u00efcha au Maroc - MATHEZ FREIGHT","isPartOf":{"@id":"https:\/\/www.mathezfreight.com\/fr\/#website"},"primaryImageOfPage":{"@id":"https:\/\/www.mathezfreight.com\/fr\/blog\/derriere-2-gazelles-sur-le-rallye-aicha-au-maroc\/#primaryimage"},"image":{"@id":"https:\/\/www.mathezfreight.com\/fr\/blog\/derriere-2-gazelles-sur-le-rallye-aicha-au-maroc\/#primaryimage"},"thumbnailUrl":"https:\/\/www.mathezfreight.com\/wp-content\/uploads\/photo-gazelles-desert.png","datePublished":"2025-04-23T14:35:20+00:00","dateModified":"2026-02-24T16:57:57+00:00","description":"MATHEZ FREIGHT soutient deux Gazelles dans le d\u00e9sert, \u00e0 l'assaut du Rallye A\u00efcha des Gazelles du Maroc.","breadcrumb":{"@id":"https:\/\/www.mathezfreight.com\/fr\/blog\/derriere-2-gazelles-sur-le-rallye-aicha-au-maroc\/#breadcrumb"},"inLanguage":"fr-FR","potentialAction":[{"@type":"ReadAction","target":["https:\/\/www.mathezfreight.com\/fr\/blog\/derriere-2-gazelles-sur-le-rallye-aicha-au-maroc\/"]}]},{"@type":"ImageObject","inLanguage":"fr-FR","@id":"https:\/\/www.mathezfreight.com\/fr\/blog\/derriere-2-gazelles-sur-le-rallye-aicha-au-maroc\/#primaryimage","url":"https:\/\/www.mathezfreight.com\/wp-content\/uploads\/photo-gazelles-desert.png","contentUrl":"https:\/\/www.mathezfreight.com\/wp-content\/uploads\/photo-gazelles-desert.png","width":1220,"height":406,"caption":"2 gazelles dans le d\u00e9sert avec MATHEZ FREIGHT"},{"@type":"BreadcrumbList","@id":"https:\/\/www.mathezfreight.com\/fr\/blog\/derriere-2-gazelles-sur-le-rallye-aicha-au-maroc\/#breadcrumb","itemListElement":[{"@type":"ListItem","position":1,"name":"Home","item":"https:\/\/www.mathezfreight.com\/fr\/"},{"@type":"ListItem","position":2,"name":"Corporate","item":"https:\/\/www.mathezfreight.com\/fr\/blog\/categorie\/corporate\/"},{"@type":"ListItem","position":3,"name":"Derri\u00e8re 2 gazelles sur le Rallye A\u00efcha au Maroc"}]},{"@type":"WebSite","@id":"https:\/\/www.mathezfreight.com\/fr\/#website","url":"https:\/\/www.mathezfreight.com\/fr\/","name":"MATHEZ FREIGHT","description":"Solutions transport sur mesure, suivies, efficaces","publisher":{"@id":"https:\/\/www.mathezfreight.com\/fr\/#organization"},"alternateName":"MATHEZ TRANSPORTS INTERNATIONAUX","potentialAction":[{"@type":"SearchAction","target":{"@type":"EntryPoint","urlTemplate":"https:\/\/www.mathezfreight.com\/fr\/?s={search_term_string}"},"query-input":{"@type":"PropertyValueSpecification","valueRequired":true,"valueName":"search_term_string"}}],"inLanguage":"fr-FR"},{"@type":"Organization","@id":"https:\/\/www.mathezfreight.com\/fr\/#organization","name":"MATHEZ FREIGHT","alternateName":"MATHEZ TRANSPORTS INTERNATIONAUX","url":"https:\/\/www.mathezfreight.com\/fr\/","logo":{"@type":"ImageObject","inLanguage":"fr-FR","@id":"https:\/\/www.mathezfreight.com\/fr\/#\/schema\/logo\/image\/","url":"https:\/\/www.mathezfreight.com\/wp-content\/uploads\/logo-mathez-freight-400pxw.png","contentUrl":"https:\/\/www.mathezfreight.com\/wp-content\/uploads\/logo-mathez-freight-400pxw.png","width":400,"height":136,"caption":"MATHEZ FREIGHT"},"image":{"@id":"https:\/\/www.mathezfreight.com\/fr\/#\/schema\/logo\/image\/"},"sameAs":["https:\/\/www.facebook.com\/MathezFreight\/","https:\/\/x.com\/MathezFreight","https:\/\/www.linkedin.com\/company\/mathezfreight\/"],"description":"Transitaire fran\u00e7ais, organisateur de transport international: fret a\u00e9rien, fret maritime, commissionnaire en douane agr\u00e9\u00e9 OEA-Full. 17 agences en France sur tous les principaux ports et a\u00e9roports.","email":"web@mathezfreight.com","telephone":"+33.497257825","legalName":"MATHEZ TRANSPORTS INTERNATIONAUX","foundingDate":"1950-01-01","numberOfEmployees":{"@type":"QuantitativeValue","minValue":"51","maxValue":"200"}},{"@type":"Person","@id":"https:\/\/www.mathezfreight.com\/fr\/#\/schema\/person\/94914cc381c671e9a29be453a8211aab","name":"Fr\u00e9d\u00e9ric Mercier","sameAs":["https:\/\/x.com\/DavidP"]}]}},"_links":{"self":[{"href":"https:\/\/www.mathezfreight.com\/fr\/wp-json\/wp\/v2\/posts\/55404","targetHints":{"allow":["GET"]}}],"collection":[{"href":"https:\/\/www.mathezfreight.com\/fr\/wp-json\/wp\/v2\/posts"}],"about":[{"href":"https:\/\/www.mathezfreight.com\/fr\/wp-json\/wp\/v2\/types\/post"}],"author":[{"embeddable":true,"href":"https:\/\/www.mathezfreight.com\/fr\/wp-json\/wp\/v2\/users\/130"}],"replies":[{"embeddable":true,"href":"https:\/\/www.mathezfreight.com\/fr\/wp-json\/wp\/v2\/comments?post=55404"}],"version-history":[{"count":1,"href":"https:\/\/www.mathezfreight.com\/fr\/wp-json\/wp\/v2\/posts\/55404\/revisions"}],"predecessor-version":[{"id":66622,"href":"https:\/\/www.mathezfreight.com\/fr\/wp-json\/wp\/v2\/posts\/55404\/revisions\/66622"}],"wp:featuredmedia":[{"embeddable":true,"href":"https:\/\/www.mathezfreight.com\/fr\/wp-json\/wp\/v2\/media\/55412"}],"wp:attachment":[{"href":"https:\/\/www.mathezfreight.com\/fr\/wp-json\/wp\/v2\/media?parent=55404"}],"wp:term":[{"taxonomy":"category","embeddable":true,"href":"https:\/\/www.mathezfreight.com\/fr\/wp-json\/wp\/v2\/categories?post=55404"},{"taxonomy":"post_tag","embeddable":true,"href":"https:\/\/www.mathezfreight.com\/fr\/wp-json\/wp\/v2\/tags?post=55404"},{"taxonomy":"cibles","embeddable":true,"href":"https:\/\/www.mathezfreight.com\/fr\/wp-json\/wp\/v2\/cibles?post=55404"}],"curies":[{"name":"wp","href":"https:\/\/api.w.org\/{rel}","templated":true}]}}