{"id":52895,"date":"2024-03-26T13:54:28","date_gmt":"2024-03-26T13:54:28","guid":{"rendered":"https:\/\/www.mathezfreight.com\/?p=52895"},"modified":"2026-02-03T11:37:00","modified_gmt":"2026-02-03T11:37:00","slug":"origine-preferentielle","status":"publish","type":"post","link":"https:\/\/www.mathezfreight.com\/fr\/blog\/origine-preferentielle\/","title":{"rendered":"L&rsquo;origine pr\u00e9f\u00e9rentielle: un levier de comp\u00e9titivit\u00e9 pour les entreprises"},"content":{"rendered":"\t\t<div data-elementor-type=\"wp-post\" data-elementor-id=\"52895\" class=\"elementor elementor-52895\" data-elementor-post-type=\"post\">\n\t\t\t\t\t\t<div class=\"elementor-section elementor-top-section elementor-element elementor-element-25ac58f elementor-section-stretched elementor-section-full_width mti-page-header bg-articles elementor-section-height-default elementor-section-height-default default-style elementor-invisible\" data-id=\"25ac58f\" data-element_type=\"section\" data-e-type=\"section\" id=\"mti-page-header\" data-settings=\"{&quot;stretch_section&quot;:&quot;section-stretched&quot;,&quot;animation&quot;:&quot;fadeIn&quot;,&quot;rt_color_sets&quot;:&quot;default-style&quot;}\">\n\t\t\t\t\t\t<div class=\"elementor-container elementor-column-gap-no\">\n\t\t\t\t\t<div class=\"elementor-column elementor-col-100 elementor-top-column elementor-element elementor-element-c3af877\" data-id=\"c3af877\" data-element_type=\"column\" data-e-type=\"column\">\n\t\t\t<div class=\"elementor-widget-wrap elementor-element-populated\">\n\t\t\t\t\t\t<div class=\"elementor-element elementor-element-354bdad elementor-widget elementor-widget-theme-post-featured-image elementor-widget-image\" data-id=\"354bdad\" data-element_type=\"widget\" data-e-type=\"widget\" data-widget_type=\"theme-post-featured-image.default\">\n\t\t\t\t<div class=\"elementor-widget-container\">\n\t\t\t\t\t\t\t\t\t\t\t\t\t\t\t<img decoding=\"async\" width=\"1220\" height=\"406\" src=\"https:\/\/www.mathezfreight.com\/wp-content\/uploads\/photo-douane-1220x406.jpg\" class=\"attachment-mti-flat-banner size-mti-flat-banner wp-image-52919\" alt=\"origine preferentielle\" \/>\t\t\t\t\t\t\t\t\t\t\t\t\t\t\t<\/div>\n\t\t\t\t<\/div>\n\t\t\t\t\t<\/div>\n\t\t<\/div>\n\t\t\t\t\t<\/div>\n\t\t<\/div>\n\t\t\t\t<div class=\"elementor-section elementor-top-section elementor-element elementor-element-e862999 mti-page-excerpt excerpt-onleft highlight-articles elementor-section-boxed elementor-section-height-default elementor-section-height-default default-style elementor-invisible\" data-id=\"e862999\" data-element_type=\"section\" data-e-type=\"section\" id=\"mti-page-excerpt\" data-settings=\"{&quot;animation&quot;:&quot;fadeInUp&quot;,&quot;rt_color_sets&quot;:&quot;default-style&quot;}\">\n\t\t\t\t\t\t<div class=\"elementor-container elementor-column-gap-default\">\n\t\t\t\t\t<div class=\"elementor-column elementor-col-100 elementor-top-column elementor-element elementor-element-64290da default-style\" data-id=\"64290da\" data-element_type=\"column\" data-e-type=\"column\" data-settings=\"{&quot;background_background&quot;:&quot;classic&quot;}\">\n\t\t\t<div class=\"elementor-widget-wrap elementor-element-populated\">\n\t\t\t\t\t\t<div class=\"elementor-element elementor-element-13239bc elementor-align-left mti-blog-suptitle elementor-widget elementor-widget-post-info\" data-id=\"13239bc\" data-element_type=\"widget\" data-e-type=\"widget\" data-widget_type=\"post-info.default\">\n\t\t\t\t<div class=\"elementor-widget-container\">\n\t\t\t\t\t\t\t<ul class=\"elementor-inline-items elementor-icon-list-items elementor-post-info\">\n\t\t\t\t\t\t\t\t<li class=\"elementor-icon-list-item elementor-repeater-item-9687d75 elementor-inline-item\" itemprop=\"about\">\n\t\t\t\t\t\t\t\t\t\t\t\t\t<span class=\"elementor-icon-list-text elementor-post-info__item elementor-post-info__item--type-terms\">\n\t\t\t\t\t\t\t\t\t\t<span class=\"elementor-post-info__terms-list\">\n\t\t\t\t<a href=\"https:\/\/www.mathezfreight.com\/fr\/blog\/categorie\/fret-mode-demploi\/\" class=\"elementor-post-info__terms-list-item\">Fret Mode d&#039;Emploi<\/a>\t\t\t\t<\/span>\n\t\t\t\t\t<\/span>\n\t\t\t\t\t\t\t\t<\/li>\n\t\t\t\t<\/ul>\n\t\t\t\t\t\t<\/div>\n\t\t\t\t<\/div>\n\t\t\t\t<div class=\"elementor-element elementor-element-cdda569 elementor-widget elementor-widget-theme-post-title elementor-page-title elementor-widget-heading\" data-id=\"cdda569\" data-element_type=\"widget\" data-e-type=\"widget\" data-widget_type=\"theme-post-title.default\">\n\t\t\t\t<div class=\"elementor-widget-container\">\n\t\t\t\t\t<h1 class=\"elementor-heading-title elementor-size-default\">L&rsquo;origine pr\u00e9f\u00e9rentielle: un levier de comp\u00e9titivit\u00e9 pour les entreprises<\/h1>\t\t\t\t<\/div>\n\t\t\t\t<\/div>\n\t\t\t\t<div class=\"elementor-element elementor-element-efdd550 elementor-widget elementor-widget-theme-post-excerpt\" data-id=\"efdd550\" data-element_type=\"widget\" data-e-type=\"widget\" data-widget_type=\"theme-post-excerpt.default\">\n\t\t\t\t<div class=\"elementor-widget-container\">\n\t\t\t\t\tLes entreprises engag\u00e9es dans des op\u00e9rations de commerce international ont un int\u00e9r\u00eat strat\u00e9gique \u00e0 ma\u00eetriser les leviers de l'origine pr\u00e9f\u00e9rentielle des marchandises. \t\t\t\t<\/div>\n\t\t\t\t<\/div>\n\t\t\t\t<div class=\"elementor-element elementor-element-b5deb30 elementor-align-right mti-blog-tags elementor-widget elementor-widget-post-info\" data-id=\"b5deb30\" data-element_type=\"widget\" data-e-type=\"widget\" data-widget_type=\"post-info.default\">\n\t\t\t\t<div class=\"elementor-widget-container\">\n\t\t\t\t\t\t\t<ul class=\"elementor-inline-items elementor-icon-list-items elementor-post-info\">\n\t\t\t\t\t\t\t\t<li class=\"elementor-icon-list-item elementor-repeater-item-7910e98 elementor-inline-item\" itemprop=\"datePublished\">\n\t\t\t\t\t\t\t\t\t\t<span class=\"elementor-icon-list-icon\">\n\t\t\t\t\t\t\t\t\t\t\t\t\t\t<i class=\"fa fa-calendar\" aria-hidden=\"true\"><\/i>\n\t\t\t\t\t\t\t\t\t\t\t\t<\/span>\n\t\t\t\t\t\t\t\t\t<span class=\"elementor-icon-list-text elementor-post-info__item elementor-post-info__item--type-date\">\n\t\t\t\t\t\t\t\t\t\t<time>26 mars 2024<\/time>\t\t\t\t\t<\/span>\n\t\t\t\t\t\t\t\t<\/li>\n\t\t\t\t<li class=\"elementor-icon-list-item elementor-repeater-item-4e9c5fd elementor-inline-item\" itemprop=\"author\">\n\t\t\t\t\t\t\t\t\t\t<span class=\"elementor-icon-list-icon\">\n\t\t\t\t\t\t\t\t\t\t\t\t\t\t<i class=\"fa fa-user-circle-o\" aria-hidden=\"true\"><\/i>\n\t\t\t\t\t\t\t\t\t\t\t\t<\/span>\n\t\t\t\t\t\t\t\t\t<span class=\"elementor-icon-list-text elementor-post-info__item elementor-post-info__item--type-author\">\n\t\t\t\t\t\t\t\t\t\tH\u00e9l\u00e8ne Plaquet\t\t\t\t\t<\/span>\n\t\t\t\t\t\t\t\t<\/li>\n\t\t\t\t<li class=\"elementor-icon-list-item elementor-repeater-item-f18f2db elementor-inline-item\" itemprop=\"about\">\n\t\t\t\t\t\t\t\t\t\t<span class=\"elementor-icon-list-icon\">\n\t\t\t\t\t\t\t\t<i aria-hidden=\"true\" class=\"fas fa-tags\"><\/i>\t\t\t\t\t\t\t<\/span>\n\t\t\t\t\t\t\t\t\t<span class=\"elementor-icon-list-text elementor-post-info__item elementor-post-info__item--type-terms\">\n\t\t\t\t\t\t\t\t\t\t<span class=\"elementor-post-info__terms-list\">\n\t\t\t\t<a href=\"https:\/\/www.mathezfreight.com\/fr\/blog\/tag\/douane\/\" class=\"elementor-post-info__terms-list-item\">Douane<\/a>, <a href=\"https:\/\/www.mathezfreight.com\/fr\/blog\/tag\/international\/\" class=\"elementor-post-info__terms-list-item\">International<\/a>\t\t\t\t<\/span>\n\t\t\t\t\t<\/span>\n\t\t\t\t\t\t\t\t<\/li>\n\t\t\t\t<\/ul>\n\t\t\t\t\t\t<\/div>\n\t\t\t\t<\/div>\n\t\t\t\t\t<\/div>\n\t\t<\/div>\n\t\t\t\t\t<\/div>\n\t\t<\/div>\n\t\t\t\t<aside class=\"elementor-section elementor-top-section elementor-element elementor-element-da74b28 elementor-hidden-tablet elementor-hidden-phone mti-social-bar up elementor-section-boxed elementor-section-height-default elementor-section-height-default elementor-invisible\" data-id=\"da74b28\" data-element_type=\"section\" data-e-type=\"section\" data-settings=\"{&quot;animation&quot;:&quot;fadeInLeft&quot;}\">\n\t\t\t\t\t\t<div class=\"elementor-container elementor-column-gap-default\">\n\t\t\t\t\t<div class=\"elementor-column elementor-col-100 elementor-top-column elementor-element elementor-element-ba21d28\" data-id=\"ba21d28\" data-element_type=\"column\" data-e-type=\"column\">\n\t\t\t<div class=\"elementor-widget-wrap elementor-element-populated\">\n\t\t\t\t\t\t<div class=\"elementor-element elementor-element-318d352 elementor-share-buttons--view-icon elementor-share-buttons--skin-flat mti-social-bar-job elementor-share-buttons--shape-square elementor-grid-0 elementor-share-buttons--color-official elementor-invisible elementor-widget elementor-widget-global elementor-global-17249 elementor-widget-share-buttons\" data-id=\"318d352\" data-element_type=\"widget\" data-e-type=\"widget\" data-settings=\"{&quot;_animation&quot;:&quot;fadeInLeft&quot;}\" data-widget_type=\"share-buttons.default\">\n\t\t\t\t<div class=\"elementor-widget-container\">\n\t\t\t\t\t\t\t<div class=\"elementor-grid\" role=\"list\">\n\t\t\t\t\t\t\t\t<div class=\"elementor-grid-item\" role=\"listitem\">\n\t\t\t\t\t\t<div class=\"elementor-share-btn elementor-share-btn_email\" role=\"button\" tabindex=\"0\" aria-label=\"Partager sur email\">\n\t\t\t\t\t\t\t\t\t\t\t\t\t\t\t<span class=\"elementor-share-btn__icon\">\n\t\t\t\t\t\t\t\t<i class=\"fas fa-envelope\" aria-hidden=\"true\"><\/i>\t\t\t\t\t\t\t<\/span>\n\t\t\t\t\t\t\t\t\t\t\t\t\t\t\t\t\t\t\t\t<\/div>\n\t\t\t\t\t<\/div>\n\t\t\t\t\t\t\t\t\t<div class=\"elementor-grid-item\" role=\"listitem\">\n\t\t\t\t\t\t<div class=\"elementor-share-btn elementor-share-btn_linkedin\" role=\"button\" tabindex=\"0\" aria-label=\"Partager sur linkedin\">\n\t\t\t\t\t\t\t\t\t\t\t\t\t\t\t<span class=\"elementor-share-btn__icon\">\n\t\t\t\t\t\t\t\t<i class=\"fab fa-linkedin\" aria-hidden=\"true\"><\/i>\t\t\t\t\t\t\t<\/span>\n\t\t\t\t\t\t\t\t\t\t\t\t\t\t\t\t\t\t\t\t<\/div>\n\t\t\t\t\t<\/div>\n\t\t\t\t\t\t\t\t\t<div class=\"elementor-grid-item\" role=\"listitem\">\n\t\t\t\t\t\t<div class=\"elementor-share-btn elementor-share-btn_twitter\" role=\"button\" tabindex=\"0\" aria-label=\"Partager sur twitter\">\n\t\t\t\t\t\t\t\t\t\t\t\t\t\t\t<span class=\"elementor-share-btn__icon\">\n\t\t\t\t\t\t\t\t<i class=\"fab fa-twitter\" aria-hidden=\"true\"><\/i>\t\t\t\t\t\t\t<\/span>\n\t\t\t\t\t\t\t\t\t\t\t\t\t\t\t\t\t\t\t\t<\/div>\n\t\t\t\t\t<\/div>\n\t\t\t\t\t\t\t\t\t<div class=\"elementor-grid-item\" role=\"listitem\">\n\t\t\t\t\t\t<div class=\"elementor-share-btn elementor-share-btn_facebook\" role=\"button\" tabindex=\"0\" aria-label=\"Partager sur facebook\">\n\t\t\t\t\t\t\t\t\t\t\t\t\t\t\t<span class=\"elementor-share-btn__icon\">\n\t\t\t\t\t\t\t\t<i class=\"fab fa-facebook\" aria-hidden=\"true\"><\/i>\t\t\t\t\t\t\t<\/span>\n\t\t\t\t\t\t\t\t\t\t\t\t\t\t\t\t\t\t\t\t<\/div>\n\t\t\t\t\t<\/div>\n\t\t\t\t\t\t\t\t\t<div class=\"elementor-grid-item\" role=\"listitem\">\n\t\t\t\t\t\t<div class=\"elementor-share-btn elementor-share-btn_print\" role=\"button\" tabindex=\"0\" aria-label=\"Partager sur print\">\n\t\t\t\t\t\t\t\t\t\t\t\t\t\t\t<span class=\"elementor-share-btn__icon\">\n\t\t\t\t\t\t\t\t<i class=\"fas fa-print\" aria-hidden=\"true\"><\/i>\t\t\t\t\t\t\t<\/span>\n\t\t\t\t\t\t\t\t\t\t\t\t\t\t\t\t\t\t\t\t<\/div>\n\t\t\t\t\t<\/div>\n\t\t\t\t\t\t<\/div>\n\t\t\t\t\t\t<\/div>\n\t\t\t\t<\/div>\n\t\t\t\t\t<\/div>\n\t\t<\/div>\n\t\t\t\t\t<\/div>\n\t\t<\/aside>\n\t\t\t\t<div class=\"elementor-section elementor-top-section elementor-element elementor-element-1be72cc mti-article-body elementor-section-boxed elementor-section-height-default elementor-section-height-default default-style\" data-id=\"1be72cc\" data-element_type=\"section\" data-e-type=\"section\" data-settings=\"{&quot;rt_color_sets&quot;:&quot;default-style&quot;}\">\n\t\t\t\t\t\t<div class=\"elementor-container elementor-column-gap-default\">\n\t\t\t\t\t<div class=\"elementor-column elementor-col-100 elementor-top-column elementor-element elementor-element-1f5697b\" data-id=\"1f5697b\" data-element_type=\"column\" data-e-type=\"column\">\n\t\t\t<div class=\"elementor-widget-wrap elementor-element-populated\">\n\t\t\t\t\t\t<section class=\"elementor-section elementor-inner-section elementor-element elementor-element-8aef308 mti-section-essentiel elementor-section-boxed elementor-section-height-default elementor-section-height-default default-style\" data-id=\"8aef308\" data-element_type=\"section\" data-e-type=\"section\" data-settings=\"{&quot;background_background&quot;:&quot;classic&quot;,&quot;rt_color_sets&quot;:&quot;default-style&quot;}\">\n\t\t\t\t\t\t<div class=\"elementor-container elementor-column-gap-default\">\n\t\t\t\t\t<div class=\"elementor-column elementor-col-50 elementor-inner-column elementor-element elementor-element-7fa32bf\" data-id=\"7fa32bf\" data-element_type=\"column\" data-e-type=\"column\">\n\t\t\t<div class=\"elementor-widget-wrap elementor-element-populated\">\n\t\t\t\t\t\t<div class=\"elementor-element elementor-element-45efc56 elementor-widget elementor-widget-image\" data-id=\"45efc56\" data-element_type=\"widget\" data-e-type=\"widget\" data-widget_type=\"image.default\">\n\t\t\t\t<div class=\"elementor-widget-container\">\n\t\t\t\t\t\t\t\t\t\t\t\t\t\t\t<img decoding=\"async\" src=\"https:\/\/www.mathezfreight.com\/wp-content\/uploads\/elementor\/thumbs\/picto-bonhomme-mathez-trans-pj04t9fm877eetwvlparhcxme51rv7o3w0o9he3kwa.png\" title=\"picto-bonhomme-mathez-trans\" alt=\"picto-bonhomme-mathez-trans\" loading=\"lazy\" \/>\t\t\t\t\t\t\t\t\t\t\t\t\t\t\t<\/div>\n\t\t\t\t<\/div>\n\t\t\t\t\t<\/div>\n\t\t<\/div>\n\t\t\t\t<div class=\"elementor-column elementor-col-50 elementor-inner-column elementor-element elementor-element-29e6ea2\" data-id=\"29e6ea2\" data-element_type=\"column\" data-e-type=\"column\">\n\t\t\t<div class=\"elementor-widget-wrap elementor-element-populated\">\n\t\t\t\t\t\t<div class=\"elementor-element elementor-element-e4b6ab1 elementor-widget elementor-widget-heading\" data-id=\"e4b6ab1\" data-element_type=\"widget\" data-e-type=\"widget\" data-widget_type=\"heading.default\">\n\t\t\t\t<div class=\"elementor-widget-container\">\n\t\t\t\t\t<h2 class=\"elementor-heading-title elementor-size-default\"><div data-id=\"6bec94e\" data-element_type=\"widget\" data-widget_type=\"heading.default\"><div style=\"margin: -20px 0px 0px 15px;padding: 0px\"><h2>L'essentiel, pour les professionnels<\/h2><\/div><\/div><\/h2>\t\t\t\t<\/div>\n\t\t\t\t<\/div>\n\t\t\t\t<div class=\"elementor-element elementor-element-a502b0d elementor-widget elementor-widget-text-editor\" data-id=\"a502b0d\" data-element_type=\"widget\" data-e-type=\"widget\" data-widget_type=\"text-editor.default\">\n\t\t\t\t<div class=\"elementor-widget-container\">\n\t\t\t\t\t\t\t\t\t<ul><li>Au coeur des accords commerciaux, l&rsquo;origine pr\u00e9f\u00e9rentielle permet de <strong>b\u00e9n\u00e9ficier de droits de douane r\u00e9duits ou nuls <\/strong>\u00e0 l&rsquo;importation.<\/li><li>Cela permet aux entreprises de <strong>r\u00e9duire leurs co\u00fbts d&rsquo;approvisionnements<\/strong>\u00a0 et\/ou de <strong>renforcer leur comp\u00e9titivit\u00e9<\/strong> dans les pays partenaires.<\/li><li><strong>L&rsquo;origine pr\u00e9f\u00e9rentielle et ses modalit\u00e9s d&rsquo;application varient en fonction de chaque accord commercial<\/strong> \u00e9tabli entre l&rsquo;Union europ\u00e9enne (UE) et les pays tiers.<\/li><li>Le nombre important d&rsquo;accords commerciaux de l&rsquo;UE avec les pays tiers rend l&rsquo;origine pr\u00e9f\u00e9rentielle difficile \u00e0 d\u00e9terminer : mais <strong>il existe des solutions!<\/strong><\/li><\/ul>\t\t\t\t\t\t\t\t<\/div>\n\t\t\t\t<\/div>\n\t\t\t\t\t<\/div>\n\t\t<\/div>\n\t\t\t\t\t<\/div>\n\t\t<\/section>\n\t\t\t\t<div class=\"elementor-element elementor-element-4d745d2 elementor-widget elementor-widget-spacer\" data-id=\"4d745d2\" data-element_type=\"widget\" data-e-type=\"widget\" data-widget_type=\"spacer.default\">\n\t\t\t\t<div class=\"elementor-widget-container\">\n\t\t\t\t\t\t\t<div class=\"elementor-spacer\">\n\t\t\t<div class=\"elementor-spacer-inner\"><\/div>\n\t\t<\/div>\n\t\t\t\t\t\t<\/div>\n\t\t\t\t<\/div>\n\t\t\t\t<section class=\"elementor-section elementor-inner-section elementor-element elementor-element-aed127e mti-sub-section elementor-section-boxed elementor-section-height-default elementor-section-height-default default-style\" data-id=\"aed127e\" data-element_type=\"section\" data-e-type=\"section\" data-settings=\"{&quot;rt_color_sets&quot;:&quot;default-style&quot;}\">\n\t\t\t\t\t\t<div class=\"elementor-container elementor-column-gap-default\">\n\t\t\t\t\t<div class=\"elementor-column elementor-col-100 elementor-inner-column elementor-element elementor-element-5acfc81\" data-id=\"5acfc81\" data-element_type=\"column\" data-e-type=\"column\" data-settings=\"{&quot;background_background&quot;:&quot;classic&quot;}\">\n\t\t\t<div class=\"elementor-widget-wrap elementor-element-populated\">\n\t\t\t\t\t\t<div class=\"elementor-element elementor-element-0e48e12 elementor-widget elementor-widget-text-editor\" data-id=\"0e48e12\" data-element_type=\"widget\" data-e-type=\"widget\" data-widget_type=\"text-editor.default\">\n\t\t\t\t<div class=\"elementor-widget-container\">\n\t\t\t\t\t\t\t\t\t<p>Cet article fait partie d&rsquo;une trilogie:<\/p><ol><li><a href=\"https:\/\/www.mathezfreight.com\/fr\/blog\/origine-preferentielle\/\">L&rsquo;origine pr\u00e9f\u00e9rentielle: levier de comp\u00e9titivit\u00e9<\/a><\/li><li><a href=\"https:\/\/www.mathezfreight.com\/fr\/blog\/accords-de-libre-echange\/\">Les accords de libre-\u00e9change de l&rsquo;UE<\/a><\/li><li><a href=\"https:\/\/www.mathezfreight.com\/fr\/blog\/faq-certificats-dorigine\/\">Certificats d&rsquo;origine: FAQ<\/a><\/li><\/ol>\t\t\t\t\t\t\t\t<\/div>\n\t\t\t\t<\/div>\n\t\t\t\t\t<\/div>\n\t\t<\/div>\n\t\t\t\t\t<\/div>\n\t\t<\/section>\n\t\t\t\t<div class=\"elementor-element elementor-element-35034eb elementor-widget elementor-widget-text-editor\" data-id=\"35034eb\" data-element_type=\"widget\" data-e-type=\"widget\" data-widget_type=\"text-editor.default\">\n\t\t\t\t<div class=\"elementor-widget-container\">\n\t\t\t\t\t\t\t\t\t<h2>L&rsquo;origine pr\u00e9f\u00e9rentielle, pilier du commerce international<\/h2>\n<p><span style=\"font-weight: 400;\">L&rsquo;origine d\u2019une marchandise est un pilier fondamental du <\/span><b>trio douanier<\/b><span style=\"font-weight: 400;\"> (esp\u00e8ce, origine, valeur).&nbsp; Loin d\u2019\u00eatre la notion la plus simple \u00e0 appr\u00e9hender, l\u2019origine se s\u00e9pare en deux concepts d\u2019apparence similaire et pourtant tr\u00e8s diff\u00e9rents: d\u2019un c\u00f4t\u00e9 <\/span><b>l\u2019origine non pr\u00e9f\u00e9rentielle (ONP)<\/b><span style=\"font-weight: 400;\"> appel\u00e9e \u00e9galement l\u2019origine de droit commun, de l\u2019autre <\/span><b>l\u2019origine pr\u00e9f\u00e9rentielle (OP) <\/b><span style=\"font-weight: 400;\">qui engage les autorit\u00e9s douani\u00e8res et<\/span> <span style=\"font-weight: 400;\">offre des avantages significatifs aux entreprises impliqu\u00e9es dans le commerce international de marchandises.<\/span><\/p>\n<blockquote>\n<p><span style=\"font-weight: 400;\">Comprendre les nuances de l\u2019origine pr\u00e9f\u00e9rentielle est <\/span><b>un enjeu strat\u00e9gique pour les<\/b> <b>entreprises cherchant \u00e0 optimiser leurs co\u00fbts<\/b><span style=\"font-weight: 400;\">.<\/span><\/p>\n<\/blockquote>\n<h3><b>Origine pr\u00e9f\u00e9rentielle (OP), origine non pr\u00e9f\u00e9rentielle (ONP): d\u00e9finitions<\/b><\/h3>\n<p><span style=\"font-weight: 400;\">D\u00e9terminer une origine revient \u00e0 d\u00e9terminer le<\/span><b> pays de fabrication ou d\u2019obtention des marchandises<\/b><span style=\"font-weight: 400;\">. On parle \u00e9galement de \u00ab\u00a0<\/span><b><i>nationalit\u00e9 \u00e9conomique d\u2019une marchandise<\/i><\/b><span style=\"font-weight: 400;\">. <\/span><\/p>\n<p><span style=\"font-weight: 400;\">L\u2019origine peut \u00eatre non pr\u00e9f\u00e9rentielle (ONP) ou pr\u00e9f\u00e9rentielle (OP). <\/span>Si ces deux origines peuvent \u00eatre cumulatives, sachez que sur le <strong>document douanier<\/strong>, il faudra faire un choix. Car le DAU (Document Administratif Unique) n\u2019accepte de recevoir qu\u2019une seule des deux origines. Alors faites vos jeux !<\/p>\n<ul>\n<li style=\"font-weight: 400;\" aria-level=\"1\"><span style=\"font-weight: 400;\">&nbsp;<\/span><b>L\u2019origine non pr\u00e9f\u00e9rentielle (ONP)<\/b><span style=\"font-weight: 400;\"> dite de \u00ab droit commun \u00bb est d\u00e9finie au niveau du <\/span><b>Code des Douanes de l\u2019Union<\/b><span style=\"font-weight: 400;\"> (CDU). Elle permet de d\u00e9terminer l\u2019application des <\/span><b>droits <\/b><b><i>antidumping<\/i><\/b><span style=\"font-weight: 400;\">, sur la base d\u2019un <\/span><b>couple SH code \/ pays d\u2019origine<\/b><span style=\"font-weight: 400;\">, ou encore de d\u00e9finir la notion de \u00ab <\/span><b><i>made in<\/i><\/b><span style=\"font-weight: 400;\"> \u00bb. Toute marchandise poss\u00e8de une origine non pr\u00e9f\u00e9rentielle, le tout \u00e9tant de d\u00e9finir laquelle ?<\/span><\/li>\n<li style=\"font-weight: 400;\" aria-level=\"1\"><b>L\u2019origine pr\u00e9f\u00e9rentielle (OP)<\/b><span style=\"font-weight: 400;\"> quant \u00e0 elle, s\u2019entend uniquement dans le cadre d\u2019<\/span><b>\u00e9changes entre l\u2019Union Europ\u00e9enne (UE) et un pays \u00ab partenaire \u00bb<\/b><span style=\"font-weight: 400;\">. Les bases r\u00e9glementaires d\u00e9finissant l\u2019origine pr\u00e9f\u00e9rentielle sont <\/span><span style=\"font-weight: 400;\">variables et \u00e9volutives<\/span><span style=\"font-weight: 400;\"> car elles se trouvent au niveau de <\/span><b>chaque accord n\u00e9goci\u00e9 entre l\u2019UE et ses pays partenaires<\/b><span style=\"font-weight: 400;\">. Toutes les marchandises ne poss\u00e8dent pas une origine pr\u00e9f\u00e9rentielle, <\/span><b>car l\u2019origine pr\u00e9f\u00e9rentielle s\u2019acquiert, selon des crit\u00e8res d\u00e9finis<\/b><span style=\"font-weight: 400;\">.<\/span><\/li>\n<\/ul>\n<h3><b>L&rsquo;origine pr\u00e9f\u00e9rentielle, \u00e0 ne pas confondre avec provenance ou statut douanier<\/b><\/h3>\n<p><b>Attention <\/b><span style=\"font-weight: 400;\">: l\u2019origine est <\/span><b>\u00e0 distinguer de la provenance <\/b><span style=\"font-weight: 400;\">qui est une notion g\u00e9ographique, renvoyant au flux physique de la marchandise.&nbsp;<\/span><\/p>\n<p><span style=\"font-weight: 400;\">Mais l\u2019origine est \u00e9galement \u00e0 distinguer du <\/span><b>statut douanier<\/b><span style=\"font-weight: 400;\"> des marchandises. On parle de <\/span><b><i>marchandises \u00abUnion\u00bb<\/i><\/b><span style=\"font-weight: 400;\"> lorsque les droits de douane ont \u00e9t\u00e9 pay\u00e9s (par la mise \u00e0 la consommation des marchandises). Et on parle de <\/span><b>marchandises \u00abnon Union<\/b><span style=\"font-weight: 400;\">\u00bb lorsque les marchandises sont tierces et qu\u2019elles n\u2019ont pas acquitt\u00e9 les droits de douane (marchandises en entrep\u00f4t sous douane, IST, sous transit, etc.)<\/span><\/p>\n<p><span style=\"font-weight: 400;\">C\u2019est sur l\u2019origine pr\u00e9f\u00e9rentielle que nous allons nous attarder ici, car c\u2019est elle qui permet <\/span><b>de b\u00e9n\u00e9ficier de droits de douane r\u00e9duits ou nuls \u00e0 l&rsquo;importation dans le cadre d\u2019\u00e9changes avec des pays partenaires.<\/b><\/p>\n<h2>Pourquoi les entreprise ont int\u00e9r\u00eat \u00e0 ma\u00eetriser l&rsquo;origine pr\u00e9f\u00e9rentielle (OP)?<\/h2>\n<p><span style=\"font-weight: 400;\">L&rsquo;origine pr\u00e9f\u00e9rentielle est<\/span> <span style=\"font-weight: 400;\">au c\u0153ur des&nbsp;<\/span><a href=\"https:\/\/www.mathezfreight.com\/fr\/blog\/accords-de-libre-echange\/\" target=\"_blank\"><b>accords commerciaux n\u00e9goci\u00e9s par l\u2019UE<\/b><\/a><span style=\"font-weight: 400;\">. <\/span><strong>Les accords de libre-\u00e9change (ALE) et de partenariats \u00e9conomiques (APE)<\/strong> renforcent les liens commerciaux, et facilitent le commerce de produits et de services entre l&rsquo;UE et ses partenaires. L&rsquo;incitation repose principalement sur deux axes : <strong>l&rsquo;\u00e9limination des droits de douane et l&rsquo;origine des marchandises.<\/strong>&nbsp;<\/p>\n<h3><b>\u00c0 l\u2019importation en UE : r\u00e9duction des barri\u00e8res tarifaires<\/b><\/h3>\n<p><b>Exemple<\/b><span style=\"font-weight: 400;\">: <\/span><\/p>\n<ul>\n<li><span style=\"font-weight: 400;\">Vous importez des robes pour femmes en coton (code douanier SH 620443) avec une<\/span><b> origine non pr\u00e9f\u00e9rentielle tha\u00eflandaise<\/b><span style=\"font-weight: 400;\">. Lors de la mise \u00e0 la consommation, vous serez redevable de <\/span><b>12% de droits de douane<\/b><span style=\"font-weight: 400;\">, et d\u2019une taxe pour le d\u00e9veloppement des industries de l&rsquo;habillement de 0,068%.<\/span><\/li>\n<li>Vous importez les m\u00eames robes, mais cette fois-ci avec<b> une origine pr\u00e9f\u00e9rentielle marocaine<\/b>. Lors de la mise \u00e0 la consommation, vous serez redevable de <b>0% de droits de douane<\/b>, et d\u2019une taxe pour le d\u00e9veloppement des industries de l&rsquo;habillement de 0,068%.<\/li>\n<\/ul>\t\t\t\t\t\t\t\t<\/div>\n\t\t\t\t<\/div>\n\t\t\t\t<div class=\"elementor-element elementor-element-e9680e5 elementor-widget elementor-widget-image\" data-id=\"e9680e5\" data-element_type=\"widget\" data-e-type=\"widget\" data-widget_type=\"image.default\">\n\t\t\t\t<div class=\"elementor-widget-container\">\n\t\t\t\t\t\t\t\t\t\t\t\t\t\t\t<img decoding=\"async\" width=\"1100\" height=\"196\" src=\"https:\/\/www.mathezfreight.com\/wp-content\/uploads\/icn-droits-douane-maroc-thailande-france-1100x196.png\" class=\"attachment-large size-large wp-image-53166\" alt=\"Droits de douane UE France Maroc Tha\u00eflande\" srcset=\"https:\/\/www.mathezfreight.com\/wp-content\/uploads\/icn-droits-douane-maroc-thailande-france-1100x196.png 1100w, https:\/\/www.mathezfreight.com\/wp-content\/uploads\/icn-droits-douane-maroc-thailande-france-600x107.png 600w, https:\/\/www.mathezfreight.com\/wp-content\/uploads\/icn-droits-douane-maroc-thailande-france-768x137.png 768w, https:\/\/www.mathezfreight.com\/wp-content\/uploads\/icn-droits-douane-maroc-thailande-france-25x4.png 25w, https:\/\/www.mathezfreight.com\/wp-content\/uploads\/icn-droits-douane-maroc-thailande-france-68x12.png 68w, https:\/\/www.mathezfreight.com\/wp-content\/uploads\/icn-droits-douane-maroc-thailande-france.png 1220w\" sizes=\"(max-width: 1100px) 100vw, 1100px\" \/>\t\t\t\t\t\t\t\t\t\t\t\t\t\t\t<\/div>\n\t\t\t\t<\/div>\n\t\t\t\t<div class=\"elementor-element elementor-element-8c2cb5e elementor-widget elementor-widget-text-editor\" data-id=\"8c2cb5e\" data-element_type=\"widget\" data-e-type=\"widget\" data-widget_type=\"text-editor.default\">\n\t\t\t\t<div class=\"elementor-widget-container\">\n\t\t\t\t\t\t\t\t\t<p><span style=\"font-weight: 400;\">L&rsquo;un des avantages les plus \u00e9vidents de l&rsquo;origine pr\u00e9f\u00e9rentielle \u00e0 l\u2019importation en UE est la r\u00e9duction, voire l&rsquo;\u00e9limination, des droits de douane, permettant ainsi aux entreprises de <\/span><b>r\u00e9duire leurs co\u00fbts d&rsquo;importation<\/b><span style=\"font-weight: 400;\"> et d\u2019am\u00e9liorer leur comp\u00e9titivit\u00e9 sur les march\u00e9s. <\/span><\/p><blockquote><p><strong>Dans certaines entreprises, l\u2019origine pr\u00e9f\u00e9rentielle peut devenir un outil d\u2019optimisation fondamental au niveau du <em>sourcing<\/em> fournisseur.<\/strong><\/p><\/blockquote><h3><b>A l\u2019exportation depuis l\u2019UE: stimulation les ventes vers les pays partenaires<\/b><\/h3><p><b>Exemple<\/b><span style=\"font-weight: 400;\">: <\/span><\/p><ul><li><span style=\"font-weight: 400;\">Une entreprise canadienne lance un appel d\u2019offre international pour trouver un nouveau fournisseur de textile (code douanier chemise pour homme SH 902150).\u00a0 Le taux de droit de douane g\u00e9n\u00e9ral \u00e0 l\u2019importation au Canada\u00a0 sur cette marchandise s\u2019\u00e9l\u00e8ve \u00e0 <\/span><b>18 % de la valeur FOB. <\/b><span style=\"font-weight: 400;\">Deux entreprises sont retenues : une entreprise fran\u00e7aise et une entreprise australienne. <\/span><\/li><li>Souvenez-vous, en 2017, le <strong>CETA<\/strong> (Comprehensive Economic and Trade Agreement) entrait en vigueur entre l\u2019UE et le Canada ouvrant un nouveau et vaste march\u00e9 aux exportateurs europ\u00e9ens, \u00e0 la diff\u00e9rence de l\u2019Australie qui ne poss\u00e8de aucun accord commercial avec le Canada.<br \/>Ainsi, sous r\u00e9serve d\u2019une pr\u00e9sentation d\u2019un <b>justificatif de l\u2019origine pr\u00e9f\u00e9rentielle UE<\/b>, les chemises pour homme vendus par l\u2019entreprise fran\u00e7aise seront exempts de droits de douane \u00e0 l\u2019importation au Canada, contrairement \u00e0 celles fabriqu\u00e9es en Australie, qui elles seront frapp\u00e9s de 18% de droits de douane lors de leur importation au Canada.<\/li><\/ul>\t\t\t\t\t\t\t\t<\/div>\n\t\t\t\t<\/div>\n\t\t\t\t<div class=\"elementor-element elementor-element-10a41fe elementor-widget elementor-widget-image\" data-id=\"10a41fe\" data-element_type=\"widget\" data-e-type=\"widget\" data-widget_type=\"image.default\">\n\t\t\t\t<div class=\"elementor-widget-container\">\n\t\t\t\t\t\t\t\t\t\t\t\t\t\t\t<img decoding=\"async\" width=\"1100\" height=\"188\" src=\"https:\/\/www.mathezfreight.com\/wp-content\/uploads\/icn-droits-douane-france-canada-australie-1-1100x188.png\" class=\"attachment-large size-large wp-image-53145\" alt=\"Droits de douane France Canada Australie\" srcset=\"https:\/\/www.mathezfreight.com\/wp-content\/uploads\/icn-droits-douane-france-canada-australie-1-1100x188.png 1100w, https:\/\/www.mathezfreight.com\/wp-content\/uploads\/icn-droits-douane-france-canada-australie-1-600x102.png 600w, https:\/\/www.mathezfreight.com\/wp-content\/uploads\/icn-droits-douane-france-canada-australie-1-768x131.png 768w, https:\/\/www.mathezfreight.com\/wp-content\/uploads\/icn-droits-douane-france-canada-australie-1-25x4.png 25w, https:\/\/www.mathezfreight.com\/wp-content\/uploads\/icn-droits-douane-france-canada-australie-1-68x12.png 68w, https:\/\/www.mathezfreight.com\/wp-content\/uploads\/icn-droits-douane-france-canada-australie-1.png 1220w\" sizes=\"(max-width: 1100px) 100vw, 1100px\" \/>\t\t\t\t\t\t\t\t\t\t\t\t\t\t\t<\/div>\n\t\t\t\t<\/div>\n\t\t\t\t<div class=\"elementor-element elementor-element-941e40b elementor-widget elementor-widget-text-editor\" data-id=\"941e40b\" data-element_type=\"widget\" data-e-type=\"widget\" data-widget_type=\"text-editor.default\">\n\t\t\t\t<div class=\"elementor-widget-container\">\n\t\t\t\t\t\t\t\t\t<p><span style=\"font-weight: 400;\">Ces avantages tarifaires permettent ind\u00e9niablement aux entreprises europ\u00e9ennes <\/span><b>d\u2019augmenter leurs exportations vers les pays partenaires<\/b><span style=\"font-weight: 400;\"> avec lesquels des accords ont \u00e9t\u00e9 conclus. Cela favorise la croissance des secteurs d&rsquo;activit\u00e9 sp\u00e9cifiques et contribue au d\u00e9veloppement \u00e9conomique global.<\/span><\/p><p>Pour cela, il est essentiel de <strong><a href=\"https:\/\/www.mathezfreight.com\/fr\/blog\/accords-de-libre-echange\/\">conna\u00eetre la liste des pays concern\u00e9s par ces accords<\/a><\/strong>, de ma\u00eetriser les <strong>conditions d&rsquo;octroi de certificats d&rsquo;origine<\/strong>, et de savoir r\u00e9diger un <strong>certificat de circulation EUR1<\/strong> \u00e0 l&rsquo;export.\u00a0<\/p>\t\t\t\t\t\t\t\t<\/div>\n\t\t\t\t<\/div>\n\t\t\t\t<div class=\"elementor-element elementor-element-a1fa8e9 elementor-widget elementor-widget-text-editor\" data-id=\"a1fa8e9\" data-element_type=\"widget\" data-e-type=\"widget\" data-widget_type=\"text-editor.default\">\n\t\t\t\t<div class=\"elementor-widget-container\">\n\t\t\t\t\t\t\t\t\t<h2><b>Freins, d\u00e9fis et solutions \u00e0 l&rsquo;utilisation de l&rsquo;origine pr\u00e9f\u00e9rentielle par les entreprises<\/b><\/h2><h3><b>Des accords commerciaux multiples<\/b><\/h3><p><b>L&rsquo;Union europ\u00e9enne a n\u00e9goci\u00e9 de nombreux<a href=\"https:\/\/www.mathezfreight.com\/fr\/blog\/accords-de-libre-echange\/\"> accords commerciaux,<\/a><span style=\"color: #ff0000;\">\u00a0<\/span><\/b>et la liste des pays concern\u00e9s est tr\u00e8s longue: il est donc facile d&rsquo;<strong>omettre d&rsquo;\u00e9tablir un EUR.1 \u00e0 l&rsquo;exportation<\/strong>, ou de s&rsquo;y perdre.\u00a0 Il est facile <span style=\"font-weight: bold;\">d\u2019oublier d\u2019\u00e9tablir un EUR.1 \u00e0 l\u2019exportation vers la Moldavie<\/span> par exemple. Ce n\u2019est pas dramatique: le client importateur devra demander un remboursement des droits de douane \u00e0 post\u00e9riori, mais cela peut s\u2019av\u00e9rer d\u00e9l\u00e9t\u00e8re, sur le plan commercial.<\/p><p>&gt; Nous vous proposons des <strong><a href=\"https:\/\/www.mathezfreight.com\/fr\/blog\/accords-de-libre-echange\/\">outils pour v\u00e9rifier les accords commerciaux et conditions tarifaires en vigueur<\/a>.\u00a0<\/strong><\/p><h3><b>Des protocoles d&rsquo;\u00e9valuation variables selon les accords<\/b><\/h3><p><span style=\"font-weight: 400;\">La <\/span><b>vari\u00e9t\u00e9 des r\u00e8gles d&rsquo;origine et des accords commerciaux<\/b><span style=\"font-weight: 400;\"> rend le travail d\u2019\u00e9valuation de l\u2019origine pr\u00e9f\u00e9rentielle complexe pour les entreprises. La solution r\u00e9side dans une <\/span><b>analyse approfondie<\/b><span style=\"font-weight: 400;\"> des accords commerciaux, une <\/span><b>gestion proactive<\/b><span style=\"font-weight: 400;\"> des proc\u00e9d\u00e9s de fabrication, et une <\/span><b>tra\u00e7abilit\u00e9 <\/b><span style=\"font-weight: 400;\">parfaite de l\u2019origine des mati\u00e8res premi\u00e8res ou composants. <\/span><\/p><p><strong>Facile \u00e0 dire, pas facile \u00e0 faire! <span style=\"font-weight: 400;\">Les entreprises doivent v\u00e9rifier si la <\/span><b>notion de \u00ab transformation suffisante \u00bb<\/b><span style=\"font-weight: 400;\"> est bien respect\u00e9e en se reportant au protocole origine de chaque accord UE-pays partenaire, puis au niveau de chaque chapitre, SH4 ou SH6 ou groupe de position.<\/span><\/strong><span style=\"font-weight: 400;\">\u00c0 l\u2019heure de la multiplication des \u00e9changes internationaux, un grand nombre de produits finis fabriqu\u00e9s en UE sont constitu\u00e9s de <\/span><b>mati\u00e8res premi\u00e8res et composants majoritairement d\u2019origine tierce,<\/b><span style=\"font-weight: 400;\"> ce qui demande aux entreprises un <strong>travail d\u2019\u00e9valuation titanesque<\/strong>.\u00a0<\/span><\/p><p><span style=\"font-weight: 400;\">Ce travail d\u2019\u00e9valuation constitue <\/span><b>un r\u00e9el frein \u00e0 l\u2019utilisation de l\u2019origine pr\u00e9f\u00e9rentielle<\/b><span style=\"font-weight: 400;\">, pour des op\u00e9rateurs non form\u00e9s, non aguerris \u00e0 la lecture des protocoles d\u2019origine et leurs diff\u00e9rentes subtilit\u00e9s (transformations insuffisantes, r\u00e8gle de tol\u00e9rance, ristournes de droits de douane, et bien d\u2019autres encore).<\/span><\/p><h3><b>Les outils pratiques pour d\u00e9terminer les r\u00e8gles d&rsquo;origine applicables<\/b><\/h3><p><span style=\"font-weight: 400;\">Les instances gouvernementales et europ\u00e9ennes ont mis en place <\/span><b>des outils informatiques puissants<\/b><span style=\"font-weight: 400;\"> pour aider les op\u00e9rateurs dans l\u2019\u00e9valuation de leurs origines pr\u00e9f\u00e9rentielles. En particulier:<\/span><\/p><ul><li><span style=\"font-weight: 400;\">La <\/span><b><a href=\"https:\/\/www.douane.gouv.fr\/fiche\/liste-des-accords-et-preferences-unilaterales-de-lunion-europeenne\">liste des accords recens\u00e9s par\u00a0 les\u00a0Douanes fran\u00e7aises<\/a><\/b>\u00a0est tr\u00e8s pratique pour v\u00e9rifier les accords en vigueur par pays.<\/li><li><span style=\"font-weight: 400;\">Le<\/span><a href=\"https:\/\/findrulesoforigin.org\/\" target=\"_blank\" rel=\"noopener\"> <b>Rules origin facilitator<\/b><\/a><span style=\"font-weight: 400;\"> pr\u00e9sent\u00e9 par l&rsquo;UE, donne acc\u00e8s \u00e0 une base de donn\u00e9es fiable sur les r\u00e8gles d&rsquo;origine des accords commerciaux. Gr\u00e2ce \u00e0 un moteur de recherche simple, l&rsquo;utilisateur saisit son code de produit, un ou plusieurs pays d&rsquo;exportation et le pays de destination, et ainsi obtenir imm\u00e9diatement les avantages tarifaires et les r\u00e8gles d&rsquo;origine sp\u00e9cifiques au produit ainsi que d&rsquo;autres conditions et documents requis.<\/span><\/li><\/ul>\t\t\t\t\t\t\t\t<\/div>\n\t\t\t\t<\/div>\n\t\t\t\t<section class=\"elementor-section elementor-inner-section elementor-element elementor-element-9fc45af elementor-section-boxed elementor-section-height-default elementor-section-height-default default-style\" data-id=\"9fc45af\" data-element_type=\"section\" data-e-type=\"section\" data-settings=\"{&quot;rt_color_sets&quot;:&quot;default-style&quot;}\">\n\t\t\t\t\t\t<div class=\"elementor-container elementor-column-gap-default\">\n\t\t\t\t\t<div class=\"elementor-column elementor-col-25 elementor-inner-column elementor-element elementor-element-30a40b8\" data-id=\"30a40b8\" data-element_type=\"column\" data-e-type=\"column\">\n\t\t\t<div class=\"elementor-widget-wrap elementor-element-populated\">\n\t\t\t\t\t\t<div class=\"elementor-element elementor-element-6890aec elementor-widget elementor-widget-image\" data-id=\"6890aec\" data-element_type=\"widget\" data-e-type=\"widget\" data-widget_type=\"image.default\">\n\t\t\t\t<div class=\"elementor-widget-container\">\n\t\t\t\t\t\t\t\t\t\t\t\t<figure class=\"wp-caption\">\n\t\t\t\t\t\t\t\t\t\t\t<a href=\"https:\/\/www.douane.gouv.fr\/fiche\/liste-des-accords-et-preferences-unilaterales-de-lunion-europeenne\" target=\"_blank\">\n\t\t\t\t\t\t\t<img decoding=\"async\" width=\"495\" height=\"400\" src=\"https:\/\/www.mathezfreight.com\/wp-content\/uploads\/smartmockups-freetrade-douane-495x400.png\" class=\"attachment-medium size-medium wp-image-53009\" alt=\"Douanes fran\u00e7aises - Liste des accords et pr\u00e9f\u00e9rences unilat\u00e9rales de l&#039;Union europ\u00e9enne\" srcset=\"https:\/\/www.mathezfreight.com\/wp-content\/uploads\/smartmockups-freetrade-douane-495x400.png 495w, https:\/\/www.mathezfreight.com\/wp-content\/uploads\/smartmockups-freetrade-douane-768x620.png 768w, https:\/\/www.mathezfreight.com\/wp-content\/uploads\/smartmockups-freetrade-douane-25x20.png 25w, https:\/\/www.mathezfreight.com\/wp-content\/uploads\/smartmockups-freetrade-douane-68x55.png 68w, https:\/\/www.mathezfreight.com\/wp-content\/uploads\/smartmockups-freetrade-douane.png 946w\" sizes=\"(max-width: 495px) 100vw, 495px\" \/>\t\t\t\t\t\t\t\t<\/a>\n\t\t\t\t\t\t\t\t\t\t\t<figcaption class=\"widget-image-caption wp-caption-text\">Douanes fran\u00e7aises - Liste des accords et pr\u00e9f\u00e9rences unilat\u00e9rales de l'Union europ\u00e9enne<\/figcaption>\n\t\t\t\t\t\t\t\t\t\t<\/figure>\n\t\t\t\t\t\t\t\t\t<\/div>\n\t\t\t\t<\/div>\n\t\t\t\t\t<\/div>\n\t\t<\/div>\n\t\t\t\t<div class=\"elementor-column elementor-col-25 elementor-inner-column elementor-element elementor-element-b090e62\" data-id=\"b090e62\" data-element_type=\"column\" data-e-type=\"column\">\n\t\t\t<div class=\"elementor-widget-wrap elementor-element-populated\">\n\t\t\t\t\t\t<div class=\"elementor-element elementor-element-b8b4870 elementor-widget elementor-widget-image\" data-id=\"b8b4870\" data-element_type=\"widget\" data-e-type=\"widget\" data-widget_type=\"image.default\">\n\t\t\t\t<div class=\"elementor-widget-container\">\n\t\t\t\t\t\t\t\t\t\t\t\t<figure class=\"wp-caption\">\n\t\t\t\t\t\t\t\t\t\t\t<a href=\"https:\/\/findrulesoforigin.org\/\" target=\"_blank\">\n\t\t\t\t\t\t\t<img decoding=\"async\" width=\"495\" height=\"400\" src=\"https:\/\/www.mathezfreight.com\/wp-content\/uploads\/smartmockups-free-trade-rules-origin-495x400.png\" class=\"attachment-medium size-medium wp-image-53071\" alt=\"\" srcset=\"https:\/\/www.mathezfreight.com\/wp-content\/uploads\/smartmockups-free-trade-rules-origin-495x400.png 495w, https:\/\/www.mathezfreight.com\/wp-content\/uploads\/smartmockups-free-trade-rules-origin-768x620.png 768w, https:\/\/www.mathezfreight.com\/wp-content\/uploads\/smartmockups-free-trade-rules-origin-25x20.png 25w, https:\/\/www.mathezfreight.com\/wp-content\/uploads\/smartmockups-free-trade-rules-origin-68x55.png 68w, https:\/\/www.mathezfreight.com\/wp-content\/uploads\/smartmockups-free-trade-rules-origin.png 946w\" sizes=\"(max-width: 495px) 100vw, 495px\" \/>\t\t\t\t\t\t\t\t<\/a>\n\t\t\t\t\t\t\t\t\t\t\t<figcaption class=\"widget-image-caption wp-caption-text\">Le Rules of Origin Facilitator (EU) offre un moteur de recherche simple donnant acc\u00e8s aux r\u00e8gles d'origine.<\/figcaption>\n\t\t\t\t\t\t\t\t\t\t<\/figure>\n\t\t\t\t\t\t\t\t\t<\/div>\n\t\t\t\t<\/div>\n\t\t\t\t\t<\/div>\n\t\t<\/div>\n\t\t\t\t<div class=\"elementor-column elementor-col-25 elementor-inner-column elementor-element elementor-element-d9d0cbf\" data-id=\"d9d0cbf\" data-element_type=\"column\" data-e-type=\"column\">\n\t\t\t<div class=\"elementor-widget-wrap elementor-element-populated\">\n\t\t\t\t\t\t<div class=\"elementor-element elementor-element-893ec47 elementor-widget elementor-widget-image\" data-id=\"893ec47\" data-element_type=\"widget\" data-e-type=\"widget\" data-widget_type=\"image.default\">\n\t\t\t\t<div class=\"elementor-widget-container\">\n\t\t\t\t\t\t\t\t\t\t\t\t<figure class=\"wp-caption\">\n\t\t\t\t\t\t\t\t\t\t\t<a href=\"https:\/\/trade.ec.europa.eu\/access-to-markets\/en\/content\/free-trade-agreements\" target=\"_blank\">\n\t\t\t\t\t\t\t<img decoding=\"async\" width=\"495\" height=\"400\" src=\"https:\/\/www.mathezfreight.com\/wp-content\/uploads\/smartmockups-UE-free-trade-495x400.png\" class=\"attachment-medium size-medium wp-image-53011\" alt=\"EU Access to Markets - Free Tade Agreements Details\" srcset=\"https:\/\/www.mathezfreight.com\/wp-content\/uploads\/smartmockups-UE-free-trade-495x400.png 495w, https:\/\/www.mathezfreight.com\/wp-content\/uploads\/smartmockups-UE-free-trade-768x620.png 768w, https:\/\/www.mathezfreight.com\/wp-content\/uploads\/smartmockups-UE-free-trade-25x20.png 25w, https:\/\/www.mathezfreight.com\/wp-content\/uploads\/smartmockups-UE-free-trade-68x55.png 68w, https:\/\/www.mathezfreight.com\/wp-content\/uploads\/smartmockups-UE-free-trade.png 946w\" sizes=\"(max-width: 495px) 100vw, 495px\" \/>\t\t\t\t\t\t\t\t<\/a>\n\t\t\t\t\t\t\t\t\t\t\t<figcaption class=\"widget-image-caption wp-caption-text\">Le ACCESS2MARKETS\u00a0 au travers du MyTrade Assistant s\u2019est dot\u00e9 d\u2019un moteur de recherche origine pr\u00e9f\u00e9rentiel tr\u00e8s performant.<\/figcaption>\n\t\t\t\t\t\t\t\t\t\t<\/figure>\n\t\t\t\t\t\t\t\t\t<\/div>\n\t\t\t\t<\/div>\n\t\t\t\t\t<\/div>\n\t\t<\/div>\n\t\t\t\t<div class=\"elementor-column elementor-col-25 elementor-inner-column elementor-element elementor-element-8599fc5\" data-id=\"8599fc5\" data-element_type=\"column\" data-e-type=\"column\">\n\t\t\t<div class=\"elementor-widget-wrap elementor-element-populated\">\n\t\t\t\t\t\t<div class=\"elementor-element elementor-element-fb58936 elementor-widget elementor-widget-image\" data-id=\"fb58936\" data-element_type=\"widget\" data-e-type=\"widget\" data-widget_type=\"image.default\">\n\t\t\t\t<div class=\"elementor-widget-container\">\n\t\t\t\t\t\t\t\t\t\t\t\t<figure class=\"wp-caption\">\n\t\t\t\t\t\t\t\t\t\t\t<a href=\"https:\/\/www.wto.org\/english\/tratop_e\/region_e\/rta_participation_map_e.htm\" target=\"_blank\">\n\t\t\t\t\t\t\t<img decoding=\"async\" width=\"495\" height=\"400\" src=\"https:\/\/www.mathezfreight.com\/wp-content\/uploads\/smartmockups-free-trade-wto-495x400.png\" class=\"attachment-medium size-medium wp-image-53007\" alt=\"WTO - Participation in Regional Trade Agreements\" srcset=\"https:\/\/www.mathezfreight.com\/wp-content\/uploads\/smartmockups-free-trade-wto-495x400.png 495w, https:\/\/www.mathezfreight.com\/wp-content\/uploads\/smartmockups-free-trade-wto-768x620.png 768w, https:\/\/www.mathezfreight.com\/wp-content\/uploads\/smartmockups-free-trade-wto-25x20.png 25w, https:\/\/www.mathezfreight.com\/wp-content\/uploads\/smartmockups-free-trade-wto-68x55.png 68w, https:\/\/www.mathezfreight.com\/wp-content\/uploads\/smartmockups-free-trade-wto.png 946w\" sizes=\"(max-width: 495px) 100vw, 495px\" \/>\t\t\t\t\t\t\t\t<\/a>\n\t\t\t\t\t\t\t\t\t\t\t<figcaption class=\"widget-image-caption wp-caption-text\">La liste compl\u00e8te des accords\u00a0conclus ou en n\u00e9gociation\u00a0\u00a0est disponible sur le site de l'OMC. <\/figcaption>\n\t\t\t\t\t\t\t\t\t\t<\/figure>\n\t\t\t\t\t\t\t\t\t<\/div>\n\t\t\t\t<\/div>\n\t\t\t\t\t<\/div>\n\t\t<\/div>\n\t\t\t\t\t<\/div>\n\t\t<\/section>\n\t\t\t\t<div class=\"elementor-element elementor-element-33780ab elementor-widget elementor-widget-text-editor\" data-id=\"33780ab\" data-element_type=\"widget\" data-e-type=\"widget\" data-widget_type=\"text-editor.default\">\n\t\t\t\t<div class=\"elementor-widget-container\">\n\t\t\t\t\t\t\t\t\t<h3><b>Des preuves de l\u2019origine diverses et changeantes<\/b><\/h3><p><span style=\"font-weight: 400;\">Une fois pass\u00e9 l\u2019\u00e9tape d\u2019\u00e9valuation de l\u2019origine pr\u00e9f\u00e9rentielle, au cours de laquelle vous aurez pu d\u00e9terminer que vos marchandises avaient bien acquis l\u2019origine pr\u00e9f\u00e9rentielle UE, il reste <\/span><b>\u00e0 d\u00e9clarer cette origine sur les bons justificatifs<\/b><span style=\"font-weight: 400;\">. Mais quels justificatifs ? Selon les accords, les preuves d\u2019origine sont variables et soumises \u00e0 conditions. A l\u2019exportation on retrouve <\/span><b>l\u2019EUR.1 , l<\/b><b>\u2019attestation ou d\u00e9claration d\u2019origine (A.O, D.O)<\/b><span><span>, la <\/span><\/span><strong>version fran\u00e7aise<\/strong> <strong>A.O ou D.O, la v<\/strong><strong>ersion anglaise A.O ou D.O, <\/strong><span>l\u2019attestation ou d\u00e9claration d\u2019origine sur tout document commercial accompagn\u00e9 d\u2019un <\/span><b>statut d\u2019Exportateur Agr\u00e9\u00e9 (EA), <\/b><span>l\u2019attestation ou d\u00e9claration d\u2019origine sur tout document commercial accompagn\u00e9 d\u2019un <\/span><b>statut d\u2019Exportateur Enregistr\u00e9e (EE-REX)<\/b><span>, &#8230;\u00a0<\/span><\/p><p>&gt; Voir le d\u00e9tail des preuves d&rsquo;origine pr\u00e9f\u00e9rentielle \u00e0 l&rsquo;export\u00a0 de l&rsquo;Union europ\u00e9enne dans notre <strong><a href=\"https:\/\/www.mathezfreight.com\/fr\/blog\/faq-certificats-dorigine\/\">FAQ sur les certificats d&rsquo;origine<\/a><\/strong><\/p>\t\t\t\t\t\t\t\t<\/div>\n\t\t\t\t<\/div>\n\t\t\t\t<div class=\"elementor-element elementor-element-d971bb6 elementor-widget elementor-widget-text-editor\" data-id=\"d971bb6\" data-element_type=\"widget\" data-e-type=\"widget\" data-widget_type=\"text-editor.default\">\n\t\t\t\t<div class=\"elementor-widget-container\">\n\t\t\t\t\t\t\t\t\t<h3><b>Un sujet complexe qui justifie des formations<\/b><\/h3><p>Au-del\u00e0 des outils disponibles, l\u2019origine pr\u00e9f\u00e9rentielle d\u2019une marchandise reste un sujet complexe \u00e0 appr\u00e9hender. Les <strong>organismes de formation<\/strong> et organisations commerciales jouent un r\u00f4le crucial dans <strong>l\u2019accompagnement des entreprises<\/strong>, en d\u00e9ployant des offres de formation qui les aident \u00e0 comprendre et \u00e0 naviguer efficacement dans les r\u00e8gles d&rsquo;origine pr\u00e9f\u00e9rentielle.<\/p><ul><li><strong>Voir par exemple la formation : <a href=\"https:\/\/www.mathez-formation.fr\/formations\/formation\/explorez-les-regles-dorigine-preferentielle-et-non-preferentielle-op-onp\/\" target=\"_blank\" rel=\"noopener\">&lsquo;Explorez les r\u00e8gles d\u2019origine pr\u00e9f\u00e9rentielle et non pr\u00e9f\u00e9rentielle (OP \/ ONP)&rsquo;<\/a><\/strong> de\u00a0 MATHEZ FORMATION<\/li><\/ul>\t\t\t\t\t\t\t\t<\/div>\n\t\t\t\t<\/div>\n\t\t\t\t\t<\/div>\n\t\t<\/div>\n\t\t\t\t\t<\/div>\n\t\t<\/div>\n\t\t\t\t<div class=\"elementor-section elementor-top-section elementor-element elementor-element-cce3a6d mti-beau-gosse elementor-section-boxed elementor-section-height-default elementor-section-height-default default-style elementor-invisible\" data-id=\"cce3a6d\" data-element_type=\"section\" data-e-type=\"section\" data-settings=\"{&quot;animation&quot;:&quot;fadeIn&quot;,&quot;rt_color_sets&quot;:&quot;default-style&quot;}\">\n\t\t\t\t\t\t<div class=\"elementor-container elementor-column-gap-default\">\n\t\t\t\t\t<div class=\"elementor-column elementor-col-33 elementor-top-column elementor-element elementor-element-6d777df\" data-id=\"6d777df\" data-element_type=\"column\" data-e-type=\"column\">\n\t\t\t<div class=\"elementor-widget-wrap elementor-element-populated\">\n\t\t\t\t\t\t<div class=\"elementor-element elementor-element-db03397 aligncenter elementor-hidden-phone elementor-widget elementor-widget-image\" data-id=\"db03397\" data-element_type=\"widget\" data-e-type=\"widget\" data-widget_type=\"image.default\">\n\t\t\t\t<div class=\"elementor-widget-container\">\n\t\t\t\t\t\t\t\t\t\t\t\t\t\t\t<img decoding=\"async\" width=\"250\" height=\"375\" src=\"https:\/\/www.mathezfreight.com\/wp-content\/uploads\/photo-helene-plaquet-2020.png\" class=\"attachment-mti-medium-portrait size-mti-medium-portrait wp-image-33487\" alt=\"H\u00e9l\u00e8ne Plaquet\" srcset=\"https:\/\/www.mathezfreight.com\/wp-content\/uploads\/photo-helene-plaquet-2020.png 250w, https:\/\/www.mathezfreight.com\/wp-content\/uploads\/photo-helene-plaquet-2020-125x187.png 125w\" sizes=\"(max-width: 250px) 100vw, 250px\" \/>\t\t\t\t\t\t\t\t\t\t\t\t\t\t\t<\/div>\n\t\t\t\t<\/div>\n\t\t\t\t\t<\/div>\n\t\t<\/div>\n\t\t\t\t<div class=\"elementor-column elementor-col-66 elementor-top-column elementor-element elementor-element-92a7442\" data-id=\"92a7442\" data-element_type=\"column\" data-e-type=\"column\">\n\t\t\t<div class=\"elementor-widget-wrap elementor-element-populated\">\n\t\t\t\t\t\t<div class=\"elementor-element elementor-element-bdbf158 elementor-widget elementor-widget-text-editor\" data-id=\"bdbf158\" data-element_type=\"widget\" data-e-type=\"widget\" data-widget_type=\"text-editor.default\">\n\t\t\t\t<div class=\"elementor-widget-container\">\n\t\t\t\t\t\t\t\t\t<blockquote>L&rsquo;origine pr\u00e9f\u00e9rentielle est un outil strat\u00e9gique: les entreprises qui d\u00e9veloppent une connaissance approfondie des accords commerciaux et une compr\u00e9hension pr\u00e9cise des r\u00e8gles et crit\u00e8res d\u2019acquisition de l\u2019origine pr\u00e9f\u00e9rentielle peuvent exploiter pleinement les opportunit\u00e9s et en tirer un avantage comp\u00e9titif.\n\nDes \u00e9tudes d&rsquo;impact de l&rsquo;origine pr\u00e9f\u00e9rentielle et des pratiques conformes sont des \u00e9l\u00e9ments cl\u00e9s pour \u00e9voluer dans un environnement concurrentiel mondial. Pour prendre le sujet \u00e0 bras le corps:\u00a0<a href=\"https:\/\/www.mathezfreight.com\/fr\/contact\/\">Contactez-nous<\/a>.<\/blockquote>\n<div class=\"mti-beau-gosse-signature\"><span style=\"color: #203669;\">H\u00e9l\u00e8ne Plaquet, <\/span>MATHEZ FREIGHT<\/div>\t\t\t\t\t\t\t\t<\/div>\n\t\t\t\t<\/div>\n\t\t\t\t\t<\/div>\n\t\t<\/div>\n\t\t\t\t\t<\/div>\n\t\t<\/div>\n\t\t\t\t<aside class=\"elementor-section elementor-top-section elementor-element elementor-element-2637aff mti-social-bar bottom elementor-section-boxed elementor-section-height-default elementor-section-height-default default-style elementor-invisible\" data-id=\"2637aff\" data-element_type=\"section\" data-e-type=\"section\" data-settings=\"{&quot;animation&quot;:&quot;fadeIn&quot;,&quot;rt_color_sets&quot;:&quot;default-style&quot;}\">\n\t\t\t\t\t\t<div class=\"elementor-container elementor-column-gap-default\">\n\t\t\t\t\t<div class=\"elementor-column elementor-col-100 elementor-top-column elementor-element elementor-element-7e2d51c\" data-id=\"7e2d51c\" data-element_type=\"column\" data-e-type=\"column\">\n\t\t\t<div class=\"elementor-widget-wrap elementor-element-populated\">\n\t\t\t\t\t\t<div class=\"elementor-element elementor-element-ec97e6d elementor-share-buttons--view-icon elementor-share-buttons--skin-flat elementor-share-buttons--shape-square elementor-grid-0 elementor-share-buttons--color-official elementor-invisible elementor-widget elementor-widget-share-buttons\" data-id=\"ec97e6d\" data-element_type=\"widget\" data-e-type=\"widget\" data-settings=\"{&quot;_animation&quot;:&quot;fadeInLeft&quot;}\" data-widget_type=\"share-buttons.default\">\n\t\t\t\t<div class=\"elementor-widget-container\">\n\t\t\t\t\t\t\t<div class=\"elementor-grid\" role=\"list\">\n\t\t\t\t\t\t\t\t<div class=\"elementor-grid-item\" role=\"listitem\">\n\t\t\t\t\t\t<div class=\"elementor-share-btn elementor-share-btn_email\" role=\"button\" tabindex=\"0\" aria-label=\"Partager sur email\">\n\t\t\t\t\t\t\t\t\t\t\t\t\t\t\t<span class=\"elementor-share-btn__icon\">\n\t\t\t\t\t\t\t\t<i class=\"fas fa-envelope\" aria-hidden=\"true\"><\/i>\t\t\t\t\t\t\t<\/span>\n\t\t\t\t\t\t\t\t\t\t\t\t\t\t\t\t\t\t\t\t<\/div>\n\t\t\t\t\t<\/div>\n\t\t\t\t\t\t\t\t\t<div class=\"elementor-grid-item\" role=\"listitem\">\n\t\t\t\t\t\t<div class=\"elementor-share-btn elementor-share-btn_linkedin\" role=\"button\" tabindex=\"0\" aria-label=\"Partager sur linkedin\">\n\t\t\t\t\t\t\t\t\t\t\t\t\t\t\t<span class=\"elementor-share-btn__icon\">\n\t\t\t\t\t\t\t\t<i class=\"fab fa-linkedin\" aria-hidden=\"true\"><\/i>\t\t\t\t\t\t\t<\/span>\n\t\t\t\t\t\t\t\t\t\t\t\t\t\t\t\t\t\t\t\t<\/div>\n\t\t\t\t\t<\/div>\n\t\t\t\t\t\t\t\t\t<div class=\"elementor-grid-item\" role=\"listitem\">\n\t\t\t\t\t\t<div class=\"elementor-share-btn elementor-share-btn_twitter\" role=\"button\" tabindex=\"0\" aria-label=\"Partager sur twitter\">\n\t\t\t\t\t\t\t\t\t\t\t\t\t\t\t<span class=\"elementor-share-btn__icon\">\n\t\t\t\t\t\t\t\t<i class=\"fab fa-twitter\" aria-hidden=\"true\"><\/i>\t\t\t\t\t\t\t<\/span>\n\t\t\t\t\t\t\t\t\t\t\t\t\t\t\t\t\t\t\t\t<\/div>\n\t\t\t\t\t<\/div>\n\t\t\t\t\t\t\t\t\t<div class=\"elementor-grid-item\" role=\"listitem\">\n\t\t\t\t\t\t<div class=\"elementor-share-btn elementor-share-btn_facebook\" role=\"button\" tabindex=\"0\" aria-label=\"Partager sur facebook\">\n\t\t\t\t\t\t\t\t\t\t\t\t\t\t\t<span class=\"elementor-share-btn__icon\">\n\t\t\t\t\t\t\t\t<i class=\"fab fa-facebook\" aria-hidden=\"true\"><\/i>\t\t\t\t\t\t\t<\/span>\n\t\t\t\t\t\t\t\t\t\t\t\t\t\t\t\t\t\t\t\t<\/div>\n\t\t\t\t\t<\/div>\n\t\t\t\t\t\t\t\t\t<div class=\"elementor-grid-item\" role=\"listitem\">\n\t\t\t\t\t\t<div class=\"elementor-share-btn elementor-share-btn_print\" role=\"button\" tabindex=\"0\" aria-label=\"Partager sur print\">\n\t\t\t\t\t\t\t\t\t\t\t\t\t\t\t<span class=\"elementor-share-btn__icon\">\n\t\t\t\t\t\t\t\t<i class=\"fas fa-print\" aria-hidden=\"true\"><\/i>\t\t\t\t\t\t\t<\/span>\n\t\t\t\t\t\t\t\t\t\t\t\t\t\t\t\t\t\t\t\t<\/div>\n\t\t\t\t\t<\/div>\n\t\t\t\t\t\t<\/div>\n\t\t\t\t\t\t<\/div>\n\t\t\t\t<\/div>\n\t\t\t\t\t<\/div>\n\t\t<\/div>\n\t\t\t\t\t<\/div>\n\t\t<\/aside>\n\t\t\t\t<aside class=\"elementor-section elementor-top-section elementor-element elementor-element-030b571 mti-blog-grid single-post-bottom elementor-section-boxed elementor-section-height-default elementor-section-height-default default-style elementor-invisible\" data-id=\"030b571\" data-element_type=\"section\" data-e-type=\"section\" id=\"mti-blog-grid\" data-settings=\"{&quot;animation&quot;:&quot;fadeIn&quot;,&quot;rt_color_sets&quot;:&quot;default-style&quot;}\">\n\t\t\t\t\t\t<div class=\"elementor-container elementor-column-gap-default\">\n\t\t\t\t\t<div class=\"elementor-column elementor-col-100 elementor-top-column elementor-element elementor-element-dbe2e0f\" data-id=\"dbe2e0f\" data-element_type=\"column\" data-e-type=\"column\">\n\t\t\t<div class=\"elementor-widget-wrap elementor-element-populated\">\n\t\t\t\t\t\t<div class=\"elementor-element elementor-element-9e78f33 elementor-widget elementor-widget-heading\" data-id=\"9e78f33\" data-element_type=\"widget\" data-e-type=\"widget\" data-widget_type=\"heading.default\">\n\t\t\t\t<div class=\"elementor-widget-container\">\n\t\t\t\t\t<h3 class=\"elementor-heading-title elementor-size-default\">Voir aussi:<\/h3>\t\t\t\t<\/div>\n\t\t\t\t<\/div>\n\t\t\t\t<div class=\"elementor-element elementor-element-36baec8 elementor-widget elementor-widget-lae-posts-carousel\" data-id=\"36baec8\" data-element_type=\"widget\" data-e-type=\"widget\" data-widget_type=\"lae-posts-carousel.default\">\n\t\t\t\t<div class=\"elementor-widget-container\">\n\t\t\t\t\t\n<div        id=\"lae-posts-carousel-69f5744e34a11\"\n        class=\"lae-posts-carousel lae-container lae-classic-skin\"\n        data-settings='{&quot;arrows&quot;:false,&quot;dots&quot;:true,&quot;autoplay&quot;:false,&quot;autoplay_speed&quot;:3000,&quot;animation_speed&quot;:300,&quot;pause_on_hover&quot;:true,&quot;adaptive_height&quot;:false,&quot;display_columns&quot;:4,&quot;scroll_columns&quot;:3,&quot;gutter&quot;:10,&quot;tablet_width&quot;:800,&quot;tablet_display_columns&quot;:2,&quot;tablet_scroll_columns&quot;:2,&quot;tablet_gutter&quot;:10,&quot;mobile_width&quot;:480,&quot;mobile_display_columns&quot;:1,&quot;mobile_scroll_columns&quot;:1,&quot;mobile_gutter&quot;:10}'>\n<div data-id=\"id-67572\" class=\"lae-posts-carousel-item\">\n\n    <article id=\"post-67572\" class=\"post-67572 post type-post status-publish format-standard has-post-thumbnail hentry category-fret-mode-demploi tag-douane tag-transport-voitures tag-tva cibles-une cibles-agences-sud cibles-douane cibles-tva cibles-voitures\">\n\n        \n            \n            \n            \n                <div class=\"lae-project-image\">\n\n                    \n                    \n                    \n                        <a href=\"https:\/\/www.mathezfreight.com\/fr\/blog\/auto-export-ferry-douane-tva-maghreb\/\"><img decoding=\"async\" width=\"274\" height=\"183\" src=\"https:\/\/www.mathezfreight.com\/wp-content\/uploads\/photo-car-ferry-maghreb-274x183.jpg\" class=\"lae-image attachment-mti-small-classic size-mti-small-classic\" alt=\"photo-car-ferry-maghreb\" title=\"Export de voitures vers le Maghreb\" srcset=\"https:\/\/www.mathezfreight.com\/wp-content\/uploads\/photo-car-ferry-maghreb-274x183.jpg 274w, https:\/\/www.mathezfreight.com\/wp-content\/uploads\/photo-car-ferry-maghreb-600x400.jpg 600w, https:\/\/www.mathezfreight.com\/wp-content\/uploads\/photo-car-ferry-maghreb-1100x733.jpg 1100w, https:\/\/www.mathezfreight.com\/wp-content\/uploads\/photo-car-ferry-maghreb-768x512.jpg 768w, https:\/\/www.mathezfreight.com\/wp-content\/uploads\/photo-car-ferry-maghreb-375x250.jpg 375w, https:\/\/www.mathezfreight.com\/wp-content\/uploads\/photo-car-ferry-maghreb-1200x800.jpg 1200w, https:\/\/www.mathezfreight.com\/wp-content\/uploads\/photo-car-ferry-maghreb-610x406.jpg 610w, https:\/\/www.mathezfreight.com\/wp-content\/uploads\/photo-car-ferry-maghreb.jpg 1220w\" sizes=\"(max-width: 274px) 100vw, 274px\" \/><\/a>\n\n                    \n                    \n                        <div class=\"lae-image-info\">\n\n                            <div class=\"lae-entry-info\">\n\n                                \n                                    <h3 class=\"lae-post-title\">\n\n                                        <a href=\"https:\/\/www.mathezfreight.com\/fr\/blog\/auto-export-ferry-douane-tva-maghreb\/\" title=\"Export de voitures vers Alg\u00e9rie, Maroc ou Tunisie: pourquoi passer par un transitaire en douane en 2026\"\n                                           rel=\"bookmark\">Export de voitures vers Alg\u00e9rie, Maroc ou Tunisie: pourquoi passer par un transitaire en douane en 2026<\/a>\n\n                                    <\/h3>\n\n                                \n                                \n                                    <span class=\"lae-terms\"><a href=\"https:\/\/www.mathezfreight.com\/fr\/blog\/categorie\/fret-mode-demploi\/\">Fret Mode d'Emploi<\/a><\/span>\n                                \n                            <\/div>\n\n                        <\/div><!-- .lae-image-info -->\n\n                    \n                <\/div>\n\n            \n            \n                <div class=\"lae-entry-text-wrap \">\n\n                    \n                        <h3 class=\"entry-title\">\n\n                            <a href=\"https:\/\/www.mathezfreight.com\/fr\/blog\/auto-export-ferry-douane-tva-maghreb\/\" title=\"Export de voitures vers Alg\u00e9rie, Maroc ou Tunisie: pourquoi passer par un transitaire en douane en 2026\"\n                               rel=\"bookmark\">Export de voitures vers Alg\u00e9rie, Maroc ou Tunisie: pourquoi passer par un transitaire en douane en 2026<\/a>\n\n                        <\/h3>\n\n                    \n                    \n                    \n                    \n                <\/div>\n\n            \n        \n    <\/article><!-- .hentry -->\n\n<\/div><!-- .lae-posts-carousel-item -->\n<div data-id=\"id-67142\" class=\"lae-posts-carousel-item\">\n\n    <article id=\"post-67142\" class=\"post-67142 post type-post status-publish format-standard has-post-thumbnail hentry category-fret-mode-demploi tag-douane tag-tva cibles-une cibles-agences-sud cibles-douane cibles-congres cibles-tva\">\n\n        \n            \n            \n            \n                <div class=\"lae-project-image\">\n\n                    \n                    \n                    \n                        <a href=\"https:\/\/www.mathezfreight.com\/fr\/blog\/suspension-douane-tva-salons-congres\/\"><img decoding=\"async\" width=\"274\" height=\"183\" src=\"https:\/\/www.mathezfreight.com\/wp-content\/uploads\/photo-onsite-salons-congres-274x183.jpg\" class=\"lae-image attachment-mti-small-classic size-mti-small-classic\" alt=\"Salons et congr\u00e8s : douane et TVA\" title=\"Salons et congr\u00e8s : douane et TVA\" srcset=\"https:\/\/www.mathezfreight.com\/wp-content\/uploads\/photo-onsite-salons-congres-274x183.jpg 274w, https:\/\/www.mathezfreight.com\/wp-content\/uploads\/photo-onsite-salons-congres-600x400.jpg 600w, https:\/\/www.mathezfreight.com\/wp-content\/uploads\/photo-onsite-salons-congres-1100x733.jpg 1100w, https:\/\/www.mathezfreight.com\/wp-content\/uploads\/photo-onsite-salons-congres-768x512.jpg 768w, https:\/\/www.mathezfreight.com\/wp-content\/uploads\/photo-onsite-salons-congres-375x250.jpg 375w, https:\/\/www.mathezfreight.com\/wp-content\/uploads\/photo-onsite-salons-congres-1200x800.jpg 1200w, https:\/\/www.mathezfreight.com\/wp-content\/uploads\/photo-onsite-salons-congres-610x406.jpg 610w, https:\/\/www.mathezfreight.com\/wp-content\/uploads\/photo-onsite-salons-congres.jpg 1220w\" sizes=\"(max-width: 274px) 100vw, 274px\" \/><\/a>\n\n                    \n                    \n                        <div class=\"lae-image-info\">\n\n                            <div class=\"lae-entry-info\">\n\n                                \n                                    <h3 class=\"lae-post-title\">\n\n                                        <a href=\"https:\/\/www.mathezfreight.com\/fr\/blog\/suspension-douane-tva-salons-congres\/\" title=\"Suspension de droits de douane et TVA sur les salons et congr\u00e8s: comment \u00e7a marche?\"\n                                           rel=\"bookmark\">Suspension de droits de douane et TVA sur les salons et congr\u00e8s: comment \u00e7a marche?<\/a>\n\n                                    <\/h3>\n\n                                \n                                \n                                    <span class=\"lae-terms\"><a href=\"https:\/\/www.mathezfreight.com\/fr\/blog\/categorie\/fret-mode-demploi\/\">Fret Mode d'Emploi<\/a><\/span>\n                                \n                            <\/div>\n\n                        <\/div><!-- .lae-image-info -->\n\n                    \n                <\/div>\n\n            \n            \n                <div class=\"lae-entry-text-wrap \">\n\n                    \n                        <h3 class=\"entry-title\">\n\n                            <a href=\"https:\/\/www.mathezfreight.com\/fr\/blog\/suspension-douane-tva-salons-congres\/\" title=\"Suspension de droits de douane et TVA sur les salons et congr\u00e8s: comment \u00e7a marche?\"\n                               rel=\"bookmark\">Suspension de droits de douane et TVA sur les salons et congr\u00e8s: comment \u00e7a marche?<\/a>\n\n                        <\/h3>\n\n                    \n                    \n                    \n                    \n                <\/div>\n\n            \n        \n    <\/article><!-- .hentry -->\n\n<\/div><!-- .lae-posts-carousel-item -->\n<div data-id=\"id-66861\" class=\"lae-posts-carousel-item\">\n\n    <article id=\"post-66861\" class=\"post-66861 post type-post status-publish format-standard has-post-thumbnail hentry category-fret-mode-demploi tag-douane tag-tva cibles-une cibles-agences-sud cibles-douane cibles-import cibles-congres cibles-tva cibles-yachts\">\n\n        \n            \n            \n            \n                <div class=\"lae-project-image\">\n\n                    \n                    \n                    \n                        <a href=\"https:\/\/www.mathezfreight.com\/fr\/blog\/douane-cannes-monaco-boat-shows\/\"><img decoding=\"async\" width=\"274\" height=\"183\" src=\"https:\/\/www.mathezfreight.com\/wp-content\/uploads\/photo-cannes-monaco-boat-shows-douane-274x183.jpg\" class=\"lae-image attachment-mti-small-classic size-mti-small-classic\" alt=\"photo-cannes-monaco-boat-shows-douane\" title=\"Yacht de luxe naviguant en mer M\u00e9diterran\u00e9e, conformit\u00e9 douani\u00e8re assur\u00e9e.\" srcset=\"https:\/\/www.mathezfreight.com\/wp-content\/uploads\/photo-cannes-monaco-boat-shows-douane-274x183.jpg 274w, https:\/\/www.mathezfreight.com\/wp-content\/uploads\/photo-cannes-monaco-boat-shows-douane-600x400.jpg 600w, https:\/\/www.mathezfreight.com\/wp-content\/uploads\/photo-cannes-monaco-boat-shows-douane-1100x733.jpg 1100w, https:\/\/www.mathezfreight.com\/wp-content\/uploads\/photo-cannes-monaco-boat-shows-douane-768x512.jpg 768w, https:\/\/www.mathezfreight.com\/wp-content\/uploads\/photo-cannes-monaco-boat-shows-douane-375x250.jpg 375w, https:\/\/www.mathezfreight.com\/wp-content\/uploads\/photo-cannes-monaco-boat-shows-douane-1200x800.jpg 1200w, https:\/\/www.mathezfreight.com\/wp-content\/uploads\/photo-cannes-monaco-boat-shows-douane-610x406.jpg 610w, https:\/\/www.mathezfreight.com\/wp-content\/uploads\/photo-cannes-monaco-boat-shows-douane.jpg 1220w\" sizes=\"(max-width: 274px) 100vw, 274px\" \/><\/a>\n\n                    \n                    \n                        <div class=\"lae-image-info\">\n\n                            <div class=\"lae-entry-info\">\n\n                                \n                                    <h3 class=\"lae-post-title\">\n\n                                        <a href=\"https:\/\/www.mathezfreight.com\/fr\/blog\/douane-cannes-monaco-boat-shows\/\" title=\"Cannes et Monaco Boat Shows: la douane en toute conformit\u00e9\"\n                                           rel=\"bookmark\">Cannes et Monaco Boat Shows: la douane en toute conformit\u00e9<\/a>\n\n                                    <\/h3>\n\n                                \n                                \n                                    <span class=\"lae-terms\"><a href=\"https:\/\/www.mathezfreight.com\/fr\/blog\/categorie\/fret-mode-demploi\/\">Fret Mode d'Emploi<\/a><\/span>\n                                \n                            <\/div>\n\n                        <\/div><!-- .lae-image-info -->\n\n                    \n                <\/div>\n\n            \n            \n                <div class=\"lae-entry-text-wrap \">\n\n                    \n                        <h3 class=\"entry-title\">\n\n                            <a href=\"https:\/\/www.mathezfreight.com\/fr\/blog\/douane-cannes-monaco-boat-shows\/\" title=\"Cannes et Monaco Boat Shows: la douane en toute conformit\u00e9\"\n                               rel=\"bookmark\">Cannes et Monaco Boat Shows: la douane en toute conformit\u00e9<\/a>\n\n                        <\/h3>\n\n                    \n                    \n                    \n                    \n                <\/div>\n\n            \n        \n    <\/article><!-- .hentry -->\n\n<\/div><!-- .lae-posts-carousel-item -->\n<div data-id=\"id-63722\" class=\"lae-posts-carousel-item\">\n\n    <article id=\"post-63722\" class=\"post-63722 post type-post status-publish format-standard has-post-thumbnail hentry category-fret-mode-demploi category-operations tag-douane cibles-agences-nord cibles-douane cibles-maritime\">\n\n        \n            \n            \n            \n                <div class=\"lae-project-image\">\n\n                    \n                    \n                    \n                        <a href=\"https:\/\/www.mathezfreight.com\/fr\/blog\/delta-ie-import-transition-et-nouveautes\/\"><img decoding=\"async\" width=\"274\" height=\"183\" src=\"https:\/\/www.mathezfreight.com\/wp-content\/uploads\/photo-delta-ie-bascule-274x183.jpg\" class=\"lae-image attachment-mti-small-classic size-mti-small-classic\" alt=\"photo-delta-ie-bascule\" title=\"photo-delta-ie-bascule\" srcset=\"https:\/\/www.mathezfreight.com\/wp-content\/uploads\/photo-delta-ie-bascule-274x183.jpg 274w, https:\/\/www.mathezfreight.com\/wp-content\/uploads\/photo-delta-ie-bascule-375x250.jpg 375w\" sizes=\"(max-width: 274px) 100vw, 274px\" \/><\/a>\n\n                    \n                    \n                        <div class=\"lae-image-info\">\n\n                            <div class=\"lae-entry-info\">\n\n                                \n                                    <h3 class=\"lae-post-title\">\n\n                                        <a href=\"https:\/\/www.mathezfreight.com\/fr\/blog\/delta-ie-import-transition-et-nouveautes\/\" title=\"Delta IE Import: transition et nouveaut\u00e9s\"\n                                           rel=\"bookmark\">Delta IE Import: transition et nouveaut\u00e9s<\/a>\n\n                                    <\/h3>\n\n                                \n                                \n                                    <span class=\"lae-terms\"><a href=\"https:\/\/www.mathezfreight.com\/fr\/blog\/categorie\/fret-mode-demploi\/\">Fret Mode d'Emploi<\/a>, <a href=\"https:\/\/www.mathezfreight.com\/fr\/blog\/categorie\/operations\/\">Op\u00e9rations<\/a><\/span>\n                                \n                            <\/div>\n\n                        <\/div><!-- .lae-image-info -->\n\n                    \n                <\/div>\n\n            \n            \n                <div class=\"lae-entry-text-wrap \">\n\n                    \n                        <h3 class=\"entry-title\">\n\n                            <a href=\"https:\/\/www.mathezfreight.com\/fr\/blog\/delta-ie-import-transition-et-nouveautes\/\" title=\"Delta IE Import: transition et nouveaut\u00e9s\"\n                               rel=\"bookmark\">Delta IE Import: transition et nouveaut\u00e9s<\/a>\n\n                        <\/h3>\n\n                    \n                    \n                    \n                    \n                <\/div>\n\n            \n        \n    <\/article><!-- .hentry -->\n\n<\/div><!-- .lae-posts-carousel-item -->\n<div data-id=\"id-65262\" class=\"lae-posts-carousel-item\">\n\n    <article id=\"post-65262\" class=\"post-65262 post type-post status-publish format-standard has-post-thumbnail hentry category-fret-mode-demploi tag-decarbonation tag-douane cibles-une cibles-agences-nord cibles-aromes cibles-douane cibles-import\">\n\n        \n            \n            \n            \n                <div class=\"lae-project-image\">\n\n                    \n                    \n                    \n                        <a href=\"https:\/\/www.mathezfreight.com\/fr\/blog\/rdue-deforestation-douane-2026-2027\/\"><img decoding=\"async\" width=\"274\" height=\"183\" src=\"https:\/\/www.mathezfreight.com\/wp-content\/uploads\/photo-forets-rdue-depositphotos_170188894_l-274x183.jpg\" class=\"lae-image attachment-mti-small-classic size-mti-small-classic\" alt=\"RDUE r\u00e9glement d\u00e9forestation UE\" title=\"RDUE r\u00e9glement d\u00e9forestation UE\" srcset=\"https:\/\/www.mathezfreight.com\/wp-content\/uploads\/photo-forets-rdue-depositphotos_170188894_l-274x183.jpg 274w, https:\/\/www.mathezfreight.com\/wp-content\/uploads\/photo-forets-rdue-depositphotos_170188894_l-600x400.jpg 600w, https:\/\/www.mathezfreight.com\/wp-content\/uploads\/photo-forets-rdue-depositphotos_170188894_l-1100x733.jpg 1100w, https:\/\/www.mathezfreight.com\/wp-content\/uploads\/photo-forets-rdue-depositphotos_170188894_l-768x512.jpg 768w, https:\/\/www.mathezfreight.com\/wp-content\/uploads\/photo-forets-rdue-depositphotos_170188894_l-375x250.jpg 375w, https:\/\/www.mathezfreight.com\/wp-content\/uploads\/photo-forets-rdue-depositphotos_170188894_l-1200x800.jpg 1200w, https:\/\/www.mathezfreight.com\/wp-content\/uploads\/photo-forets-rdue-depositphotos_170188894_l-610x406.jpg 610w, https:\/\/www.mathezfreight.com\/wp-content\/uploads\/photo-forets-rdue-depositphotos_170188894_l.jpg 1220w\" sizes=\"(max-width: 274px) 100vw, 274px\" \/><\/a>\n\n                    \n                    \n                        <div class=\"lae-image-info\">\n\n                            <div class=\"lae-entry-info\">\n\n                                \n                                    <h3 class=\"lae-post-title\">\n\n                                        <a href=\"https:\/\/www.mathezfreight.com\/fr\/blog\/rdue-deforestation-douane-2026-2027\/\" title=\"R\u00e9glement contre la d\u00e9forestation de l&rsquo;UE (RDUE): anticipez vos obligations douani\u00e8res 2026-2027\"\n                                           rel=\"bookmark\">R\u00e9glement contre la d\u00e9forestation de l&rsquo;UE (RDUE): anticipez vos obligations douani\u00e8res 2026-2027<\/a>\n\n                                    <\/h3>\n\n                                \n                                \n                                    <span class=\"lae-terms\"><a href=\"https:\/\/www.mathezfreight.com\/fr\/blog\/categorie\/fret-mode-demploi\/\">Fret Mode d'Emploi<\/a><\/span>\n                                \n                            <\/div>\n\n                        <\/div><!-- .lae-image-info -->\n\n                    \n                <\/div>\n\n            \n            \n                <div class=\"lae-entry-text-wrap \">\n\n                    \n                        <h3 class=\"entry-title\">\n\n                            <a href=\"https:\/\/www.mathezfreight.com\/fr\/blog\/rdue-deforestation-douane-2026-2027\/\" title=\"R\u00e9glement contre la d\u00e9forestation de l&rsquo;UE (RDUE): anticipez vos obligations douani\u00e8res 2026-2027\"\n                               rel=\"bookmark\">R\u00e9glement contre la d\u00e9forestation de l&rsquo;UE (RDUE): anticipez vos obligations douani\u00e8res 2026-2027<\/a>\n\n                        <\/h3>\n\n                    \n                    \n                    \n                    \n                <\/div>\n\n            \n        \n    <\/article><!-- .hentry -->\n\n<\/div><!-- .lae-posts-carousel-item -->\n<div data-id=\"id-35953\" class=\"lae-posts-carousel-item\">\n\n    <article id=\"post-35953\" class=\"post-35953 post type-post status-publish format-standard has-post-thumbnail hentry category-fret-mode-demploi tag-douane cibles-une cibles-agences-nord cibles-agences-sud cibles-douane cibles-import\">\n\n        \n            \n            \n            \n                <div class=\"lae-project-image\">\n\n                    \n                    \n                    \n                        <a href=\"https:\/\/www.mathezfreight.com\/fr\/blog\/codes-douaniers-tarif-douanier\/\"><img decoding=\"async\" width=\"274\" height=\"183\" src=\"https:\/\/www.mathezfreight.com\/wp-content\/uploads\/photo-code-douanier-2020-274x183.jpg\" class=\"lae-image attachment-mti-small-classic size-mti-small-classic\" alt=\"Code douanier : le trouver dans le Tarif douanier 2026\" title=\"Code douanier : le trouver dans le Tarif douanier 2026\" srcset=\"https:\/\/www.mathezfreight.com\/wp-content\/uploads\/photo-code-douanier-2020-274x183.jpg 274w, https:\/\/www.mathezfreight.com\/wp-content\/uploads\/photo-code-douanier-2020-375x250.jpg 375w, https:\/\/www.mathezfreight.com\/wp-content\/uploads\/photo-code-douanier-2020-1200x800.jpg 1200w\" sizes=\"(max-width: 274px) 100vw, 274px\" \/><\/a>\n\n                    \n                    \n                        <div class=\"lae-image-info\">\n\n                            <div class=\"lae-entry-info\">\n\n                                \n                                    <h3 class=\"lae-post-title\">\n\n                                        <a href=\"https:\/\/www.mathezfreight.com\/fr\/blog\/codes-douaniers-tarif-douanier\/\" title=\"Comment v\u00e9rifier vos codes et tarifs  douaniers en 2026?\"\n                                           rel=\"bookmark\">Comment v\u00e9rifier vos codes et tarifs  douaniers en 2026?<\/a>\n\n                                    <\/h3>\n\n                                \n                                \n                                    <span class=\"lae-terms\"><a href=\"https:\/\/www.mathezfreight.com\/fr\/blog\/categorie\/fret-mode-demploi\/\">Fret Mode d'Emploi<\/a><\/span>\n                                \n                            <\/div>\n\n                        <\/div><!-- .lae-image-info -->\n\n                    \n                <\/div>\n\n            \n            \n                <div class=\"lae-entry-text-wrap \">\n\n                    \n                        <h3 class=\"entry-title\">\n\n                            <a href=\"https:\/\/www.mathezfreight.com\/fr\/blog\/codes-douaniers-tarif-douanier\/\" title=\"Comment v\u00e9rifier vos codes et tarifs  douaniers en 2026?\"\n                               rel=\"bookmark\">Comment v\u00e9rifier vos codes et tarifs  douaniers en 2026?<\/a>\n\n                        <\/h3>\n\n                    \n                    \n                    \n                    \n                <\/div>\n\n            \n        \n    <\/article><!-- .hentry -->\n\n<\/div><!-- .lae-posts-carousel-item --><\/div><!-- .lae-posts-carousel -->\t\t\t\t<\/div>\n\t\t\t\t<\/div>\n\t\t\t\t\t<\/div>\n\t\t<\/div>\n\t\t\t\t\t<\/div>\n\t\t<\/aside>\n\t\t\t\t<\/div>\n\t\t","protected":false},"excerpt":{"rendered":"<p>Les entreprises engag\u00e9es dans des op\u00e9rations de commerce international ont un int\u00e9r\u00eat strat\u00e9gique \u00e0 ma\u00eetriser les leviers de l&rsquo;origine pr\u00e9f\u00e9rentielle des marchandises. <\/p>\n","protected":false},"author":131,"featured_media":52919,"comment_status":"open","ping_status":"open","sticky":false,"template":"page-mti-a4.php","format":"standard","meta":{"iawp_total_views":93,"footnotes":""},"categories":[87],"tags":[131,132],"cibles":[161,180],"class_list":["post-52895","post","type-post","status-publish","format-standard","has-post-thumbnail","hentry","category-fret-mode-demploi","tag-douane","tag-international","cibles-douane","cibles-import"],"yoast_head":"<!-- This site is optimized with the Yoast SEO Premium plugin v27.4 (Yoast SEO v27.4) - https:\/\/yoast.com\/product\/yoast-seo-premium-wordpress\/ -->\n<title>L&#039;origine pr\u00e9f\u00e9rentielle: un levier de comp\u00e9titivit\u00e9 pour les entreprises - MATHEZ FREIGHT<\/title>\n<meta name=\"description\" content=\"Les entreprises engag\u00e9es dans des op\u00e9rations de commerce international ont un int\u00e9r\u00eat strat\u00e9gique \u00e0 ma\u00eetriser les leviers de l&#039;origine pr\u00e9f\u00e9rentielle des marchandises.\" \/>\n<meta name=\"robots\" content=\"index, follow, max-snippet:-1, max-image-preview:large, max-video-preview:-1\" \/>\n<link rel=\"canonical\" href=\"https:\/\/www.mathezfreight.com\/fr\/blog\/origine-preferentielle\/\" \/>\n<meta property=\"og:locale\" content=\"fr_FR\" \/>\n<meta property=\"og:type\" content=\"article\" \/>\n<meta property=\"og:title\" content=\"L&#039;origine pr\u00e9f\u00e9rentielle: un levier de comp\u00e9titivit\u00e9 pour les entreprises\" \/>\n<meta property=\"og:description\" content=\"Les entreprises engag\u00e9es dans des op\u00e9rations de commerce international ont un int\u00e9r\u00eat strat\u00e9gique \u00e0 ma\u00eetriser les leviers de l&#039;origine pr\u00e9f\u00e9rentielle des marchandises.\" \/>\n<meta property=\"og:url\" content=\"https:\/\/www.mathezfreight.com\/fr\/blog\/origine-preferentielle\/\" \/>\n<meta property=\"og:site_name\" content=\"MATHEZ FREIGHT\" \/>\n<meta property=\"article:publisher\" content=\"https:\/\/www.facebook.com\/MathezFreight\/\" \/>\n<meta property=\"article:published_time\" content=\"2024-03-26T13:54:28+00:00\" \/>\n<meta property=\"article:modified_time\" content=\"2026-02-03T11:37:00+00:00\" \/>\n<meta property=\"og:image\" content=\"https:\/\/www.mathezfreight.com\/wp-content\/uploads\/photo-douane.jpg\" \/>\n\t<meta property=\"og:image:width\" content=\"1220\" \/>\n\t<meta property=\"og:image:height\" content=\"813\" \/>\n\t<meta property=\"og:image:type\" content=\"image\/jpeg\" \/>\n<meta name=\"author\" content=\"H\u00e9l\u00e8ne Plaquet\" \/>\n<meta name=\"twitter:card\" content=\"summary_large_image\" \/>\n<meta name=\"twitter:creator\" content=\"@MathezFreight\" \/>\n<meta name=\"twitter:site\" content=\"@MathezFreight\" \/>\n<meta name=\"twitter:label1\" content=\"\u00c9crit par\" \/>\n\t<meta name=\"twitter:data1\" content=\"H\u00e9l\u00e8ne Plaquet\" \/>\n\t<meta name=\"twitter:label2\" content=\"Dur\u00e9e de lecture estim\u00e9e\" \/>\n\t<meta name=\"twitter:data2\" content=\"16 minutes\" \/>\n<script type=\"application\/ld+json\" class=\"yoast-schema-graph\">{\"@context\":\"https:\\\/\\\/schema.org\",\"@graph\":[{\"@type\":\"Article\",\"@id\":\"https:\\\/\\\/www.mathezfreight.com\\\/fr\\\/blog\\\/origine-preferentielle\\\/#article\",\"isPartOf\":{\"@id\":\"https:\\\/\\\/www.mathezfreight.com\\\/fr\\\/blog\\\/origine-preferentielle\\\/\"},\"author\":{\"name\":\"H\u00e9l\u00e8ne Plaquet\",\"@id\":\"https:\\\/\\\/www.mathezfreight.com\\\/fr\\\/#\\\/schema\\\/person\\\/5bc83c10f19637586d3dc8053224bed5\"},\"headline\":\"L&rsquo;origine pr\u00e9f\u00e9rentielle: un levier de comp\u00e9titivit\u00e9 pour les entreprises\",\"datePublished\":\"2024-03-26T13:54:28+00:00\",\"dateModified\":\"2026-02-03T11:37:00+00:00\",\"mainEntityOfPage\":{\"@id\":\"https:\\\/\\\/www.mathezfreight.com\\\/fr\\\/blog\\\/origine-preferentielle\\\/\"},\"wordCount\":2242,\"commentCount\":0,\"publisher\":{\"@id\":\"https:\\\/\\\/www.mathezfreight.com\\\/fr\\\/#organization\"},\"image\":{\"@id\":\"https:\\\/\\\/www.mathezfreight.com\\\/fr\\\/blog\\\/origine-preferentielle\\\/#primaryimage\"},\"thumbnailUrl\":\"https:\\\/\\\/www.mathezfreight.com\\\/wp-content\\\/uploads\\\/photo-douane.jpg\",\"keywords\":[\"Douane\",\"International\"],\"articleSection\":[\"Fret Mode d'Emploi\"],\"inLanguage\":\"fr-FR\",\"potentialAction\":[{\"@type\":\"CommentAction\",\"name\":\"Comment\",\"target\":[\"https:\\\/\\\/www.mathezfreight.com\\\/fr\\\/blog\\\/origine-preferentielle\\\/#respond\"]}]},{\"@type\":\"WebPage\",\"@id\":\"https:\\\/\\\/www.mathezfreight.com\\\/fr\\\/blog\\\/origine-preferentielle\\\/\",\"url\":\"https:\\\/\\\/www.mathezfreight.com\\\/fr\\\/blog\\\/origine-preferentielle\\\/\",\"name\":\"L'origine pr\u00e9f\u00e9rentielle: un levier de comp\u00e9titivit\u00e9 pour les entreprises - MATHEZ FREIGHT\",\"isPartOf\":{\"@id\":\"https:\\\/\\\/www.mathezfreight.com\\\/fr\\\/#website\"},\"primaryImageOfPage\":{\"@id\":\"https:\\\/\\\/www.mathezfreight.com\\\/fr\\\/blog\\\/origine-preferentielle\\\/#primaryimage\"},\"image\":{\"@id\":\"https:\\\/\\\/www.mathezfreight.com\\\/fr\\\/blog\\\/origine-preferentielle\\\/#primaryimage\"},\"thumbnailUrl\":\"https:\\\/\\\/www.mathezfreight.com\\\/wp-content\\\/uploads\\\/photo-douane.jpg\",\"datePublished\":\"2024-03-26T13:54:28+00:00\",\"dateModified\":\"2026-02-03T11:37:00+00:00\",\"description\":\"Les entreprises engag\u00e9es dans des op\u00e9rations de commerce international ont un int\u00e9r\u00eat strat\u00e9gique \u00e0 ma\u00eetriser les leviers de l'origine pr\u00e9f\u00e9rentielle des marchandises.\",\"breadcrumb\":{\"@id\":\"https:\\\/\\\/www.mathezfreight.com\\\/fr\\\/blog\\\/origine-preferentielle\\\/#breadcrumb\"},\"inLanguage\":\"fr-FR\",\"potentialAction\":[{\"@type\":\"ReadAction\",\"target\":[\"https:\\\/\\\/www.mathezfreight.com\\\/fr\\\/blog\\\/origine-preferentielle\\\/\"]}]},{\"@type\":\"ImageObject\",\"inLanguage\":\"fr-FR\",\"@id\":\"https:\\\/\\\/www.mathezfreight.com\\\/fr\\\/blog\\\/origine-preferentielle\\\/#primaryimage\",\"url\":\"https:\\\/\\\/www.mathezfreight.com\\\/wp-content\\\/uploads\\\/photo-douane.jpg\",\"contentUrl\":\"https:\\\/\\\/www.mathezfreight.com\\\/wp-content\\\/uploads\\\/photo-douane.jpg\",\"width\":1220,\"height\":813,\"caption\":\"origine preferentielle\"},{\"@type\":\"BreadcrumbList\",\"@id\":\"https:\\\/\\\/www.mathezfreight.com\\\/fr\\\/blog\\\/origine-preferentielle\\\/#breadcrumb\",\"itemListElement\":[{\"@type\":\"ListItem\",\"position\":1,\"name\":\"Home\",\"item\":\"https:\\\/\\\/www.mathezfreight.com\\\/fr\\\/\"},{\"@type\":\"ListItem\",\"position\":2,\"name\":\"Fret Mode d'Emploi\",\"item\":\"https:\\\/\\\/www.mathezfreight.com\\\/fr\\\/blog\\\/categorie\\\/fret-mode-demploi\\\/\"},{\"@type\":\"ListItem\",\"position\":3,\"name\":\"L&rsquo;origine pr\u00e9f\u00e9rentielle: un levier de comp\u00e9titivit\u00e9 pour les entreprises\"}]},{\"@type\":\"WebSite\",\"@id\":\"https:\\\/\\\/www.mathezfreight.com\\\/fr\\\/#website\",\"url\":\"https:\\\/\\\/www.mathezfreight.com\\\/fr\\\/\",\"name\":\"MATHEZ FREIGHT\",\"description\":\"Solutions transport sur mesure, suivies, efficaces\",\"publisher\":{\"@id\":\"https:\\\/\\\/www.mathezfreight.com\\\/fr\\\/#organization\"},\"alternateName\":\"MATHEZ TRANSPORTS INTERNATIONAUX\",\"potentialAction\":[{\"@type\":\"SearchAction\",\"target\":{\"@type\":\"EntryPoint\",\"urlTemplate\":\"https:\\\/\\\/www.mathezfreight.com\\\/fr\\\/?s={search_term_string}\"},\"query-input\":{\"@type\":\"PropertyValueSpecification\",\"valueRequired\":true,\"valueName\":\"search_term_string\"}}],\"inLanguage\":\"fr-FR\"},{\"@type\":\"Organization\",\"@id\":\"https:\\\/\\\/www.mathezfreight.com\\\/fr\\\/#organization\",\"name\":\"MATHEZ FREIGHT\",\"alternateName\":\"MATHEZ TRANSPORTS INTERNATIONAUX\",\"url\":\"https:\\\/\\\/www.mathezfreight.com\\\/fr\\\/\",\"logo\":{\"@type\":\"ImageObject\",\"inLanguage\":\"fr-FR\",\"@id\":\"https:\\\/\\\/www.mathezfreight.com\\\/fr\\\/#\\\/schema\\\/logo\\\/image\\\/\",\"url\":\"https:\\\/\\\/www.mathezfreight.com\\\/wp-content\\\/uploads\\\/logo-mathez-freight-400pxw.png\",\"contentUrl\":\"https:\\\/\\\/www.mathezfreight.com\\\/wp-content\\\/uploads\\\/logo-mathez-freight-400pxw.png\",\"width\":400,\"height\":136,\"caption\":\"MATHEZ FREIGHT\"},\"image\":{\"@id\":\"https:\\\/\\\/www.mathezfreight.com\\\/fr\\\/#\\\/schema\\\/logo\\\/image\\\/\"},\"sameAs\":[\"https:\\\/\\\/www.facebook.com\\\/MathezFreight\\\/\",\"https:\\\/\\\/x.com\\\/MathezFreight\",\"https:\\\/\\\/www.linkedin.com\\\/company\\\/mathezfreight\\\/\"],\"description\":\"Transitaire fran\u00e7ais, organisateur de transport international: fret a\u00e9rien, fret maritime, commissionnaire en douane agr\u00e9\u00e9 OEA-Full. 17 agences en France sur tous les principaux ports et a\u00e9roports.\",\"email\":\"web@mathezfreight.com\",\"telephone\":\"+33.497257825\",\"legalName\":\"MATHEZ TRANSPORTS INTERNATIONAUX\",\"foundingDate\":\"1950-01-01\",\"numberOfEmployees\":{\"@type\":\"QuantitativeValue\",\"minValue\":\"51\",\"maxValue\":\"200\"}},{\"@type\":\"Person\",\"@id\":\"https:\\\/\\\/www.mathezfreight.com\\\/fr\\\/#\\\/schema\\\/person\\\/5bc83c10f19637586d3dc8053224bed5\",\"name\":\"H\u00e9l\u00e8ne Plaquet\"}]}<\/script>\n<!-- \/ Yoast SEO Premium plugin. -->","yoast_head_json":{"title":"L'origine pr\u00e9f\u00e9rentielle: un levier de comp\u00e9titivit\u00e9 pour les entreprises - MATHEZ FREIGHT","description":"Les entreprises engag\u00e9es dans des op\u00e9rations de commerce international ont un int\u00e9r\u00eat strat\u00e9gique \u00e0 ma\u00eetriser les leviers de l'origine pr\u00e9f\u00e9rentielle des marchandises.","robots":{"index":"index","follow":"follow","max-snippet":"max-snippet:-1","max-image-preview":"max-image-preview:large","max-video-preview":"max-video-preview:-1"},"canonical":"https:\/\/www.mathezfreight.com\/fr\/blog\/origine-preferentielle\/","og_locale":"fr_FR","og_type":"article","og_title":"L'origine pr\u00e9f\u00e9rentielle: un levier de comp\u00e9titivit\u00e9 pour les entreprises","og_description":"Les entreprises engag\u00e9es dans des op\u00e9rations de commerce international ont un int\u00e9r\u00eat strat\u00e9gique \u00e0 ma\u00eetriser les leviers de l'origine pr\u00e9f\u00e9rentielle des marchandises.","og_url":"https:\/\/www.mathezfreight.com\/fr\/blog\/origine-preferentielle\/","og_site_name":"MATHEZ FREIGHT","article_publisher":"https:\/\/www.facebook.com\/MathezFreight\/","article_published_time":"2024-03-26T13:54:28+00:00","article_modified_time":"2026-02-03T11:37:00+00:00","og_image":[{"width":1220,"height":813,"url":"https:\/\/www.mathezfreight.com\/wp-content\/uploads\/photo-douane.jpg","type":"image\/jpeg"}],"author":"H\u00e9l\u00e8ne Plaquet","twitter_card":"summary_large_image","twitter_creator":"@MathezFreight","twitter_site":"@MathezFreight","twitter_misc":{"\u00c9crit par":"H\u00e9l\u00e8ne Plaquet","Dur\u00e9e de lecture estim\u00e9e":"16 minutes"},"schema":{"@context":"https:\/\/schema.org","@graph":[{"@type":"Article","@id":"https:\/\/www.mathezfreight.com\/fr\/blog\/origine-preferentielle\/#article","isPartOf":{"@id":"https:\/\/www.mathezfreight.com\/fr\/blog\/origine-preferentielle\/"},"author":{"name":"H\u00e9l\u00e8ne Plaquet","@id":"https:\/\/www.mathezfreight.com\/fr\/#\/schema\/person\/5bc83c10f19637586d3dc8053224bed5"},"headline":"L&rsquo;origine pr\u00e9f\u00e9rentielle: un levier de comp\u00e9titivit\u00e9 pour les entreprises","datePublished":"2024-03-26T13:54:28+00:00","dateModified":"2026-02-03T11:37:00+00:00","mainEntityOfPage":{"@id":"https:\/\/www.mathezfreight.com\/fr\/blog\/origine-preferentielle\/"},"wordCount":2242,"commentCount":0,"publisher":{"@id":"https:\/\/www.mathezfreight.com\/fr\/#organization"},"image":{"@id":"https:\/\/www.mathezfreight.com\/fr\/blog\/origine-preferentielle\/#primaryimage"},"thumbnailUrl":"https:\/\/www.mathezfreight.com\/wp-content\/uploads\/photo-douane.jpg","keywords":["Douane","International"],"articleSection":["Fret Mode d'Emploi"],"inLanguage":"fr-FR","potentialAction":[{"@type":"CommentAction","name":"Comment","target":["https:\/\/www.mathezfreight.com\/fr\/blog\/origine-preferentielle\/#respond"]}]},{"@type":"WebPage","@id":"https:\/\/www.mathezfreight.com\/fr\/blog\/origine-preferentielle\/","url":"https:\/\/www.mathezfreight.com\/fr\/blog\/origine-preferentielle\/","name":"L'origine pr\u00e9f\u00e9rentielle: un levier de comp\u00e9titivit\u00e9 pour les entreprises - MATHEZ FREIGHT","isPartOf":{"@id":"https:\/\/www.mathezfreight.com\/fr\/#website"},"primaryImageOfPage":{"@id":"https:\/\/www.mathezfreight.com\/fr\/blog\/origine-preferentielle\/#primaryimage"},"image":{"@id":"https:\/\/www.mathezfreight.com\/fr\/blog\/origine-preferentielle\/#primaryimage"},"thumbnailUrl":"https:\/\/www.mathezfreight.com\/wp-content\/uploads\/photo-douane.jpg","datePublished":"2024-03-26T13:54:28+00:00","dateModified":"2026-02-03T11:37:00+00:00","description":"Les entreprises engag\u00e9es dans des op\u00e9rations de commerce international ont un int\u00e9r\u00eat strat\u00e9gique \u00e0 ma\u00eetriser les leviers de l'origine pr\u00e9f\u00e9rentielle des marchandises.","breadcrumb":{"@id":"https:\/\/www.mathezfreight.com\/fr\/blog\/origine-preferentielle\/#breadcrumb"},"inLanguage":"fr-FR","potentialAction":[{"@type":"ReadAction","target":["https:\/\/www.mathezfreight.com\/fr\/blog\/origine-preferentielle\/"]}]},{"@type":"ImageObject","inLanguage":"fr-FR","@id":"https:\/\/www.mathezfreight.com\/fr\/blog\/origine-preferentielle\/#primaryimage","url":"https:\/\/www.mathezfreight.com\/wp-content\/uploads\/photo-douane.jpg","contentUrl":"https:\/\/www.mathezfreight.com\/wp-content\/uploads\/photo-douane.jpg","width":1220,"height":813,"caption":"origine preferentielle"},{"@type":"BreadcrumbList","@id":"https:\/\/www.mathezfreight.com\/fr\/blog\/origine-preferentielle\/#breadcrumb","itemListElement":[{"@type":"ListItem","position":1,"name":"Home","item":"https:\/\/www.mathezfreight.com\/fr\/"},{"@type":"ListItem","position":2,"name":"Fret Mode d'Emploi","item":"https:\/\/www.mathezfreight.com\/fr\/blog\/categorie\/fret-mode-demploi\/"},{"@type":"ListItem","position":3,"name":"L&rsquo;origine pr\u00e9f\u00e9rentielle: un levier de comp\u00e9titivit\u00e9 pour les entreprises"}]},{"@type":"WebSite","@id":"https:\/\/www.mathezfreight.com\/fr\/#website","url":"https:\/\/www.mathezfreight.com\/fr\/","name":"MATHEZ FREIGHT","description":"Solutions transport sur mesure, suivies, efficaces","publisher":{"@id":"https:\/\/www.mathezfreight.com\/fr\/#organization"},"alternateName":"MATHEZ TRANSPORTS INTERNATIONAUX","potentialAction":[{"@type":"SearchAction","target":{"@type":"EntryPoint","urlTemplate":"https:\/\/www.mathezfreight.com\/fr\/?s={search_term_string}"},"query-input":{"@type":"PropertyValueSpecification","valueRequired":true,"valueName":"search_term_string"}}],"inLanguage":"fr-FR"},{"@type":"Organization","@id":"https:\/\/www.mathezfreight.com\/fr\/#organization","name":"MATHEZ FREIGHT","alternateName":"MATHEZ TRANSPORTS INTERNATIONAUX","url":"https:\/\/www.mathezfreight.com\/fr\/","logo":{"@type":"ImageObject","inLanguage":"fr-FR","@id":"https:\/\/www.mathezfreight.com\/fr\/#\/schema\/logo\/image\/","url":"https:\/\/www.mathezfreight.com\/wp-content\/uploads\/logo-mathez-freight-400pxw.png","contentUrl":"https:\/\/www.mathezfreight.com\/wp-content\/uploads\/logo-mathez-freight-400pxw.png","width":400,"height":136,"caption":"MATHEZ FREIGHT"},"image":{"@id":"https:\/\/www.mathezfreight.com\/fr\/#\/schema\/logo\/image\/"},"sameAs":["https:\/\/www.facebook.com\/MathezFreight\/","https:\/\/x.com\/MathezFreight","https:\/\/www.linkedin.com\/company\/mathezfreight\/"],"description":"Transitaire fran\u00e7ais, organisateur de transport international: fret a\u00e9rien, fret maritime, commissionnaire en douane agr\u00e9\u00e9 OEA-Full. 17 agences en France sur tous les principaux ports et a\u00e9roports.","email":"web@mathezfreight.com","telephone":"+33.497257825","legalName":"MATHEZ TRANSPORTS INTERNATIONAUX","foundingDate":"1950-01-01","numberOfEmployees":{"@type":"QuantitativeValue","minValue":"51","maxValue":"200"}},{"@type":"Person","@id":"https:\/\/www.mathezfreight.com\/fr\/#\/schema\/person\/5bc83c10f19637586d3dc8053224bed5","name":"H\u00e9l\u00e8ne Plaquet"}]}},"_links":{"self":[{"href":"https:\/\/www.mathezfreight.com\/fr\/wp-json\/wp\/v2\/posts\/52895","targetHints":{"allow":["GET"]}}],"collection":[{"href":"https:\/\/www.mathezfreight.com\/fr\/wp-json\/wp\/v2\/posts"}],"about":[{"href":"https:\/\/www.mathezfreight.com\/fr\/wp-json\/wp\/v2\/types\/post"}],"author":[{"embeddable":true,"href":"https:\/\/www.mathezfreight.com\/fr\/wp-json\/wp\/v2\/users\/131"}],"replies":[{"embeddable":true,"href":"https:\/\/www.mathezfreight.com\/fr\/wp-json\/wp\/v2\/comments?post=52895"}],"version-history":[{"count":0,"href":"https:\/\/www.mathezfreight.com\/fr\/wp-json\/wp\/v2\/posts\/52895\/revisions"}],"wp:featuredmedia":[{"embeddable":true,"href":"https:\/\/www.mathezfreight.com\/fr\/wp-json\/wp\/v2\/media\/52919"}],"wp:attachment":[{"href":"https:\/\/www.mathezfreight.com\/fr\/wp-json\/wp\/v2\/media?parent=52895"}],"wp:term":[{"taxonomy":"category","embeddable":true,"href":"https:\/\/www.mathezfreight.com\/fr\/wp-json\/wp\/v2\/categories?post=52895"},{"taxonomy":"post_tag","embeddable":true,"href":"https:\/\/www.mathezfreight.com\/fr\/wp-json\/wp\/v2\/tags?post=52895"},{"taxonomy":"cibles","embeddable":true,"href":"https:\/\/www.mathezfreight.com\/fr\/wp-json\/wp\/v2\/cibles?post=52895"}],"curies":[{"name":"wp","href":"https:\/\/api.w.org\/{rel}","templated":true}]}}