{"id":48922,"date":"2025-05-26T13:52:14","date_gmt":"2025-05-26T13:52:14","guid":{"rendered":"https:\/\/www.mathezfreight.com\/?p=48922"},"modified":"2026-02-24T16:57:53","modified_gmt":"2026-02-24T16:57:53","slug":"gala-charite-amfar-logistique","status":"publish","type":"post","link":"https:\/\/www.mathezfreight.com\/fr\/blog\/gala-charite-amfar-logistique\/","title":{"rendered":"Gala de Charit\u00e9 de l&rsquo;AMFAR: une logistique d&rsquo;exception"},"content":{"rendered":"\t\t<div data-elementor-type=\"wp-post\" data-elementor-id=\"48922\" class=\"elementor elementor-48922\" data-elementor-post-type=\"post\">\n\t\t\t\t\t\t<div class=\"elementor-section elementor-top-section elementor-element elementor-element-25ac58f elementor-section-stretched elementor-section-full_width mti-page-header bg-articles elementor-section-height-default elementor-section-height-default default-style elementor-invisible\" data-id=\"25ac58f\" data-element_type=\"section\" data-e-type=\"section\" id=\"mti-page-header\" data-settings=\"{&quot;stretch_section&quot;:&quot;section-stretched&quot;,&quot;animation&quot;:&quot;fadeIn&quot;,&quot;rt_color_sets&quot;:&quot;default-style&quot;}\">\n\t\t\t\t\t\t<div class=\"elementor-container elementor-column-gap-no\">\n\t\t\t\t\t<div class=\"elementor-column elementor-col-100 elementor-top-column elementor-element elementor-element-c3af877\" data-id=\"c3af877\" data-element_type=\"column\" data-e-type=\"column\">\n\t\t\t<div class=\"elementor-widget-wrap elementor-element-populated\">\n\t\t\t\t\t\t<div class=\"elementor-element elementor-element-b77a9d7 elementor-widget elementor-widget-theme-post-featured-image elementor-widget-image\" data-id=\"b77a9d7\" data-element_type=\"widget\" data-e-type=\"widget\" data-widget_type=\"theme-post-featured-image.default\">\n\t\t\t\t<div class=\"elementor-widget-container\">\n\t\t\t\t\t\t\t\t\t\t\t\t\t\t\t<img decoding=\"async\" width=\"1220\" height=\"406\" src=\"https:\/\/www.mathezfreight.com\/wp-content\/uploads\/photo-amfar-log-2025-05-27-11-09-15_5054507a-1220x406.jpg\" class=\"attachment-mti-flat-banner size-mti-flat-banner wp-image-60971\" alt=\"Art Logistics - Amfar Cannes 2025\" \/>\t\t\t\t\t\t\t\t\t\t\t\t\t\t\t<\/div>\n\t\t\t\t<\/div>\n\t\t\t\t\t<\/div>\n\t\t<\/div>\n\t\t\t\t\t<\/div>\n\t\t<\/div>\n\t\t\t\t<div class=\"elementor-section elementor-top-section elementor-element elementor-element-9fdc93c mti-page-excerpt excerpt-onleft highlight-articles elementor-section-boxed elementor-section-height-default elementor-section-height-default default-style elementor-invisible\" data-id=\"9fdc93c\" data-element_type=\"section\" data-e-type=\"section\" id=\"mti-page-excerpt\" data-settings=\"{&quot;animation&quot;:&quot;fadeInUp&quot;,&quot;rt_color_sets&quot;:&quot;default-style&quot;}\">\n\t\t\t\t\t\t<div class=\"elementor-container elementor-column-gap-default\">\n\t\t\t\t\t<div class=\"elementor-column elementor-col-100 elementor-top-column elementor-element elementor-element-c10d4aa default-style\" data-id=\"c10d4aa\" data-element_type=\"column\" data-e-type=\"column\" data-settings=\"{&quot;background_background&quot;:&quot;classic&quot;}\">\n\t\t\t<div class=\"elementor-widget-wrap elementor-element-populated\">\n\t\t\t\t\t\t<div class=\"elementor-element elementor-element-cabbf52 elementor-align-left mti-blog-suptitle elementor-widget elementor-widget-post-info\" data-id=\"cabbf52\" data-element_type=\"widget\" data-e-type=\"widget\" data-widget_type=\"post-info.default\">\n\t\t\t\t<div class=\"elementor-widget-container\">\n\t\t\t\t\t\t\t<ul class=\"elementor-inline-items elementor-icon-list-items elementor-post-info\">\n\t\t\t\t\t\t\t\t<li class=\"elementor-icon-list-item elementor-repeater-item-9687d75 elementor-inline-item\" itemprop=\"about\">\n\t\t\t\t\t\t\t\t\t\t\t\t\t<span class=\"elementor-icon-list-text elementor-post-info__item elementor-post-info__item--type-terms\">\n\t\t\t\t\t\t\t\t\t\t<span class=\"elementor-post-info__terms-list\">\n\t\t\t\t<a href=\"https:\/\/www.mathezfreight.com\/fr\/blog\/categorie\/operations\/\" class=\"elementor-post-info__terms-list-item\">Op\u00e9rations<\/a>\t\t\t\t<\/span>\n\t\t\t\t\t<\/span>\n\t\t\t\t\t\t\t\t<\/li>\n\t\t\t\t<\/ul>\n\t\t\t\t\t\t<\/div>\n\t\t\t\t<\/div>\n\t\t\t\t<div class=\"elementor-element elementor-element-5c2346a elementor-widget elementor-widget-theme-post-title elementor-page-title elementor-widget-heading\" data-id=\"5c2346a\" data-element_type=\"widget\" data-e-type=\"widget\" data-widget_type=\"theme-post-title.default\">\n\t\t\t\t<div class=\"elementor-widget-container\">\n\t\t\t\t\t<h1 class=\"elementor-heading-title elementor-size-default\">Gala de Charit\u00e9 de l&rsquo;AMFAR: une logistique d&rsquo;exception<\/h1>\t\t\t\t<\/div>\n\t\t\t\t<\/div>\n\t\t\t\t<div class=\"elementor-element elementor-element-eb8ed8f elementor-widget elementor-widget-theme-post-excerpt\" data-id=\"eb8ed8f\" data-element_type=\"widget\" data-e-type=\"widget\" data-widget_type=\"theme-post-excerpt.default\">\n\t\t\t\t<div class=\"elementor-widget-container\">\n\t\t\t\t\tImport, livraison, d\u00e9ballage , installation et pr\u00e9sentation des \u0153uvres sur sc\u00e8ne pour le Gala de charit\u00e9 de l\u2019Amfar: les \u00e9quipes MATHEZ ART LOGISTICS au meilleur de leur art.\t\t\t\t<\/div>\n\t\t\t\t<\/div>\n\t\t\t\t<div class=\"elementor-element elementor-element-b2a2ac0 elementor-align-right mti-blog-tags elementor-widget elementor-widget-post-info\" data-id=\"b2a2ac0\" data-element_type=\"widget\" data-e-type=\"widget\" data-widget_type=\"post-info.default\">\n\t\t\t\t<div class=\"elementor-widget-container\">\n\t\t\t\t\t\t\t<ul class=\"elementor-inline-items elementor-icon-list-items elementor-post-info\">\n\t\t\t\t\t\t\t\t<li class=\"elementor-icon-list-item elementor-repeater-item-7910e98 elementor-inline-item\" itemprop=\"datePublished\">\n\t\t\t\t\t\t\t\t\t\t<span class=\"elementor-icon-list-icon\">\n\t\t\t\t\t\t\t\t\t\t\t\t\t\t<i class=\"fa fa-calendar\" aria-hidden=\"true\"><\/i>\n\t\t\t\t\t\t\t\t\t\t\t\t<\/span>\n\t\t\t\t\t\t\t\t\t<span class=\"elementor-icon-list-text elementor-post-info__item elementor-post-info__item--type-date\">\n\t\t\t\t\t\t\t\t\t\t<time>26 mai 2025<\/time>\t\t\t\t\t<\/span>\n\t\t\t\t\t\t\t\t<\/li>\n\t\t\t\t<li class=\"elementor-icon-list-item elementor-repeater-item-4e9c5fd elementor-inline-item\" itemprop=\"author\">\n\t\t\t\t\t\t\t\t\t\t<span class=\"elementor-icon-list-icon\">\n\t\t\t\t\t\t\t\t\t\t\t\t\t\t<i class=\"fa fa-user-circle-o\" aria-hidden=\"true\"><\/i>\n\t\t\t\t\t\t\t\t\t\t\t\t<\/span>\n\t\t\t\t\t\t\t\t\t<span class=\"elementor-icon-list-text elementor-post-info__item elementor-post-info__item--type-author\">\n\t\t\t\t\t\t\t\t\t\tAgnes\t\t\t\t\t<\/span>\n\t\t\t\t\t\t\t\t<\/li>\n\t\t\t\t<li class=\"elementor-icon-list-item elementor-repeater-item-f18f2db elementor-inline-item\" itemprop=\"about\">\n\t\t\t\t\t\t\t\t\t\t<span class=\"elementor-icon-list-icon\">\n\t\t\t\t\t\t\t\t<i aria-hidden=\"true\" class=\"fas fa-tags\"><\/i>\t\t\t\t\t\t\t<\/span>\n\t\t\t\t\t\t\t\t\t<span class=\"elementor-icon-list-text elementor-post-info__item elementor-post-info__item--type-terms\">\n\t\t\t\t\t\t\t\t\t\t<span class=\"elementor-post-info__terms-list\">\n\t\t\t\t<a href=\"https:\/\/www.mathezfreight.com\/fr\/blog\/tag\/arts\/\" class=\"elementor-post-info__terms-list-item\">Arts<\/a>\t\t\t\t<\/span>\n\t\t\t\t\t<\/span>\n\t\t\t\t\t\t\t\t<\/li>\n\t\t\t\t<\/ul>\n\t\t\t\t\t\t<\/div>\n\t\t\t\t<\/div>\n\t\t\t\t\t<\/div>\n\t\t<\/div>\n\t\t\t\t\t<\/div>\n\t\t<\/div>\n\t\t\t\t<aside class=\"elementor-section elementor-top-section elementor-element elementor-element-da74b28 elementor-hidden-tablet elementor-hidden-phone mti-social-bar up elementor-section-boxed elementor-section-height-default elementor-section-height-default elementor-invisible\" data-id=\"da74b28\" data-element_type=\"section\" data-e-type=\"section\" data-settings=\"{&quot;animation&quot;:&quot;fadeInLeft&quot;}\">\n\t\t\t\t\t\t<div class=\"elementor-container elementor-column-gap-default\">\n\t\t\t\t\t<div class=\"elementor-column elementor-col-100 elementor-top-column elementor-element elementor-element-ba21d28\" data-id=\"ba21d28\" data-element_type=\"column\" data-e-type=\"column\">\n\t\t\t<div class=\"elementor-widget-wrap elementor-element-populated\">\n\t\t\t\t\t\t<div class=\"elementor-element elementor-element-318d352 elementor-share-buttons--view-icon elementor-share-buttons--skin-flat mti-social-bar-job elementor-share-buttons--shape-square elementor-grid-0 elementor-share-buttons--color-official elementor-invisible elementor-widget elementor-widget-global elementor-global-17249 elementor-widget-share-buttons\" data-id=\"318d352\" data-element_type=\"widget\" data-e-type=\"widget\" data-settings=\"{&quot;_animation&quot;:&quot;fadeInLeft&quot;}\" data-widget_type=\"share-buttons.default\">\n\t\t\t\t<div class=\"elementor-widget-container\">\n\t\t\t\t\t\t\t<div class=\"elementor-grid\" role=\"list\">\n\t\t\t\t\t\t\t\t<div class=\"elementor-grid-item\" role=\"listitem\">\n\t\t\t\t\t\t<div class=\"elementor-share-btn elementor-share-btn_email\" role=\"button\" tabindex=\"0\" aria-label=\"Partager sur email\">\n\t\t\t\t\t\t\t\t\t\t\t\t\t\t\t<span class=\"elementor-share-btn__icon\">\n\t\t\t\t\t\t\t\t<i class=\"fas fa-envelope\" aria-hidden=\"true\"><\/i>\t\t\t\t\t\t\t<\/span>\n\t\t\t\t\t\t\t\t\t\t\t\t\t\t\t\t\t\t\t\t<\/div>\n\t\t\t\t\t<\/div>\n\t\t\t\t\t\t\t\t\t<div class=\"elementor-grid-item\" role=\"listitem\">\n\t\t\t\t\t\t<div class=\"elementor-share-btn elementor-share-btn_linkedin\" role=\"button\" tabindex=\"0\" aria-label=\"Partager sur linkedin\">\n\t\t\t\t\t\t\t\t\t\t\t\t\t\t\t<span class=\"elementor-share-btn__icon\">\n\t\t\t\t\t\t\t\t<i class=\"fab fa-linkedin\" aria-hidden=\"true\"><\/i>\t\t\t\t\t\t\t<\/span>\n\t\t\t\t\t\t\t\t\t\t\t\t\t\t\t\t\t\t\t\t<\/div>\n\t\t\t\t\t<\/div>\n\t\t\t\t\t\t\t\t\t<div class=\"elementor-grid-item\" role=\"listitem\">\n\t\t\t\t\t\t<div class=\"elementor-share-btn elementor-share-btn_twitter\" role=\"button\" tabindex=\"0\" aria-label=\"Partager sur twitter\">\n\t\t\t\t\t\t\t\t\t\t\t\t\t\t\t<span class=\"elementor-share-btn__icon\">\n\t\t\t\t\t\t\t\t<i class=\"fab fa-twitter\" aria-hidden=\"true\"><\/i>\t\t\t\t\t\t\t<\/span>\n\t\t\t\t\t\t\t\t\t\t\t\t\t\t\t\t\t\t\t\t<\/div>\n\t\t\t\t\t<\/div>\n\t\t\t\t\t\t\t\t\t<div class=\"elementor-grid-item\" role=\"listitem\">\n\t\t\t\t\t\t<div class=\"elementor-share-btn elementor-share-btn_facebook\" role=\"button\" tabindex=\"0\" aria-label=\"Partager sur facebook\">\n\t\t\t\t\t\t\t\t\t\t\t\t\t\t\t<span class=\"elementor-share-btn__icon\">\n\t\t\t\t\t\t\t\t<i class=\"fab fa-facebook\" aria-hidden=\"true\"><\/i>\t\t\t\t\t\t\t<\/span>\n\t\t\t\t\t\t\t\t\t\t\t\t\t\t\t\t\t\t\t\t<\/div>\n\t\t\t\t\t<\/div>\n\t\t\t\t\t\t\t\t\t<div class=\"elementor-grid-item\" role=\"listitem\">\n\t\t\t\t\t\t<div class=\"elementor-share-btn elementor-share-btn_print\" role=\"button\" tabindex=\"0\" aria-label=\"Partager sur print\">\n\t\t\t\t\t\t\t\t\t\t\t\t\t\t\t<span class=\"elementor-share-btn__icon\">\n\t\t\t\t\t\t\t\t<i class=\"fas fa-print\" aria-hidden=\"true\"><\/i>\t\t\t\t\t\t\t<\/span>\n\t\t\t\t\t\t\t\t\t\t\t\t\t\t\t\t\t\t\t\t<\/div>\n\t\t\t\t\t<\/div>\n\t\t\t\t\t\t<\/div>\n\t\t\t\t\t\t<\/div>\n\t\t\t\t<\/div>\n\t\t\t\t\t<\/div>\n\t\t<\/div>\n\t\t\t\t\t<\/div>\n\t\t<\/aside>\n\t\t\t\t<section class=\"elementor-section elementor-top-section elementor-element elementor-element-a0b9e04 mti-article-body elementor-section-boxed elementor-section-height-default elementor-section-height-default default-style\" data-id=\"a0b9e04\" data-element_type=\"section\" data-e-type=\"section\" data-settings=\"{&quot;rt_color_sets&quot;:&quot;default-style&quot;}\">\n\t\t\t\t\t\t<div class=\"elementor-container elementor-column-gap-default\">\n\t\t\t\t\t<div class=\"elementor-column elementor-col-100 elementor-top-column elementor-element elementor-element-1a2ec7a\" data-id=\"1a2ec7a\" data-element_type=\"column\" data-e-type=\"column\">\n\t\t\t<div class=\"elementor-widget-wrap elementor-element-populated\">\n\t\t\t\t\t\t<div class=\"elementor-element elementor-element-8c26262 elementor-widget elementor-widget-text-editor\" data-id=\"8c26262\" data-element_type=\"widget\" data-e-type=\"widget\" data-widget_type=\"text-editor.default\">\n\t\t\t\t<div class=\"elementor-widget-container\">\n\t\t\t\t\t\t\t\t\t<p><span class=\"relative -mx-px my-[-0.2rem] rounded px-px py-[0.2rem] transition-colors duration-100 ease-in-out\">Le Gala<strong>\u00a0<\/strong>amfAR Cannes 2025\u00a0s&rsquo;est tenu le jeudi 22 mai 2025 \u00e0 <strong>l\u2019H\u00f4tel du Cap-Eden-Roc<\/strong>, \u00e0 Cap d\u2019Antibes, en marge du <strong>Festival de Cannes<\/strong>.<\/span> <span class=\"relative -mx-px my-[-0.2rem] rounded px-px py-[0.2rem] transition-colors duration-100 ease-in-out\">Cet \u00e9v\u00e9nement caritatif embl\u00e9matique, organis\u00e9 par la Fondation amfAR pour la <strong>recherche contre le sida<\/strong>, a rassembl\u00e9 des c\u00e9l\u00e9brit\u00e9s du monde entier pour une soir\u00e9e m\u00ealant glamour, musique et philanthropie.<\/span><\/p><p>C&rsquo;est \u00e0 l&rsquo;\u00e9quipe mon\u00e9gasque de <a href=\"https:\/\/www.mathez-art-logistics.com\/\" target=\"_blank\" rel=\"noopener\"><b>MATHEZ ART LOGISTICS<\/b><\/a> qu&rsquo;est traditionnellement confi\u00e9e la logistique: <strong>import des oeuvres, <span style=\"color: var( --e-global-color-text );\">livraison, d\u00e9ballage<\/span><\/strong><span style=\"color: var( --e-global-color-text );\"><strong>, installation et pr\u00e9sentation des \u0153uvres<\/strong> sur sc\u00e8ne.\u00a0<\/span><span style=\"color: var( --e-global-color-text );\">Et un <\/span><strong style=\"color: var( --e-global-color-text );\">challenge douanier<\/strong><span style=\"color: var( --e-global-color-text );\">\u00a0<\/span><span style=\"color: var( --e-global-color-text );\">\u00e0 la hauteur de la notori\u00e9t\u00e9 de l\u2019\u00e9v\u00e9nement,\u00a0<\/span><span style=\"color: var( --e-global-color-text );\">relev\u00e9 par nos techniciens.\u00a0<\/span><\/p>\t\t\t\t\t\t\t\t<\/div>\n\t\t\t\t<\/div>\n\t\t\t\t\t<\/div>\n\t\t<\/div>\n\t\t\t\t\t<\/div>\n\t\t<\/section>\n\t\t\t\t<section class=\"elementor-section elementor-top-section elementor-element elementor-element-cee61ba elementor-hidden-tablet elementor-hidden-phone mti-chevron up elementor-section-boxed elementor-section-height-default elementor-section-height-default default-style elementor-invisible\" data-id=\"cee61ba\" data-element_type=\"section\" data-e-type=\"section\" data-settings=\"{&quot;animation&quot;:&quot;fadeIn&quot;,&quot;rt_color_sets&quot;:&quot;default-style&quot;}\">\n\t\t\t\t\t\t<div class=\"elementor-container elementor-column-gap-default\">\n\t\t\t\t\t<div class=\"elementor-column elementor-col-33 elementor-top-column elementor-element elementor-element-54eb019 mti-chevrons\" data-id=\"54eb019\" data-element_type=\"column\" data-e-type=\"column\">\n\t\t\t<div class=\"elementor-widget-wrap elementor-element-populated\">\n\t\t\t\t\t\t\t<\/div>\n\t\t<\/div>\n\t\t\t\t<div class=\"elementor-column elementor-col-33 elementor-top-column elementor-element elementor-element-392e9a9\" data-id=\"392e9a9\" data-element_type=\"column\" data-e-type=\"column\">\n\t\t\t<div class=\"elementor-widget-wrap elementor-element-populated\">\n\t\t\t\t\t\t<div class=\"elementor-element elementor-element-408a52b elementor-widget elementor-widget-text-editor\" data-id=\"408a52b\" data-element_type=\"widget\" data-e-type=\"widget\" data-widget_type=\"text-editor.default\">\n\t\t\t\t<div class=\"elementor-widget-container\">\n\t\t\t\t\t\t\t\t\t<p>\u00a0\u00a0<\/p>\t\t\t\t\t\t\t\t<\/div>\n\t\t\t\t<\/div>\n\t\t\t\t\t<\/div>\n\t\t<\/div>\n\t\t\t\t<div class=\"elementor-column elementor-col-33 elementor-top-column elementor-element elementor-element-942a21d\" data-id=\"942a21d\" data-element_type=\"column\" data-e-type=\"column\">\n\t\t\t<div class=\"elementor-widget-wrap elementor-element-populated\">\n\t\t\t\t\t\t\t<\/div>\n\t\t<\/div>\n\t\t\t\t\t<\/div>\n\t\t<\/section>\n\t\t\t\t<section class=\"elementor-section elementor-top-section elementor-element elementor-element-737850c mti-article-body chevron elementor-section-boxed elementor-section-height-default elementor-section-height-default default-style elementor-invisible\" data-id=\"737850c\" data-element_type=\"section\" data-e-type=\"section\" data-settings=\"{&quot;animation&quot;:&quot;fadeIn&quot;,&quot;rt_color_sets&quot;:&quot;default-style&quot;}\">\n\t\t\t\t\t\t<div class=\"elementor-container elementor-column-gap-default\">\n\t\t\t\t\t<div class=\"elementor-column elementor-col-100 elementor-top-column elementor-element elementor-element-19b8062\" data-id=\"19b8062\" data-element_type=\"column\" data-e-type=\"column\">\n\t\t\t<div class=\"elementor-widget-wrap elementor-element-populated\">\n\t\t\t\t\t\t<div class=\"elementor-element elementor-element-0495dcf elementor-widget elementor-widget-rt-image-carousel\" data-id=\"0495dcf\" data-element_type=\"widget\" data-e-type=\"widget\" data-widget_type=\"rt-image-carousel.default\">\n\t\t\t\t<div class=\"elementor-widget-container\">\n\t\t\t\t\t\r\n\t\t\t\t<div id=\"image-carousel-922549\" class=\"rt-carousel carousel-holder clearfix rt-image-carousel  rt_lightbox_gallery\" data-item-width=\"3\" data-nav=\"\" data-dots=\"true\" data-margin=\"22\" data-autoplay=\"true\" data-timeout=\"2000\" data-thumbnails=\"false\" data-boxed=\"\" data-min-height=\"\" data-padding=\"0\" data-loop=\"true\" data-tablet-item-width=\"\" data-mobile-item-width=\"\">\r\n\t\t\t\t\t<div class=\"owl-carousel\">\r\n\t\t\t\t\t\t<div><a id=\"lightbox-558588\" class=\"imgeffect zoom rt_lightbox\" data-gal-id=\"slider-carousel-115501\" data-rel=\"rt_lightbox\" title=\"Agrandir la vue\" data-sub-html=\"Art Logistics - Amfar Cannes 2025\" data-src=\"\" data-width=\"\" data-height=\"\" data-poster=\"\" data-autoplay=\"\" data-audiotitle=\"\" data-download-url=\"false\" href=\"https:\/\/www.mathezfreight.com\/wp-content\/uploads\/photo-amfar-log-2025-05-27-11-08-59_e37c3c0c.jpg\"><img decoding=\"async\" src=\"https:\/\/www.mathezfreight.com\/wp-content\/uploads\/photo-amfar-log-2025-05-27-11-08-59_e37c3c0c-450x300.jpg\" width=\"450\" height=\"300\" alt=\"Art Logistics - Amfar Cannes 2025\"><\/a><\/div><div><a id=\"lightbox-766201\" class=\"imgeffect zoom rt_lightbox\" data-gal-id=\"slider-carousel-115501\" data-rel=\"rt_lightbox\" title=\"Agrandir la vue\" data-sub-html=\"Art Logistics - Amfar Cannes 2025\" data-src=\"\" data-width=\"\" data-height=\"\" data-poster=\"\" data-autoplay=\"\" data-audiotitle=\"\" data-download-url=\"false\" href=\"https:\/\/www.mathezfreight.com\/wp-content\/uploads\/photo-amfar-log-2025-05-27-11-09-33_0938a003.jpg\"><img decoding=\"async\" src=\"https:\/\/www.mathezfreight.com\/wp-content\/uploads\/photo-amfar-log-2025-05-27-11-09-33_0938a003-450x300.jpg\" width=\"450\" height=\"300\" alt=\"Art Logistics - Amfar Cannes 2025\"><\/a><\/div><div><a id=\"lightbox-553218\" class=\"imgeffect zoom rt_lightbox\" data-gal-id=\"slider-carousel-115501\" data-rel=\"rt_lightbox\" title=\"Agrandir la vue\" data-sub-html=\"Art Logistics - Amfar Cannes 2025\" data-src=\"\" data-width=\"\" data-height=\"\" data-poster=\"\" data-autoplay=\"\" data-audiotitle=\"\" data-download-url=\"false\" href=\"https:\/\/www.mathezfreight.com\/wp-content\/uploads\/photo-amfar-log-2025-05-27-11-09-32_b9036ff7.jpg\"><img decoding=\"async\" src=\"https:\/\/www.mathezfreight.com\/wp-content\/uploads\/photo-amfar-log-2025-05-27-11-09-32_b9036ff7-450x300.jpg\" width=\"450\" height=\"300\" alt=\"Art Logistics - Amfar Cannes 2025\"><\/a><\/div><div><a id=\"lightbox-452690\" class=\"imgeffect zoom rt_lightbox\" data-gal-id=\"slider-carousel-115501\" data-rel=\"rt_lightbox\" title=\"Agrandir la vue\" data-sub-html=\"Art Logistics - Amfar Cannes 2025\" data-src=\"\" data-width=\"\" data-height=\"\" data-poster=\"\" data-autoplay=\"\" data-audiotitle=\"\" data-download-url=\"false\" href=\"https:\/\/www.mathezfreight.com\/wp-content\/uploads\/photo-amfar-log-2025-05-22-11-55-19_86c00b73.jpg\"><img decoding=\"async\" src=\"https:\/\/www.mathezfreight.com\/wp-content\/uploads\/photo-amfar-log-2025-05-22-11-55-19_86c00b73-450x300.jpg\" width=\"450\" height=\"300\" alt=\"Art Logistics - Amfar Cannes 2025\"><\/a><\/div><div><a id=\"lightbox-722951\" class=\"imgeffect zoom rt_lightbox\" data-gal-id=\"slider-carousel-115501\" data-rel=\"rt_lightbox\" title=\"Agrandir la vue\" data-sub-html=\"Art Logistics - Amfar Cannes 2025\" data-src=\"\" data-width=\"\" data-height=\"\" data-poster=\"\" data-autoplay=\"\" data-audiotitle=\"\" data-download-url=\"false\" href=\"https:\/\/www.mathezfreight.com\/wp-content\/uploads\/photo-amfar-log-2025-05-27-11-09-33_9ec8ec08.jpg\"><img decoding=\"async\" src=\"https:\/\/www.mathezfreight.com\/wp-content\/uploads\/photo-amfar-log-2025-05-27-11-09-33_9ec8ec08-450x300.jpg\" width=\"450\" height=\"300\" alt=\"Art Logistics - Amfar Cannes 2025\"><\/a><\/div><div><a id=\"lightbox-681206\" class=\"imgeffect zoom rt_lightbox\" data-gal-id=\"slider-carousel-115501\" data-rel=\"rt_lightbox\" title=\"Agrandir la vue\" data-sub-html=\"Art Logistics - Amfar Cannes 2025\" data-src=\"\" data-width=\"\" data-height=\"\" data-poster=\"\" data-autoplay=\"\" data-audiotitle=\"\" data-download-url=\"false\" href=\"https:\/\/www.mathezfreight.com\/wp-content\/uploads\/photo-amfar-log-2025-05-27-11-09-33_36b2f7f4.jpg\"><img decoding=\"async\" src=\"https:\/\/www.mathezfreight.com\/wp-content\/uploads\/photo-amfar-log-2025-05-27-11-09-33_36b2f7f4-450x300.jpg\" width=\"450\" height=\"300\" alt=\"Art Logistics - Amfar Cannes 2025\"><\/a><\/div><div><a id=\"lightbox-551442\" class=\"imgeffect zoom rt_lightbox\" data-gal-id=\"slider-carousel-115501\" data-rel=\"rt_lightbox\" title=\"Agrandir la vue\" data-sub-html=\"Art Logistics - Amfar Cannes 2025\" data-src=\"\" data-width=\"\" data-height=\"\" data-poster=\"\" data-autoplay=\"\" data-audiotitle=\"\" data-download-url=\"false\" href=\"https:\/\/www.mathezfreight.com\/wp-content\/uploads\/photo-amfar-log-2025-05-27-11-09-33_8aa4a798.jpg\"><img decoding=\"async\" src=\"https:\/\/www.mathezfreight.com\/wp-content\/uploads\/photo-amfar-log-2025-05-27-11-09-33_8aa4a798-450x300.jpg\" width=\"450\" height=\"300\" alt=\"Art Logistics - Amfar Cannes 2025\"><\/a><\/div><div><a id=\"lightbox-801328\" class=\"imgeffect zoom rt_lightbox\" data-gal-id=\"slider-carousel-115501\" data-rel=\"rt_lightbox\" title=\"Agrandir la vue\" data-sub-html=\"Art Logistics - Amfar Cannes 2025\" data-src=\"\" data-width=\"\" data-height=\"\" data-poster=\"\" data-autoplay=\"\" data-audiotitle=\"\" data-download-url=\"false\" href=\"https:\/\/www.mathezfreight.com\/wp-content\/uploads\/photo-amfar-log-2025-05-27-11-08-59_4876fa8a.jpg\"><img decoding=\"async\" src=\"https:\/\/www.mathezfreight.com\/wp-content\/uploads\/photo-amfar-log-2025-05-27-11-08-59_4876fa8a-450x300.jpg\" width=\"450\" height=\"300\" alt=\"Art Logistics - Amfar Cannes 2025\"><\/a><\/div><div><a id=\"lightbox-967856\" class=\"imgeffect zoom rt_lightbox\" data-gal-id=\"slider-carousel-115501\" data-rel=\"rt_lightbox\" title=\"Agrandir la vue\" data-sub-html=\"Art Logistics - Amfar Cannes 2025\" data-src=\"\" data-width=\"\" data-height=\"\" data-poster=\"\" data-autoplay=\"\" data-audiotitle=\"\" data-download-url=\"false\" href=\"https:\/\/www.mathezfreight.com\/wp-content\/uploads\/photo-amfar-log-2025-05-27-11-09-15_f4181a03.jpg\"><img decoding=\"async\" src=\"https:\/\/www.mathezfreight.com\/wp-content\/uploads\/photo-amfar-log-2025-05-27-11-09-15_f4181a03-450x300.jpg\" width=\"450\" height=\"300\" alt=\"Art Logistics - Amfar Cannes 2025\"><\/a><\/div><div><a id=\"lightbox-591803\" class=\"imgeffect zoom rt_lightbox\" data-gal-id=\"slider-carousel-115501\" data-rel=\"rt_lightbox\" title=\"Agrandir la vue\" data-sub-html=\"Art Logistics - Amfar Cannes 2025\" data-src=\"\" data-width=\"\" data-height=\"\" data-poster=\"\" data-autoplay=\"\" data-audiotitle=\"\" data-download-url=\"false\" href=\"https:\/\/www.mathezfreight.com\/wp-content\/uploads\/photo-amfar-log-2025-05-27-11-09-15_53dd8892.jpg\"><img decoding=\"async\" src=\"https:\/\/www.mathezfreight.com\/wp-content\/uploads\/photo-amfar-log-2025-05-27-11-09-15_53dd8892-450x300.jpg\" width=\"450\" height=\"300\" alt=\"Art Logistics - Amfar Cannes 2025\"><\/a><\/div><div><a id=\"lightbox-179619\" class=\"imgeffect zoom rt_lightbox\" data-gal-id=\"slider-carousel-115501\" data-rel=\"rt_lightbox\" title=\"Agrandir la vue\" data-sub-html=\"Art Logistics - Amfar Cannes 2025\" data-src=\"\" data-width=\"\" data-height=\"\" data-poster=\"\" data-autoplay=\"\" data-audiotitle=\"\" data-download-url=\"false\" href=\"https:\/\/www.mathezfreight.com\/wp-content\/uploads\/photo-amfar-log-2025-05-27-11-09-15_fe040f28.jpg\"><img decoding=\"async\" src=\"https:\/\/www.mathezfreight.com\/wp-content\/uploads\/photo-amfar-log-2025-05-27-11-09-15_fe040f28-450x300.jpg\" width=\"450\" height=\"300\" alt=\"Art Logistics - Amfar Cannes 2025\"><\/a><\/div><div><a id=\"lightbox-607994\" class=\"imgeffect zoom rt_lightbox\" data-gal-id=\"slider-carousel-115501\" data-rel=\"rt_lightbox\" title=\"Agrandir la vue\" data-sub-html=\"Art Logistics - Amfar Cannes 2025\" data-src=\"\" data-width=\"\" data-height=\"\" data-poster=\"\" data-autoplay=\"\" data-audiotitle=\"\" data-download-url=\"false\" href=\"https:\/\/www.mathezfreight.com\/wp-content\/uploads\/photo-amfar-log-2025-05-27-11-09-15_5054507a.jpg\"><img decoding=\"async\" src=\"https:\/\/www.mathezfreight.com\/wp-content\/uploads\/photo-amfar-log-2025-05-27-11-09-15_5054507a-450x300.jpg\" width=\"450\" height=\"300\" alt=\"Art Logistics - Amfar Cannes 2025\"><\/a><\/div>\r\n\t\t\t\t\t<\/div>\r\n\t\t\t\t\t\r\n\t\t\t\t<div id=\"image-carousel-922549-dots\" class=\"dots-holder\">\r\n\t\t\t\t<\/div>\r\n\t\t\t\r\n\t\t\t\t\t\r\n\t\t\t\t<\/div>\r\n\t\t\t\t\t\t\t<\/div>\n\t\t\t\t<\/div>\n\t\t\t\t<div class=\"elementor-element elementor-element-bcfe87c elementor-widget elementor-widget-video\" data-id=\"bcfe87c\" data-element_type=\"widget\" data-e-type=\"widget\" data-settings=\"{&quot;video_type&quot;:&quot;hosted&quot;,&quot;controls&quot;:&quot;yes&quot;}\" data-widget_type=\"video.default\">\n\t\t\t\t<div class=\"elementor-widget-container\">\n\t\t\t\t\t\t\t<div class=\"e-hosted-video elementor-wrapper elementor-open-inline\">\n\t\t\t\t\t<video class=\"elementor-video\" src=\"https:\/\/www.mathezfreight.com\/wp-content\/uploads\/video-amfar-2025-artlog-julie-picturepalace.mp4\" controls=\"\" preload=\"metadata\" controlsList=\"nodownload\"><\/video>\n\t\t\t\t<\/div>\n\t\t\t\t\t\t<\/div>\n\t\t\t\t<\/div>\n\t\t\t\t<div class=\"elementor-element elementor-element-33095dd elementor-widget elementor-widget-text-editor\" data-id=\"33095dd\" data-element_type=\"widget\" data-e-type=\"widget\" data-widget_type=\"text-editor.default\">\n\t\t\t\t<div class=\"elementor-widget-container\">\n\t\t\t\t\t\t\t\t\t<p style=\"text-align: right; margin: -10px 0px 0px 0px; padding: 0px;\">Cr\u00e9dit: <a href=\"https:\/\/www.amfar.org\/events\/amfar-gala-cannes-2025\/\">Amfar<\/a> &amp; julespicturepalace<\/p>\t\t\t\t\t\t\t\t<\/div>\n\t\t\t\t<\/div>\n\t\t\t\t<div class=\"elementor-element elementor-element-9c574ed elementor-widget elementor-widget-text-editor\" data-id=\"9c574ed\" data-element_type=\"widget\" data-e-type=\"widget\" data-widget_type=\"text-editor.default\">\n\t\t\t\t<div class=\"elementor-widget-container\">\n\t\t\t\t\t\t\t\t\t<h2 style=\"text-align: right;\">Amfar 2025<\/h2><p>Anim\u00e9e par <strong>Taraji P. Henson<\/strong>, la soir\u00e9e a accueilli des performances de <strong>Ciara, Adam Lambert et Duran Duran<\/strong>. Parmi les invit\u00e9s : <strong>Heidi Klum, Lauren S\u00e1nchez, Jeff Bezos, Adrien Brody, Spike Lee<\/strong>\u2026 Un d\u00e9fil\u00e9 orchestr\u00e9 par <strong>Carine Roitfeld<\/strong> et une vente aux ench\u00e8res de prestige ont permis de collecter 17 millions de dollars pour la <strong>recherche contre le sida<\/strong>.<\/p><p>Parmi les artistes dont les oeuvres ont \u00e9t\u00e9 expos\u00e9es et vendues aux ench\u00e8res: <strong>George Condo<\/strong> avec <em data-start=\"273\" data-end=\"290\">Smiling Goddess<\/em> pour 1,15 million d\u2019euros, <strong>Adrien Brody, James Franco, Chris Levine, Julian Lennon, Alexandre Diop, Chris Succo, George Hoyningen-Huene.\u00a0<\/strong><\/p><p><a href=\"https:\/\/www.mathez-art-logistics.com\/\" target=\"_blank\" rel=\"noopener\"><strong>MATHEZ MONACO ART LOGISTICS<\/strong><\/a> a assur\u00e9 <strong>l&rsquo;importation<\/strong>\u00a0des \u0153uvres en provenance de divers pays, la <strong>livraison<\/strong> et <strong>l&rsquo;installation<\/strong> dans les jardins de l\u2019Hotel du Cap Eden Roc, ainsi que la <b>p<\/b><strong>r\u00e9sentation<\/strong> le soir sur sc\u00e8ne pour la vente aux ench\u00e8res lors du gala.\u00a0<\/p>\t\t\t\t\t\t\t\t<\/div>\n\t\t\t\t<\/div>\n\t\t\t\t\t<\/div>\n\t\t<\/div>\n\t\t\t\t\t<\/div>\n\t\t<\/section>\n\t\t\t\t<section class=\"elementor-section elementor-top-section elementor-element elementor-element-fa172f4 elementor-hidden-tablet elementor-hidden-phone mti-chevron bottom elementor-section-boxed elementor-section-height-default elementor-section-height-default default-style\" data-id=\"fa172f4\" data-element_type=\"section\" data-e-type=\"section\" data-settings=\"{&quot;rt_color_sets&quot;:&quot;default-style&quot;}\">\n\t\t\t\t\t\t<div class=\"elementor-container elementor-column-gap-default\">\n\t\t\t\t\t<div class=\"elementor-column elementor-col-33 elementor-top-column elementor-element elementor-element-883118b mti-chevrons\" data-id=\"883118b\" data-element_type=\"column\" data-e-type=\"column\">\n\t\t\t<div class=\"elementor-widget-wrap elementor-element-populated\">\n\t\t\t\t\t\t\t<\/div>\n\t\t<\/div>\n\t\t\t\t<div class=\"elementor-column elementor-col-33 elementor-top-column elementor-element elementor-element-8ffab9c\" data-id=\"8ffab9c\" data-element_type=\"column\" data-e-type=\"column\">\n\t\t\t<div class=\"elementor-widget-wrap elementor-element-populated\">\n\t\t\t\t\t\t<div class=\"elementor-element elementor-element-71b1c03 elementor-widget elementor-widget-text-editor\" data-id=\"71b1c03\" data-element_type=\"widget\" data-e-type=\"widget\" data-widget_type=\"text-editor.default\">\n\t\t\t\t<div class=\"elementor-widget-container\">\n\t\t\t\t\t\t\t\t\t<p>\u00a0\u00a0<\/p>\t\t\t\t\t\t\t\t<\/div>\n\t\t\t\t<\/div>\n\t\t\t\t\t<\/div>\n\t\t<\/div>\n\t\t\t\t<div class=\"elementor-column elementor-col-33 elementor-top-column elementor-element elementor-element-7a7d970\" data-id=\"7a7d970\" data-element_type=\"column\" data-e-type=\"column\">\n\t\t\t<div class=\"elementor-widget-wrap elementor-element-populated\">\n\t\t\t\t\t\t\t<\/div>\n\t\t<\/div>\n\t\t\t\t\t<\/div>\n\t\t<\/section>\n\t\t\t\t<section class=\"elementor-section elementor-top-section elementor-element elementor-element-1e1d5ea elementor-hidden-tablet elementor-hidden-phone mti-chevron up elementor-section-boxed elementor-section-height-default elementor-section-height-default default-style elementor-invisible\" data-id=\"1e1d5ea\" data-element_type=\"section\" data-e-type=\"section\" data-settings=\"{&quot;animation&quot;:&quot;fadeIn&quot;,&quot;rt_color_sets&quot;:&quot;default-style&quot;}\">\n\t\t\t\t\t\t<div class=\"elementor-container elementor-column-gap-default\">\n\t\t\t\t\t<div class=\"elementor-column elementor-col-33 elementor-top-column elementor-element elementor-element-6ffa3b6 mti-chevrons\" data-id=\"6ffa3b6\" data-element_type=\"column\" data-e-type=\"column\">\n\t\t\t<div class=\"elementor-widget-wrap elementor-element-populated\">\n\t\t\t\t\t\t\t<\/div>\n\t\t<\/div>\n\t\t\t\t<div class=\"elementor-column elementor-col-33 elementor-top-column elementor-element elementor-element-6447712\" data-id=\"6447712\" data-element_type=\"column\" data-e-type=\"column\">\n\t\t\t<div class=\"elementor-widget-wrap elementor-element-populated\">\n\t\t\t\t\t\t<div class=\"elementor-element elementor-element-00a9aff elementor-widget elementor-widget-text-editor\" data-id=\"00a9aff\" data-element_type=\"widget\" data-e-type=\"widget\" data-widget_type=\"text-editor.default\">\n\t\t\t\t<div class=\"elementor-widget-container\">\n\t\t\t\t\t\t\t\t\t<p>\u00a0\u00a0<\/p>\t\t\t\t\t\t\t\t<\/div>\n\t\t\t\t<\/div>\n\t\t\t\t\t<\/div>\n\t\t<\/div>\n\t\t\t\t<div class=\"elementor-column elementor-col-33 elementor-top-column elementor-element elementor-element-4e31e25\" data-id=\"4e31e25\" data-element_type=\"column\" data-e-type=\"column\">\n\t\t\t<div class=\"elementor-widget-wrap elementor-element-populated\">\n\t\t\t\t\t\t\t<\/div>\n\t\t<\/div>\n\t\t\t\t\t<\/div>\n\t\t<\/section>\n\t\t\t\t<section class=\"elementor-section elementor-top-section elementor-element elementor-element-ad539f4 mti-article-body chevron elementor-section-boxed elementor-section-height-default elementor-section-height-default default-style elementor-invisible\" data-id=\"ad539f4\" data-element_type=\"section\" data-e-type=\"section\" data-settings=\"{&quot;animation&quot;:&quot;fadeIn&quot;,&quot;rt_color_sets&quot;:&quot;default-style&quot;}\">\n\t\t\t\t\t\t<div class=\"elementor-container elementor-column-gap-default\">\n\t\t\t\t\t<div class=\"elementor-column elementor-col-100 elementor-top-column elementor-element elementor-element-6b8d6c8\" data-id=\"6b8d6c8\" data-element_type=\"column\" data-e-type=\"column\">\n\t\t\t<div class=\"elementor-widget-wrap elementor-element-populated\">\n\t\t\t\t\t\t<div class=\"elementor-element elementor-element-d4d4ae2 elementor-widget elementor-widget-text-editor\" data-id=\"d4d4ae2\" data-element_type=\"widget\" data-e-type=\"widget\" data-widget_type=\"text-editor.default\">\n\t\t\t\t<div class=\"elementor-widget-container\">\n\t\t\t\t\t\t\t\t\t<h2 style=\"text-align: right;\">Amfar 2024<\/h2><p><span class=\"relative -mx-px my-[-0.2rem] rounded px-px py-[0.2rem] transition-colors duration-100 ease-in-out\">Le Gala amfAR Cannes 2024 s\u2019est tenu le 23 mai \u00e0 l\u2019H\u00f4tel du Cap-Eden-Roc, marquant sa 30e \u00e9dition.<\/span> <span class=\"relative -mx-px my-[-0.2rem] rounded px-px py-[0.2rem] transition-colors duration-100 ease-in-out\">Anim\u00e9e par <strong>Demi Moore<\/strong>, la soir\u00e9e a \u00e9t\u00e9 ponctu\u00e9e de performances de <strong>Cher, Nick Jonas et Jess Glynne<\/strong>.<\/span> <span class=\"relative -mx-px my-[-0.2rem] rounded px-px py-[0.2rem] transition-colors duration-100 ease-in-out\">Gr\u00e2ce \u00e0 une vente aux ench\u00e8res exceptionnelle, l&rsquo;\u00e9v\u00e9nement a permis de r\u00e9colter 16 millions de dollars pour la recherche contre le VIH\/SIDA.<\/span><\/p><ul><li><strong>Artistes expos\u00e9s<\/strong>\u00a0: Alexander Calder, Damien Hirst, Chris Levine, Michael Kagan, Bertrand Lavier, Doug Aitken, Mert &amp; Marcus, Jason Mason, Andy Warhol.<\/li><li><strong>\u0152uvre<\/strong> la plus ch\u00e8re : Elizabeth Taylor (1964) d\u2019Andy Warhol, vendue pour 350\u202f000\u202f\u20ac.<\/li><\/ul>\t\t\t\t\t\t\t\t<\/div>\n\t\t\t\t<\/div>\n\t\t\t\t<div class=\"elementor-element elementor-element-d6b69ac elementor-widget elementor-widget-rt-image-carousel\" data-id=\"d6b69ac\" data-element_type=\"widget\" data-e-type=\"widget\" data-widget_type=\"rt-image-carousel.default\">\n\t\t\t\t<div class=\"elementor-widget-container\">\n\t\t\t\t\t\r\n\t\t\t\t<div id=\"image-carousel-651092\" class=\"rt-carousel carousel-holder clearfix rt-image-carousel  rt_lightbox_gallery\" data-item-width=\"3\" data-nav=\"\" data-dots=\"true\" data-margin=\"22\" data-autoplay=\"true\" data-timeout=\"2000\" data-thumbnails=\"false\" data-boxed=\"\" data-min-height=\"\" data-padding=\"0\" data-loop=\"true\" data-tablet-item-width=\"\" data-mobile-item-width=\"\">\r\n\t\t\t\t\t<div class=\"owl-carousel\">\r\n\t\t\t\t\t\t<div><a id=\"lightbox-704121\" class=\"imgeffect zoom rt_lightbox\" data-gal-id=\"slider-carousel-432044\" data-rel=\"rt_lightbox\" title=\"Agrandir la vue\" data-sub-html=\"Art Logistics - Amfar Cannes 2027\" data-src=\"\" data-width=\"\" data-height=\"\" data-poster=\"\" data-autoplay=\"\" data-audiotitle=\"\" data-download-url=\"false\" href=\"https:\/\/www.mathezfreight.com\/wp-content\/uploads\/photo-amfar-2024-mti-transport.jpeg\"><img decoding=\"async\" src=\"https:\/\/www.mathezfreight.com\/wp-content\/uploads\/photo-amfar-2024-mti-transport-450x300.jpeg\" width=\"450\" height=\"300\" alt=\"Art Logistics - Amfar Cannes 2024\"><\/a><\/div><div><a id=\"lightbox-957645\" class=\"imgeffect zoom rt_lightbox\" data-gal-id=\"slider-carousel-432044\" data-rel=\"rt_lightbox\" title=\"Agrandir la vue\" data-sub-html=\"Art Logistics - Amfar Cannes 2027\" data-src=\"\" data-width=\"\" data-height=\"\" data-poster=\"\" data-autoplay=\"\" data-audiotitle=\"\" data-download-url=\"false\" href=\"https:\/\/www.mathezfreight.com\/wp-content\/uploads\/photo-amfar-2024-mti-statue-.jpeg\"><img decoding=\"async\" src=\"https:\/\/www.mathezfreight.com\/wp-content\/uploads\/photo-amfar-2024-mti-statue--450x300.jpeg\" width=\"450\" height=\"300\" alt=\"Art Logistics - Amfar Cannes 2024\"><\/a><\/div><div><a id=\"lightbox-875149\" class=\"imgeffect zoom rt_lightbox\" data-gal-id=\"slider-carousel-432044\" data-rel=\"rt_lightbox\" title=\"Agrandir la vue\" data-sub-html=\"Art Logistics - Amfar Cannes 2027\" data-src=\"\" data-width=\"\" data-height=\"\" data-poster=\"\" data-autoplay=\"\" data-audiotitle=\"\" data-download-url=\"false\" href=\"https:\/\/www.mathezfreight.com\/wp-content\/uploads\/photo-amfar-2024-mti-statue-expo.jpeg\"><img decoding=\"async\" src=\"https:\/\/www.mathezfreight.com\/wp-content\/uploads\/photo-amfar-2024-mti-statue-expo-450x300.jpeg\" width=\"450\" height=\"300\" alt=\"Art Logistics - Amfar Cannes 2024\"><\/a><\/div><div><a id=\"lightbox-929327\" class=\"imgeffect zoom rt_lightbox\" data-gal-id=\"slider-carousel-432044\" data-rel=\"rt_lightbox\" title=\"Agrandir la vue\" data-sub-html=\"Art Logistics - Amfar Cannes 2027\" data-src=\"\" data-width=\"\" data-height=\"\" data-poster=\"\" data-autoplay=\"\" data-audiotitle=\"\" data-download-url=\"false\" href=\"https:\/\/www.mathezfreight.com\/wp-content\/uploads\/photo-amfar-2024-mti-scene-milieu.jpeg\"><img decoding=\"async\" src=\"https:\/\/www.mathezfreight.com\/wp-content\/uploads\/photo-amfar-2024-mti-scene-milieu-450x300.jpeg\" width=\"450\" height=\"300\" alt=\"Art Logistics - Amfar Cannes 2024\"><\/a><\/div><div><a id=\"lightbox-453481\" class=\"imgeffect zoom rt_lightbox\" data-gal-id=\"slider-carousel-432044\" data-rel=\"rt_lightbox\" title=\"Agrandir la vue\" data-sub-html=\"Art Logistics - Amfar Cannes 2027\" data-src=\"\" data-width=\"\" data-height=\"\" data-poster=\"\" data-autoplay=\"\" data-audiotitle=\"\" data-download-url=\"false\" href=\"https:\/\/www.mathezfreight.com\/wp-content\/uploads\/photo-amfar-2024-mti-scene-gauche.jpeg\"><img decoding=\"async\" src=\"https:\/\/www.mathezfreight.com\/wp-content\/uploads\/photo-amfar-2024-mti-scene-gauche-450x300.jpeg\" width=\"450\" height=\"300\" alt=\"Art Logistics - Amfar Cannes 2024\"><\/a><\/div><div><a id=\"lightbox-392564\" class=\"imgeffect zoom rt_lightbox\" data-gal-id=\"slider-carousel-432044\" data-rel=\"rt_lightbox\" title=\"Agrandir la vue\" data-sub-html=\"Art Logistics - Amfar Cannes 2027\" data-src=\"\" data-width=\"\" data-height=\"\" data-poster=\"\" data-autoplay=\"\" data-audiotitle=\"\" data-download-url=\"false\" href=\"https:\/\/www.mathezfreight.com\/wp-content\/uploads\/photo-amfar-2024-mti-tableau.jpeg\"><img decoding=\"async\" src=\"https:\/\/www.mathezfreight.com\/wp-content\/uploads\/photo-amfar-2024-mti-tableau-450x300.jpeg\" width=\"450\" height=\"300\" alt=\"Art Logistics - Amfar Cannes 2024\"><\/a><\/div><div><a id=\"lightbox-333348\" class=\"imgeffect zoom rt_lightbox\" data-gal-id=\"slider-carousel-432044\" data-rel=\"rt_lightbox\" title=\"Agrandir la vue\" data-sub-html=\"Art Logistics - Amfar Cannes 2027\" data-src=\"\" data-width=\"\" data-height=\"\" data-poster=\"\" data-autoplay=\"\" data-audiotitle=\"\" data-download-url=\"false\" href=\"https:\/\/www.mathezfreight.com\/wp-content\/uploads\/photo-amfar-2024-mti-scene-droite.jpeg\"><img decoding=\"async\" src=\"https:\/\/www.mathezfreight.com\/wp-content\/uploads\/photo-amfar-2024-mti-scene-droite-450x300.jpeg\" width=\"450\" height=\"300\" alt=\"Art Logistics - Amfar Cannes 2024\"><\/a><\/div>\r\n\t\t\t\t\t<\/div>\r\n\t\t\t\t\t\r\n\t\t\t\t<div id=\"image-carousel-651092-dots\" class=\"dots-holder\">\r\n\t\t\t\t<\/div>\r\n\t\t\t\r\n\t\t\t\t\t\r\n\t\t\t\t<\/div>\r\n\t\t\t\t\t\t\t<\/div>\n\t\t\t\t<\/div>\n\t\t\t\t\t<\/div>\n\t\t<\/div>\n\t\t\t\t\t<\/div>\n\t\t<\/section>\n\t\t\t\t<section class=\"elementor-section elementor-top-section elementor-element elementor-element-f96ca03 elementor-hidden-tablet elementor-hidden-phone mti-chevron bottom elementor-section-boxed elementor-section-height-default elementor-section-height-default default-style\" data-id=\"f96ca03\" data-element_type=\"section\" data-e-type=\"section\" data-settings=\"{&quot;rt_color_sets&quot;:&quot;default-style&quot;}\">\n\t\t\t\t\t\t<div class=\"elementor-container elementor-column-gap-default\">\n\t\t\t\t\t<div class=\"elementor-column elementor-col-33 elementor-top-column elementor-element elementor-element-80a1bd8 mti-chevrons\" data-id=\"80a1bd8\" data-element_type=\"column\" data-e-type=\"column\">\n\t\t\t<div class=\"elementor-widget-wrap elementor-element-populated\">\n\t\t\t\t\t\t\t<\/div>\n\t\t<\/div>\n\t\t\t\t<div class=\"elementor-column elementor-col-33 elementor-top-column elementor-element elementor-element-aa97119\" data-id=\"aa97119\" data-element_type=\"column\" data-e-type=\"column\">\n\t\t\t<div class=\"elementor-widget-wrap elementor-element-populated\">\n\t\t\t\t\t\t<div class=\"elementor-element elementor-element-a91e1dc elementor-widget elementor-widget-text-editor\" data-id=\"a91e1dc\" data-element_type=\"widget\" data-e-type=\"widget\" data-widget_type=\"text-editor.default\">\n\t\t\t\t<div class=\"elementor-widget-container\">\n\t\t\t\t\t\t\t\t\t<p>\u00a0\u00a0<\/p>\t\t\t\t\t\t\t\t<\/div>\n\t\t\t\t<\/div>\n\t\t\t\t\t<\/div>\n\t\t<\/div>\n\t\t\t\t<div class=\"elementor-column elementor-col-33 elementor-top-column elementor-element elementor-element-875f597\" data-id=\"875f597\" data-element_type=\"column\" data-e-type=\"column\">\n\t\t\t<div class=\"elementor-widget-wrap elementor-element-populated\">\n\t\t\t\t\t\t\t<\/div>\n\t\t<\/div>\n\t\t\t\t\t<\/div>\n\t\t<\/section>\n\t\t\t\t<section class=\"elementor-section elementor-top-section elementor-element elementor-element-0ed25ca elementor-hidden-tablet elementor-hidden-phone mti-chevron up elementor-section-boxed elementor-section-height-default elementor-section-height-default default-style elementor-invisible\" data-id=\"0ed25ca\" data-element_type=\"section\" data-e-type=\"section\" data-settings=\"{&quot;animation&quot;:&quot;fadeIn&quot;,&quot;rt_color_sets&quot;:&quot;default-style&quot;}\">\n\t\t\t\t\t\t<div class=\"elementor-container elementor-column-gap-default\">\n\t\t\t\t\t<div class=\"elementor-column elementor-col-33 elementor-top-column elementor-element elementor-element-d3eb127 mti-chevrons\" data-id=\"d3eb127\" data-element_type=\"column\" data-e-type=\"column\">\n\t\t\t<div class=\"elementor-widget-wrap elementor-element-populated\">\n\t\t\t\t\t\t\t<\/div>\n\t\t<\/div>\n\t\t\t\t<div class=\"elementor-column elementor-col-33 elementor-top-column elementor-element elementor-element-bcb4bea\" data-id=\"bcb4bea\" data-element_type=\"column\" data-e-type=\"column\">\n\t\t\t<div class=\"elementor-widget-wrap elementor-element-populated\">\n\t\t\t\t\t\t<div class=\"elementor-element elementor-element-68bcc1d elementor-widget elementor-widget-text-editor\" data-id=\"68bcc1d\" data-element_type=\"widget\" data-e-type=\"widget\" data-widget_type=\"text-editor.default\">\n\t\t\t\t<div class=\"elementor-widget-container\">\n\t\t\t\t\t\t\t\t\t<p>\u00a0\u00a0<\/p>\t\t\t\t\t\t\t\t<\/div>\n\t\t\t\t<\/div>\n\t\t\t\t\t<\/div>\n\t\t<\/div>\n\t\t\t\t<div class=\"elementor-column elementor-col-33 elementor-top-column elementor-element elementor-element-7bf2335\" data-id=\"7bf2335\" data-element_type=\"column\" data-e-type=\"column\">\n\t\t\t<div class=\"elementor-widget-wrap elementor-element-populated\">\n\t\t\t\t\t\t\t<\/div>\n\t\t<\/div>\n\t\t\t\t\t<\/div>\n\t\t<\/section>\n\t\t\t\t<section class=\"elementor-section elementor-top-section elementor-element elementor-element-c50b659 mti-article-body chevron elementor-section-boxed elementor-section-height-default elementor-section-height-default default-style elementor-invisible\" data-id=\"c50b659\" data-element_type=\"section\" data-e-type=\"section\" data-settings=\"{&quot;animation&quot;:&quot;fadeIn&quot;,&quot;rt_color_sets&quot;:&quot;default-style&quot;}\">\n\t\t\t\t\t\t<div class=\"elementor-container elementor-column-gap-default\">\n\t\t\t\t\t<div class=\"elementor-column elementor-col-100 elementor-top-column elementor-element elementor-element-dfbe483\" data-id=\"dfbe483\" data-element_type=\"column\" data-e-type=\"column\">\n\t\t\t<div class=\"elementor-widget-wrap elementor-element-populated\">\n\t\t\t\t\t\t<div class=\"elementor-element elementor-element-15fa285 elementor-widget elementor-widget-text-editor\" data-id=\"15fa285\" data-element_type=\"widget\" data-e-type=\"widget\" data-widget_type=\"text-editor.default\">\n\t\t\t\t<div class=\"elementor-widget-container\">\n\t\t\t\t\t\t\t\t\t<h2 style=\"text-align: right;\">Amfar 2023<\/h2><p>Le Gala amfAR 2023 s\u2019est tenu le 25 mai \u00e0 l\u2019H\u00f4tel du Cap-Eden-Roc avec <strong>Queen Latifah<\/strong> en ma\u00eetresse de c\u00e9r\u00e9monie. Des performances de <strong>Halsey, Gladys Knight et Bebe Rexha<\/strong> ont anim\u00e9 la soir\u00e9e. Plus de <strong>17 millions de dollars<\/strong> ont \u00e9t\u00e9 r\u00e9colt\u00e9s pour la lutte contre le VIH, en pr\u00e9sence de stars comme <strong>Leonardo DiCaprio, Eva Longoria et Heidi Klum<\/strong>.<\/p><ul><li><strong>Artistes expos\u00e9s<\/strong>: Damien Hirst, Claire Tabouret, Andres Valencia, Robert De Niro.<br \/>Vogue<\/li><li><strong>\u0152uvre la plus ch\u00e8re<\/strong> : Un portrait de Leonardo DiCaprio par Damien Hirst, vendu pour 1,2 million d\u2019euros.<\/li><\/ul>\t\t\t\t\t\t\t\t<\/div>\n\t\t\t\t<\/div>\n\t\t\t\t<div class=\"elementor-element elementor-element-e0bc17f elementor-widget elementor-widget-video\" data-id=\"e0bc17f\" data-element_type=\"widget\" data-e-type=\"widget\" data-settings=\"{&quot;youtube_url&quot;:&quot;https:\\\/\\\/www.youtube.com\\\/watch?v=_U5txlOfSNQ&quot;,&quot;video_type&quot;:&quot;youtube&quot;,&quot;controls&quot;:&quot;yes&quot;}\" data-widget_type=\"video.default\">\n\t\t\t\t<div class=\"elementor-widget-container\">\n\t\t\t\t\t\t\t<div class=\"elementor-wrapper elementor-open-inline\">\n\t\t\t<div class=\"elementor-video\"><\/div>\t\t<\/div>\n\t\t\t\t\t\t<\/div>\n\t\t\t\t<\/div>\n\t\t\t\t<div class=\"elementor-element elementor-element-8835def elementor-widget elementor-widget-rt-image-carousel\" data-id=\"8835def\" data-element_type=\"widget\" data-e-type=\"widget\" data-widget_type=\"rt-image-carousel.default\">\n\t\t\t\t<div class=\"elementor-widget-container\">\n\t\t\t\t\t\r\n\t\t\t\t<div id=\"image-carousel-799449\" class=\"rt-carousel carousel-holder clearfix rt-image-carousel  rt_lightbox_gallery\" data-item-width=\"3\" data-nav=\"\" data-dots=\"true\" data-margin=\"22\" data-autoplay=\"true\" data-timeout=\"2000\" data-thumbnails=\"false\" data-boxed=\"\" data-min-height=\"\" data-padding=\"0\" data-loop=\"true\" data-tablet-item-width=\"\" data-mobile-item-width=\"\">\r\n\t\t\t\t\t<div class=\"owl-carousel\">\r\n\t\t\t\t\t\t<div><a id=\"lightbox-285730\" class=\"imgeffect zoom rt_lightbox\" data-gal-id=\"slider-carousel-359376\" data-rel=\"rt_lightbox\" title=\"Agrandir la vue\" data-sub-html=\"Gala de l&#039;AMFAR 2023<br>Gala de l&#039;AMFAR 2023\" data-src=\"\" data-width=\"\" data-height=\"\" data-poster=\"\" data-autoplay=\"\" data-audiotitle=\"\" data-download-url=\"false\" href=\"https:\/\/www.mathezfreight.com\/wp-content\/uploads\/photo-amfar-artlog-2023-1.jpg\"><img decoding=\"async\" src=\"https:\/\/www.mathezfreight.com\/wp-content\/uploads\/photo-amfar-artlog-2023-1-450x300.jpg\" width=\"450\" height=\"300\" alt=\"\"><\/a><\/div><div><a id=\"lightbox-907731\" class=\"imgeffect zoom rt_lightbox\" data-gal-id=\"slider-carousel-359376\" data-rel=\"rt_lightbox\" title=\"Agrandir la vue\" data-sub-html=\"AMFAR 2023\" data-src=\"\" data-width=\"\" data-height=\"\" data-poster=\"\" data-autoplay=\"\" data-audiotitle=\"\" data-download-url=\"false\" href=\"https:\/\/www.mathezfreight.com\/wp-content\/uploads\/photo-amfar-artlog-2023-2.jpg\"><img decoding=\"async\" src=\"https:\/\/www.mathezfreight.com\/wp-content\/uploads\/photo-amfar-artlog-2023-2-450x300.jpg\" width=\"450\" height=\"300\" alt=\"\"><\/a><\/div><div><a id=\"lightbox-465455\" class=\"imgeffect zoom rt_lightbox\" data-gal-id=\"slider-carousel-359376\" data-rel=\"rt_lightbox\" title=\"Agrandir la vue\" data-sub-html=\"AMFAR 2023\" data-src=\"\" data-width=\"\" data-height=\"\" data-poster=\"\" data-autoplay=\"\" data-audiotitle=\"\" data-download-url=\"false\" href=\"https:\/\/www.mathezfreight.com\/wp-content\/uploads\/photo-amfar-artlog-2023-4.jpg\"><img decoding=\"async\" src=\"https:\/\/www.mathezfreight.com\/wp-content\/uploads\/photo-amfar-artlog-2023-4-450x300.jpg\" width=\"450\" height=\"300\" alt=\"\"><\/a><\/div><div><a id=\"lightbox-844969\" class=\"imgeffect zoom rt_lightbox\" data-gal-id=\"slider-carousel-359376\" data-rel=\"rt_lightbox\" title=\"Agrandir la vue\" data-sub-html=\"AMFAR 2023\" data-src=\"\" data-width=\"\" data-height=\"\" data-poster=\"\" data-autoplay=\"\" data-audiotitle=\"\" data-download-url=\"false\" href=\"https:\/\/www.mathezfreight.com\/wp-content\/uploads\/photo-amfar-artlog-2023-5.jpg\"><img decoding=\"async\" src=\"https:\/\/www.mathezfreight.com\/wp-content\/uploads\/photo-amfar-artlog-2023-5-450x300.jpg\" width=\"450\" height=\"300\" alt=\"\"><\/a><\/div><div><a id=\"lightbox-631452\" class=\"imgeffect zoom rt_lightbox\" data-gal-id=\"slider-carousel-359376\" data-rel=\"rt_lightbox\" title=\"Agrandir la vue\" data-sub-html=\"AMFAR 2023\" data-src=\"\" data-width=\"\" data-height=\"\" data-poster=\"\" data-autoplay=\"\" data-audiotitle=\"\" data-download-url=\"false\" href=\"https:\/\/www.mathezfreight.com\/wp-content\/uploads\/photo-amfar-artlog-2023-6.jpg\"><img decoding=\"async\" src=\"https:\/\/www.mathezfreight.com\/wp-content\/uploads\/photo-amfar-artlog-2023-6-450x300.jpg\" width=\"450\" height=\"300\" alt=\"\"><\/a><\/div><div><a id=\"lightbox-356101\" class=\"imgeffect zoom rt_lightbox\" data-gal-id=\"slider-carousel-359376\" data-rel=\"rt_lightbox\" title=\"Agrandir la vue\" data-sub-html=\"Gala de l&#039;AMFAR 2023<br>Gala de l&#039;AMFAR 2023\" data-src=\"\" data-width=\"\" data-height=\"\" data-poster=\"\" data-autoplay=\"\" data-audiotitle=\"\" data-download-url=\"false\" href=\"https:\/\/www.mathezfreight.com\/wp-content\/uploads\/photo-amfar-artlog-20233.jpg\"><img decoding=\"async\" src=\"https:\/\/www.mathezfreight.com\/wp-content\/uploads\/photo-amfar-artlog-20233-450x300.jpg\" width=\"450\" height=\"300\" alt=\"\"><\/a><\/div><div><a id=\"lightbox-161202\" class=\"imgeffect zoom rt_lightbox\" data-gal-id=\"slider-carousel-359376\" data-rel=\"rt_lightbox\" title=\"Agrandir la vue\" data-sub-html=\"AMFAR 2023 gestion douane<br>AMFAR 2023 gestion douane\" data-src=\"\" data-width=\"\" data-height=\"\" data-poster=\"\" data-autoplay=\"\" data-audiotitle=\"\" data-download-url=\"false\" href=\"https:\/\/www.mathezfreight.com\/wp-content\/uploads\/photo-amfar-douane.jpg\"><img decoding=\"async\" src=\"https:\/\/www.mathezfreight.com\/wp-content\/uploads\/photo-amfar-douane-450x300.jpg\" width=\"450\" height=\"300\" alt=\"\"><\/a><\/div>\r\n\t\t\t\t\t<\/div>\r\n\t\t\t\t\t\r\n\t\t\t\t<div id=\"image-carousel-799449-dots\" class=\"dots-holder\">\r\n\t\t\t\t<\/div>\r\n\t\t\t\r\n\t\t\t\t\t\r\n\t\t\t\t<\/div>\r\n\t\t\t\t\t\t\t<\/div>\n\t\t\t\t<\/div>\n\t\t\t\t\t<\/div>\n\t\t<\/div>\n\t\t\t\t\t<\/div>\n\t\t<\/section>\n\t\t\t\t<section class=\"elementor-section elementor-top-section elementor-element elementor-element-2fad94a elementor-hidden-tablet elementor-hidden-phone mti-chevron bottom elementor-section-boxed elementor-section-height-default elementor-section-height-default default-style\" data-id=\"2fad94a\" data-element_type=\"section\" data-e-type=\"section\" data-settings=\"{&quot;rt_color_sets&quot;:&quot;default-style&quot;}\">\n\t\t\t\t\t\t<div class=\"elementor-container elementor-column-gap-default\">\n\t\t\t\t\t<div class=\"elementor-column elementor-col-33 elementor-top-column elementor-element elementor-element-f0d7065 mti-chevrons\" data-id=\"f0d7065\" data-element_type=\"column\" data-e-type=\"column\">\n\t\t\t<div class=\"elementor-widget-wrap elementor-element-populated\">\n\t\t\t\t\t\t\t<\/div>\n\t\t<\/div>\n\t\t\t\t<div class=\"elementor-column elementor-col-33 elementor-top-column elementor-element elementor-element-cb66c90\" data-id=\"cb66c90\" data-element_type=\"column\" data-e-type=\"column\">\n\t\t\t<div class=\"elementor-widget-wrap elementor-element-populated\">\n\t\t\t\t\t\t<div class=\"elementor-element elementor-element-27173aa elementor-widget elementor-widget-text-editor\" data-id=\"27173aa\" data-element_type=\"widget\" data-e-type=\"widget\" data-widget_type=\"text-editor.default\">\n\t\t\t\t<div class=\"elementor-widget-container\">\n\t\t\t\t\t\t\t\t\t<p>\u00a0\u00a0<\/p>\t\t\t\t\t\t\t\t<\/div>\n\t\t\t\t<\/div>\n\t\t\t\t\t<\/div>\n\t\t<\/div>\n\t\t\t\t<div class=\"elementor-column elementor-col-33 elementor-top-column elementor-element elementor-element-c4a2e45\" data-id=\"c4a2e45\" data-element_type=\"column\" data-e-type=\"column\">\n\t\t\t<div class=\"elementor-widget-wrap elementor-element-populated\">\n\t\t\t\t\t\t\t<\/div>\n\t\t<\/div>\n\t\t\t\t\t<\/div>\n\t\t<\/section>\n\t\t\t\t<section class=\"elementor-section elementor-top-section elementor-element elementor-element-354ab19 mti-carousel-presse elementor-section-boxed elementor-section-height-default elementor-section-height-default default-style\" data-id=\"354ab19\" data-element_type=\"section\" data-e-type=\"section\" data-settings=\"{&quot;rt_color_sets&quot;:&quot;default-style&quot;}\">\n\t\t\t\t\t\t<div class=\"elementor-container elementor-column-gap-default\">\n\t\t\t\t\t<div class=\"elementor-column elementor-col-100 elementor-top-column elementor-element elementor-element-e9169f3\" data-id=\"e9169f3\" data-element_type=\"column\" data-e-type=\"column\">\n\t\t\t<div class=\"elementor-widget-wrap elementor-element-populated\">\n\t\t\t\t\t\t<div class=\"elementor-element elementor-element-4f6d778 elementor-widget elementor-widget-heading\" data-id=\"4f6d778\" data-element_type=\"widget\" data-e-type=\"widget\" data-widget_type=\"heading.default\">\n\t\t\t\t<div class=\"elementor-widget-container\">\n\t\t\t\t\t<h3 class=\"elementor-heading-title elementor-size-default\">Dans la presse:<\/h3>\t\t\t\t<\/div>\n\t\t\t\t<\/div>\n\t\t\t\t<div class=\"elementor-element elementor-element-f3ae236 elementor-widget elementor-widget-lae-carousel\" data-id=\"f3ae236\" data-element_type=\"widget\" data-e-type=\"widget\" data-widget_type=\"lae-carousel.default\">\n\t\t\t\t<div class=\"elementor-widget-container\">\n\t\t\t\t\t\n\n    <div id=\"lae-carousel-f3ae236\"\n                                      class=\"lae-carousel lae-container\"\n                                      data-settings='{&quot;arrows&quot;:true,&quot;dots&quot;:true,&quot;autoplay&quot;:true,&quot;autoplay_speed&quot;:10000,&quot;animation_speed&quot;:2000,&quot;pause_on_hover&quot;:true,&quot;display_columns&quot;:3,&quot;scroll_columns&quot;:3,&quot;gutter&quot;:{&quot;unit&quot;:&quot;px&quot;,&quot;size&quot;:10,&quot;sizes&quot;:[]},&quot;tablet_width&quot;:800,&quot;tablet_display_columns&quot;:2,&quot;tablet_scroll_columns&quot;:2,&quot;mobile_width&quot;:480,&quot;mobile_display_columns&quot;:1,&quot;mobile_scroll_columns&quot;:1}'>\n\n        \n            \n            \n<div class=\"lae-carousel-item\">\n\n    <p><div class=\" content_cards_card content_cards_domain_www-amfar-org\">\n\t\t\t<div class=\"content_cards_image\">\n\t\t\t\t<a class=\"content_cards_image_link\" href=\"https:\/\/www.amfar.org\/cannes2025-auction\/\" target=\"_blank\">\n\t\t\t\t\t<img decoding=\"async\" src=\"https:\/\/www.amfar.org\/wp-content\/uploads\/2025\/03\/Cannes-Banner-SEO-NEWS.jpg\" alt=\"Cannes 2025 Auction\">\t\t\t\t<\/a>\n\t\t<\/div>\n\t\n\t<div class=\"content_cards_title\">\n\t\t<a class=\"content_cards_title_link\" href=\"https:\/\/www.amfar.org\/cannes2025-auction\/\" target=\"_blank\">\n\t\t\tCannes 2025 Auction\t\t<\/a>\n\t<\/div>\n\t<div class=\"content_cards_description\">\n\t\t<a class=\"content_cards_description_link\" href=\"https:\/\/www.amfar.org\/cannes2025-auction\/\" target=\"_blank\">\n\t\t\tamfAR will accept advance bids on all auction items until 12:00 p.m., Central European Summer Time, Thursday, May 22, 2025. Register Now To inquire about advance bids or live phone\u2026\n\t\t<\/a>\n\t<\/div>\n\t<div class=\"content_cards_site_name\">\n\t\t<img decoding=\"async\" src=\"https:\/\/www.amfar.org\/wp-content\/uploads\/2021\/11\/cropped-favicon-150x150.png\" alt=\"amfAR, The Foundation for AIDS Research\" class=\"content_cards_favicon\"\/>\t\tamfAR, The Foundation for AIDS Research\t<\/div>\n<\/div><\/p>\n<\/div><!-- .lae-carousel-item -->\n        \n            \n            \n<div class=\"lae-carousel-item\">\n\n    <p><div class=\" content_cards_card content_cards_domain_www-purepeople-com\">\n\t\t\t<div class=\"content_cards_image\">\n\t\t\t\t<a class=\"content_cards_image_link\" href=\"https:\/\/www.purepeople.com\/article\/gala-de-lamfar-2025-heidi-klum-lena-situations-loin-des-restrictions-vestimentaires-du-festival-de-cannes-elles-se-lachent_a538468\/1\" target=\"_blank\">\n\t\t\t\t\t<img decoding=\"async\" src=\"https:\/\/static1.purepeople.com\/uploads\/39\/5b\/6f\/54\/da14b3d91c13f8f8-1200x630-2.jpg\" alt=\"Gala de l\u2019amfAR 2025 : Heidi Klum, L\u00e9na Situations\u2026 Loin des restrictions vestimentaires du Festival de Cannes, elles se l\u00e2chent !\">\t\t\t\t<\/a>\n\t\t<\/div>\n\t\n\t<div class=\"content_cards_title\">\n\t\t<a class=\"content_cards_title_link\" href=\"https:\/\/www.purepeople.com\/article\/gala-de-lamfar-2025-heidi-klum-lena-situations-loin-des-restrictions-vestimentaires-du-festival-de-cannes-elles-se-lachent_a538468\/1\" target=\"_blank\">\n\t\t\tGala de l\u2019amfAR 2025 : Heidi Klum, L\u00e9na Situations\u2026 Loin des restrictions vestimentaires du Festival de Cannes, elles se l\u00e2chent !\t\t<\/a>\n\t<\/div>\n\t<div class=\"content_cards_description\">\n\t\t<a class=\"content_cards_description_link\" href=\"https:\/\/www.purepeople.com\/article\/gala-de-lamfar-2025-heidi-klum-lena-situations-loin-des-restrictions-vestimentaires-du-festival-de-cannes-elles-se-lachent_a538468\/1\" target=\"_blank\">\n\t\t\tCe jeudi 22 mai 2025 se tenait le gala de charit\u00e9 AmFar 2025 by Chopard \u00e0 l\u2019h\u00f4tel du Cap-Eden-Roc \u00e0 Antibes. Apr\u00e8s plusieurs jours de tapis rouge soumis aux r\u00e8gles\u2026\n\t\t<\/a>\n\t<\/div>\n\t<div class=\"content_cards_site_name\">\n\t\t<img decoding=\"async\" src=\"https:\/\/static1.purepeople.com\/build\/pp_fr\/favicon.61e5803d.png\" alt=\"www.purepeople.com\" class=\"content_cards_favicon\"\/>\t\twww.purepeople.com\t<\/div>\n<\/div><\/p>\n<\/div><!-- .lae-carousel-item -->\n        \n            \n            \n<div class=\"lae-carousel-item\">\n\n    <p><div class=\" content_cards_card content_cards_domain_www-marieclaire-fr\">\n\t\t\t<div class=\"content_cards_image\">\n\t\t\t\t<a class=\"content_cards_image_link\" href=\"https:\/\/www.marieclaire.fr\/fondation-amfar,1453007.asp\" target=\"_blank\">\n\t\t\t\t\t<img decoding=\"async\" src=\"https:\/\/cache.marieclaire.fr\/data\/photo\/w1200_h630_c1\/73\/amfar.jpg\" alt=\"Qu\u2019est-ce que l\u2019amfAR, la fondation derri\u00e8re le prestigieux gala caritatif du Festival de Cannes\u00a0?\">\t\t\t\t<\/a>\n\t\t<\/div>\n\t\n\t<div class=\"content_cards_title\">\n\t\t<a class=\"content_cards_title_link\" href=\"https:\/\/www.marieclaire.fr\/fondation-amfar,1453007.asp\" target=\"_blank\">\n\t\t\tQu\u2019est-ce que l\u2019amfAR, la fondation derri\u00e8re le prestigieux gala caritatif du Festival de Cannes\u00a0?\t\t<\/a>\n\t<\/div>\n\t<div class=\"content_cards_description\">\n\t\t<a class=\"content_cards_description_link\" href=\"https:\/\/www.marieclaire.fr\/fondation-amfar,1453007.asp\" target=\"_blank\">\n\t\t\tQuelle est l&#039;histoire derri\u00e8re cet \u00e9v\u00e8nement cinq \u00e9toiles\u00a0?\n\t\t<\/a>\n\t<\/div>\n\t<div class=\"content_cards_site_name\">\n\t\t<img decoding=\"async\" src=\"https:\/\/www.marieclaire.fr\/favicon.ico\" alt=\"Marie Claire\" class=\"content_cards_favicon\"\/>\t\tMarie Claire\t<\/div>\n<\/div><\/p>\n<\/div><!-- .lae-carousel-item -->\n        \n            \n            \n<div class=\"lae-carousel-item\">\n\n    <p><div class=\" content_cards_card content_cards_domain_wwd-com\">\n\t\n\t<div class=\"content_cards_title\">\n\t\t<a class=\"content_cards_title_link\" href=\"https:\/\/wwd.com\/eye\/parties\/gallery\/amfar-gala-cannes-red-carpet-2025-photos-1237810338\/\" target=\"_blank\">\n\t\t\tBest Moments Inside the AmfAR Gala Cannes 2025: Photos\t\t<\/a>\n\t<\/div>\n\t<div class=\"content_cards_description\">\n\t\t<a class=\"content_cards_description_link\" href=\"https:\/\/wwd.com\/eye\/parties\/gallery\/amfar-gala-cannes-red-carpet-2025-photos-1237810338\/\" target=\"_blank\">\n\t\t\tView photos from inside Cannes amfAR Gala 2025 with celebs like\n\t\t<\/a>\n\t<\/div>\n\t<div class=\"content_cards_site_name\">\n\t\t<img decoding=\"async\" src=\"https:\/\/wwd.com\/wp-content\/themes\/vip\/pmc-wwd-2021\/assets\/app\/icons\/favicon.png\" alt=\"WWD\" class=\"content_cards_favicon\"\/>\t\tWWD\t<\/div>\n<\/div><\/p>\n<\/div><!-- .lae-carousel-item -->\n        \n            \n            \n<div class=\"lae-carousel-item\">\n\n    <p><div class=\" content_cards_card content_cards_domain_www-vogue-fr\">\n\t\n\t<div class=\"content_cards_title\">\n\t\t<a class=\"content_cards_title_link\" href=\"https:\/\/www.vogue.fr\/galerie\/festival-cannes-2025-amfar-gala-mode\" target=\"_blank\">\n\t\t\tFestival de Cannes 2025 : les stars aper\u00e7ues au gala de l&#039;amfAR\t\t<\/a>\n\t<\/div>\n\t<div class=\"content_cards_description\">\n\t\t<a class=\"content_cards_description_link\" href=\"https:\/\/www.vogue.fr\/galerie\/festival-cannes-2025-amfar-gala-mode\" target=\"_blank\">\n\t\t\tChaque ann\u00e9e, le gala de l&#039;amfAR re\u00e7oit les plus grandes c\u00e9l\u00e9brit\u00e9s pr\u00e9sentes \u00e0 Cannes.\n\t\t<\/a>\n\t<\/div>\n\t<div class=\"content_cards_site_name\">\n\t\t<img decoding=\"async\" src=\"https:\/\/www.vogue.fr\/verso\/static\/vogue-global\/assets\/favicon.ico\" alt=\"Vogue France\" class=\"content_cards_favicon\"\/>\t\tVogue France\t<\/div>\n<\/div><\/p>\n<\/div><!-- .lae-carousel-item -->\n        \n            \n            \n<div class=\"lae-carousel-item\">\n\n    <p><div class=\" content_cards_card content_cards_domain_www-lefigaro-fr\">\n\t\t\t<div class=\"content_cards_image\">\n\t\t\t\t<a class=\"content_cards_image_link\" href=\"https:\/\/www.lefigaro.fr\/flash-eco\/l-amfar-leve-19-millions-de-dollars-pour-la-recherche-contre-le-sida-20220527\" target=\"_blank\">\n\t\t\t\t\t<img decoding=\"async\" src=\"https:\/\/i.f1g.fr\/media\/cms\/1200x630_crop\/2022\/05\/27\/973b59c5c24f602684ac096f8518e1e60744e92be21dd33b6e4d5f8cbb93be2f.jpg\" alt=\"L&#039;AmfAR l\u00e8ve 19 millions de dollars pour la recherche contre le sida\">\t\t\t\t<\/a>\n\t\t<\/div>\n\t\n\t<div class=\"content_cards_title\">\n\t\t<a class=\"content_cards_title_link\" href=\"https:\/\/www.lefigaro.fr\/flash-eco\/l-amfar-leve-19-millions-de-dollars-pour-la-recherche-contre-le-sida-20220527\" target=\"_blank\">\n\t\t\tL&#039;AmfAR l\u00e8ve 19 millions de dollars pour la recherche contre le sida\t\t<\/a>\n\t<\/div>\n\t<div class=\"content_cards_description\">\n\t\t<a class=\"content_cards_description_link\" href=\"https:\/\/www.lefigaro.fr\/flash-eco\/l-amfar-leve-19-millions-de-dollars-pour-la-recherche-contre-le-sida-20220527\" target=\"_blank\">\n\t\t\tL&#039;AmfAR, fondation am\u00e9ricaine contre le sida, a lev\u00e9 plus de 19 millions de dollars (17,7 millions d&#039;euros), plus du double du montant r\u00e9colt\u00e9 un an&#8230;\n\t\t<\/a>\n\t<\/div>\n\t<div class=\"content_cards_site_name\">\n\t\t<img decoding=\"async\" src=\"https:\/\/www.lefigaro.fr\/favicon-32x32.png\" alt=\"Le Figaro\" class=\"content_cards_favicon\"\/>\t\tLe Figaro\t<\/div>\n<\/div><\/p>\n<\/div><!-- .lae-carousel-item -->\n        \n            \n            \n<div class=\"lae-carousel-item\">\n\n    <p><div class=\" content_cards_card content_cards_domain_www-elle-fr\">\n\t\t\t<div class=\"content_cards_image\">\n\t\t\t\t<a class=\"content_cards_image_link\" href=\"https:\/\/www.elle.fr\/Cannes\/Tapis-Rouge\/Cannes-2023-Eva-Longoria-Heidi-Klum-Lena-Mahfouf-Le-gala-de-l-amfAR-en-images\" target=\"_blank\">\n\t\t\t\t\t<img decoding=\"async\" src=\"https:\/\/www.mathezfreight.com\/wp-content\/plugins\/content-cards\/skins\/default\/content-cards-placeholder.png\" alt=\"Human Verification\">\t\t\t\t<\/a>\n\t\t<\/div>\n\t\n\t<div class=\"content_cards_title\">\n\t\t<a class=\"content_cards_title_link\" href=\"https:\/\/www.elle.fr\/Cannes\/Tapis-Rouge\/Cannes-2023-Eva-Longoria-Heidi-Klum-Lena-Mahfouf-Le-gala-de-l-amfAR-en-images\" target=\"_blank\">\n\t\t\tHuman Verification\t\t<\/a>\n\t<\/div>\n\t<div class=\"content_cards_description\">\n\t\t<a class=\"content_cards_description_link\" href=\"https:\/\/www.elle.fr\/Cannes\/Tapis-Rouge\/Cannes-2023-Eva-Longoria-Heidi-Klum-Lena-Mahfouf-Le-gala-de-l-amfAR-en-images\" target=\"_blank\">\n\t\t\t\t\t<\/a>\n\t<\/div>\n\t<div class=\"content_cards_site_name\">\n\t\t\t\twww.elle.fr\t<\/div>\n<\/div><\/p>\n<\/div><!-- .lae-carousel-item -->\n        \n            \n            \n<div class=\"lae-carousel-item\">\n\n    <p><div class=\" content_cards_card content_cards_domain_www-nicematin-com\">\n\t\n\t<div class=\"content_cards_title\">\n\t\t<a class=\"content_cards_title_link\" href=\"https:\/\/www.nicematin.com\/festival-de-cannes\/queen-latifah-en-maitresse-de-ceremonie-bebe-rexha-et-gwladys-knight-pour-le-show-ce-que-lon-sait-du-gala-de-lamfar-2023-qui-se-deroulera-a-antibes-847069\" target=\"_blank\">\n\t\t\tQueen Latifah en ma\u00eetresse de c\u00e9r\u00e9monie, Bebe Rexha et Gwladys Knight pour le show&#8230; Ce que l&#039;on sait du gala de l&#039;amfAR 2023 qui se d\u00e9roulera \u00e0 Antibes\t\t<\/a>\n\t<\/div>\n\t<div class=\"content_cards_description\">\n\t\t<a class=\"content_cards_description_link\" href=\"https:\/\/www.nicematin.com\/festival-de-cannes\/queen-latifah-en-maitresse-de-ceremonie-bebe-rexha-et-gwladys-knight-pour-le-show-ce-que-lon-sait-du-gala-de-lamfar-2023-qui-se-deroulera-a-antibes-847069\" target=\"_blank\">\n\t\t\tL&#039;amfAR, tr\u00e8s prestigieux gala de charit\u00e9 levant des fonds en faveur de la recherche contre le Sida, revient au sein de l&#039;H\u00f4tel du Cap-Eden-Roc \u00e0 Antibes pour une nouvelle \u00e9dition,\u2026\n\t\t<\/a>\n\t<\/div>\n\t<div class=\"content_cards_site_name\">\n\t\t<img decoding=\"async\" src=\"https:\/\/assets.nicematin.com\/webapp\/favicons\/favicon-blue.png\" alt=\"Nice-Matin\" class=\"content_cards_favicon\"\/>\t\tNice-Matin\t<\/div>\n<\/div><\/p>\n<\/div><!-- .lae-carousel-item -->\n        \n    <\/div><!-- .lae-carousel -->\n\n\t\t\t\t<\/div>\n\t\t\t\t<\/div>\n\t\t\t\t\t<\/div>\n\t\t<\/div>\n\t\t\t\t\t<\/div>\n\t\t<\/section>\n\t\t\t\t<div class=\"elementor-section elementor-top-section elementor-element elementor-element-e17f304 elementor-reverse-mobile elementor-section-boxed elementor-section-height-default elementor-section-height-default default-style elementor-invisible\" data-id=\"e17f304\" data-element_type=\"section\" data-e-type=\"section\" id=\"mti-beau-gosse\" data-settings=\"{&quot;animation&quot;:&quot;fadeIn&quot;,&quot;rt_color_sets&quot;:&quot;default-style&quot;}\">\n\t\t\t\t\t\t<div class=\"elementor-container elementor-column-gap-default\">\n\t\t\t\t\t<div class=\"elementor-column elementor-col-33 elementor-top-column elementor-element elementor-element-87c2e3b\" data-id=\"87c2e3b\" data-element_type=\"column\" data-e-type=\"column\">\n\t\t\t<div class=\"elementor-widget-wrap elementor-element-populated\">\n\t\t\t\t\t\t<div class=\"elementor-element elementor-element-4616c04 aligncenter elementor-widget elementor-widget-image\" data-id=\"4616c04\" data-element_type=\"widget\" data-e-type=\"widget\" data-widget_type=\"image.default\">\n\t\t\t\t<div class=\"elementor-widget-container\">\n\t\t\t\t\t\t\t\t\t\t\t\t\t\t\t<img decoding=\"async\" width=\"250\" height=\"375\" src=\"https:\/\/www.mathezfreight.com\/wp-content\/uploads\/photo-alexis-burette-1.png\" class=\"attachment-full size-full wp-image-39189\" alt=\"\" srcset=\"https:\/\/www.mathezfreight.com\/wp-content\/uploads\/photo-alexis-burette-1.png 250w, https:\/\/www.mathezfreight.com\/wp-content\/uploads\/photo-alexis-burette-1-125x187.png 125w\" sizes=\"(max-width: 250px) 100vw, 250px\" \/>\t\t\t\t\t\t\t\t\t\t\t\t\t\t\t<\/div>\n\t\t\t\t<\/div>\n\t\t\t\t\t<\/div>\n\t\t<\/div>\n\t\t\t\t<div class=\"elementor-column elementor-col-66 elementor-top-column elementor-element elementor-element-07310d8\" data-id=\"07310d8\" data-element_type=\"column\" data-e-type=\"column\">\n\t\t\t<div class=\"elementor-widget-wrap elementor-element-populated\">\n\t\t\t\t\t\t<div class=\"elementor-element elementor-element-c3ec750 elementor-widget elementor-widget-text-editor\" data-id=\"c3ec750\" data-element_type=\"widget\" data-e-type=\"widget\" data-widget_type=\"text-editor.default\">\n\t\t\t\t<div class=\"elementor-widget-container\">\n\t\t\t\t\t\t\t\t\t<blockquote><p>C&rsquo;est un honneur et un plaisir pour nos \u00e9quipes d&rsquo;apporter nos services sur un \u00e9v\u00e9nement de cette beaut\u00e9 et de cette envergure. La satisfaction est \u00e0 la hauteur de l&rsquo;exigence!\u00a0<br \/><a href=\"https:\/\/www.mathezfreight.com\/fr\/solutions\/transport\/arts\/\">D\u00e9couvrez nos services<\/a>.\u00a0\u00a0<\/p><\/blockquote><div id=\"mti-beau-gosse-signature\">Alexis Burette<span class=\"blue\">,\u00a0MATHEZ ART LOGISTICS<\/span><\/div>\t\t\t\t\t\t\t\t<\/div>\n\t\t\t\t<\/div>\n\t\t\t\t\t<\/div>\n\t\t<\/div>\n\t\t\t\t\t<\/div>\n\t\t<\/div>\n\t\t\t\t<aside class=\"elementor-section elementor-top-section elementor-element elementor-element-2637aff mti-social-bar bottom elementor-section-boxed elementor-section-height-default elementor-section-height-default default-style elementor-invisible\" data-id=\"2637aff\" data-element_type=\"section\" data-e-type=\"section\" data-settings=\"{&quot;animation&quot;:&quot;fadeIn&quot;,&quot;rt_color_sets&quot;:&quot;default-style&quot;}\">\n\t\t\t\t\t\t<div class=\"elementor-container elementor-column-gap-default\">\n\t\t\t\t\t<div class=\"elementor-column elementor-col-100 elementor-top-column elementor-element elementor-element-7e2d51c\" data-id=\"7e2d51c\" data-element_type=\"column\" data-e-type=\"column\">\n\t\t\t<div class=\"elementor-widget-wrap elementor-element-populated\">\n\t\t\t\t\t\t<div class=\"elementor-element elementor-element-ec97e6d elementor-share-buttons--view-icon elementor-share-buttons--skin-flat elementor-share-buttons--shape-square elementor-grid-0 elementor-share-buttons--color-official elementor-invisible elementor-widget elementor-widget-share-buttons\" data-id=\"ec97e6d\" data-element_type=\"widget\" data-e-type=\"widget\" data-settings=\"{&quot;_animation&quot;:&quot;fadeInLeft&quot;}\" data-widget_type=\"share-buttons.default\">\n\t\t\t\t<div class=\"elementor-widget-container\">\n\t\t\t\t\t\t\t<div class=\"elementor-grid\" role=\"list\">\n\t\t\t\t\t\t\t\t<div class=\"elementor-grid-item\" role=\"listitem\">\n\t\t\t\t\t\t<div class=\"elementor-share-btn elementor-share-btn_email\" role=\"button\" tabindex=\"0\" aria-label=\"Partager sur email\">\n\t\t\t\t\t\t\t\t\t\t\t\t\t\t\t<span class=\"elementor-share-btn__icon\">\n\t\t\t\t\t\t\t\t<i class=\"fas fa-envelope\" aria-hidden=\"true\"><\/i>\t\t\t\t\t\t\t<\/span>\n\t\t\t\t\t\t\t\t\t\t\t\t\t\t\t\t\t\t\t\t<\/div>\n\t\t\t\t\t<\/div>\n\t\t\t\t\t\t\t\t\t<div class=\"elementor-grid-item\" role=\"listitem\">\n\t\t\t\t\t\t<div class=\"elementor-share-btn elementor-share-btn_linkedin\" role=\"button\" tabindex=\"0\" aria-label=\"Partager sur linkedin\">\n\t\t\t\t\t\t\t\t\t\t\t\t\t\t\t<span class=\"elementor-share-btn__icon\">\n\t\t\t\t\t\t\t\t<i class=\"fab fa-linkedin\" aria-hidden=\"true\"><\/i>\t\t\t\t\t\t\t<\/span>\n\t\t\t\t\t\t\t\t\t\t\t\t\t\t\t\t\t\t\t\t<\/div>\n\t\t\t\t\t<\/div>\n\t\t\t\t\t\t\t\t\t<div class=\"elementor-grid-item\" role=\"listitem\">\n\t\t\t\t\t\t<div class=\"elementor-share-btn elementor-share-btn_twitter\" role=\"button\" tabindex=\"0\" aria-label=\"Partager sur twitter\">\n\t\t\t\t\t\t\t\t\t\t\t\t\t\t\t<span class=\"elementor-share-btn__icon\">\n\t\t\t\t\t\t\t\t<i class=\"fab fa-twitter\" aria-hidden=\"true\"><\/i>\t\t\t\t\t\t\t<\/span>\n\t\t\t\t\t\t\t\t\t\t\t\t\t\t\t\t\t\t\t\t<\/div>\n\t\t\t\t\t<\/div>\n\t\t\t\t\t\t\t\t\t<div class=\"elementor-grid-item\" role=\"listitem\">\n\t\t\t\t\t\t<div class=\"elementor-share-btn elementor-share-btn_facebook\" role=\"button\" tabindex=\"0\" aria-label=\"Partager sur facebook\">\n\t\t\t\t\t\t\t\t\t\t\t\t\t\t\t<span class=\"elementor-share-btn__icon\">\n\t\t\t\t\t\t\t\t<i class=\"fab fa-facebook\" aria-hidden=\"true\"><\/i>\t\t\t\t\t\t\t<\/span>\n\t\t\t\t\t\t\t\t\t\t\t\t\t\t\t\t\t\t\t\t<\/div>\n\t\t\t\t\t<\/div>\n\t\t\t\t\t\t\t\t\t<div class=\"elementor-grid-item\" role=\"listitem\">\n\t\t\t\t\t\t<div class=\"elementor-share-btn elementor-share-btn_print\" role=\"button\" tabindex=\"0\" aria-label=\"Partager sur print\">\n\t\t\t\t\t\t\t\t\t\t\t\t\t\t\t<span class=\"elementor-share-btn__icon\">\n\t\t\t\t\t\t\t\t<i class=\"fas fa-print\" aria-hidden=\"true\"><\/i>\t\t\t\t\t\t\t<\/span>\n\t\t\t\t\t\t\t\t\t\t\t\t\t\t\t\t\t\t\t\t<\/div>\n\t\t\t\t\t<\/div>\n\t\t\t\t\t\t<\/div>\n\t\t\t\t\t\t<\/div>\n\t\t\t\t<\/div>\n\t\t\t\t\t<\/div>\n\t\t<\/div>\n\t\t\t\t\t<\/div>\n\t\t<\/aside>\n\t\t\t\t<aside class=\"elementor-section elementor-top-section elementor-element elementor-element-030b571 mti-blog-grid single-post-bottom elementor-section-boxed elementor-section-height-default elementor-section-height-default default-style elementor-invisible\" data-id=\"030b571\" data-element_type=\"section\" data-e-type=\"section\" id=\"mti-blog-grid\" data-settings=\"{&quot;animation&quot;:&quot;fadeIn&quot;,&quot;rt_color_sets&quot;:&quot;default-style&quot;}\">\n\t\t\t\t\t\t<div class=\"elementor-container elementor-column-gap-default\">\n\t\t\t\t\t<div class=\"elementor-column elementor-col-100 elementor-top-column elementor-element elementor-element-dbe2e0f\" data-id=\"dbe2e0f\" data-element_type=\"column\" data-e-type=\"column\">\n\t\t\t<div class=\"elementor-widget-wrap elementor-element-populated\">\n\t\t\t\t\t\t<div class=\"elementor-element elementor-element-9e78f33 elementor-widget elementor-widget-heading\" data-id=\"9e78f33\" data-element_type=\"widget\" data-e-type=\"widget\" data-widget_type=\"heading.default\">\n\t\t\t\t<div class=\"elementor-widget-container\">\n\t\t\t\t\t<h3 class=\"elementor-heading-title elementor-size-default\">A lire aussi:<\/h3>\t\t\t\t<\/div>\n\t\t\t\t<\/div>\n\t\t\t\t<div class=\"elementor-element elementor-element-36baec8 elementor-widget elementor-widget-lae-posts-carousel\" data-id=\"36baec8\" data-element_type=\"widget\" data-e-type=\"widget\" data-widget_type=\"lae-posts-carousel.default\">\n\t\t\t\t<div class=\"elementor-widget-container\">\n\t\t\t\t\t\n<div        id=\"lae-posts-carousel-69f3e0385df8c\"\n        class=\"lae-posts-carousel lae-container lae-classic-skin\"\n        data-settings='{&quot;arrows&quot;:false,&quot;dots&quot;:true,&quot;autoplay&quot;:false,&quot;autoplay_speed&quot;:3000,&quot;animation_speed&quot;:300,&quot;pause_on_hover&quot;:true,&quot;adaptive_height&quot;:false,&quot;display_columns&quot;:4,&quot;scroll_columns&quot;:3,&quot;gutter&quot;:10,&quot;tablet_width&quot;:800,&quot;tablet_display_columns&quot;:2,&quot;tablet_scroll_columns&quot;:2,&quot;tablet_gutter&quot;:10,&quot;mobile_width&quot;:480,&quot;mobile_display_columns&quot;:1,&quot;mobile_scroll_columns&quot;:1,&quot;mobile_gutter&quot;:10}'>\n<div data-id=\"id-67659\" class=\"lae-posts-carousel-item\">\n\n    <article id=\"post-67659\" class=\"post-67659 post type-post status-publish format-standard has-post-thumbnail hentry category-presse tag-groupe tag-international cibles-une cibles-arts\">\n\n        \n            \n            \n            \n                <div class=\"lae-project-image\">\n\n                    \n                    \n                    \n                        <a href=\"https:\/\/www.mathezfreight.com\/fr\/blog\/strategie-niche-voti\/\"><img decoding=\"async\" width=\"1100\" height=\"417\" src=\"https:\/\/www.mathezfreight.com\/wp-content\/uploads\/photo-presse-header-depositphotos-1100x417.jpg\" class=\"lae-image attachment-large size-large\" alt=\"Dans la presse\" title=\"Dans la presse\" srcset=\"https:\/\/www.mathezfreight.com\/wp-content\/uploads\/photo-presse-header-depositphotos-1100x417.jpg 1100w, https:\/\/www.mathezfreight.com\/wp-content\/uploads\/photo-presse-header-depositphotos-600x227.jpg 600w, https:\/\/www.mathezfreight.com\/wp-content\/uploads\/photo-presse-header-depositphotos-768x291.jpg 768w, https:\/\/www.mathezfreight.com\/wp-content\/uploads\/photo-presse-header-depositphotos-610x231.jpg 610w, https:\/\/www.mathezfreight.com\/wp-content\/uploads\/photo-presse-header-depositphotos.jpg 1220w\" sizes=\"(max-width: 1100px) 100vw, 1100px\" \/><\/a>\n\n                    \n                    \n                        <div class=\"lae-image-info\">\n\n                            <div class=\"lae-entry-info\">\n\n                                \n                                    <h3 class=\"lae-post-title\">\n\n                                        <a href=\"https:\/\/www.mathezfreight.com\/fr\/blog\/strategie-niche-voti\/\" title=\"La strat\u00e9gie de niche: un levier de robustesse pour MATHEZ FREIGHT\"\n                                           rel=\"bookmark\">La strat\u00e9gie de niche: un levier de robustesse pour MATHEZ FREIGHT<\/a>\n\n                                    <\/h3>\n\n                                \n                                \n                                    <span class=\"lae-terms\"><a href=\"https:\/\/www.mathezfreight.com\/fr\/blog\/categorie\/presse\/\">Dans la presse<\/a><\/span>\n                                \n                            <\/div>\n\n                        <\/div><!-- .lae-image-info -->\n\n                    \n                <\/div>\n\n            \n            \n                <div class=\"lae-entry-text-wrap \">\n\n                    \n                        <h3 class=\"entry-title\">\n\n                            <a href=\"https:\/\/www.mathezfreight.com\/fr\/blog\/strategie-niche-voti\/\" title=\"La strat\u00e9gie de niche: un levier de robustesse pour MATHEZ FREIGHT\"\n                               rel=\"bookmark\">La strat\u00e9gie de niche: un levier de robustesse pour MATHEZ FREIGHT<\/a>\n\n                        <\/h3>\n\n                    \n                    \n                    \n                    \n                <\/div>\n\n            \n        \n    <\/article><!-- .hentry -->\n\n<\/div><!-- .lae-posts-carousel-item -->\n<div data-id=\"id-63011\" class=\"lae-posts-carousel-item\">\n\n    <article id=\"post-63011\" class=\"post-63011 post type-post status-publish format-standard has-post-thumbnail hentry category-operations tag-arts cibles-agences cibles-arts cibles-valeurs\">\n\n        \n            \n            \n            \n                <div class=\"lae-project-image\">\n\n                    \n                    \n                    \n                        <a href=\"https:\/\/www.mathezfreight.com\/fr\/blog\/stockage-oeuvres-art\/\"><img decoding=\"async\" width=\"1100\" height=\"825\" src=\"https:\/\/www.mathezfreight.com\/wp-content\/uploads\/photo_entrepot_artlog_client-2025_12-1100x825.jpg\" class=\"lae-image attachment-large size-large\" alt=\"Stockage oeuvres d&rsquo;art Nice \/ Monaco \/ C\u00f4te d&rsquo;Azur\" title=\"Stockage oeuvres d&#039;art Nice \/ Monaco \/ C\u00f4te d&#039;Azur\" srcset=\"https:\/\/www.mathezfreight.com\/wp-content\/uploads\/photo_entrepot_artlog_client-2025_12-1100x825.jpg 1100w, https:\/\/www.mathezfreight.com\/wp-content\/uploads\/photo_entrepot_artlog_client-2025_12-533x400.jpg 533w, https:\/\/www.mathezfreight.com\/wp-content\/uploads\/photo_entrepot_artlog_client-2025_12-768x576.jpg 768w, https:\/\/www.mathezfreight.com\/wp-content\/uploads\/photo_entrepot_artlog_client-2025_12-610x457.jpg 610w, https:\/\/www.mathezfreight.com\/wp-content\/uploads\/photo_entrepot_artlog_client-2025_12.jpg 1220w\" sizes=\"(max-width: 1100px) 100vw, 1100px\" \/><\/a>\n\n                    \n                    \n                        <div class=\"lae-image-info\">\n\n                            <div class=\"lae-entry-info\">\n\n                                \n                                    <h3 class=\"lae-post-title\">\n\n                                        <a href=\"https:\/\/www.mathezfreight.com\/fr\/blog\/stockage-oeuvres-art\/\" title=\"Stockage s\u00e9curis\u00e9 d&rsquo;oeuvres d&rsquo;art sur la C\u00f4te d&rsquo;Azur\"\n                                           rel=\"bookmark\">Stockage s\u00e9curis\u00e9 d&rsquo;oeuvres d&rsquo;art sur la C\u00f4te d&rsquo;Azur<\/a>\n\n                                    <\/h3>\n\n                                \n                                \n                                    <span class=\"lae-terms\"><a href=\"https:\/\/www.mathezfreight.com\/fr\/blog\/categorie\/operations\/\">Op\u00e9rations<\/a><\/span>\n                                \n                            <\/div>\n\n                        <\/div><!-- .lae-image-info -->\n\n                    \n                <\/div>\n\n            \n            \n                <div class=\"lae-entry-text-wrap \">\n\n                    \n                        <h3 class=\"entry-title\">\n\n                            <a href=\"https:\/\/www.mathezfreight.com\/fr\/blog\/stockage-oeuvres-art\/\" title=\"Stockage s\u00e9curis\u00e9 d&rsquo;oeuvres d&rsquo;art sur la C\u00f4te d&rsquo;Azur\"\n                               rel=\"bookmark\">Stockage s\u00e9curis\u00e9 d&rsquo;oeuvres d&rsquo;art sur la C\u00f4te d&rsquo;Azur<\/a>\n\n                        <\/h3>\n\n                    \n                    \n                    \n                    \n                <\/div>\n\n            \n        \n    <\/article><!-- .hentry -->\n\n<\/div><!-- .lae-posts-carousel-item -->\n<div data-id=\"id-61306\" class=\"lae-posts-carousel-item\">\n\n    <article id=\"post-61306\" class=\"post-61306 post type-post status-publish format-standard has-post-thumbnail hentry category-operations tag-arts cibles-arts\">\n\n        \n            \n            \n            \n                <div class=\"lae-project-image\">\n\n                    \n                    \n                    \n                        <a href=\"https:\/\/www.mathezfreight.com\/fr\/blog\/grutage-oeuvres-art-monaco\/\"><img decoding=\"async\" width=\"1100\" height=\"825\" src=\"https:\/\/www.mathezfreight.com\/wp-content\/uploads\/photo-grutage-mco-2025-05-29-13-46-29_28bd7b85-1100x825.jpg\" class=\"lae-image attachment-large size-large\" alt=\"Manutention d&rsquo;oeuvres d&rsquo;art en altitude &#8211; grutage Mathez Monaco Art Logistics\" title=\"Manutention d&#039;oeuvres d&#039;art en altitude - grutage Mathez Monaco Art Logistics\" srcset=\"https:\/\/www.mathezfreight.com\/wp-content\/uploads\/photo-grutage-mco-2025-05-29-13-46-29_28bd7b85-1100x825.jpg 1100w, https:\/\/www.mathezfreight.com\/wp-content\/uploads\/photo-grutage-mco-2025-05-29-13-46-29_28bd7b85-533x400.jpg 533w, https:\/\/www.mathezfreight.com\/wp-content\/uploads\/photo-grutage-mco-2025-05-29-13-46-29_28bd7b85-768x576.jpg 768w, https:\/\/www.mathezfreight.com\/wp-content\/uploads\/photo-grutage-mco-2025-05-29-13-46-29_28bd7b85-610x457.jpg 610w, https:\/\/www.mathezfreight.com\/wp-content\/uploads\/photo-grutage-mco-2025-05-29-13-46-29_28bd7b85.jpg 1220w\" sizes=\"(max-width: 1100px) 100vw, 1100px\" \/><\/a>\n\n                    \n                    \n                        <div class=\"lae-image-info\">\n\n                            <div class=\"lae-entry-info\">\n\n                                \n                                    <h3 class=\"lae-post-title\">\n\n                                        <a href=\"https:\/\/www.mathezfreight.com\/fr\/blog\/grutage-oeuvres-art-monaco\/\" title=\"Grutage d\u2019\u0153uvres d\u2019art \u00e0 Monaco : pr\u00e9cision et savoir-faire en altitude\"\n                                           rel=\"bookmark\">Grutage d\u2019\u0153uvres d\u2019art \u00e0 Monaco : pr\u00e9cision et savoir-faire en altitude<\/a>\n\n                                    <\/h3>\n\n                                \n                                \n                                    <span class=\"lae-terms\"><a href=\"https:\/\/www.mathezfreight.com\/fr\/blog\/categorie\/operations\/\">Op\u00e9rations<\/a><\/span>\n                                \n                            <\/div>\n\n                        <\/div><!-- .lae-image-info -->\n\n                    \n                <\/div>\n\n            \n            \n                <div class=\"lae-entry-text-wrap \">\n\n                    \n                        <h3 class=\"entry-title\">\n\n                            <a href=\"https:\/\/www.mathezfreight.com\/fr\/blog\/grutage-oeuvres-art-monaco\/\" title=\"Grutage d\u2019\u0153uvres d\u2019art \u00e0 Monaco : pr\u00e9cision et savoir-faire en altitude\"\n                               rel=\"bookmark\">Grutage d\u2019\u0153uvres d\u2019art \u00e0 Monaco : pr\u00e9cision et savoir-faire en altitude<\/a>\n\n                        <\/h3>\n\n                    \n                    \n                    \n                    \n                <\/div>\n\n            \n        \n    <\/article><!-- .hentry -->\n\n<\/div><!-- .lae-posts-carousel-item -->\n<div data-id=\"id-48922\" class=\"lae-posts-carousel-item\">\n\n    <article id=\"post-48922\" class=\"post-48922 post type-post status-publish format-standard has-post-thumbnail hentry category-operations tag-arts cibles-arts\">\n\n        \n            \n            \n            \n                <div class=\"lae-project-image\">\n\n                    \n                    \n                    \n                        <a href=\"https:\/\/www.mathezfreight.com\/fr\/blog\/gala-charite-amfar-logistique\/\"><img decoding=\"async\" width=\"1100\" height=\"825\" src=\"https:\/\/www.mathezfreight.com\/wp-content\/uploads\/photo-amfar-log-2025-05-27-11-09-15_5054507a-1100x825.jpg\" class=\"lae-image attachment-large size-large\" alt=\"Art Logistics &#8211; Amfar Cannes 2025\" title=\"Art Logistics - Amfar Cannes 2025\" srcset=\"https:\/\/www.mathezfreight.com\/wp-content\/uploads\/photo-amfar-log-2025-05-27-11-09-15_5054507a-1100x825.jpg 1100w, https:\/\/www.mathezfreight.com\/wp-content\/uploads\/photo-amfar-log-2025-05-27-11-09-15_5054507a-533x400.jpg 533w, https:\/\/www.mathezfreight.com\/wp-content\/uploads\/photo-amfar-log-2025-05-27-11-09-15_5054507a-768x576.jpg 768w, https:\/\/www.mathezfreight.com\/wp-content\/uploads\/photo-amfar-log-2025-05-27-11-09-15_5054507a-610x457.jpg 610w, https:\/\/www.mathezfreight.com\/wp-content\/uploads\/photo-amfar-log-2025-05-27-11-09-15_5054507a.jpg 1220w\" sizes=\"(max-width: 1100px) 100vw, 1100px\" \/><\/a>\n\n                    \n                    \n                        <div class=\"lae-image-info\">\n\n                            <div class=\"lae-entry-info\">\n\n                                \n                                    <h3 class=\"lae-post-title\">\n\n                                        <a href=\"https:\/\/www.mathezfreight.com\/fr\/blog\/gala-charite-amfar-logistique\/\" title=\"Gala de Charit\u00e9 de l&rsquo;AMFAR: une logistique d&rsquo;exception\"\n                                           rel=\"bookmark\">Gala de Charit\u00e9 de l&rsquo;AMFAR: une logistique d&rsquo;exception<\/a>\n\n                                    <\/h3>\n\n                                \n                                \n                                    <span class=\"lae-terms\"><a href=\"https:\/\/www.mathezfreight.com\/fr\/blog\/categorie\/operations\/\">Op\u00e9rations<\/a><\/span>\n                                \n                            <\/div>\n\n                        <\/div><!-- .lae-image-info -->\n\n                    \n                <\/div>\n\n            \n            \n                <div class=\"lae-entry-text-wrap \">\n\n                    \n                        <h3 class=\"entry-title\">\n\n                            <a href=\"https:\/\/www.mathezfreight.com\/fr\/blog\/gala-charite-amfar-logistique\/\" title=\"Gala de Charit\u00e9 de l&rsquo;AMFAR: une logistique d&rsquo;exception\"\n                               rel=\"bookmark\">Gala de Charit\u00e9 de l&rsquo;AMFAR: une logistique d&rsquo;exception<\/a>\n\n                        <\/h3>\n\n                    \n                    \n                    \n                    \n                <\/div>\n\n            \n        \n    <\/article><!-- .hentry -->\n\n<\/div><!-- .lae-posts-carousel-item -->\n<div data-id=\"id-58607\" class=\"lae-posts-carousel-item\">\n\n    <article id=\"post-58607\" class=\"post-58607 post type-post status-publish format-standard has-post-thumbnail hentry category-presse tag-arts tag-international tag-transport-voitures cibles-arts cibles-valeurs cibles-voitures cibles-yachts\">\n\n        \n            \n            \n            \n                <div class=\"lae-project-image\">\n\n                    \n                    \n                    \n                        <a href=\"https:\/\/www.mathezfreight.com\/fr\/blog\/transport-art-prestige-france\/\"><img decoding=\"async\" width=\"1100\" height=\"417\" src=\"https:\/\/www.mathezfreight.com\/wp-content\/uploads\/photo-journal-depositphotos_326235320_L-1100x417.jpg\" class=\"lae-image attachment-large size-large\" alt=\"MATHEZ FREIGHT dans la presse\" title=\"MATHEZ FREIGHT dans la presse\" srcset=\"https:\/\/www.mathezfreight.com\/wp-content\/uploads\/photo-journal-depositphotos_326235320_L-1100x417.jpg 1100w, https:\/\/www.mathezfreight.com\/wp-content\/uploads\/photo-journal-depositphotos_326235320_L-600x227.jpg 600w, https:\/\/www.mathezfreight.com\/wp-content\/uploads\/photo-journal-depositphotos_326235320_L-768x291.jpg 768w, https:\/\/www.mathezfreight.com\/wp-content\/uploads\/photo-journal-depositphotos_326235320_L-610x231.jpg 610w, https:\/\/www.mathezfreight.com\/wp-content\/uploads\/photo-journal-depositphotos_326235320_L.jpg 1220w\" sizes=\"(max-width: 1100px) 100vw, 1100px\" \/><\/a>\n\n                    \n                    \n                        <div class=\"lae-image-info\">\n\n                            <div class=\"lae-entry-info\">\n\n                                \n                                    <h3 class=\"lae-post-title\">\n\n                                        <a href=\"https:\/\/www.mathezfreight.com\/fr\/blog\/transport-art-prestige-france\/\" title=\"MATHEZ FREIGHT \u2013 l\u2019excellence fran\u00e7aise du transport d\u2019art et de prestige\"\n                                           rel=\"bookmark\">MATHEZ FREIGHT \u2013 l\u2019excellence fran\u00e7aise du transport d\u2019art et de prestige<\/a>\n\n                                    <\/h3>\n\n                                \n                                \n                                    <span class=\"lae-terms\"><a href=\"https:\/\/www.mathezfreight.com\/fr\/blog\/categorie\/presse\/\">Dans la presse<\/a><\/span>\n                                \n                            <\/div>\n\n                        <\/div><!-- .lae-image-info -->\n\n                    \n                <\/div>\n\n            \n            \n                <div class=\"lae-entry-text-wrap \">\n\n                    \n                        <h3 class=\"entry-title\">\n\n                            <a href=\"https:\/\/www.mathezfreight.com\/fr\/blog\/transport-art-prestige-france\/\" title=\"MATHEZ FREIGHT \u2013 l\u2019excellence fran\u00e7aise du transport d\u2019art et de prestige\"\n                               rel=\"bookmark\">MATHEZ FREIGHT \u2013 l\u2019excellence fran\u00e7aise du transport d\u2019art et de prestige<\/a>\n\n                        <\/h3>\n\n                    \n                    \n                    \n                    \n                <\/div>\n\n            \n        \n    <\/article><!-- .hentry -->\n\n<\/div><!-- .lae-posts-carousel-item -->\n<div data-id=\"id-51222\" class=\"lae-posts-carousel-item\">\n\n    <article id=\"post-51222\" class=\"post-51222 post type-post status-publish format-standard has-post-thumbnail hentry category-operations tag-arts cibles-arts\">\n\n        \n            \n            \n            \n                <div class=\"lae-project-image\">\n\n                    \n                    \n                    \n                        <a href=\"https:\/\/www.mathezfreight.com\/fr\/blog\/art-logistics-eglise-st-nicolas-de-monaco\/\"><img decoding=\"async\" width=\"1100\" height=\"412\" src=\"https:\/\/www.mathezfreight.com\/wp-content\/uploads\/photo-saint-nicolas-copyright-1100x412.jpg\" class=\"lae-image attachment-large size-large\" alt=\"Eglise Saint Nicolas de Monaco\" title=\"Eglise Saint Nicolas de Monaco\" srcset=\"https:\/\/www.mathezfreight.com\/wp-content\/uploads\/photo-saint-nicolas-copyright-1100x412.jpg 1100w, https:\/\/www.mathezfreight.com\/wp-content\/uploads\/photo-saint-nicolas-copyright-600x225.jpg 600w, https:\/\/www.mathezfreight.com\/wp-content\/uploads\/photo-saint-nicolas-copyright-768x288.jpg 768w, https:\/\/www.mathezfreight.com\/wp-content\/uploads\/photo-saint-nicolas-copyright-25x9.jpg 25w, https:\/\/www.mathezfreight.com\/wp-content\/uploads\/photo-saint-nicolas-copyright-68x25.jpg 68w, https:\/\/www.mathezfreight.com\/wp-content\/uploads\/photo-saint-nicolas-copyright.jpg 1220w\" sizes=\"(max-width: 1100px) 100vw, 1100px\" \/><\/a>\n\n                    \n                    \n                        <div class=\"lae-image-info\">\n\n                            <div class=\"lae-entry-info\">\n\n                                \n                                    <h3 class=\"lae-post-title\">\n\n                                        <a href=\"https:\/\/www.mathezfreight.com\/fr\/blog\/art-logistics-eglise-st-nicolas-de-monaco\/\" title=\"L&rsquo;\u00e9quipe Art Logistics en action \u00e0 l&rsquo;Eglise St Nicolas de Monaco\"\n                                           rel=\"bookmark\">L&rsquo;\u00e9quipe Art Logistics en action \u00e0 l&rsquo;Eglise St Nicolas de Monaco<\/a>\n\n                                    <\/h3>\n\n                                \n                                \n                                    <span class=\"lae-terms\"><a href=\"https:\/\/www.mathezfreight.com\/fr\/blog\/categorie\/operations\/\">Op\u00e9rations<\/a><\/span>\n                                \n                            <\/div>\n\n                        <\/div><!-- .lae-image-info -->\n\n                    \n                <\/div>\n\n            \n            \n                <div class=\"lae-entry-text-wrap \">\n\n                    \n                        <h3 class=\"entry-title\">\n\n                            <a href=\"https:\/\/www.mathezfreight.com\/fr\/blog\/art-logistics-eglise-st-nicolas-de-monaco\/\" title=\"L&rsquo;\u00e9quipe Art Logistics en action \u00e0 l&rsquo;Eglise St Nicolas de Monaco\"\n                               rel=\"bookmark\">L&rsquo;\u00e9quipe Art Logistics en action \u00e0 l&rsquo;Eglise St Nicolas de Monaco<\/a>\n\n                        <\/h3>\n\n                    \n                    \n                    \n                    \n                <\/div>\n\n            \n        \n    <\/article><!-- .hentry -->\n\n<\/div><!-- .lae-posts-carousel-item --><\/div><!-- .lae-posts-carousel -->\t\t\t\t<\/div>\n\t\t\t\t<\/div>\n\t\t\t\t\t<\/div>\n\t\t<\/div>\n\t\t\t\t\t<\/div>\n\t\t<\/aside>\n\t\t\t\t<section class=\"elementor-section elementor-top-section elementor-element elementor-element-32a5676 elementor-section-boxed elementor-section-height-default elementor-section-height-default default-style\" data-id=\"32a5676\" data-element_type=\"section\" data-e-type=\"section\" data-settings=\"{&quot;rt_color_sets&quot;:&quot;default-style&quot;}\">\n\t\t\t\t\t\t<div class=\"elementor-container elementor-column-gap-default\">\n\t\t\t\t\t<div class=\"elementor-column elementor-col-100 elementor-top-column elementor-element elementor-element-2a9b72a\" data-id=\"2a9b72a\" data-element_type=\"column\" data-e-type=\"column\">\n\t\t\t<div class=\"elementor-widget-wrap\">\n\t\t\t\t\t\t\t<\/div>\n\t\t<\/div>\n\t\t\t\t\t<\/div>\n\t\t<\/section>\n\t\t\t\t<\/div>\n\t\t","protected":false},"excerpt":{"rendered":"<p>Import, livraison, d\u00e9ballage , installation et pr\u00e9sentation des \u0153uvres sur sc\u00e8ne pour le Gala de charit\u00e9 de l\u2019Amfar: les \u00e9quipes MATHEZ ART LOGISTICS au meilleur de leur art.<\/p>\n","protected":false},"author":1,"featured_media":60971,"comment_status":"open","ping_status":"open","sticky":false,"template":"page-mti-a4.php","format":"standard","meta":{"iawp_total_views":166,"footnotes":""},"categories":[222],"tags":[281],"cibles":[274],"class_list":["post-48922","post","type-post","status-publish","format-standard","has-post-thumbnail","hentry","category-operations","tag-arts","cibles-arts"],"yoast_head":"<!-- This site is optimized with the Yoast SEO Premium plugin v27.4 (Yoast SEO v27.4) - https:\/\/yoast.com\/product\/yoast-seo-premium-wordpress\/ -->\n<title>Gala de Charit\u00e9 de l&#039;AMFAR: une logistique d&#039;exception - MATHEZ FREIGHT<\/title>\n<meta name=\"description\" content=\"Import, livraison, d\u00e9ballage , installation et pr\u00e9sentation des \u0153uvres sur sc\u00e8ne pour le Gala de charit\u00e9 de l\u2019Amfar: les \u00e9quipes MATHEZ ART LOGISTICS au meilleur de leur art.\" \/>\n<meta name=\"robots\" content=\"index, follow, max-snippet:-1, max-image-preview:large, max-video-preview:-1\" \/>\n<link rel=\"canonical\" href=\"https:\/\/www.mathezfreight.com\/fr\/blog\/gala-charite-amfar-logistique\/\" \/>\n<meta property=\"og:locale\" content=\"fr_FR\" \/>\n<meta property=\"og:type\" content=\"article\" \/>\n<meta property=\"og:title\" content=\"Gala de Charit\u00e9 de l&#039;AMFAR: une logistique d&#039;exception\" \/>\n<meta property=\"og:description\" content=\"Import, livraison, d\u00e9ballage , installation et pr\u00e9sentation des \u0153uvres sur sc\u00e8ne pour le Gala de charit\u00e9 de l\u2019Amfar: les \u00e9quipes MATHEZ ART LOGISTICS au meilleur de leur art.\" \/>\n<meta property=\"og:url\" content=\"https:\/\/www.mathezfreight.com\/fr\/blog\/gala-charite-amfar-logistique\/\" \/>\n<meta property=\"og:site_name\" content=\"MATHEZ FREIGHT\" \/>\n<meta property=\"article:publisher\" content=\"https:\/\/www.facebook.com\/MathezFreight\/\" \/>\n<meta property=\"article:published_time\" content=\"2025-05-26T13:52:14+00:00\" \/>\n<meta property=\"article:modified_time\" content=\"2026-02-24T16:57:53+00:00\" \/>\n<meta property=\"og:image\" content=\"https:\/\/www.mathezfreight.com\/wp-content\/uploads\/photo-amfar-log-2025-05-27-11-09-15_5054507a.jpg\" \/>\n\t<meta property=\"og:image:width\" content=\"1220\" \/>\n\t<meta property=\"og:image:height\" content=\"915\" \/>\n\t<meta property=\"og:image:type\" content=\"image\/jpeg\" \/>\n<meta name=\"author\" content=\"Agnes\" \/>\n<meta name=\"twitter:card\" content=\"summary_large_image\" \/>\n<meta name=\"twitter:creator\" content=\"@MathezFreight\" \/>\n<meta name=\"twitter:site\" content=\"@MathezFreight\" \/>\n<meta name=\"twitter:label1\" content=\"\u00c9crit par\" \/>\n\t<meta name=\"twitter:data1\" content=\"Agnes\" \/>\n\t<meta name=\"twitter:label2\" content=\"Dur\u00e9e de lecture estim\u00e9e\" \/>\n\t<meta name=\"twitter:data2\" content=\"13 minutes\" \/>\n<script type=\"application\/ld+json\" class=\"yoast-schema-graph\">{\"@context\":\"https:\\\/\\\/schema.org\",\"@graph\":[{\"@type\":\"Article\",\"@id\":\"https:\\\/\\\/www.mathezfreight.com\\\/fr\\\/blog\\\/gala-charite-amfar-logistique\\\/#article\",\"isPartOf\":{\"@id\":\"https:\\\/\\\/www.mathezfreight.com\\\/fr\\\/blog\\\/gala-charite-amfar-logistique\\\/\"},\"author\":{\"name\":\"Agnes\",\"@id\":\"https:\\\/\\\/www.mathezfreight.com\\\/fr\\\/#\\\/schema\\\/person\\\/e3433d1aa11c0405311f7fbf4086fdf6\"},\"headline\":\"Gala de Charit\u00e9 de l&rsquo;AMFAR: une logistique d&rsquo;exception\",\"datePublished\":\"2025-05-26T13:52:14+00:00\",\"dateModified\":\"2026-02-24T16:57:53+00:00\",\"mainEntityOfPage\":{\"@id\":\"https:\\\/\\\/www.mathezfreight.com\\\/fr\\\/blog\\\/gala-charite-amfar-logistique\\\/\"},\"wordCount\":988,\"commentCount\":0,\"publisher\":{\"@id\":\"https:\\\/\\\/www.mathezfreight.com\\\/fr\\\/#organization\"},\"image\":{\"@id\":\"https:\\\/\\\/www.mathezfreight.com\\\/fr\\\/blog\\\/gala-charite-amfar-logistique\\\/#primaryimage\"},\"thumbnailUrl\":\"https:\\\/\\\/www.mathezfreight.com\\\/wp-content\\\/uploads\\\/photo-amfar-log-2025-05-27-11-09-15_5054507a.jpg\",\"keywords\":[\"Arts\"],\"articleSection\":[\"Op\u00e9rations\"],\"inLanguage\":\"fr-FR\",\"potentialAction\":[{\"@type\":\"CommentAction\",\"name\":\"Comment\",\"target\":[\"https:\\\/\\\/www.mathezfreight.com\\\/fr\\\/blog\\\/gala-charite-amfar-logistique\\\/#respond\"]}]},{\"@type\":\"WebPage\",\"@id\":\"https:\\\/\\\/www.mathezfreight.com\\\/fr\\\/blog\\\/gala-charite-amfar-logistique\\\/\",\"url\":\"https:\\\/\\\/www.mathezfreight.com\\\/fr\\\/blog\\\/gala-charite-amfar-logistique\\\/\",\"name\":\"Gala de Charit\u00e9 de l'AMFAR: une logistique d'exception - MATHEZ FREIGHT\",\"isPartOf\":{\"@id\":\"https:\\\/\\\/www.mathezfreight.com\\\/fr\\\/#website\"},\"primaryImageOfPage\":{\"@id\":\"https:\\\/\\\/www.mathezfreight.com\\\/fr\\\/blog\\\/gala-charite-amfar-logistique\\\/#primaryimage\"},\"image\":{\"@id\":\"https:\\\/\\\/www.mathezfreight.com\\\/fr\\\/blog\\\/gala-charite-amfar-logistique\\\/#primaryimage\"},\"thumbnailUrl\":\"https:\\\/\\\/www.mathezfreight.com\\\/wp-content\\\/uploads\\\/photo-amfar-log-2025-05-27-11-09-15_5054507a.jpg\",\"datePublished\":\"2025-05-26T13:52:14+00:00\",\"dateModified\":\"2026-02-24T16:57:53+00:00\",\"description\":\"Import, livraison, d\u00e9ballage , installation et pr\u00e9sentation des \u0153uvres sur sc\u00e8ne pour le Gala de charit\u00e9 de l\u2019Amfar: les \u00e9quipes MATHEZ ART LOGISTICS au meilleur de leur art.\",\"breadcrumb\":{\"@id\":\"https:\\\/\\\/www.mathezfreight.com\\\/fr\\\/blog\\\/gala-charite-amfar-logistique\\\/#breadcrumb\"},\"inLanguage\":\"fr-FR\",\"potentialAction\":[{\"@type\":\"ReadAction\",\"target\":[\"https:\\\/\\\/www.mathezfreight.com\\\/fr\\\/blog\\\/gala-charite-amfar-logistique\\\/\"]}]},{\"@type\":\"ImageObject\",\"inLanguage\":\"fr-FR\",\"@id\":\"https:\\\/\\\/www.mathezfreight.com\\\/fr\\\/blog\\\/gala-charite-amfar-logistique\\\/#primaryimage\",\"url\":\"https:\\\/\\\/www.mathezfreight.com\\\/wp-content\\\/uploads\\\/photo-amfar-log-2025-05-27-11-09-15_5054507a.jpg\",\"contentUrl\":\"https:\\\/\\\/www.mathezfreight.com\\\/wp-content\\\/uploads\\\/photo-amfar-log-2025-05-27-11-09-15_5054507a.jpg\",\"width\":1220,\"height\":915,\"caption\":\"Art Logistics - Amfar Cannes 2025\"},{\"@type\":\"BreadcrumbList\",\"@id\":\"https:\\\/\\\/www.mathezfreight.com\\\/fr\\\/blog\\\/gala-charite-amfar-logistique\\\/#breadcrumb\",\"itemListElement\":[{\"@type\":\"ListItem\",\"position\":1,\"name\":\"Home\",\"item\":\"https:\\\/\\\/www.mathezfreight.com\\\/fr\\\/\"},{\"@type\":\"ListItem\",\"position\":2,\"name\":\"Op\u00e9rations\",\"item\":\"https:\\\/\\\/www.mathezfreight.com\\\/fr\\\/blog\\\/categorie\\\/operations\\\/\"},{\"@type\":\"ListItem\",\"position\":3,\"name\":\"Gala de Charit\u00e9 de l&rsquo;AMFAR: une logistique d&rsquo;exception\"}]},{\"@type\":\"WebSite\",\"@id\":\"https:\\\/\\\/www.mathezfreight.com\\\/fr\\\/#website\",\"url\":\"https:\\\/\\\/www.mathezfreight.com\\\/fr\\\/\",\"name\":\"MATHEZ FREIGHT\",\"description\":\"Solutions transport sur mesure, suivies, efficaces\",\"publisher\":{\"@id\":\"https:\\\/\\\/www.mathezfreight.com\\\/fr\\\/#organization\"},\"alternateName\":\"MATHEZ TRANSPORTS INTERNATIONAUX\",\"potentialAction\":[{\"@type\":\"SearchAction\",\"target\":{\"@type\":\"EntryPoint\",\"urlTemplate\":\"https:\\\/\\\/www.mathezfreight.com\\\/fr\\\/?s={search_term_string}\"},\"query-input\":{\"@type\":\"PropertyValueSpecification\",\"valueRequired\":true,\"valueName\":\"search_term_string\"}}],\"inLanguage\":\"fr-FR\"},{\"@type\":\"Organization\",\"@id\":\"https:\\\/\\\/www.mathezfreight.com\\\/fr\\\/#organization\",\"name\":\"MATHEZ FREIGHT\",\"alternateName\":\"MATHEZ TRANSPORTS INTERNATIONAUX\",\"url\":\"https:\\\/\\\/www.mathezfreight.com\\\/fr\\\/\",\"logo\":{\"@type\":\"ImageObject\",\"inLanguage\":\"fr-FR\",\"@id\":\"https:\\\/\\\/www.mathezfreight.com\\\/fr\\\/#\\\/schema\\\/logo\\\/image\\\/\",\"url\":\"https:\\\/\\\/www.mathezfreight.com\\\/wp-content\\\/uploads\\\/logo-mathez-freight-400pxw.png\",\"contentUrl\":\"https:\\\/\\\/www.mathezfreight.com\\\/wp-content\\\/uploads\\\/logo-mathez-freight-400pxw.png\",\"width\":400,\"height\":136,\"caption\":\"MATHEZ FREIGHT\"},\"image\":{\"@id\":\"https:\\\/\\\/www.mathezfreight.com\\\/fr\\\/#\\\/schema\\\/logo\\\/image\\\/\"},\"sameAs\":[\"https:\\\/\\\/www.facebook.com\\\/MathezFreight\\\/\",\"https:\\\/\\\/x.com\\\/MathezFreight\",\"https:\\\/\\\/www.linkedin.com\\\/company\\\/mathezfreight\\\/\"],\"description\":\"Transitaire fran\u00e7ais, organisateur de transport international: fret a\u00e9rien, fret maritime, commissionnaire en douane agr\u00e9\u00e9 OEA-Full. 17 agences en France sur tous les principaux ports et a\u00e9roports.\",\"email\":\"web@mathezfreight.com\",\"telephone\":\"+33.497257825\",\"legalName\":\"MATHEZ TRANSPORTS INTERNATIONAUX\",\"foundingDate\":\"1950-01-01\",\"numberOfEmployees\":{\"@type\":\"QuantitativeValue\",\"minValue\":\"51\",\"maxValue\":\"200\"}},{\"@type\":\"Person\",\"@id\":\"https:\\\/\\\/www.mathezfreight.com\\\/fr\\\/#\\\/schema\\\/person\\\/e3433d1aa11c0405311f7fbf4086fdf6\",\"name\":\"Agnes\"}]}<\/script>\n<!-- \/ Yoast SEO Premium plugin. -->","yoast_head_json":{"title":"Gala de Charit\u00e9 de l'AMFAR: une logistique d'exception - MATHEZ FREIGHT","description":"Import, livraison, d\u00e9ballage , installation et pr\u00e9sentation des \u0153uvres sur sc\u00e8ne pour le Gala de charit\u00e9 de l\u2019Amfar: les \u00e9quipes MATHEZ ART LOGISTICS au meilleur de leur art.","robots":{"index":"index","follow":"follow","max-snippet":"max-snippet:-1","max-image-preview":"max-image-preview:large","max-video-preview":"max-video-preview:-1"},"canonical":"https:\/\/www.mathezfreight.com\/fr\/blog\/gala-charite-amfar-logistique\/","og_locale":"fr_FR","og_type":"article","og_title":"Gala de Charit\u00e9 de l'AMFAR: une logistique d'exception","og_description":"Import, livraison, d\u00e9ballage , installation et pr\u00e9sentation des \u0153uvres sur sc\u00e8ne pour le Gala de charit\u00e9 de l\u2019Amfar: les \u00e9quipes MATHEZ ART LOGISTICS au meilleur de leur art.","og_url":"https:\/\/www.mathezfreight.com\/fr\/blog\/gala-charite-amfar-logistique\/","og_site_name":"MATHEZ FREIGHT","article_publisher":"https:\/\/www.facebook.com\/MathezFreight\/","article_published_time":"2025-05-26T13:52:14+00:00","article_modified_time":"2026-02-24T16:57:53+00:00","og_image":[{"width":1220,"height":915,"url":"https:\/\/www.mathezfreight.com\/wp-content\/uploads\/photo-amfar-log-2025-05-27-11-09-15_5054507a.jpg","type":"image\/jpeg"}],"author":"Agnes","twitter_card":"summary_large_image","twitter_creator":"@MathezFreight","twitter_site":"@MathezFreight","twitter_misc":{"\u00c9crit par":"Agnes","Dur\u00e9e de lecture estim\u00e9e":"13 minutes"},"schema":{"@context":"https:\/\/schema.org","@graph":[{"@type":"Article","@id":"https:\/\/www.mathezfreight.com\/fr\/blog\/gala-charite-amfar-logistique\/#article","isPartOf":{"@id":"https:\/\/www.mathezfreight.com\/fr\/blog\/gala-charite-amfar-logistique\/"},"author":{"name":"Agnes","@id":"https:\/\/www.mathezfreight.com\/fr\/#\/schema\/person\/e3433d1aa11c0405311f7fbf4086fdf6"},"headline":"Gala de Charit\u00e9 de l&rsquo;AMFAR: une logistique d&rsquo;exception","datePublished":"2025-05-26T13:52:14+00:00","dateModified":"2026-02-24T16:57:53+00:00","mainEntityOfPage":{"@id":"https:\/\/www.mathezfreight.com\/fr\/blog\/gala-charite-amfar-logistique\/"},"wordCount":988,"commentCount":0,"publisher":{"@id":"https:\/\/www.mathezfreight.com\/fr\/#organization"},"image":{"@id":"https:\/\/www.mathezfreight.com\/fr\/blog\/gala-charite-amfar-logistique\/#primaryimage"},"thumbnailUrl":"https:\/\/www.mathezfreight.com\/wp-content\/uploads\/photo-amfar-log-2025-05-27-11-09-15_5054507a.jpg","keywords":["Arts"],"articleSection":["Op\u00e9rations"],"inLanguage":"fr-FR","potentialAction":[{"@type":"CommentAction","name":"Comment","target":["https:\/\/www.mathezfreight.com\/fr\/blog\/gala-charite-amfar-logistique\/#respond"]}]},{"@type":"WebPage","@id":"https:\/\/www.mathezfreight.com\/fr\/blog\/gala-charite-amfar-logistique\/","url":"https:\/\/www.mathezfreight.com\/fr\/blog\/gala-charite-amfar-logistique\/","name":"Gala de Charit\u00e9 de l'AMFAR: une logistique d'exception - MATHEZ FREIGHT","isPartOf":{"@id":"https:\/\/www.mathezfreight.com\/fr\/#website"},"primaryImageOfPage":{"@id":"https:\/\/www.mathezfreight.com\/fr\/blog\/gala-charite-amfar-logistique\/#primaryimage"},"image":{"@id":"https:\/\/www.mathezfreight.com\/fr\/blog\/gala-charite-amfar-logistique\/#primaryimage"},"thumbnailUrl":"https:\/\/www.mathezfreight.com\/wp-content\/uploads\/photo-amfar-log-2025-05-27-11-09-15_5054507a.jpg","datePublished":"2025-05-26T13:52:14+00:00","dateModified":"2026-02-24T16:57:53+00:00","description":"Import, livraison, d\u00e9ballage , installation et pr\u00e9sentation des \u0153uvres sur sc\u00e8ne pour le Gala de charit\u00e9 de l\u2019Amfar: les \u00e9quipes MATHEZ ART LOGISTICS au meilleur de leur art.","breadcrumb":{"@id":"https:\/\/www.mathezfreight.com\/fr\/blog\/gala-charite-amfar-logistique\/#breadcrumb"},"inLanguage":"fr-FR","potentialAction":[{"@type":"ReadAction","target":["https:\/\/www.mathezfreight.com\/fr\/blog\/gala-charite-amfar-logistique\/"]}]},{"@type":"ImageObject","inLanguage":"fr-FR","@id":"https:\/\/www.mathezfreight.com\/fr\/blog\/gala-charite-amfar-logistique\/#primaryimage","url":"https:\/\/www.mathezfreight.com\/wp-content\/uploads\/photo-amfar-log-2025-05-27-11-09-15_5054507a.jpg","contentUrl":"https:\/\/www.mathezfreight.com\/wp-content\/uploads\/photo-amfar-log-2025-05-27-11-09-15_5054507a.jpg","width":1220,"height":915,"caption":"Art Logistics - Amfar Cannes 2025"},{"@type":"BreadcrumbList","@id":"https:\/\/www.mathezfreight.com\/fr\/blog\/gala-charite-amfar-logistique\/#breadcrumb","itemListElement":[{"@type":"ListItem","position":1,"name":"Home","item":"https:\/\/www.mathezfreight.com\/fr\/"},{"@type":"ListItem","position":2,"name":"Op\u00e9rations","item":"https:\/\/www.mathezfreight.com\/fr\/blog\/categorie\/operations\/"},{"@type":"ListItem","position":3,"name":"Gala de Charit\u00e9 de l&rsquo;AMFAR: une logistique d&rsquo;exception"}]},{"@type":"WebSite","@id":"https:\/\/www.mathezfreight.com\/fr\/#website","url":"https:\/\/www.mathezfreight.com\/fr\/","name":"MATHEZ FREIGHT","description":"Solutions transport sur mesure, suivies, efficaces","publisher":{"@id":"https:\/\/www.mathezfreight.com\/fr\/#organization"},"alternateName":"MATHEZ TRANSPORTS INTERNATIONAUX","potentialAction":[{"@type":"SearchAction","target":{"@type":"EntryPoint","urlTemplate":"https:\/\/www.mathezfreight.com\/fr\/?s={search_term_string}"},"query-input":{"@type":"PropertyValueSpecification","valueRequired":true,"valueName":"search_term_string"}}],"inLanguage":"fr-FR"},{"@type":"Organization","@id":"https:\/\/www.mathezfreight.com\/fr\/#organization","name":"MATHEZ FREIGHT","alternateName":"MATHEZ TRANSPORTS INTERNATIONAUX","url":"https:\/\/www.mathezfreight.com\/fr\/","logo":{"@type":"ImageObject","inLanguage":"fr-FR","@id":"https:\/\/www.mathezfreight.com\/fr\/#\/schema\/logo\/image\/","url":"https:\/\/www.mathezfreight.com\/wp-content\/uploads\/logo-mathez-freight-400pxw.png","contentUrl":"https:\/\/www.mathezfreight.com\/wp-content\/uploads\/logo-mathez-freight-400pxw.png","width":400,"height":136,"caption":"MATHEZ FREIGHT"},"image":{"@id":"https:\/\/www.mathezfreight.com\/fr\/#\/schema\/logo\/image\/"},"sameAs":["https:\/\/www.facebook.com\/MathezFreight\/","https:\/\/x.com\/MathezFreight","https:\/\/www.linkedin.com\/company\/mathezfreight\/"],"description":"Transitaire fran\u00e7ais, organisateur de transport international: fret a\u00e9rien, fret maritime, commissionnaire en douane agr\u00e9\u00e9 OEA-Full. 17 agences en France sur tous les principaux ports et a\u00e9roports.","email":"web@mathezfreight.com","telephone":"+33.497257825","legalName":"MATHEZ TRANSPORTS INTERNATIONAUX","foundingDate":"1950-01-01","numberOfEmployees":{"@type":"QuantitativeValue","minValue":"51","maxValue":"200"}},{"@type":"Person","@id":"https:\/\/www.mathezfreight.com\/fr\/#\/schema\/person\/e3433d1aa11c0405311f7fbf4086fdf6","name":"Agnes"}]}},"_links":{"self":[{"href":"https:\/\/www.mathezfreight.com\/fr\/wp-json\/wp\/v2\/posts\/48922","targetHints":{"allow":["GET"]}}],"collection":[{"href":"https:\/\/www.mathezfreight.com\/fr\/wp-json\/wp\/v2\/posts"}],"about":[{"href":"https:\/\/www.mathezfreight.com\/fr\/wp-json\/wp\/v2\/types\/post"}],"author":[{"embeddable":true,"href":"https:\/\/www.mathezfreight.com\/fr\/wp-json\/wp\/v2\/users\/1"}],"replies":[{"embeddable":true,"href":"https:\/\/www.mathezfreight.com\/fr\/wp-json\/wp\/v2\/comments?post=48922"}],"version-history":[{"count":1,"href":"https:\/\/www.mathezfreight.com\/fr\/wp-json\/wp\/v2\/posts\/48922\/revisions"}],"predecessor-version":[{"id":66621,"href":"https:\/\/www.mathezfreight.com\/fr\/wp-json\/wp\/v2\/posts\/48922\/revisions\/66621"}],"wp:featuredmedia":[{"embeddable":true,"href":"https:\/\/www.mathezfreight.com\/fr\/wp-json\/wp\/v2\/media\/60971"}],"wp:attachment":[{"href":"https:\/\/www.mathezfreight.com\/fr\/wp-json\/wp\/v2\/media?parent=48922"}],"wp:term":[{"taxonomy":"category","embeddable":true,"href":"https:\/\/www.mathezfreight.com\/fr\/wp-json\/wp\/v2\/categories?post=48922"},{"taxonomy":"post_tag","embeddable":true,"href":"https:\/\/www.mathezfreight.com\/fr\/wp-json\/wp\/v2\/tags?post=48922"},{"taxonomy":"cibles","embeddable":true,"href":"https:\/\/www.mathezfreight.com\/fr\/wp-json\/wp\/v2\/cibles?post=48922"}],"curies":[{"name":"wp","href":"https:\/\/api.w.org\/{rel}","templated":true}]}}