{"id":35953,"date":"2026-01-13T10:17:58","date_gmt":"2026-01-13T10:17:58","guid":{"rendered":"https:\/\/www.mathezfreight.com\/?p=35953"},"modified":"2026-03-10T08:56:36","modified_gmt":"2026-03-10T08:56:36","slug":"codes-douaniers-tarif-douanier","status":"publish","type":"post","link":"https:\/\/www.mathezfreight.com\/fr\/blog\/codes-douaniers-tarif-douanier\/","title":{"rendered":"Comment v\u00e9rifier vos codes et tarifs  douaniers en 2026?"},"content":{"rendered":"\t\t<div data-elementor-type=\"wp-post\" data-elementor-id=\"35953\" class=\"elementor elementor-35953\" data-elementor-post-type=\"post\">\n\t\t\t\t\t\t<div class=\"elementor-section elementor-top-section elementor-element elementor-element-25ac58f elementor-section-stretched elementor-section-full_width mti-page-header bg-articles elementor-section-height-default elementor-section-height-default default-style elementor-invisible\" data-id=\"25ac58f\" data-element_type=\"section\" data-e-type=\"section\" id=\"mti-page-header\" data-settings=\"{&quot;stretch_section&quot;:&quot;section-stretched&quot;,&quot;animation&quot;:&quot;fadeIn&quot;,&quot;rt_color_sets&quot;:&quot;default-style&quot;}\">\n\t\t\t\t\t\t<div class=\"elementor-container elementor-column-gap-no\">\n\t\t\t\t\t<div class=\"elementor-column elementor-col-100 elementor-top-column elementor-element elementor-element-c3af877\" data-id=\"c3af877\" data-element_type=\"column\" data-e-type=\"column\">\n\t\t\t<div class=\"elementor-widget-wrap elementor-element-populated\">\n\t\t\t\t\t\t<div class=\"elementor-element elementor-element-354bdad elementor-widget elementor-widget-theme-post-featured-image elementor-widget-image\" data-id=\"354bdad\" data-element_type=\"widget\" data-e-type=\"widget\" data-widget_type=\"theme-post-featured-image.default\">\n\t\t\t\t<div class=\"elementor-widget-container\">\n\t\t\t\t\t\t\t\t\t\t\t\t\t\t\t<img decoding=\"async\" width=\"1220\" height=\"406\" src=\"https:\/\/www.mathezfreight.com\/wp-content\/uploads\/photo-code-douanier-2020-1220x406.jpg\" class=\"attachment-mti-flat-banner size-mti-flat-banner wp-image-32329\" alt=\"Code douanier : le trouver dans le Tarif douanier 2026\" \/>\t\t\t\t\t\t\t\t\t\t\t\t\t\t\t<\/div>\n\t\t\t\t<\/div>\n\t\t\t\t\t<\/div>\n\t\t<\/div>\n\t\t\t\t\t<\/div>\n\t\t<\/div>\n\t\t\t\t<div class=\"elementor-section elementor-top-section elementor-element elementor-element-e862999 mti-page-excerpt excerpt-onleft highlight-articles elementor-section-boxed elementor-section-height-default elementor-section-height-default default-style elementor-invisible\" data-id=\"e862999\" data-element_type=\"section\" data-e-type=\"section\" id=\"mti-page-excerpt\" data-settings=\"{&quot;animation&quot;:&quot;fadeInUp&quot;,&quot;rt_color_sets&quot;:&quot;default-style&quot;}\">\n\t\t\t\t\t\t<div class=\"elementor-container elementor-column-gap-default\">\n\t\t\t\t\t<div class=\"elementor-column elementor-col-100 elementor-top-column elementor-element elementor-element-64290da default-style\" data-id=\"64290da\" data-element_type=\"column\" data-e-type=\"column\" data-settings=\"{&quot;background_background&quot;:&quot;classic&quot;}\">\n\t\t\t<div class=\"elementor-widget-wrap elementor-element-populated\">\n\t\t\t\t\t\t<div class=\"elementor-element elementor-element-13239bc elementor-align-left mti-blog-suptitle elementor-widget elementor-widget-post-info\" data-id=\"13239bc\" data-element_type=\"widget\" data-e-type=\"widget\" data-widget_type=\"post-info.default\">\n\t\t\t\t<div class=\"elementor-widget-container\">\n\t\t\t\t\t\t\t<ul class=\"elementor-inline-items elementor-icon-list-items elementor-post-info\">\n\t\t\t\t\t\t\t\t<li class=\"elementor-icon-list-item elementor-repeater-item-9687d75 elementor-inline-item\" itemprop=\"about\">\n\t\t\t\t\t\t\t\t\t\t\t\t\t<span class=\"elementor-icon-list-text elementor-post-info__item elementor-post-info__item--type-terms\">\n\t\t\t\t\t\t\t\t\t\t<span class=\"elementor-post-info__terms-list\">\n\t\t\t\t<a href=\"https:\/\/www.mathezfreight.com\/fr\/blog\/categorie\/fret-mode-demploi\/\" class=\"elementor-post-info__terms-list-item\">Fret Mode d&#039;Emploi<\/a>\t\t\t\t<\/span>\n\t\t\t\t\t<\/span>\n\t\t\t\t\t\t\t\t<\/li>\n\t\t\t\t<\/ul>\n\t\t\t\t\t\t<\/div>\n\t\t\t\t<\/div>\n\t\t\t\t<div class=\"elementor-element elementor-element-cdda569 elementor-widget elementor-widget-theme-post-title elementor-page-title elementor-widget-heading\" data-id=\"cdda569\" data-element_type=\"widget\" data-e-type=\"widget\" data-widget_type=\"theme-post-title.default\">\n\t\t\t\t<div class=\"elementor-widget-container\">\n\t\t\t\t\t<h1 class=\"elementor-heading-title elementor-size-default\">Comment v\u00e9rifier vos codes et tarifs  douaniers en 2026?<\/h1>\t\t\t\t<\/div>\n\t\t\t\t<\/div>\n\t\t\t\t<div class=\"elementor-element elementor-element-8f5c17b elementor-widget elementor-widget-theme-post-excerpt\" data-id=\"8f5c17b\" data-element_type=\"widget\" data-e-type=\"widget\" data-widget_type=\"theme-post-excerpt.default\">\n\t\t\t\t<div class=\"elementor-widget-container\">\n\t\t\t\t\tQuelles nomenclatures ont chang\u00e9 avec le tarif douanier europ\u00e9en du 1er janvier 2026? V\u00e9rifiez les codes douaniers de vos marchandises. \t\t\t\t<\/div>\n\t\t\t\t<\/div>\n\t\t\t\t<div class=\"elementor-element elementor-element-b5deb30 elementor-align-right mti-blog-tags elementor-widget elementor-widget-post-info\" data-id=\"b5deb30\" data-element_type=\"widget\" data-e-type=\"widget\" data-widget_type=\"post-info.default\">\n\t\t\t\t<div class=\"elementor-widget-container\">\n\t\t\t\t\t\t\t<ul class=\"elementor-inline-items elementor-icon-list-items elementor-post-info\">\n\t\t\t\t\t\t\t\t<li class=\"elementor-icon-list-item elementor-repeater-item-7910e98 elementor-inline-item\" itemprop=\"datePublished\">\n\t\t\t\t\t\t\t\t\t\t<span class=\"elementor-icon-list-icon\">\n\t\t\t\t\t\t\t\t<i aria-hidden=\"true\" class=\"fas fa-calendar\"><\/i>\t\t\t\t\t\t\t<\/span>\n\t\t\t\t\t\t\t\t\t<span class=\"elementor-icon-list-text elementor-post-info__item elementor-post-info__item--type-date\">\n\t\t\t\t\t\t\t\t\t\t<time>13 janvier 2026<\/time>\t\t\t\t\t<\/span>\n\t\t\t\t\t\t\t\t<\/li>\n\t\t\t\t<li class=\"elementor-icon-list-item elementor-repeater-item-f18f2db elementor-inline-item\" itemprop=\"about\">\n\t\t\t\t\t\t\t\t\t\t<span class=\"elementor-icon-list-icon\">\n\t\t\t\t\t\t\t\t<i aria-hidden=\"true\" class=\"fas fa-tags\"><\/i>\t\t\t\t\t\t\t<\/span>\n\t\t\t\t\t\t\t\t\t<span class=\"elementor-icon-list-text elementor-post-info__item elementor-post-info__item--type-terms\">\n\t\t\t\t\t\t\t\t\t\t<span class=\"elementor-post-info__terms-list\">\n\t\t\t\t<a href=\"https:\/\/www.mathezfreight.com\/fr\/blog\/tag\/douane\/\" class=\"elementor-post-info__terms-list-item\">Douane<\/a>\t\t\t\t<\/span>\n\t\t\t\t\t<\/span>\n\t\t\t\t\t\t\t\t<\/li>\n\t\t\t\t<\/ul>\n\t\t\t\t\t\t<\/div>\n\t\t\t\t<\/div>\n\t\t\t\t\t<\/div>\n\t\t<\/div>\n\t\t\t\t\t<\/div>\n\t\t<\/div>\n\t\t\t\t<aside class=\"elementor-section elementor-top-section elementor-element elementor-element-da74b28 elementor-hidden-tablet elementor-hidden-phone mti-social-bar up elementor-section-boxed elementor-section-height-default elementor-section-height-default elementor-invisible\" data-id=\"da74b28\" data-element_type=\"section\" data-e-type=\"section\" data-settings=\"{&quot;animation&quot;:&quot;fadeInLeft&quot;}\">\n\t\t\t\t\t\t<div class=\"elementor-container elementor-column-gap-default\">\n\t\t\t\t\t<div class=\"elementor-column elementor-col-100 elementor-top-column elementor-element elementor-element-ba21d28\" data-id=\"ba21d28\" data-element_type=\"column\" data-e-type=\"column\">\n\t\t\t<div class=\"elementor-widget-wrap elementor-element-populated\">\n\t\t\t\t\t\t<div class=\"elementor-element elementor-element-318d352 elementor-share-buttons--view-icon elementor-share-buttons--skin-flat mti-social-bar-job elementor-share-buttons--shape-square elementor-grid-0 elementor-share-buttons--color-official elementor-invisible elementor-widget elementor-widget-share-buttons\" data-id=\"318d352\" data-element_type=\"widget\" data-e-type=\"widget\" data-settings=\"{&quot;_animation&quot;:&quot;fadeInLeft&quot;}\" data-widget_type=\"share-buttons.default\">\n\t\t\t\t<div class=\"elementor-widget-container\">\n\t\t\t\t\t\t\t<div class=\"elementor-grid\" role=\"list\">\n\t\t\t\t\t\t\t\t<div class=\"elementor-grid-item\" role=\"listitem\">\n\t\t\t\t\t\t<div class=\"elementor-share-btn elementor-share-btn_email\" role=\"button\" tabindex=\"0\" aria-label=\"Partager sur email\">\n\t\t\t\t\t\t\t\t\t\t\t\t\t\t\t<span class=\"elementor-share-btn__icon\">\n\t\t\t\t\t\t\t\t<i class=\"fas fa-envelope\" aria-hidden=\"true\"><\/i>\t\t\t\t\t\t\t<\/span>\n\t\t\t\t\t\t\t\t\t\t\t\t\t\t\t\t\t\t\t\t<\/div>\n\t\t\t\t\t<\/div>\n\t\t\t\t\t\t\t\t\t<div class=\"elementor-grid-item\" role=\"listitem\">\n\t\t\t\t\t\t<div class=\"elementor-share-btn elementor-share-btn_linkedin\" role=\"button\" tabindex=\"0\" aria-label=\"Partager sur linkedin\">\n\t\t\t\t\t\t\t\t\t\t\t\t\t\t\t<span class=\"elementor-share-btn__icon\">\n\t\t\t\t\t\t\t\t<i class=\"fab fa-linkedin\" aria-hidden=\"true\"><\/i>\t\t\t\t\t\t\t<\/span>\n\t\t\t\t\t\t\t\t\t\t\t\t\t\t\t\t\t\t\t\t<\/div>\n\t\t\t\t\t<\/div>\n\t\t\t\t\t\t\t\t\t<div class=\"elementor-grid-item\" role=\"listitem\">\n\t\t\t\t\t\t<div class=\"elementor-share-btn elementor-share-btn_twitter\" role=\"button\" tabindex=\"0\" aria-label=\"Partager sur twitter\">\n\t\t\t\t\t\t\t\t\t\t\t\t\t\t\t<span class=\"elementor-share-btn__icon\">\n\t\t\t\t\t\t\t\t<i class=\"fab fa-twitter\" aria-hidden=\"true\"><\/i>\t\t\t\t\t\t\t<\/span>\n\t\t\t\t\t\t\t\t\t\t\t\t\t\t\t\t\t\t\t\t<\/div>\n\t\t\t\t\t<\/div>\n\t\t\t\t\t\t\t\t\t<div class=\"elementor-grid-item\" role=\"listitem\">\n\t\t\t\t\t\t<div class=\"elementor-share-btn elementor-share-btn_facebook\" role=\"button\" tabindex=\"0\" aria-label=\"Partager sur facebook\">\n\t\t\t\t\t\t\t\t\t\t\t\t\t\t\t<span class=\"elementor-share-btn__icon\">\n\t\t\t\t\t\t\t\t<i class=\"fab fa-facebook\" aria-hidden=\"true\"><\/i>\t\t\t\t\t\t\t<\/span>\n\t\t\t\t\t\t\t\t\t\t\t\t\t\t\t\t\t\t\t\t<\/div>\n\t\t\t\t\t<\/div>\n\t\t\t\t\t\t\t\t\t<div class=\"elementor-grid-item\" role=\"listitem\">\n\t\t\t\t\t\t<div class=\"elementor-share-btn elementor-share-btn_print\" role=\"button\" tabindex=\"0\" aria-label=\"Partager sur print\">\n\t\t\t\t\t\t\t\t\t\t\t\t\t\t\t<span class=\"elementor-share-btn__icon\">\n\t\t\t\t\t\t\t\t<i class=\"fas fa-print\" aria-hidden=\"true\"><\/i>\t\t\t\t\t\t\t<\/span>\n\t\t\t\t\t\t\t\t\t\t\t\t\t\t\t\t\t\t\t\t<\/div>\n\t\t\t\t\t<\/div>\n\t\t\t\t\t\t<\/div>\n\t\t\t\t\t\t<\/div>\n\t\t\t\t<\/div>\n\t\t\t\t<div class=\"elementor-element elementor-element-fda54cc elementor-widget elementor-widget-spacer\" data-id=\"fda54cc\" data-element_type=\"widget\" data-e-type=\"widget\" data-widget_type=\"spacer.default\">\n\t\t\t\t<div class=\"elementor-widget-container\">\n\t\t\t\t\t\t\t<div class=\"elementor-spacer\">\n\t\t\t<div class=\"elementor-spacer-inner\"><\/div>\n\t\t<\/div>\n\t\t\t\t\t\t<\/div>\n\t\t\t\t<\/div>\n\t\t\t\t\t<\/div>\n\t\t<\/div>\n\t\t\t\t\t<\/div>\n\t\t<\/aside>\n\t\t\t\t<div class=\"elementor-section elementor-top-section elementor-element elementor-element-a5bbd2f mti-article-body elementor-section-boxed elementor-section-height-default elementor-section-height-default default-style\" data-id=\"a5bbd2f\" data-element_type=\"section\" data-e-type=\"section\" data-settings=\"{&quot;rt_color_sets&quot;:&quot;default-style&quot;}\">\n\t\t\t\t\t\t<div class=\"elementor-container elementor-column-gap-default\">\n\t\t\t\t\t<div class=\"elementor-column elementor-col-100 elementor-top-column elementor-element elementor-element-3851833\" data-id=\"3851833\" data-element_type=\"column\" data-e-type=\"column\">\n\t\t\t<div class=\"elementor-widget-wrap elementor-element-populated\">\n\t\t\t\t\t\t<section class=\"elementor-section elementor-inner-section elementor-element elementor-element-fa73c10 mti-section-essentiel elementor-section-boxed elementor-section-height-default elementor-section-height-default default-style\" data-id=\"fa73c10\" data-element_type=\"section\" data-e-type=\"section\" data-settings=\"{&quot;background_background&quot;:&quot;classic&quot;,&quot;rt_color_sets&quot;:&quot;default-style&quot;}\">\n\t\t\t\t\t\t<div class=\"elementor-container elementor-column-gap-default\">\n\t\t\t\t\t<div class=\"elementor-column elementor-col-100 elementor-inner-column elementor-element elementor-element-6dc683e\" data-id=\"6dc683e\" data-element_type=\"column\" data-e-type=\"column\">\n\t\t\t<div class=\"elementor-widget-wrap elementor-element-populated\">\n\t\t\t\t\t\t<div class=\"elementor-element elementor-element-84f59f9 elementor-widget elementor-widget-text-editor\" data-id=\"84f59f9\" data-element_type=\"widget\" data-e-type=\"widget\" data-widget_type=\"text-editor.default\">\n\t\t\t\t<div class=\"elementor-widget-container\">\n\t\t\t\t\t\t\t\t\t<p><img decoding=\"async\" src=\"https:\/\/www.mathezfreight.com\/wp-content\/uploads\/picto-bonhomme-mathez-trans.png\" width=\"200px\" align=\"right\"><\/p>\n<h2>L&rsquo;essentiel, pour les professionnels<\/h2>\n<p>Chaque ann\u00e9e, la <strong>nomenclature combin\u00e9e<\/strong> d\u00e9finissant les <strong>codes et tarifs douaniers<\/strong> pour l&rsquo;Union europ\u00e9enne \u00e9volue, en particulier en janvier et en juillet.<\/p>\n<ul>\n<li>Le <b>principaux changements <\/b>intervenus au 1er janvier 2026&nbsp;dans le tarif douanier europ\u00e9en concernent les&nbsp;<b>batteries et stockage d\u2019\u00e9nergie, et les \u00e9nergies renouvelables<\/b> (\u00e9olien, hydraulique, solaire, hydrog\u00e8ne), ainsi que des <b>mat\u00e9riaux et composants avanc\u00e9s<\/b>. La r\u00e9vision de l\u2019annexe 10 concerne certains m\u00e9langes de d\u00e9riv\u00e9s halog\u00e9n\u00e9s de <strong>l\u2019\u00e9thyl\u00e8ne et du propyl\u00e8ne<\/strong>.<\/li>\n<\/ul>\n<h2><strong style=\"color: var( --e-global-color-text ); text-align: justify; font-family: 'Open Sans'; font-size: 16px;\">Pour v\u00e9rifier les tarifs douaniers de vos produits et les changements intervenus en janvier 2026<\/strong><span style=\"color: var( --e-global-color-text ); text-align: justify; font-family: 'Open Sans'; font-size: 16px; font-weight: normal;\">:<\/span><\/h2>\n<ul>\n<li>T\u00e9l\u00e9chargez le&nbsp;<b><a href=\"https:\/\/eur-lex.europa.eu\/legal-content\/FR\/TXT\/PDF\/?uri=OJ:L_202501926\" target=\"_blank\" rel=\"noopener\">tarif douanier europ\u00e9en 2026<\/a>&nbsp;<\/b>(PDF, 22\/9\/2025 effectif au 1\/1\/2026, EUR-LEX) et identifiez les changements (\u2605 ou \u25a0).<\/li>\n<li><a href=\"https:\/\/ec.europa.eu\/taxation_customs\/dds2\/taric\/taric_consultation.jsp?AdditionalCode=&amp;MeasText=&amp;logoPath=europa%2fecl%2fimages%2flogo&amp;Lang=fr&amp;StartPub=&amp;Area=&amp;GoodsText=&amp;LangDescr=&amp;MinCharFts=3&amp;Taric=&amp;OrderNum=&amp;MeasType=&amp;europaPath=europa&amp;Expand=false&amp;SimDate=20250306&amp;EndPub=&amp;Level=&amp;Regulation=&amp;LastSelectedCode=\" target=\"_blank\" style=\"background-color: rgb(234, 238, 246);\"><b>Consultez la base TARIC<\/b><\/a>, v\u00e9rifiez la&nbsp;<a href=\"https:\/\/circabc.europa.eu\/ui\/group\/0e5f18c2-4b2f-42e9-aed4-dfe50ae1263b\/library\/3ab3dba9-f7c1-4ddd-ba57-0e9ac6d3c37a\/details\" target=\"_blank\" rel=\"noopener\" style=\"background-color: rgb(234, 238, 246);\"><b>nomenclature europ\u00e9enne TARIC\/10<\/b><\/a> de l&rsquo;UE (XLS, 31\/12\/2025 <a href=\"https:\/\/circabc.europa.eu\/ui\/group\/0e5f18c2-4b2f-42e9-aed4-dfe50ae1263b\/library\/3ab3dba9-f7c1-4ddd-ba57-0e9ac6d3c37a\/details\" target=\"_blank\" rel=\"noopener\" style=\"background-color: rgb(234, 238, 246);\">FR&nbsp;<\/a>\/&nbsp;<a href=\"https:\/\/circabc.europa.eu\/ui\/group\/0e5f18c2-4b2f-42e9-aed4-dfe50ae1263b\/library\/68e6ce5c-bd75-4b6d-adf4-b2734eddc254\/details\" target=\"_blank\" rel=\"noopener\" style=\"background-color: rgb(234, 238, 246);\">EN<\/a>, source CIRCABC) ou utilisez la&nbsp;<a href=\"https:\/\/circabc.europa.eu\/ui\/group\/0e5f18c2-4b2f-42e9-aed4-dfe50ae1263b\/library\/a427b643-2271-4af9-a067-3d8662d3f259\/details\" target=\"_blank\" rel=\"noopener\" style=\"background-color: rgb(234, 238, 246);\"><span style=\"font-weight: 700;\">table de corr\u00e9lation des codes douaniers 2025-2026&nbsp;<\/span><\/a>publi\u00e9e par l&rsquo;UE (XLS, 8\/1\/2026, source CIRCABC).<\/li>\n<li>V\u00e9rifiez&nbsp;les mises \u00e0 jour quotidiennes sur le service fran\u00e7ais&nbsp;<span style=\"font-weight: 700;\"><a href=\"https:\/\/www.douane.gouv.fr\/service-en-ligne\/tarif-douanier-communautaire-et-national-rita\" target=\"_blank\" rel=\"noopener\">RITA<\/a>&nbsp;<i>bulle Actualit\u00e9s \u2013 Modifications de nomenclatures<\/i><\/span><span style=\"font-weight: 700;\">.<\/span><\/li>\n<\/ul>\t\t\t\t\t\t\t\t<\/div>\n\t\t\t\t<\/div>\n\t\t\t\t\t<\/div>\n\t\t<\/div>\n\t\t\t\t\t<\/div>\n\t\t<\/section>\n\t\t\t\t<div class=\"elementor-element elementor-element-49bdc42 mti-text elementor-widget elementor-widget-text-editor\" data-id=\"49bdc42\" data-element_type=\"widget\" data-e-type=\"widget\" data-widget_type=\"text-editor.default\">\n\t\t\t\t<div class=\"elementor-widget-container\">\n\t\t\t\t\t\t\t\t\t<h2>Qu&rsquo;est-ce que le tarif douanier europ\u00e9en?\u00a0<\/h2><p>Pour d\u00e9douaner toutes les marchandises qui traversent les fronti\u00e8res internationales, la Douane, les d\u00e9clarants en douane et les transitaires utilisent des <b>codes douaniers<\/b>, appel\u00e9s <strong><i>codes HS<\/i><\/strong> (pour <em>Harmonized System<\/em>), ou <em><strong>commodity codes<\/strong><\/em> en anglais.<br \/>&gt; Voir notre article : <a href=\"https:\/\/www.mathezfreight.com\/fr\/blog\/codes-douaniers\/\">A quoi servent les codes douaniers \u00e0 l&rsquo;import et \u00e0 l&rsquo;export<\/a>.<\/p><p>Dans l&rsquo;Union europ\u00e9enne (UE), ces codes sont d\u00e9finis dans la <strong>nomenclature combin\u00e9e (NC)<\/strong> qui organise les marchandises sans le <b>Tarif Douanier Commun<\/b> qui s&rsquo;applique \u00e0 l&rsquo;entr\u00e9e de l&rsquo;Union europ\u00e9enne. Chaque ann\u00e9e, la <span style=\"font-weight: bold;\">nomenclature combin\u00e9e \u00e0 8 chiffres<\/span> \u00e9volue pour accompagner la r\u00e9alit\u00e9 des \u00e9changes internationaux. Une <b>mise \u00e0 jour importante est faite en janvier<\/b>, suivie d&rsquo;autres, notamment en <b>juin\/juillet<\/b>.<\/p><h2>Modifications des nomenclatures europ\u00e9ennes au 1er janvier 2026<\/h2><p>L&rsquo;\u00e9dition de la <a href=\"https:\/\/eur-lex.europa.eu\/legal-content\/FR\/TXT\/PDF\/?uri=OJ:L_202501926\" target=\"_blank\" rel=\"noopener\"><b>nomenclature douani\u00e8re europ\u00e9enne 2026<\/b><\/a>, en date du 22 septembre 2025, est entr\u00e9e en vigueur au 1er janvier 2026 avec le R\u00e8glement d\u2019ex\u00e9cution (UE) 2025\/1926.<\/p><p><strong>27 nouveaux codes sont introduits<\/strong> tandis que <strong>environ 13 anciens codes deviennent invalides<\/strong>.<br \/>Voici un aper\u00e7u des principaux chapitres et produits affect\u00e9s :<\/p><div style=\"border-left: 3px #0A4279 solid; padding-left: 1em;\"><h3>Chapitre 28 \u2013 Produits chimiques inorganiques<\/h3><p>\u2605 Cr\u00e9ation de sous-positions sp\u00e9cifiques pour des <b>compos\u00e9s avanc\u00e9s utilis\u00e9s dans les batteries<\/b>, notamment : <b>oxydes de lithium-nickel-mangan\u00e8se-cobalt (NMC), phosphate de lithium-fer (LFP).\u00a0<\/b>Produits auparavant class\u00e9s dans des rubriques \u00ab autres \u00bb.<b><br \/><\/b>\u2192\u00a0<b>Familles concern\u00e9es<\/b>:\u00a028.25 \/ 28.26\u00a0 et\u00a028.34 \/ 28.36.\u00a0<\/p><h3>Chapitre 29 \u2013 Produits chimiques organiques<\/h3><p>\u2605 R\u00e9organisation de plusieurs sous-positions conform\u00e9ment aux recommandations de l\u2019OMD : nouveaux codes pour certains <strong>\u00e9thers aromatiques, <\/strong>ajustements pour des <strong>acides monocarboxyliques acycliques satur\u00e9s<\/strong> et leurs d\u00e9riv\u00e9s. Objectif : meilleure lisibilit\u00e9 et pr\u00e9cision chimique.<br \/>\u2192\u00a0<b>Familles concern\u00e9es<\/b>:\u00a029.09,\u00a029.15<\/p><h3>Chapitre 38 \u2013 Produits divers de l\u2019industrie chimique<\/h3><p>\u2605 Introduction de nouvelles sous-positions pour des produits li\u00e9s aux <b>technologies propres<\/b>: graphite artificiel, wafers photovolta\u00efques destin\u00e9s \u00e0 la fabrication de <b>panneaux solaires<\/b>.\u00a0<br \/>\u2192\u00a0<b>Familles concern\u00e9es<\/b>:\u00a038.01,\u00a038.24.<\/p><h3>Chapitre 73 \u2013 Ouvrages en fonte, fer ou acier<\/h3><p>\u2605 Cr\u00e9ation de codes d\u00e9di\u00e9s aux <b>structures pour \u00e9nergies renouvelables<\/b> : tours tubulaires en acier pour \u00e9oliennes, sections de tours d\u2019\u00e9oliennes.\u00a0<br \/>\u2192\u00a0<strong>Familles concern\u00e9es:\u00a0<\/strong>73.08.\u00a0<\/p><h3>Chapitre 84 \u2013 Machines, appareils et engins m\u00e9caniques<\/h3><p>\u2605 Nouvelles sous-positions pour les <b>\u00e9quipements de production d\u2019\u00e9nergie<\/b>: rotors et stators de turbines hydrauliques, pales de turbines \u00e9oliennes. \u2192 Distinction plus fine entre machines industrielles classiques et \u00e9quipements \u00e9nerg\u00e9tiques.<br \/>\u2192\u00a0\u00a0<strong>Familles concern\u00e9es:\u00a0<\/strong><strong>84.10<\/strong>,\u00a0<strong>84.12 \/ 84.13.<\/strong><\/p><h3>Chapitre 85 \u2013 Machines, appareils et mat\u00e9riels \u00e9lectriques<\/h3><p>\u2605 Adaptation aux <b>technologies \u00e9lectriques et \u00e9nerg\u00e9tiques<\/b> avanc\u00e9es: g\u00e9n\u00e9rateurs \u00e0 piles \u00e0 combustible hydrog\u00e8ne, onduleurs int\u00e9grant un suivi du point de puissance maximale (MPPT), films s\u00e9parateurs plastiques pour batteries, modules constitu\u00e9s de cellules galvaniques empil\u00e9es.\u00a0<br \/>\u2192\u00a0<b>Familles concern\u00e9es<\/b>:\u00a085.01,\u00a085.04,\u00a085.07.\u00a0<\/p><h3>Chapitre 95 \u2013 Jouets, jeux et articles de divertissement<\/h3><p>\u25a0 Suppression de la note compl\u00e9mentaire 1 relative aux <b>articles pour f\u00eates de No\u00ebl<\/b>. \u2192 Simplification et harmonisation des r\u00e8gles de classement.<br \/>\u2192\u00a0<strong>Famille concern\u00e9e:\u00a0<\/strong><strong>95.05<\/strong>.\u00a0<\/p><\/div><p>\u2605 D\u00e9signe les nouveaux num\u00e9ros de code<br \/>\u25a0 D\u00e9signe les num\u00e9ros de code qui ont \u00e9t\u00e9 utilis\u00e9s l&rsquo;ann\u00e9e pr\u00e9c\u00e9dente, mais avec un contenu diff\u00e9rent.<\/p><p>Ces changements visent \u00e0 mieux refl\u00e9ter les \u00e9volutions technologiques, renforcer le contr\u00f4le des marchandises sensibles, et am\u00e9liorer la pr\u00e9cision statistique des flux commerciaux.<\/p>\t\t\t\t\t\t\t\t<\/div>\n\t\t\t\t<\/div>\n\t\t\t\t<div class=\"elementor-element elementor-element-ccb1dbc elementor-alert-info elementor-widget elementor-widget-global elementor-global-59584 elementor-widget-alert\" data-id=\"ccb1dbc\" data-element_type=\"widget\" data-e-type=\"widget\" data-widget_type=\"alert.default\">\n\t\t\t\t<div class=\"elementor-widget-container\">\n\t\t\t\t\t\t\t<div class=\"elementor-alert\" role=\"alert\">\n\n\t\t\t\n\t\t\t\t\t\t<span class=\"elementor-alert-description\"><h2 style=\"margin: 0.5em 0px;font-size: 1.2em\">Notre dossier sur les codes et tarifs douaniers<\/h2>\n<ul>\n<li><b><a href=\"https:\/\/www.mathezfreight.com\/fr\/blog\/codes-douanier-tarif-douanier\/\">Comment v\u00e9rifier vos codes et tarifs  douaniers en 2026?<\/a><\/b><\/li>\n<li> V\u00e9rifiez les changements intervenus dans les tarifs douaniers de l'Union europ\u00e9enne en <a href=\"https:\/\/www.mathezfreight.com\/fr\/blog\/codes-douaniers-tarif-douanier-2020\/\">2020<\/a>, <a href=\"https:\/\/www.mathezfreight.com\/fr\/blog\/codes-douaniers-tarif-douanier-2021\/\">2021<\/a>, <a href=\"https:\/\/www.mathezfreight.com\/fr\/blog\/codes-douaniers-tarif-douanier-2022\/\">2022<\/a>, <a href=\"https:\/\/www.mathezfreight.com\/fr\/blog\/codes-douaniers-tarif-douanier-2023\/\">2023<\/a>, <a href=\"https:\/\/www.mathezfreight.com\/fr\/blog\/codes-douaniers-tarif-douanier-2024\/\">2024<\/a>, <a href=\"https:\/\/www.mathezfreight.com\/fr\/blog\/codes-douaniers-tarif-douanier-2025\/\">2025<\/a>.<\/li><li><a href=\"https:\/\/www.mathezfreight.com\/fr\/blog\/codes-douaniers\/\"><b>Codes douaniers: ce qu\u2019il faut savoir \u00e0 l\u2019import\/export<\/b><\/a>\n<\/li>\n<\/ul><\/span>\n\t\t\t\n\t\t\t\t\t\t<button type=\"button\" class=\"elementor-alert-dismiss\" aria-label=\"Ignorer cette alerte.\">\n\t\t\t\t<i aria-hidden=\"true\" class=\"far fa-folder-open\"><\/i>\t\t\t<\/button>\n\t\t\t\n\t\t<\/div>\n\t\t\t\t\t\t<\/div>\n\t\t\t\t<\/div>\n\t\t\t\t<div class=\"elementor-element elementor-element-29efa7f mti-text elementor-widget elementor-widget-text-editor\" data-id=\"29efa7f\" data-element_type=\"widget\" data-e-type=\"widget\" data-widget_type=\"text-editor.default\">\n\t\t\t\t<div class=\"elementor-widget-container\">\n\t\t\t\t\t\t\t\t\t<h2>Comment v\u00e9rifier vos codes douaniers en 2026?<\/h2><div>Assurez-vous d&rsquo;utiliser les codes douaniers corrects au gr\u00e9 des \u00e9volutions r\u00e9glementaires en utilisant les\u00a0<strong>derni\u00e8res donn\u00e9es<\/strong>\u00a0de\u00a0<strong>sources officielles<\/strong>.<\/div><div>Voici\u00a0<strong>4 outils &amp; m\u00e9thodes<\/strong> pour v\u00e9rifier le code douanier de vos marchandises ou sa validit\u00e9 dans le Tarif douanier 2025 de l&rsquo;Union europ\u00e9enne.<\/div>\t\t\t\t\t\t\t\t<\/div>\n\t\t\t\t<\/div>\n\t\t\t\t<section class=\"elementor-section elementor-inner-section elementor-element elementor-element-35eb920 mti-section-essentiel mti-section-essentiel-inner elementor-section-boxed elementor-section-height-default elementor-section-height-default default-style\" data-id=\"35eb920\" data-element_type=\"section\" data-e-type=\"section\" data-settings=\"{&quot;background_background&quot;:&quot;classic&quot;,&quot;rt_color_sets&quot;:&quot;default-style&quot;}\">\n\t\t\t\t\t\t<div class=\"elementor-container elementor-column-gap-default\">\n\t\t\t\t\t<div class=\"elementor-column elementor-col-100 elementor-inner-column elementor-element elementor-element-567bede\" data-id=\"567bede\" data-element_type=\"column\" data-e-type=\"column\">\n\t\t\t<div class=\"elementor-widget-wrap elementor-element-populated\">\n\t\t\t\t\t\t<div class=\"elementor-element elementor-element-2dfdfa2 mti-tool-box elementor-widget elementor-widget-lae-portfolio\" data-id=\"2dfdfa2\" data-element_type=\"widget\" data-e-type=\"widget\" data-settings=\"{&quot;per_line&quot;:&quot;4&quot;,&quot;per_line_tablet&quot;:&quot;2&quot;,&quot;per_line_mobile&quot;:&quot;1&quot;}\" data-widget_type=\"lae-portfolio.default\">\n\t\t\t\t<div class=\"elementor-widget-container\">\n\t\t\t\t\t<div class=\"lae-portfolio-wrap lae-gapless-grid\"><div id=\"lae-portfolio-69f3868d30dcb\" class=\"lae-portfolio js-isotope lae-fitRows lae-grid-container lae-classic-skin lae-grid-desktop-4 lae-grid-tablet-2 lae-grid-mobile-1\" data-isotope-options='{ \"itemSelector\": \".lae-portfolio-item\", \"layoutMode\": \"fitRows\", \"originLeft\": true}'><div data-id=\"id-58306\" class=\"lae-grid-item lae-portfolio-item  term-445\"><article id=\"post-58306\" class=\"post-58306 outils type-outils status-publish has-post-thumbnail hentry cibles-douane badge-codes-douaniers fenetre-externe\"><div class=\"lae-project-image\"><a href=\"https:\/\/www.mathezfreight.com\/fr\/pratique\/outils\/rita\/\"\u030c\u030c><img fetchpriority=\"high\" width=\"274\" height=\"183\" src=\"https:\/\/www.mathezfreight.com\/wp-content\/uploads\/smartmockups-rita-274x183.png\" class=\"lae-image skip-lazy no-lazyload exclude-me a3-notlazy attachment-mti-small-classic size-mti-small-classic\" alt=\"RITA codes douaniers\" title=\"RITA codes douaniers\" data-no-lazy=\"1\" loading=\"eager\" decoding=\"sync\" srcset=\"https:\/\/www.mathezfreight.com\/wp-content\/uploads\/smartmockups-rita-274x183.png 274w, https:\/\/www.mathezfreight.com\/wp-content\/uploads\/smartmockups-rita-375x250.png 375w, https:\/\/www.mathezfreight.com\/wp-content\/uploads\/smartmockups-rita-1200x800.png 1200w\" sizes=\"(max-width: 274px) 100vw, 274px\" \/><\/a><div class=\"lae-image-info\"><div class=\"lae-entry-info\"><div class=\"lae-post-title\"><a href=\"https:\/\/www.mathezfreight.com\/fr\/pratique\/outils\/rita\/\" title=\"RITA &#8211; r\u00e9f\u00e9rentiel douanier (ProDouane.gouv.fr)\" rel=\"bookmark\">RITA &#8211; r\u00e9f\u00e9rentiel douanier (ProDouane.gouv.fr)<\/a><\/div><span class=\"lae-terms\"><a href=\"https:\/\/www.mathezfreight.com\/fr\/outils\/badge\/codes-douaniers\/\">Codes douaniers<\/a><\/span><\/div><\/div><!-- .lae-image-info --><\/div><div class=\"lae-entry-text-wrap \"><h4 class=\"entry-title\"><a href=\"https:\/\/www.mathezfreight.com\/fr\/pratique\/outils\/rita\/\" title=\"RITA &#8211; r\u00e9f\u00e9rentiel douanier (ProDouane.gouv.fr)\" rel=\"bookmark\">RITA &#8211; r\u00e9f\u00e9rentiel douanier (ProDouane.gouv.fr)<\/a><\/h4><div class=\"entry-summary\">Le RITA (R\u00e9f\u00e9rentiel Int\u00e9gr\u00e9 du Tarif Automatis\u00e9), mis \u00e0 jour en permanence par les Douanes fran\u00e7aises, offre une version d\u00e9mat\u00e9rialis\u00e9e ergonomique du tarif douanier europ\u00e9en.\u00a0<\/div><\/div><\/article><!-- .hentry --><\/div><div data-id=\"id-58355\" class=\"lae-grid-item lae-portfolio-item  term-445\"><article id=\"post-58355\" class=\"post-58355 outils type-outils status-publish has-post-thumbnail hentry cibles-douane badge-codes-douaniers fenetre-externe\"><div class=\"lae-project-image\"><a href=\"https:\/\/www.mathezfreight.com\/fr\/pratique\/outils\/eur-lex\/\"\u030c\u030c><img width=\"274\" height=\"183\" src=\"https:\/\/www.mathezfreight.com\/wp-content\/uploads\/smartmockups-eurlex-274x183.png\" class=\"lae-image skip-lazy no-lazyload exclude-me a3-notlazy attachment-mti-small-classic size-mti-small-classic\" alt=\"Nomenclature douani\u00e8re europ\u00e9enne &#8211; EUR LEX\" title=\"Nomenclature douani\u00e8re europ\u00e9enne - EUR LEX\" data-no-lazy=\"1\" loading=\"eager\" decoding=\"sync\" srcset=\"https:\/\/www.mathezfreight.com\/wp-content\/uploads\/smartmockups-eurlex-274x183.png 274w, https:\/\/www.mathezfreight.com\/wp-content\/uploads\/smartmockups-eurlex-375x250.png 375w, https:\/\/www.mathezfreight.com\/wp-content\/uploads\/smartmockups-eurlex-1200x800.png 1200w\" sizes=\"(max-width: 274px) 100vw, 274px\" \/><\/a><div class=\"lae-image-info\"><div class=\"lae-entry-info\"><div class=\"lae-post-title\"><a href=\"https:\/\/www.mathezfreight.com\/fr\/pratique\/outils\/eur-lex\/\" title=\"EUR-Lex &#8211; Nomenclature Combin\u00e9e\" rel=\"bookmark\">EUR-Lex &#8211; Nomenclature Combin\u00e9e<\/a><\/div><span class=\"lae-terms\"><a href=\"https:\/\/www.mathezfreight.com\/fr\/outils\/badge\/codes-douaniers\/\">Codes douaniers<\/a><\/span><\/div><\/div><!-- .lae-image-info --><\/div><div class=\"lae-entry-text-wrap \"><h4 class=\"entry-title\"><a href=\"https:\/\/www.mathezfreight.com\/fr\/pratique\/outils\/eur-lex\/\" title=\"EUR-Lex &#8211; Nomenclature Combin\u00e9e\" rel=\"bookmark\">EUR-Lex &#8211; Nomenclature Combin\u00e9e<\/a><\/h4><div class=\"entry-summary\">Texte de r\u00e9f\u00e9rence de la nomenclature douani\u00e8re europ\u00e9enne au 1er janvier de l'ann\u00e9e en cours (HTML\/PDF)<\/div><\/div><\/article><!-- .hentry --><\/div><div data-id=\"id-58304\" class=\"lae-grid-item lae-portfolio-item  term-445\"><article id=\"post-58304\" class=\"post-58304 outils type-outils status-publish has-post-thumbnail hentry cibles-douane cibles-import badge-codes-douaniers fenetre-externe\"><div class=\"lae-project-image\"><a href=\"https:\/\/www.mathezfreight.com\/fr\/pratique\/outils\/taric\/\"\u030c\u030c><img width=\"274\" height=\"183\" src=\"https:\/\/www.mathezfreight.com\/wp-content\/uploads\/smartmockups-taric-274x183.png\" class=\"lae-image skip-lazy no-lazyload exclude-me a3-notlazy attachment-mti-small-classic size-mti-small-classic\" alt=\"TARIC\" title=\"Le TARIC (Tarif Int\u00e9gr\u00e9 Communautaire) d\u00e9taille les mesures tarifaires et r\u00e9glementaires appliqu\u00e9es aux marchandises import\u00e9es ou export\u00e9es au sein de l\u2019Union europ\u00e9enne.\" data-no-lazy=\"1\" loading=\"eager\" decoding=\"sync\" srcset=\"https:\/\/www.mathezfreight.com\/wp-content\/uploads\/smartmockups-taric-274x183.png 274w, https:\/\/www.mathezfreight.com\/wp-content\/uploads\/smartmockups-taric-375x250.png 375w, https:\/\/www.mathezfreight.com\/wp-content\/uploads\/smartmockups-taric-1200x800.png 1200w\" sizes=\"(max-width: 274px) 100vw, 274px\" \/><\/a><div class=\"lae-image-info\"><div class=\"lae-entry-info\"><div class=\"lae-post-title\"><a href=\"https:\/\/www.mathezfreight.com\/fr\/pratique\/outils\/taric\/\" title=\"TARIC &#8211; Tarif douanier de l&rsquo;UE\" rel=\"bookmark\">TARIC &#8211; Tarif douanier de l&rsquo;UE<\/a><\/div><span class=\"lae-terms\"><a href=\"https:\/\/www.mathezfreight.com\/fr\/outils\/badge\/codes-douaniers\/\">Codes douaniers<\/a><\/span><\/div><\/div><!-- .lae-image-info --><\/div><div class=\"lae-entry-text-wrap \"><h4 class=\"entry-title\"><a href=\"https:\/\/www.mathezfreight.com\/fr\/pratique\/outils\/taric\/\" title=\"TARIC &#8211; Tarif douanier de l&rsquo;UE\" rel=\"bookmark\">TARIC &#8211; Tarif douanier de l&rsquo;UE<\/a><\/h4><div class=\"entry-summary\">Mis \u00e0 jour quotidiennement, le TARIC (Tarif Int\u00e9gr\u00e9 Communautaire) d\u00e9taille les mesures tarifaires et r\u00e9glementaires appliqu\u00e9es aux marchandises import\u00e9es ou export\u00e9es au sein de l\u2019Union europ\u00e9enne.<\/div><\/div><\/article><!-- .hentry --><\/div><div data-id=\"id-58308\" class=\"lae-grid-item lae-portfolio-item  term-445\"><article id=\"post-58308\" class=\"post-58308 outils type-outils status-publish has-post-thumbnail hentry cibles-douane badge-codes-douaniers fenetre-externe\"><div class=\"lae-project-image\"><a href=\"https:\/\/www.mathezfreight.com\/fr\/pratique\/outils\/hs-tracker\/\"\u030c\u030c><img width=\"274\" height=\"183\" src=\"https:\/\/www.mathezfreight.com\/wp-content\/uploads\/smartmockups-hstracker-274x183.png\" class=\"lae-image skip-lazy no-lazyload exclude-me a3-notlazy attachment-mti-small-classic size-mti-small-classic\" alt=\"HS Tracker\" title=\"Utilisez\u00a0HS TRACKER,\u00a0de l\u2019OMC et OMD, pour suivre l\u2019\u00e9volution de vos\u00a0codes SH depuis 1992.\" data-no-lazy=\"1\" loading=\"eager\" decoding=\"sync\" srcset=\"https:\/\/www.mathezfreight.com\/wp-content\/uploads\/smartmockups-hstracker-274x183.png 274w, https:\/\/www.mathezfreight.com\/wp-content\/uploads\/smartmockups-hstracker-375x250.png 375w, https:\/\/www.mathezfreight.com\/wp-content\/uploads\/smartmockups-hstracker-1200x800.png 1200w\" sizes=\"(max-width: 274px) 100vw, 274px\" \/><\/a><div class=\"lae-image-info\"><div class=\"lae-entry-info\"><div class=\"lae-post-title\"><a href=\"https:\/\/www.mathezfreight.com\/fr\/pratique\/outils\/hs-tracker\/\" title=\"HS Tracker (OMC\/OMD)\" rel=\"bookmark\">HS Tracker (OMC\/OMD)<\/a><\/div><span class=\"lae-terms\"><a href=\"https:\/\/www.mathezfreight.com\/fr\/outils\/badge\/codes-douaniers\/\">Codes douaniers<\/a><\/span><\/div><\/div><!-- .lae-image-info --><\/div><div class=\"lae-entry-text-wrap \"><h4 class=\"entry-title\"><a href=\"https:\/\/www.mathezfreight.com\/fr\/pratique\/outils\/hs-tracker\/\" title=\"HS Tracker (OMC\/OMD)\" rel=\"bookmark\">HS Tracker (OMC\/OMD)<\/a><\/h4><div class=\"entry-summary\">HS TRACKER est le r\u00e9f\u00e9rentiel mondial des codes SH de l\u2019Organisation Mondiale du Commerce et de l\u2019Organisation Mondiale des Douanes permettant de suivre l\u2019\u00e9volution des codes HS \u00e0 6 chiffres depuis 1992.<\/div><\/div><\/article><!-- .hentry --><\/div><\/div><!-- .lae-portfolio --><\/div><!-- .lae-portfolio-wrap -->\t\t\t\t<\/div>\n\t\t\t\t<\/div>\n\t\t\t\t\t<\/div>\n\t\t<\/div>\n\t\t\t\t\t<\/div>\n\t\t<\/section>\n\t\t\t\t<div class=\"elementor-element elementor-element-5c96992 mti-text elementor-widget elementor-widget-text-editor\" data-id=\"5c96992\" data-element_type=\"widget\" data-e-type=\"widget\" data-widget_type=\"text-editor.default\">\n\t\t\t\t<div class=\"elementor-widget-container\">\n\t\t\t\t\t\t\t\t\t<div id=\"mti-list\"><ol><li><div><h3>RITA: v\u00e9rifiez le code douanier de vos marchandises\u00a0 et suivez les actualit\u00e9s<\/h3><p>Mis \u00e0 jour en permanence par les Douanes fran\u00e7aises, le RITA (R\u00e9f\u00e9rentiel Int\u00e9gr\u00e9 du Tarif Automatis\u00e9) est le catalogue de r\u00e9f\u00e9rence du <b>tarif douanier communautaire et national<\/b>. Il rassemble les r\u00e9glementations concernant le classement tarifaire de la marchandise, les <b>droits et taxes applicables<\/b>, les documents d&rsquo;accompagnements requis, &#8230;<br \/>L&rsquo;encyclop\u00e9die RITA vous offre une <b>version d\u00e9mat\u00e9rialis\u00e9e<\/b> du tarif douanier, avec une <b>ergonomie de recherche<\/b> infiniment sup\u00e9rieure \u00e0 celle du texte officiel mis \u00e0 disposition sur EUR-lex!<\/p><ul><li><b>Utilisez\u00a0<a href=\"https:\/\/www.douane.gouv.fr\/service-en-ligne\/tarif-douanier-communautaire-et-national-rita\" target=\"_blank\" rel=\"noopener\">RITA<\/a> <\/b>pour d\u00e9terminer vos codes douaniers en allant sur <i><b>douane.gouv.fr<\/b>, RITA Encyclop\u00e9die<\/i>.<br \/><a title=\"D\u00e9terminer le code douanier avec RITA\" href=\"https:\/\/www.douane.gouv.fr\/service-en-ligne\/tarif-douanier-communautaire-et-national-rita\" target=\"_blank\" rel=\"noopener\"><img decoding=\"async\" style=\"margin: 30px 0px 5px 0px;\" src=\"https:\/\/www.mathezfreight.com\/wp-content\/uploads\/schema-rita-droits-de-douane.png\" \/><\/a><\/li><li>V\u00e9rifiez les <b>changements en cours<\/b> d&rsquo;ann\u00e9e sur <i>RITA &gt; bulle Actualit\u00e9s \u2013 Modifications de nomenclatures<\/i>. Attention, ces actualit\u00e9s ne sont disponibles que temporairement.<\/li><\/ul><\/div><\/li><li><div><h3>Eur-Lex: t\u00e9l\u00e9chargez le tarif douanier europ\u00e9en 2025 et v\u00e9rifiez les changements<\/h3><p>T\u00e9l\u00e9chargez le\u00a0<a href=\"https:\/\/eur-lex.europa.eu\/legal-content\/FR\/TXT\/PDF\/?uri=OJ:L_202501926\" target=\"_blank\" rel=\"noopener\"><b>Tarif douanier europ\u00e9en 2026 en PDF<\/b><\/a><a href=\"https:\/\/eur-lex.europa.eu\/legal-content\/FR\/TXT\/PDF\/?uri=OJ:L:2021:385:FULL&amp;from=FR\">\u00a0<\/a>en fran\u00e7ais,\u00a0<a href=\"https:\/\/eur-lex.europa.eu\/legal-content\/EN\/TXT\/PDF\/?uri=OJ:L_202501926\" target=\"_blank\" rel=\"noopener\">en anglais<\/a>\u00a0ou dans la\u00a0<a href=\"https:\/\/eur-lex.europa.eu\/legal-content\/EN\/TXT\/?uri=OJ%3AL_202501926\" target=\"_blank\" rel=\"noopener\"><b>langue de votre choix<\/b><\/a> sur le site EUR-Lex.<br \/><span style=\"color: var( --e-global-color-text );\">Pour <b>identifier les changements<\/b>,\u00a0recherchez (ctrl + f) les signes \u2605 ou \u25a0 dans la version PDF:<br \/><\/span>\u2605 d\u00e9signe les <b>nouveaux num\u00e9ros<\/b> de codes douaniers ;<br \/>\u25a0\u00a0d\u00e9signe les num\u00e9ros de code qui ont \u00e9t\u00e9 utilis\u00e9s l&rsquo;ann\u00e9e pr\u00e9c\u00e9dente, mais avec un <b>contenu diff\u00e9rent<\/b>.<\/p><\/div><\/li><li><div><h3>TARIC: v\u00e9rifiez les corr\u00e9lations et consultez le Tarif int\u00e9gr\u00e9 de l&rsquo;UE en ligne<\/h3><p>La Commission europ\u00e9enne tient \u00e0 jour la\u00a0<strong>base TARIC<\/strong><b>\u00a0<\/b>(Tarif int\u00e9gr\u00e9 de l&rsquo;Union europ\u00e9enne).<\/p><ul><li>Pour vous aider \u00e0 v\u00e9rifier si les codes douaniers utilis\u00e9s par votre entreprise changent entre 2023 et 2024, utilisez la <strong><a href=\"https:\/\/circabc.europa.eu\/ui\/group\/0e5f18c2-4b2f-42e9-aed4-dfe50ae1263b\/library\/a427b643-2271-4af9-a067-3d8662d3f259\/details\">table de corr\u00e9lation TARIC 2025\/2026<\/a> <\/strong>\u00a0(mis \u00e0 jour le 10\/1\/2025, excel, source CIRCABC).<\/li><li>Consultez la<b>\u00a0<\/b><a href=\"https:\/\/ec.europa.eu\/taxation_customs\/dds2\/taric\/taric_consultation.jsp\" target=\"_blank\" rel=\"noopener\"><b>base TARIC Europa<\/b><\/a>\u00a0en ligne sur le site EC Europa, actualis\u00e9e quotidiennement, et surveillez les\u00a0<b><a href=\"https:\/\/circabc.europa.eu\/ui\/group\/0e5f18c2-4b2f-42e9-aed4-dfe50ae1263b\" target=\"_blank\" rel=\"noopener\">actualit\u00e9s TARIC sur CIRCABC<\/a><\/b>.<br \/><b style=\"color: var( --e-global-color-text );\"><span style=\"color: #eb3014;\"><br \/>Pour m\u00e9moire:<\/span><\/b><ul><li>Les <strong>2 derniers chiffres<\/strong> (10 et 80) indiqu\u00e9s dans les colonnes \u00e0 la suite du code TARIC sont des \u201cindices\u201d et ne font pas partie du code TARIC lui-m\u00eame.<\/li><li>Les codes suivis par un <strong>indice 10<\/strong> sont des lignes \u201cinterm\u00e9diaires\u201d de la nomenclature, c\u2019est \u00e0 dire des \u201csous-titres\u201d de descriptions. Ces positions suivies par 10 ne sont donc pas des codes TARIC \u201cd\u00e9clarables\u201d.<\/li><li>Les codes suivis par <strong>l\u2019indice 80<\/strong> sont les codes TARIC \u201cd\u00e9clarables\u201d pour le d\u00e9douanement.<\/li><li>Voir feuillet 1 \u201c<strong>TO READ<\/strong>\u201d du tableau excel pour des explications compl\u00e9mentaires.<\/li><\/ul><\/li><\/ul><\/div><\/li><li><div><h3>Utilisez la nomenclature mondiale des codes HS de l&rsquo;Organisation mondiale des douanes (OMD)<\/h3><p>La <b>derni\u00e8re r\u00e9vision des codes HS<\/b> au niveau mondial a eu lieu en 2022.\u00a0<span style=\"color: var( --e-global-color-text );\">Le cycle de r\u00e9vision\u00a0 se fait normalement tous les 5 ans, mais pour cette prochaine \u00e9dition le cycle \u00e9t\u00e9 prolong\u00e9 d\u2019un an, portant ainsi la prochaine \u00e9dition \u00e0 2028. La prochaine \u00e9dition du <\/span><strong style=\"color: var( --e-global-color-text );\">Code Douanier \u00e0 6 chiffres<\/strong><span style=\"color: var( --e-global-color-text );\"> (SH6) entrera donc en vigueur le <b>1er\u00a0Janvier 2028<\/b>.\u00a0<\/span><\/p><p><strong>Utilisez <a href=\"https:\/\/hstracker.wto.org\/\" target=\"_blank\" rel=\"noopener\">HS TRACKER<\/a><\/strong> de l\u2019Organisation Mondiale du Commerce et de l\u2019Organisation Mondiale des Douanes pour suivre l\u2019\u00e9volution de vos <strong>HS codes de 1992 \u00e0 aujourd&rsquo;hui.<\/strong><\/p><\/div><\/li><\/ol><\/div>\t\t\t\t\t\t\t\t<\/div>\n\t\t\t\t<\/div>\n\t\t\t\t<section class=\"elementor-section elementor-inner-section elementor-element elementor-element-5b10635 mti-section-essentiel elementor-section-boxed elementor-section-height-default elementor-section-height-default default-style\" data-id=\"5b10635\" data-element_type=\"section\" data-e-type=\"section\" data-settings=\"{&quot;background_background&quot;:&quot;classic&quot;,&quot;rt_color_sets&quot;:&quot;default-style&quot;}\">\n\t\t\t\t\t\t<div class=\"elementor-container elementor-column-gap-default\">\n\t\t\t\t\t<div class=\"elementor-column elementor-col-100 elementor-inner-column elementor-element elementor-element-41025ed\" data-id=\"41025ed\" data-element_type=\"column\" data-e-type=\"column\">\n\t\t\t<div class=\"elementor-widget-wrap elementor-element-populated\">\n\t\t\t\t\t\t<div class=\"elementor-element elementor-element-39ceda4 elementor-widget__width-initial elementor-widget elementor-widget-text-editor\" data-id=\"39ceda4\" data-element_type=\"widget\" data-e-type=\"widget\" data-widget_type=\"text-editor.default\">\n\t\t\t\t<div class=\"elementor-widget-container\">\n\t\t\t\t\t\t\t\t\t<h3>Modifications envisag\u00e9es par l\u2019OMD \u00e0 l\u2019horizon 2028 (SH 2028)<\/h3><p>L\u2019Organisation mondiale des douanes (OMD) a engag\u00e9 la r\u00e9vision du <strong>Syst\u00e8me harmonis\u00e9 2028 (SH 2028)<\/strong>, dont l\u2019entr\u00e9e en vigueur est pr\u00e9vue au <strong>1er janvier 2028<\/strong>. Les amendements ont \u00e9t\u00e9 adopt\u00e9s \u00e0 titre provisoire et feront l\u2019objet d\u2019une publication officielle avant leur mise en application.<br \/>Parmi les <strong>orientations identifi\u00e9es<\/strong> :<\/p><ul><li><strong>Huiles usag\u00e9es contenant des PCB (2710.91)<\/strong> : r\u00e9flexion sur une classification plus fine afin d\u2019am\u00e9liorer le suivi des d\u00e9chets dangereux et le respect de la <strong>Convention de B\u00e2le<\/strong>.<\/li><li>Convention sur les armes chimiques (CAC) : recommandations visant une meilleure prise en compte des substances figurant aux tableaux 1 et 2 de l\u2019OIAC pour renforcer les contr\u00f4les douaniers.<\/li><li>Convention de Rotterdam : possible adaptation de certaines positions du <strong data-start=\"965\" data-end=\"997\">chapitre 29 (notamment 2903)<\/strong> afin de mieux identifier les produits chimiques soumis \u00e0 restrictions.<\/li><\/ul><p>Ces \u00e9l\u00e9ments constituent \u00e0 ce stade des <strong data-start=\"1110\" data-end=\"1156\">recommandations et orientations techniques<\/strong> de l\u2019OMD, dont l\u2019int\u00e9gration d\u00e9finitive dans le SH 2028 devra \u00eatre confirm\u00e9e lors de la publication officielle.<\/p>\t\t\t\t\t\t\t\t<\/div>\n\t\t\t\t<\/div>\n\t\t\t\t\t<\/div>\n\t\t<\/div>\n\t\t\t\t\t<\/div>\n\t\t<\/section>\n\t\t\t\t<div class=\"elementor-element elementor-element-d662743 elementor-widget elementor-widget-spacer\" data-id=\"d662743\" data-element_type=\"widget\" data-e-type=\"widget\" data-widget_type=\"spacer.default\">\n\t\t\t\t<div class=\"elementor-widget-container\">\n\t\t\t\t\t\t\t<div class=\"elementor-spacer\">\n\t\t\t<div class=\"elementor-spacer-inner\"><\/div>\n\t\t<\/div>\n\t\t\t\t\t\t<\/div>\n\t\t\t\t<\/div>\n\t\t\t\t<div class=\"elementor-element elementor-element-678beba elementor-widget elementor-widget-spacer\" data-id=\"678beba\" data-element_type=\"widget\" data-e-type=\"widget\" data-widget_type=\"spacer.default\">\n\t\t\t\t<div class=\"elementor-widget-container\">\n\t\t\t\t\t\t\t<div class=\"elementor-spacer\">\n\t\t\t<div class=\"elementor-spacer-inner\"><\/div>\n\t\t<\/div>\n\t\t\t\t\t\t<\/div>\n\t\t\t\t<\/div>\n\t\t\t\t\t<\/div>\n\t\t<\/div>\n\t\t\t\t\t<\/div>\n\t\t<\/div>\n\t\t\t\t<div class=\"elementor-section elementor-top-section elementor-element elementor-element-28a1121 elementor-section-boxed elementor-section-height-default elementor-section-height-default default-style elementor-invisible\" data-id=\"28a1121\" data-element_type=\"section\" data-e-type=\"section\" id=\"mti-beau-gosse\" data-settings=\"{&quot;animation&quot;:&quot;fadeIn&quot;,&quot;rt_color_sets&quot;:&quot;default-style&quot;}\">\n\t\t\t\t\t\t<div class=\"elementor-container elementor-column-gap-default\">\n\t\t\t\t\t<div class=\"elementor-column elementor-col-33 elementor-top-column elementor-element elementor-element-6dfa8e9\" data-id=\"6dfa8e9\" data-element_type=\"column\" data-e-type=\"column\">\n\t\t\t<div class=\"elementor-widget-wrap elementor-element-populated\">\n\t\t\t\t\t\t<div class=\"elementor-element elementor-element-7c47907 aligncenter elementor-hidden-phone elementor-widget elementor-widget-image\" data-id=\"7c47907\" data-element_type=\"widget\" data-e-type=\"widget\" data-widget_type=\"image.default\">\n\t\t\t\t<div class=\"elementor-widget-container\">\n\t\t\t\t\t\t\t\t\t\t\t\t\t\t\t<img decoding=\"async\" width=\"250\" height=\"375\" src=\"https:\/\/www.mathezfreight.com\/wp-content\/uploads\/photo-helene-plaquet-2020-1-250x375.png\" class=\"attachment-mti-medium-portrait size-mti-medium-portrait wp-image-46907\" alt=\"\" srcset=\"https:\/\/www.mathezfreight.com\/wp-content\/uploads\/photo-helene-plaquet-2020-1.png 250w, https:\/\/www.mathezfreight.com\/wp-content\/uploads\/photo-helene-plaquet-2020-1-125x187.png 125w\" sizes=\"(max-width: 250px) 100vw, 250px\" \/>\t\t\t\t\t\t\t\t\t\t\t\t\t\t\t<\/div>\n\t\t\t\t<\/div>\n\t\t\t\t\t<\/div>\n\t\t<\/div>\n\t\t\t\t<div class=\"elementor-column elementor-col-66 elementor-top-column elementor-element elementor-element-a3a9c56\" data-id=\"a3a9c56\" data-element_type=\"column\" data-e-type=\"column\">\n\t\t\t<div class=\"elementor-widget-wrap elementor-element-populated\">\n\t\t\t\t\t\t<div class=\"elementor-element elementor-element-54534d1 elementor-widget elementor-widget-text-editor\" data-id=\"54534d1\" data-element_type=\"widget\" data-e-type=\"widget\" data-widget_type=\"text-editor.default\">\n\t\t\t\t<div class=\"elementor-widget-container\">\n\t\t\t\t\t\t\t\t\t<blockquote><p><strong>Besoin d\u2019aide pour classifier vos produits?<\/strong>\u00a0Contactez nos <a href=\"https:\/\/www.mathezfreight.com\/fr\/services\/douane\/\">experts en douane<\/a> pour s\u00e9curiser vos op\u00e9rations. <a style=\"background-color: #f4f4f4;\" href=\"https:\/\/www.mathezfreight.com\/fr\/contact\/\">Contactez-nous.<\/a><\/p><div id=\"mti-beau-gosse-signature\"><span style=\"color: #00305b;\">H\u00e9l\u00e8ne Plaquet<\/span>,\u00a0MATHEZ FREIGHT<\/div><\/blockquote>\t\t\t\t\t\t\t\t<\/div>\n\t\t\t\t<\/div>\n\t\t\t\t\t<\/div>\n\t\t<\/div>\n\t\t\t\t\t<\/div>\n\t\t<\/div>\n\t\t\t\t<aside class=\"elementor-section elementor-top-section elementor-element elementor-element-2637aff mti-social-bar bottom elementor-section-boxed elementor-section-height-default elementor-section-height-default default-style elementor-invisible\" data-id=\"2637aff\" data-element_type=\"section\" data-e-type=\"section\" data-settings=\"{&quot;animation&quot;:&quot;fadeIn&quot;,&quot;rt_color_sets&quot;:&quot;default-style&quot;}\">\n\t\t\t\t\t\t<div class=\"elementor-container elementor-column-gap-default\">\n\t\t\t\t\t<div class=\"elementor-column elementor-col-100 elementor-top-column elementor-element elementor-element-7e2d51c\" data-id=\"7e2d51c\" data-element_type=\"column\" data-e-type=\"column\">\n\t\t\t<div class=\"elementor-widget-wrap elementor-element-populated\">\n\t\t\t\t\t\t<div class=\"elementor-element elementor-element-ec97e6d elementor-share-buttons--view-icon elementor-share-buttons--skin-flat elementor-share-buttons--shape-square elementor-grid-0 elementor-share-buttons--color-official elementor-invisible elementor-widget elementor-widget-share-buttons\" data-id=\"ec97e6d\" data-element_type=\"widget\" data-e-type=\"widget\" data-settings=\"{&quot;_animation&quot;:&quot;fadeInLeft&quot;}\" data-widget_type=\"share-buttons.default\">\n\t\t\t\t<div class=\"elementor-widget-container\">\n\t\t\t\t\t\t\t<div class=\"elementor-grid\" role=\"list\">\n\t\t\t\t\t\t\t\t<div class=\"elementor-grid-item\" role=\"listitem\">\n\t\t\t\t\t\t<div class=\"elementor-share-btn elementor-share-btn_email\" role=\"button\" tabindex=\"0\" aria-label=\"Partager sur email\">\n\t\t\t\t\t\t\t\t\t\t\t\t\t\t\t<span class=\"elementor-share-btn__icon\">\n\t\t\t\t\t\t\t\t<i class=\"fas fa-envelope\" aria-hidden=\"true\"><\/i>\t\t\t\t\t\t\t<\/span>\n\t\t\t\t\t\t\t\t\t\t\t\t\t\t\t\t\t\t\t\t<\/div>\n\t\t\t\t\t<\/div>\n\t\t\t\t\t\t\t\t\t<div class=\"elementor-grid-item\" role=\"listitem\">\n\t\t\t\t\t\t<div class=\"elementor-share-btn elementor-share-btn_linkedin\" role=\"button\" tabindex=\"0\" aria-label=\"Partager sur linkedin\">\n\t\t\t\t\t\t\t\t\t\t\t\t\t\t\t<span class=\"elementor-share-btn__icon\">\n\t\t\t\t\t\t\t\t<i class=\"fab fa-linkedin\" aria-hidden=\"true\"><\/i>\t\t\t\t\t\t\t<\/span>\n\t\t\t\t\t\t\t\t\t\t\t\t\t\t\t\t\t\t\t\t<\/div>\n\t\t\t\t\t<\/div>\n\t\t\t\t\t\t\t\t\t<div class=\"elementor-grid-item\" role=\"listitem\">\n\t\t\t\t\t\t<div class=\"elementor-share-btn elementor-share-btn_twitter\" role=\"button\" tabindex=\"0\" aria-label=\"Partager sur twitter\">\n\t\t\t\t\t\t\t\t\t\t\t\t\t\t\t<span class=\"elementor-share-btn__icon\">\n\t\t\t\t\t\t\t\t<i class=\"fab fa-twitter\" aria-hidden=\"true\"><\/i>\t\t\t\t\t\t\t<\/span>\n\t\t\t\t\t\t\t\t\t\t\t\t\t\t\t\t\t\t\t\t<\/div>\n\t\t\t\t\t<\/div>\n\t\t\t\t\t\t\t\t\t<div class=\"elementor-grid-item\" role=\"listitem\">\n\t\t\t\t\t\t<div class=\"elementor-share-btn elementor-share-btn_facebook\" role=\"button\" tabindex=\"0\" aria-label=\"Partager sur facebook\">\n\t\t\t\t\t\t\t\t\t\t\t\t\t\t\t<span class=\"elementor-share-btn__icon\">\n\t\t\t\t\t\t\t\t<i class=\"fab fa-facebook\" aria-hidden=\"true\"><\/i>\t\t\t\t\t\t\t<\/span>\n\t\t\t\t\t\t\t\t\t\t\t\t\t\t\t\t\t\t\t\t<\/div>\n\t\t\t\t\t<\/div>\n\t\t\t\t\t\t\t\t\t<div class=\"elementor-grid-item\" role=\"listitem\">\n\t\t\t\t\t\t<div class=\"elementor-share-btn elementor-share-btn_print\" role=\"button\" tabindex=\"0\" aria-label=\"Partager sur print\">\n\t\t\t\t\t\t\t\t\t\t\t\t\t\t\t<span class=\"elementor-share-btn__icon\">\n\t\t\t\t\t\t\t\t<i class=\"fas fa-print\" aria-hidden=\"true\"><\/i>\t\t\t\t\t\t\t<\/span>\n\t\t\t\t\t\t\t\t\t\t\t\t\t\t\t\t\t\t\t\t<\/div>\n\t\t\t\t\t<\/div>\n\t\t\t\t\t\t<\/div>\n\t\t\t\t\t\t<\/div>\n\t\t\t\t<\/div>\n\t\t\t\t\t<\/div>\n\t\t<\/div>\n\t\t\t\t\t<\/div>\n\t\t<\/aside>\n\t\t\t\t<aside class=\"elementor-section elementor-top-section elementor-element elementor-element-030b571 mti-blog-grid single-post-bottom elementor-section-boxed elementor-section-height-default elementor-section-height-default default-style elementor-invisible\" data-id=\"030b571\" data-element_type=\"section\" data-e-type=\"section\" id=\"mti-blog-grid\" data-settings=\"{&quot;animation&quot;:&quot;fadeIn&quot;,&quot;rt_color_sets&quot;:&quot;default-style&quot;}\">\n\t\t\t\t\t\t<div class=\"elementor-container elementor-column-gap-default\">\n\t\t\t\t\t<div class=\"elementor-column elementor-col-100 elementor-top-column elementor-element elementor-element-dbe2e0f\" data-id=\"dbe2e0f\" data-element_type=\"column\" data-e-type=\"column\">\n\t\t\t<div class=\"elementor-widget-wrap elementor-element-populated\">\n\t\t\t\t\t\t<div class=\"elementor-element elementor-element-9e78f33 elementor-widget elementor-widget-heading\" data-id=\"9e78f33\" data-element_type=\"widget\" data-e-type=\"widget\" data-widget_type=\"heading.default\">\n\t\t\t\t<div class=\"elementor-widget-container\">\n\t\t\t\t\t<h3 class=\"elementor-heading-title elementor-size-default\">A lire aussi:<\/h3>\t\t\t\t<\/div>\n\t\t\t\t<\/div>\n\t\t\t\t<div class=\"elementor-element elementor-element-36baec8 elementor-widget elementor-widget-lae-posts-carousel\" data-id=\"36baec8\" data-element_type=\"widget\" data-e-type=\"widget\" data-widget_type=\"lae-posts-carousel.default\">\n\t\t\t\t<div class=\"elementor-widget-container\">\n\t\t\t\t\t\n<div        id=\"lae-posts-carousel-69f3868d401ad\"\n        class=\"lae-posts-carousel lae-container lae-classic-skin\"\n        data-settings='{&quot;arrows&quot;:false,&quot;dots&quot;:true,&quot;autoplay&quot;:false,&quot;autoplay_speed&quot;:3000,&quot;animation_speed&quot;:300,&quot;pause_on_hover&quot;:true,&quot;adaptive_height&quot;:false,&quot;display_columns&quot;:4,&quot;scroll_columns&quot;:3,&quot;gutter&quot;:10,&quot;tablet_width&quot;:800,&quot;tablet_display_columns&quot;:2,&quot;tablet_scroll_columns&quot;:2,&quot;tablet_gutter&quot;:10,&quot;mobile_width&quot;:480,&quot;mobile_display_columns&quot;:1,&quot;mobile_scroll_columns&quot;:1,&quot;mobile_gutter&quot;:10}'>\n<div data-id=\"id-67572\" class=\"lae-posts-carousel-item\">\n\n    <article id=\"post-67572\" class=\"post-67572 post type-post status-publish format-standard has-post-thumbnail hentry category-fret-mode-demploi tag-douane tag-transport-voitures tag-tva cibles-une cibles-agences-sud cibles-douane cibles-tva cibles-voitures\">\n\n        \n            \n            \n            \n                <div class=\"lae-project-image\">\n\n                    \n                    \n                    \n                        <a href=\"https:\/\/www.mathezfreight.com\/fr\/blog\/auto-export-ferry-douane-tva-maghreb\/\"><img decoding=\"async\" width=\"375\" height=\"250\" src=\"https:\/\/www.mathezfreight.com\/wp-content\/uploads\/photo-car-ferry-maghreb-375x250.jpg\" class=\"lae-image attachment-mti-medium-classic size-mti-medium-classic\" alt=\"photo-car-ferry-maghreb\" title=\"Export de voitures vers le Maghreb\" srcset=\"https:\/\/www.mathezfreight.com\/wp-content\/uploads\/photo-car-ferry-maghreb-375x250.jpg 375w, https:\/\/www.mathezfreight.com\/wp-content\/uploads\/photo-car-ferry-maghreb-600x400.jpg 600w, https:\/\/www.mathezfreight.com\/wp-content\/uploads\/photo-car-ferry-maghreb-1100x733.jpg 1100w, https:\/\/www.mathezfreight.com\/wp-content\/uploads\/photo-car-ferry-maghreb-768x512.jpg 768w, https:\/\/www.mathezfreight.com\/wp-content\/uploads\/photo-car-ferry-maghreb-274x183.jpg 274w, https:\/\/www.mathezfreight.com\/wp-content\/uploads\/photo-car-ferry-maghreb-1200x800.jpg 1200w, https:\/\/www.mathezfreight.com\/wp-content\/uploads\/photo-car-ferry-maghreb-610x406.jpg 610w, https:\/\/www.mathezfreight.com\/wp-content\/uploads\/photo-car-ferry-maghreb.jpg 1220w\" sizes=\"(max-width: 375px) 100vw, 375px\" \/><\/a>\n\n                    \n                    \n                        <div class=\"lae-image-info\">\n\n                            <div class=\"lae-entry-info\">\n\n                                \n                                    <h3 class=\"lae-post-title\">\n\n                                        <a href=\"https:\/\/www.mathezfreight.com\/fr\/blog\/auto-export-ferry-douane-tva-maghreb\/\" title=\"Export de voitures vers Alg\u00e9rie, Maroc ou Tunisie: pourquoi passer par un transitaire en douane en 2026\"\n                                           rel=\"bookmark\">Export de voitures vers Alg\u00e9rie, Maroc ou Tunisie: pourquoi passer par un transitaire en douane en 2026<\/a>\n\n                                    <\/h3>\n\n                                \n                                \n                                    <span class=\"lae-terms\"><a href=\"https:\/\/www.mathezfreight.com\/fr\/blog\/categorie\/fret-mode-demploi\/\">Fret Mode d'Emploi<\/a><\/span>\n                                \n                            <\/div>\n\n                        <\/div><!-- .lae-image-info -->\n\n                    \n                <\/div>\n\n            \n            \n                <div class=\"lae-entry-text-wrap \">\n\n                    \n                        <h3 class=\"entry-title\">\n\n                            <a href=\"https:\/\/www.mathezfreight.com\/fr\/blog\/auto-export-ferry-douane-tva-maghreb\/\" title=\"Export de voitures vers Alg\u00e9rie, Maroc ou Tunisie: pourquoi passer par un transitaire en douane en 2026\"\n                               rel=\"bookmark\">Export de voitures vers Alg\u00e9rie, Maroc ou Tunisie: pourquoi passer par un transitaire en douane en 2026<\/a>\n\n                        <\/h3>\n\n                    \n                    \n                    \n                    \n                <\/div>\n\n            \n        \n    <\/article><!-- .hentry -->\n\n<\/div><!-- .lae-posts-carousel-item -->\n<div data-id=\"id-67142\" class=\"lae-posts-carousel-item\">\n\n    <article id=\"post-67142\" class=\"post-67142 post type-post status-publish format-standard has-post-thumbnail hentry category-fret-mode-demploi tag-douane tag-tva cibles-une cibles-agences-sud cibles-douane cibles-congres cibles-tva\">\n\n        \n            \n            \n            \n                <div class=\"lae-project-image\">\n\n                    \n                    \n                    \n                        <a href=\"https:\/\/www.mathezfreight.com\/fr\/blog\/suspension-douane-tva-salons-congres\/\"><img decoding=\"async\" width=\"375\" height=\"250\" src=\"https:\/\/www.mathezfreight.com\/wp-content\/uploads\/photo-onsite-salons-congres-375x250.jpg\" class=\"lae-image attachment-mti-medium-classic size-mti-medium-classic\" alt=\"Salons et congr\u00e8s : douane et TVA\" title=\"Salons et congr\u00e8s : douane et TVA\" srcset=\"https:\/\/www.mathezfreight.com\/wp-content\/uploads\/photo-onsite-salons-congres-375x250.jpg 375w, https:\/\/www.mathezfreight.com\/wp-content\/uploads\/photo-onsite-salons-congres-600x400.jpg 600w, https:\/\/www.mathezfreight.com\/wp-content\/uploads\/photo-onsite-salons-congres-1100x733.jpg 1100w, https:\/\/www.mathezfreight.com\/wp-content\/uploads\/photo-onsite-salons-congres-768x512.jpg 768w, https:\/\/www.mathezfreight.com\/wp-content\/uploads\/photo-onsite-salons-congres-274x183.jpg 274w, https:\/\/www.mathezfreight.com\/wp-content\/uploads\/photo-onsite-salons-congres-1200x800.jpg 1200w, https:\/\/www.mathezfreight.com\/wp-content\/uploads\/photo-onsite-salons-congres-610x406.jpg 610w, https:\/\/www.mathezfreight.com\/wp-content\/uploads\/photo-onsite-salons-congres.jpg 1220w\" sizes=\"(max-width: 375px) 100vw, 375px\" \/><\/a>\n\n                    \n                    \n                        <div class=\"lae-image-info\">\n\n                            <div class=\"lae-entry-info\">\n\n                                \n                                    <h3 class=\"lae-post-title\">\n\n                                        <a href=\"https:\/\/www.mathezfreight.com\/fr\/blog\/suspension-douane-tva-salons-congres\/\" title=\"Suspension de droits de douane et TVA sur les salons et congr\u00e8s: comment \u00e7a marche?\"\n                                           rel=\"bookmark\">Suspension de droits de douane et TVA sur les salons et congr\u00e8s: comment \u00e7a marche?<\/a>\n\n                                    <\/h3>\n\n                                \n                                \n                                    <span class=\"lae-terms\"><a href=\"https:\/\/www.mathezfreight.com\/fr\/blog\/categorie\/fret-mode-demploi\/\">Fret Mode d'Emploi<\/a><\/span>\n                                \n                            <\/div>\n\n                        <\/div><!-- .lae-image-info -->\n\n                    \n                <\/div>\n\n            \n            \n                <div class=\"lae-entry-text-wrap \">\n\n                    \n                        <h3 class=\"entry-title\">\n\n                            <a href=\"https:\/\/www.mathezfreight.com\/fr\/blog\/suspension-douane-tva-salons-congres\/\" title=\"Suspension de droits de douane et TVA sur les salons et congr\u00e8s: comment \u00e7a marche?\"\n                               rel=\"bookmark\">Suspension de droits de douane et TVA sur les salons et congr\u00e8s: comment \u00e7a marche?<\/a>\n\n                        <\/h3>\n\n                    \n                    \n                    \n                    \n                <\/div>\n\n            \n        \n    <\/article><!-- .hentry -->\n\n<\/div><!-- .lae-posts-carousel-item -->\n<div data-id=\"id-66861\" class=\"lae-posts-carousel-item\">\n\n    <article id=\"post-66861\" class=\"post-66861 post type-post status-publish format-standard has-post-thumbnail hentry category-fret-mode-demploi tag-douane tag-tva cibles-une cibles-agences-sud cibles-douane cibles-import cibles-congres cibles-tva cibles-yachts\">\n\n        \n            \n            \n            \n                <div class=\"lae-project-image\">\n\n                    \n                    \n                    \n                        <a href=\"https:\/\/www.mathezfreight.com\/fr\/blog\/douane-cannes-monaco-boat-shows\/\"><img decoding=\"async\" width=\"375\" height=\"250\" src=\"https:\/\/www.mathezfreight.com\/wp-content\/uploads\/photo-cannes-monaco-boat-shows-douane-375x250.jpg\" class=\"lae-image attachment-mti-medium-classic size-mti-medium-classic\" alt=\"photo-cannes-monaco-boat-shows-douane\" title=\"Yacht de luxe naviguant en mer M\u00e9diterran\u00e9e, conformit\u00e9 douani\u00e8re assur\u00e9e.\" srcset=\"https:\/\/www.mathezfreight.com\/wp-content\/uploads\/photo-cannes-monaco-boat-shows-douane-375x250.jpg 375w, https:\/\/www.mathezfreight.com\/wp-content\/uploads\/photo-cannes-monaco-boat-shows-douane-600x400.jpg 600w, https:\/\/www.mathezfreight.com\/wp-content\/uploads\/photo-cannes-monaco-boat-shows-douane-1100x733.jpg 1100w, https:\/\/www.mathezfreight.com\/wp-content\/uploads\/photo-cannes-monaco-boat-shows-douane-768x512.jpg 768w, https:\/\/www.mathezfreight.com\/wp-content\/uploads\/photo-cannes-monaco-boat-shows-douane-274x183.jpg 274w, https:\/\/www.mathezfreight.com\/wp-content\/uploads\/photo-cannes-monaco-boat-shows-douane-1200x800.jpg 1200w, https:\/\/www.mathezfreight.com\/wp-content\/uploads\/photo-cannes-monaco-boat-shows-douane-610x406.jpg 610w, https:\/\/www.mathezfreight.com\/wp-content\/uploads\/photo-cannes-monaco-boat-shows-douane.jpg 1220w\" sizes=\"(max-width: 375px) 100vw, 375px\" \/><\/a>\n\n                    \n                    \n                        <div class=\"lae-image-info\">\n\n                            <div class=\"lae-entry-info\">\n\n                                \n                                    <h3 class=\"lae-post-title\">\n\n                                        <a href=\"https:\/\/www.mathezfreight.com\/fr\/blog\/douane-cannes-monaco-boat-shows\/\" title=\"Cannes et Monaco Boat Shows: la douane en toute conformit\u00e9\"\n                                           rel=\"bookmark\">Cannes et Monaco Boat Shows: la douane en toute conformit\u00e9<\/a>\n\n                                    <\/h3>\n\n                                \n                                \n                                    <span class=\"lae-terms\"><a href=\"https:\/\/www.mathezfreight.com\/fr\/blog\/categorie\/fret-mode-demploi\/\">Fret Mode d'Emploi<\/a><\/span>\n                                \n                            <\/div>\n\n                        <\/div><!-- .lae-image-info -->\n\n                    \n                <\/div>\n\n            \n            \n                <div class=\"lae-entry-text-wrap \">\n\n                    \n                        <h3 class=\"entry-title\">\n\n                            <a href=\"https:\/\/www.mathezfreight.com\/fr\/blog\/douane-cannes-monaco-boat-shows\/\" title=\"Cannes et Monaco Boat Shows: la douane en toute conformit\u00e9\"\n                               rel=\"bookmark\">Cannes et Monaco Boat Shows: la douane en toute conformit\u00e9<\/a>\n\n                        <\/h3>\n\n                    \n                    \n                    \n                    \n                <\/div>\n\n            \n        \n    <\/article><!-- .hentry -->\n\n<\/div><!-- .lae-posts-carousel-item -->\n<div data-id=\"id-63722\" class=\"lae-posts-carousel-item\">\n\n    <article id=\"post-63722\" class=\"post-63722 post type-post status-publish format-standard has-post-thumbnail hentry category-fret-mode-demploi category-operations tag-douane cibles-agences-nord cibles-douane cibles-maritime\">\n\n        \n            \n            \n            \n                <div class=\"lae-project-image\">\n\n                    \n                    \n                    \n                        <a href=\"https:\/\/www.mathezfreight.com\/fr\/blog\/delta-ie-import-transition-et-nouveautes\/\"><img decoding=\"async\" width=\"375\" height=\"250\" src=\"https:\/\/www.mathezfreight.com\/wp-content\/uploads\/photo-delta-ie-bascule-375x250.jpg\" class=\"lae-image attachment-mti-medium-classic size-mti-medium-classic\" alt=\"photo-delta-ie-bascule\" title=\"photo-delta-ie-bascule\" srcset=\"https:\/\/www.mathezfreight.com\/wp-content\/uploads\/photo-delta-ie-bascule-375x250.jpg 375w, https:\/\/www.mathezfreight.com\/wp-content\/uploads\/photo-delta-ie-bascule-274x183.jpg 274w\" sizes=\"(max-width: 375px) 100vw, 375px\" \/><\/a>\n\n                    \n                    \n                        <div class=\"lae-image-info\">\n\n                            <div class=\"lae-entry-info\">\n\n                                \n                                    <h3 class=\"lae-post-title\">\n\n                                        <a href=\"https:\/\/www.mathezfreight.com\/fr\/blog\/delta-ie-import-transition-et-nouveautes\/\" title=\"Delta IE Import: transition et nouveaut\u00e9s\"\n                                           rel=\"bookmark\">Delta IE Import: transition et nouveaut\u00e9s<\/a>\n\n                                    <\/h3>\n\n                                \n                                \n                                    <span class=\"lae-terms\"><a href=\"https:\/\/www.mathezfreight.com\/fr\/blog\/categorie\/fret-mode-demploi\/\">Fret Mode d'Emploi<\/a>, <a href=\"https:\/\/www.mathezfreight.com\/fr\/blog\/categorie\/operations\/\">Op\u00e9rations<\/a><\/span>\n                                \n                            <\/div>\n\n                        <\/div><!-- .lae-image-info -->\n\n                    \n                <\/div>\n\n            \n            \n                <div class=\"lae-entry-text-wrap \">\n\n                    \n                        <h3 class=\"entry-title\">\n\n                            <a href=\"https:\/\/www.mathezfreight.com\/fr\/blog\/delta-ie-import-transition-et-nouveautes\/\" title=\"Delta IE Import: transition et nouveaut\u00e9s\"\n                               rel=\"bookmark\">Delta IE Import: transition et nouveaut\u00e9s<\/a>\n\n                        <\/h3>\n\n                    \n                    \n                    \n                    \n                <\/div>\n\n            \n        \n    <\/article><!-- .hentry -->\n\n<\/div><!-- .lae-posts-carousel-item -->\n<div data-id=\"id-65262\" class=\"lae-posts-carousel-item\">\n\n    <article id=\"post-65262\" class=\"post-65262 post type-post status-publish format-standard has-post-thumbnail hentry category-fret-mode-demploi tag-decarbonation tag-douane cibles-une cibles-agences-nord cibles-aromes cibles-douane cibles-import\">\n\n        \n            \n            \n            \n                <div class=\"lae-project-image\">\n\n                    \n                    \n                    \n                        <a href=\"https:\/\/www.mathezfreight.com\/fr\/blog\/rdue-deforestation-douane-2026-2027\/\"><img decoding=\"async\" width=\"375\" height=\"250\" src=\"https:\/\/www.mathezfreight.com\/wp-content\/uploads\/photo-forets-rdue-depositphotos_170188894_l-375x250.jpg\" class=\"lae-image attachment-mti-medium-classic size-mti-medium-classic\" alt=\"RDUE r\u00e9glement d\u00e9forestation UE\" title=\"RDUE r\u00e9glement d\u00e9forestation UE\" srcset=\"https:\/\/www.mathezfreight.com\/wp-content\/uploads\/photo-forets-rdue-depositphotos_170188894_l-375x250.jpg 375w, https:\/\/www.mathezfreight.com\/wp-content\/uploads\/photo-forets-rdue-depositphotos_170188894_l-600x400.jpg 600w, https:\/\/www.mathezfreight.com\/wp-content\/uploads\/photo-forets-rdue-depositphotos_170188894_l-1100x733.jpg 1100w, https:\/\/www.mathezfreight.com\/wp-content\/uploads\/photo-forets-rdue-depositphotos_170188894_l-768x512.jpg 768w, https:\/\/www.mathezfreight.com\/wp-content\/uploads\/photo-forets-rdue-depositphotos_170188894_l-274x183.jpg 274w, https:\/\/www.mathezfreight.com\/wp-content\/uploads\/photo-forets-rdue-depositphotos_170188894_l-1200x800.jpg 1200w, https:\/\/www.mathezfreight.com\/wp-content\/uploads\/photo-forets-rdue-depositphotos_170188894_l-610x406.jpg 610w, https:\/\/www.mathezfreight.com\/wp-content\/uploads\/photo-forets-rdue-depositphotos_170188894_l.jpg 1220w\" sizes=\"(max-width: 375px) 100vw, 375px\" \/><\/a>\n\n                    \n                    \n                        <div class=\"lae-image-info\">\n\n                            <div class=\"lae-entry-info\">\n\n                                \n                                    <h3 class=\"lae-post-title\">\n\n                                        <a href=\"https:\/\/www.mathezfreight.com\/fr\/blog\/rdue-deforestation-douane-2026-2027\/\" title=\"R\u00e9glement contre la d\u00e9forestation de l&rsquo;UE (RDUE): anticipez vos obligations douani\u00e8res 2026-2027\"\n                                           rel=\"bookmark\">R\u00e9glement contre la d\u00e9forestation de l&rsquo;UE (RDUE): anticipez vos obligations douani\u00e8res 2026-2027<\/a>\n\n                                    <\/h3>\n\n                                \n                                \n                                    <span class=\"lae-terms\"><a href=\"https:\/\/www.mathezfreight.com\/fr\/blog\/categorie\/fret-mode-demploi\/\">Fret Mode d'Emploi<\/a><\/span>\n                                \n                            <\/div>\n\n                        <\/div><!-- .lae-image-info -->\n\n                    \n                <\/div>\n\n            \n            \n                <div class=\"lae-entry-text-wrap \">\n\n                    \n                        <h3 class=\"entry-title\">\n\n                            <a href=\"https:\/\/www.mathezfreight.com\/fr\/blog\/rdue-deforestation-douane-2026-2027\/\" title=\"R\u00e9glement contre la d\u00e9forestation de l&rsquo;UE (RDUE): anticipez vos obligations douani\u00e8res 2026-2027\"\n                               rel=\"bookmark\">R\u00e9glement contre la d\u00e9forestation de l&rsquo;UE (RDUE): anticipez vos obligations douani\u00e8res 2026-2027<\/a>\n\n                        <\/h3>\n\n                    \n                    \n                    \n                    \n                <\/div>\n\n            \n        \n    <\/article><!-- .hentry -->\n\n<\/div><!-- .lae-posts-carousel-item -->\n<div data-id=\"id-35953\" class=\"lae-posts-carousel-item\">\n\n    <article id=\"post-35953\" class=\"post-35953 post type-post status-publish format-standard has-post-thumbnail hentry category-fret-mode-demploi tag-douane cibles-une cibles-agences-nord cibles-agences-sud cibles-douane cibles-import\">\n\n        \n            \n            \n            \n                <div class=\"lae-project-image\">\n\n                    \n                    \n                    \n                        <a href=\"https:\/\/www.mathezfreight.com\/fr\/blog\/codes-douaniers-tarif-douanier\/\"><img decoding=\"async\" width=\"375\" height=\"250\" src=\"https:\/\/www.mathezfreight.com\/wp-content\/uploads\/photo-code-douanier-2020-375x250.jpg\" class=\"lae-image attachment-mti-medium-classic size-mti-medium-classic\" alt=\"Code douanier : le trouver dans le Tarif douanier 2026\" title=\"Code douanier : le trouver dans le Tarif douanier 2026\" srcset=\"https:\/\/www.mathezfreight.com\/wp-content\/uploads\/photo-code-douanier-2020-375x250.jpg 375w, https:\/\/www.mathezfreight.com\/wp-content\/uploads\/photo-code-douanier-2020-274x183.jpg 274w, https:\/\/www.mathezfreight.com\/wp-content\/uploads\/photo-code-douanier-2020-1200x800.jpg 1200w\" sizes=\"(max-width: 375px) 100vw, 375px\" \/><\/a>\n\n                    \n                    \n                        <div class=\"lae-image-info\">\n\n                            <div class=\"lae-entry-info\">\n\n                                \n                                    <h3 class=\"lae-post-title\">\n\n                                        <a href=\"https:\/\/www.mathezfreight.com\/fr\/blog\/codes-douaniers-tarif-douanier\/\" title=\"Comment v\u00e9rifier vos codes et tarifs  douaniers en 2026?\"\n                                           rel=\"bookmark\">Comment v\u00e9rifier vos codes et tarifs  douaniers en 2026?<\/a>\n\n                                    <\/h3>\n\n                                \n                                \n                                    <span class=\"lae-terms\"><a href=\"https:\/\/www.mathezfreight.com\/fr\/blog\/categorie\/fret-mode-demploi\/\">Fret Mode d'Emploi<\/a><\/span>\n                                \n                            <\/div>\n\n                        <\/div><!-- .lae-image-info -->\n\n                    \n                <\/div>\n\n            \n            \n                <div class=\"lae-entry-text-wrap \">\n\n                    \n                        <h3 class=\"entry-title\">\n\n                            <a href=\"https:\/\/www.mathezfreight.com\/fr\/blog\/codes-douaniers-tarif-douanier\/\" title=\"Comment v\u00e9rifier vos codes et tarifs  douaniers en 2026?\"\n                               rel=\"bookmark\">Comment v\u00e9rifier vos codes et tarifs  douaniers en 2026?<\/a>\n\n                        <\/h3>\n\n                    \n                    \n                    \n                    \n                <\/div>\n\n            \n        \n    <\/article><!-- .hentry -->\n\n<\/div><!-- .lae-posts-carousel-item -->\n<div data-id=\"id-51490\" class=\"lae-posts-carousel-item\">\n\n    <article id=\"post-51490\" class=\"post-51490 post type-post status-publish format-standard has-post-thumbnail hentry category-fret-mode-demploi tag-douane tag-international cibles-une cibles-agences-nord cibles-douane cibles-import\">\n\n        \n            \n            \n            \n                <div class=\"lae-project-image\">\n\n                    \n                    \n                    \n                        <a href=\"https:\/\/www.mathezfreight.com\/fr\/blog\/numeros-eori-ce-qui-change-en-2024-et-2026-en-france\/\"><img decoding=\"async\" width=\"375\" height=\"250\" src=\"https:\/\/www.mathezfreight.com\/wp-content\/uploads\/photo-eori-france-2024-2026-375x250.png\" class=\"lae-image attachment-mti-medium-classic size-mti-medium-classic\" alt=\"photo-eori-france-2024-2026\" title=\"Num\u00e9ros EORI: les changements 2024-2026\" srcset=\"https:\/\/www.mathezfreight.com\/wp-content\/uploads\/photo-eori-france-2024-2026-375x250.png 375w, https:\/\/www.mathezfreight.com\/wp-content\/uploads\/photo-eori-france-2024-2026-274x183.png 274w, https:\/\/www.mathezfreight.com\/wp-content\/uploads\/photo-eori-france-2024-2026-1200x800.png 1200w, https:\/\/www.mathezfreight.com\/wp-content\/uploads\/photo-eori-france-2024-2026-25x16.png 25w, https:\/\/www.mathezfreight.com\/wp-content\/uploads\/photo-eori-france-2024-2026-68x45.png 68w\" sizes=\"(max-width: 375px) 100vw, 375px\" \/><\/a>\n\n                    \n                    \n                        <div class=\"lae-image-info\">\n\n                            <div class=\"lae-entry-info\">\n\n                                \n                                    <h3 class=\"lae-post-title\">\n\n                                        <a href=\"https:\/\/www.mathezfreight.com\/fr\/blog\/numeros-eori-ce-qui-change-en-2024-et-2026-en-france\/\" title=\"Num\u00e9ros EORI: ce qui change en 2026\"\n                                           rel=\"bookmark\">Num\u00e9ros EORI: ce qui change en 2026<\/a>\n\n                                    <\/h3>\n\n                                \n                                \n                                    <span class=\"lae-terms\"><a href=\"https:\/\/www.mathezfreight.com\/fr\/blog\/categorie\/fret-mode-demploi\/\">Fret Mode d'Emploi<\/a><\/span>\n                                \n                            <\/div>\n\n                        <\/div><!-- .lae-image-info -->\n\n                    \n                <\/div>\n\n            \n            \n                <div class=\"lae-entry-text-wrap \">\n\n                    \n                        <h3 class=\"entry-title\">\n\n                            <a href=\"https:\/\/www.mathezfreight.com\/fr\/blog\/numeros-eori-ce-qui-change-en-2024-et-2026-en-france\/\" title=\"Num\u00e9ros EORI: ce qui change en 2026\"\n                               rel=\"bookmark\">Num\u00e9ros EORI: ce qui change en 2026<\/a>\n\n                        <\/h3>\n\n                    \n                    \n                    \n                    \n                <\/div>\n\n            \n        \n    <\/article><!-- .hentry -->\n\n<\/div><!-- .lae-posts-carousel-item -->\n<div data-id=\"id-64563\" class=\"lae-posts-carousel-item\">\n\n    <article id=\"post-64563\" class=\"post-64563 post type-post status-publish format-standard has-post-thumbnail hentry category-fret-mode-demploi tag-douane tag-yachting cibles-une cibles-agences-sud cibles-douane cibles-yachts\">\n\n        \n            \n            \n            \n                <div class=\"lae-project-image\">\n\n                    \n                    \n                    \n                        <a href=\"https:\/\/www.mathezfreight.com\/fr\/blog\/admission-temporaire-yachting\/\"><img decoding=\"async\" width=\"375\" height=\"250\" src=\"https:\/\/www.mathezfreight.com\/wp-content\/uploads\/photo_yachts_depositphotos_91479904_l-375x250.jpg\" class=\"lae-image attachment-mti-medium-classic size-mti-medium-classic\" alt=\"Admission temporaire 18 mois yachting\" title=\"Admission temporaire 18 mois yachting\" srcset=\"https:\/\/www.mathezfreight.com\/wp-content\/uploads\/photo_yachts_depositphotos_91479904_l-375x250.jpg 375w, https:\/\/www.mathezfreight.com\/wp-content\/uploads\/photo_yachts_depositphotos_91479904_l-274x183.jpg 274w\" sizes=\"(max-width: 375px) 100vw, 375px\" \/><\/a>\n\n                    \n                    \n                        <div class=\"lae-image-info\">\n\n                            <div class=\"lae-entry-info\">\n\n                                \n                                    <h3 class=\"lae-post-title\">\n\n                                        <a href=\"https:\/\/www.mathezfreight.com\/fr\/blog\/admission-temporaire-yachting\/\" title=\"Admission Temporaire 18 mois pour yachts: naviguer en Europe sans import ni TVA\"\n                                           rel=\"bookmark\">Admission Temporaire 18 mois pour yachts: naviguer en Europe sans import ni TVA<\/a>\n\n                                    <\/h3>\n\n                                \n                                \n                                    <span class=\"lae-terms\"><a href=\"https:\/\/www.mathezfreight.com\/fr\/blog\/categorie\/fret-mode-demploi\/\">Fret Mode d'Emploi<\/a><\/span>\n                                \n                            <\/div>\n\n                        <\/div><!-- .lae-image-info -->\n\n                    \n                <\/div>\n\n            \n            \n                <div class=\"lae-entry-text-wrap \">\n\n                    \n                        <h3 class=\"entry-title\">\n\n                            <a href=\"https:\/\/www.mathezfreight.com\/fr\/blog\/admission-temporaire-yachting\/\" title=\"Admission Temporaire 18 mois pour yachts: naviguer en Europe sans import ni TVA\"\n                               rel=\"bookmark\">Admission Temporaire 18 mois pour yachts: naviguer en Europe sans import ni TVA<\/a>\n\n                        <\/h3>\n\n                    \n                    \n                    \n                    \n                <\/div>\n\n            \n        \n    <\/article><!-- .hentry -->\n\n<\/div><!-- .lae-posts-carousel-item -->\n<div data-id=\"id-64104\" class=\"lae-posts-carousel-item\">\n\n    <article id=\"post-64104\" class=\"post-64104 post type-post status-publish format-standard has-post-thumbnail hentry category-fret-mode-demploi category-operations tag-decarbonation tag-douane cibles-une cibles-aerien cibles-agences cibles-agences-sud cibles-aromes cibles-import\">\n\n        \n            \n            \n            \n                <div class=\"lae-project-image\">\n\n                    \n                    \n                    \n                        <a href=\"https:\/\/www.mathezfreight.com\/fr\/blog\/aromes-cosmetiques-controle-bio-nice\/\"><img decoding=\"async\" width=\"375\" height=\"250\" src=\"https:\/\/www.mathezfreight.com\/wp-content\/uploads\/photo_epices_bio_nice_depositphotos_610477372_l-375x250.jpg\" class=\"lae-image attachment-mti-medium-classic size-mti-medium-classic\" alt=\"Import d&rsquo;ingr\u00e9dients aromatiques et cosm\u00e9tiques Bio \u00e0 Nice\" title=\"Import d&#039;ingr\u00e9dients aromatiques et cosm\u00e9tiques Bio \u00e0 Nice\" srcset=\"https:\/\/www.mathezfreight.com\/wp-content\/uploads\/photo_epices_bio_nice_depositphotos_610477372_l-375x250.jpg 375w, https:\/\/www.mathezfreight.com\/wp-content\/uploads\/photo_epices_bio_nice_depositphotos_610477372_l-274x183.jpg 274w\" sizes=\"(max-width: 375px) 100vw, 375px\" \/><\/a>\n\n                    \n                    \n                        <div class=\"lae-image-info\">\n\n                            <div class=\"lae-entry-info\">\n\n                                \n                                    <h3 class=\"lae-post-title\">\n\n                                        <a href=\"https:\/\/www.mathezfreight.com\/fr\/blog\/aromes-cosmetiques-controle-bio-nice\/\" title=\"Les industries ar\u00f4mes et cosm\u00e9tique ont leur contr\u00f4le bio \u00e0 Nice\"\n                                           rel=\"bookmark\">Les industries ar\u00f4mes et cosm\u00e9tique ont leur contr\u00f4le bio \u00e0 Nice<\/a>\n\n                                    <\/h3>\n\n                                \n                                \n                                    <span class=\"lae-terms\"><a href=\"https:\/\/www.mathezfreight.com\/fr\/blog\/categorie\/fret-mode-demploi\/\">Fret Mode d'Emploi<\/a>, <a href=\"https:\/\/www.mathezfreight.com\/fr\/blog\/categorie\/operations\/\">Op\u00e9rations<\/a><\/span>\n                                \n                            <\/div>\n\n                        <\/div><!-- .lae-image-info -->\n\n                    \n                <\/div>\n\n            \n            \n                <div class=\"lae-entry-text-wrap \">\n\n                    \n                        <h3 class=\"entry-title\">\n\n                            <a href=\"https:\/\/www.mathezfreight.com\/fr\/blog\/aromes-cosmetiques-controle-bio-nice\/\" title=\"Les industries ar\u00f4mes et cosm\u00e9tique ont leur contr\u00f4le bio \u00e0 Nice\"\n                               rel=\"bookmark\">Les industries ar\u00f4mes et cosm\u00e9tique ont leur contr\u00f4le bio \u00e0 Nice<\/a>\n\n                        <\/h3>\n\n                    \n                    \n                    \n                    \n                <\/div>\n\n            \n        \n    <\/article><!-- .hentry -->\n\n<\/div><!-- .lae-posts-carousel-item --><\/div><!-- .lae-posts-carousel -->\t\t\t\t<\/div>\n\t\t\t\t<\/div>\n\t\t\t\t\t<\/div>\n\t\t<\/div>\n\t\t\t\t\t<\/div>\n\t\t<\/aside>\n\t\t\t\t<section class=\"elementor-section elementor-top-section elementor-element elementor-element-7a5a601 elementor-section-boxed elementor-section-height-default elementor-section-height-default default-style\" data-id=\"7a5a601\" data-element_type=\"section\" data-e-type=\"section\" data-settings=\"{&quot;rt_color_sets&quot;:&quot;default-style&quot;}\">\n\t\t\t\t\t\t<div class=\"elementor-container elementor-column-gap-default\">\n\t\t\t\t\t<div class=\"elementor-column elementor-col-100 elementor-top-column elementor-element elementor-element-d918b31\" data-id=\"d918b31\" data-element_type=\"column\" data-e-type=\"column\">\n\t\t\t<div class=\"elementor-widget-wrap elementor-element-populated\">\n\t\t\t\t\t\t<section class=\"elementor-section elementor-inner-section elementor-element elementor-element-fbbfd87 mti-section-essentiel elementor-section-boxed elementor-section-height-default elementor-section-height-default default-style\" data-id=\"fbbfd87\" data-element_type=\"section\" data-e-type=\"section\" data-settings=\"{&quot;background_background&quot;:&quot;classic&quot;,&quot;rt_color_sets&quot;:&quot;default-style&quot;}\">\n\t\t\t\t\t\t<div class=\"elementor-container elementor-column-gap-default\">\n\t\t\t\t\t<div class=\"elementor-column elementor-col-100 elementor-inner-column elementor-element elementor-element-c526674\" data-id=\"c526674\" data-element_type=\"column\" data-e-type=\"column\">\n\t\t\t<div class=\"elementor-widget-wrap\">\n\t\t\t\t\t\t\t<\/div>\n\t\t<\/div>\n\t\t\t\t\t<\/div>\n\t\t<\/section>\n\t\t\t\t\t<\/div>\n\t\t<\/div>\n\t\t\t\t\t<\/div>\n\t\t<\/section>\n\t\t\t\t<\/div>\n\t\t","protected":false},"excerpt":{"rendered":"<p>Quelles nomenclatures ont chang\u00e9 avec le tarif douanier europ\u00e9en du 1er janvier 2026? V\u00e9rifiez les codes douaniers de vos marchandises. <\/p>\n","protected":false},"author":1,"featured_media":32329,"comment_status":"open","ping_status":"open","sticky":false,"template":"page-mti-a4.php","format":"standard","meta":{"iawp_total_views":4598,"footnotes":""},"categories":[87],"tags":[131],"cibles":[250,466,464,161,180],"class_list":["post-35953","post","type-post","status-publish","format-standard","has-post-thumbnail","hentry","category-fret-mode-demploi","tag-douane","cibles-une","cibles-agences-nord","cibles-agences-sud","cibles-douane","cibles-import"],"yoast_head":"<!-- This site is optimized with the Yoast SEO Premium plugin v27.4 (Yoast SEO v27.4) - https:\/\/yoast.com\/product\/yoast-seo-premium-wordpress\/ -->\n<title>Comment v\u00e9rifier vos codes et tarifs douaniers en 2026? - MATHEZ FREIGHT<\/title>\n<meta name=\"description\" content=\"Quelles nomenclatures ont chang\u00e9 avec le tarif douanier europ\u00e9en du 1er janvier 2026? V\u00e9rifiez les codes douaniers de vos marchandises.\" \/>\n<meta name=\"robots\" content=\"index, follow, max-snippet:-1, max-image-preview:large, max-video-preview:-1\" \/>\n<link rel=\"canonical\" href=\"https:\/\/www.mathezfreight.com\/fr\/blog\/codes-douaniers-tarif-douanier\/\" \/>\n<meta property=\"og:locale\" content=\"fr_FR\" \/>\n<meta property=\"og:type\" content=\"article\" \/>\n<meta property=\"og:title\" content=\"Codes et tarifs douaniers: comment v\u00e9rifier vos nomenclatures 2024\" \/>\n<meta property=\"og:description\" content=\"Quelles nomenclatures ont chang\u00e9 avec le tarif douanier europ\u00e9en du 1er janvier 2026? V\u00e9rifiez les codes douaniers de vos marchandises.\" \/>\n<meta property=\"og:url\" content=\"https:\/\/www.mathezfreight.com\/fr\/blog\/codes-douaniers-tarif-douanier\/\" \/>\n<meta property=\"og:site_name\" content=\"MATHEZ FREIGHT\" \/>\n<meta property=\"article:publisher\" content=\"https:\/\/www.facebook.com\/MathezFreight\/\" \/>\n<meta property=\"article:published_time\" content=\"2026-01-13T10:17:58+00:00\" \/>\n<meta property=\"article:modified_time\" content=\"2026-03-10T08:56:36+00:00\" \/>\n<meta property=\"og:image\" content=\"https:\/\/www.mathezfreight.com\/wp-content\/uploads\/photo-code-douanier-2020.jpg\" \/>\n\t<meta property=\"og:image:width\" content=\"1220\" \/>\n\t<meta property=\"og:image:height\" content=\"915\" \/>\n\t<meta property=\"og:image:type\" content=\"image\/jpeg\" \/>\n<meta name=\"author\" content=\"Agnes\" \/>\n<meta name=\"twitter:card\" content=\"summary_large_image\" \/>\n<meta name=\"twitter:title\" content=\"Comment v\u00e9rifier vos codes et tarifs douaniers en 2026?\" \/>\n<meta name=\"twitter:creator\" content=\"@MathezFreight\" \/>\n<meta name=\"twitter:site\" content=\"@MathezFreight\" \/>\n<meta name=\"twitter:label1\" content=\"\u00c9crit par\" \/>\n\t<meta name=\"twitter:data1\" content=\"Agnes\" \/>\n\t<meta name=\"twitter:label2\" content=\"Dur\u00e9e de lecture estim\u00e9e\" \/>\n\t<meta name=\"twitter:data2\" content=\"17 minutes\" \/>\n<script type=\"application\/ld+json\" class=\"yoast-schema-graph\">{\"@context\":\"https:\\\/\\\/schema.org\",\"@graph\":[{\"@type\":\"Article\",\"@id\":\"https:\\\/\\\/www.mathezfreight.com\\\/fr\\\/blog\\\/codes-douaniers-tarif-douanier\\\/#article\",\"isPartOf\":{\"@id\":\"https:\\\/\\\/www.mathezfreight.com\\\/fr\\\/blog\\\/codes-douaniers-tarif-douanier\\\/\"},\"author\":{\"name\":\"Agnes\",\"@id\":\"https:\\\/\\\/www.mathezfreight.com\\\/fr\\\/#\\\/schema\\\/person\\\/e3433d1aa11c0405311f7fbf4086fdf6\"},\"headline\":\"Comment v\u00e9rifier vos codes et tarifs douaniers en 2026?\",\"datePublished\":\"2026-01-13T10:17:58+00:00\",\"dateModified\":\"2026-03-10T08:56:36+00:00\",\"mainEntityOfPage\":{\"@id\":\"https:\\\/\\\/www.mathezfreight.com\\\/fr\\\/blog\\\/codes-douaniers-tarif-douanier\\\/\"},\"wordCount\":1858,\"commentCount\":0,\"publisher\":{\"@id\":\"https:\\\/\\\/www.mathezfreight.com\\\/fr\\\/#organization\"},\"image\":{\"@id\":\"https:\\\/\\\/www.mathezfreight.com\\\/fr\\\/blog\\\/codes-douaniers-tarif-douanier\\\/#primaryimage\"},\"thumbnailUrl\":\"https:\\\/\\\/www.mathezfreight.com\\\/wp-content\\\/uploads\\\/photo-code-douanier-2020.jpg\",\"keywords\":[\"Douane\"],\"articleSection\":[\"Fret Mode d'Emploi\"],\"inLanguage\":\"fr-FR\",\"potentialAction\":[{\"@type\":\"CommentAction\",\"name\":\"Comment\",\"target\":[\"https:\\\/\\\/www.mathezfreight.com\\\/fr\\\/blog\\\/codes-douaniers-tarif-douanier\\\/#respond\"]}]},{\"@type\":\"WebPage\",\"@id\":\"https:\\\/\\\/www.mathezfreight.com\\\/fr\\\/blog\\\/codes-douaniers-tarif-douanier\\\/\",\"url\":\"https:\\\/\\\/www.mathezfreight.com\\\/fr\\\/blog\\\/codes-douaniers-tarif-douanier\\\/\",\"name\":\"Comment v\u00e9rifier vos codes et tarifs douaniers en 2026? - MATHEZ FREIGHT\",\"isPartOf\":{\"@id\":\"https:\\\/\\\/www.mathezfreight.com\\\/fr\\\/#website\"},\"primaryImageOfPage\":{\"@id\":\"https:\\\/\\\/www.mathezfreight.com\\\/fr\\\/blog\\\/codes-douaniers-tarif-douanier\\\/#primaryimage\"},\"image\":{\"@id\":\"https:\\\/\\\/www.mathezfreight.com\\\/fr\\\/blog\\\/codes-douaniers-tarif-douanier\\\/#primaryimage\"},\"thumbnailUrl\":\"https:\\\/\\\/www.mathezfreight.com\\\/wp-content\\\/uploads\\\/photo-code-douanier-2020.jpg\",\"datePublished\":\"2026-01-13T10:17:58+00:00\",\"dateModified\":\"2026-03-10T08:56:36+00:00\",\"description\":\"Quelles nomenclatures ont chang\u00e9 avec le tarif douanier europ\u00e9en du 1er janvier 2026? V\u00e9rifiez les codes douaniers de vos marchandises.\",\"breadcrumb\":{\"@id\":\"https:\\\/\\\/www.mathezfreight.com\\\/fr\\\/blog\\\/codes-douaniers-tarif-douanier\\\/#breadcrumb\"},\"inLanguage\":\"fr-FR\",\"potentialAction\":[{\"@type\":\"ReadAction\",\"target\":[\"https:\\\/\\\/www.mathezfreight.com\\\/fr\\\/blog\\\/codes-douaniers-tarif-douanier\\\/\"]}]},{\"@type\":\"ImageObject\",\"inLanguage\":\"fr-FR\",\"@id\":\"https:\\\/\\\/www.mathezfreight.com\\\/fr\\\/blog\\\/codes-douaniers-tarif-douanier\\\/#primaryimage\",\"url\":\"https:\\\/\\\/www.mathezfreight.com\\\/wp-content\\\/uploads\\\/photo-code-douanier-2020.jpg\",\"contentUrl\":\"https:\\\/\\\/www.mathezfreight.com\\\/wp-content\\\/uploads\\\/photo-code-douanier-2020.jpg\",\"width\":1220,\"height\":915,\"caption\":\"Code douanier : le trouver dans le Tarif douanier 2026\"},{\"@type\":\"BreadcrumbList\",\"@id\":\"https:\\\/\\\/www.mathezfreight.com\\\/fr\\\/blog\\\/codes-douaniers-tarif-douanier\\\/#breadcrumb\",\"itemListElement\":[{\"@type\":\"ListItem\",\"position\":1,\"name\":\"Home\",\"item\":\"https:\\\/\\\/www.mathezfreight.com\\\/fr\\\/\"},{\"@type\":\"ListItem\",\"position\":2,\"name\":\"Fret Mode d'Emploi\",\"item\":\"https:\\\/\\\/www.mathezfreight.com\\\/fr\\\/blog\\\/categorie\\\/fret-mode-demploi\\\/\"},{\"@type\":\"ListItem\",\"position\":3,\"name\":\"Comment v\u00e9rifier vos codes et tarifs douaniers en 2026?\"}]},{\"@type\":\"WebSite\",\"@id\":\"https:\\\/\\\/www.mathezfreight.com\\\/fr\\\/#website\",\"url\":\"https:\\\/\\\/www.mathezfreight.com\\\/fr\\\/\",\"name\":\"MATHEZ FREIGHT\",\"description\":\"Solutions transport sur mesure, suivies, efficaces\",\"publisher\":{\"@id\":\"https:\\\/\\\/www.mathezfreight.com\\\/fr\\\/#organization\"},\"alternateName\":\"MATHEZ TRANSPORTS INTERNATIONAUX\",\"potentialAction\":[{\"@type\":\"SearchAction\",\"target\":{\"@type\":\"EntryPoint\",\"urlTemplate\":\"https:\\\/\\\/www.mathezfreight.com\\\/fr\\\/?s={search_term_string}\"},\"query-input\":{\"@type\":\"PropertyValueSpecification\",\"valueRequired\":true,\"valueName\":\"search_term_string\"}}],\"inLanguage\":\"fr-FR\"},{\"@type\":\"Organization\",\"@id\":\"https:\\\/\\\/www.mathezfreight.com\\\/fr\\\/#organization\",\"name\":\"MATHEZ FREIGHT\",\"alternateName\":\"MATHEZ TRANSPORTS INTERNATIONAUX\",\"url\":\"https:\\\/\\\/www.mathezfreight.com\\\/fr\\\/\",\"logo\":{\"@type\":\"ImageObject\",\"inLanguage\":\"fr-FR\",\"@id\":\"https:\\\/\\\/www.mathezfreight.com\\\/fr\\\/#\\\/schema\\\/logo\\\/image\\\/\",\"url\":\"https:\\\/\\\/www.mathezfreight.com\\\/wp-content\\\/uploads\\\/logo-mathez-freight-400pxw.png\",\"contentUrl\":\"https:\\\/\\\/www.mathezfreight.com\\\/wp-content\\\/uploads\\\/logo-mathez-freight-400pxw.png\",\"width\":400,\"height\":136,\"caption\":\"MATHEZ FREIGHT\"},\"image\":{\"@id\":\"https:\\\/\\\/www.mathezfreight.com\\\/fr\\\/#\\\/schema\\\/logo\\\/image\\\/\"},\"sameAs\":[\"https:\\\/\\\/www.facebook.com\\\/MathezFreight\\\/\",\"https:\\\/\\\/x.com\\\/MathezFreight\",\"https:\\\/\\\/www.linkedin.com\\\/company\\\/mathezfreight\\\/\"],\"description\":\"Transitaire fran\u00e7ais, organisateur de transport international: fret a\u00e9rien, fret maritime, commissionnaire en douane agr\u00e9\u00e9 OEA-Full. 17 agences en France sur tous les principaux ports et a\u00e9roports.\",\"email\":\"web@mathezfreight.com\",\"telephone\":\"+33.497257825\",\"legalName\":\"MATHEZ TRANSPORTS INTERNATIONAUX\",\"foundingDate\":\"1950-01-01\",\"numberOfEmployees\":{\"@type\":\"QuantitativeValue\",\"minValue\":\"51\",\"maxValue\":\"200\"}},{\"@type\":\"Person\",\"@id\":\"https:\\\/\\\/www.mathezfreight.com\\\/fr\\\/#\\\/schema\\\/person\\\/e3433d1aa11c0405311f7fbf4086fdf6\",\"name\":\"Agnes\"}]}<\/script>\n<!-- \/ Yoast SEO Premium plugin. -->","yoast_head_json":{"title":"Comment v\u00e9rifier vos codes et tarifs douaniers en 2026? - MATHEZ FREIGHT","description":"Quelles nomenclatures ont chang\u00e9 avec le tarif douanier europ\u00e9en du 1er janvier 2026? V\u00e9rifiez les codes douaniers de vos marchandises.","robots":{"index":"index","follow":"follow","max-snippet":"max-snippet:-1","max-image-preview":"max-image-preview:large","max-video-preview":"max-video-preview:-1"},"canonical":"https:\/\/www.mathezfreight.com\/fr\/blog\/codes-douaniers-tarif-douanier\/","og_locale":"fr_FR","og_type":"article","og_title":"Codes et tarifs douaniers: comment v\u00e9rifier vos nomenclatures 2024","og_description":"Quelles nomenclatures ont chang\u00e9 avec le tarif douanier europ\u00e9en du 1er janvier 2026? V\u00e9rifiez les codes douaniers de vos marchandises.","og_url":"https:\/\/www.mathezfreight.com\/fr\/blog\/codes-douaniers-tarif-douanier\/","og_site_name":"MATHEZ FREIGHT","article_publisher":"https:\/\/www.facebook.com\/MathezFreight\/","article_published_time":"2026-01-13T10:17:58+00:00","article_modified_time":"2026-03-10T08:56:36+00:00","og_image":[{"width":1220,"height":915,"url":"https:\/\/www.mathezfreight.com\/wp-content\/uploads\/photo-code-douanier-2020.jpg","type":"image\/jpeg"}],"author":"Agnes","twitter_card":"summary_large_image","twitter_title":"Comment v\u00e9rifier vos codes et tarifs douaniers en 2026?","twitter_creator":"@MathezFreight","twitter_site":"@MathezFreight","twitter_misc":{"\u00c9crit par":"Agnes","Dur\u00e9e de lecture estim\u00e9e":"17 minutes"},"schema":{"@context":"https:\/\/schema.org","@graph":[{"@type":"Article","@id":"https:\/\/www.mathezfreight.com\/fr\/blog\/codes-douaniers-tarif-douanier\/#article","isPartOf":{"@id":"https:\/\/www.mathezfreight.com\/fr\/blog\/codes-douaniers-tarif-douanier\/"},"author":{"name":"Agnes","@id":"https:\/\/www.mathezfreight.com\/fr\/#\/schema\/person\/e3433d1aa11c0405311f7fbf4086fdf6"},"headline":"Comment v\u00e9rifier vos codes et tarifs douaniers en 2026?","datePublished":"2026-01-13T10:17:58+00:00","dateModified":"2026-03-10T08:56:36+00:00","mainEntityOfPage":{"@id":"https:\/\/www.mathezfreight.com\/fr\/blog\/codes-douaniers-tarif-douanier\/"},"wordCount":1858,"commentCount":0,"publisher":{"@id":"https:\/\/www.mathezfreight.com\/fr\/#organization"},"image":{"@id":"https:\/\/www.mathezfreight.com\/fr\/blog\/codes-douaniers-tarif-douanier\/#primaryimage"},"thumbnailUrl":"https:\/\/www.mathezfreight.com\/wp-content\/uploads\/photo-code-douanier-2020.jpg","keywords":["Douane"],"articleSection":["Fret Mode d'Emploi"],"inLanguage":"fr-FR","potentialAction":[{"@type":"CommentAction","name":"Comment","target":["https:\/\/www.mathezfreight.com\/fr\/blog\/codes-douaniers-tarif-douanier\/#respond"]}]},{"@type":"WebPage","@id":"https:\/\/www.mathezfreight.com\/fr\/blog\/codes-douaniers-tarif-douanier\/","url":"https:\/\/www.mathezfreight.com\/fr\/blog\/codes-douaniers-tarif-douanier\/","name":"Comment v\u00e9rifier vos codes et tarifs douaniers en 2026? - MATHEZ FREIGHT","isPartOf":{"@id":"https:\/\/www.mathezfreight.com\/fr\/#website"},"primaryImageOfPage":{"@id":"https:\/\/www.mathezfreight.com\/fr\/blog\/codes-douaniers-tarif-douanier\/#primaryimage"},"image":{"@id":"https:\/\/www.mathezfreight.com\/fr\/blog\/codes-douaniers-tarif-douanier\/#primaryimage"},"thumbnailUrl":"https:\/\/www.mathezfreight.com\/wp-content\/uploads\/photo-code-douanier-2020.jpg","datePublished":"2026-01-13T10:17:58+00:00","dateModified":"2026-03-10T08:56:36+00:00","description":"Quelles nomenclatures ont chang\u00e9 avec le tarif douanier europ\u00e9en du 1er janvier 2026? V\u00e9rifiez les codes douaniers de vos marchandises.","breadcrumb":{"@id":"https:\/\/www.mathezfreight.com\/fr\/blog\/codes-douaniers-tarif-douanier\/#breadcrumb"},"inLanguage":"fr-FR","potentialAction":[{"@type":"ReadAction","target":["https:\/\/www.mathezfreight.com\/fr\/blog\/codes-douaniers-tarif-douanier\/"]}]},{"@type":"ImageObject","inLanguage":"fr-FR","@id":"https:\/\/www.mathezfreight.com\/fr\/blog\/codes-douaniers-tarif-douanier\/#primaryimage","url":"https:\/\/www.mathezfreight.com\/wp-content\/uploads\/photo-code-douanier-2020.jpg","contentUrl":"https:\/\/www.mathezfreight.com\/wp-content\/uploads\/photo-code-douanier-2020.jpg","width":1220,"height":915,"caption":"Code douanier : le trouver dans le Tarif douanier 2026"},{"@type":"BreadcrumbList","@id":"https:\/\/www.mathezfreight.com\/fr\/blog\/codes-douaniers-tarif-douanier\/#breadcrumb","itemListElement":[{"@type":"ListItem","position":1,"name":"Home","item":"https:\/\/www.mathezfreight.com\/fr\/"},{"@type":"ListItem","position":2,"name":"Fret Mode d'Emploi","item":"https:\/\/www.mathezfreight.com\/fr\/blog\/categorie\/fret-mode-demploi\/"},{"@type":"ListItem","position":3,"name":"Comment v\u00e9rifier vos codes et tarifs douaniers en 2026?"}]},{"@type":"WebSite","@id":"https:\/\/www.mathezfreight.com\/fr\/#website","url":"https:\/\/www.mathezfreight.com\/fr\/","name":"MATHEZ FREIGHT","description":"Solutions transport sur mesure, suivies, efficaces","publisher":{"@id":"https:\/\/www.mathezfreight.com\/fr\/#organization"},"alternateName":"MATHEZ TRANSPORTS INTERNATIONAUX","potentialAction":[{"@type":"SearchAction","target":{"@type":"EntryPoint","urlTemplate":"https:\/\/www.mathezfreight.com\/fr\/?s={search_term_string}"},"query-input":{"@type":"PropertyValueSpecification","valueRequired":true,"valueName":"search_term_string"}}],"inLanguage":"fr-FR"},{"@type":"Organization","@id":"https:\/\/www.mathezfreight.com\/fr\/#organization","name":"MATHEZ FREIGHT","alternateName":"MATHEZ TRANSPORTS INTERNATIONAUX","url":"https:\/\/www.mathezfreight.com\/fr\/","logo":{"@type":"ImageObject","inLanguage":"fr-FR","@id":"https:\/\/www.mathezfreight.com\/fr\/#\/schema\/logo\/image\/","url":"https:\/\/www.mathezfreight.com\/wp-content\/uploads\/logo-mathez-freight-400pxw.png","contentUrl":"https:\/\/www.mathezfreight.com\/wp-content\/uploads\/logo-mathez-freight-400pxw.png","width":400,"height":136,"caption":"MATHEZ FREIGHT"},"image":{"@id":"https:\/\/www.mathezfreight.com\/fr\/#\/schema\/logo\/image\/"},"sameAs":["https:\/\/www.facebook.com\/MathezFreight\/","https:\/\/x.com\/MathezFreight","https:\/\/www.linkedin.com\/company\/mathezfreight\/"],"description":"Transitaire fran\u00e7ais, organisateur de transport international: fret a\u00e9rien, fret maritime, commissionnaire en douane agr\u00e9\u00e9 OEA-Full. 17 agences en France sur tous les principaux ports et a\u00e9roports.","email":"web@mathezfreight.com","telephone":"+33.497257825","legalName":"MATHEZ TRANSPORTS INTERNATIONAUX","foundingDate":"1950-01-01","numberOfEmployees":{"@type":"QuantitativeValue","minValue":"51","maxValue":"200"}},{"@type":"Person","@id":"https:\/\/www.mathezfreight.com\/fr\/#\/schema\/person\/e3433d1aa11c0405311f7fbf4086fdf6","name":"Agnes"}]}},"_links":{"self":[{"href":"https:\/\/www.mathezfreight.com\/fr\/wp-json\/wp\/v2\/posts\/35953","targetHints":{"allow":["GET"]}}],"collection":[{"href":"https:\/\/www.mathezfreight.com\/fr\/wp-json\/wp\/v2\/posts"}],"about":[{"href":"https:\/\/www.mathezfreight.com\/fr\/wp-json\/wp\/v2\/types\/post"}],"author":[{"embeddable":true,"href":"https:\/\/www.mathezfreight.com\/fr\/wp-json\/wp\/v2\/users\/1"}],"replies":[{"embeddable":true,"href":"https:\/\/www.mathezfreight.com\/fr\/wp-json\/wp\/v2\/comments?post=35953"}],"version-history":[{"count":3,"href":"https:\/\/www.mathezfreight.com\/fr\/wp-json\/wp\/v2\/posts\/35953\/revisions"}],"predecessor-version":[{"id":67261,"href":"https:\/\/www.mathezfreight.com\/fr\/wp-json\/wp\/v2\/posts\/35953\/revisions\/67261"}],"wp:featuredmedia":[{"embeddable":true,"href":"https:\/\/www.mathezfreight.com\/fr\/wp-json\/wp\/v2\/media\/32329"}],"wp:attachment":[{"href":"https:\/\/www.mathezfreight.com\/fr\/wp-json\/wp\/v2\/media?parent=35953"}],"wp:term":[{"taxonomy":"category","embeddable":true,"href":"https:\/\/www.mathezfreight.com\/fr\/wp-json\/wp\/v2\/categories?post=35953"},{"taxonomy":"post_tag","embeddable":true,"href":"https:\/\/www.mathezfreight.com\/fr\/wp-json\/wp\/v2\/tags?post=35953"},{"taxonomy":"cibles","embeddable":true,"href":"https:\/\/www.mathezfreight.com\/fr\/wp-json\/wp\/v2\/cibles?post=35953"}],"curies":[{"name":"wp","href":"https:\/\/api.w.org\/{rel}","templated":true}]}}