{"id":35400,"date":"2025-06-01T12:21:22","date_gmt":"2025-06-01T12:21:22","guid":{"rendered":"https:\/\/www.mathezfreight.com\/?p=35400"},"modified":"2026-01-12T11:14:29","modified_gmt":"2026-01-12T11:14:29","slug":"import-export-voitures-france","status":"publish","type":"post","link":"https:\/\/www.mathezfreight.com\/fr\/blog\/import-export-voitures-france\/","title":{"rendered":"Nos plus belles voitures, \u00e0 l&rsquo;import\/export France"},"content":{"rendered":"\t\t<div data-elementor-type=\"wp-post\" data-elementor-id=\"35400\" class=\"elementor elementor-35400\" data-elementor-post-type=\"post\">\n\t\t\t\t\t\t<div class=\"elementor-section elementor-top-section elementor-element elementor-element-25ac58f elementor-section-stretched elementor-section-full_width mti-page-header bg-articles elementor-section-height-default elementor-section-height-default default-style elementor-invisible\" data-id=\"25ac58f\" data-element_type=\"section\" data-e-type=\"section\" id=\"mti-page-header\" data-settings=\"{&quot;stretch_section&quot;:&quot;section-stretched&quot;,&quot;animation&quot;:&quot;fadeIn&quot;,&quot;rt_color_sets&quot;:&quot;default-style&quot;}\">\n\t\t\t\t\t\t<div class=\"elementor-container elementor-column-gap-no\">\n\t\t\t\t\t<div class=\"elementor-column elementor-col-100 elementor-top-column elementor-element elementor-element-c3af877\" data-id=\"c3af877\" data-element_type=\"column\" data-e-type=\"column\">\n\t\t\t<div class=\"elementor-widget-wrap elementor-element-populated\">\n\t\t\t\t\t\t<div class=\"elementor-element elementor-element-b77a9d7 elementor-widget elementor-widget-theme-post-featured-image elementor-widget-image\" data-id=\"b77a9d7\" data-element_type=\"widget\" data-e-type=\"widget\" data-widget_type=\"theme-post-featured-image.default\">\n\t\t\t\t<div class=\"elementor-widget-container\">\n\t\t\t\t\t\t\t\t\t\t\t\t\t\t\t<img decoding=\"async\" width=\"1220\" height=\"406\" src=\"https:\/\/www.mathezfreight.com\/wp-content\/uploads\/photo-ferrari-aerien-5-copie-1220x406.jpg\" class=\"attachment-mti-flat-banner size-mti-flat-banner wp-image-52328\" alt=\"photo-ferrari-aerien (5)\" \/>\t\t\t\t\t\t\t\t\t\t\t\t\t\t\t<\/div>\n\t\t\t\t<\/div>\n\t\t\t\t\t<\/div>\n\t\t<\/div>\n\t\t\t\t\t<\/div>\n\t\t<\/div>\n\t\t\t\t<div class=\"elementor-section elementor-top-section elementor-element elementor-element-9fdc93c mti-page-excerpt excerpt-onleft highlight-articles elementor-section-boxed elementor-section-height-default elementor-section-height-default default-style elementor-invisible\" data-id=\"9fdc93c\" data-element_type=\"section\" data-e-type=\"section\" id=\"mti-page-excerpt\" data-settings=\"{&quot;animation&quot;:&quot;fadeInUp&quot;,&quot;rt_color_sets&quot;:&quot;default-style&quot;}\">\n\t\t\t\t\t\t<div class=\"elementor-container elementor-column-gap-default\">\n\t\t\t\t\t<div class=\"elementor-column elementor-col-100 elementor-top-column elementor-element elementor-element-c10d4aa default-style\" data-id=\"c10d4aa\" data-element_type=\"column\" data-e-type=\"column\" data-settings=\"{&quot;background_background&quot;:&quot;classic&quot;}\">\n\t\t\t<div class=\"elementor-widget-wrap elementor-element-populated\">\n\t\t\t\t\t\t<div class=\"elementor-element elementor-element-cabbf52 elementor-align-left mti-blog-suptitle elementor-widget elementor-widget-post-info\" data-id=\"cabbf52\" data-element_type=\"widget\" data-e-type=\"widget\" data-widget_type=\"post-info.default\">\n\t\t\t\t<div class=\"elementor-widget-container\">\n\t\t\t\t\t\t\t<ul class=\"elementor-inline-items elementor-icon-list-items elementor-post-info\">\n\t\t\t\t\t\t\t\t<li class=\"elementor-icon-list-item elementor-repeater-item-9687d75 elementor-inline-item\" itemprop=\"about\">\n\t\t\t\t\t\t\t\t\t\t\t\t\t<span class=\"elementor-icon-list-text elementor-post-info__item elementor-post-info__item--type-terms\">\n\t\t\t\t\t\t\t\t\t\t<span class=\"elementor-post-info__terms-list\">\n\t\t\t\t<a href=\"https:\/\/www.mathezfreight.com\/fr\/blog\/categorie\/operations\/\" class=\"elementor-post-info__terms-list-item\">Op\u00e9rations<\/a>\t\t\t\t<\/span>\n\t\t\t\t\t<\/span>\n\t\t\t\t\t\t\t\t<\/li>\n\t\t\t\t<\/ul>\n\t\t\t\t\t\t<\/div>\n\t\t\t\t<\/div>\n\t\t\t\t<div class=\"elementor-element elementor-element-5c2346a elementor-widget elementor-widget-theme-post-title elementor-page-title elementor-widget-heading\" data-id=\"5c2346a\" data-element_type=\"widget\" data-e-type=\"widget\" data-widget_type=\"theme-post-title.default\">\n\t\t\t\t<div class=\"elementor-widget-container\">\n\t\t\t\t\t<h1 class=\"elementor-heading-title elementor-size-default\">Nos plus belles voitures, \u00e0 l&rsquo;import\/export France<\/h1>\t\t\t\t<\/div>\n\t\t\t\t<\/div>\n\t\t\t\t<div class=\"elementor-element elementor-element-eb8ed8f elementor-widget elementor-widget-theme-post-excerpt\" data-id=\"eb8ed8f\" data-element_type=\"widget\" data-e-type=\"widget\" data-widget_type=\"theme-post-excerpt.default\">\n\t\t\t\t<div class=\"elementor-widget-container\">\n\t\t\t\t\tChez Mathez Freight, nous voyons passer de sacr\u00e9s mod\u00e8les, tandis que nos \u00e9quipes de passionn\u00e9s organisent le transport a\u00e9rien ou maritime et assurent la douane import ou export. Rolls Royce, Ferrari, Bentley, Bugatti, Mercedes... On partage notre \"collec\"!\t\t\t\t<\/div>\n\t\t\t\t<\/div>\n\t\t\t\t<div class=\"elementor-element elementor-element-b2a2ac0 elementor-align-right mti-blog-tags elementor-widget elementor-widget-post-info\" data-id=\"b2a2ac0\" data-element_type=\"widget\" data-e-type=\"widget\" data-widget_type=\"post-info.default\">\n\t\t\t\t<div class=\"elementor-widget-container\">\n\t\t\t\t\t\t\t<ul class=\"elementor-inline-items elementor-icon-list-items elementor-post-info\">\n\t\t\t\t\t\t\t\t<li class=\"elementor-icon-list-item elementor-repeater-item-7910e98 elementor-inline-item\" itemprop=\"datePublished\">\n\t\t\t\t\t\t\t\t\t\t<span class=\"elementor-icon-list-icon\">\n\t\t\t\t\t\t\t\t\t\t\t\t\t\t<i class=\"fa fa-calendar\" aria-hidden=\"true\"><\/i>\n\t\t\t\t\t\t\t\t\t\t\t\t<\/span>\n\t\t\t\t\t\t\t\t\t<span class=\"elementor-icon-list-text elementor-post-info__item elementor-post-info__item--type-date\">\n\t\t\t\t\t\t\t\t\t\t<time>1 juin 2025<\/time>\t\t\t\t\t<\/span>\n\t\t\t\t\t\t\t\t<\/li>\n\t\t\t\t<li class=\"elementor-icon-list-item elementor-repeater-item-4e9c5fd elementor-inline-item\" itemprop=\"author\">\n\t\t\t\t\t\t\t\t\t\t<span class=\"elementor-icon-list-icon\">\n\t\t\t\t\t\t\t\t\t\t\t\t\t\t<i class=\"fa fa-user-circle-o\" aria-hidden=\"true\"><\/i>\n\t\t\t\t\t\t\t\t\t\t\t\t<\/span>\n\t\t\t\t\t\t\t\t\t<span class=\"elementor-icon-list-text elementor-post-info__item elementor-post-info__item--type-author\">\n\t\t\t\t\t\t\t\t\t\tFr\u00e9d\u00e9ric Mercier\t\t\t\t\t<\/span>\n\t\t\t\t\t\t\t\t<\/li>\n\t\t\t\t<li class=\"elementor-icon-list-item elementor-repeater-item-f18f2db elementor-inline-item\" itemprop=\"about\">\n\t\t\t\t\t\t\t\t\t\t<span class=\"elementor-icon-list-icon\">\n\t\t\t\t\t\t\t\t<i aria-hidden=\"true\" class=\"fas fa-tags\"><\/i>\t\t\t\t\t\t\t<\/span>\n\t\t\t\t\t\t\t\t\t<span class=\"elementor-icon-list-text elementor-post-info__item elementor-post-info__item--type-terms\">\n\t\t\t\t\t\t\t\t\t\t<span class=\"elementor-post-info__terms-list\">\n\t\t\t\t<a href=\"https:\/\/www.mathezfreight.com\/fr\/blog\/tag\/transport-voitures\/\" class=\"elementor-post-info__terms-list-item\">Transport de voitures<\/a>\t\t\t\t<\/span>\n\t\t\t\t\t<\/span>\n\t\t\t\t\t\t\t\t<\/li>\n\t\t\t\t<\/ul>\n\t\t\t\t\t\t<\/div>\n\t\t\t\t<\/div>\n\t\t\t\t\t<\/div>\n\t\t<\/div>\n\t\t\t\t\t<\/div>\n\t\t<\/div>\n\t\t\t\t<aside class=\"elementor-section elementor-top-section elementor-element elementor-element-da74b28 elementor-hidden-tablet elementor-hidden-phone mti-social-bar up elementor-section-boxed elementor-section-height-default elementor-section-height-default elementor-invisible\" data-id=\"da74b28\" data-element_type=\"section\" data-e-type=\"section\" data-settings=\"{&quot;animation&quot;:&quot;fadeInLeft&quot;}\">\n\t\t\t\t\t\t<div class=\"elementor-container elementor-column-gap-default\">\n\t\t\t\t\t<div class=\"elementor-column elementor-col-100 elementor-top-column elementor-element elementor-element-ba21d28\" data-id=\"ba21d28\" data-element_type=\"column\" data-e-type=\"column\">\n\t\t\t<div class=\"elementor-widget-wrap elementor-element-populated\">\n\t\t\t\t\t\t<div class=\"elementor-element elementor-element-318d352 elementor-share-buttons--view-icon elementor-share-buttons--skin-flat mti-social-bar-job elementor-share-buttons--shape-square elementor-grid-0 elementor-share-buttons--color-official elementor-invisible elementor-widget elementor-widget-global elementor-global-17249 elementor-widget-share-buttons\" data-id=\"318d352\" data-element_type=\"widget\" data-e-type=\"widget\" data-settings=\"{&quot;_animation&quot;:&quot;fadeInLeft&quot;}\" data-widget_type=\"share-buttons.default\">\n\t\t\t\t<div class=\"elementor-widget-container\">\n\t\t\t\t\t\t\t<div class=\"elementor-grid\" role=\"list\">\n\t\t\t\t\t\t\t\t<div class=\"elementor-grid-item\" role=\"listitem\">\n\t\t\t\t\t\t<div class=\"elementor-share-btn elementor-share-btn_email\" role=\"button\" tabindex=\"0\" aria-label=\"Partager sur email\">\n\t\t\t\t\t\t\t\t\t\t\t\t\t\t\t<span class=\"elementor-share-btn__icon\">\n\t\t\t\t\t\t\t\t<i class=\"fas fa-envelope\" aria-hidden=\"true\"><\/i>\t\t\t\t\t\t\t<\/span>\n\t\t\t\t\t\t\t\t\t\t\t\t\t\t\t\t\t\t\t\t<\/div>\n\t\t\t\t\t<\/div>\n\t\t\t\t\t\t\t\t\t<div class=\"elementor-grid-item\" role=\"listitem\">\n\t\t\t\t\t\t<div class=\"elementor-share-btn elementor-share-btn_linkedin\" role=\"button\" tabindex=\"0\" aria-label=\"Partager sur linkedin\">\n\t\t\t\t\t\t\t\t\t\t\t\t\t\t\t<span class=\"elementor-share-btn__icon\">\n\t\t\t\t\t\t\t\t<i class=\"fab fa-linkedin\" aria-hidden=\"true\"><\/i>\t\t\t\t\t\t\t<\/span>\n\t\t\t\t\t\t\t\t\t\t\t\t\t\t\t\t\t\t\t\t<\/div>\n\t\t\t\t\t<\/div>\n\t\t\t\t\t\t\t\t\t<div class=\"elementor-grid-item\" role=\"listitem\">\n\t\t\t\t\t\t<div class=\"elementor-share-btn elementor-share-btn_twitter\" role=\"button\" tabindex=\"0\" aria-label=\"Partager sur twitter\">\n\t\t\t\t\t\t\t\t\t\t\t\t\t\t\t<span class=\"elementor-share-btn__icon\">\n\t\t\t\t\t\t\t\t<i class=\"fab fa-twitter\" aria-hidden=\"true\"><\/i>\t\t\t\t\t\t\t<\/span>\n\t\t\t\t\t\t\t\t\t\t\t\t\t\t\t\t\t\t\t\t<\/div>\n\t\t\t\t\t<\/div>\n\t\t\t\t\t\t\t\t\t<div class=\"elementor-grid-item\" role=\"listitem\">\n\t\t\t\t\t\t<div class=\"elementor-share-btn elementor-share-btn_facebook\" role=\"button\" tabindex=\"0\" aria-label=\"Partager sur facebook\">\n\t\t\t\t\t\t\t\t\t\t\t\t\t\t\t<span class=\"elementor-share-btn__icon\">\n\t\t\t\t\t\t\t\t<i class=\"fab fa-facebook\" aria-hidden=\"true\"><\/i>\t\t\t\t\t\t\t<\/span>\n\t\t\t\t\t\t\t\t\t\t\t\t\t\t\t\t\t\t\t\t<\/div>\n\t\t\t\t\t<\/div>\n\t\t\t\t\t\t\t\t\t<div class=\"elementor-grid-item\" role=\"listitem\">\n\t\t\t\t\t\t<div class=\"elementor-share-btn elementor-share-btn_print\" role=\"button\" tabindex=\"0\" aria-label=\"Partager sur print\">\n\t\t\t\t\t\t\t\t\t\t\t\t\t\t\t<span class=\"elementor-share-btn__icon\">\n\t\t\t\t\t\t\t\t<i class=\"fas fa-print\" aria-hidden=\"true\"><\/i>\t\t\t\t\t\t\t<\/span>\n\t\t\t\t\t\t\t\t\t\t\t\t\t\t\t\t\t\t\t\t<\/div>\n\t\t\t\t\t<\/div>\n\t\t\t\t\t\t<\/div>\n\t\t\t\t\t\t<\/div>\n\t\t\t\t<\/div>\n\t\t\t\t\t<\/div>\n\t\t<\/div>\n\t\t\t\t\t<\/div>\n\t\t<\/aside>\n\t\t\t\t<section class=\"elementor-section elementor-top-section elementor-element elementor-element-cee61ba elementor-hidden-tablet elementor-hidden-phone mti-chevron up elementor-section-boxed elementor-section-height-default elementor-section-height-default default-style elementor-invisible\" data-id=\"cee61ba\" data-element_type=\"section\" data-e-type=\"section\" data-settings=\"{&quot;animation&quot;:&quot;fadeIn&quot;,&quot;rt_color_sets&quot;:&quot;default-style&quot;}\">\n\t\t\t\t\t\t<div class=\"elementor-container elementor-column-gap-default\">\n\t\t\t\t\t<div class=\"elementor-column elementor-col-33 elementor-top-column elementor-element elementor-element-54eb019 mti-chevrons\" data-id=\"54eb019\" data-element_type=\"column\" data-e-type=\"column\">\n\t\t\t<div class=\"elementor-widget-wrap elementor-element-populated\">\n\t\t\t\t\t\t\t<\/div>\n\t\t<\/div>\n\t\t\t\t<div class=\"elementor-column elementor-col-33 elementor-top-column elementor-element elementor-element-392e9a9\" data-id=\"392e9a9\" data-element_type=\"column\" data-e-type=\"column\">\n\t\t\t<div class=\"elementor-widget-wrap elementor-element-populated\">\n\t\t\t\t\t\t<div class=\"elementor-element elementor-element-408a52b elementor-widget elementor-widget-text-editor\" data-id=\"408a52b\" data-element_type=\"widget\" data-e-type=\"widget\" data-widget_type=\"text-editor.default\">\n\t\t\t\t<div class=\"elementor-widget-container\">\n\t\t\t\t\t\t\t\t\t<p>\u00a0\u00a0<\/p>\t\t\t\t\t\t\t\t<\/div>\n\t\t\t\t<\/div>\n\t\t\t\t\t<\/div>\n\t\t<\/div>\n\t\t\t\t<div class=\"elementor-column elementor-col-33 elementor-top-column elementor-element elementor-element-942a21d\" data-id=\"942a21d\" data-element_type=\"column\" data-e-type=\"column\">\n\t\t\t<div class=\"elementor-widget-wrap elementor-element-populated\">\n\t\t\t\t\t\t\t<\/div>\n\t\t<\/div>\n\t\t\t\t\t<\/div>\n\t\t<\/section>\n\t\t\t\t<section class=\"elementor-section elementor-top-section elementor-element elementor-element-737850c mti-chevron up elementor-section-boxed elementor-section-height-default elementor-section-height-default default-style elementor-invisible\" data-id=\"737850c\" data-element_type=\"section\" data-e-type=\"section\" data-settings=\"{&quot;animation&quot;:&quot;fadeIn&quot;,&quot;rt_color_sets&quot;:&quot;default-style&quot;}\">\n\t\t\t\t\t\t<div class=\"elementor-container elementor-column-gap-default\">\n\t\t\t\t\t<div class=\"elementor-column elementor-col-100 elementor-top-column elementor-element elementor-element-e0f0f78\" data-id=\"e0f0f78\" data-element_type=\"column\" data-e-type=\"column\">\n\t\t\t<div class=\"elementor-widget-wrap elementor-element-populated\">\n\t\t\t\t\t\t<div class=\"elementor-element elementor-element-593c246 elementor-widget elementor-widget-rt-image-carousel\" data-id=\"593c246\" data-element_type=\"widget\" data-e-type=\"widget\" data-widget_type=\"rt-image-carousel.default\">\n\t\t\t\t<div class=\"elementor-widget-container\">\n\t\t\t\t\t\r\n\t\t\t\t<div id=\"image-carousel-384402\" class=\"rt-carousel carousel-holder clearfix rt-image-carousel  boxed-carousel rt_lightbox_gallery\" data-item-width=\"1\" data-nav=\"true\" data-dots=\"\" data-margin=\"40\" data-autoplay=\"true\" data-timeout=\"3500\" data-thumbnails=\"false\" data-boxed=\"true\" data-min-height=\"\" data-padding=\"0\" data-loop=\"true\" data-tablet-item-width=\"\" data-mobile-item-width=\"\">\r\n\t\t\t\t\t<div class=\"owl-carousel\">\r\n\t\t\t\t\t\t<div class=\"boxed\"><a id=\"lightbox-876485\" class=\"imgeffect zoom rt_lightbox\" data-gal-id=\"slider-carousel-756561\" data-rel=\"rt_lightbox\" title=\"Agrandir la vue\" data-sub-html=\"photo-porshe-3\" data-src=\"\" data-width=\"\" data-height=\"\" data-poster=\"\" data-autoplay=\"\" data-audiotitle=\"\" data-download-url=\"false\" href=\"https:\/\/www.mathezfreight.com\/wp-content\/uploads\/transport-porshe-3.jpg\"><div class=\"has-overlay\">\r\n\t\t\t\t\t\t\t\t\t\t\t\t\t<div class=\"carosel-image\">\r\n\t\t\t\t\t\t\t\t\t\t\t\t\t\t<img decoding=\"async\" src=\"https:\/\/www.mathezfreight.com\/wp-content\/uploads\/transport-porshe-3-900x600.jpg\" width=\"900\" height=\"600\" alt=\"\">\r\n\t\t\t\t\t\t\t\t\t\t\t\t\t<\/div>\r\n\r\n\t\t\t\t\t\t\t\t\t\t\t\t\t<div class=\"overlay-text\">\r\n\t\t\t\t\t\t\t\t\t\t\t\t\t\t<span>photo-porshe-3<\/span>\r\n\t\t\t\t\t\t\t\t\t\t\t\t\t\t\r\n\t\t\t\t\t\t\t\t\t\t\t\t\t<\/div>\r\n\t\t\t\t\t\t\t\t\t\t\t\t<\/div>\r\n\t\t\t\t\t\t\t\t\t\t\t\t<\/a><\/div><div class=\"boxed\"><a id=\"lightbox-176233\" class=\"imgeffect zoom rt_lightbox\" data-gal-id=\"slider-carousel-756561\" data-rel=\"rt_lightbox\" title=\"Agrandir la vue\" data-sub-html=\"photo-porshe-4\" data-src=\"\" data-width=\"\" data-height=\"\" data-poster=\"\" data-autoplay=\"\" data-audiotitle=\"\" data-download-url=\"false\" href=\"https:\/\/www.mathezfreight.com\/wp-content\/uploads\/transport-porshe-4-1.jpg\"><div class=\"has-overlay\">\r\n\t\t\t\t\t\t\t\t\t\t\t\t\t<div class=\"carosel-image\">\r\n\t\t\t\t\t\t\t\t\t\t\t\t\t\t<img decoding=\"async\" src=\"https:\/\/www.mathezfreight.com\/wp-content\/uploads\/transport-porshe-4-1.jpg\" width=\"531\" height=\"541\" alt=\"\">\r\n\t\t\t\t\t\t\t\t\t\t\t\t\t<\/div>\r\n\r\n\t\t\t\t\t\t\t\t\t\t\t\t\t<div class=\"overlay-text\">\r\n\t\t\t\t\t\t\t\t\t\t\t\t\t\t<span>photo-porshe-4<\/span>\r\n\t\t\t\t\t\t\t\t\t\t\t\t\t\t\r\n\t\t\t\t\t\t\t\t\t\t\t\t\t<\/div>\r\n\t\t\t\t\t\t\t\t\t\t\t\t<\/div>\r\n\t\t\t\t\t\t\t\t\t\t\t\t<\/a><\/div><div class=\"boxed\"><a id=\"lightbox-436659\" class=\"imgeffect zoom rt_lightbox\" data-gal-id=\"slider-carousel-756561\" data-rel=\"rt_lightbox\" title=\"Agrandir la vue\" data-sub-html=\"photo-porshe-5\" data-src=\"\" data-width=\"\" data-height=\"\" data-poster=\"\" data-autoplay=\"\" data-audiotitle=\"\" data-download-url=\"false\" href=\"https:\/\/www.mathezfreight.com\/wp-content\/uploads\/transport-porshe-5.jpg\"><div class=\"has-overlay\">\r\n\t\t\t\t\t\t\t\t\t\t\t\t\t<div class=\"carosel-image\">\r\n\t\t\t\t\t\t\t\t\t\t\t\t\t\t<img decoding=\"async\" src=\"https:\/\/www.mathezfreight.com\/wp-content\/uploads\/transport-porshe-5-900x600.jpg\" width=\"900\" height=\"600\" alt=\"\">\r\n\t\t\t\t\t\t\t\t\t\t\t\t\t<\/div>\r\n\r\n\t\t\t\t\t\t\t\t\t\t\t\t\t<div class=\"overlay-text\">\r\n\t\t\t\t\t\t\t\t\t\t\t\t\t\t<span>photo-porshe-5<\/span>\r\n\t\t\t\t\t\t\t\t\t\t\t\t\t\t\r\n\t\t\t\t\t\t\t\t\t\t\t\t\t<\/div>\r\n\t\t\t\t\t\t\t\t\t\t\t\t<\/div>\r\n\t\t\t\t\t\t\t\t\t\t\t\t<\/a><\/div><div class=\"boxed\"><a id=\"lightbox-312370\" class=\"imgeffect zoom rt_lightbox\" data-gal-id=\"slider-carousel-756561\" data-rel=\"rt_lightbox\" title=\"Agrandir la vue\" data-sub-html=\"photo-ferrari-aerien (2)<br>\u00a9 MATHEZ FREIGHT\" data-src=\"\" data-width=\"\" data-height=\"\" data-poster=\"\" data-autoplay=\"\" data-audiotitle=\"\" data-download-url=\"false\" href=\"https:\/\/www.mathezfreight.com\/wp-content\/uploads\/photo-ferrari-aerien-2-3.jpg\"><div class=\"has-overlay\">\r\n\t\t\t\t\t\t\t\t\t\t\t\t\t<div class=\"carosel-image\">\r\n\t\t\t\t\t\t\t\t\t\t\t\t\t\t<img decoding=\"async\" src=\"https:\/\/www.mathezfreight.com\/wp-content\/uploads\/photo-ferrari-aerien-2-3-900x600.jpg\" width=\"900\" height=\"600\" alt=\"photo-ferrari-aerien (2)\">\r\n\t\t\t\t\t\t\t\t\t\t\t\t\t<\/div>\r\n\r\n\t\t\t\t\t\t\t\t\t\t\t\t\t<div class=\"overlay-text\">\r\n\t\t\t\t\t\t\t\t\t\t\t\t\t\t<span>photo-ferrari-aerien (2)<\/span>\r\n\t\t\t\t\t\t\t\t\t\t\t\t\t\t<p>\u00a9 MATHEZ FREIGHT<\/p>\r\n\t\t\t\t\t\t\t\t\t\t\t\t\t<\/div>\r\n\t\t\t\t\t\t\t\t\t\t\t\t<\/div>\r\n\t\t\t\t\t\t\t\t\t\t\t\t<\/a><\/div><div class=\"boxed\"><a id=\"lightbox-907616\" class=\"imgeffect zoom rt_lightbox\" data-gal-id=\"slider-carousel-756561\" data-rel=\"rt_lightbox\" title=\"Agrandir la vue\" data-sub-html=\"photo-ferrari-aerien (5)<br>\u00a9 MATHEZ FREIGHT\" data-src=\"\" data-width=\"\" data-height=\"\" data-poster=\"\" data-autoplay=\"\" data-audiotitle=\"\" data-download-url=\"false\" href=\"https:\/\/www.mathezfreight.com\/wp-content\/uploads\/photo-ferrari-aerien-5-1.jpg\"><div class=\"has-overlay\">\r\n\t\t\t\t\t\t\t\t\t\t\t\t\t<div class=\"carosel-image\">\r\n\t\t\t\t\t\t\t\t\t\t\t\t\t\t<img decoding=\"async\" src=\"https:\/\/www.mathezfreight.com\/wp-content\/uploads\/photo-ferrari-aerien-5-1-900x600.jpg\" width=\"900\" height=\"600\" alt=\"photo-ferrari-aerien (5)\">\r\n\t\t\t\t\t\t\t\t\t\t\t\t\t<\/div>\r\n\r\n\t\t\t\t\t\t\t\t\t\t\t\t\t<div class=\"overlay-text\">\r\n\t\t\t\t\t\t\t\t\t\t\t\t\t\t<span>photo-ferrari-aerien (5)<\/span>\r\n\t\t\t\t\t\t\t\t\t\t\t\t\t\t<p>\u00a9 MATHEZ FREIGHT<\/p>\r\n\t\t\t\t\t\t\t\t\t\t\t\t\t<\/div>\r\n\t\t\t\t\t\t\t\t\t\t\t\t<\/div>\r\n\t\t\t\t\t\t\t\t\t\t\t\t<\/a><\/div><div class=\"boxed\"><a id=\"lightbox-108523\" class=\"imgeffect zoom rt_lightbox\" data-gal-id=\"slider-carousel-756561\" data-rel=\"rt_lightbox\" title=\"Agrandir la vue\" data-sub-html=\"Lamborghini Countach, au d\u00e9part de Nice<br>\u00a9 MATHEZ FREIGHT\" data-src=\"\" data-width=\"\" data-height=\"\" data-poster=\"\" data-autoplay=\"\" data-audiotitle=\"\" data-download-url=\"false\" href=\"https:\/\/www.mathezfreight.com\/wp-content\/uploads\/photo-lamborghini-nice-oct-2020-mti-12.jpg\"><div class=\"has-overlay\">\r\n\t\t\t\t\t\t\t\t\t\t\t\t\t<div class=\"carosel-image\">\r\n\t\t\t\t\t\t\t\t\t\t\t\t\t\t<img decoding=\"async\" src=\"https:\/\/www.mathezfreight.com\/wp-content\/uploads\/photo-lamborghini-nice-oct-2020-mti-12-900x600.jpg\" width=\"900\" height=\"600\" alt=\"Lamborghini Countach, au d\u00e9part de Nice\">\r\n\t\t\t\t\t\t\t\t\t\t\t\t\t<\/div>\r\n\r\n\t\t\t\t\t\t\t\t\t\t\t\t\t<div class=\"overlay-text\">\r\n\t\t\t\t\t\t\t\t\t\t\t\t\t\t<span>Lamborghini Countach, au d\u00e9part de Nice<\/span>\r\n\t\t\t\t\t\t\t\t\t\t\t\t\t\t<p>\u00a9 MATHEZ FREIGHT<\/p>\r\n\t\t\t\t\t\t\t\t\t\t\t\t\t<\/div>\r\n\t\t\t\t\t\t\t\t\t\t\t\t<\/div>\r\n\t\t\t\t\t\t\t\t\t\t\t\t<\/a><\/div><div class=\"boxed\"><a id=\"lightbox-968592\" class=\"imgeffect zoom rt_lightbox\" data-gal-id=\"slider-carousel-756561\" data-rel=\"rt_lightbox\" title=\"Agrandir la vue\" data-sub-html=\"Lamborghini Countach, au d\u00e9part de Nice<br>\u00a9 MATHEZ FREIGHT\" data-src=\"\" data-width=\"\" data-height=\"\" data-poster=\"\" data-autoplay=\"\" data-audiotitle=\"\" data-download-url=\"false\" href=\"https:\/\/www.mathezfreight.com\/wp-content\/uploads\/photo-lamborghini-nice-oct-2020-mti-13.jpg\"><div class=\"has-overlay\">\r\n\t\t\t\t\t\t\t\t\t\t\t\t\t<div class=\"carosel-image\">\r\n\t\t\t\t\t\t\t\t\t\t\t\t\t\t<img decoding=\"async\" src=\"https:\/\/www.mathezfreight.com\/wp-content\/uploads\/photo-lamborghini-nice-oct-2020-mti-13-900x600.jpg\" width=\"900\" height=\"600\" alt=\"Lamborghini Countach, au d\u00e9part de Nice\">\r\n\t\t\t\t\t\t\t\t\t\t\t\t\t<\/div>\r\n\r\n\t\t\t\t\t\t\t\t\t\t\t\t\t<div class=\"overlay-text\">\r\n\t\t\t\t\t\t\t\t\t\t\t\t\t\t<span>Lamborghini Countach, au d\u00e9part de Nice<\/span>\r\n\t\t\t\t\t\t\t\t\t\t\t\t\t\t<p>\u00a9 MATHEZ FREIGHT<\/p>\r\n\t\t\t\t\t\t\t\t\t\t\t\t\t<\/div>\r\n\t\t\t\t\t\t\t\t\t\t\t\t<\/div>\r\n\t\t\t\t\t\t\t\t\t\t\t\t<\/a><\/div><div class=\"boxed\"><a id=\"lightbox-722688\" class=\"imgeffect zoom rt_lightbox\" data-gal-id=\"slider-carousel-756561\" data-rel=\"rt_lightbox\" title=\"Agrandir la vue\" data-sub-html=\"Lamborghini Countach, au d\u00e9part de Nice<br>\u00a9 MATHEZ FREIGHT\" data-src=\"\" data-width=\"\" data-height=\"\" data-poster=\"\" data-autoplay=\"\" data-audiotitle=\"\" data-download-url=\"false\" href=\"https:\/\/www.mathezfreight.com\/wp-content\/uploads\/photo-lamborghini-nice-oct-2020-mti-12-1.jpg\"><div class=\"has-overlay\">\r\n\t\t\t\t\t\t\t\t\t\t\t\t\t<div class=\"carosel-image\">\r\n\t\t\t\t\t\t\t\t\t\t\t\t\t\t<img decoding=\"async\" src=\"https:\/\/www.mathezfreight.com\/wp-content\/uploads\/photo-lamborghini-nice-oct-2020-mti-12-1.jpg\" width=\"640\" height=\"480\" alt=\"Lamborghini Countach, au d\u00e9part de Nice\">\r\n\t\t\t\t\t\t\t\t\t\t\t\t\t<\/div>\r\n\r\n\t\t\t\t\t\t\t\t\t\t\t\t\t<div class=\"overlay-text\">\r\n\t\t\t\t\t\t\t\t\t\t\t\t\t\t<span>Lamborghini Countach, au d\u00e9part de Nice<\/span>\r\n\t\t\t\t\t\t\t\t\t\t\t\t\t\t<p>\u00a9 MATHEZ FREIGHT<\/p>\r\n\t\t\t\t\t\t\t\t\t\t\t\t\t<\/div>\r\n\t\t\t\t\t\t\t\t\t\t\t\t<\/div>\r\n\t\t\t\t\t\t\t\t\t\t\t\t<\/a><\/div><div class=\"boxed\"><a id=\"lightbox-306782\" class=\"imgeffect zoom rt_lightbox\" data-gal-id=\"slider-carousel-756561\" data-rel=\"rt_lightbox\" title=\"Agrandir la vue\" data-sub-html=\"Lamborghini Countach, au d\u00e9part de Nice<br>\u00a9 MATHEZ FREIGHT\" data-src=\"\" data-width=\"\" data-height=\"\" data-poster=\"\" data-autoplay=\"\" data-audiotitle=\"\" data-download-url=\"false\" href=\"https:\/\/www.mathezfreight.com\/wp-content\/uploads\/photo-lamborghini-nice-oct-2020-mti-4.jpg\"><div class=\"has-overlay\">\r\n\t\t\t\t\t\t\t\t\t\t\t\t\t<div class=\"carosel-image\">\r\n\t\t\t\t\t\t\t\t\t\t\t\t\t\t<img decoding=\"async\" src=\"https:\/\/www.mathezfreight.com\/wp-content\/uploads\/photo-lamborghini-nice-oct-2020-mti-4.jpg\" width=\"640\" height=\"480\" alt=\"Lamborghini Countach, au d\u00e9part de Nice\">\r\n\t\t\t\t\t\t\t\t\t\t\t\t\t<\/div>\r\n\r\n\t\t\t\t\t\t\t\t\t\t\t\t\t<div class=\"overlay-text\">\r\n\t\t\t\t\t\t\t\t\t\t\t\t\t\t<span>Lamborghini Countach, au d\u00e9part de Nice<\/span>\r\n\t\t\t\t\t\t\t\t\t\t\t\t\t\t<p>\u00a9 MATHEZ FREIGHT<\/p>\r\n\t\t\t\t\t\t\t\t\t\t\t\t\t<\/div>\r\n\t\t\t\t\t\t\t\t\t\t\t\t<\/div>\r\n\t\t\t\t\t\t\t\t\t\t\t\t<\/a><\/div><div class=\"boxed\"><a id=\"lightbox-297049\" class=\"imgeffect zoom rt_lightbox\" data-gal-id=\"slider-carousel-756561\" data-rel=\"rt_lightbox\" title=\"Agrandir la vue\" data-sub-html=\"Toyota F1, Salon mon\u00e9gasque<br>Cr\u00e9dit Boutsen  Classic Cars, Monaco\" data-src=\"\" data-width=\"\" data-height=\"\" data-poster=\"\" data-autoplay=\"\" data-audiotitle=\"\" data-download-url=\"false\" href=\"https:\/\/www.mathezfreight.com\/wp-content\/uploads\/photo-toyota-f1-salon-boutsen-2020.jpg\"><div class=\"has-overlay\">\r\n\t\t\t\t\t\t\t\t\t\t\t\t\t<div class=\"carosel-image\">\r\n\t\t\t\t\t\t\t\t\t\t\t\t\t\t<img decoding=\"async\" src=\"https:\/\/www.mathezfreight.com\/wp-content\/uploads\/photo-toyota-f1-salon-boutsen-2020-900x600.jpg\" width=\"900\" height=\"600\" alt=\"Toyota F1, Salon mon\u00e9gasque\">\r\n\t\t\t\t\t\t\t\t\t\t\t\t\t<\/div>\r\n\r\n\t\t\t\t\t\t\t\t\t\t\t\t\t<div class=\"overlay-text\">\r\n\t\t\t\t\t\t\t\t\t\t\t\t\t\t<span>Toyota F1, Salon mon\u00e9gasque<\/span>\r\n\t\t\t\t\t\t\t\t\t\t\t\t\t\t<p>Cr\u00e9dit Boutsen  Classic Cars, Monaco<\/p>\r\n\t\t\t\t\t\t\t\t\t\t\t\t\t<\/div>\r\n\t\t\t\t\t\t\t\t\t\t\t\t<\/div>\r\n\t\t\t\t\t\t\t\t\t\t\t\t<\/a><\/div><div class=\"boxed\"><a id=\"lightbox-524649\" class=\"imgeffect zoom rt_lightbox\" data-gal-id=\"slider-carousel-756561\" data-rel=\"rt_lightbox\" title=\"Agrandir la vue\" data-sub-html=\"Renault 5 turbo 1 de 1981<br>Cr\u00e9dit Boutsen Classic Cars Monaco\" data-src=\"\" data-width=\"\" data-height=\"\" data-poster=\"\" data-autoplay=\"\" data-audiotitle=\"\" data-download-url=\"false\" href=\"https:\/\/www.mathezfreight.com\/wp-content\/uploads\/photo-r5-back-credit-boutsen-2020.jpg\"><div class=\"has-overlay\">\r\n\t\t\t\t\t\t\t\t\t\t\t\t\t<div class=\"carosel-image\">\r\n\t\t\t\t\t\t\t\t\t\t\t\t\t\t<img decoding=\"async\" src=\"https:\/\/www.mathezfreight.com\/wp-content\/uploads\/photo-r5-back-credit-boutsen-2020-900x600.jpg\" width=\"900\" height=\"600\" alt=\"Renault 5 turbo 1 de 1981\">\r\n\t\t\t\t\t\t\t\t\t\t\t\t\t<\/div>\r\n\r\n\t\t\t\t\t\t\t\t\t\t\t\t\t<div class=\"overlay-text\">\r\n\t\t\t\t\t\t\t\t\t\t\t\t\t\t<span>Renault 5 turbo 1 de 1981<\/span>\r\n\t\t\t\t\t\t\t\t\t\t\t\t\t\t<p>Cr\u00e9dit Boutsen Classic Cars Monaco<\/p>\r\n\t\t\t\t\t\t\t\t\t\t\t\t\t<\/div>\r\n\t\t\t\t\t\t\t\t\t\t\t\t<\/div>\r\n\t\t\t\t\t\t\t\t\t\t\t\t<\/a><\/div><div class=\"boxed\"><a id=\"lightbox-500022\" class=\"imgeffect zoom rt_lightbox\" data-gal-id=\"slider-carousel-756561\" data-rel=\"rt_lightbox\" title=\"Agrandir la vue\" data-sub-html=\"Exportation d&#039;une Renault 5 turbo 1 de 1981 et une Toyota F1 showcar sur le Japon par FCL depuis Monaco &amp; Nice\" data-src=\"\" data-width=\"\" data-height=\"\" data-poster=\"\" data-autoplay=\"\" data-audiotitle=\"\" data-download-url=\"false\" href=\"https:\/\/www.mathezfreight.com\/wp-content\/uploads\/photo-2cars-aeroport-2020.jpg\"><div class=\"has-overlay\">\r\n\t\t\t\t\t\t\t\t\t\t\t\t\t<div class=\"carosel-image\">\r\n\t\t\t\t\t\t\t\t\t\t\t\t\t\t<img decoding=\"async\" src=\"https:\/\/www.mathezfreight.com\/wp-content\/uploads\/photo-2cars-aeroport-2020-900x600.jpg\" width=\"900\" height=\"600\" alt=\"Exportation d&#039;une Renault 5 turbo 1 de 1981 et une Toyota F1 showcar sur le Japon par FCL depuis Monaco &amp; Nice\">\r\n\t\t\t\t\t\t\t\t\t\t\t\t\t<\/div>\r\n\r\n\t\t\t\t\t\t\t\t\t\t\t\t\t<div class=\"overlay-text\">\r\n\t\t\t\t\t\t\t\t\t\t\t\t\t\t<span>Exportation d&#039;une Renault 5 turbo 1 de 1981 et une Toyota F1 showcar sur le Japon par FCL depuis Monaco &amp; Nice<\/span>\r\n\t\t\t\t\t\t\t\t\t\t\t\t\t\t\r\n\t\t\t\t\t\t\t\t\t\t\t\t\t<\/div>\r\n\t\t\t\t\t\t\t\t\t\t\t\t<\/div>\r\n\t\t\t\t\t\t\t\t\t\t\t\t<\/a><\/div><div class=\"boxed\"><a id=\"lightbox-398851\" class=\"imgeffect zoom rt_lightbox\" data-gal-id=\"slider-carousel-756561\" data-rel=\"rt_lightbox\" title=\"Agrandir la vue\" data-sub-html=\"Chargement et calage d&#039;une Toyota F1 dans conteneur 40\u2019 \u00e0 Nice, pour d\u00e9part en FCL \u00e0 destination du Japon\" data-src=\"\" data-width=\"\" data-height=\"\" data-poster=\"\" data-autoplay=\"\" data-audiotitle=\"\" data-download-url=\"false\" href=\"https:\/\/www.mathezfreight.com\/wp-content\/uploads\/photo-toyota-f1-camion-boutsen-2020.jpg\"><div class=\"has-overlay\">\r\n\t\t\t\t\t\t\t\t\t\t\t\t\t<div class=\"carosel-image\">\r\n\t\t\t\t\t\t\t\t\t\t\t\t\t\t<img decoding=\"async\" src=\"https:\/\/www.mathezfreight.com\/wp-content\/uploads\/photo-toyota-f1-camion-boutsen-2020-900x600.jpg\" width=\"900\" height=\"600\" alt=\"Chargement et calage d&#039;une Toyota F1 dans conteneur 40\u2019 \u00e0 Nice, pour d\u00e9part en FCL \u00e0 destination du Japon\">\r\n\t\t\t\t\t\t\t\t\t\t\t\t\t<\/div>\r\n\r\n\t\t\t\t\t\t\t\t\t\t\t\t\t<div class=\"overlay-text\">\r\n\t\t\t\t\t\t\t\t\t\t\t\t\t\t<span>Chargement et calage d&#039;une Toyota F1 dans conteneur 40\u2019 \u00e0 Nice, pour d\u00e9part en FCL \u00e0 destination du Japon<\/span>\r\n\t\t\t\t\t\t\t\t\t\t\t\t\t\t\r\n\t\t\t\t\t\t\t\t\t\t\t\t\t<\/div>\r\n\t\t\t\t\t\t\t\t\t\t\t\t<\/div>\r\n\t\t\t\t\t\t\t\t\t\t\t\t<\/a><\/div><div class=\"boxed\"><a id=\"lightbox-139800\" class=\"imgeffect zoom rt_lightbox\" data-gal-id=\"slider-carousel-756561\" data-rel=\"rt_lightbox\" title=\"Agrandir la vue\" data-sub-html=\"Chargement et calage d&#039;une Toyota F1 dans conteneur 40\u2019 \u00e0 Nice, pour d\u00e9part en FCL \u00e0 destination du Japon\" data-src=\"\" data-width=\"\" data-height=\"\" data-poster=\"\" data-autoplay=\"\" data-audiotitle=\"\" data-download-url=\"false\" href=\"https:\/\/www.mathezfreight.com\/wp-content\/uploads\/photo-toyota-f1-chargement-boutsen-2020.jpg\"><div class=\"has-overlay\">\r\n\t\t\t\t\t\t\t\t\t\t\t\t\t<div class=\"carosel-image\">\r\n\t\t\t\t\t\t\t\t\t\t\t\t\t\t<img decoding=\"async\" src=\"https:\/\/www.mathezfreight.com\/wp-content\/uploads\/photo-toyota-f1-chargement-boutsen-2020-900x600.jpg\" width=\"900\" height=\"600\" alt=\"Chargement et calage d&#039;une Toyota F1 dans conteneur 40\u2019 \u00e0 Nice, pour d\u00e9part en FCL \u00e0 destination du Japon\">\r\n\t\t\t\t\t\t\t\t\t\t\t\t\t<\/div>\r\n\r\n\t\t\t\t\t\t\t\t\t\t\t\t\t<div class=\"overlay-text\">\r\n\t\t\t\t\t\t\t\t\t\t\t\t\t\t<span>Chargement et calage d&#039;une Toyota F1 dans conteneur 40\u2019 \u00e0 Nice, pour d\u00e9part en FCL \u00e0 destination du Japon<\/span>\r\n\t\t\t\t\t\t\t\t\t\t\t\t\t\t\r\n\t\t\t\t\t\t\t\t\t\t\t\t\t<\/div>\r\n\t\t\t\t\t\t\t\t\t\t\t\t<\/div>\r\n\t\t\t\t\t\t\t\t\t\t\t\t<\/a><\/div><div class=\"boxed\"><a id=\"lightbox-290332\" class=\"imgeffect zoom rt_lightbox\" data-gal-id=\"slider-carousel-756561\" data-rel=\"rt_lightbox\" title=\"Agrandir la vue\" data-sub-html=\"Renault 5 turbo 1 de 1981 au d\u00e9part de Nice vers le Japon\" data-src=\"\" data-width=\"\" data-height=\"\" data-poster=\"\" data-autoplay=\"\" data-audiotitle=\"\" data-download-url=\"false\" href=\"https:\/\/www.mathezfreight.com\/wp-content\/uploads\/photo-r5-side-boutsen-2020.jpg\"><div class=\"has-overlay\">\r\n\t\t\t\t\t\t\t\t\t\t\t\t\t<div class=\"carosel-image\">\r\n\t\t\t\t\t\t\t\t\t\t\t\t\t\t<img decoding=\"async\" src=\"https:\/\/www.mathezfreight.com\/wp-content\/uploads\/photo-r5-side-boutsen-2020-900x600.jpg\" width=\"900\" height=\"600\" alt=\"Renault 5 turbo 1 de 1981 au d\u00e9part de Nice vers le Japon\">\r\n\t\t\t\t\t\t\t\t\t\t\t\t\t<\/div>\r\n\r\n\t\t\t\t\t\t\t\t\t\t\t\t\t<div class=\"overlay-text\">\r\n\t\t\t\t\t\t\t\t\t\t\t\t\t\t<span>Renault 5 turbo 1 de 1981 au d\u00e9part de Nice vers le Japon<\/span>\r\n\t\t\t\t\t\t\t\t\t\t\t\t\t\t\r\n\t\t\t\t\t\t\t\t\t\t\t\t\t<\/div>\r\n\t\t\t\t\t\t\t\t\t\t\t\t<\/div>\r\n\t\t\t\t\t\t\t\t\t\t\t\t<\/a><\/div><div class=\"boxed\"><a id=\"lightbox-969411\" class=\"imgeffect zoom rt_lightbox\" data-gal-id=\"slider-carousel-756561\" data-rel=\"rt_lightbox\" title=\"Agrandir la vue\" data-sub-html=\"Pagani Huayra Roadster C9R\" data-src=\"\" data-width=\"\" data-height=\"\" data-poster=\"\" data-autoplay=\"\" data-audiotitle=\"\" data-download-url=\"false\" href=\"https:\/\/www.mathezfreight.com\/wp-content\/uploads\/photo-pagani-huayra-roadster-c9r-back.jpg\"><div class=\"has-overlay\">\r\n\t\t\t\t\t\t\t\t\t\t\t\t\t<div class=\"carosel-image\">\r\n\t\t\t\t\t\t\t\t\t\t\t\t\t\t<img decoding=\"async\" src=\"https:\/\/www.mathezfreight.com\/wp-content\/uploads\/photo-pagani-huayra-roadster-c9r-back-900x600.jpg\" width=\"900\" height=\"600\" alt=\"Pagani Huayra Roadster C9R, d\u00e9douan\u00e9e et immatricul\u00e9e \u00e0 Monaco par MATHEZ MONACO\">\r\n\t\t\t\t\t\t\t\t\t\t\t\t\t<\/div>\r\n\r\n\t\t\t\t\t\t\t\t\t\t\t\t\t<div class=\"overlay-text\">\r\n\t\t\t\t\t\t\t\t\t\t\t\t\t\t<span>Pagani Huayra Roadster C9R<\/span>\r\n\t\t\t\t\t\t\t\t\t\t\t\t\t\t\r\n\t\t\t\t\t\t\t\t\t\t\t\t\t<\/div>\r\n\t\t\t\t\t\t\t\t\t\t\t\t<\/div>\r\n\t\t\t\t\t\t\t\t\t\t\t\t<\/a><\/div><div class=\"boxed\"><a id=\"lightbox-302663\" class=\"imgeffect zoom rt_lightbox\" data-gal-id=\"slider-carousel-756561\" data-rel=\"rt_lightbox\" title=\"Agrandir la vue\" data-sub-html=\"Voiture de Rallye en route pour un Marseille Lusaka avec son carnet ATA en r\u00e8gle!<br>\u00a9 MATHEZ FREIGHT\" data-src=\"\" data-width=\"\" data-height=\"\" data-poster=\"\" data-autoplay=\"\" data-audiotitle=\"\" data-download-url=\"false\" href=\"https:\/\/www.mathezfreight.com\/wp-content\/uploads\/photo-voitu-re-oreca-marseille-lusaka.jpg\"><div class=\"has-overlay\">\r\n\t\t\t\t\t\t\t\t\t\t\t\t\t<div class=\"carosel-image\">\r\n\t\t\t\t\t\t\t\t\t\t\t\t\t\t<img decoding=\"async\" src=\"https:\/\/www.mathezfreight.com\/wp-content\/uploads\/photo-voitu-re-oreca-marseille-lusaka-900x600.jpg\" width=\"900\" height=\"600\" alt=\"Voiture de Rallye en route pour un Marseille Lusaka avec son carnet ATA en r\u00e8gle!\">\r\n\t\t\t\t\t\t\t\t\t\t\t\t\t<\/div>\r\n\r\n\t\t\t\t\t\t\t\t\t\t\t\t\t<div class=\"overlay-text\">\r\n\t\t\t\t\t\t\t\t\t\t\t\t\t\t<span>Voiture de Rallye en route pour un Marseille Lusaka avec son carnet ATA en r\u00e8gle!<\/span>\r\n\t\t\t\t\t\t\t\t\t\t\t\t\t\t<p>\u00a9 MATHEZ FREIGHT<\/p>\r\n\t\t\t\t\t\t\t\t\t\t\t\t\t<\/div>\r\n\t\t\t\t\t\t\t\t\t\t\t\t<\/div>\r\n\t\t\t\t\t\t\t\t\t\t\t\t<\/a><\/div><div class=\"boxed\"><a id=\"lightbox-815066\" class=\"imgeffect zoom rt_lightbox\" data-gal-id=\"slider-carousel-756561\" data-rel=\"rt_lightbox\" title=\"Agrandir la vue\" data-sub-html=\"Transport international de v\u00e9hicules de luxe\" data-src=\"\" data-width=\"\" data-height=\"\" data-poster=\"\" data-autoplay=\"\" data-audiotitle=\"\" data-download-url=\"false\" href=\"https:\/\/www.mathezfreight.com\/wp-content\/uploads\/photo-voitures-divers-nsp-36.jpg\"><div class=\"has-overlay\">\r\n\t\t\t\t\t\t\t\t\t\t\t\t\t<div class=\"carosel-image\">\r\n\t\t\t\t\t\t\t\t\t\t\t\t\t\t<img decoding=\"async\" src=\"https:\/\/www.mathezfreight.com\/wp-content\/uploads\/photo-voitures-divers-nsp-36-900x600.jpg\" width=\"900\" height=\"600\" alt=\"Transport international de v\u00e9hicules de luxe\">\r\n\t\t\t\t\t\t\t\t\t\t\t\t\t<\/div>\r\n\r\n\t\t\t\t\t\t\t\t\t\t\t\t\t<div class=\"overlay-text\">\r\n\t\t\t\t\t\t\t\t\t\t\t\t\t\t<span>Transport international de v\u00e9hicules de luxe<\/span>\r\n\t\t\t\t\t\t\t\t\t\t\t\t\t\t\r\n\t\t\t\t\t\t\t\t\t\t\t\t\t<\/div>\r\n\t\t\t\t\t\t\t\t\t\t\t\t<\/div>\r\n\t\t\t\t\t\t\t\t\t\t\t\t<\/a><\/div><div class=\"boxed\"><a id=\"lightbox-261982\" class=\"imgeffect zoom rt_lightbox\" data-gal-id=\"slider-carousel-756561\" data-rel=\"rt_lightbox\" title=\"Agrandir la vue\" data-sub-html=\"Transport international de v\u00e9hicules de luxe - Rolls Royce\" data-src=\"\" data-width=\"\" data-height=\"\" data-poster=\"\" data-autoplay=\"\" data-audiotitle=\"\" data-download-url=\"false\" href=\"https:\/\/www.mathezfreight.com\/wp-content\/uploads\/photo-rolls-royce-noire-nice-2017-17-blur.jpg\"><div class=\"has-overlay\">\r\n\t\t\t\t\t\t\t\t\t\t\t\t\t<div class=\"carosel-image\">\r\n\t\t\t\t\t\t\t\t\t\t\t\t\t\t<img decoding=\"async\" src=\"https:\/\/www.mathezfreight.com\/wp-content\/uploads\/photo-rolls-royce-noire-nice-2017-17-blur-900x600.jpg\" width=\"900\" height=\"600\" alt=\"Transport international de v\u00e9hicules de luxe - Rolls Royce\">\r\n\t\t\t\t\t\t\t\t\t\t\t\t\t<\/div>\r\n\r\n\t\t\t\t\t\t\t\t\t\t\t\t\t<div class=\"overlay-text\">\r\n\t\t\t\t\t\t\t\t\t\t\t\t\t\t<span>Transport international de v\u00e9hicules de luxe - Rolls Royce<\/span>\r\n\t\t\t\t\t\t\t\t\t\t\t\t\t\t\r\n\t\t\t\t\t\t\t\t\t\t\t\t\t<\/div>\r\n\t\t\t\t\t\t\t\t\t\t\t\t<\/div>\r\n\t\t\t\t\t\t\t\t\t\t\t\t<\/a><\/div><div class=\"boxed\"><a id=\"lightbox-441079\" class=\"imgeffect zoom rt_lightbox\" data-gal-id=\"slider-carousel-756561\" data-rel=\"rt_lightbox\" title=\"Agrandir la vue\" data-sub-html=\"Transport international de v\u00e9hicules de luxe - Rolls Royce\" data-src=\"\" data-width=\"\" data-height=\"\" data-poster=\"\" data-autoplay=\"\" data-audiotitle=\"\" data-download-url=\"false\" href=\"https:\/\/www.mathezfreight.com\/wp-content\/uploads\/photo-rolls-royce-noire-nice-2017-5.jpg\"><div class=\"has-overlay\">\r\n\t\t\t\t\t\t\t\t\t\t\t\t\t<div class=\"carosel-image\">\r\n\t\t\t\t\t\t\t\t\t\t\t\t\t\t<img decoding=\"async\" src=\"https:\/\/www.mathezfreight.com\/wp-content\/uploads\/photo-rolls-royce-noire-nice-2017-5-900x600.jpg\" width=\"900\" height=\"600\" alt=\"Transport international de v\u00e9hicules de luxe - Rolls Royce\">\r\n\t\t\t\t\t\t\t\t\t\t\t\t\t<\/div>\r\n\r\n\t\t\t\t\t\t\t\t\t\t\t\t\t<div class=\"overlay-text\">\r\n\t\t\t\t\t\t\t\t\t\t\t\t\t\t<span>Transport international de v\u00e9hicules de luxe - Rolls Royce<\/span>\r\n\t\t\t\t\t\t\t\t\t\t\t\t\t\t\r\n\t\t\t\t\t\t\t\t\t\t\t\t\t<\/div>\r\n\t\t\t\t\t\t\t\t\t\t\t\t<\/div>\r\n\t\t\t\t\t\t\t\t\t\t\t\t<\/a><\/div><div class=\"boxed\"><a id=\"lightbox-828454\" class=\"imgeffect zoom rt_lightbox\" data-gal-id=\"slider-carousel-756561\" data-rel=\"rt_lightbox\" title=\"Agrandir la vue\" data-sub-html=\"Transport a\u00e9rien de voitures de luxe - a\u00e9roport de Nice\" data-src=\"\" data-width=\"\" data-height=\"\" data-poster=\"\" data-autoplay=\"\" data-audiotitle=\"\" data-download-url=\"false\" href=\"https:\/\/www.mathezfreight.com\/wp-content\/uploads\/photo-voiture-mti-1.jpg\"><div class=\"has-overlay\">\r\n\t\t\t\t\t\t\t\t\t\t\t\t\t<div class=\"carosel-image\">\r\n\t\t\t\t\t\t\t\t\t\t\t\t\t\t<img decoding=\"async\" src=\"https:\/\/www.mathezfreight.com\/wp-content\/uploads\/photo-voiture-mti-1-900x600.jpg\" width=\"900\" height=\"600\" alt=\"Transport a\u00e9rien de voitures de luxe - a\u00e9roport de Nice\">\r\n\t\t\t\t\t\t\t\t\t\t\t\t\t<\/div>\r\n\r\n\t\t\t\t\t\t\t\t\t\t\t\t\t<div class=\"overlay-text\">\r\n\t\t\t\t\t\t\t\t\t\t\t\t\t\t<span>Transport a\u00e9rien de voitures de luxe - a\u00e9roport de Nice<\/span>\r\n\t\t\t\t\t\t\t\t\t\t\t\t\t\t\r\n\t\t\t\t\t\t\t\t\t\t\t\t\t<\/div>\r\n\t\t\t\t\t\t\t\t\t\t\t\t<\/div>\r\n\t\t\t\t\t\t\t\t\t\t\t\t<\/a><\/div><div class=\"boxed\"><a id=\"lightbox-270733\" class=\"imgeffect zoom rt_lightbox\" data-gal-id=\"slider-carousel-756561\" data-rel=\"rt_lightbox\" title=\"Agrandir la vue\" data-sub-html=\"Fret A\u00e9rien: transport  d&#039;une Bugatti<br>\u00a9 MATHEZ FREIGHT\" data-src=\"\" data-width=\"\" data-height=\"\" data-poster=\"\" data-autoplay=\"\" data-audiotitle=\"\" data-download-url=\"false\" href=\"https:\/\/www.mathezfreight.com\/wp-content\/uploads\/photo-air-bugatti-nice-mti.jpg\"><div class=\"has-overlay\">\r\n\t\t\t\t\t\t\t\t\t\t\t\t\t<div class=\"carosel-image\">\r\n\t\t\t\t\t\t\t\t\t\t\t\t\t\t<img decoding=\"async\" src=\"https:\/\/www.mathezfreight.com\/wp-content\/uploads\/photo-air-bugatti-nice-mti-900x600.jpg\" width=\"900\" height=\"600\" alt=\"Fret A\u00e9rien: transport d&#039;une Bugatti\">\r\n\t\t\t\t\t\t\t\t\t\t\t\t\t<\/div>\r\n\r\n\t\t\t\t\t\t\t\t\t\t\t\t\t<div class=\"overlay-text\">\r\n\t\t\t\t\t\t\t\t\t\t\t\t\t\t<span>Fret A\u00e9rien: transport  d&#039;une Bugatti<\/span>\r\n\t\t\t\t\t\t\t\t\t\t\t\t\t\t<p>\u00a9 MATHEZ FREIGHT<\/p>\r\n\t\t\t\t\t\t\t\t\t\t\t\t\t<\/div>\r\n\t\t\t\t\t\t\t\t\t\t\t\t<\/div>\r\n\t\t\t\t\t\t\t\t\t\t\t\t<\/a><\/div><div class=\"boxed\"><a id=\"lightbox-913598\" class=\"imgeffect zoom rt_lightbox\" data-gal-id=\"slider-carousel-756561\" data-rel=\"rt_lightbox\" title=\"Agrandir la vue\" data-sub-html=\"Transport a\u00e9rien de voiture de luxe - a\u00e9roport de Nice\" data-src=\"\" data-width=\"\" data-height=\"\" data-poster=\"\" data-autoplay=\"\" data-audiotitle=\"\" data-download-url=\"false\" href=\"https:\/\/www.mathezfreight.com\/wp-content\/uploads\/photo-voiture-vintage-mti.jpg\"><div class=\"has-overlay\">\r\n\t\t\t\t\t\t\t\t\t\t\t\t\t<div class=\"carosel-image\">\r\n\t\t\t\t\t\t\t\t\t\t\t\t\t\t<img decoding=\"async\" src=\"https:\/\/www.mathezfreight.com\/wp-content\/uploads\/photo-voiture-vintage-mti-900x600.jpg\" width=\"900\" height=\"600\" alt=\"Transport a\u00e9rien de voiture de luxe - a\u00e9roport de Nice\">\r\n\t\t\t\t\t\t\t\t\t\t\t\t\t<\/div>\r\n\r\n\t\t\t\t\t\t\t\t\t\t\t\t\t<div class=\"overlay-text\">\r\n\t\t\t\t\t\t\t\t\t\t\t\t\t\t<span>Transport a\u00e9rien de voiture de luxe - a\u00e9roport de Nice<\/span>\r\n\t\t\t\t\t\t\t\t\t\t\t\t\t\t\r\n\t\t\t\t\t\t\t\t\t\t\t\t\t<\/div>\r\n\t\t\t\t\t\t\t\t\t\t\t\t<\/div>\r\n\t\t\t\t\t\t\t\t\t\t\t\t<\/a><\/div><div class=\"boxed\"><a id=\"lightbox-220165\" class=\"imgeffect zoom rt_lightbox\" data-gal-id=\"slider-carousel-756561\" data-rel=\"rt_lightbox\" title=\"Agrandir la vue\" data-sub-html=\"Transport international de v\u00e9hicules de luxe - Mercedes\" data-src=\"\" data-width=\"\" data-height=\"\" data-poster=\"\" data-autoplay=\"\" data-audiotitle=\"\" data-download-url=\"false\" href=\"https:\/\/www.mathezfreight.com\/wp-content\/uploads\/photo-mercedes-rouge-nice-2017-27.jpg\"><div class=\"has-overlay\">\r\n\t\t\t\t\t\t\t\t\t\t\t\t\t<div class=\"carosel-image\">\r\n\t\t\t\t\t\t\t\t\t\t\t\t\t\t<img decoding=\"async\" src=\"https:\/\/www.mathezfreight.com\/wp-content\/uploads\/photo-mercedes-rouge-nice-2017-27-900x600.jpg\" width=\"900\" height=\"600\" alt=\"Transport international de v\u00e9hicules de luxe - Mercedes\">\r\n\t\t\t\t\t\t\t\t\t\t\t\t\t<\/div>\r\n\r\n\t\t\t\t\t\t\t\t\t\t\t\t\t<div class=\"overlay-text\">\r\n\t\t\t\t\t\t\t\t\t\t\t\t\t\t<span>Transport international de v\u00e9hicules de luxe - Mercedes<\/span>\r\n\t\t\t\t\t\t\t\t\t\t\t\t\t\t\r\n\t\t\t\t\t\t\t\t\t\t\t\t\t<\/div>\r\n\t\t\t\t\t\t\t\t\t\t\t\t<\/div>\r\n\t\t\t\t\t\t\t\t\t\t\t\t<\/a><\/div><div class=\"boxed\"><a id=\"lightbox-745550\" class=\"imgeffect zoom rt_lightbox\" data-gal-id=\"slider-carousel-756561\" data-rel=\"rt_lightbox\" title=\"Agrandir la vue\" data-sub-html=\"Transport international de v\u00e9hicules de luxe\" data-src=\"\" data-width=\"\" data-height=\"\" data-poster=\"\" data-autoplay=\"\" data-audiotitle=\"\" data-download-url=\"false\" href=\"https:\/\/www.mathezfreight.com\/wp-content\/uploads\/photo-mercedes-rouge-nice-2017-6-blur.jpg\"><div class=\"has-overlay\">\r\n\t\t\t\t\t\t\t\t\t\t\t\t\t<div class=\"carosel-image\">\r\n\t\t\t\t\t\t\t\t\t\t\t\t\t\t<img decoding=\"async\" src=\"https:\/\/www.mathezfreight.com\/wp-content\/uploads\/photo-mercedes-rouge-nice-2017-6-blur-900x600.jpg\" width=\"900\" height=\"600\" alt=\"Transport international de v\u00e9hicules de luxe\">\r\n\t\t\t\t\t\t\t\t\t\t\t\t\t<\/div>\r\n\r\n\t\t\t\t\t\t\t\t\t\t\t\t\t<div class=\"overlay-text\">\r\n\t\t\t\t\t\t\t\t\t\t\t\t\t\t<span>Transport international de v\u00e9hicules de luxe<\/span>\r\n\t\t\t\t\t\t\t\t\t\t\t\t\t\t\r\n\t\t\t\t\t\t\t\t\t\t\t\t\t<\/div>\r\n\t\t\t\t\t\t\t\t\t\t\t\t<\/div>\r\n\t\t\t\t\t\t\t\t\t\t\t\t<\/a><\/div><div class=\"boxed\"><a id=\"lightbox-512735\" class=\"imgeffect zoom rt_lightbox\" data-gal-id=\"slider-carousel-756561\" data-rel=\"rt_lightbox\" title=\"Agrandir la vue\" data-sub-html=\"Transport international de v\u00e9hicules de luxe - Mercedes\" data-src=\"\" data-width=\"\" data-height=\"\" data-poster=\"\" data-autoplay=\"\" data-audiotitle=\"\" data-download-url=\"false\" href=\"https:\/\/www.mathezfreight.com\/wp-content\/uploads\/photo-mercedes-rouge-nice-2017-2-blur.jpg\"><div class=\"has-overlay\">\r\n\t\t\t\t\t\t\t\t\t\t\t\t\t<div class=\"carosel-image\">\r\n\t\t\t\t\t\t\t\t\t\t\t\t\t\t<img decoding=\"async\" src=\"https:\/\/www.mathezfreight.com\/wp-content\/uploads\/photo-mercedes-rouge-nice-2017-2-blur-900x600.jpg\" width=\"900\" height=\"600\" alt=\"Transport international de v\u00e9hicules de luxe - Mercedes\">\r\n\t\t\t\t\t\t\t\t\t\t\t\t\t<\/div>\r\n\r\n\t\t\t\t\t\t\t\t\t\t\t\t\t<div class=\"overlay-text\">\r\n\t\t\t\t\t\t\t\t\t\t\t\t\t\t<span>Transport international de v\u00e9hicules de luxe - Mercedes<\/span>\r\n\t\t\t\t\t\t\t\t\t\t\t\t\t\t\r\n\t\t\t\t\t\t\t\t\t\t\t\t\t<\/div>\r\n\t\t\t\t\t\t\t\t\t\t\t\t<\/div>\r\n\t\t\t\t\t\t\t\t\t\t\t\t<\/a><\/div><div class=\"boxed\"><a id=\"lightbox-104439\" class=\"imgeffect zoom rt_lightbox\" data-gal-id=\"slider-carousel-756561\" data-rel=\"rt_lightbox\" title=\"Agrandir la vue\" data-sub-html=\"Transport international de v\u00e9hicules de luxe - Mercedes\" data-src=\"\" data-width=\"\" data-height=\"\" data-poster=\"\" data-autoplay=\"\" data-audiotitle=\"\" data-download-url=\"false\" href=\"https:\/\/www.mathezfreight.com\/wp-content\/uploads\/photo-mercedes-blanche-2014-1.jpg\"><div class=\"has-overlay\">\r\n\t\t\t\t\t\t\t\t\t\t\t\t\t<div class=\"carosel-image\">\r\n\t\t\t\t\t\t\t\t\t\t\t\t\t\t<img decoding=\"async\" src=\"https:\/\/www.mathezfreight.com\/wp-content\/uploads\/photo-mercedes-blanche-2014-1-900x600.jpg\" width=\"900\" height=\"600\" alt=\"Transport international de v\u00e9hicules de luxe - Mercedes\">\r\n\t\t\t\t\t\t\t\t\t\t\t\t\t<\/div>\r\n\r\n\t\t\t\t\t\t\t\t\t\t\t\t\t<div class=\"overlay-text\">\r\n\t\t\t\t\t\t\t\t\t\t\t\t\t\t<span>Transport international de v\u00e9hicules de luxe - Mercedes<\/span>\r\n\t\t\t\t\t\t\t\t\t\t\t\t\t\t\r\n\t\t\t\t\t\t\t\t\t\t\t\t\t<\/div>\r\n\t\t\t\t\t\t\t\t\t\t\t\t<\/div>\r\n\t\t\t\t\t\t\t\t\t\t\t\t<\/a><\/div><div class=\"boxed\"><a id=\"lightbox-996485\" class=\"imgeffect zoom rt_lightbox\" data-gal-id=\"slider-carousel-756561\" data-rel=\"rt_lightbox\" title=\"Agrandir la vue\" data-sub-html=\"Transport international de v\u00e9hicules de luxe - Mercedes\" data-src=\"\" data-width=\"\" data-height=\"\" data-poster=\"\" data-autoplay=\"\" data-audiotitle=\"\" data-download-url=\"false\" href=\"https:\/\/www.mathezfreight.com\/wp-content\/uploads\/photo-mercedes-jaune-nice-2017-4-blur.jpg\"><div class=\"has-overlay\">\r\n\t\t\t\t\t\t\t\t\t\t\t\t\t<div class=\"carosel-image\">\r\n\t\t\t\t\t\t\t\t\t\t\t\t\t\t<img decoding=\"async\" src=\"https:\/\/www.mathezfreight.com\/wp-content\/uploads\/photo-mercedes-jaune-nice-2017-4-blur-900x600.jpg\" width=\"900\" height=\"600\" alt=\"Transport international de v\u00e9hicules de luxe - Mercedes\">\r\n\t\t\t\t\t\t\t\t\t\t\t\t\t<\/div>\r\n\r\n\t\t\t\t\t\t\t\t\t\t\t\t\t<div class=\"overlay-text\">\r\n\t\t\t\t\t\t\t\t\t\t\t\t\t\t<span>Transport international de v\u00e9hicules de luxe - Mercedes<\/span>\r\n\t\t\t\t\t\t\t\t\t\t\t\t\t\t\r\n\t\t\t\t\t\t\t\t\t\t\t\t\t<\/div>\r\n\t\t\t\t\t\t\t\t\t\t\t\t<\/div>\r\n\t\t\t\t\t\t\t\t\t\t\t\t<\/a><\/div><div class=\"boxed\"><a id=\"lightbox-955781\" class=\"imgeffect zoom rt_lightbox\" data-gal-id=\"slider-carousel-756561\" data-rel=\"rt_lightbox\" title=\"Agrandir la vue\" data-sub-html=\"Transport international de v\u00e9hicules de luxe - Mercedes\" data-src=\"\" data-width=\"\" data-height=\"\" data-poster=\"\" data-autoplay=\"\" data-audiotitle=\"\" data-download-url=\"false\" href=\"https:\/\/www.mathezfreight.com\/wp-content\/uploads\/photo-mercedes-container-2017-10.jpg\"><div class=\"has-overlay\">\r\n\t\t\t\t\t\t\t\t\t\t\t\t\t<div class=\"carosel-image\">\r\n\t\t\t\t\t\t\t\t\t\t\t\t\t\t<img decoding=\"async\" src=\"https:\/\/www.mathezfreight.com\/wp-content\/uploads\/photo-mercedes-container-2017-10-900x600.jpg\" width=\"900\" height=\"600\" alt=\"Transport international de v\u00e9hicules de luxe - Mercedes\">\r\n\t\t\t\t\t\t\t\t\t\t\t\t\t<\/div>\r\n\r\n\t\t\t\t\t\t\t\t\t\t\t\t\t<div class=\"overlay-text\">\r\n\t\t\t\t\t\t\t\t\t\t\t\t\t\t<span>Transport international de v\u00e9hicules de luxe - Mercedes<\/span>\r\n\t\t\t\t\t\t\t\t\t\t\t\t\t\t\r\n\t\t\t\t\t\t\t\t\t\t\t\t\t<\/div>\r\n\t\t\t\t\t\t\t\t\t\t\t\t<\/div>\r\n\t\t\t\t\t\t\t\t\t\t\t\t<\/a><\/div><div class=\"boxed\"><a id=\"lightbox-195912\" class=\"imgeffect zoom rt_lightbox\" data-gal-id=\"slider-carousel-756561\" data-rel=\"rt_lightbox\" title=\"Agrandir la vue\" data-sub-html=\"Transport international de v\u00e9hicules de luxe - Ferrari\" data-src=\"\" data-width=\"\" data-height=\"\" data-poster=\"\" data-autoplay=\"\" data-audiotitle=\"\" data-download-url=\"false\" href=\"https:\/\/www.mathezfreight.com\/wp-content\/uploads\/photo-ferrari-apm-mti-2012-3.jpg\"><div class=\"has-overlay\">\r\n\t\t\t\t\t\t\t\t\t\t\t\t\t<div class=\"carosel-image\">\r\n\t\t\t\t\t\t\t\t\t\t\t\t\t\t<img decoding=\"async\" src=\"https:\/\/www.mathezfreight.com\/wp-content\/uploads\/photo-ferrari-apm-mti-2012-3-900x600.jpg\" width=\"900\" height=\"600\" alt=\"Transport international de v\u00e9hicules de luxe - Ferrari\">\r\n\t\t\t\t\t\t\t\t\t\t\t\t\t<\/div>\r\n\r\n\t\t\t\t\t\t\t\t\t\t\t\t\t<div class=\"overlay-text\">\r\n\t\t\t\t\t\t\t\t\t\t\t\t\t\t<span>Transport international de v\u00e9hicules de luxe - Ferrari<\/span>\r\n\t\t\t\t\t\t\t\t\t\t\t\t\t\t\r\n\t\t\t\t\t\t\t\t\t\t\t\t\t<\/div>\r\n\t\t\t\t\t\t\t\t\t\t\t\t<\/div>\r\n\t\t\t\t\t\t\t\t\t\t\t\t<\/a><\/div><div class=\"boxed\"><a id=\"lightbox-406180\" class=\"imgeffect zoom rt_lightbox\" data-gal-id=\"slider-carousel-756561\" data-rel=\"rt_lightbox\" title=\"Agrandir la vue\" data-sub-html=\"Transport international de v\u00e9hicules de luxe - Ferrari\" data-src=\"\" data-width=\"\" data-height=\"\" data-poster=\"\" data-autoplay=\"\" data-audiotitle=\"\" data-download-url=\"false\" href=\"https:\/\/www.mathezfreight.com\/wp-content\/uploads\/photo-ferrari-apm-mti-2012-5.jpg\"><div class=\"has-overlay\">\r\n\t\t\t\t\t\t\t\t\t\t\t\t\t<div class=\"carosel-image\">\r\n\t\t\t\t\t\t\t\t\t\t\t\t\t\t<img decoding=\"async\" src=\"https:\/\/www.mathezfreight.com\/wp-content\/uploads\/photo-ferrari-apm-mti-2012-5-900x600.jpg\" width=\"900\" height=\"600\" alt=\"Transport international de v\u00e9hicules de luxe - Ferrari\">\r\n\t\t\t\t\t\t\t\t\t\t\t\t\t<\/div>\r\n\r\n\t\t\t\t\t\t\t\t\t\t\t\t\t<div class=\"overlay-text\">\r\n\t\t\t\t\t\t\t\t\t\t\t\t\t\t<span>Transport international de v\u00e9hicules de luxe - Ferrari<\/span>\r\n\t\t\t\t\t\t\t\t\t\t\t\t\t\t\r\n\t\t\t\t\t\t\t\t\t\t\t\t\t<\/div>\r\n\t\t\t\t\t\t\t\t\t\t\t\t<\/div>\r\n\t\t\t\t\t\t\t\t\t\t\t\t<\/a><\/div><div class=\"boxed\"><a id=\"lightbox-796167\" class=\"imgeffect zoom rt_lightbox\" data-gal-id=\"slider-carousel-756561\" data-rel=\"rt_lightbox\" title=\"Agrandir la vue\" data-sub-html=\"Transport international de v\u00e9hicules de luxe - Bugatti\" data-src=\"\" data-width=\"\" data-height=\"\" data-poster=\"\" data-autoplay=\"\" data-audiotitle=\"\" data-download-url=\"false\" href=\"https:\/\/www.mathezfreight.com\/wp-content\/uploads\/photo-bugatti-veyron-sin-2017-17.jpg\"><div class=\"has-overlay\">\r\n\t\t\t\t\t\t\t\t\t\t\t\t\t<div class=\"carosel-image\">\r\n\t\t\t\t\t\t\t\t\t\t\t\t\t\t<img decoding=\"async\" src=\"https:\/\/www.mathezfreight.com\/wp-content\/uploads\/photo-bugatti-veyron-sin-2017-17-900x600.jpg\" width=\"900\" height=\"600\" alt=\"Transport international de v\u00e9hicules de luxe - Bugatti\">\r\n\t\t\t\t\t\t\t\t\t\t\t\t\t<\/div>\r\n\r\n\t\t\t\t\t\t\t\t\t\t\t\t\t<div class=\"overlay-text\">\r\n\t\t\t\t\t\t\t\t\t\t\t\t\t\t<span>Transport international de v\u00e9hicules de luxe - Bugatti<\/span>\r\n\t\t\t\t\t\t\t\t\t\t\t\t\t\t\r\n\t\t\t\t\t\t\t\t\t\t\t\t\t<\/div>\r\n\t\t\t\t\t\t\t\t\t\t\t\t<\/div>\r\n\t\t\t\t\t\t\t\t\t\t\t\t<\/a><\/div><div class=\"boxed\"><a id=\"lightbox-269385\" class=\"imgeffect zoom rt_lightbox\" data-gal-id=\"slider-carousel-756561\" data-rel=\"rt_lightbox\" title=\"Agrandir la vue\" data-sub-html=\"Transport international de v\u00e9hicules de luxe - Bugatti\" data-src=\"\" data-width=\"\" data-height=\"\" data-poster=\"\" data-autoplay=\"\" data-audiotitle=\"\" data-download-url=\"false\" href=\"https:\/\/www.mathezfreight.com\/wp-content\/uploads\/photo-bugatti-veyron-sin-2017-9.jpg\"><div class=\"has-overlay\">\r\n\t\t\t\t\t\t\t\t\t\t\t\t\t<div class=\"carosel-image\">\r\n\t\t\t\t\t\t\t\t\t\t\t\t\t\t<img decoding=\"async\" src=\"https:\/\/www.mathezfreight.com\/wp-content\/uploads\/photo-bugatti-veyron-sin-2017-9-900x600.jpg\" width=\"900\" height=\"600\" alt=\"Transport international de v\u00e9hicules de luxe - Bugatti\">\r\n\t\t\t\t\t\t\t\t\t\t\t\t\t<\/div>\r\n\r\n\t\t\t\t\t\t\t\t\t\t\t\t\t<div class=\"overlay-text\">\r\n\t\t\t\t\t\t\t\t\t\t\t\t\t\t<span>Transport international de v\u00e9hicules de luxe - Bugatti<\/span>\r\n\t\t\t\t\t\t\t\t\t\t\t\t\t\t\r\n\t\t\t\t\t\t\t\t\t\t\t\t\t<\/div>\r\n\t\t\t\t\t\t\t\t\t\t\t\t<\/div>\r\n\t\t\t\t\t\t\t\t\t\t\t\t<\/a><\/div><div class=\"boxed\"><a id=\"lightbox-482022\" class=\"imgeffect zoom rt_lightbox\" data-gal-id=\"slider-carousel-756561\" data-rel=\"rt_lightbox\" title=\"Agrandir la vue\" data-sub-html=\"Transport international de v\u00e9hicules de luxe - Bugatti\" data-src=\"\" data-width=\"\" data-height=\"\" data-poster=\"\" data-autoplay=\"\" data-audiotitle=\"\" data-download-url=\"false\" href=\"https:\/\/www.mathezfreight.com\/wp-content\/uploads\/photo-bugatti-veyron-sin-2017-4.jpg\"><div class=\"has-overlay\">\r\n\t\t\t\t\t\t\t\t\t\t\t\t\t<div class=\"carosel-image\">\r\n\t\t\t\t\t\t\t\t\t\t\t\t\t\t<img decoding=\"async\" src=\"https:\/\/www.mathezfreight.com\/wp-content\/uploads\/photo-bugatti-veyron-sin-2017-4-900x600.jpg\" width=\"900\" height=\"600\" alt=\"Transport international de v\u00e9hicules de luxe - Bugatti\">\r\n\t\t\t\t\t\t\t\t\t\t\t\t\t<\/div>\r\n\r\n\t\t\t\t\t\t\t\t\t\t\t\t\t<div class=\"overlay-text\">\r\n\t\t\t\t\t\t\t\t\t\t\t\t\t\t<span>Transport international de v\u00e9hicules de luxe - Bugatti<\/span>\r\n\t\t\t\t\t\t\t\t\t\t\t\t\t\t\r\n\t\t\t\t\t\t\t\t\t\t\t\t\t<\/div>\r\n\t\t\t\t\t\t\t\t\t\t\t\t<\/div>\r\n\t\t\t\t\t\t\t\t\t\t\t\t<\/a><\/div><div class=\"boxed\"><a id=\"lightbox-771401\" class=\"imgeffect zoom rt_lightbox\" data-gal-id=\"slider-carousel-756561\" data-rel=\"rt_lightbox\" title=\"Agrandir la vue\" data-sub-html=\"Transport international de v\u00e9hicules de luxe - Mulsanne\" data-src=\"\" data-width=\"\" data-height=\"\" data-poster=\"\" data-autoplay=\"\" data-audiotitle=\"\" data-download-url=\"false\" href=\"https:\/\/www.mathezfreight.com\/wp-content\/uploads\/photo-bentley-mulsanne-nice-2017-17.jpg\"><div class=\"has-overlay\">\r\n\t\t\t\t\t\t\t\t\t\t\t\t\t<div class=\"carosel-image\">\r\n\t\t\t\t\t\t\t\t\t\t\t\t\t\t<img decoding=\"async\" src=\"https:\/\/www.mathezfreight.com\/wp-content\/uploads\/photo-bentley-mulsanne-nice-2017-17-900x600.jpg\" width=\"900\" height=\"600\" alt=\"Transport international de v\u00e9hicules de luxe - Mulsanne\">\r\n\t\t\t\t\t\t\t\t\t\t\t\t\t<\/div>\r\n\r\n\t\t\t\t\t\t\t\t\t\t\t\t\t<div class=\"overlay-text\">\r\n\t\t\t\t\t\t\t\t\t\t\t\t\t\t<span>Transport international de v\u00e9hicules de luxe - Mulsanne<\/span>\r\n\t\t\t\t\t\t\t\t\t\t\t\t\t\t\r\n\t\t\t\t\t\t\t\t\t\t\t\t\t<\/div>\r\n\t\t\t\t\t\t\t\t\t\t\t\t<\/div>\r\n\t\t\t\t\t\t\t\t\t\t\t\t<\/a><\/div><div class=\"boxed\"><a id=\"lightbox-698108\" class=\"imgeffect zoom rt_lightbox\" data-gal-id=\"slider-carousel-756561\" data-rel=\"rt_lightbox\" title=\"Agrandir la vue\" data-sub-html=\"Transport international de v\u00e9hicules de luxe - Mulsanne\" data-src=\"\" data-width=\"\" data-height=\"\" data-poster=\"\" data-autoplay=\"\" data-audiotitle=\"\" data-download-url=\"false\" href=\"https:\/\/www.mathezfreight.com\/wp-content\/uploads\/photo-bentley-mulsanne-nice-2017-11.jpg\"><div class=\"has-overlay\">\r\n\t\t\t\t\t\t\t\t\t\t\t\t\t<div class=\"carosel-image\">\r\n\t\t\t\t\t\t\t\t\t\t\t\t\t\t<img decoding=\"async\" src=\"https:\/\/www.mathezfreight.com\/wp-content\/uploads\/photo-bentley-mulsanne-nice-2017-11-900x600.jpg\" width=\"900\" height=\"600\" alt=\"Transport international de v\u00e9hicules de luxe - Mulsanne\">\r\n\t\t\t\t\t\t\t\t\t\t\t\t\t<\/div>\r\n\r\n\t\t\t\t\t\t\t\t\t\t\t\t\t<div class=\"overlay-text\">\r\n\t\t\t\t\t\t\t\t\t\t\t\t\t\t<span>Transport international de v\u00e9hicules de luxe - Mulsanne<\/span>\r\n\t\t\t\t\t\t\t\t\t\t\t\t\t\t\r\n\t\t\t\t\t\t\t\t\t\t\t\t\t<\/div>\r\n\t\t\t\t\t\t\t\t\t\t\t\t<\/div>\r\n\t\t\t\t\t\t\t\t\t\t\t\t<\/a><\/div><div class=\"boxed\"><a id=\"lightbox-635176\" class=\"imgeffect zoom rt_lightbox\" data-gal-id=\"slider-carousel-756561\" data-rel=\"rt_lightbox\" title=\"Agrandir la vue\" data-sub-html=\"Transport international de v\u00e9hicules de luxe - Mercedes\" data-src=\"\" data-width=\"\" data-height=\"\" data-poster=\"\" data-autoplay=\"\" data-audiotitle=\"\" data-download-url=\"false\" href=\"https:\/\/www.mathezfreight.com\/wp-content\/uploads\/photo-mercedes-blanche-2014-5.jpg\"><div class=\"has-overlay\">\r\n\t\t\t\t\t\t\t\t\t\t\t\t\t<div class=\"carosel-image\">\r\n\t\t\t\t\t\t\t\t\t\t\t\t\t\t<img decoding=\"async\" src=\"https:\/\/www.mathezfreight.com\/wp-content\/uploads\/photo-mercedes-blanche-2014-5-900x600.jpg\" width=\"900\" height=\"600\" alt=\"Transport international de v\u00e9hicules de luxe - Mercedes\">\r\n\t\t\t\t\t\t\t\t\t\t\t\t\t<\/div>\r\n\r\n\t\t\t\t\t\t\t\t\t\t\t\t\t<div class=\"overlay-text\">\r\n\t\t\t\t\t\t\t\t\t\t\t\t\t\t<span>Transport international de v\u00e9hicules de luxe - Mercedes<\/span>\r\n\t\t\t\t\t\t\t\t\t\t\t\t\t\t\r\n\t\t\t\t\t\t\t\t\t\t\t\t\t<\/div>\r\n\t\t\t\t\t\t\t\t\t\t\t\t<\/div>\r\n\t\t\t\t\t\t\t\t\t\t\t\t<\/a><\/div><div class=\"boxed\"><a id=\"lightbox-887683\" class=\"imgeffect zoom rt_lightbox\" data-gal-id=\"slider-carousel-756561\" data-rel=\"rt_lightbox\" title=\"Agrandir la vue\" data-sub-html=\"Transport international de v\u00e9hicules de luxe - Mulsanne\" data-src=\"\" data-width=\"\" data-height=\"\" data-poster=\"\" data-autoplay=\"\" data-audiotitle=\"\" data-download-url=\"false\" href=\"https:\/\/www.mathezfreight.com\/wp-content\/uploads\/photo-bentley-mulsanne-nice-2017-5.jpg\"><div class=\"has-overlay\">\r\n\t\t\t\t\t\t\t\t\t\t\t\t\t<div class=\"carosel-image\">\r\n\t\t\t\t\t\t\t\t\t\t\t\t\t\t<img decoding=\"async\" src=\"https:\/\/www.mathezfreight.com\/wp-content\/uploads\/photo-bentley-mulsanne-nice-2017-5-900x600.jpg\" width=\"900\" height=\"600\" alt=\"Transport international de v\u00e9hicules de luxe - Mulsanne\">\r\n\t\t\t\t\t\t\t\t\t\t\t\t\t<\/div>\r\n\r\n\t\t\t\t\t\t\t\t\t\t\t\t\t<div class=\"overlay-text\">\r\n\t\t\t\t\t\t\t\t\t\t\t\t\t\t<span>Transport international de v\u00e9hicules de luxe - Mulsanne<\/span>\r\n\t\t\t\t\t\t\t\t\t\t\t\t\t\t\r\n\t\t\t\t\t\t\t\t\t\t\t\t\t<\/div>\r\n\t\t\t\t\t\t\t\t\t\t\t\t<\/div>\r\n\t\t\t\t\t\t\t\t\t\t\t\t<\/a><\/div><div class=\"boxed\"><a id=\"lightbox-552785\" class=\"imgeffect zoom rt_lightbox\" data-gal-id=\"slider-carousel-756561\" data-rel=\"rt_lightbox\" title=\"Agrandir la vue\" data-sub-html=\"Transport international de v\u00e9hicules de luxe\" data-src=\"\" data-width=\"\" data-height=\"\" data-poster=\"\" data-autoplay=\"\" data-audiotitle=\"\" data-download-url=\"false\" href=\"https:\/\/www.mathezfreight.com\/wp-content\/uploads\/photo-bentley-mulsanne-nice-2017-13-blur.jpg\"><div class=\"has-overlay\">\r\n\t\t\t\t\t\t\t\t\t\t\t\t\t<div class=\"carosel-image\">\r\n\t\t\t\t\t\t\t\t\t\t\t\t\t\t<img decoding=\"async\" src=\"https:\/\/www.mathezfreight.com\/wp-content\/uploads\/photo-bentley-mulsanne-nice-2017-13-blur-900x600.jpg\" width=\"900\" height=\"600\" alt=\"Transport international de v\u00e9hicules de luxe\">\r\n\t\t\t\t\t\t\t\t\t\t\t\t\t<\/div>\r\n\r\n\t\t\t\t\t\t\t\t\t\t\t\t\t<div class=\"overlay-text\">\r\n\t\t\t\t\t\t\t\t\t\t\t\t\t\t<span>Transport international de v\u00e9hicules de luxe<\/span>\r\n\t\t\t\t\t\t\t\t\t\t\t\t\t\t\r\n\t\t\t\t\t\t\t\t\t\t\t\t\t<\/div>\r\n\t\t\t\t\t\t\t\t\t\t\t\t<\/div>\r\n\t\t\t\t\t\t\t\t\t\t\t\t<\/a><\/div><div class=\"boxed\"><a id=\"lightbox-319055\" class=\"imgeffect zoom rt_lightbox\" data-gal-id=\"slider-carousel-756561\" data-rel=\"rt_lightbox\" title=\"Agrandir la vue\" data-sub-html=\"Transport international de v\u00e9hicules de luxe - Mulsanne\" data-src=\"\" data-width=\"\" data-height=\"\" data-poster=\"\" data-autoplay=\"\" data-audiotitle=\"\" data-download-url=\"false\" href=\"https:\/\/www.mathezfreight.com\/wp-content\/uploads\/photo-bentley-mulsanne-nice-2017-1.jpg\"><div class=\"has-overlay\">\r\n\t\t\t\t\t\t\t\t\t\t\t\t\t<div class=\"carosel-image\">\r\n\t\t\t\t\t\t\t\t\t\t\t\t\t\t<img decoding=\"async\" src=\"https:\/\/www.mathezfreight.com\/wp-content\/uploads\/photo-bentley-mulsanne-nice-2017-1-900x600.jpg\" width=\"900\" height=\"600\" alt=\"Transport international de v\u00e9hicules de luxe - Mulsanne\">\r\n\t\t\t\t\t\t\t\t\t\t\t\t\t<\/div>\r\n\r\n\t\t\t\t\t\t\t\t\t\t\t\t\t<div class=\"overlay-text\">\r\n\t\t\t\t\t\t\t\t\t\t\t\t\t\t<span>Transport international de v\u00e9hicules de luxe - Mulsanne<\/span>\r\n\t\t\t\t\t\t\t\t\t\t\t\t\t\t\r\n\t\t\t\t\t\t\t\t\t\t\t\t\t<\/div>\r\n\t\t\t\t\t\t\t\t\t\t\t\t<\/div>\r\n\t\t\t\t\t\t\t\t\t\t\t\t<\/a><\/div><div class=\"boxed\"><a id=\"lightbox-667811\" class=\"imgeffect zoom rt_lightbox\" data-gal-id=\"slider-carousel-756561\" data-rel=\"rt_lightbox\" title=\"Agrandir la vue\" data-sub-html=\"Transport international de v\u00e9hicules de luxe\" data-src=\"\" data-width=\"\" data-height=\"\" data-poster=\"\" data-autoplay=\"\" data-audiotitle=\"\" data-download-url=\"false\" href=\"https:\/\/www.mathezfreight.com\/wp-content\/uploads\/photo-ferrari-f355-mti-2018-3-blur.jpg\"><div class=\"has-overlay\">\r\n\t\t\t\t\t\t\t\t\t\t\t\t\t<div class=\"carosel-image\">\r\n\t\t\t\t\t\t\t\t\t\t\t\t\t\t<img decoding=\"async\" src=\"https:\/\/www.mathezfreight.com\/wp-content\/uploads\/photo-ferrari-f355-mti-2018-3-blur-900x600.jpg\" width=\"900\" height=\"600\" alt=\"Transport international de v\u00e9hicules de luxe\">\r\n\t\t\t\t\t\t\t\t\t\t\t\t\t<\/div>\r\n\r\n\t\t\t\t\t\t\t\t\t\t\t\t\t<div class=\"overlay-text\">\r\n\t\t\t\t\t\t\t\t\t\t\t\t\t\t<span>Transport international de v\u00e9hicules de luxe<\/span>\r\n\t\t\t\t\t\t\t\t\t\t\t\t\t\t\r\n\t\t\t\t\t\t\t\t\t\t\t\t\t<\/div>\r\n\t\t\t\t\t\t\t\t\t\t\t\t<\/div>\r\n\t\t\t\t\t\t\t\t\t\t\t\t<\/a><\/div><div class=\"boxed\"><a id=\"lightbox-283667\" class=\"imgeffect zoom rt_lightbox\" data-gal-id=\"slider-carousel-756561\" data-rel=\"rt_lightbox\" title=\"Agrandir la vue\" data-sub-html=\"Transport international de v\u00e9hicules - Landcruiser\" data-src=\"\" data-width=\"\" data-height=\"\" data-poster=\"\" data-autoplay=\"\" data-audiotitle=\"\" data-download-url=\"false\" href=\"https:\/\/www.mathezfreight.com\/wp-content\/uploads\/photo-armored-landcruiser-milipol-2017-2.jpg\"><div class=\"has-overlay\">\r\n\t\t\t\t\t\t\t\t\t\t\t\t\t<div class=\"carosel-image\">\r\n\t\t\t\t\t\t\t\t\t\t\t\t\t\t<img decoding=\"async\" src=\"https:\/\/www.mathezfreight.com\/wp-content\/uploads\/photo-armored-landcruiser-milipol-2017-2-900x600.jpg\" width=\"900\" height=\"600\" alt=\"Transport international de v\u00e9hicules - Landcruiser\">\r\n\t\t\t\t\t\t\t\t\t\t\t\t\t<\/div>\r\n\r\n\t\t\t\t\t\t\t\t\t\t\t\t\t<div class=\"overlay-text\">\r\n\t\t\t\t\t\t\t\t\t\t\t\t\t\t<span>Transport international de v\u00e9hicules - Landcruiser<\/span>\r\n\t\t\t\t\t\t\t\t\t\t\t\t\t\t\r\n\t\t\t\t\t\t\t\t\t\t\t\t\t<\/div>\r\n\t\t\t\t\t\t\t\t\t\t\t\t<\/div>\r\n\t\t\t\t\t\t\t\t\t\t\t\t<\/a><\/div><div class=\"boxed\"><a id=\"lightbox-704021\" class=\"imgeffect zoom rt_lightbox\" data-gal-id=\"slider-carousel-756561\" data-rel=\"rt_lightbox\" title=\"Agrandir la vue\" data-sub-html=\"Transport international de v\u00e9hicules - Bentley\" data-src=\"\" data-width=\"\" data-height=\"\" data-poster=\"\" data-autoplay=\"\" data-audiotitle=\"\" data-download-url=\"false\" href=\"https:\/\/www.mathezfreight.com\/wp-content\/uploads\/photo-4x4-bentley-nice-2017-26.jpg\"><div class=\"has-overlay\">\r\n\t\t\t\t\t\t\t\t\t\t\t\t\t<div class=\"carosel-image\">\r\n\t\t\t\t\t\t\t\t\t\t\t\t\t\t<img decoding=\"async\" src=\"https:\/\/www.mathezfreight.com\/wp-content\/uploads\/photo-4x4-bentley-nice-2017-26-900x600.jpg\" width=\"900\" height=\"600\" alt=\"Transport international de v\u00e9hicules - Bentley\">\r\n\t\t\t\t\t\t\t\t\t\t\t\t\t<\/div>\r\n\r\n\t\t\t\t\t\t\t\t\t\t\t\t\t<div class=\"overlay-text\">\r\n\t\t\t\t\t\t\t\t\t\t\t\t\t\t<span>Transport international de v\u00e9hicules - Bentley<\/span>\r\n\t\t\t\t\t\t\t\t\t\t\t\t\t\t\r\n\t\t\t\t\t\t\t\t\t\t\t\t\t<\/div>\r\n\t\t\t\t\t\t\t\t\t\t\t\t<\/div>\r\n\t\t\t\t\t\t\t\t\t\t\t\t<\/a><\/div><div class=\"boxed\"><a id=\"lightbox-712261\" class=\"imgeffect zoom rt_lightbox\" data-gal-id=\"slider-carousel-756561\" data-rel=\"rt_lightbox\" title=\"Agrandir la vue\" data-sub-html=\"Transport international de v\u00e9hicules de luxe - Bentley\" data-src=\"\" data-width=\"\" data-height=\"\" data-poster=\"\" data-autoplay=\"\" data-audiotitle=\"\" data-download-url=\"false\" href=\"https:\/\/www.mathezfreight.com\/wp-content\/uploads\/photo-4x4-bentley-nice-2017-20.jpg\"><div class=\"has-overlay\">\r\n\t\t\t\t\t\t\t\t\t\t\t\t\t<div class=\"carosel-image\">\r\n\t\t\t\t\t\t\t\t\t\t\t\t\t\t<img decoding=\"async\" src=\"https:\/\/www.mathezfreight.com\/wp-content\/uploads\/photo-4x4-bentley-nice-2017-20-900x600.jpg\" width=\"900\" height=\"600\" alt=\"Transport international de v\u00e9hicules de luxe - Bentley\">\r\n\t\t\t\t\t\t\t\t\t\t\t\t\t<\/div>\r\n\r\n\t\t\t\t\t\t\t\t\t\t\t\t\t<div class=\"overlay-text\">\r\n\t\t\t\t\t\t\t\t\t\t\t\t\t\t<span>Transport international de v\u00e9hicules de luxe - Bentley<\/span>\r\n\t\t\t\t\t\t\t\t\t\t\t\t\t\t\r\n\t\t\t\t\t\t\t\t\t\t\t\t\t<\/div>\r\n\t\t\t\t\t\t\t\t\t\t\t\t<\/div>\r\n\t\t\t\t\t\t\t\t\t\t\t\t<\/a><\/div><div class=\"boxed\"><a id=\"lightbox-468804\" class=\"imgeffect zoom rt_lightbox\" data-gal-id=\"slider-carousel-756561\" data-rel=\"rt_lightbox\" title=\"Agrandir la vue\" data-sub-html=\"Transport international de v\u00e9hicules de luxe - Bentley\" data-src=\"\" data-width=\"\" data-height=\"\" data-poster=\"\" data-autoplay=\"\" data-audiotitle=\"\" data-download-url=\"false\" href=\"https:\/\/www.mathezfreight.com\/wp-content\/uploads\/photo-4x4-bentley-nice-2017-8-blur.jpg\"><div class=\"has-overlay\">\r\n\t\t\t\t\t\t\t\t\t\t\t\t\t<div class=\"carosel-image\">\r\n\t\t\t\t\t\t\t\t\t\t\t\t\t\t<img decoding=\"async\" src=\"https:\/\/www.mathezfreight.com\/wp-content\/uploads\/photo-4x4-bentley-nice-2017-8-blur-900x600.jpg\" width=\"900\" height=\"600\" alt=\"Transport international de v\u00e9hicules de luxe - Bentley\">\r\n\t\t\t\t\t\t\t\t\t\t\t\t\t<\/div>\r\n\r\n\t\t\t\t\t\t\t\t\t\t\t\t\t<div class=\"overlay-text\">\r\n\t\t\t\t\t\t\t\t\t\t\t\t\t\t<span>Transport international de v\u00e9hicules de luxe - Bentley<\/span>\r\n\t\t\t\t\t\t\t\t\t\t\t\t\t\t\r\n\t\t\t\t\t\t\t\t\t\t\t\t\t<\/div>\r\n\t\t\t\t\t\t\t\t\t\t\t\t<\/div>\r\n\t\t\t\t\t\t\t\t\t\t\t\t<\/a><\/div><div class=\"boxed\"><a id=\"lightbox-242735\" class=\"imgeffect zoom rt_lightbox\" data-gal-id=\"slider-carousel-756561\" data-rel=\"rt_lightbox\" title=\"Agrandir la vue\" data-sub-html=\"Transport international de v\u00e9hicules de luxe<br>\u00a9 MATHEZ FREIGHT (AL)\" data-src=\"\" data-width=\"\" data-height=\"\" data-poster=\"\" data-autoplay=\"\" data-audiotitle=\"\" data-download-url=\"false\" href=\"https:\/\/www.mathezfreight.com\/wp-content\/uploads\/voitures-container-2017-nice-9.jpg\"><div class=\"has-overlay\">\r\n\t\t\t\t\t\t\t\t\t\t\t\t\t<div class=\"carosel-image\">\r\n\t\t\t\t\t\t\t\t\t\t\t\t\t\t<img decoding=\"async\" src=\"https:\/\/www.mathezfreight.com\/wp-content\/uploads\/voitures-container-2017-nice-9-900x600.jpg\" width=\"900\" height=\"600\" alt=\"Transport international de v\u00e9hicules de luxe\">\r\n\t\t\t\t\t\t\t\t\t\t\t\t\t<\/div>\r\n\r\n\t\t\t\t\t\t\t\t\t\t\t\t\t<div class=\"overlay-text\">\r\n\t\t\t\t\t\t\t\t\t\t\t\t\t\t<span>Transport international de v\u00e9hicules de luxe<\/span>\r\n\t\t\t\t\t\t\t\t\t\t\t\t\t\t<p>\u00a9 MATHEZ FREIGHT (AL)<\/p>\r\n\t\t\t\t\t\t\t\t\t\t\t\t\t<\/div>\r\n\t\t\t\t\t\t\t\t\t\t\t\t<\/div>\r\n\t\t\t\t\t\t\t\t\t\t\t\t<\/a><\/div><div class=\"boxed\"><a id=\"lightbox-424419\" class=\"imgeffect zoom rt_lightbox\" data-gal-id=\"slider-carousel-756561\" data-rel=\"rt_lightbox\" title=\"Agrandir la vue\" data-sub-html=\"Transport international de v\u00e9hicules de luxe - BMW\" data-src=\"\" data-width=\"\" data-height=\"\" data-poster=\"\" data-autoplay=\"\" data-audiotitle=\"\" data-download-url=\"false\" href=\"https:\/\/www.mathezfreight.com\/wp-content\/uploads\/photo-bmw-koweit-nice-2018-1.jpg\"><div class=\"has-overlay\">\r\n\t\t\t\t\t\t\t\t\t\t\t\t\t<div class=\"carosel-image\">\r\n\t\t\t\t\t\t\t\t\t\t\t\t\t\t<img decoding=\"async\" src=\"https:\/\/www.mathezfreight.com\/wp-content\/uploads\/photo-bmw-koweit-nice-2018-1-900x600.jpg\" width=\"900\" height=\"600\" alt=\"Transport international de v\u00e9hicules de luxe - BMW\">\r\n\t\t\t\t\t\t\t\t\t\t\t\t\t<\/div>\r\n\r\n\t\t\t\t\t\t\t\t\t\t\t\t\t<div class=\"overlay-text\">\r\n\t\t\t\t\t\t\t\t\t\t\t\t\t\t<span>Transport international de v\u00e9hicules de luxe - BMW<\/span>\r\n\t\t\t\t\t\t\t\t\t\t\t\t\t\t\r\n\t\t\t\t\t\t\t\t\t\t\t\t\t<\/div>\r\n\t\t\t\t\t\t\t\t\t\t\t\t<\/div>\r\n\t\t\t\t\t\t\t\t\t\t\t\t<\/a><\/div><div class=\"boxed\"><a id=\"lightbox-768057\" class=\"imgeffect zoom rt_lightbox\" data-gal-id=\"slider-carousel-756561\" data-rel=\"rt_lightbox\" title=\"Agrandir la vue\" data-sub-html=\"Transport international de v\u00e9hicules de luxe - Mac Laren\" data-src=\"\" data-width=\"\" data-height=\"\" data-poster=\"\" data-autoplay=\"\" data-audiotitle=\"\" data-download-url=\"false\" href=\"https:\/\/www.mathezfreight.com\/wp-content\/uploads\/photo-maclaren-nice-2018-1.jpg\"><div class=\"has-overlay\">\r\n\t\t\t\t\t\t\t\t\t\t\t\t\t<div class=\"carosel-image\">\r\n\t\t\t\t\t\t\t\t\t\t\t\t\t\t<img decoding=\"async\" src=\"https:\/\/www.mathezfreight.com\/wp-content\/uploads\/photo-maclaren-nice-2018-1-900x600.jpg\" width=\"900\" height=\"600\" alt=\"Transport international de v\u00e9hicules de luxe - Mac Laren\">\r\n\t\t\t\t\t\t\t\t\t\t\t\t\t<\/div>\r\n\r\n\t\t\t\t\t\t\t\t\t\t\t\t\t<div class=\"overlay-text\">\r\n\t\t\t\t\t\t\t\t\t\t\t\t\t\t<span>Transport international de v\u00e9hicules de luxe - Mac Laren<\/span>\r\n\t\t\t\t\t\t\t\t\t\t\t\t\t\t\r\n\t\t\t\t\t\t\t\t\t\t\t\t\t<\/div>\r\n\t\t\t\t\t\t\t\t\t\t\t\t<\/div>\r\n\t\t\t\t\t\t\t\t\t\t\t\t<\/a><\/div><div class=\"boxed\"><a id=\"lightbox-441219\" class=\"imgeffect zoom rt_lightbox\" data-gal-id=\"slider-carousel-756561\" data-rel=\"rt_lightbox\" title=\"Agrandir la vue\" data-sub-html=\"Transport international de v\u00e9hicules de luxe - Lamborghini\" data-src=\"\" data-width=\"\" data-height=\"\" data-poster=\"\" data-autoplay=\"\" data-audiotitle=\"\" data-download-url=\"false\" href=\"https:\/\/www.mathezfreight.com\/wp-content\/uploads\/photo-lamborghini-aventador-2016-1.jpg\"><div class=\"has-overlay\">\r\n\t\t\t\t\t\t\t\t\t\t\t\t\t<div class=\"carosel-image\">\r\n\t\t\t\t\t\t\t\t\t\t\t\t\t\t<img decoding=\"async\" src=\"https:\/\/www.mathezfreight.com\/wp-content\/uploads\/photo-lamborghini-aventador-2016-1.jpg\" width=\"640\" height=\"480\" alt=\"Transport international de v\u00e9hicules de luxe - Lamborghini\">\r\n\t\t\t\t\t\t\t\t\t\t\t\t\t<\/div>\r\n\r\n\t\t\t\t\t\t\t\t\t\t\t\t\t<div class=\"overlay-text\">\r\n\t\t\t\t\t\t\t\t\t\t\t\t\t\t<span>Transport international de v\u00e9hicules de luxe - Lamborghini<\/span>\r\n\t\t\t\t\t\t\t\t\t\t\t\t\t\t\r\n\t\t\t\t\t\t\t\t\t\t\t\t\t<\/div>\r\n\t\t\t\t\t\t\t\t\t\t\t\t<\/div>\r\n\t\t\t\t\t\t\t\t\t\t\t\t<\/a><\/div><div class=\"boxed\"><a id=\"lightbox-251862\" class=\"imgeffect zoom rt_lightbox\" data-gal-id=\"slider-carousel-756561\" data-rel=\"rt_lightbox\" title=\"Agrandir la vue\" data-sub-html=\"Transport international de v\u00e9hicules de luxe\" data-src=\"\" data-width=\"\" data-height=\"\" data-poster=\"\" data-autoplay=\"\" data-audiotitle=\"\" data-download-url=\"false\" href=\"https:\/\/www.mathezfreight.com\/wp-content\/uploads\/photo-voitures-divers-nsp-47.jpg\"><div class=\"has-overlay\">\r\n\t\t\t\t\t\t\t\t\t\t\t\t\t<div class=\"carosel-image\">\r\n\t\t\t\t\t\t\t\t\t\t\t\t\t\t<img decoding=\"async\" src=\"https:\/\/www.mathezfreight.com\/wp-content\/uploads\/photo-voitures-divers-nsp-47.jpg\" width=\"640\" height=\"480\" alt=\"Transport international de v\u00e9hicules de luxe\">\r\n\t\t\t\t\t\t\t\t\t\t\t\t\t<\/div>\r\n\r\n\t\t\t\t\t\t\t\t\t\t\t\t\t<div class=\"overlay-text\">\r\n\t\t\t\t\t\t\t\t\t\t\t\t\t\t<span>Transport international de v\u00e9hicules de luxe<\/span>\r\n\t\t\t\t\t\t\t\t\t\t\t\t\t\t\r\n\t\t\t\t\t\t\t\t\t\t\t\t\t<\/div>\r\n\t\t\t\t\t\t\t\t\t\t\t\t<\/div>\r\n\t\t\t\t\t\t\t\t\t\t\t\t<\/a><\/div><div class=\"boxed\"><a id=\"lightbox-960607\" class=\"imgeffect zoom rt_lightbox\" data-gal-id=\"slider-carousel-756561\" data-rel=\"rt_lightbox\" title=\"Agrandir la vue\" data-sub-html=\"Transport international de v\u00e9hicules de luxe\" data-src=\"\" data-width=\"\" data-height=\"\" data-poster=\"\" data-autoplay=\"\" data-audiotitle=\"\" data-download-url=\"false\" href=\"https:\/\/www.mathezfreight.com\/wp-content\/uploads\/photo-voitures-divers-nsp-57.jpg\"><div class=\"has-overlay\">\r\n\t\t\t\t\t\t\t\t\t\t\t\t\t<div class=\"carosel-image\">\r\n\t\t\t\t\t\t\t\t\t\t\t\t\t\t<img decoding=\"async\" src=\"https:\/\/www.mathezfreight.com\/wp-content\/uploads\/photo-voitures-divers-nsp-57.jpg\" width=\"552\" height=\"368\" alt=\"Transport international de v\u00e9hicules de luxe\">\r\n\t\t\t\t\t\t\t\t\t\t\t\t\t<\/div>\r\n\r\n\t\t\t\t\t\t\t\t\t\t\t\t\t<div class=\"overlay-text\">\r\n\t\t\t\t\t\t\t\t\t\t\t\t\t\t<span>Transport international de v\u00e9hicules de luxe<\/span>\r\n\t\t\t\t\t\t\t\t\t\t\t\t\t\t\r\n\t\t\t\t\t\t\t\t\t\t\t\t\t<\/div>\r\n\t\t\t\t\t\t\t\t\t\t\t\t<\/div>\r\n\t\t\t\t\t\t\t\t\t\t\t\t<\/a><\/div><div class=\"boxed\"><a id=\"lightbox-667630\" class=\"imgeffect zoom rt_lightbox\" data-gal-id=\"slider-carousel-756561\" data-rel=\"rt_lightbox\" title=\"Agrandir la vue\" data-sub-html=\"Transport international de v\u00e9hicules de luxe\" data-src=\"\" data-width=\"\" data-height=\"\" data-poster=\"\" data-autoplay=\"\" data-audiotitle=\"\" data-download-url=\"false\" href=\"https:\/\/www.mathezfreight.com\/wp-content\/uploads\/photo-voitures-divers-nsp-56-blur.jpg\"><div class=\"has-overlay\">\r\n\t\t\t\t\t\t\t\t\t\t\t\t\t<div class=\"carosel-image\">\r\n\t\t\t\t\t\t\t\t\t\t\t\t\t\t<img decoding=\"async\" src=\"https:\/\/www.mathezfreight.com\/wp-content\/uploads\/photo-voitures-divers-nsp-56-blur.jpg\" width=\"640\" height=\"480\" alt=\"Transport international de v\u00e9hicules de luxe\">\r\n\t\t\t\t\t\t\t\t\t\t\t\t\t<\/div>\r\n\r\n\t\t\t\t\t\t\t\t\t\t\t\t\t<div class=\"overlay-text\">\r\n\t\t\t\t\t\t\t\t\t\t\t\t\t\t<span>Transport international de v\u00e9hicules de luxe<\/span>\r\n\t\t\t\t\t\t\t\t\t\t\t\t\t\t\r\n\t\t\t\t\t\t\t\t\t\t\t\t\t<\/div>\r\n\t\t\t\t\t\t\t\t\t\t\t\t<\/div>\r\n\t\t\t\t\t\t\t\t\t\t\t\t<\/a><\/div><div class=\"boxed\"><a id=\"lightbox-943302\" class=\"imgeffect zoom rt_lightbox\" data-gal-id=\"slider-carousel-756561\" data-rel=\"rt_lightbox\" title=\"Agrandir la vue\" data-sub-html=\"Transport a\u00e9rien de voiture de luxe- a\u00e9roport de Nice\" data-src=\"\" data-width=\"\" data-height=\"\" data-poster=\"\" data-autoplay=\"\" data-audiotitle=\"\" data-download-url=\"false\" href=\"https:\/\/www.mathezfreight.com\/wp-content\/uploads\/photo-voiture-rouge-petite.jpg\"><div class=\"has-overlay\">\r\n\t\t\t\t\t\t\t\t\t\t\t\t\t<div class=\"carosel-image\">\r\n\t\t\t\t\t\t\t\t\t\t\t\t\t\t<img decoding=\"async\" src=\"https:\/\/www.mathezfreight.com\/wp-content\/uploads\/photo-voiture-rouge-petite.jpg\" width=\"865\" height=\"508\" alt=\"Transport a\u00e9rien de voiture de luxe- a\u00e9roport de Nice\">\r\n\t\t\t\t\t\t\t\t\t\t\t\t\t<\/div>\r\n\r\n\t\t\t\t\t\t\t\t\t\t\t\t\t<div class=\"overlay-text\">\r\n\t\t\t\t\t\t\t\t\t\t\t\t\t\t<span>Transport a\u00e9rien de voiture de luxe- a\u00e9roport de Nice<\/span>\r\n\t\t\t\t\t\t\t\t\t\t\t\t\t\t\r\n\t\t\t\t\t\t\t\t\t\t\t\t\t<\/div>\r\n\t\t\t\t\t\t\t\t\t\t\t\t<\/div>\r\n\t\t\t\t\t\t\t\t\t\t\t\t<\/a><\/div><div class=\"boxed\"><a id=\"lightbox-714924\" class=\"imgeffect zoom rt_lightbox\" data-gal-id=\"slider-carousel-756561\" data-rel=\"rt_lightbox\" title=\"Agrandir la vue\" data-sub-html=\"Transport international de v\u00e9hicules de luxe - Ferrari\" data-src=\"\" data-width=\"\" data-height=\"\" data-poster=\"\" data-autoplay=\"\" data-audiotitle=\"\" data-download-url=\"false\" href=\"https:\/\/www.mathezfreight.com\/wp-content\/uploads\/photo-ferrari-f355-mti-2018-10-blur.jpg\"><div class=\"has-overlay\">\r\n\t\t\t\t\t\t\t\t\t\t\t\t\t<div class=\"carosel-image\">\r\n\t\t\t\t\t\t\t\t\t\t\t\t\t\t<img decoding=\"async\" src=\"https:\/\/www.mathezfreight.com\/wp-content\/uploads\/photo-ferrari-f355-mti-2018-10-blur.jpg\" width=\"683\" height=\"456\" alt=\"Transport international de v\u00e9hicules de luxe - Ferrari\">\r\n\t\t\t\t\t\t\t\t\t\t\t\t\t<\/div>\r\n\r\n\t\t\t\t\t\t\t\t\t\t\t\t\t<div class=\"overlay-text\">\r\n\t\t\t\t\t\t\t\t\t\t\t\t\t\t<span>Transport international de v\u00e9hicules de luxe - Ferrari<\/span>\r\n\t\t\t\t\t\t\t\t\t\t\t\t\t\t\r\n\t\t\t\t\t\t\t\t\t\t\t\t\t<\/div>\r\n\t\t\t\t\t\t\t\t\t\t\t\t<\/div>\r\n\t\t\t\t\t\t\t\t\t\t\t\t<\/a><\/div><div class=\"boxed\"><a id=\"lightbox-748856\" class=\"imgeffect zoom rt_lightbox\" data-gal-id=\"slider-carousel-756561\" data-rel=\"rt_lightbox\" title=\"Agrandir la vue\" data-sub-html=\"Transport a\u00e9rien de voitures de luxe - a\u00e9roport de Nice\" data-src=\"\" data-width=\"\" data-height=\"\" data-poster=\"\" data-autoplay=\"\" data-audiotitle=\"\" data-download-url=\"false\" href=\"https:\/\/www.mathezfreight.com\/wp-content\/uploads\/photo-voiture-mti-2.jpg\"><div class=\"has-overlay\">\r\n\t\t\t\t\t\t\t\t\t\t\t\t\t<div class=\"carosel-image\">\r\n\t\t\t\t\t\t\t\t\t\t\t\t\t\t<img decoding=\"async\" src=\"https:\/\/www.mathezfreight.com\/wp-content\/uploads\/photo-voiture-mti-2.jpg\" width=\"640\" height=\"366\" alt=\"Transport a\u00e9rien de voitures de luxe - a\u00e9roport de Nice\">\r\n\t\t\t\t\t\t\t\t\t\t\t\t\t<\/div>\r\n\r\n\t\t\t\t\t\t\t\t\t\t\t\t\t<div class=\"overlay-text\">\r\n\t\t\t\t\t\t\t\t\t\t\t\t\t\t<span>Transport a\u00e9rien de voitures de luxe - a\u00e9roport de Nice<\/span>\r\n\t\t\t\t\t\t\t\t\t\t\t\t\t\t\r\n\t\t\t\t\t\t\t\t\t\t\t\t\t<\/div>\r\n\t\t\t\t\t\t\t\t\t\t\t\t<\/div>\r\n\t\t\t\t\t\t\t\t\t\t\t\t<\/a><\/div><div class=\"boxed\"><a id=\"lightbox-316217\" class=\"imgeffect zoom rt_lightbox\" data-gal-id=\"slider-carousel-756561\" data-rel=\"rt_lightbox\" title=\"Agrandir la vue\" data-sub-html=\"Transport international de v\u00e9hicules de luxe\" data-src=\"\" data-width=\"\" data-height=\"\" data-poster=\"\" data-autoplay=\"\" data-audiotitle=\"\" data-download-url=\"false\" href=\"https:\/\/www.mathezfreight.com\/wp-content\/uploads\/photo-voitures-divers-nsp-63.jpg\"><div class=\"has-overlay\">\r\n\t\t\t\t\t\t\t\t\t\t\t\t\t<div class=\"carosel-image\">\r\n\t\t\t\t\t\t\t\t\t\t\t\t\t\t<img decoding=\"async\" src=\"https:\/\/www.mathezfreight.com\/wp-content\/uploads\/photo-voitures-divers-nsp-63.jpg\" width=\"561\" height=\"349\" alt=\"Transport international de v\u00e9hicules de luxe\">\r\n\t\t\t\t\t\t\t\t\t\t\t\t\t<\/div>\r\n\r\n\t\t\t\t\t\t\t\t\t\t\t\t\t<div class=\"overlay-text\">\r\n\t\t\t\t\t\t\t\t\t\t\t\t\t\t<span>Transport international de v\u00e9hicules de luxe<\/span>\r\n\t\t\t\t\t\t\t\t\t\t\t\t\t\t\r\n\t\t\t\t\t\t\t\t\t\t\t\t\t<\/div>\r\n\t\t\t\t\t\t\t\t\t\t\t\t<\/div>\r\n\t\t\t\t\t\t\t\t\t\t\t\t<\/a><\/div><div class=\"boxed\"><a id=\"lightbox-856741\" class=\"imgeffect zoom rt_lightbox\" data-gal-id=\"slider-carousel-756561\" data-rel=\"rt_lightbox\" title=\"Agrandir la vue\" data-sub-html=\"Transport international de v\u00e9hicules de luxe - Rolls Royce\" data-src=\"\" data-width=\"\" data-height=\"\" data-poster=\"\" data-autoplay=\"\" data-audiotitle=\"\" data-download-url=\"false\" href=\"https:\/\/www.mathezfreight.com\/wp-content\/uploads\/photo-rolls-royce-nice-2016-7.jpg\"><div class=\"has-overlay\">\r\n\t\t\t\t\t\t\t\t\t\t\t\t\t<div class=\"carosel-image\">\r\n\t\t\t\t\t\t\t\t\t\t\t\t\t\t<img decoding=\"async\" src=\"https:\/\/www.mathezfreight.com\/wp-content\/uploads\/photo-rolls-royce-nice-2016-7.jpg\" width=\"608\" height=\"342\" alt=\"Transport international de v\u00e9hicules de luxe - Rolls Royce\">\r\n\t\t\t\t\t\t\t\t\t\t\t\t\t<\/div>\r\n\r\n\t\t\t\t\t\t\t\t\t\t\t\t\t<div class=\"overlay-text\">\r\n\t\t\t\t\t\t\t\t\t\t\t\t\t\t<span>Transport international de v\u00e9hicules de luxe - Rolls Royce<\/span>\r\n\t\t\t\t\t\t\t\t\t\t\t\t\t\t\r\n\t\t\t\t\t\t\t\t\t\t\t\t\t<\/div>\r\n\t\t\t\t\t\t\t\t\t\t\t\t<\/div>\r\n\t\t\t\t\t\t\t\t\t\t\t\t<\/a><\/div><div class=\"boxed\"><a id=\"lightbox-632642\" class=\"imgeffect zoom rt_lightbox\" data-gal-id=\"slider-carousel-756561\" data-rel=\"rt_lightbox\" title=\"Agrandir la vue\" data-sub-html=\"Transport international de v\u00e9hicules de luxe - Rolls Royce\" data-src=\"\" data-width=\"\" data-height=\"\" data-poster=\"\" data-autoplay=\"\" data-audiotitle=\"\" data-download-url=\"false\" href=\"https:\/\/www.mathezfreight.com\/wp-content\/uploads\/photo-rolls-royce-nice-2016-1.jpg\"><div class=\"has-overlay\">\r\n\t\t\t\t\t\t\t\t\t\t\t\t\t<div class=\"carosel-image\">\r\n\t\t\t\t\t\t\t\t\t\t\t\t\t\t<img decoding=\"async\" src=\"https:\/\/www.mathezfreight.com\/wp-content\/uploads\/photo-rolls-royce-nice-2016-1.jpg\" width=\"608\" height=\"342\" alt=\"Transport international de v\u00e9hicules de luxe - Rolls Royce\">\r\n\t\t\t\t\t\t\t\t\t\t\t\t\t<\/div>\r\n\r\n\t\t\t\t\t\t\t\t\t\t\t\t\t<div class=\"overlay-text\">\r\n\t\t\t\t\t\t\t\t\t\t\t\t\t\t<span>Transport international de v\u00e9hicules de luxe - Rolls Royce<\/span>\r\n\t\t\t\t\t\t\t\t\t\t\t\t\t\t\r\n\t\t\t\t\t\t\t\t\t\t\t\t\t<\/div>\r\n\t\t\t\t\t\t\t\t\t\t\t\t<\/div>\r\n\t\t\t\t\t\t\t\t\t\t\t\t<\/a><\/div><div class=\"boxed\"><a id=\"lightbox-640818\" class=\"imgeffect zoom rt_lightbox\" data-gal-id=\"slider-carousel-756561\" data-rel=\"rt_lightbox\" title=\"Agrandir la vue\" data-sub-html=\"photo_ferrari_20250605_120720021<br>Transport de Ferrari en avion - Nice Dubai\" data-src=\"\" data-width=\"\" data-height=\"\" data-poster=\"\" data-autoplay=\"\" data-audiotitle=\"\" data-download-url=\"false\" href=\"https:\/\/www.mathezfreight.com\/wp-content\/uploads\/photo_ferrari_20250605_120720021.jpg\"><div class=\"has-overlay\">\r\n\t\t\t\t\t\t\t\t\t\t\t\t\t<div class=\"carosel-image\">\r\n\t\t\t\t\t\t\t\t\t\t\t\t\t\t<img decoding=\"async\" src=\"https:\/\/www.mathezfreight.com\/wp-content\/uploads\/photo_ferrari_20250605_120720021-900x600.jpg\" width=\"900\" height=\"600\" alt=\"\">\r\n\t\t\t\t\t\t\t\t\t\t\t\t\t<\/div>\r\n\r\n\t\t\t\t\t\t\t\t\t\t\t\t\t<div class=\"overlay-text\">\r\n\t\t\t\t\t\t\t\t\t\t\t\t\t\t<span>photo_ferrari_20250605_120720021<\/span>\r\n\t\t\t\t\t\t\t\t\t\t\t\t\t\t<p>Transport de Ferrari en avion - Nice Dubai<\/p>\r\n\t\t\t\t\t\t\t\t\t\t\t\t\t<\/div>\r\n\t\t\t\t\t\t\t\t\t\t\t\t<\/div>\r\n\t\t\t\t\t\t\t\t\t\t\t\t<\/a><\/div>\r\n\t\t\t\t\t<\/div>\r\n\t\t\t\t\t\r\n\t\t\t\t\t\r\n\t\t\t\t<\/div>\r\n\t\t\t\t\t\t\t<\/div>\n\t\t\t\t<\/div>\n\t\t\t\t\t<\/div>\n\t\t<\/div>\n\t\t\t\t\t<\/div>\n\t\t<\/section>\n\t\t\t\t<section class=\"elementor-section elementor-top-section elementor-element elementor-element-fa172f4 elementor-hidden-tablet elementor-hidden-phone mti-chevron bottom elementor-section-boxed elementor-section-height-default elementor-section-height-default default-style\" data-id=\"fa172f4\" data-element_type=\"section\" data-e-type=\"section\" data-settings=\"{&quot;rt_color_sets&quot;:&quot;default-style&quot;}\">\n\t\t\t\t\t\t<div class=\"elementor-container elementor-column-gap-default\">\n\t\t\t\t\t<div class=\"elementor-column elementor-col-33 elementor-top-column elementor-element elementor-element-883118b mti-chevrons\" data-id=\"883118b\" data-element_type=\"column\" data-e-type=\"column\">\n\t\t\t<div class=\"elementor-widget-wrap elementor-element-populated\">\n\t\t\t\t\t\t\t<\/div>\n\t\t<\/div>\n\t\t\t\t<div class=\"elementor-column elementor-col-33 elementor-top-column elementor-element elementor-element-8ffab9c\" data-id=\"8ffab9c\" data-element_type=\"column\" data-e-type=\"column\">\n\t\t\t<div class=\"elementor-widget-wrap elementor-element-populated\">\n\t\t\t\t\t\t<div class=\"elementor-element elementor-element-71b1c03 elementor-widget elementor-widget-text-editor\" data-id=\"71b1c03\" data-element_type=\"widget\" data-e-type=\"widget\" data-widget_type=\"text-editor.default\">\n\t\t\t\t<div class=\"elementor-widget-container\">\n\t\t\t\t\t\t\t\t\t<p>\u00a0\u00a0<\/p>\t\t\t\t\t\t\t\t<\/div>\n\t\t\t\t<\/div>\n\t\t\t\t\t<\/div>\n\t\t<\/div>\n\t\t\t\t<div class=\"elementor-column elementor-col-33 elementor-top-column elementor-element elementor-element-7a7d970\" data-id=\"7a7d970\" data-element_type=\"column\" data-e-type=\"column\">\n\t\t\t<div class=\"elementor-widget-wrap elementor-element-populated\">\n\t\t\t\t\t\t\t<\/div>\n\t\t<\/div>\n\t\t\t\t\t<\/div>\n\t\t<\/section>\n\t\t\t\t<section class=\"elementor-section elementor-top-section elementor-element elementor-element-a67d5af elementor-section-boxed elementor-section-height-default elementor-section-height-default default-style\" data-id=\"a67d5af\" data-element_type=\"section\" data-e-type=\"section\" data-settings=\"{&quot;rt_color_sets&quot;:&quot;default-style&quot;}\">\n\t\t\t\t\t\t<div class=\"elementor-container elementor-column-gap-default\">\n\t\t\t\t\t<div class=\"elementor-column elementor-col-100 elementor-top-column elementor-element elementor-element-49cb807\" data-id=\"49cb807\" data-element_type=\"column\" data-e-type=\"column\">\n\t\t\t<div class=\"elementor-widget-wrap elementor-element-populated\">\n\t\t\t\t\t\t<div class=\"elementor-element elementor-element-9c574ed elementor-widget elementor-widget-text-editor\" data-id=\"9c574ed\" data-element_type=\"widget\" data-e-type=\"widget\" data-widget_type=\"text-editor.default\">\n\t\t\t\t<div class=\"elementor-widget-container\">\n\t\t\t\t\t\t\t\t\t<p><b>R\u00e9ception, calage, sanglage, amarrage pour transport en container maritime ou en avion, proc\u00e9dures douani\u00e8res, stockage, nettoyage, v\u00e9rifications et assurance : nous nous occupons de tout pour livrer ces petits bijoux \u00e0 leurs heureux propri\u00e9taires partout dans le monde, depuis la France et Monaco, et vice versa.&nbsp;<\/b><\/p>\t\t\t\t\t\t\t\t<\/div>\n\t\t\t\t<\/div>\n\t\t\t\t\t<\/div>\n\t\t<\/div>\n\t\t\t\t\t<\/div>\n\t\t<\/section>\n\t\t\t\t<div class=\"elementor-section elementor-top-section elementor-element elementor-element-facbc47 elementor-section-boxed elementor-section-height-default elementor-section-height-default default-style elementor-invisible\" data-id=\"facbc47\" data-element_type=\"section\" data-e-type=\"section\" id=\"mti-beau-gosse\" data-settings=\"{&quot;animation&quot;:&quot;fadeIn&quot;,&quot;rt_color_sets&quot;:&quot;default-style&quot;}\">\n\t\t\t\t\t\t<div class=\"elementor-container elementor-column-gap-default\">\n\t\t\t\t\t<div class=\"elementor-column elementor-col-33 elementor-top-column elementor-element elementor-element-96f8dfc\" data-id=\"96f8dfc\" data-element_type=\"column\" data-e-type=\"column\">\n\t\t\t<div class=\"elementor-widget-wrap elementor-element-populated\">\n\t\t\t\t\t\t<div class=\"elementor-element elementor-element-75d67c5 aligncenter elementor-widget elementor-widget-image\" data-id=\"75d67c5\" data-element_type=\"widget\" data-e-type=\"widget\" data-widget_type=\"image.default\">\n\t\t\t\t<div class=\"elementor-widget-container\">\n\t\t\t\t\t\t\t\t\t\t\t\t\t\t\t<img decoding=\"async\" width=\"250\" height=\"375\" src=\"https:\/\/www.mathezfreight.com\/wp-content\/uploads\/photo-alexandra-lefevre.png\" class=\"attachment-mti-medium-portrait size-mti-medium-portrait wp-image-16636\" alt=\"Alexandra Lefevre, sp\u00e9cialiste Transport de voitures\" \/>\t\t\t\t\t\t\t\t\t\t\t\t\t\t\t<\/div>\n\t\t\t\t<\/div>\n\t\t\t\t\t<\/div>\n\t\t<\/div>\n\t\t\t\t<div class=\"elementor-column elementor-col-66 elementor-top-column elementor-element elementor-element-7ab07d0\" data-id=\"7ab07d0\" data-element_type=\"column\" data-e-type=\"column\">\n\t\t\t<div class=\"elementor-widget-wrap elementor-element-populated\">\n\t\t\t\t\t\t<div class=\"elementor-element elementor-element-a5a7c36 elementor-widget elementor-widget-text-editor\" data-id=\"a5a7c36\" data-element_type=\"widget\" data-e-type=\"widget\" data-widget_type=\"text-editor.default\">\n\t\t\t\t<div class=\"elementor-widget-container\">\n\t\t\t\t\t\t\t\t\t<blockquote style=\"margin-bottom: 8px;\">\n<p>Les voitures, c&rsquo;est bien s\u00fbr une passion, mais aussi un m\u00e9tier. Chez Mathez Freight, nous avons d\u00e9velopp\u00e9 un savoir-faire sp\u00e9cifique, gr\u00e2ce auquel nous avons le privil\u00e8ge de gagner la confiance des professionnels comme des amateurs, et de c\u00f4toyer les plus beaux mod\u00e8les.&nbsp; D\u00e9couvrez nos services de&nbsp;<a href=\"https:\/\/www.mathezfreight.com\/fr\/solutions\/transport\/voitures\/\">transport international de v\u00e9hicules<\/a>.&nbsp;&nbsp;<\/p>\n<\/blockquote>\n<div id=\"mti-beau-gosse-signature\"><span style=\"color: #00305b;\">Alexandra Lef\u00e8vre,<\/span>&nbsp;MATHEZ FREIGHT<\/div>\t\t\t\t\t\t\t\t<\/div>\n\t\t\t\t<\/div>\n\t\t\t\t\t<\/div>\n\t\t<\/div>\n\t\t\t\t\t<\/div>\n\t\t<\/div>\n\t\t\t\t<aside class=\"elementor-section elementor-top-section elementor-element elementor-element-2637aff mti-social-bar bottom elementor-section-boxed elementor-section-height-default elementor-section-height-default default-style elementor-invisible\" data-id=\"2637aff\" data-element_type=\"section\" data-e-type=\"section\" data-settings=\"{&quot;animation&quot;:&quot;fadeIn&quot;,&quot;rt_color_sets&quot;:&quot;default-style&quot;}\">\n\t\t\t\t\t\t<div class=\"elementor-container elementor-column-gap-default\">\n\t\t\t\t\t<div class=\"elementor-column elementor-col-100 elementor-top-column elementor-element elementor-element-7e2d51c\" data-id=\"7e2d51c\" data-element_type=\"column\" data-e-type=\"column\">\n\t\t\t<div class=\"elementor-widget-wrap elementor-element-populated\">\n\t\t\t\t\t\t<div class=\"elementor-element elementor-element-ec97e6d elementor-share-buttons--view-icon elementor-share-buttons--skin-flat elementor-share-buttons--shape-square elementor-grid-0 elementor-share-buttons--color-official elementor-invisible elementor-widget elementor-widget-share-buttons\" data-id=\"ec97e6d\" data-element_type=\"widget\" data-e-type=\"widget\" data-settings=\"{&quot;_animation&quot;:&quot;fadeInLeft&quot;}\" data-widget_type=\"share-buttons.default\">\n\t\t\t\t<div class=\"elementor-widget-container\">\n\t\t\t\t\t\t\t<div class=\"elementor-grid\" role=\"list\">\n\t\t\t\t\t\t\t\t<div class=\"elementor-grid-item\" role=\"listitem\">\n\t\t\t\t\t\t<div class=\"elementor-share-btn elementor-share-btn_email\" role=\"button\" tabindex=\"0\" aria-label=\"Partager sur email\">\n\t\t\t\t\t\t\t\t\t\t\t\t\t\t\t<span class=\"elementor-share-btn__icon\">\n\t\t\t\t\t\t\t\t<i class=\"fas fa-envelope\" aria-hidden=\"true\"><\/i>\t\t\t\t\t\t\t<\/span>\n\t\t\t\t\t\t\t\t\t\t\t\t\t\t\t\t\t\t\t\t<\/div>\n\t\t\t\t\t<\/div>\n\t\t\t\t\t\t\t\t\t<div class=\"elementor-grid-item\" role=\"listitem\">\n\t\t\t\t\t\t<div class=\"elementor-share-btn elementor-share-btn_linkedin\" role=\"button\" tabindex=\"0\" aria-label=\"Partager sur linkedin\">\n\t\t\t\t\t\t\t\t\t\t\t\t\t\t\t<span class=\"elementor-share-btn__icon\">\n\t\t\t\t\t\t\t\t<i class=\"fab fa-linkedin\" aria-hidden=\"true\"><\/i>\t\t\t\t\t\t\t<\/span>\n\t\t\t\t\t\t\t\t\t\t\t\t\t\t\t\t\t\t\t\t<\/div>\n\t\t\t\t\t<\/div>\n\t\t\t\t\t\t\t\t\t<div class=\"elementor-grid-item\" role=\"listitem\">\n\t\t\t\t\t\t<div class=\"elementor-share-btn elementor-share-btn_twitter\" role=\"button\" tabindex=\"0\" aria-label=\"Partager sur twitter\">\n\t\t\t\t\t\t\t\t\t\t\t\t\t\t\t<span class=\"elementor-share-btn__icon\">\n\t\t\t\t\t\t\t\t<i class=\"fab fa-twitter\" aria-hidden=\"true\"><\/i>\t\t\t\t\t\t\t<\/span>\n\t\t\t\t\t\t\t\t\t\t\t\t\t\t\t\t\t\t\t\t<\/div>\n\t\t\t\t\t<\/div>\n\t\t\t\t\t\t\t\t\t<div class=\"elementor-grid-item\" role=\"listitem\">\n\t\t\t\t\t\t<div class=\"elementor-share-btn elementor-share-btn_facebook\" role=\"button\" tabindex=\"0\" aria-label=\"Partager sur facebook\">\n\t\t\t\t\t\t\t\t\t\t\t\t\t\t\t<span class=\"elementor-share-btn__icon\">\n\t\t\t\t\t\t\t\t<i class=\"fab fa-facebook\" aria-hidden=\"true\"><\/i>\t\t\t\t\t\t\t<\/span>\n\t\t\t\t\t\t\t\t\t\t\t\t\t\t\t\t\t\t\t\t<\/div>\n\t\t\t\t\t<\/div>\n\t\t\t\t\t\t\t\t\t<div class=\"elementor-grid-item\" role=\"listitem\">\n\t\t\t\t\t\t<div class=\"elementor-share-btn elementor-share-btn_print\" role=\"button\" tabindex=\"0\" aria-label=\"Partager sur print\">\n\t\t\t\t\t\t\t\t\t\t\t\t\t\t\t<span class=\"elementor-share-btn__icon\">\n\t\t\t\t\t\t\t\t<i class=\"fas fa-print\" aria-hidden=\"true\"><\/i>\t\t\t\t\t\t\t<\/span>\n\t\t\t\t\t\t\t\t\t\t\t\t\t\t\t\t\t\t\t\t<\/div>\n\t\t\t\t\t<\/div>\n\t\t\t\t\t\t<\/div>\n\t\t\t\t\t\t<\/div>\n\t\t\t\t<\/div>\n\t\t\t\t\t<\/div>\n\t\t<\/div>\n\t\t\t\t\t<\/div>\n\t\t<\/aside>\n\t\t\t\t<aside class=\"elementor-section elementor-top-section elementor-element elementor-element-030b571 mti-blog-grid single-post-bottom elementor-section-boxed elementor-section-height-default elementor-section-height-default default-style elementor-invisible\" data-id=\"030b571\" data-element_type=\"section\" data-e-type=\"section\" id=\"mti-blog-grid\" data-settings=\"{&quot;animation&quot;:&quot;fadeIn&quot;,&quot;rt_color_sets&quot;:&quot;default-style&quot;}\">\n\t\t\t\t\t\t<div class=\"elementor-container elementor-column-gap-default\">\n\t\t\t\t\t<div class=\"elementor-column elementor-col-100 elementor-top-column elementor-element elementor-element-dbe2e0f\" data-id=\"dbe2e0f\" data-element_type=\"column\" data-e-type=\"column\">\n\t\t\t<div class=\"elementor-widget-wrap elementor-element-populated\">\n\t\t\t\t\t\t<div class=\"elementor-element elementor-element-9e78f33 elementor-widget elementor-widget-heading\" data-id=\"9e78f33\" data-element_type=\"widget\" data-e-type=\"widget\" data-widget_type=\"heading.default\">\n\t\t\t\t<div class=\"elementor-widget-container\">\n\t\t\t\t\t<h3 class=\"elementor-heading-title elementor-size-default\">A lire aussi:<\/h3>\t\t\t\t<\/div>\n\t\t\t\t<\/div>\n\t\t\t\t<div class=\"elementor-element elementor-element-36baec8 elementor-widget elementor-widget-lae-posts-carousel\" data-id=\"36baec8\" data-element_type=\"widget\" data-e-type=\"widget\" data-widget_type=\"lae-posts-carousel.default\">\n\t\t\t\t<div class=\"elementor-widget-container\">\n\t\t\t\t\t\n<div        id=\"lae-posts-carousel-69f31e77c8db3\"\n        class=\"lae-posts-carousel lae-container lae-classic-skin\"\n        data-settings='{&quot;arrows&quot;:false,&quot;dots&quot;:true,&quot;autoplay&quot;:false,&quot;autoplay_speed&quot;:3000,&quot;animation_speed&quot;:300,&quot;pause_on_hover&quot;:true,&quot;adaptive_height&quot;:false,&quot;display_columns&quot;:4,&quot;scroll_columns&quot;:3,&quot;gutter&quot;:10,&quot;tablet_width&quot;:800,&quot;tablet_display_columns&quot;:2,&quot;tablet_scroll_columns&quot;:2,&quot;tablet_gutter&quot;:10,&quot;mobile_width&quot;:480,&quot;mobile_display_columns&quot;:1,&quot;mobile_scroll_columns&quot;:1,&quot;mobile_gutter&quot;:10}'>\n<div data-id=\"id-66938\" class=\"lae-posts-carousel-item\">\n\n    <article id=\"post-66938\" class=\"post-66938 post type-post status-publish format-standard has-post-thumbnail hentry category-operations tag-aerien tag-international tag-maritime cibles-une cibles-aerien cibles-maritime\">\n\n        \n            \n            \n            \n                <div class=\"lae-project-image\">\n\n                    \n                    \n                    \n                        <a href=\"https:\/\/www.mathezfreight.com\/fr\/blog\/crise-golfe-transports-sitrep\/\"><img decoding=\"async\" width=\"1100\" height=\"733\" src=\"https:\/\/www.mathezfreight.com\/wp-content\/uploads\/photo-golfe-transports-sitrep-1100x733.jpg\" class=\"lae-image attachment-large size-large\" alt=\"Situation des transports de marchandises transitant par le Golfe persan\" title=\"Transports de marchandises Golfe persique Sitrep 2026\" srcset=\"https:\/\/www.mathezfreight.com\/wp-content\/uploads\/photo-golfe-transports-sitrep-1100x733.jpg 1100w, https:\/\/www.mathezfreight.com\/wp-content\/uploads\/photo-golfe-transports-sitrep-600x400.jpg 600w, https:\/\/www.mathezfreight.com\/wp-content\/uploads\/photo-golfe-transports-sitrep-768x512.jpg 768w, https:\/\/www.mathezfreight.com\/wp-content\/uploads\/photo-golfe-transports-sitrep-274x183.jpg 274w, https:\/\/www.mathezfreight.com\/wp-content\/uploads\/photo-golfe-transports-sitrep-375x250.jpg 375w, https:\/\/www.mathezfreight.com\/wp-content\/uploads\/photo-golfe-transports-sitrep-1200x800.jpg 1200w, https:\/\/www.mathezfreight.com\/wp-content\/uploads\/photo-golfe-transports-sitrep-610x406.jpg 610w, https:\/\/www.mathezfreight.com\/wp-content\/uploads\/photo-golfe-transports-sitrep.jpg 1220w\" sizes=\"(max-width: 1100px) 100vw, 1100px\" \/><\/a>\n\n                    \n                    \n                        <div class=\"lae-image-info\">\n\n                            <div class=\"lae-entry-info\">\n\n                                \n                                    <h3 class=\"lae-post-title\">\n\n                                        <a href=\"https:\/\/www.mathezfreight.com\/fr\/blog\/crise-golfe-transports-sitrep\/\" title=\"Transports de marchandises via le Golfe persique: rapport de situation\"\n                                           rel=\"bookmark\">Transports de marchandises via le Golfe persique: rapport de situation<\/a>\n\n                                    <\/h3>\n\n                                \n                                \n                                    <span class=\"lae-terms\"><a href=\"https:\/\/www.mathezfreight.com\/fr\/blog\/categorie\/operations\/\">Op\u00e9rations<\/a><\/span>\n                                \n                            <\/div>\n\n                        <\/div><!-- .lae-image-info -->\n\n                    \n                <\/div>\n\n            \n            \n                <div class=\"lae-entry-text-wrap \">\n\n                    \n                        <h3 class=\"entry-title\">\n\n                            <a href=\"https:\/\/www.mathezfreight.com\/fr\/blog\/crise-golfe-transports-sitrep\/\" title=\"Transports de marchandises via le Golfe persique: rapport de situation\"\n                               rel=\"bookmark\">Transports de marchandises via le Golfe persique: rapport de situation<\/a>\n\n                        <\/h3>\n\n                    \n                    \n                    \n                    \n                <\/div>\n\n            \n        \n    <\/article><!-- .hentry -->\n\n<\/div><!-- .lae-posts-carousel-item -->\n<div data-id=\"id-66679\" class=\"lae-posts-carousel-item\">\n\n    <article id=\"post-66679\" class=\"post-66679 post type-post status-publish format-standard has-post-thumbnail hentry category-operations tag-aerien tag-international tag-maritime cibles-une cibles-aerien cibles-maritime\">\n\n        \n            \n            \n            \n                <div class=\"lae-project-image\">\n\n                    \n                    \n                    \n                        <a href=\"https:\/\/www.mathezfreight.com\/fr\/blog\/crise-moyen-orient-2026-transport-marchandises\/\"><img decoding=\"async\" width=\"1100\" height=\"619\" src=\"https:\/\/www.mathezfreight.com\/wp-content\/uploads\/photo-moyen-orient-1-1100x619.jpg\" class=\"lae-image attachment-large size-large\" alt=\"photo-moyen-orient\" title=\"photo-moyen-orient\" srcset=\"https:\/\/www.mathezfreight.com\/wp-content\/uploads\/photo-moyen-orient-1-1100x619.jpg 1100w, https:\/\/www.mathezfreight.com\/wp-content\/uploads\/photo-moyen-orient-1-600x337.jpg 600w, https:\/\/www.mathezfreight.com\/wp-content\/uploads\/photo-moyen-orient-1-768x432.jpg 768w, https:\/\/www.mathezfreight.com\/wp-content\/uploads\/photo-moyen-orient-1-610x343.jpg 610w, https:\/\/www.mathezfreight.com\/wp-content\/uploads\/photo-moyen-orient-1.jpg 1220w\" sizes=\"(max-width: 1100px) 100vw, 1100px\" \/><\/a>\n\n                    \n                    \n                        <div class=\"lae-image-info\">\n\n                            <div class=\"lae-entry-info\">\n\n                                \n                                    <h3 class=\"lae-post-title\">\n\n                                        <a href=\"https:\/\/www.mathezfreight.com\/fr\/blog\/crise-moyen-orient-2026-transport-marchandises\/\" title=\"Crise au Moyen-Orient 2026: impacts sur le transport de marchandises et conseils aux chargeurs\"\n                                           rel=\"bookmark\">Crise au Moyen-Orient 2026: impacts sur le transport de marchandises et conseils aux chargeurs<\/a>\n\n                                    <\/h3>\n\n                                \n                                \n                                    <span class=\"lae-terms\"><a href=\"https:\/\/www.mathezfreight.com\/fr\/blog\/categorie\/operations\/\">Op\u00e9rations<\/a><\/span>\n                                \n                            <\/div>\n\n                        <\/div><!-- .lae-image-info -->\n\n                    \n                <\/div>\n\n            \n            \n                <div class=\"lae-entry-text-wrap \">\n\n                    \n                        <h3 class=\"entry-title\">\n\n                            <a href=\"https:\/\/www.mathezfreight.com\/fr\/blog\/crise-moyen-orient-2026-transport-marchandises\/\" title=\"Crise au Moyen-Orient 2026: impacts sur le transport de marchandises et conseils aux chargeurs\"\n                               rel=\"bookmark\">Crise au Moyen-Orient 2026: impacts sur le transport de marchandises et conseils aux chargeurs<\/a>\n\n                        <\/h3>\n\n                    \n                    \n                    \n                    \n                <\/div>\n\n            \n        \n    <\/article><!-- .hentry -->\n\n<\/div><!-- .lae-posts-carousel-item -->\n<div data-id=\"id-66393\" class=\"lae-posts-carousel-item\">\n\n    <article id=\"post-66393\" class=\"post-66393 post type-post status-publish format-standard has-post-thumbnail hentry category-presse category-operations tag-aerien tag-chine tag-maritime cibles-import cibles-maritime\">\n\n        \n            \n            \n            \n                <div class=\"lae-project-image\">\n\n                    \n                    \n                    \n                        <a href=\"https:\/\/www.mathezfreight.com\/fr\/blog\/nouvel-an-chinois-transports\/\"><img decoding=\"async\" width=\"1100\" height=\"417\" src=\"https:\/\/www.mathezfreight.com\/wp-content\/uploads\/photo-journal-depositphotos_326235320_L-1100x417.jpg\" class=\"lae-image attachment-large size-large\" alt=\"MATHEZ FREIGHT dans la presse\" title=\"MATHEZ FREIGHT dans la presse\" srcset=\"https:\/\/www.mathezfreight.com\/wp-content\/uploads\/photo-journal-depositphotos_326235320_L-1100x417.jpg 1100w, https:\/\/www.mathezfreight.com\/wp-content\/uploads\/photo-journal-depositphotos_326235320_L-600x227.jpg 600w, https:\/\/www.mathezfreight.com\/wp-content\/uploads\/photo-journal-depositphotos_326235320_L-768x291.jpg 768w, https:\/\/www.mathezfreight.com\/wp-content\/uploads\/photo-journal-depositphotos_326235320_L-610x231.jpg 610w, https:\/\/www.mathezfreight.com\/wp-content\/uploads\/photo-journal-depositphotos_326235320_L.jpg 1220w\" sizes=\"(max-width: 1100px) 100vw, 1100px\" \/><\/a>\n\n                    \n                    \n                        <div class=\"lae-image-info\">\n\n                            <div class=\"lae-entry-info\">\n\n                                \n                                    <h3 class=\"lae-post-title\">\n\n                                        <a href=\"https:\/\/www.mathezfreight.com\/fr\/blog\/nouvel-an-chinois-transports\/\" title=\"Nouvel An Chinois: Les Impacts sur les Transports des Entreprises\"\n                                           rel=\"bookmark\">Nouvel An Chinois: Les Impacts sur les Transports des Entreprises<\/a>\n\n                                    <\/h3>\n\n                                \n                                \n                                    <span class=\"lae-terms\"><a href=\"https:\/\/www.mathezfreight.com\/fr\/blog\/categorie\/presse\/\">Dans la presse<\/a>, <a href=\"https:\/\/www.mathezfreight.com\/fr\/blog\/categorie\/operations\/\">Op\u00e9rations<\/a><\/span>\n                                \n                            <\/div>\n\n                        <\/div><!-- .lae-image-info -->\n\n                    \n                <\/div>\n\n            \n            \n                <div class=\"lae-entry-text-wrap \">\n\n                    \n                        <h3 class=\"entry-title\">\n\n                            <a href=\"https:\/\/www.mathezfreight.com\/fr\/blog\/nouvel-an-chinois-transports\/\" title=\"Nouvel An Chinois: Les Impacts sur les Transports des Entreprises\"\n                               rel=\"bookmark\">Nouvel An Chinois: Les Impacts sur les Transports des Entreprises<\/a>\n\n                        <\/h3>\n\n                    \n                    \n                    \n                    \n                <\/div>\n\n            \n        \n    <\/article><!-- .hentry -->\n\n<\/div><!-- .lae-posts-carousel-item -->\n<div data-id=\"id-66257\" class=\"lae-posts-carousel-item\">\n\n    <article id=\"post-66257\" class=\"post-66257 post type-post status-publish format-standard has-post-thumbnail hentry category-corporate tag-aerien tag-aviation tag-hors-gabarit cibles-une cibles-aerien cibles-agences cibles-agences-nord cibles-reseau\">\n\n        \n            \n            \n            \n                <div class=\"lae-project-image\">\n\n                    \n                    \n                    \n                        <a href=\"https:\/\/www.mathezfreight.com\/fr\/blog\/space-logistics-network-france\/\"><img decoding=\"async\" width=\"1100\" height=\"733\" src=\"https:\/\/www.mathezfreight.com\/wp-content\/uploads\/photo-mathez-aerospace-space-logistics-network-1-1100x733.webp\" class=\"lae-image attachment-large size-large\" alt=\"photo-mathez-aerospace-space-logistics-network-1\" title=\"MATHEZ FREIGHT AEROSPACE &amp; Space Logistics Network\" srcset=\"https:\/\/www.mathezfreight.com\/wp-content\/uploads\/photo-mathez-aerospace-space-logistics-network-1-1100x733.webp 1100w, https:\/\/www.mathezfreight.com\/wp-content\/uploads\/photo-mathez-aerospace-space-logistics-network-1-600x400.webp 600w, https:\/\/www.mathezfreight.com\/wp-content\/uploads\/photo-mathez-aerospace-space-logistics-network-1-768x512.webp 768w, https:\/\/www.mathezfreight.com\/wp-content\/uploads\/photo-mathez-aerospace-space-logistics-network-1-274x183.webp 274w, https:\/\/www.mathezfreight.com\/wp-content\/uploads\/photo-mathez-aerospace-space-logistics-network-1-375x250.webp 375w, https:\/\/www.mathezfreight.com\/wp-content\/uploads\/photo-mathez-aerospace-space-logistics-network-1-1200x800.webp 1200w, https:\/\/www.mathezfreight.com\/wp-content\/uploads\/photo-mathez-aerospace-space-logistics-network-1-610x406.webp 610w, https:\/\/www.mathezfreight.com\/wp-content\/uploads\/photo-mathez-aerospace-space-logistics-network-1.webp 1220w\" sizes=\"(max-width: 1100px) 100vw, 1100px\" \/><\/a>\n\n                    \n                    \n                        <div class=\"lae-image-info\">\n\n                            <div class=\"lae-entry-info\">\n\n                                \n                                    <h3 class=\"lae-post-title\">\n\n                                        <a href=\"https:\/\/www.mathezfreight.com\/fr\/blog\/space-logistics-network-france\/\" title=\"MATHEZ FREIGHT AEROSPACE rejoint Space Logistics Network\"\n                                           rel=\"bookmark\">MATHEZ FREIGHT AEROSPACE rejoint Space Logistics Network<\/a>\n\n                                    <\/h3>\n\n                                \n                                \n                                    <span class=\"lae-terms\"><a href=\"https:\/\/www.mathezfreight.com\/fr\/blog\/categorie\/corporate\/\">Corporate<\/a><\/span>\n                                \n                            <\/div>\n\n                        <\/div><!-- .lae-image-info -->\n\n                    \n                <\/div>\n\n            \n            \n                <div class=\"lae-entry-text-wrap \">\n\n                    \n                        <h3 class=\"entry-title\">\n\n                            <a href=\"https:\/\/www.mathezfreight.com\/fr\/blog\/space-logistics-network-france\/\" title=\"MATHEZ FREIGHT AEROSPACE rejoint Space Logistics Network\"\n                               rel=\"bookmark\">MATHEZ FREIGHT AEROSPACE rejoint Space Logistics Network<\/a>\n\n                        <\/h3>\n\n                    \n                    \n                    \n                    \n                <\/div>\n\n            \n        \n    <\/article><!-- .hentry -->\n\n<\/div><!-- .lae-posts-carousel-item -->\n<div data-id=\"id-66229\" class=\"lae-posts-carousel-item\">\n\n    <article id=\"post-66229\" class=\"post-66229 post type-post status-publish format-standard has-post-thumbnail hentry category-corporate tag-aerien tag-aviation tag-hors-gabarit cibles-une cibles-aerien cibles-agences-nord cibles-reseau\">\n\n        \n            \n            \n            \n                <div class=\"lae-project-image\">\n\n                    \n                    \n                    \n                        <a href=\"https:\/\/www.mathezfreight.com\/fr\/blog\/aog-logistique-aeronautique-aln-france\/\"><img decoding=\"async\" width=\"1100\" height=\"733\" src=\"https:\/\/www.mathezfreight.com\/wp-content\/uploads\/photo-mathez-aviation-logistics-network-1100x733.jpg\" class=\"lae-image attachment-large size-large\" alt=\"MATHEZ FREIGHT AEROSPACE &#038; Aviation Logistics Network\" title=\"MATHEZ FREIGHT AEROSPACE &amp; Aviation Logistics Network\" srcset=\"https:\/\/www.mathezfreight.com\/wp-content\/uploads\/photo-mathez-aviation-logistics-network-1100x733.jpg 1100w, https:\/\/www.mathezfreight.com\/wp-content\/uploads\/photo-mathez-aviation-logistics-network-600x400.jpg 600w, https:\/\/www.mathezfreight.com\/wp-content\/uploads\/photo-mathez-aviation-logistics-network-768x512.jpg 768w, https:\/\/www.mathezfreight.com\/wp-content\/uploads\/photo-mathez-aviation-logistics-network-274x183.jpg 274w, https:\/\/www.mathezfreight.com\/wp-content\/uploads\/photo-mathez-aviation-logistics-network-375x250.jpg 375w, https:\/\/www.mathezfreight.com\/wp-content\/uploads\/photo-mathez-aviation-logistics-network-1200x800.jpg 1200w, https:\/\/www.mathezfreight.com\/wp-content\/uploads\/photo-mathez-aviation-logistics-network-610x406.jpg 610w, https:\/\/www.mathezfreight.com\/wp-content\/uploads\/photo-mathez-aviation-logistics-network.jpg 1220w\" sizes=\"(max-width: 1100px) 100vw, 1100px\" \/><\/a>\n\n                    \n                    \n                        <div class=\"lae-image-info\">\n\n                            <div class=\"lae-entry-info\">\n\n                                \n                                    <h3 class=\"lae-post-title\">\n\n                                        <a href=\"https:\/\/www.mathezfreight.com\/fr\/blog\/aog-logistique-aeronautique-aln-france\/\" title=\"AOG &#038; logistique a\u00e9ronautique: ALN a son partenaire en France\"\n                                           rel=\"bookmark\">AOG &#038; logistique a\u00e9ronautique: ALN a son partenaire en France<\/a>\n\n                                    <\/h3>\n\n                                \n                                \n                                    <span class=\"lae-terms\"><a href=\"https:\/\/www.mathezfreight.com\/fr\/blog\/categorie\/corporate\/\">Corporate<\/a><\/span>\n                                \n                            <\/div>\n\n                        <\/div><!-- .lae-image-info -->\n\n                    \n                <\/div>\n\n            \n            \n                <div class=\"lae-entry-text-wrap \">\n\n                    \n                        <h3 class=\"entry-title\">\n\n                            <a href=\"https:\/\/www.mathezfreight.com\/fr\/blog\/aog-logistique-aeronautique-aln-france\/\" title=\"AOG &#038; logistique a\u00e9ronautique: ALN a son partenaire en France\"\n                               rel=\"bookmark\">AOG &#038; logistique a\u00e9ronautique: ALN a son partenaire en France<\/a>\n\n                        <\/h3>\n\n                    \n                    \n                    \n                    \n                <\/div>\n\n            \n        \n    <\/article><!-- .hentry -->\n\n<\/div><!-- .lae-posts-carousel-item -->\n<div data-id=\"id-64865\" class=\"lae-posts-carousel-item\">\n\n    <article id=\"post-64865\" class=\"post-64865 post type-post status-publish format-standard has-post-thumbnail hentry category-operations tag-aerien tag-aviation tag-hors-gabarit cibles-aerien cibles-agences cibles-agences-nord\">\n\n        \n            \n            \n            \n                <div class=\"lae-project-image\">\n\n                    \n                    \n                    \n                        <a href=\"https:\/\/www.mathezfreight.com\/fr\/blog\/operation-sans-faille\/\"><img decoding=\"async\" width=\"954\" height=\"866\" src=\"https:\/\/www.mathezfreight.com\/wp-content\/uploads\/photo-helico-17-1-954x866.jpeg\" class=\"lae-image attachment-large size-large\" alt=\"Transport de pi\u00e8ces a\u00e9ronautiques et aviation\" title=\"Transport de pi\u00e8ces a\u00e9ronautiques et aviation\" srcset=\"https:\/\/www.mathezfreight.com\/wp-content\/uploads\/photo-helico-17-1-954x866.jpeg 954w, https:\/\/www.mathezfreight.com\/wp-content\/uploads\/photo-helico-17-1-440x400.jpeg 440w, https:\/\/www.mathezfreight.com\/wp-content\/uploads\/photo-helico-17-1-768x697.jpeg 768w, https:\/\/www.mathezfreight.com\/wp-content\/uploads\/photo-helico-17-1-610x554.jpeg 610w, https:\/\/www.mathezfreight.com\/wp-content\/uploads\/photo-helico-17-1.jpeg 1220w\" sizes=\"(max-width: 954px) 100vw, 954px\" \/><\/a>\n\n                    \n                    \n                        <div class=\"lae-image-info\">\n\n                            <div class=\"lae-entry-info\">\n\n                                \n                                    <h3 class=\"lae-post-title\">\n\n                                        <a href=\"https:\/\/www.mathezfreight.com\/fr\/blog\/operation-sans-faille\/\" title=\"H\u00e9licopt\u00e8res livr\u00e9s en 24h: une op\u00e9ration sans faille\"\n                                           rel=\"bookmark\">H\u00e9licopt\u00e8res livr\u00e9s en 24h: une op\u00e9ration sans faille<\/a>\n\n                                    <\/h3>\n\n                                \n                                \n                                    <span class=\"lae-terms\"><a href=\"https:\/\/www.mathezfreight.com\/fr\/blog\/categorie\/operations\/\">Op\u00e9rations<\/a><\/span>\n                                \n                            <\/div>\n\n                        <\/div><!-- .lae-image-info -->\n\n                    \n                <\/div>\n\n            \n            \n                <div class=\"lae-entry-text-wrap \">\n\n                    \n                        <h3 class=\"entry-title\">\n\n                            <a href=\"https:\/\/www.mathezfreight.com\/fr\/blog\/operation-sans-faille\/\" title=\"H\u00e9licopt\u00e8res livr\u00e9s en 24h: une op\u00e9ration sans faille\"\n                               rel=\"bookmark\">H\u00e9licopt\u00e8res livr\u00e9s en 24h: une op\u00e9ration sans faille<\/a>\n\n                        <\/h3>\n\n                    \n                    \n                    \n                    \n                <\/div>\n\n            \n        \n    <\/article><!-- .hentry -->\n\n<\/div><!-- .lae-posts-carousel-item --><\/div><!-- .lae-posts-carousel -->\t\t\t\t<\/div>\n\t\t\t\t<\/div>\n\t\t\t\t\t<\/div>\n\t\t<\/div>\n\t\t\t\t\t<\/div>\n\t\t<\/aside>\n\t\t\t\t<section class=\"elementor-section elementor-top-section elementor-element elementor-element-32a5676 elementor-section-boxed elementor-section-height-default elementor-section-height-default default-style\" data-id=\"32a5676\" data-element_type=\"section\" data-e-type=\"section\" data-settings=\"{&quot;rt_color_sets&quot;:&quot;default-style&quot;}\">\n\t\t\t\t\t\t<div class=\"elementor-container elementor-column-gap-default\">\n\t\t\t\t\t<div class=\"elementor-column elementor-col-100 elementor-top-column elementor-element elementor-element-2a9b72a\" data-id=\"2a9b72a\" data-element_type=\"column\" data-e-type=\"column\">\n\t\t\t<div class=\"elementor-widget-wrap\">\n\t\t\t\t\t\t\t<\/div>\n\t\t<\/div>\n\t\t\t\t\t<\/div>\n\t\t<\/section>\n\t\t\t\t<section class=\"elementor-section elementor-top-section elementor-element elementor-element-a0b9e04 elementor-section-boxed elementor-section-height-default elementor-section-height-default default-style\" data-id=\"a0b9e04\" data-element_type=\"section\" data-e-type=\"section\" data-settings=\"{&quot;rt_color_sets&quot;:&quot;default-style&quot;}\">\n\t\t\t\t\t\t<div class=\"elementor-container elementor-column-gap-default\">\n\t\t\t\t\t<div class=\"elementor-column elementor-col-100 elementor-top-column elementor-element elementor-element-1a2ec7a\" data-id=\"1a2ec7a\" data-element_type=\"column\" data-e-type=\"column\">\n\t\t\t<div class=\"elementor-widget-wrap\">\n\t\t\t\t\t\t\t<\/div>\n\t\t<\/div>\n\t\t\t\t\t<\/div>\n\t\t<\/section>\n\t\t\t\t<\/div>\n\t\t","protected":false},"excerpt":{"rendered":"<p>Chez Mathez Freight, nous voyons passer de sacr\u00e9s mod\u00e8les, tandis que nos \u00e9quipes de passionn\u00e9s organisent le transport a\u00e9rien ou maritime et assurent la douane import ou export. Rolls Royce, Ferrari, Bentley, Bugatti, Mercedes&#8230; On partage notre \u00ab\u00a0collec\u00a0\u00bb!<\/p>\n","protected":false},"author":130,"featured_media":52328,"comment_status":"open","ping_status":"open","sticky":false,"template":"page-mti-a4.php","format":"standard","meta":{"iawp_total_views":108,"footnotes":""},"categories":[222],"tags":[430],"cibles":[157,441,466,464,160,263,266],"class_list":["post-35400","post","type-post","status-publish","format-standard","has-post-thumbnail","hentry","category-operations","tag-transport-voitures","cibles-aerien","cibles-agences","cibles-agences-nord","cibles-agences-sud","cibles-maritime","cibles-valeurs","cibles-voitures"],"yoast_head":"<!-- This site is optimized with the Yoast SEO Premium plugin v27.4 (Yoast SEO v27.4) - https:\/\/yoast.com\/product\/yoast-seo-premium-wordpress\/ -->\n<title>Nos plus belles voitures, \u00e0 l&#039;import\/export France - MATHEZ FREIGHT<\/title>\n<meta name=\"description\" content=\"Chez Mathez Freight, nous voyons passer de sacr\u00e9s mod\u00e8les, tandis que nos \u00e9quipes de passionn\u00e9s organisent le transport a\u00e9rien ou maritime et assurent la douane import ou export. Rolls Royce, Ferrari, Bentley, Bugatti, Mercedes... On partage notre &quot;collec&quot;!\" \/>\n<meta name=\"robots\" content=\"index, follow, max-snippet:-1, max-image-preview:large, max-video-preview:-1\" \/>\n<link rel=\"canonical\" href=\"https:\/\/www.mathezfreight.com\/fr\/blog\/import-export-voitures-france\/\" \/>\n<meta property=\"og:locale\" content=\"fr_FR\" \/>\n<meta property=\"og:type\" content=\"article\" \/>\n<meta property=\"og:title\" content=\"Nos plus belles voitures, \u00e0 l&#039;import\/export France\" \/>\n<meta property=\"og:description\" content=\"Chez Mathez Freight, nous voyons passer de sacr\u00e9s mod\u00e8les, tandis que nos \u00e9quipes de passionn\u00e9s organisent le transport a\u00e9rien ou maritime et assurent la douane import ou export. Rolls Royce, Ferrari, Bentley, Bugatti, Mercedes... On partage notre &quot;collec&quot;!\" \/>\n<meta property=\"og:url\" content=\"https:\/\/www.mathezfreight.com\/fr\/blog\/import-export-voitures-france\/\" \/>\n<meta property=\"og:site_name\" content=\"MATHEZ FREIGHT\" \/>\n<meta property=\"article:publisher\" content=\"https:\/\/www.facebook.com\/MathezFreight\/\" \/>\n<meta property=\"article:published_time\" content=\"2025-06-01T12:21:22+00:00\" \/>\n<meta property=\"article:modified_time\" content=\"2026-01-12T11:14:29+00:00\" \/>\n<meta property=\"og:image\" content=\"https:\/\/www.mathezfreight.com\/wp-content\/uploads\/photo-ferrari-aerien-5-copie.jpg\" \/>\n\t<meta property=\"og:image:width\" content=\"1220\" \/>\n\t<meta property=\"og:image:height\" content=\"472\" \/>\n\t<meta property=\"og:image:type\" content=\"image\/jpeg\" \/>\n<meta name=\"author\" content=\"Fr\u00e9d\u00e9ric Mercier\" \/>\n<meta name=\"twitter:card\" content=\"summary_large_image\" \/>\n<meta name=\"twitter:creator\" content=\"@DavidP\" \/>\n<meta name=\"twitter:site\" content=\"@MathezFreight\" \/>\n<meta name=\"twitter:label1\" content=\"\u00c9crit par\" \/>\n\t<meta name=\"twitter:data1\" content=\"Fr\u00e9d\u00e9ric Mercier\" \/>\n\t<meta name=\"twitter:label2\" content=\"Dur\u00e9e de lecture estim\u00e9e\" \/>\n\t<meta name=\"twitter:data2\" content=\"18 minutes\" \/>\n<script type=\"application\/ld+json\" class=\"yoast-schema-graph\">{\"@context\":\"https:\\\/\\\/schema.org\",\"@graph\":[{\"@type\":\"Article\",\"@id\":\"https:\\\/\\\/www.mathezfreight.com\\\/fr\\\/blog\\\/import-export-voitures-france\\\/#article\",\"isPartOf\":{\"@id\":\"https:\\\/\\\/www.mathezfreight.com\\\/fr\\\/blog\\\/import-export-voitures-france\\\/\"},\"author\":{\"name\":\"Fr\u00e9d\u00e9ric Mercier\",\"@id\":\"https:\\\/\\\/www.mathezfreight.com\\\/fr\\\/#\\\/schema\\\/person\\\/94914cc381c671e9a29be453a8211aab\"},\"headline\":\"Nos plus belles voitures, \u00e0 l&rsquo;import\\\/export France\",\"datePublished\":\"2025-06-01T12:21:22+00:00\",\"dateModified\":\"2026-01-12T11:14:29+00:00\",\"mainEntityOfPage\":{\"@id\":\"https:\\\/\\\/www.mathezfreight.com\\\/fr\\\/blog\\\/import-export-voitures-france\\\/\"},\"wordCount\":815,\"commentCount\":0,\"publisher\":{\"@id\":\"https:\\\/\\\/www.mathezfreight.com\\\/fr\\\/#organization\"},\"image\":{\"@id\":\"https:\\\/\\\/www.mathezfreight.com\\\/fr\\\/blog\\\/import-export-voitures-france\\\/#primaryimage\"},\"thumbnailUrl\":\"https:\\\/\\\/www.mathezfreight.com\\\/wp-content\\\/uploads\\\/photo-ferrari-aerien-5-copie.jpg\",\"keywords\":[\"Transport de voitures\"],\"articleSection\":[\"Op\u00e9rations\"],\"inLanguage\":\"fr-FR\",\"potentialAction\":[{\"@type\":\"CommentAction\",\"name\":\"Comment\",\"target\":[\"https:\\\/\\\/www.mathezfreight.com\\\/fr\\\/blog\\\/import-export-voitures-france\\\/#respond\"]}]},{\"@type\":\"WebPage\",\"@id\":\"https:\\\/\\\/www.mathezfreight.com\\\/fr\\\/blog\\\/import-export-voitures-france\\\/\",\"url\":\"https:\\\/\\\/www.mathezfreight.com\\\/fr\\\/blog\\\/import-export-voitures-france\\\/\",\"name\":\"Nos plus belles voitures, \u00e0 l'import\\\/export France - MATHEZ FREIGHT\",\"isPartOf\":{\"@id\":\"https:\\\/\\\/www.mathezfreight.com\\\/fr\\\/#website\"},\"primaryImageOfPage\":{\"@id\":\"https:\\\/\\\/www.mathezfreight.com\\\/fr\\\/blog\\\/import-export-voitures-france\\\/#primaryimage\"},\"image\":{\"@id\":\"https:\\\/\\\/www.mathezfreight.com\\\/fr\\\/blog\\\/import-export-voitures-france\\\/#primaryimage\"},\"thumbnailUrl\":\"https:\\\/\\\/www.mathezfreight.com\\\/wp-content\\\/uploads\\\/photo-ferrari-aerien-5-copie.jpg\",\"datePublished\":\"2025-06-01T12:21:22+00:00\",\"dateModified\":\"2026-01-12T11:14:29+00:00\",\"description\":\"Chez Mathez Freight, nous voyons passer de sacr\u00e9s mod\u00e8les, tandis que nos \u00e9quipes de passionn\u00e9s organisent le transport a\u00e9rien ou maritime et assurent la douane import ou export. Rolls Royce, Ferrari, Bentley, Bugatti, Mercedes... On partage notre \\\"collec\\\"!\",\"breadcrumb\":{\"@id\":\"https:\\\/\\\/www.mathezfreight.com\\\/fr\\\/blog\\\/import-export-voitures-france\\\/#breadcrumb\"},\"inLanguage\":\"fr-FR\",\"potentialAction\":[{\"@type\":\"ReadAction\",\"target\":[\"https:\\\/\\\/www.mathezfreight.com\\\/fr\\\/blog\\\/import-export-voitures-france\\\/\"]}]},{\"@type\":\"ImageObject\",\"inLanguage\":\"fr-FR\",\"@id\":\"https:\\\/\\\/www.mathezfreight.com\\\/fr\\\/blog\\\/import-export-voitures-france\\\/#primaryimage\",\"url\":\"https:\\\/\\\/www.mathezfreight.com\\\/wp-content\\\/uploads\\\/photo-ferrari-aerien-5-copie.jpg\",\"contentUrl\":\"https:\\\/\\\/www.mathezfreight.com\\\/wp-content\\\/uploads\\\/photo-ferrari-aerien-5-copie.jpg\",\"width\":1220,\"height\":472,\"caption\":\"\u00a9 MATHEZ FREIGHT\"},{\"@type\":\"BreadcrumbList\",\"@id\":\"https:\\\/\\\/www.mathezfreight.com\\\/fr\\\/blog\\\/import-export-voitures-france\\\/#breadcrumb\",\"itemListElement\":[{\"@type\":\"ListItem\",\"position\":1,\"name\":\"Home\",\"item\":\"https:\\\/\\\/www.mathezfreight.com\\\/fr\\\/\"},{\"@type\":\"ListItem\",\"position\":2,\"name\":\"Op\u00e9rations\",\"item\":\"https:\\\/\\\/www.mathezfreight.com\\\/fr\\\/blog\\\/categorie\\\/operations\\\/\"},{\"@type\":\"ListItem\",\"position\":3,\"name\":\"Nos plus belles voitures, \u00e0 l&rsquo;import\\\/export France\"}]},{\"@type\":\"WebSite\",\"@id\":\"https:\\\/\\\/www.mathezfreight.com\\\/fr\\\/#website\",\"url\":\"https:\\\/\\\/www.mathezfreight.com\\\/fr\\\/\",\"name\":\"MATHEZ FREIGHT\",\"description\":\"Solutions transport sur mesure, suivies, efficaces\",\"publisher\":{\"@id\":\"https:\\\/\\\/www.mathezfreight.com\\\/fr\\\/#organization\"},\"alternateName\":\"MATHEZ TRANSPORTS INTERNATIONAUX\",\"potentialAction\":[{\"@type\":\"SearchAction\",\"target\":{\"@type\":\"EntryPoint\",\"urlTemplate\":\"https:\\\/\\\/www.mathezfreight.com\\\/fr\\\/?s={search_term_string}\"},\"query-input\":{\"@type\":\"PropertyValueSpecification\",\"valueRequired\":true,\"valueName\":\"search_term_string\"}}],\"inLanguage\":\"fr-FR\"},{\"@type\":\"Organization\",\"@id\":\"https:\\\/\\\/www.mathezfreight.com\\\/fr\\\/#organization\",\"name\":\"MATHEZ FREIGHT\",\"alternateName\":\"MATHEZ TRANSPORTS INTERNATIONAUX\",\"url\":\"https:\\\/\\\/www.mathezfreight.com\\\/fr\\\/\",\"logo\":{\"@type\":\"ImageObject\",\"inLanguage\":\"fr-FR\",\"@id\":\"https:\\\/\\\/www.mathezfreight.com\\\/fr\\\/#\\\/schema\\\/logo\\\/image\\\/\",\"url\":\"https:\\\/\\\/www.mathezfreight.com\\\/wp-content\\\/uploads\\\/logo-mathez-freight-400pxw.png\",\"contentUrl\":\"https:\\\/\\\/www.mathezfreight.com\\\/wp-content\\\/uploads\\\/logo-mathez-freight-400pxw.png\",\"width\":400,\"height\":136,\"caption\":\"MATHEZ FREIGHT\"},\"image\":{\"@id\":\"https:\\\/\\\/www.mathezfreight.com\\\/fr\\\/#\\\/schema\\\/logo\\\/image\\\/\"},\"sameAs\":[\"https:\\\/\\\/www.facebook.com\\\/MathezFreight\\\/\",\"https:\\\/\\\/x.com\\\/MathezFreight\",\"https:\\\/\\\/www.linkedin.com\\\/company\\\/mathezfreight\\\/\"],\"description\":\"Transitaire fran\u00e7ais, organisateur de transport international: fret a\u00e9rien, fret maritime, commissionnaire en douane agr\u00e9\u00e9 OEA-Full. 17 agences en France sur tous les principaux ports et a\u00e9roports.\",\"email\":\"web@mathezfreight.com\",\"telephone\":\"+33.497257825\",\"legalName\":\"MATHEZ TRANSPORTS INTERNATIONAUX\",\"foundingDate\":\"1950-01-01\",\"numberOfEmployees\":{\"@type\":\"QuantitativeValue\",\"minValue\":\"51\",\"maxValue\":\"200\"}},{\"@type\":\"Person\",\"@id\":\"https:\\\/\\\/www.mathezfreight.com\\\/fr\\\/#\\\/schema\\\/person\\\/94914cc381c671e9a29be453a8211aab\",\"name\":\"Fr\u00e9d\u00e9ric Mercier\",\"sameAs\":[\"https:\\\/\\\/x.com\\\/DavidP\"]}]}<\/script>\n<!-- \/ Yoast SEO Premium plugin. -->","yoast_head_json":{"title":"Nos plus belles voitures, \u00e0 l'import\/export France - MATHEZ FREIGHT","description":"Chez Mathez Freight, nous voyons passer de sacr\u00e9s mod\u00e8les, tandis que nos \u00e9quipes de passionn\u00e9s organisent le transport a\u00e9rien ou maritime et assurent la douane import ou export. Rolls Royce, Ferrari, Bentley, Bugatti, Mercedes... On partage notre \"collec\"!","robots":{"index":"index","follow":"follow","max-snippet":"max-snippet:-1","max-image-preview":"max-image-preview:large","max-video-preview":"max-video-preview:-1"},"canonical":"https:\/\/www.mathezfreight.com\/fr\/blog\/import-export-voitures-france\/","og_locale":"fr_FR","og_type":"article","og_title":"Nos plus belles voitures, \u00e0 l'import\/export France","og_description":"Chez Mathez Freight, nous voyons passer de sacr\u00e9s mod\u00e8les, tandis que nos \u00e9quipes de passionn\u00e9s organisent le transport a\u00e9rien ou maritime et assurent la douane import ou export. Rolls Royce, Ferrari, Bentley, Bugatti, Mercedes... On partage notre \"collec\"!","og_url":"https:\/\/www.mathezfreight.com\/fr\/blog\/import-export-voitures-france\/","og_site_name":"MATHEZ FREIGHT","article_publisher":"https:\/\/www.facebook.com\/MathezFreight\/","article_published_time":"2025-06-01T12:21:22+00:00","article_modified_time":"2026-01-12T11:14:29+00:00","og_image":[{"width":1220,"height":472,"url":"https:\/\/www.mathezfreight.com\/wp-content\/uploads\/photo-ferrari-aerien-5-copie.jpg","type":"image\/jpeg"}],"author":"Fr\u00e9d\u00e9ric Mercier","twitter_card":"summary_large_image","twitter_creator":"@DavidP","twitter_site":"@MathezFreight","twitter_misc":{"\u00c9crit par":"Fr\u00e9d\u00e9ric Mercier","Dur\u00e9e de lecture estim\u00e9e":"18 minutes"},"schema":{"@context":"https:\/\/schema.org","@graph":[{"@type":"Article","@id":"https:\/\/www.mathezfreight.com\/fr\/blog\/import-export-voitures-france\/#article","isPartOf":{"@id":"https:\/\/www.mathezfreight.com\/fr\/blog\/import-export-voitures-france\/"},"author":{"name":"Fr\u00e9d\u00e9ric Mercier","@id":"https:\/\/www.mathezfreight.com\/fr\/#\/schema\/person\/94914cc381c671e9a29be453a8211aab"},"headline":"Nos plus belles voitures, \u00e0 l&rsquo;import\/export France","datePublished":"2025-06-01T12:21:22+00:00","dateModified":"2026-01-12T11:14:29+00:00","mainEntityOfPage":{"@id":"https:\/\/www.mathezfreight.com\/fr\/blog\/import-export-voitures-france\/"},"wordCount":815,"commentCount":0,"publisher":{"@id":"https:\/\/www.mathezfreight.com\/fr\/#organization"},"image":{"@id":"https:\/\/www.mathezfreight.com\/fr\/blog\/import-export-voitures-france\/#primaryimage"},"thumbnailUrl":"https:\/\/www.mathezfreight.com\/wp-content\/uploads\/photo-ferrari-aerien-5-copie.jpg","keywords":["Transport de voitures"],"articleSection":["Op\u00e9rations"],"inLanguage":"fr-FR","potentialAction":[{"@type":"CommentAction","name":"Comment","target":["https:\/\/www.mathezfreight.com\/fr\/blog\/import-export-voitures-france\/#respond"]}]},{"@type":"WebPage","@id":"https:\/\/www.mathezfreight.com\/fr\/blog\/import-export-voitures-france\/","url":"https:\/\/www.mathezfreight.com\/fr\/blog\/import-export-voitures-france\/","name":"Nos plus belles voitures, \u00e0 l'import\/export France - MATHEZ FREIGHT","isPartOf":{"@id":"https:\/\/www.mathezfreight.com\/fr\/#website"},"primaryImageOfPage":{"@id":"https:\/\/www.mathezfreight.com\/fr\/blog\/import-export-voitures-france\/#primaryimage"},"image":{"@id":"https:\/\/www.mathezfreight.com\/fr\/blog\/import-export-voitures-france\/#primaryimage"},"thumbnailUrl":"https:\/\/www.mathezfreight.com\/wp-content\/uploads\/photo-ferrari-aerien-5-copie.jpg","datePublished":"2025-06-01T12:21:22+00:00","dateModified":"2026-01-12T11:14:29+00:00","description":"Chez Mathez Freight, nous voyons passer de sacr\u00e9s mod\u00e8les, tandis que nos \u00e9quipes de passionn\u00e9s organisent le transport a\u00e9rien ou maritime et assurent la douane import ou export. Rolls Royce, Ferrari, Bentley, Bugatti, Mercedes... On partage notre \"collec\"!","breadcrumb":{"@id":"https:\/\/www.mathezfreight.com\/fr\/blog\/import-export-voitures-france\/#breadcrumb"},"inLanguage":"fr-FR","potentialAction":[{"@type":"ReadAction","target":["https:\/\/www.mathezfreight.com\/fr\/blog\/import-export-voitures-france\/"]}]},{"@type":"ImageObject","inLanguage":"fr-FR","@id":"https:\/\/www.mathezfreight.com\/fr\/blog\/import-export-voitures-france\/#primaryimage","url":"https:\/\/www.mathezfreight.com\/wp-content\/uploads\/photo-ferrari-aerien-5-copie.jpg","contentUrl":"https:\/\/www.mathezfreight.com\/wp-content\/uploads\/photo-ferrari-aerien-5-copie.jpg","width":1220,"height":472,"caption":"\u00a9 MATHEZ FREIGHT"},{"@type":"BreadcrumbList","@id":"https:\/\/www.mathezfreight.com\/fr\/blog\/import-export-voitures-france\/#breadcrumb","itemListElement":[{"@type":"ListItem","position":1,"name":"Home","item":"https:\/\/www.mathezfreight.com\/fr\/"},{"@type":"ListItem","position":2,"name":"Op\u00e9rations","item":"https:\/\/www.mathezfreight.com\/fr\/blog\/categorie\/operations\/"},{"@type":"ListItem","position":3,"name":"Nos plus belles voitures, \u00e0 l&rsquo;import\/export France"}]},{"@type":"WebSite","@id":"https:\/\/www.mathezfreight.com\/fr\/#website","url":"https:\/\/www.mathezfreight.com\/fr\/","name":"MATHEZ FREIGHT","description":"Solutions transport sur mesure, suivies, efficaces","publisher":{"@id":"https:\/\/www.mathezfreight.com\/fr\/#organization"},"alternateName":"MATHEZ TRANSPORTS INTERNATIONAUX","potentialAction":[{"@type":"SearchAction","target":{"@type":"EntryPoint","urlTemplate":"https:\/\/www.mathezfreight.com\/fr\/?s={search_term_string}"},"query-input":{"@type":"PropertyValueSpecification","valueRequired":true,"valueName":"search_term_string"}}],"inLanguage":"fr-FR"},{"@type":"Organization","@id":"https:\/\/www.mathezfreight.com\/fr\/#organization","name":"MATHEZ FREIGHT","alternateName":"MATHEZ TRANSPORTS INTERNATIONAUX","url":"https:\/\/www.mathezfreight.com\/fr\/","logo":{"@type":"ImageObject","inLanguage":"fr-FR","@id":"https:\/\/www.mathezfreight.com\/fr\/#\/schema\/logo\/image\/","url":"https:\/\/www.mathezfreight.com\/wp-content\/uploads\/logo-mathez-freight-400pxw.png","contentUrl":"https:\/\/www.mathezfreight.com\/wp-content\/uploads\/logo-mathez-freight-400pxw.png","width":400,"height":136,"caption":"MATHEZ FREIGHT"},"image":{"@id":"https:\/\/www.mathezfreight.com\/fr\/#\/schema\/logo\/image\/"},"sameAs":["https:\/\/www.facebook.com\/MathezFreight\/","https:\/\/x.com\/MathezFreight","https:\/\/www.linkedin.com\/company\/mathezfreight\/"],"description":"Transitaire fran\u00e7ais, organisateur de transport international: fret a\u00e9rien, fret maritime, commissionnaire en douane agr\u00e9\u00e9 OEA-Full. 17 agences en France sur tous les principaux ports et a\u00e9roports.","email":"web@mathezfreight.com","telephone":"+33.497257825","legalName":"MATHEZ TRANSPORTS INTERNATIONAUX","foundingDate":"1950-01-01","numberOfEmployees":{"@type":"QuantitativeValue","minValue":"51","maxValue":"200"}},{"@type":"Person","@id":"https:\/\/www.mathezfreight.com\/fr\/#\/schema\/person\/94914cc381c671e9a29be453a8211aab","name":"Fr\u00e9d\u00e9ric Mercier","sameAs":["https:\/\/x.com\/DavidP"]}]}},"_links":{"self":[{"href":"https:\/\/www.mathezfreight.com\/fr\/wp-json\/wp\/v2\/posts\/35400","targetHints":{"allow":["GET"]}}],"collection":[{"href":"https:\/\/www.mathezfreight.com\/fr\/wp-json\/wp\/v2\/posts"}],"about":[{"href":"https:\/\/www.mathezfreight.com\/fr\/wp-json\/wp\/v2\/types\/post"}],"author":[{"embeddable":true,"href":"https:\/\/www.mathezfreight.com\/fr\/wp-json\/wp\/v2\/users\/130"}],"replies":[{"embeddable":true,"href":"https:\/\/www.mathezfreight.com\/fr\/wp-json\/wp\/v2\/comments?post=35400"}],"version-history":[{"count":0,"href":"https:\/\/www.mathezfreight.com\/fr\/wp-json\/wp\/v2\/posts\/35400\/revisions"}],"wp:featuredmedia":[{"embeddable":true,"href":"https:\/\/www.mathezfreight.com\/fr\/wp-json\/wp\/v2\/media\/52328"}],"wp:attachment":[{"href":"https:\/\/www.mathezfreight.com\/fr\/wp-json\/wp\/v2\/media?parent=35400"}],"wp:term":[{"taxonomy":"category","embeddable":true,"href":"https:\/\/www.mathezfreight.com\/fr\/wp-json\/wp\/v2\/categories?post=35400"},{"taxonomy":"post_tag","embeddable":true,"href":"https:\/\/www.mathezfreight.com\/fr\/wp-json\/wp\/v2\/tags?post=35400"},{"taxonomy":"cibles","embeddable":true,"href":"https:\/\/www.mathezfreight.com\/fr\/wp-json\/wp\/v2\/cibles?post=35400"}],"curies":[{"name":"wp","href":"https:\/\/api.w.org\/{rel}","templated":true}]}}