{"id":32262,"date":"2020-01-06T14:29:18","date_gmt":"2020-01-06T14:29:18","guid":{"rendered":"https:\/\/www.mathezfreight.com\/?p=32262"},"modified":"2026-01-13T14:45:22","modified_gmt":"2026-01-13T14:45:22","slug":"codes-douaniers-tarif-douanier-2020","status":"publish","type":"post","link":"https:\/\/www.mathezfreight.com\/fr\/blog\/codes-douaniers-tarif-douanier-2020\/","title":{"rendered":"Tarif douanier de l&rsquo;UE: mise \u00e0 jour 2020"},"content":{"rendered":"\t\t<div data-elementor-type=\"wp-post\" data-elementor-id=\"32262\" class=\"elementor elementor-32262\" data-elementor-post-type=\"post\">\n\t\t\t\t\t\t<div class=\"elementor-section elementor-top-section elementor-element elementor-element-25ac58f elementor-section-stretched elementor-section-full_width mti-page-header bg-articles elementor-section-height-default elementor-section-height-default default-style elementor-invisible\" data-id=\"25ac58f\" data-element_type=\"section\" data-e-type=\"section\" id=\"mti-page-header\" data-settings=\"{&quot;stretch_section&quot;:&quot;section-stretched&quot;,&quot;animation&quot;:&quot;fadeIn&quot;,&quot;rt_color_sets&quot;:&quot;default-style&quot;}\">\n\t\t\t\t\t\t<div class=\"elementor-container elementor-column-gap-no\">\n\t\t\t\t\t<div class=\"elementor-column elementor-col-100 elementor-top-column elementor-element elementor-element-c3af877\" data-id=\"c3af877\" data-element_type=\"column\" data-e-type=\"column\">\n\t\t\t<div class=\"elementor-widget-wrap elementor-element-populated\">\n\t\t\t\t\t\t<div class=\"elementor-element elementor-element-354bdad elementor-widget elementor-widget-theme-post-featured-image elementor-widget-image\" data-id=\"354bdad\" data-element_type=\"widget\" data-e-type=\"widget\" data-widget_type=\"theme-post-featured-image.default\">\n\t\t\t\t<div class=\"elementor-widget-container\">\n\t\t\t\t\t\t\t\t\t\t\t\t\t\t\t<img decoding=\"async\" width=\"1220\" height=\"406\" src=\"https:\/\/www.mathezfreight.com\/wp-content\/uploads\/photo-code-douanier-2020-1220x406.jpg\" class=\"attachment-mti-flat-banner size-mti-flat-banner wp-image-32329\" alt=\"Code douanier : le trouver dans le Tarif douanier 2026\" \/>\t\t\t\t\t\t\t\t\t\t\t\t\t\t\t<\/div>\n\t\t\t\t<\/div>\n\t\t\t\t\t<\/div>\n\t\t<\/div>\n\t\t\t\t\t<\/div>\n\t\t<\/div>\n\t\t\t\t<div class=\"elementor-section elementor-top-section elementor-element elementor-element-e862999 mti-page-excerpt excerpt-onleft highlight-articles elementor-section-boxed elementor-section-height-default elementor-section-height-default default-style elementor-invisible\" data-id=\"e862999\" data-element_type=\"section\" data-e-type=\"section\" id=\"mti-page-excerpt\" data-settings=\"{&quot;animation&quot;:&quot;fadeInUp&quot;,&quot;rt_color_sets&quot;:&quot;default-style&quot;}\">\n\t\t\t\t\t\t<div class=\"elementor-container elementor-column-gap-default\">\n\t\t\t\t\t<div class=\"elementor-column elementor-col-100 elementor-top-column elementor-element elementor-element-64290da default-style\" data-id=\"64290da\" data-element_type=\"column\" data-e-type=\"column\" data-settings=\"{&quot;background_background&quot;:&quot;classic&quot;}\">\n\t\t\t<div class=\"elementor-widget-wrap elementor-element-populated\">\n\t\t\t\t\t\t<div class=\"elementor-element elementor-element-13239bc elementor-align-left mti-blog-suptitle elementor-widget elementor-widget-post-info\" data-id=\"13239bc\" data-element_type=\"widget\" data-e-type=\"widget\" data-widget_type=\"post-info.default\">\n\t\t\t\t<div class=\"elementor-widget-container\">\n\t\t\t\t\t\t\t<ul class=\"elementor-inline-items elementor-icon-list-items elementor-post-info\">\n\t\t\t\t\t\t\t\t<li class=\"elementor-icon-list-item elementor-repeater-item-9687d75 elementor-inline-item\" itemprop=\"about\">\n\t\t\t\t\t\t\t\t\t\t\t\t\t<span class=\"elementor-icon-list-text elementor-post-info__item elementor-post-info__item--type-terms\">\n\t\t\t\t\t\t\t\t\t\t<span class=\"elementor-post-info__terms-list\">\n\t\t\t\t<a href=\"https:\/\/www.mathezfreight.com\/fr\/blog\/categorie\/fret-mode-demploi\/\" class=\"elementor-post-info__terms-list-item\">Fret Mode d&#039;Emploi<\/a>\t\t\t\t<\/span>\n\t\t\t\t\t<\/span>\n\t\t\t\t\t\t\t\t<\/li>\n\t\t\t\t<\/ul>\n\t\t\t\t\t\t<\/div>\n\t\t\t\t<\/div>\n\t\t\t\t<div class=\"elementor-element elementor-element-cdda569 elementor-widget elementor-widget-theme-post-title elementor-page-title elementor-widget-heading\" data-id=\"cdda569\" data-element_type=\"widget\" data-e-type=\"widget\" data-widget_type=\"theme-post-title.default\">\n\t\t\t\t<div class=\"elementor-widget-container\">\n\t\t\t\t\t<h1 class=\"elementor-heading-title elementor-size-default\">Tarif douanier de l&rsquo;UE: mise \u00e0 jour 2020<\/h1>\t\t\t\t<\/div>\n\t\t\t\t<\/div>\n\t\t\t\t<div class=\"elementor-element elementor-element-8f5c17b elementor-widget elementor-widget-theme-post-excerpt\" data-id=\"8f5c17b\" data-element_type=\"widget\" data-e-type=\"widget\" data-widget_type=\"theme-post-excerpt.default\">\n\t\t\t\t<div class=\"elementor-widget-container\">\n\t\t\t\t\tQuelles nomenclatures ont chang\u00e9 dans le tarif douanier europ\u00e9en en 2020 ?\t\t\t\t<\/div>\n\t\t\t\t<\/div>\n\t\t\t\t<div class=\"elementor-element elementor-element-b5deb30 elementor-align-right mti-blog-tags elementor-widget elementor-widget-post-info\" data-id=\"b5deb30\" data-element_type=\"widget\" data-e-type=\"widget\" data-widget_type=\"post-info.default\">\n\t\t\t\t<div class=\"elementor-widget-container\">\n\t\t\t\t\t\t\t<ul class=\"elementor-inline-items elementor-icon-list-items elementor-post-info\">\n\t\t\t\t\t\t\t\t<li class=\"elementor-icon-list-item elementor-repeater-item-7910e98 elementor-inline-item\" itemprop=\"datePublished\">\n\t\t\t\t\t\t\t\t\t\t<span class=\"elementor-icon-list-icon\">\n\t\t\t\t\t\t\t\t\t\t\t\t\t\t<i class=\"fa fa-calendar\" aria-hidden=\"true\"><\/i>\n\t\t\t\t\t\t\t\t\t\t\t\t<\/span>\n\t\t\t\t\t\t\t\t\t<span class=\"elementor-icon-list-text elementor-post-info__item elementor-post-info__item--type-date\">\n\t\t\t\t\t\t\t\t\t\t<time>6 janvier 2020<\/time>\t\t\t\t\t<\/span>\n\t\t\t\t\t\t\t\t<\/li>\n\t\t\t\t<li class=\"elementor-icon-list-item elementor-repeater-item-f18f2db elementor-inline-item\" itemprop=\"about\">\n\t\t\t\t\t\t\t\t\t\t<span class=\"elementor-icon-list-icon\">\n\t\t\t\t\t\t\t\t<i aria-hidden=\"true\" class=\"fas fa-tags\"><\/i>\t\t\t\t\t\t\t<\/span>\n\t\t\t\t\t\t\t\t\t<span class=\"elementor-icon-list-text elementor-post-info__item elementor-post-info__item--type-terms\">\n\t\t\t\t\t\t\t\t\t\t<span class=\"elementor-post-info__terms-list\">\n\t\t\t\t<a href=\"https:\/\/www.mathezfreight.com\/fr\/blog\/tag\/douane\/\" class=\"elementor-post-info__terms-list-item\">Douane<\/a>\t\t\t\t<\/span>\n\t\t\t\t\t<\/span>\n\t\t\t\t\t\t\t\t<\/li>\n\t\t\t\t<\/ul>\n\t\t\t\t\t\t<\/div>\n\t\t\t\t<\/div>\n\t\t\t\t\t<\/div>\n\t\t<\/div>\n\t\t\t\t\t<\/div>\n\t\t<\/div>\n\t\t\t\t<aside class=\"elementor-section elementor-top-section elementor-element elementor-element-da74b28 elementor-hidden-tablet elementor-hidden-phone mti-social-bar up elementor-section-boxed elementor-section-height-default elementor-section-height-default elementor-invisible\" data-id=\"da74b28\" data-element_type=\"section\" data-e-type=\"section\" data-settings=\"{&quot;animation&quot;:&quot;fadeInLeft&quot;}\">\n\t\t\t\t\t\t<div class=\"elementor-container elementor-column-gap-default\">\n\t\t\t\t\t<div class=\"elementor-column elementor-col-100 elementor-top-column elementor-element elementor-element-ba21d28\" data-id=\"ba21d28\" data-element_type=\"column\" data-e-type=\"column\">\n\t\t\t<div class=\"elementor-widget-wrap elementor-element-populated\">\n\t\t\t\t\t\t<div class=\"elementor-element elementor-element-318d352 elementor-share-buttons--view-icon elementor-share-buttons--skin-flat mti-social-bar-job elementor-share-buttons--shape-square elementor-grid-0 elementor-share-buttons--color-official elementor-invisible elementor-widget elementor-widget-global elementor-global-17249 elementor-widget-share-buttons\" data-id=\"318d352\" data-element_type=\"widget\" data-e-type=\"widget\" data-settings=\"{&quot;_animation&quot;:&quot;fadeInLeft&quot;}\" data-widget_type=\"share-buttons.default\">\n\t\t\t\t<div class=\"elementor-widget-container\">\n\t\t\t\t\t\t\t<div class=\"elementor-grid\" role=\"list\">\n\t\t\t\t\t\t\t\t<div class=\"elementor-grid-item\" role=\"listitem\">\n\t\t\t\t\t\t<div class=\"elementor-share-btn elementor-share-btn_email\" role=\"button\" tabindex=\"0\" aria-label=\"Partager sur email\">\n\t\t\t\t\t\t\t\t\t\t\t\t\t\t\t<span class=\"elementor-share-btn__icon\">\n\t\t\t\t\t\t\t\t<i class=\"fas fa-envelope\" aria-hidden=\"true\"><\/i>\t\t\t\t\t\t\t<\/span>\n\t\t\t\t\t\t\t\t\t\t\t\t\t\t\t\t\t\t\t\t<\/div>\n\t\t\t\t\t<\/div>\n\t\t\t\t\t\t\t\t\t<div class=\"elementor-grid-item\" role=\"listitem\">\n\t\t\t\t\t\t<div class=\"elementor-share-btn elementor-share-btn_linkedin\" role=\"button\" tabindex=\"0\" aria-label=\"Partager sur linkedin\">\n\t\t\t\t\t\t\t\t\t\t\t\t\t\t\t<span class=\"elementor-share-btn__icon\">\n\t\t\t\t\t\t\t\t<i class=\"fab fa-linkedin\" aria-hidden=\"true\"><\/i>\t\t\t\t\t\t\t<\/span>\n\t\t\t\t\t\t\t\t\t\t\t\t\t\t\t\t\t\t\t\t<\/div>\n\t\t\t\t\t<\/div>\n\t\t\t\t\t\t\t\t\t<div class=\"elementor-grid-item\" role=\"listitem\">\n\t\t\t\t\t\t<div class=\"elementor-share-btn elementor-share-btn_twitter\" role=\"button\" tabindex=\"0\" aria-label=\"Partager sur twitter\">\n\t\t\t\t\t\t\t\t\t\t\t\t\t\t\t<span class=\"elementor-share-btn__icon\">\n\t\t\t\t\t\t\t\t<i class=\"fab fa-twitter\" aria-hidden=\"true\"><\/i>\t\t\t\t\t\t\t<\/span>\n\t\t\t\t\t\t\t\t\t\t\t\t\t\t\t\t\t\t\t\t<\/div>\n\t\t\t\t\t<\/div>\n\t\t\t\t\t\t\t\t\t<div class=\"elementor-grid-item\" role=\"listitem\">\n\t\t\t\t\t\t<div class=\"elementor-share-btn elementor-share-btn_facebook\" role=\"button\" tabindex=\"0\" aria-label=\"Partager sur facebook\">\n\t\t\t\t\t\t\t\t\t\t\t\t\t\t\t<span class=\"elementor-share-btn__icon\">\n\t\t\t\t\t\t\t\t<i class=\"fab fa-facebook\" aria-hidden=\"true\"><\/i>\t\t\t\t\t\t\t<\/span>\n\t\t\t\t\t\t\t\t\t\t\t\t\t\t\t\t\t\t\t\t<\/div>\n\t\t\t\t\t<\/div>\n\t\t\t\t\t\t\t\t\t<div class=\"elementor-grid-item\" role=\"listitem\">\n\t\t\t\t\t\t<div class=\"elementor-share-btn elementor-share-btn_print\" role=\"button\" tabindex=\"0\" aria-label=\"Partager sur print\">\n\t\t\t\t\t\t\t\t\t\t\t\t\t\t\t<span class=\"elementor-share-btn__icon\">\n\t\t\t\t\t\t\t\t<i class=\"fas fa-print\" aria-hidden=\"true\"><\/i>\t\t\t\t\t\t\t<\/span>\n\t\t\t\t\t\t\t\t\t\t\t\t\t\t\t\t\t\t\t\t<\/div>\n\t\t\t\t\t<\/div>\n\t\t\t\t\t\t<\/div>\n\t\t\t\t\t\t<\/div>\n\t\t\t\t<\/div>\n\t\t\t\t\t<\/div>\n\t\t<\/div>\n\t\t\t\t\t<\/div>\n\t\t<\/aside>\n\t\t\t\t<div class=\"elementor-section elementor-top-section elementor-element elementor-element-1be72cc mti-article-body elementor-section-boxed elementor-section-height-default elementor-section-height-default default-style\" data-id=\"1be72cc\" data-element_type=\"section\" data-e-type=\"section\" data-settings=\"{&quot;rt_color_sets&quot;:&quot;default-style&quot;}\">\n\t\t\t\t\t\t<div class=\"elementor-container elementor-column-gap-default\">\n\t\t\t\t\t<div class=\"elementor-column elementor-col-100 elementor-top-column elementor-element elementor-element-1f5697b\" data-id=\"1f5697b\" data-element_type=\"column\" data-e-type=\"column\">\n\t\t\t<div class=\"elementor-widget-wrap elementor-element-populated\">\n\t\t\t\t\t\t<div class=\"elementor-element elementor-element-198c1f8 elementor-widget elementor-widget-spacer\" data-id=\"198c1f8\" data-element_type=\"widget\" data-e-type=\"widget\" data-widget_type=\"spacer.default\">\n\t\t\t\t<div class=\"elementor-widget-container\">\n\t\t\t\t\t\t\t<div class=\"elementor-spacer\">\n\t\t\t<div class=\"elementor-spacer-inner\"><\/div>\n\t\t<\/div>\n\t\t\t\t\t\t<\/div>\n\t\t\t\t<\/div>\n\t\t\t\t\t<\/div>\n\t\t<\/div>\n\t\t\t\t\t<\/div>\n\t\t<\/div>\n\t\t\t\t<div class=\"elementor-section elementor-top-section elementor-element elementor-element-31d764d mti-article-body elementor-section-boxed elementor-section-height-default elementor-section-height-default default-style\" data-id=\"31d764d\" data-element_type=\"section\" data-e-type=\"section\" data-settings=\"{&quot;rt_color_sets&quot;:&quot;default-style&quot;}\">\n\t\t\t\t\t\t<div class=\"elementor-container elementor-column-gap-default\">\n\t\t\t\t\t<div class=\"elementor-column elementor-col-100 elementor-top-column elementor-element elementor-element-4306d68\" data-id=\"4306d68\" data-element_type=\"column\" data-e-type=\"column\">\n\t\t\t<div class=\"elementor-widget-wrap elementor-element-populated\">\n\t\t\t\t\t\t<div class=\"elementor-element elementor-element-7c601e1 elementor-widget elementor-widget-spacer\" data-id=\"7c601e1\" data-element_type=\"widget\" data-e-type=\"widget\" data-widget_type=\"spacer.default\">\n\t\t\t\t<div class=\"elementor-widget-container\">\n\t\t\t\t\t\t\t<div class=\"elementor-spacer\">\n\t\t\t<div class=\"elementor-spacer-inner\"><\/div>\n\t\t<\/div>\n\t\t\t\t\t\t<\/div>\n\t\t\t\t<\/div>\n\t\t\t\t<div class=\"elementor-element elementor-element-1beb3a4 elementor-alert-warning elementor-widget elementor-widget-global elementor-global-59587 elementor-widget-alert\" data-id=\"1beb3a4\" data-element_type=\"widget\" data-e-type=\"widget\" data-widget_type=\"alert.default\">\n\t\t\t\t<div class=\"elementor-widget-container\">\n\t\t\t\t\t\t\t<div class=\"elementor-alert\" role=\"alert\">\n\n\t\t\t\n\t\t\t\t\t\t<span class=\"elementor-alert-description\"><h2 style=\"margin: 0.5em 0px;font-size: 1.2em\">Le tarif douanier 2026 est disponible<\/h2>\nV\u00e9rifiez les nouveaut\u00e9s en consultant notre article sur les<b> <a href=\"https:\/\/www.mathezfreight.com\/fr\/blog\/codes-douaniers-tarif-douanier\/\">tarifs douaniers 2026<\/a><\/b>.<\/span>\n\t\t\t\n\t\t\t\t\t\t<button type=\"button\" class=\"elementor-alert-dismiss\" aria-label=\"Ignorer cette alerte.\">\n\t\t\t\t\t\t\t\t\t<span aria-hidden=\"true\">&times;<\/span>\n\t\t\t\t\t\t\t<\/button>\n\t\t\t\n\t\t<\/div>\n\t\t\t\t\t\t<\/div>\n\t\t\t\t<\/div>\n\t\t\t\t<div class=\"elementor-element elementor-element-b1d3413 mti-article-body elementor-widget elementor-widget-text-editor\" data-id=\"b1d3413\" data-element_type=\"widget\" data-e-type=\"widget\" data-widget_type=\"text-editor.default\">\n\t\t\t\t<div class=\"elementor-widget-container\">\n\t\t\t\t\t\t\t\t\t<h2>Tarif douanier 2020: les nouveaut\u00e9s<\/h2><p>Comme chaque ann\u00e9e, la nomenclature combin\u00e9e \u00e0 8 chiffres a chang\u00e9 au <strong>1er janvier<\/strong>. Le nouveau tarif douanier a \u00e9t\u00e9 publi\u00e9 au <strong>JOUE (Journal officiel de l&rsquo;Union europ\u00e9enne) n\u00b0L 280<\/strong>, le 31 octobre 2019.<\/p><ul><li>\u00a0Le nouveau\u00a0<b>Tarif douanier 2020 est t\u00e9l\u00e9chargeable\u00a0<a href=\"https:\/\/eur-lex.europa.eu\/legal-content\/FR\/TXT\/?uri=OJ:L:2019:280:TOC\" target=\"_blank\" rel=\"noopener\">ici<\/a>\u00a0<\/b>sur le site EUR-Lex.<\/li><\/ul><div><div class=\"mti-encadre\"><p>A titre indicatif, on rel\u00e8ve des changements et nouveaut\u00e9s sur les <b>codes douaniers<\/b> dans les chapitres suivants du <b>Tarif Douanier 2020<\/b> :<\/p><ul><li><b>Chapitre 22<\/b>: Boissons, liquides alcooliques et vinaigres<\/li><li><strong>Chapitre 37\u00a0<\/strong>: Produits photographiques et\u00a0cin\u00e9matographiques<\/li><li><strong>Chapitre 71\u00a0<\/strong>: Perles fines ou de culture, pierres gemmes et similaires, m\u00e9taux pr\u00e9cieux, [\u2026] et notamment au niveau de pierres synth\u00e9tiques ou reconstitu\u00e9es (SH 4 7104)<\/li><li><strong>Chapitre 85\u00a0<\/strong>: Machines, appareils et mat\u00e9riels \u00e9lectriques et leurs parties; appareils d&rsquo;enregistrement ou de reproduction du son, appareils d&rsquo;enregistrement ou de reproduction des images et du son en t\u00e9l\u00e9vision, et parties et accessoires de ces appareils<\/li><li><strong>Chapitre 90\u00a0<\/strong>: Instruments et appareils d&rsquo;optique, de photographie et de cin\u00e9matographie, de mesure, de contr\u00f4le, de pr\u00e9cision; instruments et appareils m\u00e9dico-chirurgicaux; parties et accessoires de ces instruments et appareils.<\/li><li><strong>Chapitre 99\u00a0<\/strong>: certains codes sp\u00e9cifiques de\u00a0la nomenclatures combin\u00e9e comme les trousseaux, les cercueils, ou les biens\u00a0adress\u00e9s \u00e0 des organismes \u00e0 caract\u00e8re charitable et philanthropique ou au\u00a0profit des victimes de catastrophes.<\/li><\/ul><\/div><\/div>\t\t\t\t\t\t\t\t<\/div>\n\t\t\t\t<\/div>\n\t\t\t\t<div class=\"elementor-element elementor-element-fa0df29 elementor-widget elementor-widget-spacer\" data-id=\"fa0df29\" data-element_type=\"widget\" data-e-type=\"widget\" data-widget_type=\"spacer.default\">\n\t\t\t\t<div class=\"elementor-widget-container\">\n\t\t\t\t\t\t\t<div class=\"elementor-spacer\">\n\t\t\t<div class=\"elementor-spacer-inner\"><\/div>\n\t\t<\/div>\n\t\t\t\t\t\t<\/div>\n\t\t\t\t<\/div>\n\t\t\t\t<div class=\"elementor-element elementor-element-ba10139 elementor-alert-info elementor-widget elementor-widget-global elementor-global-59584 elementor-widget-alert\" data-id=\"ba10139\" data-element_type=\"widget\" data-e-type=\"widget\" data-widget_type=\"alert.default\">\n\t\t\t\t<div class=\"elementor-widget-container\">\n\t\t\t\t\t\t\t<div class=\"elementor-alert\" role=\"alert\">\n\n\t\t\t\n\t\t\t\t\t\t<span class=\"elementor-alert-description\"><h2 style=\"margin: 0.5em 0px;font-size: 1.2em\">Notre dossier sur les codes et tarifs douaniers<\/h2>\n<ul>\n<li><b><a href=\"https:\/\/www.mathezfreight.com\/fr\/blog\/codes-douanier-tarif-douanier\/\">Comment v\u00e9rifier vos codes et tarifs  douaniers en 2026?<\/a><\/b><\/li>\n<li> V\u00e9rifiez les changements intervenus dans les tarifs douaniers de l'Union europ\u00e9enne en <a href=\"https:\/\/www.mathezfreight.com\/fr\/blog\/codes-douaniers-tarif-douanier-2020\/\">2020<\/a>, <a href=\"https:\/\/www.mathezfreight.com\/fr\/blog\/codes-douaniers-tarif-douanier-2021\/\">2021<\/a>, <a href=\"https:\/\/www.mathezfreight.com\/fr\/blog\/codes-douaniers-tarif-douanier-2022\/\">2022<\/a>, <a href=\"https:\/\/www.mathezfreight.com\/fr\/blog\/codes-douaniers-tarif-douanier-2023\/\">2023<\/a>, <a href=\"https:\/\/www.mathezfreight.com\/fr\/blog\/codes-douaniers-tarif-douanier-2024\/\">2024<\/a>, <a href=\"https:\/\/www.mathezfreight.com\/fr\/blog\/codes-douaniers-tarif-douanier-2025\/\">2025<\/a>.<\/li><li><a href=\"https:\/\/www.mathezfreight.com\/fr\/blog\/codes-douaniers\/\"><b>Codes douaniers: ce qu\u2019il faut savoir \u00e0 l\u2019import\/export<\/b><\/a>\n<\/li>\n<\/ul><\/span>\n\t\t\t\n\t\t\t\t\t\t<button type=\"button\" class=\"elementor-alert-dismiss\" aria-label=\"Ignorer cette alerte.\">\n\t\t\t\t<i aria-hidden=\"true\" class=\"far fa-folder-open\"><\/i>\t\t\t<\/button>\n\t\t\t\n\t\t<\/div>\n\t\t\t\t\t\t<\/div>\n\t\t\t\t<\/div>\n\t\t\t\t<div class=\"elementor-element elementor-element-0abc4c9 elementor-widget elementor-widget-spacer\" data-id=\"0abc4c9\" data-element_type=\"widget\" data-e-type=\"widget\" data-widget_type=\"spacer.default\">\n\t\t\t\t<div class=\"elementor-widget-container\">\n\t\t\t\t\t\t\t<div class=\"elementor-spacer\">\n\t\t\t<div class=\"elementor-spacer-inner\"><\/div>\n\t\t<\/div>\n\t\t\t\t\t\t<\/div>\n\t\t\t\t<\/div>\n\t\t\t\t\t<\/div>\n\t\t<\/div>\n\t\t\t\t\t<\/div>\n\t\t<\/div>\n\t\t\t\t<div class=\"elementor-section elementor-top-section elementor-element elementor-element-64394f7 elementor-section-boxed elementor-section-height-default elementor-section-height-default default-style elementor-invisible\" data-id=\"64394f7\" data-element_type=\"section\" data-e-type=\"section\" id=\"mti-beau-gosse\" data-settings=\"{&quot;animation&quot;:&quot;fadeIn&quot;,&quot;rt_color_sets&quot;:&quot;default-style&quot;}\">\n\t\t\t\t\t\t<div class=\"elementor-container elementor-column-gap-default\">\n\t\t\t\t\t<div class=\"elementor-column elementor-col-33 elementor-top-column elementor-element elementor-element-7ecd655\" data-id=\"7ecd655\" data-element_type=\"column\" data-e-type=\"column\">\n\t\t\t<div class=\"elementor-widget-wrap elementor-element-populated\">\n\t\t\t\t\t\t<div class=\"elementor-element elementor-element-01d4f23 aligncenter elementor-hidden-phone elementor-widget elementor-widget-image\" data-id=\"01d4f23\" data-element_type=\"widget\" data-e-type=\"widget\" data-widget_type=\"image.default\">\n\t\t\t\t<div class=\"elementor-widget-container\">\n\t\t\t\t\t\t\t\t\t\t\t\t\t\t\t<img decoding=\"async\" width=\"250\" height=\"375\" src=\"https:\/\/www.mathezfreight.com\/wp-content\/uploads\/photo-helene-plaquet-2020-1-250x375.png\" class=\"attachment-mti-medium-portrait size-mti-medium-portrait wp-image-46907\" alt=\"\" srcset=\"https:\/\/www.mathezfreight.com\/wp-content\/uploads\/photo-helene-plaquet-2020-1.png 250w, https:\/\/www.mathezfreight.com\/wp-content\/uploads\/photo-helene-plaquet-2020-1-125x187.png 125w\" sizes=\"(max-width: 250px) 100vw, 250px\" \/>\t\t\t\t\t\t\t\t\t\t\t\t\t\t\t<\/div>\n\t\t\t\t<\/div>\n\t\t\t\t\t<\/div>\n\t\t<\/div>\n\t\t\t\t<div class=\"elementor-column elementor-col-66 elementor-top-column elementor-element elementor-element-16dcf2d\" data-id=\"16dcf2d\" data-element_type=\"column\" data-e-type=\"column\">\n\t\t\t<div class=\"elementor-widget-wrap elementor-element-populated\">\n\t\t\t\t\t\t<div class=\"elementor-element elementor-element-a12ac36 elementor-widget elementor-widget-text-editor\" data-id=\"a12ac36\" data-element_type=\"widget\" data-e-type=\"widget\" data-widget_type=\"text-editor.default\">\n\t\t\t\t<div class=\"elementor-widget-container\">\n\t\t\t\t\t\t\t\t\t<blockquote><p>Nos\u00a0<a href=\"https:\/\/www.mathezfreight.com\/fr\/services\/douane\/\">services douanes<\/a>, agr\u00e9\u00e9s OEA-Full, vous accompagnent pour toutes vos op\u00e9rations \u00e0 l&rsquo;international. Pour obtenir un RTC ou s\u00e9curiser vos op\u00e9rations douani\u00e8res:\u00a0<a style=\"background-color: #f4f4f4;\" href=\"https:\/\/www.mathezfreight.com\/fr\/contact\/\">contactez-nous<\/a>!<\/p><div id=\"mti-beau-gosse-signature\"><span style=\"color: #00305b;\">H\u00e9l\u00e8ne Plaquet<\/span>,\u00a0MATHEZ FREIGHT<\/div><\/blockquote>\t\t\t\t\t\t\t\t<\/div>\n\t\t\t\t<\/div>\n\t\t\t\t\t<\/div>\n\t\t<\/div>\n\t\t\t\t\t<\/div>\n\t\t<\/div>\n\t\t\t\t<aside class=\"elementor-section elementor-top-section elementor-element elementor-element-2637aff mti-social-bar bottom elementor-section-boxed elementor-section-height-default elementor-section-height-default default-style elementor-invisible\" data-id=\"2637aff\" data-element_type=\"section\" data-e-type=\"section\" data-settings=\"{&quot;animation&quot;:&quot;fadeIn&quot;,&quot;rt_color_sets&quot;:&quot;default-style&quot;}\">\n\t\t\t\t\t\t<div class=\"elementor-container elementor-column-gap-default\">\n\t\t\t\t\t<div class=\"elementor-column elementor-col-100 elementor-top-column elementor-element elementor-element-7e2d51c\" data-id=\"7e2d51c\" data-element_type=\"column\" data-e-type=\"column\">\n\t\t\t<div class=\"elementor-widget-wrap elementor-element-populated\">\n\t\t\t\t\t\t<div class=\"elementor-element elementor-element-ec97e6d elementor-share-buttons--view-icon elementor-share-buttons--skin-flat elementor-share-buttons--shape-square elementor-grid-0 elementor-share-buttons--color-official elementor-invisible elementor-widget elementor-widget-share-buttons\" data-id=\"ec97e6d\" data-element_type=\"widget\" data-e-type=\"widget\" data-settings=\"{&quot;_animation&quot;:&quot;fadeInLeft&quot;}\" data-widget_type=\"share-buttons.default\">\n\t\t\t\t<div class=\"elementor-widget-container\">\n\t\t\t\t\t\t\t<div class=\"elementor-grid\" role=\"list\">\n\t\t\t\t\t\t\t\t<div class=\"elementor-grid-item\" role=\"listitem\">\n\t\t\t\t\t\t<div class=\"elementor-share-btn elementor-share-btn_email\" role=\"button\" tabindex=\"0\" aria-label=\"Partager sur email\">\n\t\t\t\t\t\t\t\t\t\t\t\t\t\t\t<span class=\"elementor-share-btn__icon\">\n\t\t\t\t\t\t\t\t<i class=\"fas fa-envelope\" aria-hidden=\"true\"><\/i>\t\t\t\t\t\t\t<\/span>\n\t\t\t\t\t\t\t\t\t\t\t\t\t\t\t\t\t\t\t\t<\/div>\n\t\t\t\t\t<\/div>\n\t\t\t\t\t\t\t\t\t<div class=\"elementor-grid-item\" role=\"listitem\">\n\t\t\t\t\t\t<div class=\"elementor-share-btn elementor-share-btn_linkedin\" role=\"button\" tabindex=\"0\" aria-label=\"Partager sur linkedin\">\n\t\t\t\t\t\t\t\t\t\t\t\t\t\t\t<span class=\"elementor-share-btn__icon\">\n\t\t\t\t\t\t\t\t<i class=\"fab fa-linkedin\" aria-hidden=\"true\"><\/i>\t\t\t\t\t\t\t<\/span>\n\t\t\t\t\t\t\t\t\t\t\t\t\t\t\t\t\t\t\t\t<\/div>\n\t\t\t\t\t<\/div>\n\t\t\t\t\t\t\t\t\t<div class=\"elementor-grid-item\" role=\"listitem\">\n\t\t\t\t\t\t<div class=\"elementor-share-btn elementor-share-btn_twitter\" role=\"button\" tabindex=\"0\" aria-label=\"Partager sur twitter\">\n\t\t\t\t\t\t\t\t\t\t\t\t\t\t\t<span class=\"elementor-share-btn__icon\">\n\t\t\t\t\t\t\t\t<i class=\"fab fa-twitter\" aria-hidden=\"true\"><\/i>\t\t\t\t\t\t\t<\/span>\n\t\t\t\t\t\t\t\t\t\t\t\t\t\t\t\t\t\t\t\t<\/div>\n\t\t\t\t\t<\/div>\n\t\t\t\t\t\t\t\t\t<div class=\"elementor-grid-item\" role=\"listitem\">\n\t\t\t\t\t\t<div class=\"elementor-share-btn elementor-share-btn_facebook\" role=\"button\" tabindex=\"0\" aria-label=\"Partager sur facebook\">\n\t\t\t\t\t\t\t\t\t\t\t\t\t\t\t<span class=\"elementor-share-btn__icon\">\n\t\t\t\t\t\t\t\t<i class=\"fab fa-facebook\" aria-hidden=\"true\"><\/i>\t\t\t\t\t\t\t<\/span>\n\t\t\t\t\t\t\t\t\t\t\t\t\t\t\t\t\t\t\t\t<\/div>\n\t\t\t\t\t<\/div>\n\t\t\t\t\t\t\t\t\t<div class=\"elementor-grid-item\" role=\"listitem\">\n\t\t\t\t\t\t<div class=\"elementor-share-btn elementor-share-btn_print\" role=\"button\" tabindex=\"0\" aria-label=\"Partager sur print\">\n\t\t\t\t\t\t\t\t\t\t\t\t\t\t\t<span class=\"elementor-share-btn__icon\">\n\t\t\t\t\t\t\t\t<i class=\"fas fa-print\" aria-hidden=\"true\"><\/i>\t\t\t\t\t\t\t<\/span>\n\t\t\t\t\t\t\t\t\t\t\t\t\t\t\t\t\t\t\t\t<\/div>\n\t\t\t\t\t<\/div>\n\t\t\t\t\t\t<\/div>\n\t\t\t\t\t\t<\/div>\n\t\t\t\t<\/div>\n\t\t\t\t\t<\/div>\n\t\t<\/div>\n\t\t\t\t\t<\/div>\n\t\t<\/aside>\n\t\t\t\t<aside class=\"elementor-section elementor-top-section elementor-element elementor-element-030b571 mti-blog-grid single-post-bottom elementor-section-boxed elementor-section-height-default elementor-section-height-default default-style elementor-invisible\" data-id=\"030b571\" data-element_type=\"section\" data-e-type=\"section\" id=\"mti-blog-grid\" data-settings=\"{&quot;animation&quot;:&quot;fadeIn&quot;,&quot;rt_color_sets&quot;:&quot;default-style&quot;}\">\n\t\t\t\t\t\t<div class=\"elementor-container elementor-column-gap-default\">\n\t\t\t\t\t<div class=\"elementor-column elementor-col-100 elementor-top-column elementor-element elementor-element-dbe2e0f\" data-id=\"dbe2e0f\" data-element_type=\"column\" data-e-type=\"column\">\n\t\t\t<div class=\"elementor-widget-wrap elementor-element-populated\">\n\t\t\t\t\t\t<div class=\"elementor-element elementor-element-9e78f33 elementor-widget elementor-widget-heading\" data-id=\"9e78f33\" data-element_type=\"widget\" data-e-type=\"widget\" data-widget_type=\"heading.default\">\n\t\t\t\t<div class=\"elementor-widget-container\">\n\t\t\t\t\t<h3 class=\"elementor-heading-title elementor-size-default\">A lire aussi:<\/h3>\t\t\t\t<\/div>\n\t\t\t\t<\/div>\n\t\t\t\t<div class=\"elementor-element elementor-element-36baec8 elementor-widget elementor-widget-lae-posts-carousel\" data-id=\"36baec8\" data-element_type=\"widget\" data-e-type=\"widget\" data-widget_type=\"lae-posts-carousel.default\">\n\t\t\t\t<div class=\"elementor-widget-container\">\n\t\t\t\t\t\n<div        id=\"lae-posts-carousel-69f4071b2ebfe\"\n        class=\"lae-posts-carousel lae-container lae-classic-skin\"\n        data-settings='{&quot;arrows&quot;:false,&quot;dots&quot;:true,&quot;autoplay&quot;:false,&quot;autoplay_speed&quot;:3000,&quot;animation_speed&quot;:300,&quot;pause_on_hover&quot;:true,&quot;adaptive_height&quot;:false,&quot;display_columns&quot;:4,&quot;scroll_columns&quot;:3,&quot;gutter&quot;:10,&quot;tablet_width&quot;:800,&quot;tablet_display_columns&quot;:2,&quot;tablet_scroll_columns&quot;:2,&quot;tablet_gutter&quot;:10,&quot;mobile_width&quot;:480,&quot;mobile_display_columns&quot;:1,&quot;mobile_scroll_columns&quot;:1,&quot;mobile_gutter&quot;:10}'>\n<div data-id=\"id-67572\" class=\"lae-posts-carousel-item\">\n\n    <article id=\"post-67572\" class=\"post-67572 post type-post status-publish format-standard has-post-thumbnail hentry category-fret-mode-demploi tag-douane tag-transport-voitures tag-tva cibles-une cibles-agences-sud cibles-douane cibles-tva cibles-voitures\">\n\n        \n            \n            \n            \n                <div class=\"lae-project-image\">\n\n                    \n                    \n                    \n                        <a href=\"https:\/\/www.mathezfreight.com\/fr\/blog\/auto-export-ferry-douane-tva-maghreb\/\"><img decoding=\"async\" width=\"375\" height=\"250\" src=\"https:\/\/www.mathezfreight.com\/wp-content\/uploads\/photo-car-ferry-maghreb-375x250.jpg\" class=\"lae-image attachment-mti-medium-classic size-mti-medium-classic\" alt=\"photo-car-ferry-maghreb\" title=\"Export de voitures vers le Maghreb\" srcset=\"https:\/\/www.mathezfreight.com\/wp-content\/uploads\/photo-car-ferry-maghreb-375x250.jpg 375w, https:\/\/www.mathezfreight.com\/wp-content\/uploads\/photo-car-ferry-maghreb-600x400.jpg 600w, https:\/\/www.mathezfreight.com\/wp-content\/uploads\/photo-car-ferry-maghreb-1100x733.jpg 1100w, https:\/\/www.mathezfreight.com\/wp-content\/uploads\/photo-car-ferry-maghreb-768x512.jpg 768w, https:\/\/www.mathezfreight.com\/wp-content\/uploads\/photo-car-ferry-maghreb-274x183.jpg 274w, https:\/\/www.mathezfreight.com\/wp-content\/uploads\/photo-car-ferry-maghreb-1200x800.jpg 1200w, https:\/\/www.mathezfreight.com\/wp-content\/uploads\/photo-car-ferry-maghreb-610x406.jpg 610w, https:\/\/www.mathezfreight.com\/wp-content\/uploads\/photo-car-ferry-maghreb.jpg 1220w\" sizes=\"(max-width: 375px) 100vw, 375px\" \/><\/a>\n\n                    \n                    \n                        <div class=\"lae-image-info\">\n\n                            <div class=\"lae-entry-info\">\n\n                                \n                                    <h3 class=\"lae-post-title\">\n\n                                        <a href=\"https:\/\/www.mathezfreight.com\/fr\/blog\/auto-export-ferry-douane-tva-maghreb\/\" title=\"Export de voitures vers Alg\u00e9rie, Maroc ou Tunisie: pourquoi passer par un transitaire en douane en 2026\"\n                                           rel=\"bookmark\">Export de voitures vers Alg\u00e9rie, Maroc ou Tunisie: pourquoi passer par un transitaire en douane en 2026<\/a>\n\n                                    <\/h3>\n\n                                \n                                \n                                    <span class=\"lae-terms\"><a href=\"https:\/\/www.mathezfreight.com\/fr\/blog\/categorie\/fret-mode-demploi\/\">Fret Mode d'Emploi<\/a><\/span>\n                                \n                            <\/div>\n\n                        <\/div><!-- .lae-image-info -->\n\n                    \n                <\/div>\n\n            \n            \n                <div class=\"lae-entry-text-wrap \">\n\n                    \n                        <h3 class=\"entry-title\">\n\n                            <a href=\"https:\/\/www.mathezfreight.com\/fr\/blog\/auto-export-ferry-douane-tva-maghreb\/\" title=\"Export de voitures vers Alg\u00e9rie, Maroc ou Tunisie: pourquoi passer par un transitaire en douane en 2026\"\n                               rel=\"bookmark\">Export de voitures vers Alg\u00e9rie, Maroc ou Tunisie: pourquoi passer par un transitaire en douane en 2026<\/a>\n\n                        <\/h3>\n\n                    \n                    \n                    \n                    \n                <\/div>\n\n            \n        \n    <\/article><!-- .hentry -->\n\n<\/div><!-- .lae-posts-carousel-item -->\n<div data-id=\"id-67142\" class=\"lae-posts-carousel-item\">\n\n    <article id=\"post-67142\" class=\"post-67142 post type-post status-publish format-standard has-post-thumbnail hentry category-fret-mode-demploi tag-douane tag-tva cibles-une cibles-agences-sud cibles-douane cibles-congres cibles-tva\">\n\n        \n            \n            \n            \n                <div class=\"lae-project-image\">\n\n                    \n                    \n                    \n                        <a href=\"https:\/\/www.mathezfreight.com\/fr\/blog\/suspension-douane-tva-salons-congres\/\"><img decoding=\"async\" width=\"375\" height=\"250\" src=\"https:\/\/www.mathezfreight.com\/wp-content\/uploads\/photo-onsite-salons-congres-375x250.jpg\" class=\"lae-image attachment-mti-medium-classic size-mti-medium-classic\" alt=\"Salons et congr\u00e8s : douane et TVA\" title=\"Salons et congr\u00e8s : douane et TVA\" srcset=\"https:\/\/www.mathezfreight.com\/wp-content\/uploads\/photo-onsite-salons-congres-375x250.jpg 375w, https:\/\/www.mathezfreight.com\/wp-content\/uploads\/photo-onsite-salons-congres-600x400.jpg 600w, https:\/\/www.mathezfreight.com\/wp-content\/uploads\/photo-onsite-salons-congres-1100x733.jpg 1100w, https:\/\/www.mathezfreight.com\/wp-content\/uploads\/photo-onsite-salons-congres-768x512.jpg 768w, https:\/\/www.mathezfreight.com\/wp-content\/uploads\/photo-onsite-salons-congres-274x183.jpg 274w, https:\/\/www.mathezfreight.com\/wp-content\/uploads\/photo-onsite-salons-congres-1200x800.jpg 1200w, https:\/\/www.mathezfreight.com\/wp-content\/uploads\/photo-onsite-salons-congres-610x406.jpg 610w, https:\/\/www.mathezfreight.com\/wp-content\/uploads\/photo-onsite-salons-congres.jpg 1220w\" sizes=\"(max-width: 375px) 100vw, 375px\" \/><\/a>\n\n                    \n                    \n                        <div class=\"lae-image-info\">\n\n                            <div class=\"lae-entry-info\">\n\n                                \n                                    <h3 class=\"lae-post-title\">\n\n                                        <a href=\"https:\/\/www.mathezfreight.com\/fr\/blog\/suspension-douane-tva-salons-congres\/\" title=\"Suspension de droits de douane et TVA sur les salons et congr\u00e8s: comment \u00e7a marche?\"\n                                           rel=\"bookmark\">Suspension de droits de douane et TVA sur les salons et congr\u00e8s: comment \u00e7a marche?<\/a>\n\n                                    <\/h3>\n\n                                \n                                \n                                    <span class=\"lae-terms\"><a href=\"https:\/\/www.mathezfreight.com\/fr\/blog\/categorie\/fret-mode-demploi\/\">Fret Mode d'Emploi<\/a><\/span>\n                                \n                            <\/div>\n\n                        <\/div><!-- .lae-image-info -->\n\n                    \n                <\/div>\n\n            \n            \n                <div class=\"lae-entry-text-wrap \">\n\n                    \n                        <h3 class=\"entry-title\">\n\n                            <a href=\"https:\/\/www.mathezfreight.com\/fr\/blog\/suspension-douane-tva-salons-congres\/\" title=\"Suspension de droits de douane et TVA sur les salons et congr\u00e8s: comment \u00e7a marche?\"\n                               rel=\"bookmark\">Suspension de droits de douane et TVA sur les salons et congr\u00e8s: comment \u00e7a marche?<\/a>\n\n                        <\/h3>\n\n                    \n                    \n                    \n                    \n                <\/div>\n\n            \n        \n    <\/article><!-- .hentry -->\n\n<\/div><!-- .lae-posts-carousel-item -->\n<div data-id=\"id-66861\" class=\"lae-posts-carousel-item\">\n\n    <article id=\"post-66861\" class=\"post-66861 post type-post status-publish format-standard has-post-thumbnail hentry category-fret-mode-demploi tag-douane tag-tva cibles-une cibles-agences-sud cibles-douane cibles-import cibles-congres cibles-tva cibles-yachts\">\n\n        \n            \n            \n            \n                <div class=\"lae-project-image\">\n\n                    \n                    \n                    \n                        <a href=\"https:\/\/www.mathezfreight.com\/fr\/blog\/douane-cannes-monaco-boat-shows\/\"><img decoding=\"async\" width=\"375\" height=\"250\" src=\"https:\/\/www.mathezfreight.com\/wp-content\/uploads\/photo-cannes-monaco-boat-shows-douane-375x250.jpg\" class=\"lae-image attachment-mti-medium-classic size-mti-medium-classic\" alt=\"photo-cannes-monaco-boat-shows-douane\" title=\"Yacht de luxe naviguant en mer M\u00e9diterran\u00e9e, conformit\u00e9 douani\u00e8re assur\u00e9e.\" srcset=\"https:\/\/www.mathezfreight.com\/wp-content\/uploads\/photo-cannes-monaco-boat-shows-douane-375x250.jpg 375w, https:\/\/www.mathezfreight.com\/wp-content\/uploads\/photo-cannes-monaco-boat-shows-douane-600x400.jpg 600w, https:\/\/www.mathezfreight.com\/wp-content\/uploads\/photo-cannes-monaco-boat-shows-douane-1100x733.jpg 1100w, https:\/\/www.mathezfreight.com\/wp-content\/uploads\/photo-cannes-monaco-boat-shows-douane-768x512.jpg 768w, https:\/\/www.mathezfreight.com\/wp-content\/uploads\/photo-cannes-monaco-boat-shows-douane-274x183.jpg 274w, https:\/\/www.mathezfreight.com\/wp-content\/uploads\/photo-cannes-monaco-boat-shows-douane-1200x800.jpg 1200w, https:\/\/www.mathezfreight.com\/wp-content\/uploads\/photo-cannes-monaco-boat-shows-douane-610x406.jpg 610w, https:\/\/www.mathezfreight.com\/wp-content\/uploads\/photo-cannes-monaco-boat-shows-douane.jpg 1220w\" sizes=\"(max-width: 375px) 100vw, 375px\" \/><\/a>\n\n                    \n                    \n                        <div class=\"lae-image-info\">\n\n                            <div class=\"lae-entry-info\">\n\n                                \n                                    <h3 class=\"lae-post-title\">\n\n                                        <a href=\"https:\/\/www.mathezfreight.com\/fr\/blog\/douane-cannes-monaco-boat-shows\/\" title=\"Cannes et Monaco Boat Shows: la douane en toute conformit\u00e9\"\n                                           rel=\"bookmark\">Cannes et Monaco Boat Shows: la douane en toute conformit\u00e9<\/a>\n\n                                    <\/h3>\n\n                                \n                                \n                                    <span class=\"lae-terms\"><a href=\"https:\/\/www.mathezfreight.com\/fr\/blog\/categorie\/fret-mode-demploi\/\">Fret Mode d'Emploi<\/a><\/span>\n                                \n                            <\/div>\n\n                        <\/div><!-- .lae-image-info -->\n\n                    \n                <\/div>\n\n            \n            \n                <div class=\"lae-entry-text-wrap \">\n\n                    \n                        <h3 class=\"entry-title\">\n\n                            <a href=\"https:\/\/www.mathezfreight.com\/fr\/blog\/douane-cannes-monaco-boat-shows\/\" title=\"Cannes et Monaco Boat Shows: la douane en toute conformit\u00e9\"\n                               rel=\"bookmark\">Cannes et Monaco Boat Shows: la douane en toute conformit\u00e9<\/a>\n\n                        <\/h3>\n\n                    \n                    \n                    \n                    \n                <\/div>\n\n            \n        \n    <\/article><!-- .hentry -->\n\n<\/div><!-- .lae-posts-carousel-item -->\n<div data-id=\"id-63722\" class=\"lae-posts-carousel-item\">\n\n    <article id=\"post-63722\" class=\"post-63722 post type-post status-publish format-standard has-post-thumbnail hentry category-fret-mode-demploi category-operations tag-douane cibles-agences-nord cibles-douane cibles-maritime\">\n\n        \n            \n            \n            \n                <div class=\"lae-project-image\">\n\n                    \n                    \n                    \n                        <a href=\"https:\/\/www.mathezfreight.com\/fr\/blog\/delta-ie-import-transition-et-nouveautes\/\"><img decoding=\"async\" width=\"375\" height=\"250\" src=\"https:\/\/www.mathezfreight.com\/wp-content\/uploads\/photo-delta-ie-bascule-375x250.jpg\" class=\"lae-image attachment-mti-medium-classic size-mti-medium-classic\" alt=\"photo-delta-ie-bascule\" title=\"photo-delta-ie-bascule\" srcset=\"https:\/\/www.mathezfreight.com\/wp-content\/uploads\/photo-delta-ie-bascule-375x250.jpg 375w, https:\/\/www.mathezfreight.com\/wp-content\/uploads\/photo-delta-ie-bascule-274x183.jpg 274w\" sizes=\"(max-width: 375px) 100vw, 375px\" \/><\/a>\n\n                    \n                    \n                        <div class=\"lae-image-info\">\n\n                            <div class=\"lae-entry-info\">\n\n                                \n                                    <h3 class=\"lae-post-title\">\n\n                                        <a href=\"https:\/\/www.mathezfreight.com\/fr\/blog\/delta-ie-import-transition-et-nouveautes\/\" title=\"Delta IE Import: transition et nouveaut\u00e9s\"\n                                           rel=\"bookmark\">Delta IE Import: transition et nouveaut\u00e9s<\/a>\n\n                                    <\/h3>\n\n                                \n                                \n                                    <span class=\"lae-terms\"><a href=\"https:\/\/www.mathezfreight.com\/fr\/blog\/categorie\/fret-mode-demploi\/\">Fret Mode d'Emploi<\/a>, <a href=\"https:\/\/www.mathezfreight.com\/fr\/blog\/categorie\/operations\/\">Op\u00e9rations<\/a><\/span>\n                                \n                            <\/div>\n\n                        <\/div><!-- .lae-image-info -->\n\n                    \n                <\/div>\n\n            \n            \n                <div class=\"lae-entry-text-wrap \">\n\n                    \n                        <h3 class=\"entry-title\">\n\n                            <a href=\"https:\/\/www.mathezfreight.com\/fr\/blog\/delta-ie-import-transition-et-nouveautes\/\" title=\"Delta IE Import: transition et nouveaut\u00e9s\"\n                               rel=\"bookmark\">Delta IE Import: transition et nouveaut\u00e9s<\/a>\n\n                        <\/h3>\n\n                    \n                    \n                    \n                    \n                <\/div>\n\n            \n        \n    <\/article><!-- .hentry -->\n\n<\/div><!-- .lae-posts-carousel-item -->\n<div data-id=\"id-65262\" class=\"lae-posts-carousel-item\">\n\n    <article id=\"post-65262\" class=\"post-65262 post type-post status-publish format-standard has-post-thumbnail hentry category-fret-mode-demploi tag-decarbonation tag-douane cibles-une cibles-agences-nord cibles-aromes cibles-douane cibles-import\">\n\n        \n            \n            \n            \n                <div class=\"lae-project-image\">\n\n                    \n                    \n                    \n                        <a href=\"https:\/\/www.mathezfreight.com\/fr\/blog\/rdue-deforestation-douane-2026-2027\/\"><img decoding=\"async\" width=\"375\" height=\"250\" src=\"https:\/\/www.mathezfreight.com\/wp-content\/uploads\/photo-forets-rdue-depositphotos_170188894_l-375x250.jpg\" class=\"lae-image attachment-mti-medium-classic size-mti-medium-classic\" alt=\"RDUE r\u00e9glement d\u00e9forestation UE\" title=\"RDUE r\u00e9glement d\u00e9forestation UE\" srcset=\"https:\/\/www.mathezfreight.com\/wp-content\/uploads\/photo-forets-rdue-depositphotos_170188894_l-375x250.jpg 375w, https:\/\/www.mathezfreight.com\/wp-content\/uploads\/photo-forets-rdue-depositphotos_170188894_l-600x400.jpg 600w, https:\/\/www.mathezfreight.com\/wp-content\/uploads\/photo-forets-rdue-depositphotos_170188894_l-1100x733.jpg 1100w, https:\/\/www.mathezfreight.com\/wp-content\/uploads\/photo-forets-rdue-depositphotos_170188894_l-768x512.jpg 768w, https:\/\/www.mathezfreight.com\/wp-content\/uploads\/photo-forets-rdue-depositphotos_170188894_l-274x183.jpg 274w, https:\/\/www.mathezfreight.com\/wp-content\/uploads\/photo-forets-rdue-depositphotos_170188894_l-1200x800.jpg 1200w, https:\/\/www.mathezfreight.com\/wp-content\/uploads\/photo-forets-rdue-depositphotos_170188894_l-610x406.jpg 610w, https:\/\/www.mathezfreight.com\/wp-content\/uploads\/photo-forets-rdue-depositphotos_170188894_l.jpg 1220w\" sizes=\"(max-width: 375px) 100vw, 375px\" \/><\/a>\n\n                    \n                    \n                        <div class=\"lae-image-info\">\n\n                            <div class=\"lae-entry-info\">\n\n                                \n                                    <h3 class=\"lae-post-title\">\n\n                                        <a href=\"https:\/\/www.mathezfreight.com\/fr\/blog\/rdue-deforestation-douane-2026-2027\/\" title=\"R\u00e9glement contre la d\u00e9forestation de l&rsquo;UE (RDUE): anticipez vos obligations douani\u00e8res 2026-2027\"\n                                           rel=\"bookmark\">R\u00e9glement contre la d\u00e9forestation de l&rsquo;UE (RDUE): anticipez vos obligations douani\u00e8res 2026-2027<\/a>\n\n                                    <\/h3>\n\n                                \n                                \n                                    <span class=\"lae-terms\"><a href=\"https:\/\/www.mathezfreight.com\/fr\/blog\/categorie\/fret-mode-demploi\/\">Fret Mode d'Emploi<\/a><\/span>\n                                \n                            <\/div>\n\n                        <\/div><!-- .lae-image-info -->\n\n                    \n                <\/div>\n\n            \n            \n                <div class=\"lae-entry-text-wrap \">\n\n                    \n                        <h3 class=\"entry-title\">\n\n                            <a href=\"https:\/\/www.mathezfreight.com\/fr\/blog\/rdue-deforestation-douane-2026-2027\/\" title=\"R\u00e9glement contre la d\u00e9forestation de l&rsquo;UE (RDUE): anticipez vos obligations douani\u00e8res 2026-2027\"\n                               rel=\"bookmark\">R\u00e9glement contre la d\u00e9forestation de l&rsquo;UE (RDUE): anticipez vos obligations douani\u00e8res 2026-2027<\/a>\n\n                        <\/h3>\n\n                    \n                    \n                    \n                    \n                <\/div>\n\n            \n        \n    <\/article><!-- .hentry -->\n\n<\/div><!-- .lae-posts-carousel-item -->\n<div data-id=\"id-35953\" class=\"lae-posts-carousel-item\">\n\n    <article id=\"post-35953\" class=\"post-35953 post type-post status-publish format-standard has-post-thumbnail hentry category-fret-mode-demploi tag-douane cibles-une cibles-agences-nord cibles-agences-sud cibles-douane cibles-import\">\n\n        \n            \n            \n            \n                <div class=\"lae-project-image\">\n\n                    \n                    \n                    \n                        <a href=\"https:\/\/www.mathezfreight.com\/fr\/blog\/codes-douaniers-tarif-douanier\/\"><img decoding=\"async\" width=\"375\" height=\"250\" src=\"https:\/\/www.mathezfreight.com\/wp-content\/uploads\/photo-code-douanier-2020-375x250.jpg\" class=\"lae-image attachment-mti-medium-classic size-mti-medium-classic\" alt=\"Code douanier : le trouver dans le Tarif douanier 2026\" title=\"Code douanier : le trouver dans le Tarif douanier 2026\" srcset=\"https:\/\/www.mathezfreight.com\/wp-content\/uploads\/photo-code-douanier-2020-375x250.jpg 375w, https:\/\/www.mathezfreight.com\/wp-content\/uploads\/photo-code-douanier-2020-274x183.jpg 274w, https:\/\/www.mathezfreight.com\/wp-content\/uploads\/photo-code-douanier-2020-1200x800.jpg 1200w\" sizes=\"(max-width: 375px) 100vw, 375px\" \/><\/a>\n\n                    \n                    \n                        <div class=\"lae-image-info\">\n\n                            <div class=\"lae-entry-info\">\n\n                                \n                                    <h3 class=\"lae-post-title\">\n\n                                        <a href=\"https:\/\/www.mathezfreight.com\/fr\/blog\/codes-douaniers-tarif-douanier\/\" title=\"Comment v\u00e9rifier vos codes et tarifs  douaniers en 2026?\"\n                                           rel=\"bookmark\">Comment v\u00e9rifier vos codes et tarifs  douaniers en 2026?<\/a>\n\n                                    <\/h3>\n\n                                \n                                \n                                    <span class=\"lae-terms\"><a href=\"https:\/\/www.mathezfreight.com\/fr\/blog\/categorie\/fret-mode-demploi\/\">Fret Mode d'Emploi<\/a><\/span>\n                                \n                            <\/div>\n\n                        <\/div><!-- .lae-image-info -->\n\n                    \n                <\/div>\n\n            \n            \n                <div class=\"lae-entry-text-wrap \">\n\n                    \n                        <h3 class=\"entry-title\">\n\n                            <a href=\"https:\/\/www.mathezfreight.com\/fr\/blog\/codes-douaniers-tarif-douanier\/\" title=\"Comment v\u00e9rifier vos codes et tarifs  douaniers en 2026?\"\n                               rel=\"bookmark\">Comment v\u00e9rifier vos codes et tarifs  douaniers en 2026?<\/a>\n\n                        <\/h3>\n\n                    \n                    \n                    \n                    \n                <\/div>\n\n            \n        \n    <\/article><!-- .hentry -->\n\n<\/div><!-- .lae-posts-carousel-item -->\n<div data-id=\"id-51490\" class=\"lae-posts-carousel-item\">\n\n    <article id=\"post-51490\" class=\"post-51490 post type-post status-publish format-standard has-post-thumbnail hentry category-fret-mode-demploi tag-douane tag-international cibles-une cibles-agences-nord cibles-douane cibles-import\">\n\n        \n            \n            \n            \n                <div class=\"lae-project-image\">\n\n                    \n                    \n                    \n                        <a href=\"https:\/\/www.mathezfreight.com\/fr\/blog\/numeros-eori-ce-qui-change-en-2024-et-2026-en-france\/\"><img decoding=\"async\" width=\"375\" height=\"250\" src=\"https:\/\/www.mathezfreight.com\/wp-content\/uploads\/photo-eori-france-2024-2026-375x250.png\" class=\"lae-image attachment-mti-medium-classic size-mti-medium-classic\" alt=\"photo-eori-france-2024-2026\" title=\"Num\u00e9ros EORI: les changements 2024-2026\" srcset=\"https:\/\/www.mathezfreight.com\/wp-content\/uploads\/photo-eori-france-2024-2026-375x250.png 375w, https:\/\/www.mathezfreight.com\/wp-content\/uploads\/photo-eori-france-2024-2026-274x183.png 274w, https:\/\/www.mathezfreight.com\/wp-content\/uploads\/photo-eori-france-2024-2026-1200x800.png 1200w, https:\/\/www.mathezfreight.com\/wp-content\/uploads\/photo-eori-france-2024-2026-25x16.png 25w, https:\/\/www.mathezfreight.com\/wp-content\/uploads\/photo-eori-france-2024-2026-68x45.png 68w\" sizes=\"(max-width: 375px) 100vw, 375px\" \/><\/a>\n\n                    \n                    \n                        <div class=\"lae-image-info\">\n\n                            <div class=\"lae-entry-info\">\n\n                                \n                                    <h3 class=\"lae-post-title\">\n\n                                        <a href=\"https:\/\/www.mathezfreight.com\/fr\/blog\/numeros-eori-ce-qui-change-en-2024-et-2026-en-france\/\" title=\"Num\u00e9ros EORI: ce qui change en 2026\"\n                                           rel=\"bookmark\">Num\u00e9ros EORI: ce qui change en 2026<\/a>\n\n                                    <\/h3>\n\n                                \n                                \n                                    <span class=\"lae-terms\"><a href=\"https:\/\/www.mathezfreight.com\/fr\/blog\/categorie\/fret-mode-demploi\/\">Fret Mode d'Emploi<\/a><\/span>\n                                \n                            <\/div>\n\n                        <\/div><!-- .lae-image-info -->\n\n                    \n                <\/div>\n\n            \n            \n                <div class=\"lae-entry-text-wrap \">\n\n                    \n                        <h3 class=\"entry-title\">\n\n                            <a href=\"https:\/\/www.mathezfreight.com\/fr\/blog\/numeros-eori-ce-qui-change-en-2024-et-2026-en-france\/\" title=\"Num\u00e9ros EORI: ce qui change en 2026\"\n                               rel=\"bookmark\">Num\u00e9ros EORI: ce qui change en 2026<\/a>\n\n                        <\/h3>\n\n                    \n                    \n                    \n                    \n                <\/div>\n\n            \n        \n    <\/article><!-- .hentry -->\n\n<\/div><!-- .lae-posts-carousel-item -->\n<div data-id=\"id-64563\" class=\"lae-posts-carousel-item\">\n\n    <article id=\"post-64563\" class=\"post-64563 post type-post status-publish format-standard has-post-thumbnail hentry category-fret-mode-demploi tag-douane tag-yachting cibles-une cibles-agences-sud cibles-douane cibles-yachts\">\n\n        \n            \n            \n            \n                <div class=\"lae-project-image\">\n\n                    \n                    \n                    \n                        <a href=\"https:\/\/www.mathezfreight.com\/fr\/blog\/admission-temporaire-yachting\/\"><img decoding=\"async\" width=\"375\" height=\"250\" src=\"https:\/\/www.mathezfreight.com\/wp-content\/uploads\/photo_yachts_depositphotos_91479904_l-375x250.jpg\" class=\"lae-image attachment-mti-medium-classic size-mti-medium-classic\" alt=\"Admission temporaire 18 mois yachting\" title=\"Admission temporaire 18 mois yachting\" srcset=\"https:\/\/www.mathezfreight.com\/wp-content\/uploads\/photo_yachts_depositphotos_91479904_l-375x250.jpg 375w, https:\/\/www.mathezfreight.com\/wp-content\/uploads\/photo_yachts_depositphotos_91479904_l-274x183.jpg 274w\" sizes=\"(max-width: 375px) 100vw, 375px\" \/><\/a>\n\n                    \n                    \n                        <div class=\"lae-image-info\">\n\n                            <div class=\"lae-entry-info\">\n\n                                \n                                    <h3 class=\"lae-post-title\">\n\n                                        <a href=\"https:\/\/www.mathezfreight.com\/fr\/blog\/admission-temporaire-yachting\/\" title=\"Admission Temporaire 18 mois pour yachts: naviguer en Europe sans import ni TVA\"\n                                           rel=\"bookmark\">Admission Temporaire 18 mois pour yachts: naviguer en Europe sans import ni TVA<\/a>\n\n                                    <\/h3>\n\n                                \n                                \n                                    <span class=\"lae-terms\"><a href=\"https:\/\/www.mathezfreight.com\/fr\/blog\/categorie\/fret-mode-demploi\/\">Fret Mode d'Emploi<\/a><\/span>\n                                \n                            <\/div>\n\n                        <\/div><!-- .lae-image-info -->\n\n                    \n                <\/div>\n\n            \n            \n                <div class=\"lae-entry-text-wrap \">\n\n                    \n                        <h3 class=\"entry-title\">\n\n                            <a href=\"https:\/\/www.mathezfreight.com\/fr\/blog\/admission-temporaire-yachting\/\" title=\"Admission Temporaire 18 mois pour yachts: naviguer en Europe sans import ni TVA\"\n                               rel=\"bookmark\">Admission Temporaire 18 mois pour yachts: naviguer en Europe sans import ni TVA<\/a>\n\n                        <\/h3>\n\n                    \n                    \n                    \n                    \n                <\/div>\n\n            \n        \n    <\/article><!-- .hentry -->\n\n<\/div><!-- .lae-posts-carousel-item -->\n<div data-id=\"id-64104\" class=\"lae-posts-carousel-item\">\n\n    <article id=\"post-64104\" class=\"post-64104 post type-post status-publish format-standard has-post-thumbnail hentry category-fret-mode-demploi category-operations tag-decarbonation tag-douane cibles-une cibles-aerien cibles-agences cibles-agences-sud cibles-aromes cibles-import\">\n\n        \n            \n            \n            \n                <div class=\"lae-project-image\">\n\n                    \n                    \n                    \n                        <a href=\"https:\/\/www.mathezfreight.com\/fr\/blog\/aromes-cosmetiques-controle-bio-nice\/\"><img decoding=\"async\" width=\"375\" height=\"250\" src=\"https:\/\/www.mathezfreight.com\/wp-content\/uploads\/photo_epices_bio_nice_depositphotos_610477372_l-375x250.jpg\" class=\"lae-image attachment-mti-medium-classic size-mti-medium-classic\" alt=\"Import d&rsquo;ingr\u00e9dients aromatiques et cosm\u00e9tiques Bio \u00e0 Nice\" title=\"Import d&#039;ingr\u00e9dients aromatiques et cosm\u00e9tiques Bio \u00e0 Nice\" srcset=\"https:\/\/www.mathezfreight.com\/wp-content\/uploads\/photo_epices_bio_nice_depositphotos_610477372_l-375x250.jpg 375w, https:\/\/www.mathezfreight.com\/wp-content\/uploads\/photo_epices_bio_nice_depositphotos_610477372_l-274x183.jpg 274w\" sizes=\"(max-width: 375px) 100vw, 375px\" \/><\/a>\n\n                    \n                    \n                        <div class=\"lae-image-info\">\n\n                            <div class=\"lae-entry-info\">\n\n                                \n                                    <h3 class=\"lae-post-title\">\n\n                                        <a href=\"https:\/\/www.mathezfreight.com\/fr\/blog\/aromes-cosmetiques-controle-bio-nice\/\" title=\"Les industries ar\u00f4mes et cosm\u00e9tique ont leur contr\u00f4le bio \u00e0 Nice\"\n                                           rel=\"bookmark\">Les industries ar\u00f4mes et cosm\u00e9tique ont leur contr\u00f4le bio \u00e0 Nice<\/a>\n\n                                    <\/h3>\n\n                                \n                                \n                                    <span class=\"lae-terms\"><a href=\"https:\/\/www.mathezfreight.com\/fr\/blog\/categorie\/fret-mode-demploi\/\">Fret Mode d'Emploi<\/a>, <a href=\"https:\/\/www.mathezfreight.com\/fr\/blog\/categorie\/operations\/\">Op\u00e9rations<\/a><\/span>\n                                \n                            <\/div>\n\n                        <\/div><!-- .lae-image-info -->\n\n                    \n                <\/div>\n\n            \n            \n                <div class=\"lae-entry-text-wrap \">\n\n                    \n                        <h3 class=\"entry-title\">\n\n                            <a href=\"https:\/\/www.mathezfreight.com\/fr\/blog\/aromes-cosmetiques-controle-bio-nice\/\" title=\"Les industries ar\u00f4mes et cosm\u00e9tique ont leur contr\u00f4le bio \u00e0 Nice\"\n                               rel=\"bookmark\">Les industries ar\u00f4mes et cosm\u00e9tique ont leur contr\u00f4le bio \u00e0 Nice<\/a>\n\n                        <\/h3>\n\n                    \n                    \n                    \n                    \n                <\/div>\n\n            \n        \n    <\/article><!-- .hentry -->\n\n<\/div><!-- .lae-posts-carousel-item --><\/div><!-- .lae-posts-carousel -->\t\t\t\t<\/div>\n\t\t\t\t<\/div>\n\t\t\t\t\t<\/div>\n\t\t<\/div>\n\t\t\t\t\t<\/div>\n\t\t<\/aside>\n\t\t\t\t<\/div>\n\t\t","protected":false},"excerpt":{"rendered":"<p>Quelles nomenclatures ont chang\u00e9 dans le tarif douanier europ\u00e9en en 2020 ?<\/p>\n","protected":false},"author":1,"featured_media":32329,"comment_status":"open","ping_status":"open","sticky":false,"template":"page-mti-a4.php","format":"standard","meta":{"iawp_total_views":16,"footnotes":""},"categories":[87],"tags":[131],"cibles":[],"class_list":["post-32262","post","type-post","status-publish","format-standard","has-post-thumbnail","hentry","category-fret-mode-demploi","tag-douane"],"yoast_head":"<!-- This site is optimized with the Yoast SEO Premium plugin v27.4 (Yoast SEO v27.4) - https:\/\/yoast.com\/product\/yoast-seo-premium-wordpress\/ -->\n<title>Tarif douanier de l&#039;UE: mise \u00e0 jour 2020 - MATHEZ FREIGHT<\/title>\n<meta name=\"description\" content=\"Quelles nomenclatures ont chang\u00e9 dans le tarif douanier europ\u00e9en en 2020 ?\" \/>\n<meta name=\"robots\" content=\"index, follow, max-snippet:-1, max-image-preview:large, max-video-preview:-1\" \/>\n<link rel=\"canonical\" href=\"https:\/\/www.mathezfreight.com\/fr\/blog\/codes-douaniers-tarif-douanier-2020\/\" \/>\n<meta property=\"og:locale\" content=\"fr_FR\" \/>\n<meta property=\"og:type\" content=\"article\" \/>\n<meta property=\"og:title\" content=\"Tarif douanier de l&#039;UE: mise \u00e0 jour 2020\" \/>\n<meta property=\"og:description\" content=\"Quelles nomenclatures ont chang\u00e9 dans le tarif douanier europ\u00e9en en 2020 ?\" \/>\n<meta property=\"og:url\" content=\"https:\/\/www.mathezfreight.com\/fr\/blog\/codes-douaniers-tarif-douanier-2020\/\" \/>\n<meta property=\"og:site_name\" content=\"MATHEZ FREIGHT\" \/>\n<meta property=\"article:publisher\" content=\"https:\/\/www.facebook.com\/MathezFreight\/\" \/>\n<meta property=\"article:published_time\" content=\"2020-01-06T14:29:18+00:00\" \/>\n<meta property=\"article:modified_time\" content=\"2026-01-13T14:45:22+00:00\" \/>\n<meta property=\"og:image\" content=\"https:\/\/www.mathezfreight.com\/wp-content\/uploads\/photo-code-douanier-2020.jpg\" \/>\n\t<meta property=\"og:image:width\" content=\"1220\" \/>\n\t<meta property=\"og:image:height\" content=\"915\" \/>\n\t<meta property=\"og:image:type\" content=\"image\/jpeg\" \/>\n<meta name=\"author\" content=\"Agnes\" \/>\n<meta name=\"twitter:card\" content=\"summary_large_image\" \/>\n<meta name=\"twitter:creator\" content=\"@MathezFreight\" \/>\n<meta name=\"twitter:site\" content=\"@MathezFreight\" \/>\n<meta name=\"twitter:label1\" content=\"\u00c9crit par\" \/>\n\t<meta name=\"twitter:data1\" content=\"Agnes\" \/>\n\t<meta name=\"twitter:label2\" content=\"Dur\u00e9e de lecture estim\u00e9e\" \/>\n\t<meta name=\"twitter:data2\" content=\"9 minutes\" \/>\n<script type=\"application\/ld+json\" class=\"yoast-schema-graph\">{\"@context\":\"https:\\\/\\\/schema.org\",\"@graph\":[{\"@type\":\"Article\",\"@id\":\"https:\\\/\\\/www.mathezfreight.com\\\/fr\\\/blog\\\/codes-douaniers-tarif-douanier-2020\\\/#article\",\"isPartOf\":{\"@id\":\"https:\\\/\\\/www.mathezfreight.com\\\/fr\\\/blog\\\/codes-douaniers-tarif-douanier-2020\\\/\"},\"author\":{\"name\":\"Agnes\",\"@id\":\"https:\\\/\\\/www.mathezfreight.com\\\/fr\\\/#\\\/schema\\\/person\\\/e3433d1aa11c0405311f7fbf4086fdf6\"},\"headline\":\"Tarif douanier de l&rsquo;UE: mise \u00e0 jour 2020\",\"datePublished\":\"2020-01-06T14:29:18+00:00\",\"dateModified\":\"2026-01-13T14:45:22+00:00\",\"mainEntityOfPage\":{\"@id\":\"https:\\\/\\\/www.mathezfreight.com\\\/fr\\\/blog\\\/codes-douaniers-tarif-douanier-2020\\\/\"},\"wordCount\":521,\"commentCount\":0,\"publisher\":{\"@id\":\"https:\\\/\\\/www.mathezfreight.com\\\/fr\\\/#organization\"},\"image\":{\"@id\":\"https:\\\/\\\/www.mathezfreight.com\\\/fr\\\/blog\\\/codes-douaniers-tarif-douanier-2020\\\/#primaryimage\"},\"thumbnailUrl\":\"https:\\\/\\\/www.mathezfreight.com\\\/wp-content\\\/uploads\\\/photo-code-douanier-2020.jpg\",\"keywords\":[\"Douane\"],\"articleSection\":[\"Fret Mode d'Emploi\"],\"inLanguage\":\"fr-FR\",\"potentialAction\":[{\"@type\":\"CommentAction\",\"name\":\"Comment\",\"target\":[\"https:\\\/\\\/www.mathezfreight.com\\\/fr\\\/blog\\\/codes-douaniers-tarif-douanier-2020\\\/#respond\"]}]},{\"@type\":\"WebPage\",\"@id\":\"https:\\\/\\\/www.mathezfreight.com\\\/fr\\\/blog\\\/codes-douaniers-tarif-douanier-2020\\\/\",\"url\":\"https:\\\/\\\/www.mathezfreight.com\\\/fr\\\/blog\\\/codes-douaniers-tarif-douanier-2020\\\/\",\"name\":\"Tarif douanier de l'UE: mise \u00e0 jour 2020 - MATHEZ FREIGHT\",\"isPartOf\":{\"@id\":\"https:\\\/\\\/www.mathezfreight.com\\\/fr\\\/#website\"},\"primaryImageOfPage\":{\"@id\":\"https:\\\/\\\/www.mathezfreight.com\\\/fr\\\/blog\\\/codes-douaniers-tarif-douanier-2020\\\/#primaryimage\"},\"image\":{\"@id\":\"https:\\\/\\\/www.mathezfreight.com\\\/fr\\\/blog\\\/codes-douaniers-tarif-douanier-2020\\\/#primaryimage\"},\"thumbnailUrl\":\"https:\\\/\\\/www.mathezfreight.com\\\/wp-content\\\/uploads\\\/photo-code-douanier-2020.jpg\",\"datePublished\":\"2020-01-06T14:29:18+00:00\",\"dateModified\":\"2026-01-13T14:45:22+00:00\",\"description\":\"Quelles nomenclatures ont chang\u00e9 dans le tarif douanier europ\u00e9en en 2020 ?\",\"breadcrumb\":{\"@id\":\"https:\\\/\\\/www.mathezfreight.com\\\/fr\\\/blog\\\/codes-douaniers-tarif-douanier-2020\\\/#breadcrumb\"},\"inLanguage\":\"fr-FR\",\"potentialAction\":[{\"@type\":\"ReadAction\",\"target\":[\"https:\\\/\\\/www.mathezfreight.com\\\/fr\\\/blog\\\/codes-douaniers-tarif-douanier-2020\\\/\"]}]},{\"@type\":\"ImageObject\",\"inLanguage\":\"fr-FR\",\"@id\":\"https:\\\/\\\/www.mathezfreight.com\\\/fr\\\/blog\\\/codes-douaniers-tarif-douanier-2020\\\/#primaryimage\",\"url\":\"https:\\\/\\\/www.mathezfreight.com\\\/wp-content\\\/uploads\\\/photo-code-douanier-2020.jpg\",\"contentUrl\":\"https:\\\/\\\/www.mathezfreight.com\\\/wp-content\\\/uploads\\\/photo-code-douanier-2020.jpg\",\"width\":1220,\"height\":915,\"caption\":\"Code douanier : le trouver dans le Tarif douanier 2026\"},{\"@type\":\"BreadcrumbList\",\"@id\":\"https:\\\/\\\/www.mathezfreight.com\\\/fr\\\/blog\\\/codes-douaniers-tarif-douanier-2020\\\/#breadcrumb\",\"itemListElement\":[{\"@type\":\"ListItem\",\"position\":1,\"name\":\"Home\",\"item\":\"https:\\\/\\\/www.mathezfreight.com\\\/fr\\\/\"},{\"@type\":\"ListItem\",\"position\":2,\"name\":\"Fret Mode d'Emploi\",\"item\":\"https:\\\/\\\/www.mathezfreight.com\\\/fr\\\/blog\\\/categorie\\\/fret-mode-demploi\\\/\"},{\"@type\":\"ListItem\",\"position\":3,\"name\":\"Tarif douanier de l&#8217;UE: mise \u00e0 jour 2020\"}]},{\"@type\":\"WebSite\",\"@id\":\"https:\\\/\\\/www.mathezfreight.com\\\/fr\\\/#website\",\"url\":\"https:\\\/\\\/www.mathezfreight.com\\\/fr\\\/\",\"name\":\"MATHEZ FREIGHT\",\"description\":\"Solutions transport sur mesure, suivies, efficaces\",\"publisher\":{\"@id\":\"https:\\\/\\\/www.mathezfreight.com\\\/fr\\\/#organization\"},\"alternateName\":\"MATHEZ TRANSPORTS INTERNATIONAUX\",\"potentialAction\":[{\"@type\":\"SearchAction\",\"target\":{\"@type\":\"EntryPoint\",\"urlTemplate\":\"https:\\\/\\\/www.mathezfreight.com\\\/fr\\\/?s={search_term_string}\"},\"query-input\":{\"@type\":\"PropertyValueSpecification\",\"valueRequired\":true,\"valueName\":\"search_term_string\"}}],\"inLanguage\":\"fr-FR\"},{\"@type\":\"Organization\",\"@id\":\"https:\\\/\\\/www.mathezfreight.com\\\/fr\\\/#organization\",\"name\":\"MATHEZ FREIGHT\",\"alternateName\":\"MATHEZ TRANSPORTS INTERNATIONAUX\",\"url\":\"https:\\\/\\\/www.mathezfreight.com\\\/fr\\\/\",\"logo\":{\"@type\":\"ImageObject\",\"inLanguage\":\"fr-FR\",\"@id\":\"https:\\\/\\\/www.mathezfreight.com\\\/fr\\\/#\\\/schema\\\/logo\\\/image\\\/\",\"url\":\"https:\\\/\\\/www.mathezfreight.com\\\/wp-content\\\/uploads\\\/logo-mathez-freight-400pxw.png\",\"contentUrl\":\"https:\\\/\\\/www.mathezfreight.com\\\/wp-content\\\/uploads\\\/logo-mathez-freight-400pxw.png\",\"width\":400,\"height\":136,\"caption\":\"MATHEZ FREIGHT\"},\"image\":{\"@id\":\"https:\\\/\\\/www.mathezfreight.com\\\/fr\\\/#\\\/schema\\\/logo\\\/image\\\/\"},\"sameAs\":[\"https:\\\/\\\/www.facebook.com\\\/MathezFreight\\\/\",\"https:\\\/\\\/x.com\\\/MathezFreight\",\"https:\\\/\\\/www.linkedin.com\\\/company\\\/mathezfreight\\\/\"],\"description\":\"Transitaire fran\u00e7ais, organisateur de transport international: fret a\u00e9rien, fret maritime, commissionnaire en douane agr\u00e9\u00e9 OEA-Full. 17 agences en France sur tous les principaux ports et a\u00e9roports.\",\"email\":\"web@mathezfreight.com\",\"telephone\":\"+33.497257825\",\"legalName\":\"MATHEZ TRANSPORTS INTERNATIONAUX\",\"foundingDate\":\"1950-01-01\",\"numberOfEmployees\":{\"@type\":\"QuantitativeValue\",\"minValue\":\"51\",\"maxValue\":\"200\"}},{\"@type\":\"Person\",\"@id\":\"https:\\\/\\\/www.mathezfreight.com\\\/fr\\\/#\\\/schema\\\/person\\\/e3433d1aa11c0405311f7fbf4086fdf6\",\"name\":\"Agnes\"}]}<\/script>\n<!-- \/ Yoast SEO Premium plugin. -->","yoast_head_json":{"title":"Tarif douanier de l'UE: mise \u00e0 jour 2020 - MATHEZ FREIGHT","description":"Quelles nomenclatures ont chang\u00e9 dans le tarif douanier europ\u00e9en en 2020 ?","robots":{"index":"index","follow":"follow","max-snippet":"max-snippet:-1","max-image-preview":"max-image-preview:large","max-video-preview":"max-video-preview:-1"},"canonical":"https:\/\/www.mathezfreight.com\/fr\/blog\/codes-douaniers-tarif-douanier-2020\/","og_locale":"fr_FR","og_type":"article","og_title":"Tarif douanier de l'UE: mise \u00e0 jour 2020","og_description":"Quelles nomenclatures ont chang\u00e9 dans le tarif douanier europ\u00e9en en 2020 ?","og_url":"https:\/\/www.mathezfreight.com\/fr\/blog\/codes-douaniers-tarif-douanier-2020\/","og_site_name":"MATHEZ FREIGHT","article_publisher":"https:\/\/www.facebook.com\/MathezFreight\/","article_published_time":"2020-01-06T14:29:18+00:00","article_modified_time":"2026-01-13T14:45:22+00:00","og_image":[{"width":1220,"height":915,"url":"https:\/\/www.mathezfreight.com\/wp-content\/uploads\/photo-code-douanier-2020.jpg","type":"image\/jpeg"}],"author":"Agnes","twitter_card":"summary_large_image","twitter_creator":"@MathezFreight","twitter_site":"@MathezFreight","twitter_misc":{"\u00c9crit par":"Agnes","Dur\u00e9e de lecture estim\u00e9e":"9 minutes"},"schema":{"@context":"https:\/\/schema.org","@graph":[{"@type":"Article","@id":"https:\/\/www.mathezfreight.com\/fr\/blog\/codes-douaniers-tarif-douanier-2020\/#article","isPartOf":{"@id":"https:\/\/www.mathezfreight.com\/fr\/blog\/codes-douaniers-tarif-douanier-2020\/"},"author":{"name":"Agnes","@id":"https:\/\/www.mathezfreight.com\/fr\/#\/schema\/person\/e3433d1aa11c0405311f7fbf4086fdf6"},"headline":"Tarif douanier de l&rsquo;UE: mise \u00e0 jour 2020","datePublished":"2020-01-06T14:29:18+00:00","dateModified":"2026-01-13T14:45:22+00:00","mainEntityOfPage":{"@id":"https:\/\/www.mathezfreight.com\/fr\/blog\/codes-douaniers-tarif-douanier-2020\/"},"wordCount":521,"commentCount":0,"publisher":{"@id":"https:\/\/www.mathezfreight.com\/fr\/#organization"},"image":{"@id":"https:\/\/www.mathezfreight.com\/fr\/blog\/codes-douaniers-tarif-douanier-2020\/#primaryimage"},"thumbnailUrl":"https:\/\/www.mathezfreight.com\/wp-content\/uploads\/photo-code-douanier-2020.jpg","keywords":["Douane"],"articleSection":["Fret Mode d'Emploi"],"inLanguage":"fr-FR","potentialAction":[{"@type":"CommentAction","name":"Comment","target":["https:\/\/www.mathezfreight.com\/fr\/blog\/codes-douaniers-tarif-douanier-2020\/#respond"]}]},{"@type":"WebPage","@id":"https:\/\/www.mathezfreight.com\/fr\/blog\/codes-douaniers-tarif-douanier-2020\/","url":"https:\/\/www.mathezfreight.com\/fr\/blog\/codes-douaniers-tarif-douanier-2020\/","name":"Tarif douanier de l'UE: mise \u00e0 jour 2020 - MATHEZ FREIGHT","isPartOf":{"@id":"https:\/\/www.mathezfreight.com\/fr\/#website"},"primaryImageOfPage":{"@id":"https:\/\/www.mathezfreight.com\/fr\/blog\/codes-douaniers-tarif-douanier-2020\/#primaryimage"},"image":{"@id":"https:\/\/www.mathezfreight.com\/fr\/blog\/codes-douaniers-tarif-douanier-2020\/#primaryimage"},"thumbnailUrl":"https:\/\/www.mathezfreight.com\/wp-content\/uploads\/photo-code-douanier-2020.jpg","datePublished":"2020-01-06T14:29:18+00:00","dateModified":"2026-01-13T14:45:22+00:00","description":"Quelles nomenclatures ont chang\u00e9 dans le tarif douanier europ\u00e9en en 2020 ?","breadcrumb":{"@id":"https:\/\/www.mathezfreight.com\/fr\/blog\/codes-douaniers-tarif-douanier-2020\/#breadcrumb"},"inLanguage":"fr-FR","potentialAction":[{"@type":"ReadAction","target":["https:\/\/www.mathezfreight.com\/fr\/blog\/codes-douaniers-tarif-douanier-2020\/"]}]},{"@type":"ImageObject","inLanguage":"fr-FR","@id":"https:\/\/www.mathezfreight.com\/fr\/blog\/codes-douaniers-tarif-douanier-2020\/#primaryimage","url":"https:\/\/www.mathezfreight.com\/wp-content\/uploads\/photo-code-douanier-2020.jpg","contentUrl":"https:\/\/www.mathezfreight.com\/wp-content\/uploads\/photo-code-douanier-2020.jpg","width":1220,"height":915,"caption":"Code douanier : le trouver dans le Tarif douanier 2026"},{"@type":"BreadcrumbList","@id":"https:\/\/www.mathezfreight.com\/fr\/blog\/codes-douaniers-tarif-douanier-2020\/#breadcrumb","itemListElement":[{"@type":"ListItem","position":1,"name":"Home","item":"https:\/\/www.mathezfreight.com\/fr\/"},{"@type":"ListItem","position":2,"name":"Fret Mode d'Emploi","item":"https:\/\/www.mathezfreight.com\/fr\/blog\/categorie\/fret-mode-demploi\/"},{"@type":"ListItem","position":3,"name":"Tarif douanier de l&#8217;UE: mise \u00e0 jour 2020"}]},{"@type":"WebSite","@id":"https:\/\/www.mathezfreight.com\/fr\/#website","url":"https:\/\/www.mathezfreight.com\/fr\/","name":"MATHEZ FREIGHT","description":"Solutions transport sur mesure, suivies, efficaces","publisher":{"@id":"https:\/\/www.mathezfreight.com\/fr\/#organization"},"alternateName":"MATHEZ TRANSPORTS INTERNATIONAUX","potentialAction":[{"@type":"SearchAction","target":{"@type":"EntryPoint","urlTemplate":"https:\/\/www.mathezfreight.com\/fr\/?s={search_term_string}"},"query-input":{"@type":"PropertyValueSpecification","valueRequired":true,"valueName":"search_term_string"}}],"inLanguage":"fr-FR"},{"@type":"Organization","@id":"https:\/\/www.mathezfreight.com\/fr\/#organization","name":"MATHEZ FREIGHT","alternateName":"MATHEZ TRANSPORTS INTERNATIONAUX","url":"https:\/\/www.mathezfreight.com\/fr\/","logo":{"@type":"ImageObject","inLanguage":"fr-FR","@id":"https:\/\/www.mathezfreight.com\/fr\/#\/schema\/logo\/image\/","url":"https:\/\/www.mathezfreight.com\/wp-content\/uploads\/logo-mathez-freight-400pxw.png","contentUrl":"https:\/\/www.mathezfreight.com\/wp-content\/uploads\/logo-mathez-freight-400pxw.png","width":400,"height":136,"caption":"MATHEZ FREIGHT"},"image":{"@id":"https:\/\/www.mathezfreight.com\/fr\/#\/schema\/logo\/image\/"},"sameAs":["https:\/\/www.facebook.com\/MathezFreight\/","https:\/\/x.com\/MathezFreight","https:\/\/www.linkedin.com\/company\/mathezfreight\/"],"description":"Transitaire fran\u00e7ais, organisateur de transport international: fret a\u00e9rien, fret maritime, commissionnaire en douane agr\u00e9\u00e9 OEA-Full. 17 agences en France sur tous les principaux ports et a\u00e9roports.","email":"web@mathezfreight.com","telephone":"+33.497257825","legalName":"MATHEZ TRANSPORTS INTERNATIONAUX","foundingDate":"1950-01-01","numberOfEmployees":{"@type":"QuantitativeValue","minValue":"51","maxValue":"200"}},{"@type":"Person","@id":"https:\/\/www.mathezfreight.com\/fr\/#\/schema\/person\/e3433d1aa11c0405311f7fbf4086fdf6","name":"Agnes"}]}},"_links":{"self":[{"href":"https:\/\/www.mathezfreight.com\/fr\/wp-json\/wp\/v2\/posts\/32262","targetHints":{"allow":["GET"]}}],"collection":[{"href":"https:\/\/www.mathezfreight.com\/fr\/wp-json\/wp\/v2\/posts"}],"about":[{"href":"https:\/\/www.mathezfreight.com\/fr\/wp-json\/wp\/v2\/types\/post"}],"author":[{"embeddable":true,"href":"https:\/\/www.mathezfreight.com\/fr\/wp-json\/wp\/v2\/users\/1"}],"replies":[{"embeddable":true,"href":"https:\/\/www.mathezfreight.com\/fr\/wp-json\/wp\/v2\/comments?post=32262"}],"version-history":[{"count":0,"href":"https:\/\/www.mathezfreight.com\/fr\/wp-json\/wp\/v2\/posts\/32262\/revisions"}],"wp:featuredmedia":[{"embeddable":true,"href":"https:\/\/www.mathezfreight.com\/fr\/wp-json\/wp\/v2\/media\/32329"}],"wp:attachment":[{"href":"https:\/\/www.mathezfreight.com\/fr\/wp-json\/wp\/v2\/media?parent=32262"}],"wp:term":[{"taxonomy":"category","embeddable":true,"href":"https:\/\/www.mathezfreight.com\/fr\/wp-json\/wp\/v2\/categories?post=32262"},{"taxonomy":"post_tag","embeddable":true,"href":"https:\/\/www.mathezfreight.com\/fr\/wp-json\/wp\/v2\/tags?post=32262"},{"taxonomy":"cibles","embeddable":true,"href":"https:\/\/www.mathezfreight.com\/fr\/wp-json\/wp\/v2\/cibles?post=32262"}],"curies":[{"name":"wp","href":"https:\/\/api.w.org\/{rel}","templated":true}]}}