{"id":32014,"date":"2019-11-18T14:44:11","date_gmt":"2019-11-18T14:44:11","guid":{"rendered":"https:\/\/www.mathezfreight.com\/?p=32014"},"modified":"2020-11-03T20:45:07","modified_gmt":"2020-11-03T20:45:07","slug":"eviter-surestaries-detention-containers","status":"publish","type":"post","link":"https:\/\/www.mathezfreight.com\/fr\/blog\/eviter-surestaries-detention-containers\/","title":{"rendered":"5 conseils pour \u00e9viter les surestaries et frais de d\u00e9tention"},"content":{"rendered":"\t\t<div data-elementor-type=\"wp-post\" data-elementor-id=\"32014\" class=\"elementor elementor-32014\" data-elementor-post-type=\"post\">\n\t\t\t\t\t\t<div class=\"elementor-section elementor-top-section elementor-element elementor-element-25ac58f elementor-section-stretched elementor-section-full_width mti-page-header bg-articles elementor-section-height-default elementor-section-height-default default-style elementor-invisible\" data-id=\"25ac58f\" data-element_type=\"section\" data-e-type=\"section\" id=\"mti-page-header\" data-settings=\"{&quot;stretch_section&quot;:&quot;section-stretched&quot;,&quot;animation&quot;:&quot;fadeIn&quot;,&quot;rt_color_sets&quot;:&quot;default-style&quot;}\">\n\t\t\t\t\t\t<div class=\"elementor-container elementor-column-gap-no\">\n\t\t\t\t\t<div class=\"elementor-column elementor-col-100 elementor-top-column elementor-element elementor-element-c3af877\" data-id=\"c3af877\" data-element_type=\"column\" data-e-type=\"column\">\n\t\t\t<div class=\"elementor-widget-wrap elementor-element-populated\">\n\t\t\t\t\t\t<div class=\"elementor-element elementor-element-354bdad elementor-widget elementor-widget-theme-post-featured-image elementor-widget-image\" data-id=\"354bdad\" data-element_type=\"widget\" data-e-type=\"widget\" data-widget_type=\"theme-post-featured-image.default\">\n\t\t\t\t<div class=\"elementor-widget-container\">\n\t\t\t\t\t\t\t\t\t\t\t\t\t\t\t<img decoding=\"async\" width=\"1220\" height=\"406\" src=\"https:\/\/www.mathezfreight.com\/wp-content\/uploads\/photo-containers-depositphotos-1220x406.jpg\" class=\"attachment-mti-flat-banner size-mti-flat-banner wp-image-32012\" alt=\"\" \/>\t\t\t\t\t\t\t\t\t\t\t\t\t\t\t<\/div>\n\t\t\t\t<\/div>\n\t\t\t\t\t<\/div>\n\t\t<\/div>\n\t\t\t\t\t<\/div>\n\t\t<\/div>\n\t\t\t\t<div class=\"elementor-section elementor-top-section elementor-element elementor-element-e862999 mti-page-excerpt excerpt-onleft highlight-articles elementor-section-boxed elementor-section-height-default elementor-section-height-default default-style elementor-invisible\" data-id=\"e862999\" data-element_type=\"section\" data-e-type=\"section\" id=\"mti-page-excerpt\" data-settings=\"{&quot;animation&quot;:&quot;fadeInUp&quot;,&quot;rt_color_sets&quot;:&quot;default-style&quot;}\">\n\t\t\t\t\t\t<div class=\"elementor-container elementor-column-gap-default\">\n\t\t\t\t\t<div class=\"elementor-column elementor-col-100 elementor-top-column elementor-element elementor-element-64290da default-style\" data-id=\"64290da\" data-element_type=\"column\" data-e-type=\"column\" data-settings=\"{&quot;background_background&quot;:&quot;classic&quot;}\">\n\t\t\t<div class=\"elementor-widget-wrap elementor-element-populated\">\n\t\t\t\t\t\t<div class=\"elementor-element elementor-element-13239bc elementor-align-left mti-blog-suptitle elementor-widget elementor-widget-post-info\" data-id=\"13239bc\" data-element_type=\"widget\" data-e-type=\"widget\" data-widget_type=\"post-info.default\">\n\t\t\t\t<div class=\"elementor-widget-container\">\n\t\t\t\t\t\t\t<ul class=\"elementor-inline-items elementor-icon-list-items elementor-post-info\">\n\t\t\t\t\t\t\t\t<li class=\"elementor-icon-list-item elementor-repeater-item-9687d75 elementor-inline-item\" itemprop=\"about\">\n\t\t\t\t\t\t\t\t\t\t\t\t\t<span class=\"elementor-icon-list-text elementor-post-info__item elementor-post-info__item--type-terms\">\n\t\t\t\t\t\t\t\t\t\t<span class=\"elementor-post-info__terms-list\">\n\t\t\t\t<a href=\"https:\/\/www.mathezfreight.com\/fr\/blog\/categorie\/fret-mode-demploi\/\" class=\"elementor-post-info__terms-list-item\">Fret Mode d&#039;Emploi<\/a>\t\t\t\t<\/span>\n\t\t\t\t\t<\/span>\n\t\t\t\t\t\t\t\t<\/li>\n\t\t\t\t<\/ul>\n\t\t\t\t\t\t<\/div>\n\t\t\t\t<\/div>\n\t\t\t\t<div class=\"elementor-element elementor-element-cdda569 elementor-widget elementor-widget-theme-post-title elementor-page-title elementor-widget-heading\" data-id=\"cdda569\" data-element_type=\"widget\" data-e-type=\"widget\" data-widget_type=\"theme-post-title.default\">\n\t\t\t\t<div class=\"elementor-widget-container\">\n\t\t\t\t\t<h1 class=\"elementor-heading-title elementor-size-default\">5 conseils pour \u00e9viter les surestaries et frais de d\u00e9tention<\/h1>\t\t\t\t<\/div>\n\t\t\t\t<\/div>\n\t\t\t\t<div class=\"elementor-element elementor-element-8f5c17b elementor-widget elementor-widget-theme-post-excerpt\" data-id=\"8f5c17b\" data-element_type=\"widget\" data-e-type=\"widget\" data-widget_type=\"theme-post-excerpt.default\">\n\t\t\t\t<div class=\"elementor-widget-container\">\n\t\t\t\t\tEn transport maritime, les surestaries ou frais de d\u00e9tention sur vos conteneurs peuvent peser tr\u00e8s lourd sur le co\u00fbt final. Prenez en compte ces 5 conseils pour les \u00e9viter.\t\t\t\t<\/div>\n\t\t\t\t<\/div>\n\t\t\t\t<div class=\"elementor-element elementor-element-b5deb30 elementor-align-right mti-blog-tags elementor-widget elementor-widget-post-info\" data-id=\"b5deb30\" data-element_type=\"widget\" data-e-type=\"widget\" data-widget_type=\"post-info.default\">\n\t\t\t\t<div class=\"elementor-widget-container\">\n\t\t\t\t\t\t\t<ul class=\"elementor-inline-items elementor-icon-list-items elementor-post-info\">\n\t\t\t\t\t\t\t\t<li class=\"elementor-icon-list-item elementor-repeater-item-7910e98 elementor-inline-item\" itemprop=\"datePublished\">\n\t\t\t\t\t\t\t\t\t\t<span class=\"elementor-icon-list-icon\">\n\t\t\t\t\t\t\t\t\t\t\t\t\t\t<i class=\"fa fa-calendar\" aria-hidden=\"true\"><\/i>\n\t\t\t\t\t\t\t\t\t\t\t\t<\/span>\n\t\t\t\t\t\t\t\t\t<span class=\"elementor-icon-list-text elementor-post-info__item elementor-post-info__item--type-date\">\n\t\t\t\t\t\t\t\t\t\t<time>18 novembre 2019<\/time>\t\t\t\t\t<\/span>\n\t\t\t\t\t\t\t\t<\/li>\n\t\t\t\t<li class=\"elementor-icon-list-item elementor-repeater-item-f18f2db elementor-inline-item\" itemprop=\"about\">\n\t\t\t\t\t\t\t\t\t\t<span class=\"elementor-icon-list-icon\">\n\t\t\t\t\t\t\t\t<i aria-hidden=\"true\" class=\"fas fa-tags\"><\/i>\t\t\t\t\t\t\t<\/span>\n\t\t\t\t\t\t\t\t\t<span class=\"elementor-icon-list-text elementor-post-info__item elementor-post-info__item--type-terms\">\n\t\t\t\t\t\t\t\t\t\t<span class=\"elementor-post-info__terms-list\">\n\t\t\t\t<a href=\"https:\/\/www.mathezfreight.com\/fr\/blog\/tag\/douane\/\" class=\"elementor-post-info__terms-list-item\">Douane<\/a>, <a href=\"https:\/\/www.mathezfreight.com\/fr\/blog\/tag\/maritime\/\" class=\"elementor-post-info__terms-list-item\">Maritime<\/a>, <a href=\"https:\/\/www.mathezfreight.com\/fr\/blog\/tag\/prix-du-fret\/\" class=\"elementor-post-info__terms-list-item\">Prix du Fret<\/a>\t\t\t\t<\/span>\n\t\t\t\t\t<\/span>\n\t\t\t\t\t\t\t\t<\/li>\n\t\t\t\t<\/ul>\n\t\t\t\t\t\t<\/div>\n\t\t\t\t<\/div>\n\t\t\t\t\t<\/div>\n\t\t<\/div>\n\t\t\t\t\t<\/div>\n\t\t<\/div>\n\t\t\t\t<aside class=\"elementor-section elementor-top-section elementor-element elementor-element-da74b28 elementor-hidden-tablet elementor-hidden-phone mti-social-bar up elementor-section-boxed elementor-section-height-default elementor-section-height-default elementor-invisible\" data-id=\"da74b28\" data-element_type=\"section\" data-e-type=\"section\" data-settings=\"{&quot;animation&quot;:&quot;fadeInLeft&quot;}\">\n\t\t\t\t\t\t<div class=\"elementor-container elementor-column-gap-default\">\n\t\t\t\t\t<div class=\"elementor-column elementor-col-100 elementor-top-column elementor-element elementor-element-ba21d28\" data-id=\"ba21d28\" data-element_type=\"column\" data-e-type=\"column\">\n\t\t\t<div class=\"elementor-widget-wrap elementor-element-populated\">\n\t\t\t\t\t\t<div class=\"elementor-element elementor-element-318d352 elementor-share-buttons--view-icon elementor-share-buttons--skin-flat mti-social-bar-job elementor-share-buttons--shape-square elementor-grid-0 elementor-share-buttons--color-official elementor-invisible elementor-widget elementor-widget-global elementor-global-17249 elementor-widget-share-buttons\" data-id=\"318d352\" data-element_type=\"widget\" data-e-type=\"widget\" data-settings=\"{&quot;_animation&quot;:&quot;fadeInLeft&quot;}\" data-widget_type=\"share-buttons.default\">\n\t\t\t\t<div class=\"elementor-widget-container\">\n\t\t\t\t\t\t\t<div class=\"elementor-grid\" role=\"list\">\n\t\t\t\t\t\t\t\t<div class=\"elementor-grid-item\" role=\"listitem\">\n\t\t\t\t\t\t<div class=\"elementor-share-btn elementor-share-btn_email\" role=\"button\" tabindex=\"0\" aria-label=\"Partager sur email\">\n\t\t\t\t\t\t\t\t\t\t\t\t\t\t\t<span class=\"elementor-share-btn__icon\">\n\t\t\t\t\t\t\t\t<i class=\"fas fa-envelope\" aria-hidden=\"true\"><\/i>\t\t\t\t\t\t\t<\/span>\n\t\t\t\t\t\t\t\t\t\t\t\t\t\t\t\t\t\t\t\t<\/div>\n\t\t\t\t\t<\/div>\n\t\t\t\t\t\t\t\t\t<div class=\"elementor-grid-item\" role=\"listitem\">\n\t\t\t\t\t\t<div class=\"elementor-share-btn elementor-share-btn_linkedin\" role=\"button\" tabindex=\"0\" aria-label=\"Partager sur linkedin\">\n\t\t\t\t\t\t\t\t\t\t\t\t\t\t\t<span class=\"elementor-share-btn__icon\">\n\t\t\t\t\t\t\t\t<i class=\"fab fa-linkedin\" aria-hidden=\"true\"><\/i>\t\t\t\t\t\t\t<\/span>\n\t\t\t\t\t\t\t\t\t\t\t\t\t\t\t\t\t\t\t\t<\/div>\n\t\t\t\t\t<\/div>\n\t\t\t\t\t\t\t\t\t<div class=\"elementor-grid-item\" role=\"listitem\">\n\t\t\t\t\t\t<div class=\"elementor-share-btn elementor-share-btn_twitter\" role=\"button\" tabindex=\"0\" aria-label=\"Partager sur twitter\">\n\t\t\t\t\t\t\t\t\t\t\t\t\t\t\t<span class=\"elementor-share-btn__icon\">\n\t\t\t\t\t\t\t\t<i class=\"fab fa-twitter\" aria-hidden=\"true\"><\/i>\t\t\t\t\t\t\t<\/span>\n\t\t\t\t\t\t\t\t\t\t\t\t\t\t\t\t\t\t\t\t<\/div>\n\t\t\t\t\t<\/div>\n\t\t\t\t\t\t\t\t\t<div class=\"elementor-grid-item\" role=\"listitem\">\n\t\t\t\t\t\t<div class=\"elementor-share-btn elementor-share-btn_facebook\" role=\"button\" tabindex=\"0\" aria-label=\"Partager sur facebook\">\n\t\t\t\t\t\t\t\t\t\t\t\t\t\t\t<span class=\"elementor-share-btn__icon\">\n\t\t\t\t\t\t\t\t<i class=\"fab fa-facebook\" aria-hidden=\"true\"><\/i>\t\t\t\t\t\t\t<\/span>\n\t\t\t\t\t\t\t\t\t\t\t\t\t\t\t\t\t\t\t\t<\/div>\n\t\t\t\t\t<\/div>\n\t\t\t\t\t\t\t\t\t<div class=\"elementor-grid-item\" role=\"listitem\">\n\t\t\t\t\t\t<div class=\"elementor-share-btn elementor-share-btn_print\" role=\"button\" tabindex=\"0\" aria-label=\"Partager sur print\">\n\t\t\t\t\t\t\t\t\t\t\t\t\t\t\t<span class=\"elementor-share-btn__icon\">\n\t\t\t\t\t\t\t\t<i class=\"fas fa-print\" aria-hidden=\"true\"><\/i>\t\t\t\t\t\t\t<\/span>\n\t\t\t\t\t\t\t\t\t\t\t\t\t\t\t\t\t\t\t\t<\/div>\n\t\t\t\t\t<\/div>\n\t\t\t\t\t\t<\/div>\n\t\t\t\t\t\t<\/div>\n\t\t\t\t<\/div>\n\t\t\t\t\t<\/div>\n\t\t<\/div>\n\t\t\t\t\t<\/div>\n\t\t<\/aside>\n\t\t\t\t<div class=\"elementor-section elementor-top-section elementor-element elementor-element-1be72cc mti-article-body elementor-section-boxed elementor-section-height-default elementor-section-height-default default-style\" data-id=\"1be72cc\" data-element_type=\"section\" data-e-type=\"section\" data-settings=\"{&quot;rt_color_sets&quot;:&quot;default-style&quot;}\">\n\t\t\t\t\t\t<div class=\"elementor-container elementor-column-gap-default\">\n\t\t\t\t\t<div class=\"elementor-column elementor-col-100 elementor-top-column elementor-element elementor-element-1f5697b\" data-id=\"1f5697b\" data-element_type=\"column\" data-e-type=\"column\">\n\t\t\t<div class=\"elementor-widget-wrap elementor-element-populated\">\n\t\t\t\t\t\t<div class=\"elementor-element elementor-element-b1d3413 mti-article-body elementor-widget elementor-widget-text-editor\" data-id=\"b1d3413\" data-element_type=\"widget\" data-e-type=\"widget\" data-widget_type=\"text-editor.default\">\n\t\t\t\t<div class=\"elementor-widget-container\">\n\t\t\t\t\t\t\t\t\t<p>Les <strong>surestaries et frais et de d\u00e9tention<\/strong> peuvent devenir un <strong>cauchemar pour les chargeurs<\/strong>, et entra\u00eener des <strong>milliers de dollars<\/strong> de frais suppl\u00e9mentaires sur leurs transports maritimes. Les co\u00fbts qui r\u00e9sultent d&rsquo;une mauvaise planification, de circonstances impr\u00e9vues ou d&rsquo;une mauvaise communication ont un impact consid\u00e9rable sur le <b>co\u00fbt final du fret<\/b>.<\/p><p><i>Dans cet article, MATHEZ FREIGHT a demand\u00e9 aux sp\u00e9cialistes de\u00a0<\/i><i>Container-Xchange<\/i><i>\u00a0d&rsquo;expliquer les conditions de surestaries et de retenues, et de fournir aux chargeurs 5 conseils pour \u00e9viter des co\u00fbts \u00e9lev\u00e9s lors de l&rsquo;organisation de leurs transports maritimes.<\/i><\/p><h2>Comprendre les surestaries et frais de d\u00e9tention<\/h2><div>Les surestaries et les frais de d\u00e9tention s&rsquo;appliquent au-del\u00e0 d&rsquo;une\u00a0<span style=\"font-weight: bold;\">p\u00e9riode de franchise\u00a0<\/span>autoris\u00e9e: l&rsquo;utilisateur du conteneur doit\u00a0 alors payer une redevance calcul\u00e9e par jour. Dans certains cas, vous pourriez \u00eatre factur\u00e9s jusque\u00a0<span style=\"font-weight: bold;\">200 $ \u00e0 400 $ par jour<\/span>\u00a0par conteneur.<\/div><h3>Surestaries et frais de d\u00e9tention \u00e0 l&rsquo;exportation<\/h3><ul><li>Les <b>frais de surestaries, ou frais de stationnement<\/b>, s&rsquo;appliquent lorsque les conteneurs ne peuvent \u00eatre exp\u00e9di\u00e9s du fait d&rsquo;une documentation insuffisante, ou d&rsquo;autres erreurs qui ne d\u00e9pendent pas du transporteur. Dans ce cas, le transporteur ne peut charger le conteneur sur le navire pr\u00e9vu initialement, et vous facture des frais d&rsquo;entreposage jusqu&rsquo;au chargement effectif et r\u00e9gulier du conteneur sur le prochain navire disponible.<\/li><li>Les <b>frais de d\u00e9tention<\/b> s&rsquo;appliquent \u00e0 l&rsquo;exportation lorsque les conteneurs pleins ne sont pas retourn\u00e9s dans les d\u00e9lais impartis par la\u00a0<b>p\u00e9riode de franchise<\/b>. En r\u00e8gle g\u00e9n\u00e9rale, les transporteurs accordent jusqu&rsquo;\u00e0<b> cinq jours francs<\/b> et facturent des jours suppl\u00e9mentaires aux exp\u00e9diteurs avant que le conteneur ne soit d\u00e9plac\u00e9 \u00e0 l&rsquo;int\u00e9rieur du terminal ou de l&rsquo;entrep\u00f4t.<\/li><\/ul><h3>Surestaries et frais de d\u00e9tention en tant qu&rsquo;importateur<\/h3><p>En tant qu&rsquo;importateur, il vous appartient de <b>collecter et d\u00e9placer\u00a0 vos conteneurs hors du port<\/b> une fois qu&rsquo;ils sont d\u00e9charg\u00e9s du navire.<\/p><ul><li>Sur la plupart des transports maritimes r\u00e9guliers, la <b>p\u00e9riode de franchise<\/b> est souvent fix\u00e9e <b>entre 3 et 5 jours<\/b>. Des frais de surestaries vous sont factur\u00e9s si vous mettez plus de temps que cela pour faire sortir vos conteneurs.<\/li><li>Les <b>frais de d\u00e9tention<\/b> s&rsquo;appliquent au temps pass\u00e9 apr\u00e8s la franchise, \u00e0 compter de la mise \u00e0 quai, sur la p\u00e9riode pendant lequel l&rsquo;importateur retient le conteneur au-del\u00e0 des jours autoris\u00e9s. Cette disposition a pour but de <b>r\u00e9duire le temps de rotation<\/b> des conteneurs et de rendre le transport plus efficace.<\/li><\/ul><div><h2>5 conseils pour \u00e9viter les frais de surestaries et de d\u00e9tention<\/h2><p>Les surestaries et frais de d\u00e9tention sont souvent hors de votre contr\u00f4le en tant que chargeur ou importateur, et difficiles \u00e0 ma\u00eetriser. Cependant, il y a moyen de <strong>r\u00e9duire au minimum les risques<\/strong>, et vous <strong>\u00e9viter des frais inutiles<\/strong>.\u00a0\u00a0Voici comment un\u00a0<strong><a href=\"https:\/\/www.mathezfreight.com\/fr\/blog\/choisir-meilleur-transitaire-10-points\/\">bon transitaire <\/a><\/strong>maritime peut vous aider.<\/p><div id=\"mti-list\"><ol><li><div><h3>N\u00e9gocier les conditions<\/h3><p>Les <b>frais journaliers et honoraires<\/b> sont d\u00e9termin\u00e9s dans le <b>contrat de transport<\/b>.\u00a0Il est toujours bon de n\u00e9gocier les termes d&rsquo;un contrat, et lorsqu&rsquo;il s&rsquo;agit de <a href=\"https:\/\/www.mathezfreight.com\/fr\/services\/transport-maritime\/\">fret maritime<\/a>, mieux vaut le faire <b>avant que le cargo n&rsquo;ait quitt\u00e9 le port<\/b>, car une fois que votre conteneur est \u00e0 quai sur le terminal de destination, vous n&rsquo;\u00eates plus en position de force.<br \/>Il est important de conna\u00eetre les <b>destinations \u00ab\u00a0\u00e0 risque\u00a0\u00bb<\/b> du fait de <b>d\u00e9lais de <a href=\"https:\/\/www.mathezfreight.com\/fr\/services\/douane\/\">d\u00e9douanement<\/a><\/b><a href=\"https:\/\/www.mathezfreight.com\/fr\/services\/douane\/\">\u00a0<\/a>longs: un bon transitaire peut anticiper ce risque, et n\u00e9gocier avec le transporteur des <b>jours de franchise<\/b> suppl\u00e9mentaires pour votre conteneur. Les transporteurs auront tendance \u00e0 accorder plus de temps aux <b>agents de fret <\/b>ayant un <b>volume d&rsquo;achat significatif<\/b>, ce qui \u00e9vite des frais de surestaries et de d\u00e9tention \u00e0 leurs clients.<\/p><\/div><\/li><li><div><h3>G\u00e9rer efficacement votre planning<\/h3><p>Vous et votre <a href=\"https:\/\/www.mathezfreight.com\/fr\/services\/transport-maritime\/\"><b>transitaire maritime<\/b> <\/a>devez vous assurer d&rsquo;exp\u00e9dier votre cargaison aussi longtemps \u00e0 l&rsquo;avance que possible: cela donne plus de <b>flexibilit\u00e9<\/b>, et un laps de temps utile pour <b>faire face aux impr\u00e9vus <\/b>tels que le mauvais temps ou les impr\u00e9vus au port. Il en va de m\u00eame pour les <b>temps de chargement<\/b>, o\u00f9 m\u00eame des <b>temps de chargement<\/b> bien anticip\u00e9s\u00a0 peuvent faire la diff\u00e9rence !<\/p><\/div><\/li><li><div><h3>Toujours avoir un plan B<\/h3><p>Si le plan initial pr\u00e9sente des difficult\u00e9s, il est important d&rsquo;avoir une <b>autre option pour \u00e9viter des co\u00fbts<\/b> importants. Un\u00a0<span style=\"font-weight: bold;\"><a style=\"outline: 0px;\" href=\"https:\/\/www.mathezfreight.com\/fr\/blog\/choisir-meilleur-transitaire-10-points\/\">bon agent de fret<\/a><\/span>\u00a0\u00e9valuera d&rsquo;autres solutions de transport, <b>d&rsquo;autres services,\u00a0<\/b>d&rsquo;autres\u00a0<b>terminaux disponibles<\/b> \u00e0 proximit\u00e9 au cas o\u00f9 votre cargaison aurait besoin d&rsquo;\u00eatre r\u00e9achemin\u00e9e.<\/p><\/div><\/li><li><div><h3>Bien pr\u00e9parer ses douanes locales<\/h3><p>Pour \u00e9viter les risques de surestaries et de d\u00e9tention, il importe de bien <b>ma\u00eetriser le processus de d\u00e9douanement<\/b> et les <b>r\u00e8glements portuaires<\/b>, sachant que la g\u00e9ographie joue un r\u00f4le d\u00e9terminant, car <b>chaque pays<\/b> poss\u00e8de ses propres r\u00e8gles.<br \/>Un bon agent de fret doit aussi \u00eatre un <a href=\"https:\/\/www.mathezfreight.com\/fr\/services\/douane\/\"><b>repr\u00e9sentant en douanes<\/b><\/a> comp\u00e9tent et s\u00e9lectionner de bons partenaires ayant le m\u00eame niveau d&rsquo;expertise locale \u00e0 destination. Les <a href=\"https:\/\/www.mathezfreight.com\/fr\/profil\/reseaux\/\"><b>r\u00e9seaux de transitaires<\/b><\/a> permettent \u00e0 des agents ind\u00e9pendants ayant une <b>ma\u00eetrise locale<\/b>\u00a0compl\u00e8te de coop\u00e9rer aux quatre coins du monde pour livrer vos marchandises sans accroc.<\/p><\/div><\/li><li><div><h3>Apporter son propre conteneur<\/h3><p>S&rsquo;il est difficile de trouver des conteneurs SOC (\u00ab\u00a0<i>Shipper Owned Containers<\/i>\u00ab\u00a0) disponibles \u00e0 proximit\u00e9, vous ou votre transitaire pouvez tout organiser.<\/p><p><i>La plateforme<\/i>\u00a0<i><i>Container-Xchange<\/i>\u00a0facilite l&rsquo;utilisation ou la fourniture de conteneurs sur son march\u00e9 en ligne ind\u00e9pendant. En utilisant cette plateforme en ligne, vous pouvez \u00e9conomiser 200$ \u00e0 400$ par jour ou \u00e9vitez compl\u00e8tement les frais de surestaries et de d\u00e9tention puisque les frais quotidiens sont inf\u00e9rieurs \u00e0 5 $ par conteneur.<\/i><\/p><\/div><\/li><\/ol><\/div><p><b><i><i>Container-Xchange<\/i><\/i>\u00a0est une plateforme qui tend \u00e0 r\u00e9soudre le probl\u00e8me du repositionnement des conteneurs vides. Il vous propose de vous connecter avec plus de 300 propri\u00e9taires et utilisateurs de conteneurs dans plus de 2500 localisations, pour r\u00e9duire le co\u00fbt de vos mouvements de conteneurs \u00e0 sens unique.\u00a0<\/b><\/p><\/div>\t\t\t\t\t\t\t\t<\/div>\n\t\t\t\t<\/div>\n\t\t\t\t\t<\/div>\n\t\t<\/div>\n\t\t\t\t\t<\/div>\n\t\t<\/div>\n\t\t\t\t<div class=\"elementor-section elementor-top-section elementor-element elementor-element-cce3a6d elementor-section-boxed elementor-section-height-default elementor-section-height-default default-style elementor-invisible\" data-id=\"cce3a6d\" data-element_type=\"section\" data-e-type=\"section\" id=\"mti-beau-gosse\" data-settings=\"{&quot;animation&quot;:&quot;fadeIn&quot;,&quot;rt_color_sets&quot;:&quot;default-style&quot;}\">\n\t\t\t\t\t\t<div class=\"elementor-container elementor-column-gap-default\">\n\t\t\t\t\t<div class=\"elementor-column elementor-col-33 elementor-top-column elementor-element elementor-element-6d777df\" data-id=\"6d777df\" data-element_type=\"column\" data-e-type=\"column\">\n\t\t\t<div class=\"elementor-widget-wrap elementor-element-populated\">\n\t\t\t\t\t\t<div class=\"elementor-element elementor-element-db03397 aligncenter elementor-hidden-phone elementor-widget elementor-widget-image\" data-id=\"db03397\" data-element_type=\"widget\" data-e-type=\"widget\" data-widget_type=\"image.default\">\n\t\t\t\t<div class=\"elementor-widget-container\">\n\t\t\t\t\t\t\t\t\t\t\t\t\t\t\t<img decoding=\"async\" width=\"250\" height=\"375\" src=\"https:\/\/www.mathezfreight.com\/wp-content\/uploads\/photo-gwenaelle-roux.png\" class=\"attachment-mti-medium-portrait size-mti-medium-portrait wp-image-33481\" alt=\"Gwenaelle Roux\" srcset=\"https:\/\/www.mathezfreight.com\/wp-content\/uploads\/photo-gwenaelle-roux.png 250w, https:\/\/www.mathezfreight.com\/wp-content\/uploads\/photo-gwenaelle-roux-125x187.png 125w\" sizes=\"(max-width: 250px) 100vw, 250px\" \/>\t\t\t\t\t\t\t\t\t\t\t\t\t\t\t<\/div>\n\t\t\t\t<\/div>\n\t\t\t\t\t<\/div>\n\t\t<\/div>\n\t\t\t\t<div class=\"elementor-column elementor-col-66 elementor-top-column elementor-element elementor-element-92a7442\" data-id=\"92a7442\" data-element_type=\"column\" data-e-type=\"column\">\n\t\t\t<div class=\"elementor-widget-wrap elementor-element-populated\">\n\t\t\t\t\t\t<div class=\"elementor-element elementor-element-bdbf158 elementor-widget elementor-widget-text-editor\" data-id=\"bdbf158\" data-element_type=\"widget\" data-e-type=\"widget\" data-widget_type=\"text-editor.default\">\n\t\t\t\t<div class=\"elementor-widget-container\">\n\t\t\t\t\t\t\t\t\t<blockquote><p>Faire en sorte que nos clients ne soient pas confront\u00e9s \u00e0 des co\u00fbts ou d\u00e9lais impr\u00e9vus sur leurs transports maritimes: c&rsquo;est notre travail quotidien.\u00a0\u00a0<a href=\"https:\/\/www.mathezfreight.com\/fr\/contact\/\">Contactez-nous<\/a>!<\/p><\/blockquote><div id=\"mti-beau-gosse-signature\"><span class=\"blue\">Gwena\u00eblle Roux<\/span>,\u00a0MATHEZ FREIGHT\u00a0<\/div>\t\t\t\t\t\t\t\t<\/div>\n\t\t\t\t<\/div>\n\t\t\t\t\t<\/div>\n\t\t<\/div>\n\t\t\t\t\t<\/div>\n\t\t<\/div>\n\t\t\t\t<aside class=\"elementor-section elementor-top-section elementor-element elementor-element-2637aff mti-social-bar bottom elementor-section-boxed elementor-section-height-default elementor-section-height-default default-style elementor-invisible\" data-id=\"2637aff\" data-element_type=\"section\" data-e-type=\"section\" data-settings=\"{&quot;animation&quot;:&quot;fadeIn&quot;,&quot;rt_color_sets&quot;:&quot;default-style&quot;}\">\n\t\t\t\t\t\t<div class=\"elementor-container elementor-column-gap-default\">\n\t\t\t\t\t<div class=\"elementor-column elementor-col-100 elementor-top-column elementor-element elementor-element-7e2d51c\" data-id=\"7e2d51c\" data-element_type=\"column\" data-e-type=\"column\">\n\t\t\t<div class=\"elementor-widget-wrap elementor-element-populated\">\n\t\t\t\t\t\t<div class=\"elementor-element elementor-element-ec97e6d elementor-share-buttons--view-icon elementor-share-buttons--skin-flat elementor-share-buttons--shape-square elementor-grid-0 elementor-share-buttons--color-official elementor-invisible elementor-widget elementor-widget-share-buttons\" data-id=\"ec97e6d\" data-element_type=\"widget\" data-e-type=\"widget\" data-settings=\"{&quot;_animation&quot;:&quot;fadeInLeft&quot;}\" data-widget_type=\"share-buttons.default\">\n\t\t\t\t<div class=\"elementor-widget-container\">\n\t\t\t\t\t\t\t<div class=\"elementor-grid\" role=\"list\">\n\t\t\t\t\t\t\t\t<div class=\"elementor-grid-item\" role=\"listitem\">\n\t\t\t\t\t\t<div class=\"elementor-share-btn elementor-share-btn_email\" role=\"button\" tabindex=\"0\" aria-label=\"Partager sur email\">\n\t\t\t\t\t\t\t\t\t\t\t\t\t\t\t<span class=\"elementor-share-btn__icon\">\n\t\t\t\t\t\t\t\t<i class=\"fas fa-envelope\" aria-hidden=\"true\"><\/i>\t\t\t\t\t\t\t<\/span>\n\t\t\t\t\t\t\t\t\t\t\t\t\t\t\t\t\t\t\t\t<\/div>\n\t\t\t\t\t<\/div>\n\t\t\t\t\t\t\t\t\t<div class=\"elementor-grid-item\" role=\"listitem\">\n\t\t\t\t\t\t<div class=\"elementor-share-btn elementor-share-btn_linkedin\" role=\"button\" tabindex=\"0\" aria-label=\"Partager sur linkedin\">\n\t\t\t\t\t\t\t\t\t\t\t\t\t\t\t<span class=\"elementor-share-btn__icon\">\n\t\t\t\t\t\t\t\t<i class=\"fab fa-linkedin\" aria-hidden=\"true\"><\/i>\t\t\t\t\t\t\t<\/span>\n\t\t\t\t\t\t\t\t\t\t\t\t\t\t\t\t\t\t\t\t<\/div>\n\t\t\t\t\t<\/div>\n\t\t\t\t\t\t\t\t\t<div class=\"elementor-grid-item\" role=\"listitem\">\n\t\t\t\t\t\t<div class=\"elementor-share-btn elementor-share-btn_twitter\" role=\"button\" tabindex=\"0\" aria-label=\"Partager sur twitter\">\n\t\t\t\t\t\t\t\t\t\t\t\t\t\t\t<span class=\"elementor-share-btn__icon\">\n\t\t\t\t\t\t\t\t<i class=\"fab fa-twitter\" aria-hidden=\"true\"><\/i>\t\t\t\t\t\t\t<\/span>\n\t\t\t\t\t\t\t\t\t\t\t\t\t\t\t\t\t\t\t\t<\/div>\n\t\t\t\t\t<\/div>\n\t\t\t\t\t\t\t\t\t<div class=\"elementor-grid-item\" role=\"listitem\">\n\t\t\t\t\t\t<div class=\"elementor-share-btn elementor-share-btn_facebook\" role=\"button\" tabindex=\"0\" aria-label=\"Partager sur facebook\">\n\t\t\t\t\t\t\t\t\t\t\t\t\t\t\t<span class=\"elementor-share-btn__icon\">\n\t\t\t\t\t\t\t\t<i class=\"fab fa-facebook\" aria-hidden=\"true\"><\/i>\t\t\t\t\t\t\t<\/span>\n\t\t\t\t\t\t\t\t\t\t\t\t\t\t\t\t\t\t\t\t<\/div>\n\t\t\t\t\t<\/div>\n\t\t\t\t\t\t\t\t\t<div class=\"elementor-grid-item\" role=\"listitem\">\n\t\t\t\t\t\t<div class=\"elementor-share-btn elementor-share-btn_print\" role=\"button\" tabindex=\"0\" aria-label=\"Partager sur print\">\n\t\t\t\t\t\t\t\t\t\t\t\t\t\t\t<span class=\"elementor-share-btn__icon\">\n\t\t\t\t\t\t\t\t<i class=\"fas fa-print\" aria-hidden=\"true\"><\/i>\t\t\t\t\t\t\t<\/span>\n\t\t\t\t\t\t\t\t\t\t\t\t\t\t\t\t\t\t\t\t<\/div>\n\t\t\t\t\t<\/div>\n\t\t\t\t\t\t<\/div>\n\t\t\t\t\t\t<\/div>\n\t\t\t\t<\/div>\n\t\t\t\t\t<\/div>\n\t\t<\/div>\n\t\t\t\t\t<\/div>\n\t\t<\/aside>\n\t\t\t\t<aside class=\"elementor-section elementor-top-section elementor-element elementor-element-030b571 mti-blog-grid single-post-bottom elementor-section-boxed elementor-section-height-default elementor-section-height-default default-style elementor-invisible\" data-id=\"030b571\" data-element_type=\"section\" data-e-type=\"section\" id=\"mti-blog-grid\" data-settings=\"{&quot;animation&quot;:&quot;fadeIn&quot;,&quot;rt_color_sets&quot;:&quot;default-style&quot;}\">\n\t\t\t\t\t\t<div class=\"elementor-container elementor-column-gap-default\">\n\t\t\t\t\t<div class=\"elementor-column elementor-col-100 elementor-top-column elementor-element elementor-element-dbe2e0f\" data-id=\"dbe2e0f\" data-element_type=\"column\" data-e-type=\"column\">\n\t\t\t<div class=\"elementor-widget-wrap elementor-element-populated\">\n\t\t\t\t\t\t<div class=\"elementor-element elementor-element-9e78f33 elementor-widget elementor-widget-heading\" data-id=\"9e78f33\" data-element_type=\"widget\" data-e-type=\"widget\" data-widget_type=\"heading.default\">\n\t\t\t\t<div class=\"elementor-widget-container\">\n\t\t\t\t\t<h3 class=\"elementor-heading-title elementor-size-default\">A lire aussi:<\/h3>\t\t\t\t<\/div>\n\t\t\t\t<\/div>\n\t\t\t\t<div class=\"elementor-element elementor-element-36baec8 elementor-widget elementor-widget-lae-posts-carousel\" data-id=\"36baec8\" data-element_type=\"widget\" data-e-type=\"widget\" data-widget_type=\"lae-posts-carousel.default\">\n\t\t\t\t<div class=\"elementor-widget-container\">\n\t\t\t\t\t\n<div        id=\"lae-posts-carousel-69f3f0e029ee8\"\n        class=\"lae-posts-carousel lae-container lae-classic-skin\"\n        data-settings='{&quot;arrows&quot;:false,&quot;dots&quot;:true,&quot;autoplay&quot;:false,&quot;autoplay_speed&quot;:3000,&quot;animation_speed&quot;:300,&quot;pause_on_hover&quot;:true,&quot;adaptive_height&quot;:false,&quot;display_columns&quot;:4,&quot;scroll_columns&quot;:3,&quot;gutter&quot;:10,&quot;tablet_width&quot;:800,&quot;tablet_display_columns&quot;:2,&quot;tablet_scroll_columns&quot;:2,&quot;tablet_gutter&quot;:10,&quot;mobile_width&quot;:480,&quot;mobile_display_columns&quot;:1,&quot;mobile_scroll_columns&quot;:1,&quot;mobile_gutter&quot;:10}'>\n<div data-id=\"id-66938\" class=\"lae-posts-carousel-item\">\n\n    <article id=\"post-66938\" class=\"post-66938 post type-post status-publish format-standard has-post-thumbnail hentry category-operations tag-aerien tag-international tag-maritime cibles-une cibles-aerien cibles-maritime\">\n\n        \n            \n            \n            \n                <div class=\"lae-project-image\">\n\n                    \n                    \n                    \n                        <a href=\"https:\/\/www.mathezfreight.com\/fr\/blog\/crise-golfe-transports-sitrep\/\"><img decoding=\"async\" width=\"375\" height=\"250\" src=\"https:\/\/www.mathezfreight.com\/wp-content\/uploads\/photo-golfe-transports-sitrep-375x250.jpg\" class=\"lae-image attachment-mti-medium-classic size-mti-medium-classic\" alt=\"Situation des transports de marchandises transitant par le Golfe persan\" title=\"Transports de marchandises Golfe persique Sitrep 2026\" srcset=\"https:\/\/www.mathezfreight.com\/wp-content\/uploads\/photo-golfe-transports-sitrep-375x250.jpg 375w, https:\/\/www.mathezfreight.com\/wp-content\/uploads\/photo-golfe-transports-sitrep-600x400.jpg 600w, https:\/\/www.mathezfreight.com\/wp-content\/uploads\/photo-golfe-transports-sitrep-1100x733.jpg 1100w, https:\/\/www.mathezfreight.com\/wp-content\/uploads\/photo-golfe-transports-sitrep-768x512.jpg 768w, https:\/\/www.mathezfreight.com\/wp-content\/uploads\/photo-golfe-transports-sitrep-274x183.jpg 274w, https:\/\/www.mathezfreight.com\/wp-content\/uploads\/photo-golfe-transports-sitrep-1200x800.jpg 1200w, https:\/\/www.mathezfreight.com\/wp-content\/uploads\/photo-golfe-transports-sitrep-610x406.jpg 610w, https:\/\/www.mathezfreight.com\/wp-content\/uploads\/photo-golfe-transports-sitrep.jpg 1220w\" sizes=\"(max-width: 375px) 100vw, 375px\" \/><\/a>\n\n                    \n                    \n                        <div class=\"lae-image-info\">\n\n                            <div class=\"lae-entry-info\">\n\n                                \n                                    <h3 class=\"lae-post-title\">\n\n                                        <a href=\"https:\/\/www.mathezfreight.com\/fr\/blog\/crise-golfe-transports-sitrep\/\" title=\"Transports de marchandises via le Golfe persique: rapport de situation\"\n                                           rel=\"bookmark\">Transports de marchandises via le Golfe persique: rapport de situation<\/a>\n\n                                    <\/h3>\n\n                                \n                                \n                                    <span class=\"lae-terms\"><a href=\"https:\/\/www.mathezfreight.com\/fr\/blog\/categorie\/operations\/\">Op\u00e9rations<\/a><\/span>\n                                \n                            <\/div>\n\n                        <\/div><!-- .lae-image-info -->\n\n                    \n                <\/div>\n\n            \n            \n                <div class=\"lae-entry-text-wrap \">\n\n                    \n                        <h3 class=\"entry-title\">\n\n                            <a href=\"https:\/\/www.mathezfreight.com\/fr\/blog\/crise-golfe-transports-sitrep\/\" title=\"Transports de marchandises via le Golfe persique: rapport de situation\"\n                               rel=\"bookmark\">Transports de marchandises via le Golfe persique: rapport de situation<\/a>\n\n                        <\/h3>\n\n                    \n                    \n                    \n                    \n                <\/div>\n\n            \n        \n    <\/article><!-- .hentry -->\n\n<\/div><!-- .lae-posts-carousel-item -->\n<div data-id=\"id-66679\" class=\"lae-posts-carousel-item\">\n\n    <article id=\"post-66679\" class=\"post-66679 post type-post status-publish format-standard has-post-thumbnail hentry category-operations tag-aerien tag-international tag-maritime cibles-une cibles-aerien cibles-maritime\">\n\n        \n            \n            \n            \n                <div class=\"lae-project-image\">\n\n                    \n                    \n                    \n                        <a href=\"https:\/\/www.mathezfreight.com\/fr\/blog\/crise-moyen-orient-2026-transport-marchandises\/\"><img decoding=\"async\" width=\"375\" height=\"250\" src=\"https:\/\/www.mathezfreight.com\/wp-content\/uploads\/photo-moyen-orient-1-375x250.jpg\" class=\"lae-image attachment-mti-medium-classic size-mti-medium-classic\" alt=\"photo-moyen-orient\" title=\"photo-moyen-orient\" srcset=\"https:\/\/www.mathezfreight.com\/wp-content\/uploads\/photo-moyen-orient-1-375x250.jpg 375w, https:\/\/www.mathezfreight.com\/wp-content\/uploads\/photo-moyen-orient-1-274x183.jpg 274w\" sizes=\"(max-width: 375px) 100vw, 375px\" \/><\/a>\n\n                    \n                    \n                        <div class=\"lae-image-info\">\n\n                            <div class=\"lae-entry-info\">\n\n                                \n                                    <h3 class=\"lae-post-title\">\n\n                                        <a href=\"https:\/\/www.mathezfreight.com\/fr\/blog\/crise-moyen-orient-2026-transport-marchandises\/\" title=\"Crise au Moyen-Orient 2026: impacts sur le transport de marchandises et conseils aux chargeurs\"\n                                           rel=\"bookmark\">Crise au Moyen-Orient 2026: impacts sur le transport de marchandises et conseils aux chargeurs<\/a>\n\n                                    <\/h3>\n\n                                \n                                \n                                    <span class=\"lae-terms\"><a href=\"https:\/\/www.mathezfreight.com\/fr\/blog\/categorie\/operations\/\">Op\u00e9rations<\/a><\/span>\n                                \n                            <\/div>\n\n                        <\/div><!-- .lae-image-info -->\n\n                    \n                <\/div>\n\n            \n            \n                <div class=\"lae-entry-text-wrap \">\n\n                    \n                        <h3 class=\"entry-title\">\n\n                            <a href=\"https:\/\/www.mathezfreight.com\/fr\/blog\/crise-moyen-orient-2026-transport-marchandises\/\" title=\"Crise au Moyen-Orient 2026: impacts sur le transport de marchandises et conseils aux chargeurs\"\n                               rel=\"bookmark\">Crise au Moyen-Orient 2026: impacts sur le transport de marchandises et conseils aux chargeurs<\/a>\n\n                        <\/h3>\n\n                    \n                    \n                    \n                    \n                <\/div>\n\n            \n        \n    <\/article><!-- .hentry -->\n\n<\/div><!-- .lae-posts-carousel-item -->\n<div data-id=\"id-66393\" class=\"lae-posts-carousel-item\">\n\n    <article id=\"post-66393\" class=\"post-66393 post type-post status-publish format-standard has-post-thumbnail hentry category-presse category-operations tag-aerien tag-chine tag-maritime cibles-import cibles-maritime\">\n\n        \n            \n            \n            \n                <div class=\"lae-project-image\">\n\n                    \n                    \n                    \n                        <a href=\"https:\/\/www.mathezfreight.com\/fr\/blog\/nouvel-an-chinois-transports\/\"><img decoding=\"async\" width=\"375\" height=\"250\" src=\"https:\/\/www.mathezfreight.com\/wp-content\/uploads\/photo-journal-depositphotos_326235320_L-375x250.jpg\" class=\"lae-image attachment-mti-medium-classic size-mti-medium-classic\" alt=\"MATHEZ FREIGHT dans la presse\" title=\"MATHEZ FREIGHT dans la presse\" srcset=\"https:\/\/www.mathezfreight.com\/wp-content\/uploads\/photo-journal-depositphotos_326235320_L-375x250.jpg 375w, https:\/\/www.mathezfreight.com\/wp-content\/uploads\/photo-journal-depositphotos_326235320_L-274x183.jpg 274w\" sizes=\"(max-width: 375px) 100vw, 375px\" \/><\/a>\n\n                    \n                    \n                        <div class=\"lae-image-info\">\n\n                            <div class=\"lae-entry-info\">\n\n                                \n                                    <h3 class=\"lae-post-title\">\n\n                                        <a href=\"https:\/\/www.mathezfreight.com\/fr\/blog\/nouvel-an-chinois-transports\/\" title=\"Nouvel An Chinois: Les Impacts sur les Transports des Entreprises\"\n                                           rel=\"bookmark\">Nouvel An Chinois: Les Impacts sur les Transports des Entreprises<\/a>\n\n                                    <\/h3>\n\n                                \n                                \n                                    <span class=\"lae-terms\"><a href=\"https:\/\/www.mathezfreight.com\/fr\/blog\/categorie\/presse\/\">Dans la presse<\/a>, <a href=\"https:\/\/www.mathezfreight.com\/fr\/blog\/categorie\/operations\/\">Op\u00e9rations<\/a><\/span>\n                                \n                            <\/div>\n\n                        <\/div><!-- .lae-image-info -->\n\n                    \n                <\/div>\n\n            \n            \n                <div class=\"lae-entry-text-wrap \">\n\n                    \n                        <h3 class=\"entry-title\">\n\n                            <a href=\"https:\/\/www.mathezfreight.com\/fr\/blog\/nouvel-an-chinois-transports\/\" title=\"Nouvel An Chinois: Les Impacts sur les Transports des Entreprises\"\n                               rel=\"bookmark\">Nouvel An Chinois: Les Impacts sur les Transports des Entreprises<\/a>\n\n                        <\/h3>\n\n                    \n                    \n                    \n                    \n                <\/div>\n\n            \n        \n    <\/article><!-- .hentry -->\n\n<\/div><!-- .lae-posts-carousel-item -->\n<div data-id=\"id-53358\" class=\"lae-posts-carousel-item\">\n\n    <article id=\"post-53358\" class=\"post-53358 post type-post status-publish format-standard has-post-thumbnail hentry category-fret-mode-demploi tag-international tag-maritime tag-turquie cibles-aerien cibles-agences-sud cibles-douane cibles-import cibles-maritime\">\n\n        \n            \n            \n            \n                <div class=\"lae-project-image\">\n\n                    \n                    \n                    \n                        <a href=\"https:\/\/www.mathezfreight.com\/fr\/blog\/turquie-import-export-transport-formalites-douanieres\/\"><img decoding=\"async\" width=\"375\" height=\"250\" src=\"https:\/\/www.mathezfreight.com\/wp-content\/uploads\/photo-turquie-depositphotos_163574358_xl-375x250.jpg\" class=\"lae-image attachment-mti-medium-classic size-mti-medium-classic\" alt=\"Import Export Turquie\" title=\"Import Export Turquie\" srcset=\"https:\/\/www.mathezfreight.com\/wp-content\/uploads\/photo-turquie-depositphotos_163574358_xl-375x250.jpg 375w, https:\/\/www.mathezfreight.com\/wp-content\/uploads\/photo-turquie-depositphotos_163574358_xl-600x398.jpg 600w, https:\/\/www.mathezfreight.com\/wp-content\/uploads\/photo-turquie-depositphotos_163574358_xl-1100x730.jpg 1100w, https:\/\/www.mathezfreight.com\/wp-content\/uploads\/photo-turquie-depositphotos_163574358_xl-768x510.jpg 768w, https:\/\/www.mathezfreight.com\/wp-content\/uploads\/photo-turquie-depositphotos_163574358_xl-274x183.jpg 274w, https:\/\/www.mathezfreight.com\/wp-content\/uploads\/photo-turquie-depositphotos_163574358_xl-1200x800.jpg 1200w, https:\/\/www.mathezfreight.com\/wp-content\/uploads\/photo-turquie-depositphotos_163574358_xl-25x17.jpg 25w, https:\/\/www.mathezfreight.com\/wp-content\/uploads\/photo-turquie-depositphotos_163574358_xl-68x45.jpg 68w, https:\/\/www.mathezfreight.com\/wp-content\/uploads\/photo-turquie-depositphotos_163574358_xl-900x598.jpg 900w, https:\/\/www.mathezfreight.com\/wp-content\/uploads\/photo-turquie-depositphotos_163574358_xl.jpg 1220w\" sizes=\"(max-width: 375px) 100vw, 375px\" \/><\/a>\n\n                    \n                    \n                        <div class=\"lae-image-info\">\n\n                            <div class=\"lae-entry-info\">\n\n                                \n                                    <h3 class=\"lae-post-title\">\n\n                                        <a href=\"https:\/\/www.mathezfreight.com\/fr\/blog\/turquie-import-export-transport-formalites-douanieres\/\" title=\"Turquie : Import \/ export, transport &#038; formalit\u00e9s douani\u00e8res en 2026\"\n                                           rel=\"bookmark\">Turquie : Import \/ export, transport &#038; formalit\u00e9s douani\u00e8res en 2026<\/a>\n\n                                    <\/h3>\n\n                                \n                                \n                                    <span class=\"lae-terms\"><a href=\"https:\/\/www.mathezfreight.com\/fr\/blog\/categorie\/fret-mode-demploi\/\">Fret Mode d'Emploi<\/a><\/span>\n                                \n                            <\/div>\n\n                        <\/div><!-- .lae-image-info -->\n\n                    \n                <\/div>\n\n            \n            \n                <div class=\"lae-entry-text-wrap \">\n\n                    \n                        <h3 class=\"entry-title\">\n\n                            <a href=\"https:\/\/www.mathezfreight.com\/fr\/blog\/turquie-import-export-transport-formalites-douanieres\/\" title=\"Turquie : Import \/ export, transport &#038; formalit\u00e9s douani\u00e8res en 2026\"\n                               rel=\"bookmark\">Turquie : Import \/ export, transport &#038; formalit\u00e9s douani\u00e8res en 2026<\/a>\n\n                        <\/h3>\n\n                    \n                    \n                    \n                    \n                <\/div>\n\n            \n        \n    <\/article><!-- .hentry -->\n\n<\/div><!-- .lae-posts-carousel-item -->\n<div data-id=\"id-57842\" class=\"lae-posts-carousel-item\">\n\n    <article id=\"post-57842\" class=\"post-57842 post type-post status-publish format-standard has-post-thumbnail hentry category-operations tag-international tag-maritime cibles-import cibles-maritime\">\n\n        \n            \n            \n            \n                <div class=\"lae-project-image\">\n\n                    \n                    \n                    \n                        <a href=\"https:\/\/www.mathezfreight.com\/fr\/blog\/greves-ports-france\/\"><img decoding=\"async\" width=\"375\" height=\"250\" src=\"https:\/\/www.mathezfreight.com\/wp-content\/uploads\/photo-ports-greves-375x250.jpg\" class=\"lae-image attachment-mti-medium-classic size-mti-medium-classic\" alt=\"Gr\u00e8ves dans les ports fran\u00e7ais\" title=\"Gr\u00e8ves dans les ports fran\u00e7ais\" srcset=\"https:\/\/www.mathezfreight.com\/wp-content\/uploads\/photo-ports-greves-375x250.jpg 375w, https:\/\/www.mathezfreight.com\/wp-content\/uploads\/photo-ports-greves-274x183.jpg 274w, https:\/\/www.mathezfreight.com\/wp-content\/uploads\/photo-ports-greves-1200x800.jpg 1200w, https:\/\/www.mathezfreight.com\/wp-content\/uploads\/photo-ports-greves-25x18.jpg 25w, https:\/\/www.mathezfreight.com\/wp-content\/uploads\/photo-ports-greves-800x533.jpg 800w\" sizes=\"(max-width: 375px) 100vw, 375px\" \/><\/a>\n\n                    \n                    \n                        <div class=\"lae-image-info\">\n\n                            <div class=\"lae-entry-info\">\n\n                                \n                                    <h3 class=\"lae-post-title\">\n\n                                        <a href=\"https:\/\/www.mathezfreight.com\/fr\/blog\/greves-ports-france\/\" title=\"Gr\u00e8ves dans les ports fran\u00e7ais &#8211; ce que les entreprises doivent savoir\"\n                                           rel=\"bookmark\">Gr\u00e8ves dans les ports fran\u00e7ais &#8211; ce que les entreprises doivent savoir<\/a>\n\n                                    <\/h3>\n\n                                \n                                \n                                    <span class=\"lae-terms\"><a href=\"https:\/\/www.mathezfreight.com\/fr\/blog\/categorie\/operations\/\">Op\u00e9rations<\/a><\/span>\n                                \n                            <\/div>\n\n                        <\/div><!-- .lae-image-info -->\n\n                    \n                <\/div>\n\n            \n            \n                <div class=\"lae-entry-text-wrap \">\n\n                    \n                        <h3 class=\"entry-title\">\n\n                            <a href=\"https:\/\/www.mathezfreight.com\/fr\/blog\/greves-ports-france\/\" title=\"Gr\u00e8ves dans les ports fran\u00e7ais &#8211; ce que les entreprises doivent savoir\"\n                               rel=\"bookmark\">Gr\u00e8ves dans les ports fran\u00e7ais &#8211; ce que les entreprises doivent savoir<\/a>\n\n                        <\/h3>\n\n                    \n                    \n                    \n                    \n                <\/div>\n\n            \n        \n    <\/article><!-- .hentry -->\n\n<\/div><!-- .lae-posts-carousel-item -->\n<div data-id=\"id-58283\" class=\"lae-posts-carousel-item\">\n\n    <article id=\"post-58283\" class=\"post-58283 post type-post status-publish format-standard has-post-thumbnail hentry category-operations tag-hors-gabarit tag-maritime tag-transport-voitures tag-turquie cibles-agences-sud cibles-import cibles-maritime cibles-voitures\">\n\n        \n            \n            \n            \n                <div class=\"lae-project-image\">\n\n                    \n                    \n                    \n                        <a href=\"https:\/\/www.mathezfreight.com\/fr\/blog\/import-tiny-houses-turquie\/\"><img decoding=\"async\" width=\"375\" height=\"250\" src=\"https:\/\/www.mathezfreight.com\/wp-content\/uploads\/photo_tiny_house_turquie_1220-375x250.jpg\" class=\"lae-image attachment-mti-medium-classic size-mti-medium-classic\" alt=\"photo_tiny_house_turquie_1220\" title=\"photo_tiny_house_turquie_1220\" srcset=\"https:\/\/www.mathezfreight.com\/wp-content\/uploads\/photo_tiny_house_turquie_1220-375x250.jpg 375w, https:\/\/www.mathezfreight.com\/wp-content\/uploads\/photo_tiny_house_turquie_1220-274x183.jpg 274w\" sizes=\"(max-width: 375px) 100vw, 375px\" \/><\/a>\n\n                    \n                    \n                        <div class=\"lae-image-info\">\n\n                            <div class=\"lae-entry-info\">\n\n                                \n                                    <h3 class=\"lae-post-title\">\n\n                                        <a href=\"https:\/\/www.mathezfreight.com\/fr\/blog\/import-tiny-houses-turquie\/\" title=\"Import de tiny houses depuis la Turquie : un transport sur mesure\"\n                                           rel=\"bookmark\">Import de tiny houses depuis la Turquie : un transport sur mesure<\/a>\n\n                                    <\/h3>\n\n                                \n                                \n                                    <span class=\"lae-terms\"><a href=\"https:\/\/www.mathezfreight.com\/fr\/blog\/categorie\/operations\/\">Op\u00e9rations<\/a><\/span>\n                                \n                            <\/div>\n\n                        <\/div><!-- .lae-image-info -->\n\n                    \n                <\/div>\n\n            \n            \n                <div class=\"lae-entry-text-wrap \">\n\n                    \n                        <h3 class=\"entry-title\">\n\n                            <a href=\"https:\/\/www.mathezfreight.com\/fr\/blog\/import-tiny-houses-turquie\/\" title=\"Import de tiny houses depuis la Turquie : un transport sur mesure\"\n                               rel=\"bookmark\">Import de tiny houses depuis la Turquie : un transport sur mesure<\/a>\n\n                        <\/h3>\n\n                    \n                    \n                    \n                    \n                <\/div>\n\n            \n        \n    <\/article><!-- .hentry -->\n\n<\/div><!-- .lae-posts-carousel-item -->\n<div data-id=\"id-56274\" class=\"lae-posts-carousel-item\">\n\n    <article id=\"post-56274\" class=\"post-56274 post type-post status-publish format-standard has-post-thumbnail hentry category-operations tag-hors-gabarit tag-maritime tag-shipping tag-turquie cibles-agences cibles-agent-maritime cibles-maritime cibles-yachts\">\n\n        \n            \n            \n            \n                <div class=\"lae-project-image\">\n\n                    \n                    \n                    \n                        <a href=\"https:\/\/www.mathezfreight.com\/fr\/blog\/comment-transporter-un-bateau-en-bateau\/\"><img decoding=\"async\" width=\"375\" height=\"250\" src=\"https:\/\/www.mathezfreight.com\/wp-content\/uploads\/photo-transport-bateau-flat-rack-375x250.jpg\" class=\"lae-image attachment-mti-medium-classic size-mti-medium-classic\" alt=\"Transport de bateau en flat rack sur cargo\" title=\"Transport de bateau en flat rack sur cargo\" srcset=\"https:\/\/www.mathezfreight.com\/wp-content\/uploads\/photo-transport-bateau-flat-rack-375x250.jpg 375w, https:\/\/www.mathezfreight.com\/wp-content\/uploads\/photo-transport-bateau-flat-rack-274x183.jpg 274w, https:\/\/www.mathezfreight.com\/wp-content\/uploads\/photo-transport-bateau-flat-rack-1200x800.jpg 1200w, https:\/\/www.mathezfreight.com\/wp-content\/uploads\/photo-transport-bateau-flat-rack-800x533.jpg 800w\" sizes=\"(max-width: 375px) 100vw, 375px\" \/><\/a>\n\n                    \n                    \n                        <div class=\"lae-image-info\">\n\n                            <div class=\"lae-entry-info\">\n\n                                \n                                    <h3 class=\"lae-post-title\">\n\n                                        <a href=\"https:\/\/www.mathezfreight.com\/fr\/blog\/comment-transporter-un-bateau-en-bateau\/\" title=\"Comment transporter un bateau en bateau?\"\n                                           rel=\"bookmark\">Comment transporter un bateau en bateau?<\/a>\n\n                                    <\/h3>\n\n                                \n                                \n                                    <span class=\"lae-terms\"><a href=\"https:\/\/www.mathezfreight.com\/fr\/blog\/categorie\/operations\/\">Op\u00e9rations<\/a><\/span>\n                                \n                            <\/div>\n\n                        <\/div><!-- .lae-image-info -->\n\n                    \n                <\/div>\n\n            \n            \n                <div class=\"lae-entry-text-wrap \">\n\n                    \n                        <h3 class=\"entry-title\">\n\n                            <a href=\"https:\/\/www.mathezfreight.com\/fr\/blog\/comment-transporter-un-bateau-en-bateau\/\" title=\"Comment transporter un bateau en bateau?\"\n                               rel=\"bookmark\">Comment transporter un bateau en bateau?<\/a>\n\n                        <\/h3>\n\n                    \n                    \n                    \n                    \n                <\/div>\n\n            \n        \n    <\/article><!-- .hentry -->\n\n<\/div><!-- .lae-posts-carousel-item -->\n<div data-id=\"id-53932\" class=\"lae-posts-carousel-item\">\n\n    <article id=\"post-53932\" class=\"post-53932 post type-post status-publish format-standard has-post-thumbnail hentry category-corporate category-operations tag-international tag-maritime tag-turquie cibles-agences cibles-agences-sud cibles-import cibles-maritime\">\n\n        \n            \n            \n            \n                <div class=\"lae-project-image\">\n\n                    \n                    \n                    \n                        <a href=\"https:\/\/www.mathezfreight.com\/fr\/blog\/transitaire-france-turquie-mathez-freight-ouvre-a-sete\/\"><img decoding=\"async\" width=\"375\" height=\"250\" src=\"https:\/\/www.mathezfreight.com\/wp-content\/uploads\/photo-sete-depositphotos_475558070_XL-375x250.jpg\" class=\"lae-image attachment-mti-medium-classic size-mti-medium-classic\" alt=\"Transitaire Port de S\u00e8te\" title=\"Transitaire Port de S\u00e8te\" srcset=\"https:\/\/www.mathezfreight.com\/wp-content\/uploads\/photo-sete-depositphotos_475558070_XL-375x250.jpg 375w, https:\/\/www.mathezfreight.com\/wp-content\/uploads\/photo-sete-depositphotos_475558070_XL-274x183.jpg 274w\" sizes=\"(max-width: 375px) 100vw, 375px\" \/><\/a>\n\n                    \n                    \n                        <div class=\"lae-image-info\">\n\n                            <div class=\"lae-entry-info\">\n\n                                \n                                    <h3 class=\"lae-post-title\">\n\n                                        <a href=\"https:\/\/www.mathezfreight.com\/fr\/blog\/transitaire-france-turquie-mathez-freight-ouvre-a-sete\/\" title=\"Transitaire France-Turquie: MATHEZ FREIGHT ouvre \u00e0 S\u00e8te\"\n                                           rel=\"bookmark\">Transitaire France-Turquie: MATHEZ FREIGHT ouvre \u00e0 S\u00e8te<\/a>\n\n                                    <\/h3>\n\n                                \n                                \n                                    <span class=\"lae-terms\"><a href=\"https:\/\/www.mathezfreight.com\/fr\/blog\/categorie\/corporate\/\">Corporate<\/a>, <a href=\"https:\/\/www.mathezfreight.com\/fr\/blog\/categorie\/operations\/\">Op\u00e9rations<\/a><\/span>\n                                \n                            <\/div>\n\n                        <\/div><!-- .lae-image-info -->\n\n                    \n                <\/div>\n\n            \n            \n                <div class=\"lae-entry-text-wrap \">\n\n                    \n                        <h3 class=\"entry-title\">\n\n                            <a href=\"https:\/\/www.mathezfreight.com\/fr\/blog\/transitaire-france-turquie-mathez-freight-ouvre-a-sete\/\" title=\"Transitaire France-Turquie: MATHEZ FREIGHT ouvre \u00e0 S\u00e8te\"\n                               rel=\"bookmark\">Transitaire France-Turquie: MATHEZ FREIGHT ouvre \u00e0 S\u00e8te<\/a>\n\n                        <\/h3>\n\n                    \n                    \n                    \n                    \n                <\/div>\n\n            \n        \n    <\/article><!-- .hentry -->\n\n<\/div><!-- .lae-posts-carousel-item -->\n<div data-id=\"id-51306\" class=\"lae-posts-carousel-item\">\n\n    <article id=\"post-51306\" class=\"post-51306 post type-post status-publish format-standard has-post-thumbnail hentry category-operations tag-maritime tag-prix-du-fret cibles-import cibles-maritime\">\n\n        \n            \n            \n            \n                <div class=\"lae-project-image\">\n\n                    \n                    \n                    \n                        <a href=\"https:\/\/www.mathezfreight.com\/fr\/blog\/attaques-en-mer-rouge-quelles-consequences-pour-les-chargeurs\/\"><img decoding=\"async\" width=\"375\" height=\"250\" src=\"https:\/\/www.mathezfreight.com\/wp-content\/uploads\/photo-mer-rouge-conteneur-depositphotos_105843692_L-375x250.jpg\" class=\"lae-image attachment-mti-medium-classic size-mti-medium-classic\" alt=\"Port on Red Sea rocky coast\" title=\"Ships moored on container terminal of port Aqaba, Red Sea, Jordan\" srcset=\"https:\/\/www.mathezfreight.com\/wp-content\/uploads\/photo-mer-rouge-conteneur-depositphotos_105843692_L-375x250.jpg 375w, https:\/\/www.mathezfreight.com\/wp-content\/uploads\/photo-mer-rouge-conteneur-depositphotos_105843692_L-274x183.jpg 274w\" sizes=\"(max-width: 375px) 100vw, 375px\" \/><\/a>\n\n                    \n                    \n                        <div class=\"lae-image-info\">\n\n                            <div class=\"lae-entry-info\">\n\n                                \n                                    <h3 class=\"lae-post-title\">\n\n                                        <a href=\"https:\/\/www.mathezfreight.com\/fr\/blog\/attaques-en-mer-rouge-quelles-consequences-pour-les-chargeurs\/\" title=\"Attaques en mer Rouge: quelles cons\u00e9quences pour les chargeurs?\"\n                                           rel=\"bookmark\">Attaques en mer Rouge: quelles cons\u00e9quences pour les chargeurs?<\/a>\n\n                                    <\/h3>\n\n                                \n                                \n                                    <span class=\"lae-terms\"><a href=\"https:\/\/www.mathezfreight.com\/fr\/blog\/categorie\/operations\/\">Op\u00e9rations<\/a><\/span>\n                                \n                            <\/div>\n\n                        <\/div><!-- .lae-image-info -->\n\n                    \n                <\/div>\n\n            \n            \n                <div class=\"lae-entry-text-wrap \">\n\n                    \n                        <h3 class=\"entry-title\">\n\n                            <a href=\"https:\/\/www.mathezfreight.com\/fr\/blog\/attaques-en-mer-rouge-quelles-consequences-pour-les-chargeurs\/\" title=\"Attaques en mer Rouge: quelles cons\u00e9quences pour les chargeurs?\"\n                               rel=\"bookmark\">Attaques en mer Rouge: quelles cons\u00e9quences pour les chargeurs?<\/a>\n\n                        <\/h3>\n\n                    \n                    \n                    \n                    \n                <\/div>\n\n            \n        \n    <\/article><!-- .hentry -->\n\n<\/div><!-- .lae-posts-carousel-item --><\/div><!-- .lae-posts-carousel -->\t\t\t\t<\/div>\n\t\t\t\t<\/div>\n\t\t\t\t\t<\/div>\n\t\t<\/div>\n\t\t\t\t\t<\/div>\n\t\t<\/aside>\n\t\t\t\t<\/div>\n\t\t","protected":false},"excerpt":{"rendered":"<p>En transport maritime, les surestaries ou frais de d\u00e9tention sur vos conteneurs peuvent peser tr\u00e8s lourd sur le co\u00fbt final. Prenez en compte ces 5 conseils pour les \u00e9viter.<\/p>\n","protected":false},"author":1,"featured_media":32012,"comment_status":"open","ping_status":"open","sticky":false,"template":"page-mti-a4.php","format":"standard","meta":{"iawp_total_views":510,"footnotes":""},"categories":[87],"tags":[131,128,217],"cibles":[180,160],"class_list":["post-32014","post","type-post","status-publish","format-standard","has-post-thumbnail","hentry","category-fret-mode-demploi","tag-douane","tag-maritime","tag-prix-du-fret","cibles-import","cibles-maritime"],"yoast_head":"<!-- This site is optimized with the Yoast SEO Premium plugin v27.4 (Yoast SEO v27.4) - https:\/\/yoast.com\/product\/yoast-seo-premium-wordpress\/ -->\n<title>5 conseils pour \u00e9viter les surestaries et frais de d\u00e9tention - MATHEZ FREIGHT<\/title>\n<meta name=\"description\" content=\"5 conseils pour \u00e9viter des frais de surestaries ou de d\u00e9tention des containers qui peuvent plomber vos vos transports maritimes.\" \/>\n<meta name=\"robots\" content=\"index, follow, max-snippet:-1, max-image-preview:large, max-video-preview:-1\" \/>\n<link rel=\"canonical\" href=\"https:\/\/www.mathezfreight.com\/fr\/blog\/eviter-surestaries-detention-containers\/\" \/>\n<meta property=\"og:locale\" content=\"fr_FR\" \/>\n<meta property=\"og:type\" content=\"article\" \/>\n<meta property=\"og:title\" content=\"5 conseils pour \u00e9viter les surestaries et frais de d\u00e9tention\" \/>\n<meta property=\"og:description\" content=\"5 conseils pour \u00e9viter des frais de surestaries ou de d\u00e9tention des containers qui peuvent plomber vos vos transports maritimes.\" \/>\n<meta property=\"og:url\" content=\"https:\/\/www.mathezfreight.com\/fr\/blog\/eviter-surestaries-detention-containers\/\" \/>\n<meta property=\"og:site_name\" content=\"MATHEZ FREIGHT\" \/>\n<meta property=\"article:publisher\" content=\"https:\/\/www.facebook.com\/MathezFreight\/\" \/>\n<meta property=\"article:published_time\" content=\"2019-11-18T14:44:11+00:00\" \/>\n<meta property=\"article:modified_time\" content=\"2020-11-03T20:45:07+00:00\" \/>\n<meta property=\"og:image\" content=\"https:\/\/www.mathezfreight.com\/wp-content\/uploads\/photo-containers-depositphotos.jpg\" \/>\n\t<meta property=\"og:image:width\" content=\"1220\" \/>\n\t<meta property=\"og:image:height\" content=\"813\" \/>\n\t<meta property=\"og:image:type\" content=\"image\/jpeg\" \/>\n<meta name=\"author\" content=\"Agnes\" \/>\n<meta name=\"twitter:card\" content=\"summary_large_image\" \/>\n<meta name=\"twitter:creator\" content=\"@MathezFreight\" \/>\n<meta name=\"twitter:site\" content=\"@MathezFreight\" \/>\n<meta name=\"twitter:label1\" content=\"\u00c9crit par\" \/>\n\t<meta name=\"twitter:data1\" content=\"Agnes\" \/>\n\t<meta name=\"twitter:label2\" content=\"Dur\u00e9e de lecture estim\u00e9e\" \/>\n\t<meta name=\"twitter:data2\" content=\"6 minutes\" \/>\n<script type=\"application\/ld+json\" class=\"yoast-schema-graph\">{\"@context\":\"https:\\\/\\\/schema.org\",\"@graph\":[{\"@type\":\"Article\",\"@id\":\"https:\\\/\\\/www.mathezfreight.com\\\/fr\\\/blog\\\/eviter-surestaries-detention-containers\\\/#article\",\"isPartOf\":{\"@id\":\"https:\\\/\\\/www.mathezfreight.com\\\/fr\\\/blog\\\/eviter-surestaries-detention-containers\\\/\"},\"author\":{\"name\":\"Agnes\",\"@id\":\"https:\\\/\\\/www.mathezfreight.com\\\/fr\\\/#\\\/schema\\\/person\\\/e3433d1aa11c0405311f7fbf4086fdf6\"},\"headline\":\"5 conseils pour \u00e9viter les surestaries et frais de d\u00e9tention\",\"datePublished\":\"2019-11-18T14:44:11+00:00\",\"dateModified\":\"2020-11-03T20:45:07+00:00\",\"mainEntityOfPage\":{\"@id\":\"https:\\\/\\\/www.mathezfreight.com\\\/fr\\\/blog\\\/eviter-surestaries-detention-containers\\\/\"},\"wordCount\":1272,\"commentCount\":0,\"publisher\":{\"@id\":\"https:\\\/\\\/www.mathezfreight.com\\\/fr\\\/#organization\"},\"image\":{\"@id\":\"https:\\\/\\\/www.mathezfreight.com\\\/fr\\\/blog\\\/eviter-surestaries-detention-containers\\\/#primaryimage\"},\"thumbnailUrl\":\"https:\\\/\\\/www.mathezfreight.com\\\/wp-content\\\/uploads\\\/photo-containers-depositphotos.jpg\",\"keywords\":[\"Douane\",\"Maritime\",\"Prix du Fret\"],\"articleSection\":[\"Fret Mode d'Emploi\"],\"inLanguage\":\"fr-FR\",\"potentialAction\":[{\"@type\":\"CommentAction\",\"name\":\"Comment\",\"target\":[\"https:\\\/\\\/www.mathezfreight.com\\\/fr\\\/blog\\\/eviter-surestaries-detention-containers\\\/#respond\"]}]},{\"@type\":\"WebPage\",\"@id\":\"https:\\\/\\\/www.mathezfreight.com\\\/fr\\\/blog\\\/eviter-surestaries-detention-containers\\\/\",\"url\":\"https:\\\/\\\/www.mathezfreight.com\\\/fr\\\/blog\\\/eviter-surestaries-detention-containers\\\/\",\"name\":\"5 conseils pour \u00e9viter les surestaries et frais de d\u00e9tention - MATHEZ FREIGHT\",\"isPartOf\":{\"@id\":\"https:\\\/\\\/www.mathezfreight.com\\\/fr\\\/#website\"},\"primaryImageOfPage\":{\"@id\":\"https:\\\/\\\/www.mathezfreight.com\\\/fr\\\/blog\\\/eviter-surestaries-detention-containers\\\/#primaryimage\"},\"image\":{\"@id\":\"https:\\\/\\\/www.mathezfreight.com\\\/fr\\\/blog\\\/eviter-surestaries-detention-containers\\\/#primaryimage\"},\"thumbnailUrl\":\"https:\\\/\\\/www.mathezfreight.com\\\/wp-content\\\/uploads\\\/photo-containers-depositphotos.jpg\",\"datePublished\":\"2019-11-18T14:44:11+00:00\",\"dateModified\":\"2020-11-03T20:45:07+00:00\",\"description\":\"5 conseils pour \u00e9viter des frais de surestaries ou de d\u00e9tention des containers qui peuvent plomber vos vos transports maritimes.\",\"breadcrumb\":{\"@id\":\"https:\\\/\\\/www.mathezfreight.com\\\/fr\\\/blog\\\/eviter-surestaries-detention-containers\\\/#breadcrumb\"},\"inLanguage\":\"fr-FR\",\"potentialAction\":[{\"@type\":\"ReadAction\",\"target\":[\"https:\\\/\\\/www.mathezfreight.com\\\/fr\\\/blog\\\/eviter-surestaries-detention-containers\\\/\"]}]},{\"@type\":\"ImageObject\",\"inLanguage\":\"fr-FR\",\"@id\":\"https:\\\/\\\/www.mathezfreight.com\\\/fr\\\/blog\\\/eviter-surestaries-detention-containers\\\/#primaryimage\",\"url\":\"https:\\\/\\\/www.mathezfreight.com\\\/wp-content\\\/uploads\\\/photo-containers-depositphotos.jpg\",\"contentUrl\":\"https:\\\/\\\/www.mathezfreight.com\\\/wp-content\\\/uploads\\\/photo-containers-depositphotos.jpg\",\"width\":1220,\"height\":813,\"caption\":\"Surestaries et frais de d\u00e9tention des containers sur le port\"},{\"@type\":\"BreadcrumbList\",\"@id\":\"https:\\\/\\\/www.mathezfreight.com\\\/fr\\\/blog\\\/eviter-surestaries-detention-containers\\\/#breadcrumb\",\"itemListElement\":[{\"@type\":\"ListItem\",\"position\":1,\"name\":\"Home\",\"item\":\"https:\\\/\\\/www.mathezfreight.com\\\/fr\\\/\"},{\"@type\":\"ListItem\",\"position\":2,\"name\":\"Fret Mode d'Emploi\",\"item\":\"https:\\\/\\\/www.mathezfreight.com\\\/fr\\\/blog\\\/categorie\\\/fret-mode-demploi\\\/\"},{\"@type\":\"ListItem\",\"position\":3,\"name\":\"5 conseils pour \u00e9viter les surestaries et frais de d\u00e9tention\"}]},{\"@type\":\"WebSite\",\"@id\":\"https:\\\/\\\/www.mathezfreight.com\\\/fr\\\/#website\",\"url\":\"https:\\\/\\\/www.mathezfreight.com\\\/fr\\\/\",\"name\":\"MATHEZ FREIGHT\",\"description\":\"Solutions transport sur mesure, suivies, efficaces\",\"publisher\":{\"@id\":\"https:\\\/\\\/www.mathezfreight.com\\\/fr\\\/#organization\"},\"alternateName\":\"MATHEZ TRANSPORTS INTERNATIONAUX\",\"potentialAction\":[{\"@type\":\"SearchAction\",\"target\":{\"@type\":\"EntryPoint\",\"urlTemplate\":\"https:\\\/\\\/www.mathezfreight.com\\\/fr\\\/?s={search_term_string}\"},\"query-input\":{\"@type\":\"PropertyValueSpecification\",\"valueRequired\":true,\"valueName\":\"search_term_string\"}}],\"inLanguage\":\"fr-FR\"},{\"@type\":\"Organization\",\"@id\":\"https:\\\/\\\/www.mathezfreight.com\\\/fr\\\/#organization\",\"name\":\"MATHEZ FREIGHT\",\"alternateName\":\"MATHEZ TRANSPORTS INTERNATIONAUX\",\"url\":\"https:\\\/\\\/www.mathezfreight.com\\\/fr\\\/\",\"logo\":{\"@type\":\"ImageObject\",\"inLanguage\":\"fr-FR\",\"@id\":\"https:\\\/\\\/www.mathezfreight.com\\\/fr\\\/#\\\/schema\\\/logo\\\/image\\\/\",\"url\":\"https:\\\/\\\/www.mathezfreight.com\\\/wp-content\\\/uploads\\\/logo-mathez-freight-400pxw.png\",\"contentUrl\":\"https:\\\/\\\/www.mathezfreight.com\\\/wp-content\\\/uploads\\\/logo-mathez-freight-400pxw.png\",\"width\":400,\"height\":136,\"caption\":\"MATHEZ FREIGHT\"},\"image\":{\"@id\":\"https:\\\/\\\/www.mathezfreight.com\\\/fr\\\/#\\\/schema\\\/logo\\\/image\\\/\"},\"sameAs\":[\"https:\\\/\\\/www.facebook.com\\\/MathezFreight\\\/\",\"https:\\\/\\\/x.com\\\/MathezFreight\",\"https:\\\/\\\/www.linkedin.com\\\/company\\\/mathezfreight\\\/\"],\"description\":\"Transitaire fran\u00e7ais, organisateur de transport international: fret a\u00e9rien, fret maritime, commissionnaire en douane agr\u00e9\u00e9 OEA-Full. 17 agences en France sur tous les principaux ports et a\u00e9roports.\",\"email\":\"web@mathezfreight.com\",\"telephone\":\"+33.497257825\",\"legalName\":\"MATHEZ TRANSPORTS INTERNATIONAUX\",\"foundingDate\":\"1950-01-01\",\"numberOfEmployees\":{\"@type\":\"QuantitativeValue\",\"minValue\":\"51\",\"maxValue\":\"200\"}},{\"@type\":\"Person\",\"@id\":\"https:\\\/\\\/www.mathezfreight.com\\\/fr\\\/#\\\/schema\\\/person\\\/e3433d1aa11c0405311f7fbf4086fdf6\",\"name\":\"Agnes\"}]}<\/script>\n<!-- \/ Yoast SEO Premium plugin. -->","yoast_head_json":{"title":"5 conseils pour \u00e9viter les surestaries et frais de d\u00e9tention - MATHEZ FREIGHT","description":"5 conseils pour \u00e9viter des frais de surestaries ou de d\u00e9tention des containers qui peuvent plomber vos vos transports maritimes.","robots":{"index":"index","follow":"follow","max-snippet":"max-snippet:-1","max-image-preview":"max-image-preview:large","max-video-preview":"max-video-preview:-1"},"canonical":"https:\/\/www.mathezfreight.com\/fr\/blog\/eviter-surestaries-detention-containers\/","og_locale":"fr_FR","og_type":"article","og_title":"5 conseils pour \u00e9viter les surestaries et frais de d\u00e9tention","og_description":"5 conseils pour \u00e9viter des frais de surestaries ou de d\u00e9tention des containers qui peuvent plomber vos vos transports maritimes.","og_url":"https:\/\/www.mathezfreight.com\/fr\/blog\/eviter-surestaries-detention-containers\/","og_site_name":"MATHEZ FREIGHT","article_publisher":"https:\/\/www.facebook.com\/MathezFreight\/","article_published_time":"2019-11-18T14:44:11+00:00","article_modified_time":"2020-11-03T20:45:07+00:00","og_image":[{"width":1220,"height":813,"url":"https:\/\/www.mathezfreight.com\/wp-content\/uploads\/photo-containers-depositphotos.jpg","type":"image\/jpeg"}],"author":"Agnes","twitter_card":"summary_large_image","twitter_creator":"@MathezFreight","twitter_site":"@MathezFreight","twitter_misc":{"\u00c9crit par":"Agnes","Dur\u00e9e de lecture estim\u00e9e":"6 minutes"},"schema":{"@context":"https:\/\/schema.org","@graph":[{"@type":"Article","@id":"https:\/\/www.mathezfreight.com\/fr\/blog\/eviter-surestaries-detention-containers\/#article","isPartOf":{"@id":"https:\/\/www.mathezfreight.com\/fr\/blog\/eviter-surestaries-detention-containers\/"},"author":{"name":"Agnes","@id":"https:\/\/www.mathezfreight.com\/fr\/#\/schema\/person\/e3433d1aa11c0405311f7fbf4086fdf6"},"headline":"5 conseils pour \u00e9viter les surestaries et frais de d\u00e9tention","datePublished":"2019-11-18T14:44:11+00:00","dateModified":"2020-11-03T20:45:07+00:00","mainEntityOfPage":{"@id":"https:\/\/www.mathezfreight.com\/fr\/blog\/eviter-surestaries-detention-containers\/"},"wordCount":1272,"commentCount":0,"publisher":{"@id":"https:\/\/www.mathezfreight.com\/fr\/#organization"},"image":{"@id":"https:\/\/www.mathezfreight.com\/fr\/blog\/eviter-surestaries-detention-containers\/#primaryimage"},"thumbnailUrl":"https:\/\/www.mathezfreight.com\/wp-content\/uploads\/photo-containers-depositphotos.jpg","keywords":["Douane","Maritime","Prix du Fret"],"articleSection":["Fret Mode d'Emploi"],"inLanguage":"fr-FR","potentialAction":[{"@type":"CommentAction","name":"Comment","target":["https:\/\/www.mathezfreight.com\/fr\/blog\/eviter-surestaries-detention-containers\/#respond"]}]},{"@type":"WebPage","@id":"https:\/\/www.mathezfreight.com\/fr\/blog\/eviter-surestaries-detention-containers\/","url":"https:\/\/www.mathezfreight.com\/fr\/blog\/eviter-surestaries-detention-containers\/","name":"5 conseils pour \u00e9viter les surestaries et frais de d\u00e9tention - MATHEZ FREIGHT","isPartOf":{"@id":"https:\/\/www.mathezfreight.com\/fr\/#website"},"primaryImageOfPage":{"@id":"https:\/\/www.mathezfreight.com\/fr\/blog\/eviter-surestaries-detention-containers\/#primaryimage"},"image":{"@id":"https:\/\/www.mathezfreight.com\/fr\/blog\/eviter-surestaries-detention-containers\/#primaryimage"},"thumbnailUrl":"https:\/\/www.mathezfreight.com\/wp-content\/uploads\/photo-containers-depositphotos.jpg","datePublished":"2019-11-18T14:44:11+00:00","dateModified":"2020-11-03T20:45:07+00:00","description":"5 conseils pour \u00e9viter des frais de surestaries ou de d\u00e9tention des containers qui peuvent plomber vos vos transports maritimes.","breadcrumb":{"@id":"https:\/\/www.mathezfreight.com\/fr\/blog\/eviter-surestaries-detention-containers\/#breadcrumb"},"inLanguage":"fr-FR","potentialAction":[{"@type":"ReadAction","target":["https:\/\/www.mathezfreight.com\/fr\/blog\/eviter-surestaries-detention-containers\/"]}]},{"@type":"ImageObject","inLanguage":"fr-FR","@id":"https:\/\/www.mathezfreight.com\/fr\/blog\/eviter-surestaries-detention-containers\/#primaryimage","url":"https:\/\/www.mathezfreight.com\/wp-content\/uploads\/photo-containers-depositphotos.jpg","contentUrl":"https:\/\/www.mathezfreight.com\/wp-content\/uploads\/photo-containers-depositphotos.jpg","width":1220,"height":813,"caption":"Surestaries et frais de d\u00e9tention des containers sur le port"},{"@type":"BreadcrumbList","@id":"https:\/\/www.mathezfreight.com\/fr\/blog\/eviter-surestaries-detention-containers\/#breadcrumb","itemListElement":[{"@type":"ListItem","position":1,"name":"Home","item":"https:\/\/www.mathezfreight.com\/fr\/"},{"@type":"ListItem","position":2,"name":"Fret Mode d'Emploi","item":"https:\/\/www.mathezfreight.com\/fr\/blog\/categorie\/fret-mode-demploi\/"},{"@type":"ListItem","position":3,"name":"5 conseils pour \u00e9viter les surestaries et frais de d\u00e9tention"}]},{"@type":"WebSite","@id":"https:\/\/www.mathezfreight.com\/fr\/#website","url":"https:\/\/www.mathezfreight.com\/fr\/","name":"MATHEZ FREIGHT","description":"Solutions transport sur mesure, suivies, efficaces","publisher":{"@id":"https:\/\/www.mathezfreight.com\/fr\/#organization"},"alternateName":"MATHEZ TRANSPORTS INTERNATIONAUX","potentialAction":[{"@type":"SearchAction","target":{"@type":"EntryPoint","urlTemplate":"https:\/\/www.mathezfreight.com\/fr\/?s={search_term_string}"},"query-input":{"@type":"PropertyValueSpecification","valueRequired":true,"valueName":"search_term_string"}}],"inLanguage":"fr-FR"},{"@type":"Organization","@id":"https:\/\/www.mathezfreight.com\/fr\/#organization","name":"MATHEZ FREIGHT","alternateName":"MATHEZ TRANSPORTS INTERNATIONAUX","url":"https:\/\/www.mathezfreight.com\/fr\/","logo":{"@type":"ImageObject","inLanguage":"fr-FR","@id":"https:\/\/www.mathezfreight.com\/fr\/#\/schema\/logo\/image\/","url":"https:\/\/www.mathezfreight.com\/wp-content\/uploads\/logo-mathez-freight-400pxw.png","contentUrl":"https:\/\/www.mathezfreight.com\/wp-content\/uploads\/logo-mathez-freight-400pxw.png","width":400,"height":136,"caption":"MATHEZ FREIGHT"},"image":{"@id":"https:\/\/www.mathezfreight.com\/fr\/#\/schema\/logo\/image\/"},"sameAs":["https:\/\/www.facebook.com\/MathezFreight\/","https:\/\/x.com\/MathezFreight","https:\/\/www.linkedin.com\/company\/mathezfreight\/"],"description":"Transitaire fran\u00e7ais, organisateur de transport international: fret a\u00e9rien, fret maritime, commissionnaire en douane agr\u00e9\u00e9 OEA-Full. 17 agences en France sur tous les principaux ports et a\u00e9roports.","email":"web@mathezfreight.com","telephone":"+33.497257825","legalName":"MATHEZ TRANSPORTS INTERNATIONAUX","foundingDate":"1950-01-01","numberOfEmployees":{"@type":"QuantitativeValue","minValue":"51","maxValue":"200"}},{"@type":"Person","@id":"https:\/\/www.mathezfreight.com\/fr\/#\/schema\/person\/e3433d1aa11c0405311f7fbf4086fdf6","name":"Agnes"}]}},"_links":{"self":[{"href":"https:\/\/www.mathezfreight.com\/fr\/wp-json\/wp\/v2\/posts\/32014","targetHints":{"allow":["GET"]}}],"collection":[{"href":"https:\/\/www.mathezfreight.com\/fr\/wp-json\/wp\/v2\/posts"}],"about":[{"href":"https:\/\/www.mathezfreight.com\/fr\/wp-json\/wp\/v2\/types\/post"}],"author":[{"embeddable":true,"href":"https:\/\/www.mathezfreight.com\/fr\/wp-json\/wp\/v2\/users\/1"}],"replies":[{"embeddable":true,"href":"https:\/\/www.mathezfreight.com\/fr\/wp-json\/wp\/v2\/comments?post=32014"}],"version-history":[{"count":0,"href":"https:\/\/www.mathezfreight.com\/fr\/wp-json\/wp\/v2\/posts\/32014\/revisions"}],"wp:featuredmedia":[{"embeddable":true,"href":"https:\/\/www.mathezfreight.com\/fr\/wp-json\/wp\/v2\/media\/32012"}],"wp:attachment":[{"href":"https:\/\/www.mathezfreight.com\/fr\/wp-json\/wp\/v2\/media?parent=32014"}],"wp:term":[{"taxonomy":"category","embeddable":true,"href":"https:\/\/www.mathezfreight.com\/fr\/wp-json\/wp\/v2\/categories?post=32014"},{"taxonomy":"post_tag","embeddable":true,"href":"https:\/\/www.mathezfreight.com\/fr\/wp-json\/wp\/v2\/tags?post=32014"},{"taxonomy":"cibles","embeddable":true,"href":"https:\/\/www.mathezfreight.com\/fr\/wp-json\/wp\/v2\/cibles?post=32014"}],"curies":[{"name":"wp","href":"https:\/\/api.w.org\/{rel}","templated":true}]}}