{"id":18266,"date":"2018-09-23T14:53:17","date_gmt":"2018-09-23T14:53:17","guid":{"rendered":"https:\/\/www.mathezfreight.com\/?p=18266"},"modified":"2025-03-20T10:36:12","modified_gmt":"2025-03-20T10:36:12","slug":"mathez-freight-le-specialiste-du-transport-dentaire","status":"publish","type":"post","link":"https:\/\/www.mathezfreight.com\/fr\/blog\/mathez-freight-le-specialiste-du-transport-dentaire\/","title":{"rendered":"Mathez Freight, sp\u00e9cialiste du transport dentaire"},"content":{"rendered":"\t\t<div data-elementor-type=\"wp-post\" data-elementor-id=\"18266\" class=\"elementor elementor-18266\" data-elementor-post-type=\"post\">\n\t\t\t\t\t\t<div class=\"elementor-section elementor-top-section elementor-element elementor-element-4c38774 elementor-section-stretched elementor-section-full_width mti-page-header mti-page-header bg-articles elementor-section-height-default elementor-section-height-default default-style elementor-invisible\" data-id=\"4c38774\" data-element_type=\"section\" data-e-type=\"section\" id=\"mti-page-header\" data-settings=\"{&quot;stretch_section&quot;:&quot;section-stretched&quot;,&quot;animation&quot;:&quot;fadeIn&quot;,&quot;rt_color_sets&quot;:&quot;default-style&quot;}\">\n\t\t\t\t\t\t<div class=\"elementor-container elementor-column-gap-no\">\n\t\t\t\t\t<div class=\"elementor-column elementor-col-100 elementor-top-column elementor-element elementor-element-b574ff0\" data-id=\"b574ff0\" data-element_type=\"column\" data-e-type=\"column\">\n\t\t\t<div class=\"elementor-widget-wrap elementor-element-populated\">\n\t\t\t\t\t\t<div class=\"elementor-element elementor-element-219b777 elementor-widget elementor-widget-image\" data-id=\"219b777\" data-element_type=\"widget\" data-e-type=\"widget\" data-widget_type=\"image.default\">\n\t\t\t\t<div class=\"elementor-widget-container\">\n\t\t\t\t\t\t\t\t\t\t\t\t\t\t\t<img decoding=\"async\" width=\"1220\" height=\"406\" src=\"https:\/\/www.mathezfreight.com\/wp-content\/uploads\/photo-presse-header-depositphotos-1220x406.jpg\" class=\"attachment-mti-flat-banner size-mti-flat-banner wp-image-17769\" alt=\"\" \/>\t\t\t\t\t\t\t\t\t\t\t\t\t\t\t<\/div>\n\t\t\t\t<\/div>\n\t\t\t\t\t<\/div>\n\t\t<\/div>\n\t\t\t\t\t<\/div>\n\t\t<\/div>\n\t\t\t\t<div class=\"elementor-section elementor-top-section elementor-element elementor-element-e862999 mti-page-excerpt excerpt-onleft highlight-articles elementor-section-boxed elementor-section-height-default elementor-section-height-default default-style elementor-invisible\" data-id=\"e862999\" data-element_type=\"section\" data-e-type=\"section\" id=\"mti-page-excerpt\" data-settings=\"{&quot;animation&quot;:&quot;fadeInUp&quot;,&quot;rt_color_sets&quot;:&quot;default-style&quot;}\">\n\t\t\t\t\t\t<div class=\"elementor-container elementor-column-gap-default\">\n\t\t\t\t\t<div class=\"elementor-column elementor-col-100 elementor-top-column elementor-element elementor-element-64290da default-style\" data-id=\"64290da\" data-element_type=\"column\" data-e-type=\"column\" data-settings=\"{&quot;background_background&quot;:&quot;classic&quot;}\">\n\t\t\t<div class=\"elementor-widget-wrap elementor-element-populated\">\n\t\t\t\t\t\t<div class=\"elementor-element elementor-element-ed03f93 elementor-hidden-tablet elementor-hidden-phone elementor-widget elementor-widget-image\" data-id=\"ed03f93\" data-element_type=\"widget\" data-e-type=\"widget\" id=\"mti-presse-logo\" data-widget_type=\"image.default\">\n\t\t\t\t<div class=\"elementor-widget-container\">\n\t\t\t\t\t\t\t\t\t\t\t\t\t\t\t<img decoding=\"async\" width=\"200\" height=\"72\" src=\"https:\/\/www.mathezfreight.com\/wp-content\/uploads\/logo-voice-petit.png\" class=\"attachment-full size-full wp-image-20294\" alt=\"\" \/>\t\t\t\t\t\t\t\t\t\t\t\t\t\t\t<\/div>\n\t\t\t\t<\/div>\n\t\t\t\t<div class=\"elementor-element elementor-element-cdda569 elementor-widget elementor-widget-theme-post-title elementor-page-title elementor-widget-heading\" data-id=\"cdda569\" data-element_type=\"widget\" data-e-type=\"widget\" data-widget_type=\"theme-post-title.default\">\n\t\t\t\t<div class=\"elementor-widget-container\">\n\t\t\t\t\t<h1 class=\"elementor-heading-title elementor-size-default\">Mathez Freight, sp\u00e9cialiste du transport dentaire<\/h1>\t\t\t\t<\/div>\n\t\t\t\t<\/div>\n\t\t\t\t<div class=\"elementor-element elementor-element-efdd550 elementor-widget elementor-widget-theme-post-excerpt\" data-id=\"efdd550\" data-element_type=\"widget\" data-e-type=\"widget\" data-widget_type=\"theme-post-excerpt.default\">\n\t\t\t\t<div class=\"elementor-widget-container\">\n\t\t\t\t\tVoice of the Independent, m\u00e9dia des transitaires du WCA, se penche sur les sp\u00e9cificit\u00e9s du transport dentaire dont MATHEZ FREIGHT est sp\u00e9cialiste.\t\t\t\t<\/div>\n\t\t\t\t<\/div>\n\t\t\t\t<div class=\"elementor-element elementor-element-e8943ba elementor-align-right mti-blog-tags elementor-widget elementor-widget-post-info\" data-id=\"e8943ba\" data-element_type=\"widget\" data-e-type=\"widget\" data-widget_type=\"post-info.default\">\n\t\t\t\t<div class=\"elementor-widget-container\">\n\t\t\t\t\t\t\t<ul class=\"elementor-inline-items elementor-icon-list-items elementor-post-info\">\n\t\t\t\t\t\t\t\t<li class=\"elementor-icon-list-item elementor-repeater-item-9687d75 elementor-inline-item\" itemprop=\"about\">\n\t\t\t\t\t\t\t\t\t\t\t\t\t<span class=\"elementor-icon-list-text elementor-post-info__item elementor-post-info__item--type-terms\">\n\t\t\t\t\t\t\t\t\t\t<span class=\"elementor-post-info__terms-list\">\n\t\t\t\t<a href=\"https:\/\/www.mathezfreight.com\/fr\/blog\/categorie\/presse\/\" class=\"elementor-post-info__terms-list-item\">Dans la presse<\/a>, <a href=\"https:\/\/www.mathezfreight.com\/fr\/blog\/categorie\/operations\/\" class=\"elementor-post-info__terms-list-item\">Op\u00e9rations<\/a>\t\t\t\t<\/span>\n\t\t\t\t\t<\/span>\n\t\t\t\t\t\t\t\t<\/li>\n\t\t\t\t<li class=\"elementor-icon-list-item elementor-repeater-item-d4e5bac elementor-inline-item\">\n\t\t\t\t\t\t<a href=\"https:\/\/www.voiceoftheindependent.com\/\">\n\t\t\t\t\t\t\t\t\t\t\t<span class=\"elementor-icon-list-icon\">\n\t\t\t\t\t\t\t\t\t\t\t\t\t\t<i class=\"fa fa-info-circle\" aria-hidden=\"true\"><\/i>\n\t\t\t\t\t\t\t\t\t\t\t\t<\/span>\n\t\t\t\t\t\t\t\t\t<span class=\"elementor-icon-list-text elementor-post-info__item elementor-post-info__item--type-custom\">\n\t\t\t\t\t\t\t\t\t\tVOTI\t\t\t\t\t<\/span>\n\t\t\t\t\t\t\t\t\t<\/a>\n\t\t\t\t<\/li>\n\t\t\t\t<li class=\"elementor-icon-list-item elementor-repeater-item-7910e98 elementor-inline-item\" itemprop=\"datePublished\">\n\t\t\t\t\t\t\t\t\t\t<span class=\"elementor-icon-list-icon\">\n\t\t\t\t\t\t\t\t\t\t\t\t\t\t<i class=\"fa fa-calendar\" aria-hidden=\"true\"><\/i>\n\t\t\t\t\t\t\t\t\t\t\t\t<\/span>\n\t\t\t\t\t\t\t\t\t<span class=\"elementor-icon-list-text elementor-post-info__item elementor-post-info__item--type-date\">\n\t\t\t\t\t\t\t\t\t\t<time>23 Sep 2018<\/time>\t\t\t\t\t<\/span>\n\t\t\t\t\t\t\t\t<\/li>\n\t\t\t\t<li class=\"elementor-icon-list-item elementor-repeater-item-f18f2db elementor-inline-item\" itemprop=\"about\">\n\t\t\t\t\t\t\t\t\t\t<span class=\"elementor-icon-list-icon\">\n\t\t\t\t\t\t\t\t<i aria-hidden=\"true\" class=\"fas fa-tags\"><\/i>\t\t\t\t\t\t\t<\/span>\n\t\t\t\t\t\t\t\t\t<span class=\"elementor-icon-list-text elementor-post-info__item elementor-post-info__item--type-terms\">\n\t\t\t\t\t\t\t\t\t\t<span class=\"elementor-post-info__terms-list\">\n\t\t\t\t<a href=\"https:\/\/www.mathezfreight.com\/fr\/blog\/tag\/aerien\/\" class=\"elementor-post-info__terms-list-item\">A\u00e9rien<\/a>, <a href=\"https:\/\/www.mathezfreight.com\/fr\/blog\/tag\/groupe\/\" class=\"elementor-post-info__terms-list-item\">Groupe<\/a>, <a href=\"https:\/\/www.mathezfreight.com\/fr\/blog\/tag\/turquie\/\" class=\"elementor-post-info__terms-list-item\">Turquie<\/a>\t\t\t\t<\/span>\n\t\t\t\t\t<\/span>\n\t\t\t\t\t\t\t\t<\/li>\n\t\t\t\t<\/ul>\n\t\t\t\t\t\t<\/div>\n\t\t\t\t<\/div>\n\t\t\t\t\t<\/div>\n\t\t<\/div>\n\t\t\t\t\t<\/div>\n\t\t<\/div>\n\t\t\t\t<aside class=\"elementor-section elementor-top-section elementor-element elementor-element-da74b28 elementor-hidden-tablet elementor-hidden-phone mti-social-bar up elementor-section-boxed elementor-section-height-default elementor-section-height-default elementor-invisible\" data-id=\"da74b28\" data-element_type=\"section\" data-e-type=\"section\" data-settings=\"{&quot;animation&quot;:&quot;fadeInLeft&quot;}\">\n\t\t\t\t\t\t<div class=\"elementor-container elementor-column-gap-default\">\n\t\t\t\t\t<div class=\"elementor-column elementor-col-100 elementor-top-column elementor-element elementor-element-ba21d28\" data-id=\"ba21d28\" data-element_type=\"column\" data-e-type=\"column\">\n\t\t\t<div class=\"elementor-widget-wrap elementor-element-populated\">\n\t\t\t\t\t\t<div class=\"elementor-element elementor-element-318d352 elementor-share-buttons--view-icon elementor-share-buttons--skin-flat mti-social-bar-job elementor-share-buttons--shape-square elementor-grid-0 elementor-share-buttons--color-official elementor-invisible elementor-widget elementor-widget-global elementor-global-17249 elementor-widget-share-buttons\" data-id=\"318d352\" data-element_type=\"widget\" data-e-type=\"widget\" data-settings=\"{&quot;_animation&quot;:&quot;fadeInLeft&quot;}\" data-widget_type=\"share-buttons.default\">\n\t\t\t\t<div class=\"elementor-widget-container\">\n\t\t\t\t\t\t\t<div class=\"elementor-grid\" role=\"list\">\n\t\t\t\t\t\t\t\t<div class=\"elementor-grid-item\" role=\"listitem\">\n\t\t\t\t\t\t<div class=\"elementor-share-btn elementor-share-btn_email\" role=\"button\" tabindex=\"0\" aria-label=\"Partager sur email\">\n\t\t\t\t\t\t\t\t\t\t\t\t\t\t\t<span class=\"elementor-share-btn__icon\">\n\t\t\t\t\t\t\t\t<i class=\"fas fa-envelope\" aria-hidden=\"true\"><\/i>\t\t\t\t\t\t\t<\/span>\n\t\t\t\t\t\t\t\t\t\t\t\t\t\t\t\t\t\t\t\t<\/div>\n\t\t\t\t\t<\/div>\n\t\t\t\t\t\t\t\t\t<div class=\"elementor-grid-item\" role=\"listitem\">\n\t\t\t\t\t\t<div class=\"elementor-share-btn elementor-share-btn_linkedin\" role=\"button\" tabindex=\"0\" aria-label=\"Partager sur linkedin\">\n\t\t\t\t\t\t\t\t\t\t\t\t\t\t\t<span class=\"elementor-share-btn__icon\">\n\t\t\t\t\t\t\t\t<i class=\"fab fa-linkedin\" aria-hidden=\"true\"><\/i>\t\t\t\t\t\t\t<\/span>\n\t\t\t\t\t\t\t\t\t\t\t\t\t\t\t\t\t\t\t\t<\/div>\n\t\t\t\t\t<\/div>\n\t\t\t\t\t\t\t\t\t<div class=\"elementor-grid-item\" role=\"listitem\">\n\t\t\t\t\t\t<div class=\"elementor-share-btn elementor-share-btn_twitter\" role=\"button\" tabindex=\"0\" aria-label=\"Partager sur twitter\">\n\t\t\t\t\t\t\t\t\t\t\t\t\t\t\t<span class=\"elementor-share-btn__icon\">\n\t\t\t\t\t\t\t\t<i class=\"fab fa-twitter\" aria-hidden=\"true\"><\/i>\t\t\t\t\t\t\t<\/span>\n\t\t\t\t\t\t\t\t\t\t\t\t\t\t\t\t\t\t\t\t<\/div>\n\t\t\t\t\t<\/div>\n\t\t\t\t\t\t\t\t\t<div class=\"elementor-grid-item\" role=\"listitem\">\n\t\t\t\t\t\t<div class=\"elementor-share-btn elementor-share-btn_facebook\" role=\"button\" tabindex=\"0\" aria-label=\"Partager sur facebook\">\n\t\t\t\t\t\t\t\t\t\t\t\t\t\t\t<span class=\"elementor-share-btn__icon\">\n\t\t\t\t\t\t\t\t<i class=\"fab fa-facebook\" aria-hidden=\"true\"><\/i>\t\t\t\t\t\t\t<\/span>\n\t\t\t\t\t\t\t\t\t\t\t\t\t\t\t\t\t\t\t\t<\/div>\n\t\t\t\t\t<\/div>\n\t\t\t\t\t\t\t\t\t<div class=\"elementor-grid-item\" role=\"listitem\">\n\t\t\t\t\t\t<div class=\"elementor-share-btn elementor-share-btn_print\" role=\"button\" tabindex=\"0\" aria-label=\"Partager sur print\">\n\t\t\t\t\t\t\t\t\t\t\t\t\t\t\t<span class=\"elementor-share-btn__icon\">\n\t\t\t\t\t\t\t\t<i class=\"fas fa-print\" aria-hidden=\"true\"><\/i>\t\t\t\t\t\t\t<\/span>\n\t\t\t\t\t\t\t\t\t\t\t\t\t\t\t\t\t\t\t\t<\/div>\n\t\t\t\t\t<\/div>\n\t\t\t\t\t\t<\/div>\n\t\t\t\t\t\t<\/div>\n\t\t\t\t<\/div>\n\t\t\t\t\t<\/div>\n\t\t<\/div>\n\t\t\t\t\t<\/div>\n\t\t<\/aside>\n\t\t\t\t<section class=\"elementor-section elementor-top-section elementor-element elementor-element-0e5ca9c elementor-hidden-desktop mti-presse-logo-mobile elementor-section-boxed elementor-section-height-default elementor-section-height-default default-style elementor-invisible\" data-id=\"0e5ca9c\" data-element_type=\"section\" data-e-type=\"section\" data-settings=\"{&quot;animation&quot;:&quot;fadeIn&quot;,&quot;rt_color_sets&quot;:&quot;default-style&quot;}\">\n\t\t\t\t\t\t<div class=\"elementor-container elementor-column-gap-default\">\n\t\t\t\t\t<div class=\"elementor-column elementor-col-100 elementor-top-column elementor-element elementor-element-66a68fc\" data-id=\"66a68fc\" data-element_type=\"column\" data-e-type=\"column\">\n\t\t\t<div class=\"elementor-widget-wrap elementor-element-populated\">\n\t\t\t\t\t\t<div class=\"elementor-element elementor-element-bd99675 elementor-widget elementor-widget-image\" data-id=\"bd99675\" data-element_type=\"widget\" data-e-type=\"widget\" data-widget_type=\"image.default\">\n\t\t\t\t<div class=\"elementor-widget-container\">\n\t\t\t\t\t\t\t\t\t\t\t\t\t\t\t<img decoding=\"async\" width=\"274\" height=\"98\" src=\"https:\/\/www.mathezfreight.com\/wp-content\/uploads\/logo-voice.png\" class=\"attachment-mti-small-classic size-mti-small-classic wp-image-18293\" alt=\"\" \/>\t\t\t\t\t\t\t\t\t\t\t\t\t\t\t<\/div>\n\t\t\t\t<\/div>\n\t\t\t\t\t<\/div>\n\t\t<\/div>\n\t\t\t\t\t<\/div>\n\t\t<\/section>\n\t\t\t\t<div class=\"elementor-section elementor-top-section elementor-element elementor-element-b1276ca elementor-hidden-tablet elementor-hidden-phone mti-chevron up elementor-section-boxed elementor-section-height-default elementor-section-height-default default-style elementor-invisible\" data-id=\"b1276ca\" data-element_type=\"section\" data-e-type=\"section\" data-settings=\"{&quot;animation&quot;:&quot;fadeIn&quot;,&quot;rt_color_sets&quot;:&quot;default-style&quot;}\">\n\t\t\t\t\t\t<div class=\"elementor-container elementor-column-gap-default\">\n\t\t\t\t\t<div class=\"elementor-column elementor-col-33 elementor-top-column elementor-element elementor-element-8f1b88d mti-chevrons\" data-id=\"8f1b88d\" data-element_type=\"column\" data-e-type=\"column\">\n\t\t\t<div class=\"elementor-widget-wrap elementor-element-populated\">\n\t\t\t\t\t\t\t<\/div>\n\t\t<\/div>\n\t\t\t\t<div class=\"elementor-column elementor-col-33 elementor-top-column elementor-element elementor-element-01f3965\" data-id=\"01f3965\" data-element_type=\"column\" data-e-type=\"column\">\n\t\t\t<div class=\"elementor-widget-wrap elementor-element-populated\">\n\t\t\t\t\t\t<div class=\"elementor-element elementor-element-aaba2f3 elementor-widget elementor-widget-text-editor\" data-id=\"aaba2f3\" data-element_type=\"widget\" data-e-type=\"widget\" data-widget_type=\"text-editor.default\">\n\t\t\t\t<div class=\"elementor-widget-container\">\n\t\t\t\t\t\t\t\t\t<p>\u00a0\u00a0<\/p>\t\t\t\t\t\t\t\t<\/div>\n\t\t\t\t<\/div>\n\t\t\t\t\t<\/div>\n\t\t<\/div>\n\t\t\t\t<div class=\"elementor-column elementor-col-33 elementor-top-column elementor-element elementor-element-bf55fc3\" data-id=\"bf55fc3\" data-element_type=\"column\" data-e-type=\"column\">\n\t\t\t<div class=\"elementor-widget-wrap elementor-element-populated\">\n\t\t\t\t\t\t\t<\/div>\n\t\t<\/div>\n\t\t\t\t\t<\/div>\n\t\t<\/div>\n\t\t\t\t<div class=\"elementor-section elementor-top-section elementor-element elementor-element-bcdfa8a mti-article-body chevron elementor-section-boxed elementor-section-height-default elementor-section-height-default default-style\" data-id=\"bcdfa8a\" data-element_type=\"section\" data-e-type=\"section\" data-settings=\"{&quot;rt_color_sets&quot;:&quot;default-style&quot;}\">\n\t\t\t\t\t\t<div class=\"elementor-container elementor-column-gap-default\">\n\t\t\t\t\t<div class=\"elementor-column elementor-col-100 elementor-top-column elementor-element elementor-element-5fb25d1\" data-id=\"5fb25d1\" data-element_type=\"column\" data-e-type=\"column\">\n\t\t\t<div class=\"elementor-widget-wrap elementor-element-populated\">\n\t\t\t\t\t\t<div class=\"elementor-element elementor-element-5b69550 elementor-widget elementor-widget-text-editor\" data-id=\"5b69550\" data-element_type=\"widget\" data-e-type=\"widget\" data-widget_type=\"text-editor.default\">\n\t\t\t\t<div class=\"elementor-widget-container\">\n\t\t\t\t\t\t\t\t\t<p>MATHEZ FREIGHT propose des solutions <em>time critical p<\/em>our la logistique des arts et spectacles et le transport d\u2019appareillages dentaires.<\/p><blockquote><p>Nous avons d\u00e9velopp\u00e9 une sp\u00e9cialit\u00e9 en transport des proth\u00e8ses dentaires (&#8230;)<\/p><\/blockquote><p>Fabriqu\u00e9es \u00e0 partir d\u2019un moule pris par les dentistes, les proth\u00e8ses sont utilis\u00e9es pour les soins dentaires pour remplacer les dents cass\u00e9es ou manquantes avec des couronnes ou des bridges.<\/p><p>Etant donn\u00e9 que les empreintes s\u00e8chent tr\u00e8s rapidement (ce qui peut affecter leur taille), elles doivent \u00eatre transport\u00e9es par fret a\u00e9rien dans un d\u00e9lai tr\u00e8s court (\u2026)<\/p><p>Mathez transporte les empreintes dentaires jusque chez le fabricant de proth\u00e8ses \u00e0 Hong Kong ou en Turquie puis r\u00e9exp\u00e9die les appareils en France directement chez les dentistes.<\/p>\t\t\t\t\t\t\t\t<\/div>\n\t\t\t\t<\/div>\n\t\t\t\t\t<\/div>\n\t\t<\/div>\n\t\t\t\t\t<\/div>\n\t\t<\/div>\n\t\t\t\t<div class=\"elementor-section elementor-top-section elementor-element elementor-element-0b6900f elementor-hidden-tablet elementor-hidden-phone mti-chevron bottom elementor-section-boxed elementor-section-height-default elementor-section-height-default default-style\" data-id=\"0b6900f\" data-element_type=\"section\" data-e-type=\"section\" data-settings=\"{&quot;rt_color_sets&quot;:&quot;default-style&quot;}\">\n\t\t\t\t\t\t<div class=\"elementor-container elementor-column-gap-default\">\n\t\t\t\t\t<div class=\"elementor-column elementor-col-33 elementor-top-column elementor-element elementor-element-881b67a mti-chevrons\" data-id=\"881b67a\" data-element_type=\"column\" data-e-type=\"column\">\n\t\t\t<div class=\"elementor-widget-wrap elementor-element-populated\">\n\t\t\t\t\t\t\t<\/div>\n\t\t<\/div>\n\t\t\t\t<div class=\"elementor-column elementor-col-33 elementor-top-column elementor-element elementor-element-ca51322\" data-id=\"ca51322\" data-element_type=\"column\" data-e-type=\"column\">\n\t\t\t<div class=\"elementor-widget-wrap elementor-element-populated\">\n\t\t\t\t\t\t<div class=\"elementor-element elementor-element-559ba00 elementor-widget elementor-widget-text-editor\" data-id=\"559ba00\" data-element_type=\"widget\" data-e-type=\"widget\" data-widget_type=\"text-editor.default\">\n\t\t\t\t<div class=\"elementor-widget-container\">\n\t\t\t\t\t\t\t\t\t<p>\u00a0\u00a0<\/p>\t\t\t\t\t\t\t\t<\/div>\n\t\t\t\t<\/div>\n\t\t\t\t\t<\/div>\n\t\t<\/div>\n\t\t\t\t<div class=\"elementor-column elementor-col-33 elementor-top-column elementor-element elementor-element-7a1c97e\" data-id=\"7a1c97e\" data-element_type=\"column\" data-e-type=\"column\">\n\t\t\t<div class=\"elementor-widget-wrap elementor-element-populated\">\n\t\t\t\t\t\t\t<\/div>\n\t\t<\/div>\n\t\t\t\t\t<\/div>\n\t\t<\/div>\n\t\t\t\t<div class=\"elementor-section elementor-top-section elementor-element elementor-element-644bab3 mti-cta-presse elementor-section-boxed elementor-section-height-default elementor-section-height-default default-style\" data-id=\"644bab3\" data-element_type=\"section\" data-e-type=\"section\" data-settings=\"{&quot;rt_color_sets&quot;:&quot;default-style&quot;}\">\n\t\t\t\t\t\t<div class=\"elementor-container elementor-column-gap-default\">\n\t\t\t\t\t<div class=\"elementor-column elementor-col-100 elementor-top-column elementor-element elementor-element-ac2c94c\" data-id=\"ac2c94c\" data-element_type=\"column\" data-e-type=\"column\">\n\t\t\t<div class=\"elementor-widget-wrap elementor-element-populated\">\n\t\t\t\t\t\t<div class=\"elementor-element elementor-element-8d47557 elementor-button-info elementor-align-center elementor-widget elementor-widget-button\" data-id=\"8d47557\" data-element_type=\"widget\" data-e-type=\"widget\" data-widget_type=\"button.default\">\n\t\t\t\t<div class=\"elementor-widget-container\">\n\t\t\t\t\t\t\t\t\t<div class=\"elementor-button-wrapper\">\n\t\t\t\t\t<a class=\"elementor-button elementor-size-lg elementor-animation-push\" role=\"button\">\n\t\t\t\t\t\t<span class=\"elementor-button-content-wrapper\">\n\t\t\t\t\t\t<span class=\"elementor-button-icon\">\n\t\t\t\t<i aria-hidden=\"true\" class=\"far fa-newspaper\"><\/i>\t\t\t<\/span>\n\t\t\t\t\t\t\t\t\t<span class=\"elementor-button-text\">Lire l'article original sur le site de VOTI  (en anglais)<\/span>\n\t\t\t\t\t<\/span>\n\t\t\t\t\t<\/a>\n\t\t\t\t<\/div>\n\t\t\t\t\t\t\t\t<\/div>\n\t\t\t\t<\/div>\n\t\t\t\t\t<\/div>\n\t\t<\/div>\n\t\t\t\t\t<\/div>\n\t\t<\/div>\n\t\t\t\t<aside class=\"elementor-section elementor-top-section elementor-element elementor-element-2637aff mti-social-bar bottom elementor-section-boxed elementor-section-height-default elementor-section-height-default default-style elementor-invisible\" data-id=\"2637aff\" data-element_type=\"section\" data-e-type=\"section\" data-settings=\"{&quot;animation&quot;:&quot;fadeIn&quot;,&quot;rt_color_sets&quot;:&quot;default-style&quot;}\">\n\t\t\t\t\t\t<div class=\"elementor-container elementor-column-gap-default\">\n\t\t\t\t\t<div class=\"elementor-column elementor-col-100 elementor-top-column elementor-element elementor-element-7e2d51c\" data-id=\"7e2d51c\" data-element_type=\"column\" data-e-type=\"column\">\n\t\t\t<div class=\"elementor-widget-wrap elementor-element-populated\">\n\t\t\t\t\t\t<div class=\"elementor-element elementor-element-ec97e6d elementor-share-buttons--view-icon elementor-share-buttons--skin-flat elementor-share-buttons--shape-square elementor-grid-0 elementor-share-buttons--color-official elementor-invisible elementor-widget elementor-widget-share-buttons\" data-id=\"ec97e6d\" data-element_type=\"widget\" data-e-type=\"widget\" data-settings=\"{&quot;_animation&quot;:&quot;fadeInLeft&quot;}\" data-widget_type=\"share-buttons.default\">\n\t\t\t\t<div class=\"elementor-widget-container\">\n\t\t\t\t\t\t\t<div class=\"elementor-grid\" role=\"list\">\n\t\t\t\t\t\t\t\t<div class=\"elementor-grid-item\" role=\"listitem\">\n\t\t\t\t\t\t<div class=\"elementor-share-btn elementor-share-btn_email\" role=\"button\" tabindex=\"0\" aria-label=\"Partager sur email\">\n\t\t\t\t\t\t\t\t\t\t\t\t\t\t\t<span class=\"elementor-share-btn__icon\">\n\t\t\t\t\t\t\t\t<i class=\"fas fa-envelope\" aria-hidden=\"true\"><\/i>\t\t\t\t\t\t\t<\/span>\n\t\t\t\t\t\t\t\t\t\t\t\t\t\t\t\t\t\t\t\t<\/div>\n\t\t\t\t\t<\/div>\n\t\t\t\t\t\t\t\t\t<div class=\"elementor-grid-item\" role=\"listitem\">\n\t\t\t\t\t\t<div class=\"elementor-share-btn elementor-share-btn_linkedin\" role=\"button\" tabindex=\"0\" aria-label=\"Partager sur linkedin\">\n\t\t\t\t\t\t\t\t\t\t\t\t\t\t\t<span class=\"elementor-share-btn__icon\">\n\t\t\t\t\t\t\t\t<i class=\"fab fa-linkedin\" aria-hidden=\"true\"><\/i>\t\t\t\t\t\t\t<\/span>\n\t\t\t\t\t\t\t\t\t\t\t\t\t\t\t\t\t\t\t\t<\/div>\n\t\t\t\t\t<\/div>\n\t\t\t\t\t\t\t\t\t<div class=\"elementor-grid-item\" role=\"listitem\">\n\t\t\t\t\t\t<div class=\"elementor-share-btn elementor-share-btn_twitter\" role=\"button\" tabindex=\"0\" aria-label=\"Partager sur twitter\">\n\t\t\t\t\t\t\t\t\t\t\t\t\t\t\t<span class=\"elementor-share-btn__icon\">\n\t\t\t\t\t\t\t\t<i class=\"fab fa-twitter\" aria-hidden=\"true\"><\/i>\t\t\t\t\t\t\t<\/span>\n\t\t\t\t\t\t\t\t\t\t\t\t\t\t\t\t\t\t\t\t<\/div>\n\t\t\t\t\t<\/div>\n\t\t\t\t\t\t\t\t\t<div class=\"elementor-grid-item\" role=\"listitem\">\n\t\t\t\t\t\t<div class=\"elementor-share-btn elementor-share-btn_facebook\" role=\"button\" tabindex=\"0\" aria-label=\"Partager sur facebook\">\n\t\t\t\t\t\t\t\t\t\t\t\t\t\t\t<span class=\"elementor-share-btn__icon\">\n\t\t\t\t\t\t\t\t<i class=\"fab fa-facebook\" aria-hidden=\"true\"><\/i>\t\t\t\t\t\t\t<\/span>\n\t\t\t\t\t\t\t\t\t\t\t\t\t\t\t\t\t\t\t\t<\/div>\n\t\t\t\t\t<\/div>\n\t\t\t\t\t\t\t\t\t<div class=\"elementor-grid-item\" role=\"listitem\">\n\t\t\t\t\t\t<div class=\"elementor-share-btn elementor-share-btn_print\" role=\"button\" tabindex=\"0\" aria-label=\"Partager sur print\">\n\t\t\t\t\t\t\t\t\t\t\t\t\t\t\t<span class=\"elementor-share-btn__icon\">\n\t\t\t\t\t\t\t\t<i class=\"fas fa-print\" aria-hidden=\"true\"><\/i>\t\t\t\t\t\t\t<\/span>\n\t\t\t\t\t\t\t\t\t\t\t\t\t\t\t\t\t\t\t\t<\/div>\n\t\t\t\t\t<\/div>\n\t\t\t\t\t\t<\/div>\n\t\t\t\t\t\t<\/div>\n\t\t\t\t<\/div>\n\t\t\t\t\t<\/div>\n\t\t<\/div>\n\t\t\t\t\t<\/div>\n\t\t<\/aside>\n\t\t\t\t<aside class=\"elementor-section elementor-top-section elementor-element elementor-element-030b571 mti-blog-grid single-post-bottom elementor-section-boxed elementor-section-height-default elementor-section-height-default default-style elementor-invisible\" data-id=\"030b571\" data-element_type=\"section\" data-e-type=\"section\" id=\"mti-blog-grid\" data-settings=\"{&quot;animation&quot;:&quot;fadeIn&quot;,&quot;rt_color_sets&quot;:&quot;default-style&quot;}\">\n\t\t\t\t\t\t<div class=\"elementor-container elementor-column-gap-default\">\n\t\t\t\t\t<div class=\"elementor-column elementor-col-100 elementor-top-column elementor-element elementor-element-dbe2e0f\" data-id=\"dbe2e0f\" data-element_type=\"column\" data-e-type=\"column\">\n\t\t\t<div class=\"elementor-widget-wrap elementor-element-populated\">\n\t\t\t\t\t\t<div class=\"elementor-element elementor-element-9e78f33 elementor-widget elementor-widget-heading\" data-id=\"9e78f33\" data-element_type=\"widget\" data-e-type=\"widget\" data-widget_type=\"heading.default\">\n\t\t\t\t<div class=\"elementor-widget-container\">\n\t\t\t\t\t<h3 class=\"elementor-heading-title elementor-size-default\">A lire aussi:<\/h3>\t\t\t\t<\/div>\n\t\t\t\t<\/div>\n\t\t\t\t<div class=\"elementor-element elementor-element-36baec8 elementor-widget elementor-widget-lae-posts-carousel\" data-id=\"36baec8\" data-element_type=\"widget\" data-e-type=\"widget\" data-widget_type=\"lae-posts-carousel.default\">\n\t\t\t\t<div class=\"elementor-widget-container\">\n\t\t\t\t\t\n<div        id=\"lae-posts-carousel-69f394585d2da\"\n        class=\"lae-posts-carousel lae-container lae-classic-skin\"\n        data-settings='{&quot;arrows&quot;:false,&quot;dots&quot;:true,&quot;autoplay&quot;:false,&quot;autoplay_speed&quot;:3000,&quot;animation_speed&quot;:300,&quot;pause_on_hover&quot;:true,&quot;adaptive_height&quot;:false,&quot;display_columns&quot;:4,&quot;scroll_columns&quot;:3,&quot;gutter&quot;:10,&quot;tablet_width&quot;:800,&quot;tablet_display_columns&quot;:2,&quot;tablet_scroll_columns&quot;:2,&quot;tablet_gutter&quot;:10,&quot;mobile_width&quot;:480,&quot;mobile_display_columns&quot;:1,&quot;mobile_scroll_columns&quot;:1,&quot;mobile_gutter&quot;:10}'>\n<div data-id=\"id-67659\" class=\"lae-posts-carousel-item\">\n\n    <article id=\"post-67659\" class=\"post-67659 post type-post status-publish format-standard has-post-thumbnail hentry category-presse tag-groupe tag-international cibles-une cibles-arts\">\n\n        \n            \n            \n            \n                <div class=\"lae-project-image\">\n\n                    \n                    \n                    \n                        <a href=\"https:\/\/www.mathezfreight.com\/fr\/blog\/strategie-niche-voti\/\"><img decoding=\"async\" width=\"375\" height=\"250\" src=\"https:\/\/www.mathezfreight.com\/wp-content\/uploads\/photo-presse-header-depositphotos-375x250.jpg\" class=\"lae-image attachment-mti-medium-classic size-mti-medium-classic\" alt=\"Dans la presse\" title=\"Dans la presse\" srcset=\"https:\/\/www.mathezfreight.com\/wp-content\/uploads\/photo-presse-header-depositphotos-375x250.jpg 375w, https:\/\/www.mathezfreight.com\/wp-content\/uploads\/photo-presse-header-depositphotos-274x183.jpg 274w\" sizes=\"(max-width: 375px) 100vw, 375px\" \/><\/a>\n\n                    \n                    \n                        <div class=\"lae-image-info\">\n\n                            <div class=\"lae-entry-info\">\n\n                                \n                                    <h3 class=\"lae-post-title\">\n\n                                        <a href=\"https:\/\/www.mathezfreight.com\/fr\/blog\/strategie-niche-voti\/\" title=\"La strat\u00e9gie de niche: un levier de robustesse pour MATHEZ FREIGHT\"\n                                           rel=\"bookmark\">La strat\u00e9gie de niche: un levier de robustesse pour MATHEZ FREIGHT<\/a>\n\n                                    <\/h3>\n\n                                \n                                \n                                    <span class=\"lae-terms\"><a href=\"https:\/\/www.mathezfreight.com\/fr\/blog\/categorie\/presse\/\">Dans la presse<\/a><\/span>\n                                \n                            <\/div>\n\n                        <\/div><!-- .lae-image-info -->\n\n                    \n                <\/div>\n\n            \n            \n                <div class=\"lae-entry-text-wrap \">\n\n                    \n                        <h3 class=\"entry-title\">\n\n                            <a href=\"https:\/\/www.mathezfreight.com\/fr\/blog\/strategie-niche-voti\/\" title=\"La strat\u00e9gie de niche: un levier de robustesse pour MATHEZ FREIGHT\"\n                               rel=\"bookmark\">La strat\u00e9gie de niche: un levier de robustesse pour MATHEZ FREIGHT<\/a>\n\n                        <\/h3>\n\n                    \n                    \n                    \n                    \n                <\/div>\n\n            \n        \n    <\/article><!-- .hentry -->\n\n<\/div><!-- .lae-posts-carousel-item -->\n<div data-id=\"id-67572\" class=\"lae-posts-carousel-item\">\n\n    <article id=\"post-67572\" class=\"post-67572 post type-post status-publish format-standard has-post-thumbnail hentry category-fret-mode-demploi tag-douane tag-transport-voitures tag-tva cibles-une cibles-agences-sud cibles-douane cibles-tva cibles-voitures\">\n\n        \n            \n            \n            \n                <div class=\"lae-project-image\">\n\n                    \n                    \n                    \n                        <a href=\"https:\/\/www.mathezfreight.com\/fr\/blog\/auto-export-ferry-douane-tva-maghreb\/\"><img decoding=\"async\" width=\"375\" height=\"250\" src=\"https:\/\/www.mathezfreight.com\/wp-content\/uploads\/photo-car-ferry-maghreb-375x250.jpg\" class=\"lae-image attachment-mti-medium-classic size-mti-medium-classic\" alt=\"photo-car-ferry-maghreb\" title=\"Export de voitures vers le Maghreb\" srcset=\"https:\/\/www.mathezfreight.com\/wp-content\/uploads\/photo-car-ferry-maghreb-375x250.jpg 375w, https:\/\/www.mathezfreight.com\/wp-content\/uploads\/photo-car-ferry-maghreb-600x400.jpg 600w, https:\/\/www.mathezfreight.com\/wp-content\/uploads\/photo-car-ferry-maghreb-1100x733.jpg 1100w, https:\/\/www.mathezfreight.com\/wp-content\/uploads\/photo-car-ferry-maghreb-768x512.jpg 768w, https:\/\/www.mathezfreight.com\/wp-content\/uploads\/photo-car-ferry-maghreb-274x183.jpg 274w, https:\/\/www.mathezfreight.com\/wp-content\/uploads\/photo-car-ferry-maghreb-1200x800.jpg 1200w, https:\/\/www.mathezfreight.com\/wp-content\/uploads\/photo-car-ferry-maghreb-610x406.jpg 610w, https:\/\/www.mathezfreight.com\/wp-content\/uploads\/photo-car-ferry-maghreb.jpg 1220w\" sizes=\"(max-width: 375px) 100vw, 375px\" \/><\/a>\n\n                    \n                    \n                        <div class=\"lae-image-info\">\n\n                            <div class=\"lae-entry-info\">\n\n                                \n                                    <h3 class=\"lae-post-title\">\n\n                                        <a href=\"https:\/\/www.mathezfreight.com\/fr\/blog\/auto-export-ferry-douane-tva-maghreb\/\" title=\"Export de voitures vers Alg\u00e9rie, Maroc ou Tunisie: pourquoi passer par un transitaire en douane en 2026\"\n                                           rel=\"bookmark\">Export de voitures vers Alg\u00e9rie, Maroc ou Tunisie: pourquoi passer par un transitaire en douane en 2026<\/a>\n\n                                    <\/h3>\n\n                                \n                                \n                                    <span class=\"lae-terms\"><a href=\"https:\/\/www.mathezfreight.com\/fr\/blog\/categorie\/fret-mode-demploi\/\">Fret Mode d'Emploi<\/a><\/span>\n                                \n                            <\/div>\n\n                        <\/div><!-- .lae-image-info -->\n\n                    \n                <\/div>\n\n            \n            \n                <div class=\"lae-entry-text-wrap \">\n\n                    \n                        <h3 class=\"entry-title\">\n\n                            <a href=\"https:\/\/www.mathezfreight.com\/fr\/blog\/auto-export-ferry-douane-tva-maghreb\/\" title=\"Export de voitures vers Alg\u00e9rie, Maroc ou Tunisie: pourquoi passer par un transitaire en douane en 2026\"\n                               rel=\"bookmark\">Export de voitures vers Alg\u00e9rie, Maroc ou Tunisie: pourquoi passer par un transitaire en douane en 2026<\/a>\n\n                        <\/h3>\n\n                    \n                    \n                    \n                    \n                <\/div>\n\n            \n        \n    <\/article><!-- .hentry -->\n\n<\/div><!-- .lae-posts-carousel-item -->\n<div data-id=\"id-67142\" class=\"lae-posts-carousel-item\">\n\n    <article id=\"post-67142\" class=\"post-67142 post type-post status-publish format-standard has-post-thumbnail hentry category-fret-mode-demploi tag-douane tag-tva cibles-une cibles-agences-sud cibles-douane cibles-congres cibles-tva\">\n\n        \n            \n            \n            \n                <div class=\"lae-project-image\">\n\n                    \n                    \n                    \n                        <a href=\"https:\/\/www.mathezfreight.com\/fr\/blog\/suspension-douane-tva-salons-congres\/\"><img decoding=\"async\" width=\"375\" height=\"250\" src=\"https:\/\/www.mathezfreight.com\/wp-content\/uploads\/photo-onsite-salons-congres-375x250.jpg\" class=\"lae-image attachment-mti-medium-classic size-mti-medium-classic\" alt=\"Salons et congr\u00e8s : douane et TVA\" title=\"Salons et congr\u00e8s : douane et TVA\" srcset=\"https:\/\/www.mathezfreight.com\/wp-content\/uploads\/photo-onsite-salons-congres-375x250.jpg 375w, https:\/\/www.mathezfreight.com\/wp-content\/uploads\/photo-onsite-salons-congres-600x400.jpg 600w, https:\/\/www.mathezfreight.com\/wp-content\/uploads\/photo-onsite-salons-congres-1100x733.jpg 1100w, https:\/\/www.mathezfreight.com\/wp-content\/uploads\/photo-onsite-salons-congres-768x512.jpg 768w, https:\/\/www.mathezfreight.com\/wp-content\/uploads\/photo-onsite-salons-congres-274x183.jpg 274w, https:\/\/www.mathezfreight.com\/wp-content\/uploads\/photo-onsite-salons-congres-1200x800.jpg 1200w, https:\/\/www.mathezfreight.com\/wp-content\/uploads\/photo-onsite-salons-congres-610x406.jpg 610w, https:\/\/www.mathezfreight.com\/wp-content\/uploads\/photo-onsite-salons-congres.jpg 1220w\" sizes=\"(max-width: 375px) 100vw, 375px\" \/><\/a>\n\n                    \n                    \n                        <div class=\"lae-image-info\">\n\n                            <div class=\"lae-entry-info\">\n\n                                \n                                    <h3 class=\"lae-post-title\">\n\n                                        <a href=\"https:\/\/www.mathezfreight.com\/fr\/blog\/suspension-douane-tva-salons-congres\/\" title=\"Suspension de droits de douane et TVA sur les salons et congr\u00e8s: comment \u00e7a marche?\"\n                                           rel=\"bookmark\">Suspension de droits de douane et TVA sur les salons et congr\u00e8s: comment \u00e7a marche?<\/a>\n\n                                    <\/h3>\n\n                                \n                                \n                                    <span class=\"lae-terms\"><a href=\"https:\/\/www.mathezfreight.com\/fr\/blog\/categorie\/fret-mode-demploi\/\">Fret Mode d'Emploi<\/a><\/span>\n                                \n                            <\/div>\n\n                        <\/div><!-- .lae-image-info -->\n\n                    \n                <\/div>\n\n            \n            \n                <div class=\"lae-entry-text-wrap \">\n\n                    \n                        <h3 class=\"entry-title\">\n\n                            <a href=\"https:\/\/www.mathezfreight.com\/fr\/blog\/suspension-douane-tva-salons-congres\/\" title=\"Suspension de droits de douane et TVA sur les salons et congr\u00e8s: comment \u00e7a marche?\"\n                               rel=\"bookmark\">Suspension de droits de douane et TVA sur les salons et congr\u00e8s: comment \u00e7a marche?<\/a>\n\n                        <\/h3>\n\n                    \n                    \n                    \n                    \n                <\/div>\n\n            \n        \n    <\/article><!-- .hentry -->\n\n<\/div><!-- .lae-posts-carousel-item -->\n<div data-id=\"id-66861\" class=\"lae-posts-carousel-item\">\n\n    <article id=\"post-66861\" class=\"post-66861 post type-post status-publish format-standard has-post-thumbnail hentry category-fret-mode-demploi tag-douane tag-tva cibles-une cibles-agences-sud cibles-douane cibles-import cibles-congres cibles-tva cibles-yachts\">\n\n        \n            \n            \n            \n                <div class=\"lae-project-image\">\n\n                    \n                    \n                    \n                        <a href=\"https:\/\/www.mathezfreight.com\/fr\/blog\/douane-cannes-monaco-boat-shows\/\"><img decoding=\"async\" width=\"375\" height=\"250\" src=\"https:\/\/www.mathezfreight.com\/wp-content\/uploads\/photo-cannes-monaco-boat-shows-douane-375x250.jpg\" class=\"lae-image attachment-mti-medium-classic size-mti-medium-classic\" alt=\"photo-cannes-monaco-boat-shows-douane\" title=\"Yacht de luxe naviguant en mer M\u00e9diterran\u00e9e, conformit\u00e9 douani\u00e8re assur\u00e9e.\" srcset=\"https:\/\/www.mathezfreight.com\/wp-content\/uploads\/photo-cannes-monaco-boat-shows-douane-375x250.jpg 375w, https:\/\/www.mathezfreight.com\/wp-content\/uploads\/photo-cannes-monaco-boat-shows-douane-600x400.jpg 600w, https:\/\/www.mathezfreight.com\/wp-content\/uploads\/photo-cannes-monaco-boat-shows-douane-1100x733.jpg 1100w, https:\/\/www.mathezfreight.com\/wp-content\/uploads\/photo-cannes-monaco-boat-shows-douane-768x512.jpg 768w, https:\/\/www.mathezfreight.com\/wp-content\/uploads\/photo-cannes-monaco-boat-shows-douane-274x183.jpg 274w, https:\/\/www.mathezfreight.com\/wp-content\/uploads\/photo-cannes-monaco-boat-shows-douane-1200x800.jpg 1200w, https:\/\/www.mathezfreight.com\/wp-content\/uploads\/photo-cannes-monaco-boat-shows-douane-610x406.jpg 610w, https:\/\/www.mathezfreight.com\/wp-content\/uploads\/photo-cannes-monaco-boat-shows-douane.jpg 1220w\" sizes=\"(max-width: 375px) 100vw, 375px\" \/><\/a>\n\n                    \n                    \n                        <div class=\"lae-image-info\">\n\n                            <div class=\"lae-entry-info\">\n\n                                \n                                    <h3 class=\"lae-post-title\">\n\n                                        <a href=\"https:\/\/www.mathezfreight.com\/fr\/blog\/douane-cannes-monaco-boat-shows\/\" title=\"Cannes et Monaco Boat Shows: la douane en toute conformit\u00e9\"\n                                           rel=\"bookmark\">Cannes et Monaco Boat Shows: la douane en toute conformit\u00e9<\/a>\n\n                                    <\/h3>\n\n                                \n                                \n                                    <span class=\"lae-terms\"><a href=\"https:\/\/www.mathezfreight.com\/fr\/blog\/categorie\/fret-mode-demploi\/\">Fret Mode d'Emploi<\/a><\/span>\n                                \n                            <\/div>\n\n                        <\/div><!-- .lae-image-info -->\n\n                    \n                <\/div>\n\n            \n            \n                <div class=\"lae-entry-text-wrap \">\n\n                    \n                        <h3 class=\"entry-title\">\n\n                            <a href=\"https:\/\/www.mathezfreight.com\/fr\/blog\/douane-cannes-monaco-boat-shows\/\" title=\"Cannes et Monaco Boat Shows: la douane en toute conformit\u00e9\"\n                               rel=\"bookmark\">Cannes et Monaco Boat Shows: la douane en toute conformit\u00e9<\/a>\n\n                        <\/h3>\n\n                    \n                    \n                    \n                    \n                <\/div>\n\n            \n        \n    <\/article><!-- .hentry -->\n\n<\/div><!-- .lae-posts-carousel-item -->\n<div data-id=\"id-66938\" class=\"lae-posts-carousel-item\">\n\n    <article id=\"post-66938\" class=\"post-66938 post type-post status-publish format-standard has-post-thumbnail hentry category-operations tag-aerien tag-international tag-maritime cibles-une cibles-aerien cibles-maritime\">\n\n        \n            \n            \n            \n                <div class=\"lae-project-image\">\n\n                    \n                    \n                    \n                        <a href=\"https:\/\/www.mathezfreight.com\/fr\/blog\/crise-golfe-transports-sitrep\/\"><img decoding=\"async\" width=\"375\" height=\"250\" src=\"https:\/\/www.mathezfreight.com\/wp-content\/uploads\/photo-golfe-transports-sitrep-375x250.jpg\" class=\"lae-image attachment-mti-medium-classic size-mti-medium-classic\" alt=\"Situation des transports de marchandises transitant par le Golfe persan\" title=\"Transports de marchandises Golfe persique Sitrep 2026\" srcset=\"https:\/\/www.mathezfreight.com\/wp-content\/uploads\/photo-golfe-transports-sitrep-375x250.jpg 375w, https:\/\/www.mathezfreight.com\/wp-content\/uploads\/photo-golfe-transports-sitrep-600x400.jpg 600w, https:\/\/www.mathezfreight.com\/wp-content\/uploads\/photo-golfe-transports-sitrep-1100x733.jpg 1100w, https:\/\/www.mathezfreight.com\/wp-content\/uploads\/photo-golfe-transports-sitrep-768x512.jpg 768w, https:\/\/www.mathezfreight.com\/wp-content\/uploads\/photo-golfe-transports-sitrep-274x183.jpg 274w, https:\/\/www.mathezfreight.com\/wp-content\/uploads\/photo-golfe-transports-sitrep-1200x800.jpg 1200w, https:\/\/www.mathezfreight.com\/wp-content\/uploads\/photo-golfe-transports-sitrep-610x406.jpg 610w, https:\/\/www.mathezfreight.com\/wp-content\/uploads\/photo-golfe-transports-sitrep.jpg 1220w\" sizes=\"(max-width: 375px) 100vw, 375px\" \/><\/a>\n\n                    \n                    \n                        <div class=\"lae-image-info\">\n\n                            <div class=\"lae-entry-info\">\n\n                                \n                                    <h3 class=\"lae-post-title\">\n\n                                        <a href=\"https:\/\/www.mathezfreight.com\/fr\/blog\/crise-golfe-transports-sitrep\/\" title=\"Transports de marchandises via le Golfe persique: rapport de situation\"\n                                           rel=\"bookmark\">Transports de marchandises via le Golfe persique: rapport de situation<\/a>\n\n                                    <\/h3>\n\n                                \n                                \n                                    <span class=\"lae-terms\"><a href=\"https:\/\/www.mathezfreight.com\/fr\/blog\/categorie\/operations\/\">Op\u00e9rations<\/a><\/span>\n                                \n                            <\/div>\n\n                        <\/div><!-- .lae-image-info -->\n\n                    \n                <\/div>\n\n            \n            \n                <div class=\"lae-entry-text-wrap \">\n\n                    \n                        <h3 class=\"entry-title\">\n\n                            <a href=\"https:\/\/www.mathezfreight.com\/fr\/blog\/crise-golfe-transports-sitrep\/\" title=\"Transports de marchandises via le Golfe persique: rapport de situation\"\n                               rel=\"bookmark\">Transports de marchandises via le Golfe persique: rapport de situation<\/a>\n\n                        <\/h3>\n\n                    \n                    \n                    \n                    \n                <\/div>\n\n            \n        \n    <\/article><!-- .hentry -->\n\n<\/div><!-- .lae-posts-carousel-item -->\n<div data-id=\"id-66679\" class=\"lae-posts-carousel-item\">\n\n    <article id=\"post-66679\" class=\"post-66679 post type-post status-publish format-standard has-post-thumbnail hentry category-operations tag-aerien tag-international tag-maritime cibles-une cibles-aerien cibles-maritime\">\n\n        \n            \n            \n            \n                <div class=\"lae-project-image\">\n\n                    \n                    \n                    \n                        <a href=\"https:\/\/www.mathezfreight.com\/fr\/blog\/crise-moyen-orient-2026-transport-marchandises\/\"><img decoding=\"async\" width=\"375\" height=\"250\" src=\"https:\/\/www.mathezfreight.com\/wp-content\/uploads\/photo-moyen-orient-1-375x250.jpg\" class=\"lae-image attachment-mti-medium-classic size-mti-medium-classic\" alt=\"photo-moyen-orient\" title=\"photo-moyen-orient\" srcset=\"https:\/\/www.mathezfreight.com\/wp-content\/uploads\/photo-moyen-orient-1-375x250.jpg 375w, https:\/\/www.mathezfreight.com\/wp-content\/uploads\/photo-moyen-orient-1-274x183.jpg 274w\" sizes=\"(max-width: 375px) 100vw, 375px\" \/><\/a>\n\n                    \n                    \n                        <div class=\"lae-image-info\">\n\n                            <div class=\"lae-entry-info\">\n\n                                \n                                    <h3 class=\"lae-post-title\">\n\n                                        <a href=\"https:\/\/www.mathezfreight.com\/fr\/blog\/crise-moyen-orient-2026-transport-marchandises\/\" title=\"Crise au Moyen-Orient 2026: impacts sur le transport de marchandises et conseils aux chargeurs\"\n                                           rel=\"bookmark\">Crise au Moyen-Orient 2026: impacts sur le transport de marchandises et conseils aux chargeurs<\/a>\n\n                                    <\/h3>\n\n                                \n                                \n                                    <span class=\"lae-terms\"><a href=\"https:\/\/www.mathezfreight.com\/fr\/blog\/categorie\/operations\/\">Op\u00e9rations<\/a><\/span>\n                                \n                            <\/div>\n\n                        <\/div><!-- .lae-image-info -->\n\n                    \n                <\/div>\n\n            \n            \n                <div class=\"lae-entry-text-wrap \">\n\n                    \n                        <h3 class=\"entry-title\">\n\n                            <a href=\"https:\/\/www.mathezfreight.com\/fr\/blog\/crise-moyen-orient-2026-transport-marchandises\/\" title=\"Crise au Moyen-Orient 2026: impacts sur le transport de marchandises et conseils aux chargeurs\"\n                               rel=\"bookmark\">Crise au Moyen-Orient 2026: impacts sur le transport de marchandises et conseils aux chargeurs<\/a>\n\n                        <\/h3>\n\n                    \n                    \n                    \n                    \n                <\/div>\n\n            \n        \n    <\/article><!-- .hentry -->\n\n<\/div><!-- .lae-posts-carousel-item --><\/div><!-- .lae-posts-carousel -->\t\t\t\t<\/div>\n\t\t\t\t<\/div>\n\t\t\t\t\t<\/div>\n\t\t<\/div>\n\t\t\t\t\t<\/div>\n\t\t<\/aside>\n\t\t\t\t<section class=\"elementor-section elementor-top-section elementor-element elementor-element-32a5676 elementor-section-boxed elementor-section-height-default elementor-section-height-default default-style\" data-id=\"32a5676\" data-element_type=\"section\" data-e-type=\"section\" data-settings=\"{&quot;rt_color_sets&quot;:&quot;default-style&quot;}\">\n\t\t\t\t\t\t<div class=\"elementor-container elementor-column-gap-default\">\n\t\t\t\t\t<div class=\"elementor-column elementor-col-100 elementor-top-column elementor-element elementor-element-2a9b72a\" data-id=\"2a9b72a\" data-element_type=\"column\" data-e-type=\"column\">\n\t\t\t<div class=\"elementor-widget-wrap\">\n\t\t\t\t\t\t\t<\/div>\n\t\t<\/div>\n\t\t\t\t\t<\/div>\n\t\t<\/section>\n\t\t\t\t<\/div>\n\t\t","protected":false},"excerpt":{"rendered":"<p>Voice of the Independent, m\u00e9dia des transitaires du WCA, se penche sur les sp\u00e9cificit\u00e9s du transport dentaire dont MATHEZ FREIGHT est sp\u00e9cialiste.<\/p>\n","protected":false},"author":1,"featured_media":18298,"comment_status":"open","ping_status":"open","sticky":false,"template":"page-mti-a4.php","format":"standard","meta":{"iawp_total_views":6,"footnotes":""},"categories":[194,222],"tags":[130,198,448],"cibles":[157,219],"class_list":["post-18266","post","type-post","status-publish","format-standard","has-post-thumbnail","hentry","category-presse","category-operations","tag-aerien","tag-groupe","tag-turquie","cibles-aerien","cibles-dentaire"],"yoast_head":"<!-- This site is optimized with the Yoast SEO Premium plugin v27.4 (Yoast SEO v27.4) - https:\/\/yoast.com\/product\/yoast-seo-premium-wordpress\/ -->\n<title>Mathez Freight, sp\u00e9cialiste du transport dentaire - MATHEZ FREIGHT<\/title>\n<meta name=\"description\" content=\"Voice of the Independent, m\u00e9dia des transitaires du WCA, se penche sur les sp\u00e9cificit\u00e9s du transport dentaire dont MATHEZ FREIGHT est sp\u00e9cialiste.\" \/>\n<meta name=\"robots\" content=\"index, nofollow, max-snippet:-1, max-image-preview:large, max-video-preview:-1\" \/>\n<link rel=\"canonical\" href=\"https:\/\/www.mathezfreight.com\/fr\/blog\/mathez-freight-le-specialiste-du-transport-dentaire\/\" \/>\n<meta property=\"og:locale\" content=\"fr_FR\" \/>\n<meta property=\"og:type\" content=\"article\" \/>\n<meta property=\"og:title\" content=\"Mathez Freight, sp\u00e9cialiste du transport dentaire\" \/>\n<meta property=\"og:description\" content=\"Voice of the Independent, m\u00e9dia des transitaires du WCA, se penche sur les sp\u00e9cificit\u00e9s du transport dentaire dont MATHEZ FREIGHT est sp\u00e9cialiste.\" \/>\n<meta property=\"og:url\" content=\"https:\/\/www.mathezfreight.com\/fr\/blog\/mathez-freight-le-specialiste-du-transport-dentaire\/\" \/>\n<meta property=\"og:site_name\" content=\"MATHEZ FREIGHT\" \/>\n<meta property=\"article:publisher\" content=\"https:\/\/www.facebook.com\/MathezFreight\/\" \/>\n<meta property=\"article:published_time\" content=\"2018-09-23T14:53:17+00:00\" \/>\n<meta property=\"article:modified_time\" content=\"2025-03-20T10:36:12+00:00\" \/>\n<meta property=\"og:image\" content=\"https:\/\/www.mathezfreight.com\/wp-content\/uploads\/photo-presse-voti.png\" \/>\n\t<meta property=\"og:image:width\" content=\"600\" \/>\n\t<meta property=\"og:image:height\" content=\"400\" \/>\n\t<meta property=\"og:image:type\" content=\"image\/png\" \/>\n<meta name=\"author\" content=\"Agnes\" \/>\n<meta name=\"twitter:card\" content=\"summary_large_image\" \/>\n<meta name=\"twitter:creator\" content=\"@MathezFreight\" \/>\n<meta name=\"twitter:site\" content=\"@MathezFreight\" \/>\n<meta name=\"twitter:label1\" content=\"\u00c9crit par\" \/>\n\t<meta name=\"twitter:data1\" content=\"Agnes\" \/>\n\t<meta name=\"twitter:label2\" content=\"Dur\u00e9e de lecture estim\u00e9e\" \/>\n\t<meta name=\"twitter:data2\" content=\"1 minute\" \/>\n<script type=\"application\/ld+json\" class=\"yoast-schema-graph\">{\"@context\":\"https:\\\/\\\/schema.org\",\"@graph\":[{\"@type\":\"Article\",\"@id\":\"https:\\\/\\\/www.mathezfreight.com\\\/fr\\\/blog\\\/mathez-freight-le-specialiste-du-transport-dentaire\\\/#article\",\"isPartOf\":{\"@id\":\"https:\\\/\\\/www.mathezfreight.com\\\/fr\\\/blog\\\/mathez-freight-le-specialiste-du-transport-dentaire\\\/\"},\"author\":{\"name\":\"Agnes\",\"@id\":\"https:\\\/\\\/www.mathezfreight.com\\\/fr\\\/#\\\/schema\\\/person\\\/e3433d1aa11c0405311f7fbf4086fdf6\"},\"headline\":\"Mathez Freight, sp\u00e9cialiste du transport dentaire\",\"datePublished\":\"2018-09-23T14:53:17+00:00\",\"dateModified\":\"2025-03-20T10:36:12+00:00\",\"mainEntityOfPage\":{\"@id\":\"https:\\\/\\\/www.mathezfreight.com\\\/fr\\\/blog\\\/mathez-freight-le-specialiste-du-transport-dentaire\\\/\"},\"wordCount\":307,\"commentCount\":0,\"publisher\":{\"@id\":\"https:\\\/\\\/www.mathezfreight.com\\\/fr\\\/#organization\"},\"image\":{\"@id\":\"https:\\\/\\\/www.mathezfreight.com\\\/fr\\\/blog\\\/mathez-freight-le-specialiste-du-transport-dentaire\\\/#primaryimage\"},\"thumbnailUrl\":\"https:\\\/\\\/www.mathezfreight.com\\\/wp-content\\\/uploads\\\/photo-presse-voti.png\",\"keywords\":[\"A\u00e9rien\",\"Groupe\",\"Turquie\"],\"articleSection\":[\"Dans la presse\",\"Op\u00e9rations\"],\"inLanguage\":\"fr-FR\",\"potentialAction\":[{\"@type\":\"CommentAction\",\"name\":\"Comment\",\"target\":[\"https:\\\/\\\/www.mathezfreight.com\\\/fr\\\/blog\\\/mathez-freight-le-specialiste-du-transport-dentaire\\\/#respond\"]}]},{\"@type\":\"WebPage\",\"@id\":\"https:\\\/\\\/www.mathezfreight.com\\\/fr\\\/blog\\\/mathez-freight-le-specialiste-du-transport-dentaire\\\/\",\"url\":\"https:\\\/\\\/www.mathezfreight.com\\\/fr\\\/blog\\\/mathez-freight-le-specialiste-du-transport-dentaire\\\/\",\"name\":\"Mathez Freight, sp\u00e9cialiste du transport dentaire - MATHEZ FREIGHT\",\"isPartOf\":{\"@id\":\"https:\\\/\\\/www.mathezfreight.com\\\/fr\\\/#website\"},\"primaryImageOfPage\":{\"@id\":\"https:\\\/\\\/www.mathezfreight.com\\\/fr\\\/blog\\\/mathez-freight-le-specialiste-du-transport-dentaire\\\/#primaryimage\"},\"image\":{\"@id\":\"https:\\\/\\\/www.mathezfreight.com\\\/fr\\\/blog\\\/mathez-freight-le-specialiste-du-transport-dentaire\\\/#primaryimage\"},\"thumbnailUrl\":\"https:\\\/\\\/www.mathezfreight.com\\\/wp-content\\\/uploads\\\/photo-presse-voti.png\",\"datePublished\":\"2018-09-23T14:53:17+00:00\",\"dateModified\":\"2025-03-20T10:36:12+00:00\",\"description\":\"Voice of the Independent, m\u00e9dia des transitaires du WCA, se penche sur les sp\u00e9cificit\u00e9s du transport dentaire dont MATHEZ FREIGHT est sp\u00e9cialiste.\",\"breadcrumb\":{\"@id\":\"https:\\\/\\\/www.mathezfreight.com\\\/fr\\\/blog\\\/mathez-freight-le-specialiste-du-transport-dentaire\\\/#breadcrumb\"},\"inLanguage\":\"fr-FR\",\"potentialAction\":[{\"@type\":\"ReadAction\",\"target\":[\"https:\\\/\\\/www.mathezfreight.com\\\/fr\\\/blog\\\/mathez-freight-le-specialiste-du-transport-dentaire\\\/\"]}]},{\"@type\":\"ImageObject\",\"inLanguage\":\"fr-FR\",\"@id\":\"https:\\\/\\\/www.mathezfreight.com\\\/fr\\\/blog\\\/mathez-freight-le-specialiste-du-transport-dentaire\\\/#primaryimage\",\"url\":\"https:\\\/\\\/www.mathezfreight.com\\\/wp-content\\\/uploads\\\/photo-presse-voti.png\",\"contentUrl\":\"https:\\\/\\\/www.mathezfreight.com\\\/wp-content\\\/uploads\\\/photo-presse-voti.png\",\"width\":600,\"height\":400},{\"@type\":\"BreadcrumbList\",\"@id\":\"https:\\\/\\\/www.mathezfreight.com\\\/fr\\\/blog\\\/mathez-freight-le-specialiste-du-transport-dentaire\\\/#breadcrumb\",\"itemListElement\":[{\"@type\":\"ListItem\",\"position\":1,\"name\":\"Home\",\"item\":\"https:\\\/\\\/www.mathezfreight.com\\\/fr\\\/\"},{\"@type\":\"ListItem\",\"position\":2,\"name\":\"Dans la presse\",\"item\":\"https:\\\/\\\/www.mathezfreight.com\\\/fr\\\/blog\\\/categorie\\\/presse\\\/\"},{\"@type\":\"ListItem\",\"position\":3,\"name\":\"Mathez Freight, sp\u00e9cialiste du transport dentaire\"}]},{\"@type\":\"WebSite\",\"@id\":\"https:\\\/\\\/www.mathezfreight.com\\\/fr\\\/#website\",\"url\":\"https:\\\/\\\/www.mathezfreight.com\\\/fr\\\/\",\"name\":\"MATHEZ FREIGHT\",\"description\":\"Solutions transport sur mesure, suivies, efficaces\",\"publisher\":{\"@id\":\"https:\\\/\\\/www.mathezfreight.com\\\/fr\\\/#organization\"},\"alternateName\":\"MATHEZ TRANSPORTS INTERNATIONAUX\",\"potentialAction\":[{\"@type\":\"SearchAction\",\"target\":{\"@type\":\"EntryPoint\",\"urlTemplate\":\"https:\\\/\\\/www.mathezfreight.com\\\/fr\\\/?s={search_term_string}\"},\"query-input\":{\"@type\":\"PropertyValueSpecification\",\"valueRequired\":true,\"valueName\":\"search_term_string\"}}],\"inLanguage\":\"fr-FR\"},{\"@type\":\"Organization\",\"@id\":\"https:\\\/\\\/www.mathezfreight.com\\\/fr\\\/#organization\",\"name\":\"MATHEZ FREIGHT\",\"alternateName\":\"MATHEZ TRANSPORTS INTERNATIONAUX\",\"url\":\"https:\\\/\\\/www.mathezfreight.com\\\/fr\\\/\",\"logo\":{\"@type\":\"ImageObject\",\"inLanguage\":\"fr-FR\",\"@id\":\"https:\\\/\\\/www.mathezfreight.com\\\/fr\\\/#\\\/schema\\\/logo\\\/image\\\/\",\"url\":\"https:\\\/\\\/www.mathezfreight.com\\\/wp-content\\\/uploads\\\/logo-mathez-freight-400pxw.png\",\"contentUrl\":\"https:\\\/\\\/www.mathezfreight.com\\\/wp-content\\\/uploads\\\/logo-mathez-freight-400pxw.png\",\"width\":400,\"height\":136,\"caption\":\"MATHEZ FREIGHT\"},\"image\":{\"@id\":\"https:\\\/\\\/www.mathezfreight.com\\\/fr\\\/#\\\/schema\\\/logo\\\/image\\\/\"},\"sameAs\":[\"https:\\\/\\\/www.facebook.com\\\/MathezFreight\\\/\",\"https:\\\/\\\/x.com\\\/MathezFreight\",\"https:\\\/\\\/www.linkedin.com\\\/company\\\/mathezfreight\\\/\"],\"description\":\"Transitaire fran\u00e7ais, organisateur de transport international: fret a\u00e9rien, fret maritime, commissionnaire en douane agr\u00e9\u00e9 OEA-Full. 17 agences en France sur tous les principaux ports et a\u00e9roports.\",\"email\":\"web@mathezfreight.com\",\"telephone\":\"+33.497257825\",\"legalName\":\"MATHEZ TRANSPORTS INTERNATIONAUX\",\"foundingDate\":\"1950-01-01\",\"numberOfEmployees\":{\"@type\":\"QuantitativeValue\",\"minValue\":\"51\",\"maxValue\":\"200\"}},{\"@type\":\"Person\",\"@id\":\"https:\\\/\\\/www.mathezfreight.com\\\/fr\\\/#\\\/schema\\\/person\\\/e3433d1aa11c0405311f7fbf4086fdf6\",\"name\":\"Agnes\"}]}<\/script>\n<!-- \/ Yoast SEO Premium plugin. -->","yoast_head_json":{"title":"Mathez Freight, sp\u00e9cialiste du transport dentaire - MATHEZ FREIGHT","description":"Voice of the Independent, m\u00e9dia des transitaires du WCA, se penche sur les sp\u00e9cificit\u00e9s du transport dentaire dont MATHEZ FREIGHT est sp\u00e9cialiste.","robots":{"index":"index","follow":"nofollow","max-snippet":"max-snippet:-1","max-image-preview":"max-image-preview:large","max-video-preview":"max-video-preview:-1"},"canonical":"https:\/\/www.mathezfreight.com\/fr\/blog\/mathez-freight-le-specialiste-du-transport-dentaire\/","og_locale":"fr_FR","og_type":"article","og_title":"Mathez Freight, sp\u00e9cialiste du transport dentaire","og_description":"Voice of the Independent, m\u00e9dia des transitaires du WCA, se penche sur les sp\u00e9cificit\u00e9s du transport dentaire dont MATHEZ FREIGHT est sp\u00e9cialiste.","og_url":"https:\/\/www.mathezfreight.com\/fr\/blog\/mathez-freight-le-specialiste-du-transport-dentaire\/","og_site_name":"MATHEZ FREIGHT","article_publisher":"https:\/\/www.facebook.com\/MathezFreight\/","article_published_time":"2018-09-23T14:53:17+00:00","article_modified_time":"2025-03-20T10:36:12+00:00","og_image":[{"width":600,"height":400,"url":"https:\/\/www.mathezfreight.com\/wp-content\/uploads\/photo-presse-voti.png","type":"image\/png"}],"author":"Agnes","twitter_card":"summary_large_image","twitter_creator":"@MathezFreight","twitter_site":"@MathezFreight","twitter_misc":{"\u00c9crit par":"Agnes","Dur\u00e9e de lecture estim\u00e9e":"1 minute"},"schema":{"@context":"https:\/\/schema.org","@graph":[{"@type":"Article","@id":"https:\/\/www.mathezfreight.com\/fr\/blog\/mathez-freight-le-specialiste-du-transport-dentaire\/#article","isPartOf":{"@id":"https:\/\/www.mathezfreight.com\/fr\/blog\/mathez-freight-le-specialiste-du-transport-dentaire\/"},"author":{"name":"Agnes","@id":"https:\/\/www.mathezfreight.com\/fr\/#\/schema\/person\/e3433d1aa11c0405311f7fbf4086fdf6"},"headline":"Mathez Freight, sp\u00e9cialiste du transport dentaire","datePublished":"2018-09-23T14:53:17+00:00","dateModified":"2025-03-20T10:36:12+00:00","mainEntityOfPage":{"@id":"https:\/\/www.mathezfreight.com\/fr\/blog\/mathez-freight-le-specialiste-du-transport-dentaire\/"},"wordCount":307,"commentCount":0,"publisher":{"@id":"https:\/\/www.mathezfreight.com\/fr\/#organization"},"image":{"@id":"https:\/\/www.mathezfreight.com\/fr\/blog\/mathez-freight-le-specialiste-du-transport-dentaire\/#primaryimage"},"thumbnailUrl":"https:\/\/www.mathezfreight.com\/wp-content\/uploads\/photo-presse-voti.png","keywords":["A\u00e9rien","Groupe","Turquie"],"articleSection":["Dans la presse","Op\u00e9rations"],"inLanguage":"fr-FR","potentialAction":[{"@type":"CommentAction","name":"Comment","target":["https:\/\/www.mathezfreight.com\/fr\/blog\/mathez-freight-le-specialiste-du-transport-dentaire\/#respond"]}]},{"@type":"WebPage","@id":"https:\/\/www.mathezfreight.com\/fr\/blog\/mathez-freight-le-specialiste-du-transport-dentaire\/","url":"https:\/\/www.mathezfreight.com\/fr\/blog\/mathez-freight-le-specialiste-du-transport-dentaire\/","name":"Mathez Freight, sp\u00e9cialiste du transport dentaire - MATHEZ FREIGHT","isPartOf":{"@id":"https:\/\/www.mathezfreight.com\/fr\/#website"},"primaryImageOfPage":{"@id":"https:\/\/www.mathezfreight.com\/fr\/blog\/mathez-freight-le-specialiste-du-transport-dentaire\/#primaryimage"},"image":{"@id":"https:\/\/www.mathezfreight.com\/fr\/blog\/mathez-freight-le-specialiste-du-transport-dentaire\/#primaryimage"},"thumbnailUrl":"https:\/\/www.mathezfreight.com\/wp-content\/uploads\/photo-presse-voti.png","datePublished":"2018-09-23T14:53:17+00:00","dateModified":"2025-03-20T10:36:12+00:00","description":"Voice of the Independent, m\u00e9dia des transitaires du WCA, se penche sur les sp\u00e9cificit\u00e9s du transport dentaire dont MATHEZ FREIGHT est sp\u00e9cialiste.","breadcrumb":{"@id":"https:\/\/www.mathezfreight.com\/fr\/blog\/mathez-freight-le-specialiste-du-transport-dentaire\/#breadcrumb"},"inLanguage":"fr-FR","potentialAction":[{"@type":"ReadAction","target":["https:\/\/www.mathezfreight.com\/fr\/blog\/mathez-freight-le-specialiste-du-transport-dentaire\/"]}]},{"@type":"ImageObject","inLanguage":"fr-FR","@id":"https:\/\/www.mathezfreight.com\/fr\/blog\/mathez-freight-le-specialiste-du-transport-dentaire\/#primaryimage","url":"https:\/\/www.mathezfreight.com\/wp-content\/uploads\/photo-presse-voti.png","contentUrl":"https:\/\/www.mathezfreight.com\/wp-content\/uploads\/photo-presse-voti.png","width":600,"height":400},{"@type":"BreadcrumbList","@id":"https:\/\/www.mathezfreight.com\/fr\/blog\/mathez-freight-le-specialiste-du-transport-dentaire\/#breadcrumb","itemListElement":[{"@type":"ListItem","position":1,"name":"Home","item":"https:\/\/www.mathezfreight.com\/fr\/"},{"@type":"ListItem","position":2,"name":"Dans la presse","item":"https:\/\/www.mathezfreight.com\/fr\/blog\/categorie\/presse\/"},{"@type":"ListItem","position":3,"name":"Mathez Freight, sp\u00e9cialiste du transport dentaire"}]},{"@type":"WebSite","@id":"https:\/\/www.mathezfreight.com\/fr\/#website","url":"https:\/\/www.mathezfreight.com\/fr\/","name":"MATHEZ FREIGHT","description":"Solutions transport sur mesure, suivies, efficaces","publisher":{"@id":"https:\/\/www.mathezfreight.com\/fr\/#organization"},"alternateName":"MATHEZ TRANSPORTS INTERNATIONAUX","potentialAction":[{"@type":"SearchAction","target":{"@type":"EntryPoint","urlTemplate":"https:\/\/www.mathezfreight.com\/fr\/?s={search_term_string}"},"query-input":{"@type":"PropertyValueSpecification","valueRequired":true,"valueName":"search_term_string"}}],"inLanguage":"fr-FR"},{"@type":"Organization","@id":"https:\/\/www.mathezfreight.com\/fr\/#organization","name":"MATHEZ FREIGHT","alternateName":"MATHEZ TRANSPORTS INTERNATIONAUX","url":"https:\/\/www.mathezfreight.com\/fr\/","logo":{"@type":"ImageObject","inLanguage":"fr-FR","@id":"https:\/\/www.mathezfreight.com\/fr\/#\/schema\/logo\/image\/","url":"https:\/\/www.mathezfreight.com\/wp-content\/uploads\/logo-mathez-freight-400pxw.png","contentUrl":"https:\/\/www.mathezfreight.com\/wp-content\/uploads\/logo-mathez-freight-400pxw.png","width":400,"height":136,"caption":"MATHEZ FREIGHT"},"image":{"@id":"https:\/\/www.mathezfreight.com\/fr\/#\/schema\/logo\/image\/"},"sameAs":["https:\/\/www.facebook.com\/MathezFreight\/","https:\/\/x.com\/MathezFreight","https:\/\/www.linkedin.com\/company\/mathezfreight\/"],"description":"Transitaire fran\u00e7ais, organisateur de transport international: fret a\u00e9rien, fret maritime, commissionnaire en douane agr\u00e9\u00e9 OEA-Full. 17 agences en France sur tous les principaux ports et a\u00e9roports.","email":"web@mathezfreight.com","telephone":"+33.497257825","legalName":"MATHEZ TRANSPORTS INTERNATIONAUX","foundingDate":"1950-01-01","numberOfEmployees":{"@type":"QuantitativeValue","minValue":"51","maxValue":"200"}},{"@type":"Person","@id":"https:\/\/www.mathezfreight.com\/fr\/#\/schema\/person\/e3433d1aa11c0405311f7fbf4086fdf6","name":"Agnes"}]}},"_links":{"self":[{"href":"https:\/\/www.mathezfreight.com\/fr\/wp-json\/wp\/v2\/posts\/18266","targetHints":{"allow":["GET"]}}],"collection":[{"href":"https:\/\/www.mathezfreight.com\/fr\/wp-json\/wp\/v2\/posts"}],"about":[{"href":"https:\/\/www.mathezfreight.com\/fr\/wp-json\/wp\/v2\/types\/post"}],"author":[{"embeddable":true,"href":"https:\/\/www.mathezfreight.com\/fr\/wp-json\/wp\/v2\/users\/1"}],"replies":[{"embeddable":true,"href":"https:\/\/www.mathezfreight.com\/fr\/wp-json\/wp\/v2\/comments?post=18266"}],"version-history":[{"count":0,"href":"https:\/\/www.mathezfreight.com\/fr\/wp-json\/wp\/v2\/posts\/18266\/revisions"}],"wp:featuredmedia":[{"embeddable":true,"href":"https:\/\/www.mathezfreight.com\/fr\/wp-json\/wp\/v2\/media\/18298"}],"wp:attachment":[{"href":"https:\/\/www.mathezfreight.com\/fr\/wp-json\/wp\/v2\/media?parent=18266"}],"wp:term":[{"taxonomy":"category","embeddable":true,"href":"https:\/\/www.mathezfreight.com\/fr\/wp-json\/wp\/v2\/categories?post=18266"},{"taxonomy":"post_tag","embeddable":true,"href":"https:\/\/www.mathezfreight.com\/fr\/wp-json\/wp\/v2\/tags?post=18266"},{"taxonomy":"cibles","embeddable":true,"href":"https:\/\/www.mathezfreight.com\/fr\/wp-json\/wp\/v2\/cibles?post=18266"}],"curies":[{"name":"wp","href":"https:\/\/api.w.org\/{rel}","templated":true}]}}