{"id":67143,"date":"2026-03-13T14:16:50","date_gmt":"2026-03-13T14:16:50","guid":{"rendered":"https:\/\/www.mathezfreight.com\/?p=67143"},"modified":"2026-03-31T10:09:59","modified_gmt":"2026-03-31T10:09:59","slug":"customs-vat-exhibitions-france","status":"publish","type":"post","link":"https:\/\/www.mathezfreight.com\/en\/blog\/customs-vat-exhibitions-france\/","title":{"rendered":"How to handle customs duties and VAT on trade fairs and conferences in France?"},"content":{"rendered":"\t\t<div data-elementor-type=\"wp-post\" data-elementor-id=\"67143\" class=\"elementor elementor-67143 elementor-67142\" data-elementor-post-type=\"post\">\n\t\t\t\t\t\t<div class=\"elementor-section elementor-top-section elementor-element elementor-element-25ac58f elementor-section-stretched elementor-section-full_width mti-page-header bg-articles elementor-section-height-default elementor-section-height-default default-style elementor-invisible\" data-id=\"25ac58f\" data-element_type=\"section\" data-e-type=\"section\" id=\"mti-page-header\" data-settings=\"{&quot;stretch_section&quot;:&quot;section-stretched&quot;,&quot;animation&quot;:&quot;fadeIn&quot;,&quot;rt_color_sets&quot;:&quot;default-style&quot;}\">\n\t\t\t\t\t\t<div class=\"elementor-container elementor-column-gap-no\">\n\t\t\t\t\t<div class=\"elementor-column elementor-col-100 elementor-top-column elementor-element elementor-element-c3af877\" data-id=\"c3af877\" data-element_type=\"column\" data-e-type=\"column\">\n\t\t\t<div class=\"elementor-widget-wrap elementor-element-populated\">\n\t\t\t\t\t\t<div class=\"elementor-element elementor-element-354bdad elementor-widget elementor-widget-theme-post-featured-image elementor-widget-image\" data-id=\"354bdad\" data-element_type=\"widget\" data-e-type=\"widget\" data-widget_type=\"theme-post-featured-image.default\">\n\t\t\t\t<div class=\"elementor-widget-container\">\n\t\t\t\t\t\t\t\t\t\t\t\t\t\t\t<img decoding=\"async\" width=\"1220\" height=\"406\" src=\"https:\/\/www.mathezfreight.com\/wp-content\/uploads\/photo-onsite-salons-congres-1220x406.jpg\" class=\"attachment-mti-flat-banner size-mti-flat-banner wp-image-67531\" alt=\"Trade fairs and conferences: customs and VAT\" \/>\t\t\t\t\t\t\t\t\t\t\t\t\t\t\t<\/div>\n\t\t\t\t<\/div>\n\t\t\t\t\t<\/div>\n\t\t<\/div>\n\t\t\t\t\t<\/div>\n\t\t<\/div>\n\t\t\t\t<div class=\"elementor-section elementor-top-section elementor-element elementor-element-e862999 mti-page-excerpt excerpt-onleft highlight-articles elementor-section-boxed elementor-section-height-default elementor-section-height-default default-style elementor-invisible\" data-id=\"e862999\" data-element_type=\"section\" data-e-type=\"section\" id=\"mti-page-excerpt\" data-settings=\"{&quot;animation&quot;:&quot;fadeInUp&quot;,&quot;rt_color_sets&quot;:&quot;default-style&quot;}\">\n\t\t\t\t\t\t<div class=\"elementor-container elementor-column-gap-default\">\n\t\t\t\t\t<div class=\"elementor-column elementor-col-100 elementor-top-column elementor-element elementor-element-64290da default-style\" data-id=\"64290da\" data-element_type=\"column\" data-e-type=\"column\" data-settings=\"{&quot;background_background&quot;:&quot;classic&quot;}\">\n\t\t\t<div class=\"elementor-widget-wrap elementor-element-populated\">\n\t\t\t\t\t\t<div class=\"elementor-element elementor-element-13239bc elementor-align-left mti-blog-suptitle elementor-widget elementor-widget-post-info\" data-id=\"13239bc\" data-element_type=\"widget\" data-e-type=\"widget\" data-widget_type=\"post-info.default\">\n\t\t\t\t<div class=\"elementor-widget-container\">\n\t\t\t\t\t\t\t<ul class=\"elementor-inline-items elementor-icon-list-items elementor-post-info\">\n\t\t\t\t\t\t\t\t<li class=\"elementor-icon-list-item elementor-repeater-item-9687d75 elementor-inline-item\" itemprop=\"about\">\n\t\t\t\t\t\t\t\t\t\t\t\t\t<span class=\"elementor-icon-list-text elementor-post-info__item elementor-post-info__item--type-terms\">\n\t\t\t\t\t\t\t\t\t\t<span class=\"elementor-post-info__terms-list\">\n\t\t\t\t<a href=\"https:\/\/www.mathezfreight.com\/en\/blog\/category\/freight-tips\/\" class=\"elementor-post-info__terms-list-item\">Freight Tips<\/a>\t\t\t\t<\/span>\n\t\t\t\t\t<\/span>\n\t\t\t\t\t\t\t\t<\/li>\n\t\t\t\t<\/ul>\n\t\t\t\t\t\t<\/div>\n\t\t\t\t<\/div>\n\t\t\t\t<div class=\"elementor-element elementor-element-cdda569 elementor-widget elementor-widget-theme-post-title elementor-page-title elementor-widget-heading\" data-id=\"cdda569\" data-element_type=\"widget\" data-e-type=\"widget\" data-widget_type=\"theme-post-title.default\">\n\t\t\t\t<div class=\"elementor-widget-container\">\n\t\t\t\t\t<h1 class=\"elementor-heading-title elementor-size-default\">How to handle customs duties and VAT on trade fairs and conferences in France?<\/h1>\t\t\t\t<\/div>\n\t\t\t\t<\/div>\n\t\t\t\t<div class=\"elementor-element elementor-element-2b9bfd6 elementor-widget elementor-widget-theme-post-excerpt\" data-id=\"2b9bfd6\" data-element_type=\"widget\" data-e-type=\"widget\" data-widget_type=\"theme-post-excerpt.default\">\n\t\t\t\t<div class=\"elementor-widget-container\">\n\t\t\t\t\tWhat are the conditions for benefiting from the appropriate customs regimes and VAT exemption on your stand equipment and materials, when exhibiting in France? \t\t\t\t<\/div>\n\t\t\t\t<\/div>\n\t\t\t\t<div class=\"elementor-element elementor-element-b5deb30 elementor-align-right mti-blog-tags elementor-widget elementor-widget-post-info\" data-id=\"b5deb30\" data-element_type=\"widget\" data-e-type=\"widget\" data-widget_type=\"post-info.default\">\n\t\t\t\t<div class=\"elementor-widget-container\">\n\t\t\t\t\t\t\t<ul class=\"elementor-inline-items elementor-icon-list-items elementor-post-info\">\n\t\t\t\t\t\t\t\t<li class=\"elementor-icon-list-item elementor-repeater-item-7910e98 elementor-inline-item\" itemprop=\"datePublished\">\n\t\t\t\t\t\t\t\t\t\t<span class=\"elementor-icon-list-icon\">\n\t\t\t\t\t\t\t\t<i aria-hidden=\"true\" class=\"fas fa-calendar\"><\/i>\t\t\t\t\t\t\t<\/span>\n\t\t\t\t\t\t\t\t\t<span class=\"elementor-icon-list-text elementor-post-info__item elementor-post-info__item--type-date\">\n\t\t\t\t\t\t\t\t\t\t<time>13 March 2026<\/time>\t\t\t\t\t<\/span>\n\t\t\t\t\t\t\t\t<\/li>\n\t\t\t\t<li class=\"elementor-icon-list-item elementor-repeater-item-4e9c5fd elementor-inline-item\" itemprop=\"author\">\n\t\t\t\t\t\t\t\t\t\t<span class=\"elementor-icon-list-icon\">\n\t\t\t\t\t\t\t\t<i aria-hidden=\"true\" class=\"far fa-user-circle\"><\/i>\t\t\t\t\t\t\t<\/span>\n\t\t\t\t\t\t\t\t\t<span class=\"elementor-icon-list-text elementor-post-info__item elementor-post-info__item--type-author\">\n\t\t\t\t\t\t\t\t\t\tH\u00e9l\u00e8ne Plaquet\t\t\t\t\t<\/span>\n\t\t\t\t\t\t\t\t<\/li>\n\t\t\t\t<li class=\"elementor-icon-list-item elementor-repeater-item-f18f2db elementor-inline-item\" itemprop=\"about\">\n\t\t\t\t\t\t\t\t\t\t<span class=\"elementor-icon-list-icon\">\n\t\t\t\t\t\t\t\t<i aria-hidden=\"true\" class=\"fas fa-tags\"><\/i>\t\t\t\t\t\t\t<\/span>\n\t\t\t\t\t\t\t\t\t<span class=\"elementor-icon-list-text elementor-post-info__item elementor-post-info__item--type-terms\">\n\t\t\t\t\t\t\t\t\t\t<span class=\"elementor-post-info__terms-list\">\n\t\t\t\t<a href=\"https:\/\/www.mathezfreight.com\/en\/blog\/tag\/customs\/\" class=\"elementor-post-info__terms-list-item\">Customs<\/a>, <a href=\"https:\/\/www.mathezfreight.com\/en\/blog\/tag\/vat\/\" class=\"elementor-post-info__terms-list-item\">VAT<\/a>\t\t\t\t<\/span>\n\t\t\t\t\t<\/span>\n\t\t\t\t\t\t\t\t<\/li>\n\t\t\t\t<\/ul>\n\t\t\t\t\t\t<\/div>\n\t\t\t\t<\/div>\n\t\t\t\t\t<\/div>\n\t\t<\/div>\n\t\t\t\t\t<\/div>\n\t\t<\/div>\n\t\t\t\t<aside class=\"elementor-section elementor-top-section elementor-element elementor-element-da74b28 elementor-hidden-tablet elementor-hidden-phone mti-social-bar up elementor-section-boxed elementor-section-height-default elementor-section-height-default elementor-invisible\" data-id=\"da74b28\" data-element_type=\"section\" data-e-type=\"section\" data-settings=\"{&quot;animation&quot;:&quot;fadeInLeft&quot;}\">\n\t\t\t\t\t\t<div class=\"elementor-container elementor-column-gap-default\">\n\t\t\t\t\t<div class=\"elementor-column elementor-col-100 elementor-top-column elementor-element elementor-element-ba21d28\" data-id=\"ba21d28\" data-element_type=\"column\" data-e-type=\"column\">\n\t\t\t<div class=\"elementor-widget-wrap elementor-element-populated\">\n\t\t\t\t\t\t<div class=\"elementor-element elementor-element-318d352 elementor-share-buttons--view-icon elementor-share-buttons--skin-flat mti-social-bar-job elementor-share-buttons--shape-square elementor-grid-0 elementor-share-buttons--color-official elementor-invisible elementor-widget elementor-widget-global elementor-global-17249 elementor-widget-share-buttons\" data-id=\"318d352\" data-element_type=\"widget\" data-e-type=\"widget\" data-settings=\"{&quot;_animation&quot;:&quot;fadeInLeft&quot;}\" data-widget_type=\"share-buttons.default\">\n\t\t\t\t<div class=\"elementor-widget-container\">\n\t\t\t\t\t\t\t<div class=\"elementor-grid\" role=\"list\">\n\t\t\t\t\t\t\t\t<div class=\"elementor-grid-item\" role=\"listitem\">\n\t\t\t\t\t\t<div class=\"elementor-share-btn elementor-share-btn_email\" role=\"button\" tabindex=\"0\" aria-label=\"Share on email\">\n\t\t\t\t\t\t\t\t\t\t\t\t\t\t\t<span class=\"elementor-share-btn__icon\">\n\t\t\t\t\t\t\t\t<i class=\"fas fa-envelope\" aria-hidden=\"true\"><\/i>\t\t\t\t\t\t\t<\/span>\n\t\t\t\t\t\t\t\t\t\t\t\t\t\t\t\t\t\t\t\t<\/div>\n\t\t\t\t\t<\/div>\n\t\t\t\t\t\t\t\t\t<div class=\"elementor-grid-item\" role=\"listitem\">\n\t\t\t\t\t\t<div class=\"elementor-share-btn elementor-share-btn_linkedin\" role=\"button\" tabindex=\"0\" aria-label=\"Share on linkedin\">\n\t\t\t\t\t\t\t\t\t\t\t\t\t\t\t<span class=\"elementor-share-btn__icon\">\n\t\t\t\t\t\t\t\t<i class=\"fab fa-linkedin\" aria-hidden=\"true\"><\/i>\t\t\t\t\t\t\t<\/span>\n\t\t\t\t\t\t\t\t\t\t\t\t\t\t\t\t\t\t\t\t<\/div>\n\t\t\t\t\t<\/div>\n\t\t\t\t\t\t\t\t\t<div class=\"elementor-grid-item\" role=\"listitem\">\n\t\t\t\t\t\t<div class=\"elementor-share-btn elementor-share-btn_twitter\" role=\"button\" tabindex=\"0\" aria-label=\"Share on twitter\">\n\t\t\t\t\t\t\t\t\t\t\t\t\t\t\t<span class=\"elementor-share-btn__icon\">\n\t\t\t\t\t\t\t\t<i class=\"fab fa-twitter\" aria-hidden=\"true\"><\/i>\t\t\t\t\t\t\t<\/span>\n\t\t\t\t\t\t\t\t\t\t\t\t\t\t\t\t\t\t\t\t<\/div>\n\t\t\t\t\t<\/div>\n\t\t\t\t\t\t\t\t\t<div class=\"elementor-grid-item\" role=\"listitem\">\n\t\t\t\t\t\t<div class=\"elementor-share-btn elementor-share-btn_facebook\" role=\"button\" tabindex=\"0\" aria-label=\"Share on facebook\">\n\t\t\t\t\t\t\t\t\t\t\t\t\t\t\t<span class=\"elementor-share-btn__icon\">\n\t\t\t\t\t\t\t\t<i class=\"fab fa-facebook\" aria-hidden=\"true\"><\/i>\t\t\t\t\t\t\t<\/span>\n\t\t\t\t\t\t\t\t\t\t\t\t\t\t\t\t\t\t\t\t<\/div>\n\t\t\t\t\t<\/div>\n\t\t\t\t\t\t\t\t\t<div class=\"elementor-grid-item\" role=\"listitem\">\n\t\t\t\t\t\t<div class=\"elementor-share-btn elementor-share-btn_print\" role=\"button\" tabindex=\"0\" aria-label=\"Share on print\">\n\t\t\t\t\t\t\t\t\t\t\t\t\t\t\t<span class=\"elementor-share-btn__icon\">\n\t\t\t\t\t\t\t\t<i class=\"fas fa-print\" aria-hidden=\"true\"><\/i>\t\t\t\t\t\t\t<\/span>\n\t\t\t\t\t\t\t\t\t\t\t\t\t\t\t\t\t\t\t\t<\/div>\n\t\t\t\t\t<\/div>\n\t\t\t\t\t\t<\/div>\n\t\t\t\t\t\t<\/div>\n\t\t\t\t<\/div>\n\t\t\t\t\t<\/div>\n\t\t<\/div>\n\t\t\t\t\t<\/div>\n\t\t<\/aside>\n\t\t\t\t<div class=\"elementor-section elementor-top-section elementor-element elementor-element-1be72cc mti-article-body elementor-section-boxed elementor-section-height-default elementor-section-height-default default-style\" data-id=\"1be72cc\" data-element_type=\"section\" data-e-type=\"section\" data-settings=\"{&quot;rt_color_sets&quot;:&quot;default-style&quot;}\">\n\t\t\t\t\t\t<div class=\"elementor-container elementor-column-gap-default\">\n\t\t\t\t\t<div class=\"elementor-column elementor-col-100 elementor-top-column elementor-element elementor-element-1f5697b\" data-id=\"1f5697b\" data-element_type=\"column\" data-e-type=\"column\">\n\t\t\t<div class=\"elementor-widget-wrap elementor-element-populated\">\n\t\t\t\t\t\t<div class=\"elementor-element elementor-element-749442a elementor-widget elementor-widget-text-editor\" data-id=\"749442a\" data-element_type=\"widget\" data-e-type=\"widget\" data-widget_type=\"text-editor.default\">\n\t\t\t\t<div class=\"elementor-widget-container\">\n\t\t\t\t\t\t\t\t\t<p>Exhibitors importing equipment, materials, goodies, gifts and consumables are entitled to VAT, duty and tax exemptions under certain conditions in France. Follow the guide with our customs and <a href=\"https:\/\/www.mathezfreight.com\/en\/solutions\/freight\/event-logistics\/\"><u>event logistics<\/u> <\/a> experts .  <\/p>\t\t\t\t\t\t\t\t<\/div>\n\t\t\t\t<\/div>\n\t\t\t\t<section class=\"elementor-section elementor-inner-section elementor-element elementor-element-cbcc956 mti-section-essentiel elementor-section-boxed elementor-section-height-default elementor-section-height-default default-style\" data-id=\"cbcc956\" data-element_type=\"section\" data-e-type=\"section\" data-settings=\"{&quot;background_background&quot;:&quot;classic&quot;,&quot;rt_color_sets&quot;:&quot;default-style&quot;}\">\n\t\t\t\t\t\t<div class=\"elementor-container elementor-column-gap-default\">\n\t\t\t\t\t<div class=\"elementor-column elementor-col-50 elementor-inner-column elementor-element elementor-element-139cb88\" data-id=\"139cb88\" data-element_type=\"column\" data-e-type=\"column\">\n\t\t\t<div class=\"elementor-widget-wrap elementor-element-populated\">\n\t\t\t\t\t\t<div class=\"elementor-element elementor-element-aa0b70e elementor-widget elementor-widget-image\" data-id=\"aa0b70e\" data-element_type=\"widget\" data-e-type=\"widget\" data-widget_type=\"image.default\">\n\t\t\t\t<div class=\"elementor-widget-container\">\n\t\t\t\t\t\t\t\t\t\t\t\t\t\t\t<img decoding=\"async\" src=\"https:\/\/www.mathezfreight.com\/wp-content\/uploads\/elementor\/thumbs\/picto-bonhomme-mathez-trans-pj04t9fm877eetwvlparhcxme51rv7o3w0o9he3kwa.png\" title=\"picto-bonhomme-mathez-trans\" alt=\"picto-bonhomme-mathez-trans\" loading=\"lazy\" \/>\t\t\t\t\t\t\t\t\t\t\t\t\t\t\t<\/div>\n\t\t\t\t<\/div>\n\t\t\t\t\t<\/div>\n\t\t<\/div>\n\t\t\t\t<div class=\"elementor-column elementor-col-50 elementor-inner-column elementor-element elementor-element-f998be8\" data-id=\"f998be8\" data-element_type=\"column\" data-e-type=\"column\">\n\t\t\t<div class=\"elementor-widget-wrap elementor-element-populated\">\n\t\t\t\t\t\t<div class=\"elementor-element elementor-element-b2284b9 elementor-widget elementor-widget-text-editor\" data-id=\"b2284b9\" data-element_type=\"widget\" data-e-type=\"widget\" data-widget_type=\"text-editor.default\">\n\t\t\t\t<div class=\"elementor-widget-container\">\n\t\t\t\t\t\t\t\t\t<h2>Quick Tips for Logistics Professionals.<\/h2><ul><li><strong>Temporary or definitive importation<\/strong>: The destination of equipment and goods determines the applicable customs regime.<\/li><li><strong>Temporary Admission and ATA Carnet <\/strong>suspend customs duties and VAT when goods are to be re-exported.<\/li><li>Goods distributed or consumed at the show may benefit from special <strong>duty-free<\/strong> treatment.<\/li><li><strong>VAT reverse charge mechanism (ATVAI in french) <\/strong>is an attractive option for foreign exhibitors when they do have a fiscal representative &#8211; or even when they don&#8217;t, in some cases.<\/li><\/ul>\t\t\t\t\t\t\t\t<\/div>\n\t\t\t\t<\/div>\n\t\t\t\t\t<\/div>\n\t\t<\/div>\n\t\t\t\t\t<\/div>\n\t\t<\/section>\n\t\t\t\t<div class=\"elementor-element elementor-element-94c8bff elementor-widget elementor-widget-text-editor\" data-id=\"94c8bff\" data-element_type=\"widget\" data-e-type=\"widget\" data-widget_type=\"text-editor.default\">\n\t\t\t\t<div class=\"elementor-widget-container\">\n\t\t\t\t\t\t\t\t\t<h2 data-pm-slice=\"1 1 []\">What are the customs regulations for exhibition equipment? <\/h2><p>Exhibitors at trade fairs and conferences mobilize <strong>various types of equipments<\/strong>: stand structures, audiovisual equipment, demonstration pieces, catalogs and marketing materials, technical equipment, decorative elements&#8230;<\/p><p>These goods may be imported specifically for the event, and fall under different customs regimes depending on their destination: <strong>re-export after the show, or distribution\/consumption during the event<\/strong>.<\/p><p>The choice of an appropriate customs regime depends mainly on what happens to the goods after the show. Large stand elements or audiovisual equipment, for example, can be reused over several shows, whereas this is not the case for communication media, goodies, perfumes and chocolates, which are normally distributed or consumed on site.<\/p><h3><strong>Temporary admission <\/strong><strong>of equipment destined to leave after the show<\/strong><\/h3><p>When exhibition equipment is to be <strong>re-exported<\/strong>, it can be placed under a temporary import regime that <strong>suspends customs duties and VAT<\/strong>.<\/p><p>Two solutions are generally used:<\/p><h4><strong>Temporary admission<\/strong><\/h4><p><strong>Temporary Admission<\/strong> allows import duties and taxes to be suspended, provided that the equipment is re-exported within the allotted time and in the correct condition.<\/p><p>This plan is particularly suitable for :<\/p><ul><li>modular stand <strong>structures<\/strong><\/li><li><strong>audiovisual<\/strong> equipment<\/li><li>reusable <strong>furniture<\/strong><\/li><li><strong>technical supports<\/strong><\/li><li><strong>event equipment<\/strong> to be returned at the end of the show<\/li><\/ul><h4><strong>ATA Carnet (simplified Temporary Admission)<\/strong><\/h4><p>The <strong>ATA Carnet <\/strong>is an internationally recognized form of simplified Temporary Admission. It allows you to temporarily import equipment for trade fairs and exhibitions <strong>without paying duties and taxes<\/strong>, thanks to a single carnet stamped at each border crossing. <\/p><p>Some <strong>70 countries have ratified the ATA Convention<\/strong>. It is valid for <strong>one year<\/strong>, and a single carnet can cover <strong>several successive temporary admissions<\/strong>, making it particularly suitable for exhibitors taking part in several international trade shows. <\/p><h3><strong>Duty-free goods <\/strong><strong>goods distributed or consumed during the show<\/strong><\/h3><p>When goods are <strong>not intended for re-export<\/strong>, another system can be used: the <strong>duty-free allowance for exhibitions<\/strong> provided for by European regulations.<\/p><p>This scheme applies in particular to :<\/p><ul><li>small representative <strong>samples<\/strong><\/li><li>equipment intended exclusively for <strong>demonstration<\/strong> purposes<\/li><li>low-value <strong>materials<\/strong> used for the construction or decoration of temporary stands<\/li><li><strong>printed matter and advertising materials<\/strong> distributed free of charge.<\/li><\/ul><p>Catalogs, technical parts or marketing materials <strong>sent via express delivery<\/strong> to a trade show can also benefit from these provisions, subject to an appropriate customs declaration.<\/p><blockquote><p><strong>Caution: <\/strong>Incorrect classification of the customs procedure (Temporary Admission, ATA Carnet, exhibition exemption or definitive import) may result in immediate payment of customs duties and import VAT.<\/p><\/blockquote><h2><strong>VAT and import of exhibition materials for foreign exhibitors<\/strong><\/h2><p>For foreign exhibitors, the <strong>exhibition exemption<\/strong> is an interesting lever, but not all goods necessarily meet the conditions for exemption.<\/p><p>When products are not eligible (depending on the nature of the goods, their value or the conditions of use), one solution is to proceed with <strong>a definitive import with payment of duties and VAT<\/strong>.<\/p><p><span class=\"BZ_Pyq_fadeIn\">The <\/span><span class=\"BZ_Pyq_fadeIn\">elements <\/span><span class=\"BZ_Pyq_fadeIn\">of <\/span><span class=\"BZ_Pyq_fadeIn\">large <\/span><span class=\"BZ_Pyq_fadeIn\">size, <\/span><span class=\"BZ_Pyq_fadeIn\">such as <\/span><strong><span class=\"BZ_Pyq_fadeIn\">the <\/span><span class=\"BZ_Pyq_fadeIn\">stands <\/span><span class=\"BZ_Pyq_fadeIn\">or <\/span><span class=\"BZ_Pyq_fadeIn\">the <\/span><span class=\"BZ_Pyq_fadeIn\">equipment <\/span><span class=\"BZ_Pyq_fadeIn\">computer equipment <\/span><span class=\"BZ_Pyq_fadeIn\">and <\/span><\/strong> <span class=\"BZ_Pyq_fadeIn\"><strong>audiovisual<\/strong>,  <\/span><span class=\"BZ_Pyq_fadeIn\">are <\/span><span class=\"BZ_Pyq_fadeIn\">reusable <\/span><span class=\"BZ_Pyq_fadeIn\">on <\/span><span class=\"BZ_Pyq_fadeIn\">several <\/span><span class=\"BZ_Pyq_fadeIn\">shows <\/span><span class=\"BZ_Pyq_fadeIn\">and <\/span><strong><span class=\"BZ_Pyq_fadeIn\">can <\/span><span class=\"BZ_Pyq_fadeIn\">be <\/span><span class=\"BZ_Pyq_fadeIn\">imported <\/span><\/strong> <span class=\"BZ_Pyq_fadeIn\"><strong>temporarily<\/strong>.  <\/span><span class=\"BZ_Pyq_fadeIn\">At <\/span><span class=\"BZ_Pyq_fadeIn\">on the other hand, <\/span><strong><span class=\"BZ_Pyq_fadeIn\">the <\/span><span class=\"BZ_Pyq_fadeIn\">supports <\/span><span class=\"BZ_Pyq_fadeIn\">of <\/span><span class=\"BZ_Pyq_fadeIn\">communication <\/span><span class=\"BZ_Pyq_fadeIn\">the <\/span><span class=\"BZ_Pyq_fadeIn\">goodies, <\/span><span class=\"BZ_Pyq_fadeIn\">the <\/span><span class=\"BZ_Pyq_fadeIn\">fragrances <\/span><span class=\"BZ_Pyq_fadeIn\">or <\/span><span class=\"BZ_Pyq_fadeIn\">the <\/span><span class=\"BZ_Pyq_fadeIn\">chocolates <\/span><\/strong> <span class=\"BZ_Pyq_fadeIn\">are <\/span><span class=\"BZ_Pyq_fadeIn\">usually <\/span><span class=\"BZ_Pyq_fadeIn\">distributed <\/span><span class=\"BZ_Pyq_fadeIn\">or <\/span><span class=\"BZ_Pyq_fadeIn\">consumed <\/span><span class=\"BZ_Pyq_fadeIn\">at <\/span><span class=\"BZ_Pyq_fadeIn\">on-site <\/span><span class=\"BZ_Pyq_fadeIn\">and <\/span><strong><span class=\"BZ_Pyq_fadeIn\">must <\/span><span class=\"BZ_Pyq_fadeIn\">be <\/span><span class=\"BZ_Pyq_fadeIn\">be <\/span><span class=\"BZ_Pyq_fadeIn\">imported (permanent import)<\/span><span class=\"BZ_Pyq_fadeIn\">.<\/span><\/strong><\/p><p><strong>Products imported in excessive quantities<\/strong> cannot be considered as samples from a customs point of view. In such cases, <strong>duty-free treatment<\/strong> is not applicable, and customs duties will have to be paid on final importation.<\/p><p>In both cases, several VAT mechanisms can be mobilized for foreign exhibitors:<\/p><ul><li><strong>Reverse charge of import VAT (ATVAI in french)<\/strong> if the trader has <strong>French VAT registration and <a href=\"https:\/\/www.mathezfreight.com\/en\/blog\/eori-number-europe\/\">an EORI number<\/a><\/strong><\/li><li><strong>Exemptions from VAT identification<\/strong>, under certain conditions.<\/li><\/ul><p>A <strong>prior analysis of the customs regime<\/strong> can often optimize these operations.<\/p>\t\t\t\t\t\t\t\t<\/div>\n\t\t\t\t<\/div>\n\t\t\t\t<section class=\"elementor-section elementor-inner-section elementor-element elementor-element-92e2cd7 mti-cta-services elementor-section-boxed elementor-section-height-default elementor-section-height-default default-style\" data-id=\"92e2cd7\" data-element_type=\"section\" data-e-type=\"section\" data-settings=\"{&quot;background_background&quot;:&quot;classic&quot;,&quot;rt_color_sets&quot;:&quot;default-style&quot;}\">\n\t\t\t\t\t\t\t<div class=\"elementor-background-overlay\"><\/div>\n\t\t\t\t\t\t\t<div class=\"elementor-container elementor-column-gap-default\">\n\t\t\t\t\t<div class=\"elementor-column elementor-col-100 elementor-inner-column elementor-element elementor-element-bb25b2a\" data-id=\"bb25b2a\" data-element_type=\"column\" data-e-type=\"column\">\n\t\t\t<div class=\"elementor-widget-wrap elementor-element-populated\">\n\t\t\t\t\t\t<div class=\"elementor-element elementor-element-ba02429 elementor-widget elementor-widget-text-editor\" data-id=\"ba02429\" data-element_type=\"widget\" data-e-type=\"widget\" data-widget_type=\"text-editor.default\">\n\t\t\t\t<div class=\"elementor-widget-container\">\n\t\t\t\t\t\t\t\t\t<h2>Our services<\/h2><p>Local specialists at our French Riviera&#8217;s agencies (Nice, Carros, Cannes, La Ciotat, S\u00e8te) provide a full range of services.<\/p><ul><li><a href=\"https:\/\/www.mathezfreight.com\/en\/solutions\/freight\/event-logistics\/\">Event logistics<\/a> with customs management of stands, technical equipment, marketing materials, demonstration parts, catalogs, audiovisual materials or decorative elements imported for the event. We also offer a full range of transport and logistics services through our <a href=\"https:\/\/www.mathez-onsite-logistics.com\/en\/\">MATHEZ ONSITE LOGISTICS<\/a> department. <\/li><li>Carrying out yachting-specific <a href=\"https:\/\/www.mathezfreight.com\/en\/blog\/customs-cannes-monaco-boat-shows\/\">customs formalities on boat shows<\/a>, refit yards, purchases\/sales or other special situations, but also <a href=\"https:\/\/www.mathezfreight.com\/en\/services\/shipping\/\">boat transport<\/a> and <a href=\"https:\/\/www.demarches-plaisance.net\/\">flag-registry formalities in France<\/a>.<\/li><\/ul>\t\t\t\t\t\t\t\t<\/div>\n\t\t\t\t<\/div>\n\t\t\t\t\t<\/div>\n\t\t<\/div>\n\t\t\t\t\t<\/div>\n\t\t<\/section>\n\t\t\t\t<div class=\"elementor-element elementor-element-4d745d2 elementor-widget elementor-widget-spacer\" data-id=\"4d745d2\" data-element_type=\"widget\" data-e-type=\"widget\" data-widget_type=\"spacer.default\">\n\t\t\t\t<div class=\"elementor-widget-container\">\n\t\t\t\t\t\t\t<div class=\"elementor-spacer\">\n\t\t\t<div class=\"elementor-spacer-inner\"><\/div>\n\t\t<\/div>\n\t\t\t\t\t\t<\/div>\n\t\t\t\t<\/div>\n\t\t\t\t\t<\/div>\n\t\t<\/div>\n\t\t\t\t\t<\/div>\n\t\t<\/div>\n\t\t\t\t<div class=\"elementor-section elementor-top-section elementor-element elementor-element-cce3a6d mti-beau-gosse elementor-section-boxed elementor-section-height-default elementor-section-height-default default-style elementor-invisible\" data-id=\"cce3a6d\" data-element_type=\"section\" data-e-type=\"section\" data-settings=\"{&quot;animation&quot;:&quot;fadeIn&quot;,&quot;rt_color_sets&quot;:&quot;default-style&quot;}\">\n\t\t\t\t\t\t<div class=\"elementor-container elementor-column-gap-default\">\n\t\t\t\t\t<div class=\"elementor-column elementor-col-33 elementor-top-column elementor-element elementor-element-6d777df\" data-id=\"6d777df\" data-element_type=\"column\" data-e-type=\"column\">\n\t\t\t<div class=\"elementor-widget-wrap elementor-element-populated\">\n\t\t\t\t\t\t<div class=\"elementor-element elementor-element-db03397 aligncenter elementor-hidden-phone elementor-widget elementor-widget-image\" data-id=\"db03397\" data-element_type=\"widget\" data-e-type=\"widget\" data-widget_type=\"image.default\">\n\t\t\t\t<div class=\"elementor-widget-container\">\n\t\t\t\t\t\t\t\t\t\t\t\t\t\t\t<img decoding=\"async\" width=\"250\" height=\"375\" src=\"https:\/\/www.mathezfreight.com\/wp-content\/uploads\/photo-helene-plaquet-2020-1-250x375.png\" class=\"attachment-mti-medium-portrait size-mti-medium-portrait wp-image-46906\" alt=\"\" srcset=\"https:\/\/www.mathezfreight.com\/wp-content\/uploads\/photo-helene-plaquet-2020-1.png 250w, https:\/\/www.mathezfreight.com\/wp-content\/uploads\/photo-helene-plaquet-2020-1-125x187.png 125w\" sizes=\"(max-width: 250px) 100vw, 250px\" \/>\t\t\t\t\t\t\t\t\t\t\t\t\t\t\t<\/div>\n\t\t\t\t<\/div>\n\t\t\t\t\t<\/div>\n\t\t<\/div>\n\t\t\t\t<div class=\"elementor-column elementor-col-66 elementor-top-column elementor-element elementor-element-92a7442\" data-id=\"92a7442\" data-element_type=\"column\" data-e-type=\"column\">\n\t\t\t<div class=\"elementor-widget-wrap elementor-element-populated\">\n\t\t\t\t\t\t<div class=\"elementor-element elementor-element-bdbf158 elementor-widget elementor-widget-text-editor\" data-id=\"bdbf158\" data-element_type=\"widget\" data-e-type=\"widget\" data-widget_type=\"text-editor.default\">\n\t\t\t\t<div class=\"elementor-widget-container\">\n\t\t\t\t\t\t\t\t\t<blockquote><p data-pm-slice=\"1 1 []\">Contact our customs and event specialists to secure the logistics and customs formalities for your stands and equipment, or for any <a href=\"https:\/\/www.mathez-onsite-logistics.com\/en\/french-riviera-trade-shows\/\" target=\"_blank\" rel=\"noopener\">event or trade show on the C\u00f4te d&#8217;Azur<\/a> or in Paris.<\/p><\/blockquote><div style=\"text-align: left;\"><span style=\"color: #203669;\"><strong>H\u00e9l\u00e8ne Plaquet<\/strong><\/span>, <span style=\"color: #009f98;\"><strong>MATHEZ FREIGHT<\/strong><\/span><\/div>\t\t\t\t\t\t\t\t<\/div>\n\t\t\t\t<\/div>\n\t\t\t\t\t<\/div>\n\t\t<\/div>\n\t\t\t\t\t<\/div>\n\t\t<\/div>\n\t\t\t\t<aside class=\"elementor-section elementor-top-section elementor-element elementor-element-2637aff mti-social-bar bottom elementor-section-boxed elementor-section-height-default elementor-section-height-default default-style elementor-invisible\" data-id=\"2637aff\" data-element_type=\"section\" data-e-type=\"section\" data-settings=\"{&quot;animation&quot;:&quot;fadeIn&quot;,&quot;rt_color_sets&quot;:&quot;default-style&quot;}\">\n\t\t\t\t\t\t<div class=\"elementor-container elementor-column-gap-default\">\n\t\t\t\t\t<div class=\"elementor-column elementor-col-100 elementor-top-column elementor-element elementor-element-7e2d51c\" data-id=\"7e2d51c\" data-element_type=\"column\" data-e-type=\"column\">\n\t\t\t<div class=\"elementor-widget-wrap elementor-element-populated\">\n\t\t\t\t\t\t<div class=\"elementor-element elementor-element-ec97e6d elementor-share-buttons--view-icon elementor-share-buttons--skin-flat elementor-share-buttons--shape-square elementor-grid-0 elementor-share-buttons--color-official elementor-invisible elementor-widget elementor-widget-share-buttons\" data-id=\"ec97e6d\" data-element_type=\"widget\" data-e-type=\"widget\" data-settings=\"{&quot;_animation&quot;:&quot;fadeInLeft&quot;}\" data-widget_type=\"share-buttons.default\">\n\t\t\t\t<div class=\"elementor-widget-container\">\n\t\t\t\t\t\t\t<div class=\"elementor-grid\" role=\"list\">\n\t\t\t\t\t\t\t\t<div class=\"elementor-grid-item\" role=\"listitem\">\n\t\t\t\t\t\t<div class=\"elementor-share-btn elementor-share-btn_email\" role=\"button\" tabindex=\"0\" aria-label=\"Share on email\">\n\t\t\t\t\t\t\t\t\t\t\t\t\t\t\t<span class=\"elementor-share-btn__icon\">\n\t\t\t\t\t\t\t\t<i class=\"fas fa-envelope\" aria-hidden=\"true\"><\/i>\t\t\t\t\t\t\t<\/span>\n\t\t\t\t\t\t\t\t\t\t\t\t\t\t\t\t\t\t\t\t<\/div>\n\t\t\t\t\t<\/div>\n\t\t\t\t\t\t\t\t\t<div class=\"elementor-grid-item\" role=\"listitem\">\n\t\t\t\t\t\t<div class=\"elementor-share-btn elementor-share-btn_linkedin\" role=\"button\" tabindex=\"0\" aria-label=\"Share on linkedin\">\n\t\t\t\t\t\t\t\t\t\t\t\t\t\t\t<span class=\"elementor-share-btn__icon\">\n\t\t\t\t\t\t\t\t<i class=\"fab fa-linkedin\" aria-hidden=\"true\"><\/i>\t\t\t\t\t\t\t<\/span>\n\t\t\t\t\t\t\t\t\t\t\t\t\t\t\t\t\t\t\t\t<\/div>\n\t\t\t\t\t<\/div>\n\t\t\t\t\t\t\t\t\t<div class=\"elementor-grid-item\" role=\"listitem\">\n\t\t\t\t\t\t<div class=\"elementor-share-btn elementor-share-btn_twitter\" role=\"button\" tabindex=\"0\" aria-label=\"Share on twitter\">\n\t\t\t\t\t\t\t\t\t\t\t\t\t\t\t<span class=\"elementor-share-btn__icon\">\n\t\t\t\t\t\t\t\t<i class=\"fab fa-twitter\" aria-hidden=\"true\"><\/i>\t\t\t\t\t\t\t<\/span>\n\t\t\t\t\t\t\t\t\t\t\t\t\t\t\t\t\t\t\t\t<\/div>\n\t\t\t\t\t<\/div>\n\t\t\t\t\t\t\t\t\t<div class=\"elementor-grid-item\" role=\"listitem\">\n\t\t\t\t\t\t<div class=\"elementor-share-btn elementor-share-btn_facebook\" role=\"button\" tabindex=\"0\" aria-label=\"Share on facebook\">\n\t\t\t\t\t\t\t\t\t\t\t\t\t\t\t<span class=\"elementor-share-btn__icon\">\n\t\t\t\t\t\t\t\t<i class=\"fab fa-facebook\" aria-hidden=\"true\"><\/i>\t\t\t\t\t\t\t<\/span>\n\t\t\t\t\t\t\t\t\t\t\t\t\t\t\t\t\t\t\t\t<\/div>\n\t\t\t\t\t<\/div>\n\t\t\t\t\t\t\t\t\t<div class=\"elementor-grid-item\" role=\"listitem\">\n\t\t\t\t\t\t<div class=\"elementor-share-btn elementor-share-btn_print\" role=\"button\" tabindex=\"0\" aria-label=\"Share on print\">\n\t\t\t\t\t\t\t\t\t\t\t\t\t\t\t<span class=\"elementor-share-btn__icon\">\n\t\t\t\t\t\t\t\t<i class=\"fas fa-print\" aria-hidden=\"true\"><\/i>\t\t\t\t\t\t\t<\/span>\n\t\t\t\t\t\t\t\t\t\t\t\t\t\t\t\t\t\t\t\t<\/div>\n\t\t\t\t\t<\/div>\n\t\t\t\t\t\t<\/div>\n\t\t\t\t\t\t<\/div>\n\t\t\t\t<\/div>\n\t\t\t\t\t<\/div>\n\t\t<\/div>\n\t\t\t\t\t<\/div>\n\t\t<\/aside>\n\t\t\t\t<aside class=\"elementor-section elementor-top-section elementor-element elementor-element-030b571 mti-blog-grid single-post-bottom elementor-section-boxed elementor-section-height-default elementor-section-height-default default-style elementor-invisible\" data-id=\"030b571\" data-element_type=\"section\" data-e-type=\"section\" id=\"mti-blog-grid\" data-settings=\"{&quot;animation&quot;:&quot;fadeIn&quot;,&quot;rt_color_sets&quot;:&quot;default-style&quot;}\">\n\t\t\t\t\t\t<div class=\"elementor-container elementor-column-gap-default\">\n\t\t\t\t\t<div class=\"elementor-column elementor-col-100 elementor-top-column elementor-element elementor-element-dbe2e0f\" data-id=\"dbe2e0f\" data-element_type=\"column\" data-e-type=\"column\">\n\t\t\t<div class=\"elementor-widget-wrap elementor-element-populated\">\n\t\t\t\t\t\t<div class=\"elementor-element elementor-element-9e78f33 elementor-widget elementor-widget-heading\" data-id=\"9e78f33\" data-element_type=\"widget\" data-e-type=\"widget\" data-widget_type=\"heading.default\">\n\t\t\t\t<div class=\"elementor-widget-container\">\n\t\t\t\t\t<h3 class=\"elementor-heading-title elementor-size-default\">See also:<\/h3>\t\t\t\t<\/div>\n\t\t\t\t<\/div>\n\t\t\t\t<div class=\"elementor-element elementor-element-36baec8 elementor-widget elementor-widget-lae-posts-carousel\" data-id=\"36baec8\" data-element_type=\"widget\" data-e-type=\"widget\" data-widget_type=\"lae-posts-carousel.default\">\n\t\t\t\t<div class=\"elementor-widget-container\">\n\t\t\t\t\t\n<div        id=\"lae-posts-carousel-69f0d747ec058\"\n        class=\"lae-posts-carousel lae-container lae-classic-skin\"\n        data-settings='{&quot;arrows&quot;:false,&quot;dots&quot;:true,&quot;autoplay&quot;:false,&quot;autoplay_speed&quot;:3000,&quot;animation_speed&quot;:300,&quot;pause_on_hover&quot;:true,&quot;adaptive_height&quot;:false,&quot;display_columns&quot;:4,&quot;scroll_columns&quot;:3,&quot;gutter&quot;:10,&quot;tablet_width&quot;:800,&quot;tablet_display_columns&quot;:2,&quot;tablet_scroll_columns&quot;:2,&quot;tablet_gutter&quot;:10,&quot;mobile_width&quot;:480,&quot;mobile_display_columns&quot;:1,&quot;mobile_scroll_columns&quot;:1,&quot;mobile_gutter&quot;:10}'>\n<div data-id=\"id-67587\" class=\"lae-posts-carousel-item\">\n\n    <article id=\"post-67587\" class=\"post-67587 post type-post status-publish format-standard has-post-thumbnail hentry category-freight-tips tag-car-shipping tag-customs tag-vat cibles-cars cibles-customs cibles-featured cibles-southern-agencies cibles-vat\">\n\n        \n            \n            \n            \n                <div class=\"lae-project-image\">\n\n                    \n                    \n                    \n                        <a href=\"https:\/\/www.mathezfreight.com\/en\/blog\/auto-export-customs-vat-maghreb\/\"><img decoding=\"async\" width=\"274\" height=\"183\" src=\"https:\/\/www.mathezfreight.com\/wp-content\/uploads\/photo-car-ferry-maghreb-274x183.jpg\" class=\"lae-image attachment-mti-small-classic size-mti-small-classic\" alt=\"photo-car-ferry-maghreb\" title=\"Car exports to North Africa\" srcset=\"https:\/\/www.mathezfreight.com\/wp-content\/uploads\/photo-car-ferry-maghreb-274x183.jpg 274w, https:\/\/www.mathezfreight.com\/wp-content\/uploads\/photo-car-ferry-maghreb-600x400.jpg 600w, https:\/\/www.mathezfreight.com\/wp-content\/uploads\/photo-car-ferry-maghreb-1100x733.jpg 1100w, https:\/\/www.mathezfreight.com\/wp-content\/uploads\/photo-car-ferry-maghreb-768x512.jpg 768w, https:\/\/www.mathezfreight.com\/wp-content\/uploads\/photo-car-ferry-maghreb-375x250.jpg 375w, https:\/\/www.mathezfreight.com\/wp-content\/uploads\/photo-car-ferry-maghreb-1200x800.jpg 1200w, https:\/\/www.mathezfreight.com\/wp-content\/uploads\/photo-car-ferry-maghreb-610x406.jpg 610w, https:\/\/www.mathezfreight.com\/wp-content\/uploads\/photo-car-ferry-maghreb.jpg 1220w\" sizes=\"(max-width: 274px) 100vw, 274px\" \/><\/a>\n\n                    \n                    \n                        <div class=\"lae-image-info\">\n\n                            <div class=\"lae-entry-info\">\n\n                                \n                                    <h3 class=\"lae-post-title\">\n\n                                        <a href=\"https:\/\/www.mathezfreight.com\/en\/blog\/auto-export-customs-vat-maghreb\/\" title=\"Exporting cars to Algeria, Morocco or Tunisia: why use a customs broker in 2026?\"\n                                           rel=\"bookmark\">Exporting cars to Algeria, Morocco or Tunisia: why use a customs broker in 2026?<\/a>\n\n                                    <\/h3>\n\n                                \n                                \n                                    <span class=\"lae-terms\"><a href=\"https:\/\/www.mathezfreight.com\/en\/blog\/category\/freight-tips\/\">Freight Tips<\/a><\/span>\n                                \n                            <\/div>\n\n                        <\/div><!-- .lae-image-info -->\n\n                    \n                <\/div>\n\n            \n            \n                <div class=\"lae-entry-text-wrap \">\n\n                    \n                        <h3 class=\"entry-title\">\n\n                            <a href=\"https:\/\/www.mathezfreight.com\/en\/blog\/auto-export-customs-vat-maghreb\/\" title=\"Exporting cars to Algeria, Morocco or Tunisia: why use a customs broker in 2026?\"\n                               rel=\"bookmark\">Exporting cars to Algeria, Morocco or Tunisia: why use a customs broker in 2026?<\/a>\n\n                        <\/h3>\n\n                    \n                    \n                    \n                    \n                <\/div>\n\n            \n        \n    <\/article><!-- .hentry -->\n\n<\/div><!-- .lae-posts-carousel-item -->\n<div data-id=\"id-67143\" class=\"lae-posts-carousel-item\">\n\n    <article id=\"post-67143\" class=\"post-67143 post type-post status-publish format-standard has-post-thumbnail hentry category-freight-tips tag-customs tag-vat cibles-customs cibles-exhibitions-congresses cibles-featured cibles-southern-agencies cibles-vat\">\n\n        \n            \n            \n            \n                <div class=\"lae-project-image\">\n\n                    \n                    \n                    \n                        <a href=\"https:\/\/www.mathezfreight.com\/en\/blog\/customs-vat-exhibitions-france\/\"><img decoding=\"async\" width=\"274\" height=\"183\" src=\"https:\/\/www.mathezfreight.com\/wp-content\/uploads\/photo-onsite-salons-congres-274x183.jpg\" class=\"lae-image attachment-mti-small-classic size-mti-small-classic\" alt=\"Trade fairs and conferences: customs and VAT\" title=\"Trade fairs and conferences: customs and VAT\" srcset=\"https:\/\/www.mathezfreight.com\/wp-content\/uploads\/photo-onsite-salons-congres-274x183.jpg 274w, https:\/\/www.mathezfreight.com\/wp-content\/uploads\/photo-onsite-salons-congres-600x400.jpg 600w, https:\/\/www.mathezfreight.com\/wp-content\/uploads\/photo-onsite-salons-congres-1100x733.jpg 1100w, https:\/\/www.mathezfreight.com\/wp-content\/uploads\/photo-onsite-salons-congres-768x512.jpg 768w, https:\/\/www.mathezfreight.com\/wp-content\/uploads\/photo-onsite-salons-congres-375x250.jpg 375w, https:\/\/www.mathezfreight.com\/wp-content\/uploads\/photo-onsite-salons-congres-1200x800.jpg 1200w, https:\/\/www.mathezfreight.com\/wp-content\/uploads\/photo-onsite-salons-congres-610x406.jpg 610w, https:\/\/www.mathezfreight.com\/wp-content\/uploads\/photo-onsite-salons-congres.jpg 1220w\" sizes=\"(max-width: 274px) 100vw, 274px\" \/><\/a>\n\n                    \n                    \n                        <div class=\"lae-image-info\">\n\n                            <div class=\"lae-entry-info\">\n\n                                \n                                    <h3 class=\"lae-post-title\">\n\n                                        <a href=\"https:\/\/www.mathezfreight.com\/en\/blog\/customs-vat-exhibitions-france\/\" title=\"How to handle customs duties and VAT on trade fairs and conferences in France?\"\n                                           rel=\"bookmark\">How to handle customs duties and VAT on trade fairs and conferences in France?<\/a>\n\n                                    <\/h3>\n\n                                \n                                \n                                    <span class=\"lae-terms\"><a href=\"https:\/\/www.mathezfreight.com\/en\/blog\/category\/freight-tips\/\">Freight Tips<\/a><\/span>\n                                \n                            <\/div>\n\n                        <\/div><!-- .lae-image-info -->\n\n                    \n                <\/div>\n\n            \n            \n                <div class=\"lae-entry-text-wrap \">\n\n                    \n                        <h3 class=\"entry-title\">\n\n                            <a href=\"https:\/\/www.mathezfreight.com\/en\/blog\/customs-vat-exhibitions-france\/\" title=\"How to handle customs duties and VAT on trade fairs and conferences in France?\"\n                               rel=\"bookmark\">How to handle customs duties and VAT on trade fairs and conferences in France?<\/a>\n\n                        <\/h3>\n\n                    \n                    \n                    \n                    \n                <\/div>\n\n            \n        \n    <\/article><!-- .hentry -->\n\n<\/div><!-- .lae-posts-carousel-item -->\n<div data-id=\"id-66862\" class=\"lae-posts-carousel-item\">\n\n    <article id=\"post-66862\" class=\"post-66862 post type-post status-publish format-standard has-post-thumbnail hentry category-freight-tips tag-customs tag-vat cibles-customs cibles-exhibitions-congresses cibles-featured cibles-import-en cibles-southern-agencies cibles-vat cibles-yachts-en\">\n\n        \n            \n            \n            \n                <div class=\"lae-project-image\">\n\n                    \n                    \n                    \n                        <a href=\"https:\/\/www.mathezfreight.com\/en\/blog\/customs-cannes-monaco-boat-shows\/\"><img decoding=\"async\" width=\"274\" height=\"183\" src=\"https:\/\/www.mathezfreight.com\/wp-content\/uploads\/photo-cannes-monaco-boat-shows-douane-274x183.jpg\" class=\"lae-image attachment-mti-small-classic size-mti-small-classic\" alt=\"photo-cannes-monaco-boat-shows-douane\" title=\"Luxury yacht sailing the Mediterranean Sea, customs compliance assured.\" srcset=\"https:\/\/www.mathezfreight.com\/wp-content\/uploads\/photo-cannes-monaco-boat-shows-douane-274x183.jpg 274w, https:\/\/www.mathezfreight.com\/wp-content\/uploads\/photo-cannes-monaco-boat-shows-douane-600x400.jpg 600w, https:\/\/www.mathezfreight.com\/wp-content\/uploads\/photo-cannes-monaco-boat-shows-douane-1100x733.jpg 1100w, https:\/\/www.mathezfreight.com\/wp-content\/uploads\/photo-cannes-monaco-boat-shows-douane-768x512.jpg 768w, https:\/\/www.mathezfreight.com\/wp-content\/uploads\/photo-cannes-monaco-boat-shows-douane-375x250.jpg 375w, https:\/\/www.mathezfreight.com\/wp-content\/uploads\/photo-cannes-monaco-boat-shows-douane-1200x800.jpg 1200w, https:\/\/www.mathezfreight.com\/wp-content\/uploads\/photo-cannes-monaco-boat-shows-douane-610x406.jpg 610w, https:\/\/www.mathezfreight.com\/wp-content\/uploads\/photo-cannes-monaco-boat-shows-douane.jpg 1220w\" sizes=\"(max-width: 274px) 100vw, 274px\" \/><\/a>\n\n                    \n                    \n                        <div class=\"lae-image-info\">\n\n                            <div class=\"lae-entry-info\">\n\n                                \n                                    <h3 class=\"lae-post-title\">\n\n                                        <a href=\"https:\/\/www.mathezfreight.com\/en\/blog\/customs-cannes-monaco-boat-shows\/\" title=\"Cannes &amp; Monaco Boat Shows: how to handle customs for your yachts?\"\n                                           rel=\"bookmark\">Cannes &amp; Monaco Boat Shows: how to handle customs for your yachts?<\/a>\n\n                                    <\/h3>\n\n                                \n                                \n                                    <span class=\"lae-terms\"><a href=\"https:\/\/www.mathezfreight.com\/en\/blog\/category\/freight-tips\/\">Freight Tips<\/a><\/span>\n                                \n                            <\/div>\n\n                        <\/div><!-- .lae-image-info -->\n\n                    \n                <\/div>\n\n            \n            \n                <div class=\"lae-entry-text-wrap \">\n\n                    \n                        <h3 class=\"entry-title\">\n\n                            <a href=\"https:\/\/www.mathezfreight.com\/en\/blog\/customs-cannes-monaco-boat-shows\/\" title=\"Cannes &amp; Monaco Boat Shows: how to handle customs for your yachts?\"\n                               rel=\"bookmark\">Cannes &amp; Monaco Boat Shows: how to handle customs for your yachts?<\/a>\n\n                        <\/h3>\n\n                    \n                    \n                    \n                    \n                <\/div>\n\n            \n        \n    <\/article><!-- .hentry -->\n\n<\/div><!-- .lae-posts-carousel-item -->\n<div data-id=\"id-63723\" class=\"lae-posts-carousel-item\">\n\n    <article id=\"post-63723\" class=\"post-63723 post type-post status-publish format-standard has-post-thumbnail hentry category-freight-tips category-projects tag-customs cibles-customs cibles-northern-france-agencies cibles-sea\">\n\n        \n            \n            \n            \n                <div class=\"lae-project-image\">\n\n                    \n                    \n                    \n                        <a href=\"https:\/\/www.mathezfreight.com\/en\/blog\/delta-ie-import-transition-france\/\"><img decoding=\"async\" width=\"274\" height=\"183\" src=\"https:\/\/www.mathezfreight.com\/wp-content\/uploads\/photo-delta-ie-bascule-274x183.jpg\" class=\"lae-image attachment-mti-small-classic size-mti-small-classic\" alt=\"photo-delta-ie-bascule\" title=\"photo-delta-ie-bascule\" srcset=\"https:\/\/www.mathezfreight.com\/wp-content\/uploads\/photo-delta-ie-bascule-274x183.jpg 274w, https:\/\/www.mathezfreight.com\/wp-content\/uploads\/photo-delta-ie-bascule-375x250.jpg 375w\" sizes=\"(max-width: 274px) 100vw, 274px\" \/><\/a>\n\n                    \n                    \n                        <div class=\"lae-image-info\">\n\n                            <div class=\"lae-entry-info\">\n\n                                \n                                    <h3 class=\"lae-post-title\">\n\n                                        <a href=\"https:\/\/www.mathezfreight.com\/en\/blog\/delta-ie-import-transition-france\/\" title=\"Imports into France: rolling out a new EU Customs system \u2013 DELTA IE\"\n                                           rel=\"bookmark\">Imports into France: rolling out a new EU Customs system \u2013 DELTA IE<\/a>\n\n                                    <\/h3>\n\n                                \n                                \n                                    <span class=\"lae-terms\"><a href=\"https:\/\/www.mathezfreight.com\/en\/blog\/category\/freight-tips\/\">Freight Tips<\/a>, <a href=\"https:\/\/www.mathezfreight.com\/en\/blog\/category\/projects\/\">Operations<\/a><\/span>\n                                \n                            <\/div>\n\n                        <\/div><!-- .lae-image-info -->\n\n                    \n                <\/div>\n\n            \n            \n                <div class=\"lae-entry-text-wrap \">\n\n                    \n                        <h3 class=\"entry-title\">\n\n                            <a href=\"https:\/\/www.mathezfreight.com\/en\/blog\/delta-ie-import-transition-france\/\" title=\"Imports into France: rolling out a new EU Customs system \u2013 DELTA IE\"\n                               rel=\"bookmark\">Imports into France: rolling out a new EU Customs system \u2013 DELTA IE<\/a>\n\n                        <\/h3>\n\n                    \n                    \n                    \n                    \n                <\/div>\n\n            \n        \n    <\/article><!-- .hentry -->\n\n<\/div><!-- .lae-posts-carousel-item -->\n<div data-id=\"id-65263\" class=\"lae-posts-carousel-item\">\n\n    <article id=\"post-65263\" class=\"post-65263 post type-post status-publish format-standard has-post-thumbnail hentry category-freight-tips tag-customs tag-decarbonation cibles-aromas cibles-customs cibles-featured cibles-import-en cibles-northern-france-agencies\">\n\n        \n            \n            \n            \n                <div class=\"lae-project-image\">\n\n                    \n                    \n                    \n                        <a href=\"https:\/\/www.mathezfreight.com\/en\/blog\/eudr-deforestation-customs-2026-2027\/\"><img decoding=\"async\" width=\"274\" height=\"183\" src=\"https:\/\/www.mathezfreight.com\/wp-content\/uploads\/photo-forets-rdue-depositphotos_170188894_l-274x183.jpg\" class=\"lae-image attachment-mti-small-classic size-mti-small-classic\" alt=\"EUDR deforestation regulation Europe\" title=\"EUDR deforestation regulation Europe\" srcset=\"https:\/\/www.mathezfreight.com\/wp-content\/uploads\/photo-forets-rdue-depositphotos_170188894_l-274x183.jpg 274w, https:\/\/www.mathezfreight.com\/wp-content\/uploads\/photo-forets-rdue-depositphotos_170188894_l-600x400.jpg 600w, https:\/\/www.mathezfreight.com\/wp-content\/uploads\/photo-forets-rdue-depositphotos_170188894_l-1100x733.jpg 1100w, https:\/\/www.mathezfreight.com\/wp-content\/uploads\/photo-forets-rdue-depositphotos_170188894_l-768x512.jpg 768w, https:\/\/www.mathezfreight.com\/wp-content\/uploads\/photo-forets-rdue-depositphotos_170188894_l-375x250.jpg 375w, https:\/\/www.mathezfreight.com\/wp-content\/uploads\/photo-forets-rdue-depositphotos_170188894_l-1200x800.jpg 1200w, https:\/\/www.mathezfreight.com\/wp-content\/uploads\/photo-forets-rdue-depositphotos_170188894_l-610x406.jpg 610w, https:\/\/www.mathezfreight.com\/wp-content\/uploads\/photo-forets-rdue-depositphotos_170188894_l.jpg 1220w\" sizes=\"(max-width: 274px) 100vw, 274px\" \/><\/a>\n\n                    \n                    \n                        <div class=\"lae-image-info\">\n\n                            <div class=\"lae-entry-info\">\n\n                                \n                                    <h3 class=\"lae-post-title\">\n\n                                        <a href=\"https:\/\/www.mathezfreight.com\/en\/blog\/eudr-deforestation-customs-2026-2027\/\" title=\"EU anti-deforestation regulation (EUDR): anticipate your customs obligations 2026-2027\"\n                                           rel=\"bookmark\">EU anti-deforestation regulation (EUDR): anticipate your customs obligations 2026-2027<\/a>\n\n                                    <\/h3>\n\n                                \n                                \n                                    <span class=\"lae-terms\"><a href=\"https:\/\/www.mathezfreight.com\/en\/blog\/category\/freight-tips\/\">Freight Tips<\/a><\/span>\n                                \n                            <\/div>\n\n                        <\/div><!-- .lae-image-info -->\n\n                    \n                <\/div>\n\n            \n            \n                <div class=\"lae-entry-text-wrap \">\n\n                    \n                        <h3 class=\"entry-title\">\n\n                            <a href=\"https:\/\/www.mathezfreight.com\/en\/blog\/eudr-deforestation-customs-2026-2027\/\" title=\"EU anti-deforestation regulation (EUDR): anticipate your customs obligations 2026-2027\"\n                               rel=\"bookmark\">EU anti-deforestation regulation (EUDR): anticipate your customs obligations 2026-2027<\/a>\n\n                        <\/h3>\n\n                    \n                    \n                    \n                    \n                <\/div>\n\n            \n        \n    <\/article><!-- .hentry -->\n\n<\/div><!-- .lae-posts-carousel-item -->\n<div data-id=\"id-36809\" class=\"lae-posts-carousel-item\">\n\n    <article id=\"post-36809\" class=\"post-36809 post type-post status-publish format-standard has-post-thumbnail hentry category-freight-tips tag-customs cibles-customs cibles-featured cibles-import-en cibles-northern-france-agencies cibles-southern-agencies\">\n\n        \n            \n            \n            \n                <div class=\"lae-project-image\">\n\n                    \n                    \n                    \n                        <a href=\"https:\/\/www.mathezfreight.com\/en\/blog\/eu-customs-tariffs-last-update\/\"><img decoding=\"async\" width=\"274\" height=\"183\" src=\"https:\/\/www.mathezfreight.com\/wp-content\/uploads\/photo-code-douanier-2020-274x183.jpg\" class=\"lae-image attachment-mti-small-classic size-mti-small-classic\" alt=\"Customs code: find it in the Customs Tariff 2020\" title=\"Customs code: find it in the Customs Tariff 2020\" srcset=\"https:\/\/www.mathezfreight.com\/wp-content\/uploads\/photo-code-douanier-2020-274x183.jpg 274w, https:\/\/www.mathezfreight.com\/wp-content\/uploads\/photo-code-douanier-2020-375x250.jpg 375w, https:\/\/www.mathezfreight.com\/wp-content\/uploads\/photo-code-douanier-2020-1200x800.jpg 1200w\" sizes=\"(max-width: 274px) 100vw, 274px\" \/><\/a>\n\n                    \n                    \n                        <div class=\"lae-image-info\">\n\n                            <div class=\"lae-entry-info\">\n\n                                \n                                    <h3 class=\"lae-post-title\">\n\n                                        <a href=\"https:\/\/www.mathezfreight.com\/en\/blog\/eu-customs-tariffs-last-update\/\" title=\"How to check your customs codes and tariffs in 2026?\"\n                                           rel=\"bookmark\">How to check your customs codes and tariffs in 2026?<\/a>\n\n                                    <\/h3>\n\n                                \n                                \n                                    <span class=\"lae-terms\"><a href=\"https:\/\/www.mathezfreight.com\/en\/blog\/category\/freight-tips\/\">Freight Tips<\/a><\/span>\n                                \n                            <\/div>\n\n                        <\/div><!-- .lae-image-info -->\n\n                    \n                <\/div>\n\n            \n            \n                <div class=\"lae-entry-text-wrap \">\n\n                    \n                        <h3 class=\"entry-title\">\n\n                            <a href=\"https:\/\/www.mathezfreight.com\/en\/blog\/eu-customs-tariffs-last-update\/\" title=\"How to check your customs codes and tariffs in 2026?\"\n                               rel=\"bookmark\">How to check your customs codes and tariffs in 2026?<\/a>\n\n                        <\/h3>\n\n                    \n                    \n                    \n                    \n                <\/div>\n\n            \n        \n    <\/article><!-- .hentry -->\n\n<\/div><!-- .lae-posts-carousel-item -->\n<div data-id=\"id-51491\" class=\"lae-posts-carousel-item\">\n\n    <article id=\"post-51491\" class=\"post-51491 post type-post status-publish format-standard has-post-thumbnail hentry category-freight-tips tag-customs tag-international-tag cibles-customs cibles-featured cibles-import-en cibles-northern-france-agencies\">\n\n        \n            \n            \n            \n                <div class=\"lae-project-image\">\n\n                    \n                    \n                    \n                        <a href=\"https:\/\/www.mathezfreight.com\/en\/blog\/eori-numbers-changes-in-2026-france-eu\/\"><img decoding=\"async\" width=\"274\" height=\"183\" src=\"https:\/\/www.mathezfreight.com\/wp-content\/uploads\/photo-eori-france-2024-2026-274x183.png\" class=\"lae-image attachment-mti-small-classic size-mti-small-classic\" alt=\"photo-eori-france-2024-2026\" title=\"EORI numbers: changes 2024-2026\" srcset=\"https:\/\/www.mathezfreight.com\/wp-content\/uploads\/photo-eori-france-2024-2026-274x183.png 274w, https:\/\/www.mathezfreight.com\/wp-content\/uploads\/photo-eori-france-2024-2026-375x250.png 375w, https:\/\/www.mathezfreight.com\/wp-content\/uploads\/photo-eori-france-2024-2026-1200x800.png 1200w, https:\/\/www.mathezfreight.com\/wp-content\/uploads\/photo-eori-france-2024-2026-25x16.png 25w, https:\/\/www.mathezfreight.com\/wp-content\/uploads\/photo-eori-france-2024-2026-68x45.png 68w\" sizes=\"(max-width: 274px) 100vw, 274px\" \/><\/a>\n\n                    \n                    \n                        <div class=\"lae-image-info\">\n\n                            <div class=\"lae-entry-info\">\n\n                                \n                                    <h3 class=\"lae-post-title\">\n\n                                        <a href=\"https:\/\/www.mathezfreight.com\/en\/blog\/eori-numbers-changes-in-2026-france-eu\/\" title=\"EORI numbers: what&#8217;s changing in 2026 in France\"\n                                           rel=\"bookmark\">EORI numbers: what&#8217;s changing in 2026 in France<\/a>\n\n                                    <\/h3>\n\n                                \n                                \n                                    <span class=\"lae-terms\"><a href=\"https:\/\/www.mathezfreight.com\/en\/blog\/category\/freight-tips\/\">Freight Tips<\/a><\/span>\n                                \n                            <\/div>\n\n                        <\/div><!-- .lae-image-info -->\n\n                    \n                <\/div>\n\n            \n            \n                <div class=\"lae-entry-text-wrap \">\n\n                    \n                        <h3 class=\"entry-title\">\n\n                            <a href=\"https:\/\/www.mathezfreight.com\/en\/blog\/eori-numbers-changes-in-2026-france-eu\/\" title=\"EORI numbers: what&#8217;s changing in 2026 in France\"\n                               rel=\"bookmark\">EORI numbers: what&#8217;s changing in 2026 in France<\/a>\n\n                        <\/h3>\n\n                    \n                    \n                    \n                    \n                <\/div>\n\n            \n        \n    <\/article><!-- .hentry -->\n\n<\/div><!-- .lae-posts-carousel-item -->\n<div data-id=\"id-64564\" class=\"lae-posts-carousel-item\">\n\n    <article id=\"post-64564\" class=\"post-64564 post type-post status-publish format-standard has-post-thumbnail hentry category-freight-tips tag-customs tag-yachting-tag cibles-customs cibles-featured cibles-southern-agencies cibles-yachts-en\">\n\n        \n            \n            \n            \n                <div class=\"lae-project-image\">\n\n                    \n                    \n                    \n                        <a href=\"https:\/\/www.mathezfreight.com\/en\/blog\/temporary-admission-yachting\/\"><img decoding=\"async\" width=\"274\" height=\"183\" src=\"https:\/\/www.mathezfreight.com\/wp-content\/uploads\/photo_yachts_depositphotos_91479904_l-274x183.jpg\" class=\"lae-image attachment-mti-small-classic size-mti-small-classic\" alt=\"Temporary admission 18 months yachting\" title=\"Temporary admission 18 months yachting\" srcset=\"https:\/\/www.mathezfreight.com\/wp-content\/uploads\/photo_yachts_depositphotos_91479904_l-274x183.jpg 274w, https:\/\/www.mathezfreight.com\/wp-content\/uploads\/photo_yachts_depositphotos_91479904_l-375x250.jpg 375w\" sizes=\"(max-width: 274px) 100vw, 274px\" \/><\/a>\n\n                    \n                    \n                        <div class=\"lae-image-info\">\n\n                            <div class=\"lae-entry-info\">\n\n                                \n                                    <h3 class=\"lae-post-title\">\n\n                                        <a href=\"https:\/\/www.mathezfreight.com\/en\/blog\/temporary-admission-yachting\/\" title=\"18-month temporary admission for yachts: sailing in Europe without import or VAT\"\n                                           rel=\"bookmark\">18-month temporary admission for yachts: sailing in Europe without import or VAT<\/a>\n\n                                    <\/h3>\n\n                                \n                                \n                                    <span class=\"lae-terms\"><a href=\"https:\/\/www.mathezfreight.com\/en\/blog\/category\/freight-tips\/\">Freight Tips<\/a><\/span>\n                                \n                            <\/div>\n\n                        <\/div><!-- .lae-image-info -->\n\n                    \n                <\/div>\n\n            \n            \n                <div class=\"lae-entry-text-wrap \">\n\n                    \n                        <h3 class=\"entry-title\">\n\n                            <a href=\"https:\/\/www.mathezfreight.com\/en\/blog\/temporary-admission-yachting\/\" title=\"18-month temporary admission for yachts: sailing in Europe without import or VAT\"\n                               rel=\"bookmark\">18-month temporary admission for yachts: sailing in Europe without import or VAT<\/a>\n\n                        <\/h3>\n\n                    \n                    \n                    \n                    \n                <\/div>\n\n            \n        \n    <\/article><!-- .hentry -->\n\n<\/div><!-- .lae-posts-carousel-item -->\n<div data-id=\"id-61886\" class=\"lae-posts-carousel-item\">\n\n    <article id=\"post-61886\" class=\"post-61886 post type-post status-publish format-standard has-post-thumbnail hentry category-freight-tips tag-customs cibles-customs cibles-northern-france-agencies cibles-vat\">\n\n        \n            \n            \n            \n                <div class=\"lae-project-image\">\n\n                    \n                    \n                    \n                        <a href=\"https:\/\/www.mathezfreight.com\/en\/blog\/after-sales-shipments-customs\/\"><img decoding=\"async\" width=\"274\" height=\"183\" src=\"https:\/\/www.mathezfreight.com\/wp-content\/uploads\/photo_sav_depositphotos_129681550_XL-274x183.jpg\" class=\"lae-image attachment-mti-small-classic size-mti-small-classic\" alt=\"International after-sales service Customs and VAT\" title=\"International after-sales service Customs and VAT\" srcset=\"https:\/\/www.mathezfreight.com\/wp-content\/uploads\/photo_sav_depositphotos_129681550_XL-274x183.jpg 274w, https:\/\/www.mathezfreight.com\/wp-content\/uploads\/photo_sav_depositphotos_129681550_XL-375x250.jpg 375w\" sizes=\"(max-width: 274px) 100vw, 274px\" \/><\/a>\n\n                    \n                    \n                        <div class=\"lae-image-info\">\n\n                            <div class=\"lae-entry-info\">\n\n                                \n                                    <h3 class=\"lae-post-title\">\n\n                                        <a href=\"https:\/\/www.mathezfreight.com\/en\/blog\/after-sales-shipments-customs\/\" title=\"International after-sales returns: customs solutions for manufacturers\"\n                                           rel=\"bookmark\">International after-sales returns: customs solutions for manufacturers<\/a>\n\n                                    <\/h3>\n\n                                \n                                \n                                    <span class=\"lae-terms\"><a href=\"https:\/\/www.mathezfreight.com\/en\/blog\/category\/freight-tips\/\">Freight Tips<\/a><\/span>\n                                \n                            <\/div>\n\n                        <\/div><!-- .lae-image-info -->\n\n                    \n                <\/div>\n\n            \n            \n                <div class=\"lae-entry-text-wrap \">\n\n                    \n                        <h3 class=\"entry-title\">\n\n                            <a href=\"https:\/\/www.mathezfreight.com\/en\/blog\/after-sales-shipments-customs\/\" title=\"International after-sales returns: customs solutions for manufacturers\"\n                               rel=\"bookmark\">International after-sales returns: customs solutions for manufacturers<\/a>\n\n                        <\/h3>\n\n                    \n                    \n                    \n                    \n                <\/div>\n\n            \n        \n    <\/article><!-- .hentry -->\n\n<\/div><!-- .lae-posts-carousel-item -->\n<div data-id=\"id-61049\" class=\"lae-posts-carousel-item\">\n\n    <article id=\"post-61049\" class=\"post-61049 post type-post status-publish format-standard has-post-thumbnail hentry category-freight-tips tag-customs cibles-customs cibles-sea\">\n\n        \n            \n            \n            \n                <div class=\"lae-project-image\">\n\n                    \n                    \n                    \n                        <a href=\"https:\/\/www.mathezfreight.com\/en\/blog\/delta-ie-import-form-h1\/\"><img decoding=\"async\" width=\"274\" height=\"183\" src=\"https:\/\/www.mathezfreight.com\/wp-content\/uploads\/photo-dedouanemenbt-france-depositphotos_315094188_L-274x183.jpg\" class=\"lae-image attachment-mti-small-classic size-mti-small-classic\" alt=\"CUSTOMS CLEARANCE text and flag of France on the buttons on the computer keyboard. Import or export related conceptual 3D rendering\" title=\"D\u00e9douanement France\" srcset=\"https:\/\/www.mathezfreight.com\/wp-content\/uploads\/photo-dedouanemenbt-france-depositphotos_315094188_L-274x183.jpg 274w, https:\/\/www.mathezfreight.com\/wp-content\/uploads\/photo-dedouanemenbt-france-depositphotos_315094188_L-375x250.jpg 375w\" sizes=\"(max-width: 274px) 100vw, 274px\" \/><\/a>\n\n                    \n                    \n                        <div class=\"lae-image-info\">\n\n                            <div class=\"lae-entry-info\">\n\n                                \n                                    <h3 class=\"lae-post-title\">\n\n                                        <a href=\"https:\/\/www.mathezfreight.com\/en\/blog\/delta-ie-import-form-h1\/\" title=\"Customs clearance changes in France with DELTA IE and H1 declarations\"\n                                           rel=\"bookmark\">Customs clearance changes in France with DELTA IE and H1 declarations<\/a>\n\n                                    <\/h3>\n\n                                \n                                \n                                    <span class=\"lae-terms\"><a href=\"https:\/\/www.mathezfreight.com\/en\/blog\/category\/freight-tips\/\">Freight Tips<\/a><\/span>\n                                \n                            <\/div>\n\n                        <\/div><!-- .lae-image-info -->\n\n                    \n                <\/div>\n\n            \n            \n                <div class=\"lae-entry-text-wrap \">\n\n                    \n                        <h3 class=\"entry-title\">\n\n                            <a href=\"https:\/\/www.mathezfreight.com\/en\/blog\/delta-ie-import-form-h1\/\" title=\"Customs clearance changes in France with DELTA IE and H1 declarations\"\n                               rel=\"bookmark\">Customs clearance changes in France with DELTA IE and H1 declarations<\/a>\n\n                        <\/h3>\n\n                    \n                    \n                    \n                    \n                <\/div>\n\n            \n        \n    <\/article><!-- .hentry -->\n\n<\/div><!-- .lae-posts-carousel-item --><\/div><!-- .lae-posts-carousel -->\t\t\t\t<\/div>\n\t\t\t\t<\/div>\n\t\t\t\t\t<\/div>\n\t\t<\/div>\n\t\t\t\t\t<\/div>\n\t\t<\/aside>\n\t\t\t\t<\/div>\n\t\t","protected":false},"excerpt":{"rendered":"<p>What are the conditions for benefiting from the appropriate customs regimes and VAT exemption on your stand equipment and materials, when exhibiting in France? <\/p>\n","protected":false},"author":131,"featured_media":67531,"comment_status":"open","ping_status":"open","sticky":false,"template":"page-mti-a4.php","format":"standard","meta":{"iawp_total_views":44,"footnotes":""},"categories":[304],"tags":[308,418],"cibles":[360,364,352,465,365],"class_list":["post-67143","post","type-post","status-publish","format-standard","has-post-thumbnail","hentry","category-freight-tips","tag-customs","tag-vat","cibles-customs","cibles-exhibitions-congresses","cibles-featured","cibles-southern-agencies","cibles-vat"],"yoast_head":"<!-- This site is optimized with the Yoast SEO Premium plugin v27.4 (Yoast SEO v27.4) - https:\/\/yoast.com\/product\/yoast-seo-premium-wordpress\/ -->\n<title>How to handle customs duties and VAT on trade fairs and conferences in France? - MATHEZ FREIGHT<\/title>\n<meta name=\"description\" content=\"What are the conditions for benefiting from the appropriate customs regimes and VAT exemption on your stand equipment and materials, when exhibiting in France?\" \/>\n<meta name=\"robots\" content=\"index, follow, max-snippet:-1, max-image-preview:large, max-video-preview:-1\" \/>\n<link rel=\"canonical\" href=\"https:\/\/www.mathezfreight.com\/en\/blog\/customs-vat-exhibitions-france\/\" \/>\n<meta property=\"og:locale\" content=\"en_US\" \/>\n<meta property=\"og:type\" content=\"article\" \/>\n<meta property=\"og:title\" content=\"How to handle customs duties and VAT on trade fairs and conferences in France?\" \/>\n<meta property=\"og:description\" content=\"What are the conditions for benefiting from the appropriate customs regimes and VAT exemption on your stand equipment and materials, when exhibiting in France?\" \/>\n<meta property=\"og:url\" content=\"https:\/\/www.mathezfreight.com\/en\/blog\/customs-vat-exhibitions-france\/\" \/>\n<meta property=\"og:site_name\" content=\"MATHEZ FREIGHT\" \/>\n<meta property=\"article:publisher\" content=\"https:\/\/www.facebook.com\/MathezFreight\/\" \/>\n<meta property=\"article:published_time\" content=\"2026-03-13T14:16:50+00:00\" \/>\n<meta property=\"article:modified_time\" content=\"2026-03-31T10:09:59+00:00\" \/>\n<meta property=\"og:image\" content=\"https:\/\/www.mathezfreight.com\/wp-content\/uploads\/photo-onsite-salons-congres.jpg\" \/>\n\t<meta property=\"og:image:width\" content=\"1220\" \/>\n\t<meta property=\"og:image:height\" content=\"813\" \/>\n\t<meta property=\"og:image:type\" content=\"image\/jpeg\" \/>\n<meta name=\"author\" content=\"H\u00e9l\u00e8ne Plaquet\" \/>\n<meta name=\"twitter:card\" content=\"summary_large_image\" \/>\n<meta name=\"twitter:creator\" content=\"@MathezFreight\" \/>\n<meta name=\"twitter:site\" content=\"@MathezFreight\" \/>\n<meta name=\"twitter:label1\" content=\"Written by\" \/>\n\t<meta name=\"twitter:data1\" content=\"H\u00e9l\u00e8ne Plaquet\" \/>\n\t<meta name=\"twitter:label2\" content=\"Est. reading time\" \/>\n\t<meta name=\"twitter:data2\" content=\"8 minutes\" \/>\n<script type=\"application\/ld+json\" class=\"yoast-schema-graph\">{\"@context\":\"https:\\\/\\\/schema.org\",\"@graph\":[{\"@type\":\"Article\",\"@id\":\"https:\\\/\\\/www.mathezfreight.com\\\/en\\\/blog\\\/customs-vat-exhibitions-france\\\/#article\",\"isPartOf\":{\"@id\":\"https:\\\/\\\/www.mathezfreight.com\\\/en\\\/blog\\\/customs-vat-exhibitions-france\\\/\"},\"author\":{\"name\":\"H\u00e9l\u00e8ne Plaquet\",\"@id\":\"https:\\\/\\\/www.mathezfreight.com\\\/en\\\/#\\\/schema\\\/person\\\/5bc83c10f19637586d3dc8053224bed5\"},\"headline\":\"How to handle customs duties and VAT on trade fairs and conferences in France?\",\"datePublished\":\"2026-03-13T14:16:50+00:00\",\"dateModified\":\"2026-03-31T10:09:59+00:00\",\"mainEntityOfPage\":{\"@id\":\"https:\\\/\\\/www.mathezfreight.com\\\/en\\\/blog\\\/customs-vat-exhibitions-france\\\/\"},\"wordCount\":1129,\"commentCount\":0,\"publisher\":{\"@id\":\"https:\\\/\\\/www.mathezfreight.com\\\/en\\\/#organization\"},\"image\":{\"@id\":\"https:\\\/\\\/www.mathezfreight.com\\\/en\\\/blog\\\/customs-vat-exhibitions-france\\\/#primaryimage\"},\"thumbnailUrl\":\"https:\\\/\\\/www.mathezfreight.com\\\/wp-content\\\/uploads\\\/photo-onsite-salons-congres.jpg\",\"keywords\":[\"Customs\",\"VAT\"],\"articleSection\":[\"Freight Tips\"],\"inLanguage\":\"en-US\",\"potentialAction\":[{\"@type\":\"CommentAction\",\"name\":\"Comment\",\"target\":[\"https:\\\/\\\/www.mathezfreight.com\\\/en\\\/blog\\\/customs-vat-exhibitions-france\\\/#respond\"]}]},{\"@type\":\"WebPage\",\"@id\":\"https:\\\/\\\/www.mathezfreight.com\\\/en\\\/blog\\\/customs-vat-exhibitions-france\\\/\",\"url\":\"https:\\\/\\\/www.mathezfreight.com\\\/en\\\/blog\\\/customs-vat-exhibitions-france\\\/\",\"name\":\"How to handle customs duties and VAT on trade fairs and conferences in France? - MATHEZ FREIGHT\",\"isPartOf\":{\"@id\":\"https:\\\/\\\/www.mathezfreight.com\\\/en\\\/#website\"},\"primaryImageOfPage\":{\"@id\":\"https:\\\/\\\/www.mathezfreight.com\\\/en\\\/blog\\\/customs-vat-exhibitions-france\\\/#primaryimage\"},\"image\":{\"@id\":\"https:\\\/\\\/www.mathezfreight.com\\\/en\\\/blog\\\/customs-vat-exhibitions-france\\\/#primaryimage\"},\"thumbnailUrl\":\"https:\\\/\\\/www.mathezfreight.com\\\/wp-content\\\/uploads\\\/photo-onsite-salons-congres.jpg\",\"datePublished\":\"2026-03-13T14:16:50+00:00\",\"dateModified\":\"2026-03-31T10:09:59+00:00\",\"description\":\"What are the conditions for benefiting from the appropriate customs regimes and VAT exemption on your stand equipment and materials, when exhibiting in France?\",\"breadcrumb\":{\"@id\":\"https:\\\/\\\/www.mathezfreight.com\\\/en\\\/blog\\\/customs-vat-exhibitions-france\\\/#breadcrumb\"},\"inLanguage\":\"en-US\",\"potentialAction\":[{\"@type\":\"ReadAction\",\"target\":[\"https:\\\/\\\/www.mathezfreight.com\\\/en\\\/blog\\\/customs-vat-exhibitions-france\\\/\"]}]},{\"@type\":\"ImageObject\",\"inLanguage\":\"en-US\",\"@id\":\"https:\\\/\\\/www.mathezfreight.com\\\/en\\\/blog\\\/customs-vat-exhibitions-france\\\/#primaryimage\",\"url\":\"https:\\\/\\\/www.mathezfreight.com\\\/wp-content\\\/uploads\\\/photo-onsite-salons-congres.jpg\",\"contentUrl\":\"https:\\\/\\\/www.mathezfreight.com\\\/wp-content\\\/uploads\\\/photo-onsite-salons-congres.jpg\",\"width\":1220,\"height\":813,\"caption\":\"Salons et congr\u00e8s : douane et tva\"},{\"@type\":\"BreadcrumbList\",\"@id\":\"https:\\\/\\\/www.mathezfreight.com\\\/en\\\/blog\\\/customs-vat-exhibitions-france\\\/#breadcrumb\",\"itemListElement\":[{\"@type\":\"ListItem\",\"position\":1,\"name\":\"Home\",\"item\":\"https:\\\/\\\/www.mathezfreight.com\\\/en\\\/home\\\/\"},{\"@type\":\"ListItem\",\"position\":2,\"name\":\"Freight Tips\",\"item\":\"https:\\\/\\\/www.mathezfreight.com\\\/en\\\/blog\\\/category\\\/freight-tips\\\/\"},{\"@type\":\"ListItem\",\"position\":3,\"name\":\"How to handle customs duties and VAT on trade fairs and conferences in France?\"}]},{\"@type\":\"WebSite\",\"@id\":\"https:\\\/\\\/www.mathezfreight.com\\\/en\\\/#website\",\"url\":\"https:\\\/\\\/www.mathezfreight.com\\\/en\\\/\",\"name\":\"MATHEZ FREIGHT\",\"description\":\"Solutions transport sur mesure, suivies, efficaces\",\"publisher\":{\"@id\":\"https:\\\/\\\/www.mathezfreight.com\\\/en\\\/#organization\"},\"alternateName\":\"MATHEZ TRANSPORTS INTERNATIONAUX\",\"potentialAction\":[{\"@type\":\"SearchAction\",\"target\":{\"@type\":\"EntryPoint\",\"urlTemplate\":\"https:\\\/\\\/www.mathezfreight.com\\\/en\\\/?s={search_term_string}\"},\"query-input\":{\"@type\":\"PropertyValueSpecification\",\"valueRequired\":true,\"valueName\":\"search_term_string\"}}],\"inLanguage\":\"en-US\"},{\"@type\":\"Organization\",\"@id\":\"https:\\\/\\\/www.mathezfreight.com\\\/en\\\/#organization\",\"name\":\"MATHEZ FREIGHT\",\"alternateName\":\"MATHEZ TRANSPORTS INTERNATIONAUX\",\"url\":\"https:\\\/\\\/www.mathezfreight.com\\\/en\\\/\",\"logo\":{\"@type\":\"ImageObject\",\"inLanguage\":\"en-US\",\"@id\":\"https:\\\/\\\/www.mathezfreight.com\\\/en\\\/#\\\/schema\\\/logo\\\/image\\\/\",\"url\":\"https:\\\/\\\/www.mathezfreight.com\\\/wp-content\\\/uploads\\\/logo-mathez-freight-400pxw.png\",\"contentUrl\":\"https:\\\/\\\/www.mathezfreight.com\\\/wp-content\\\/uploads\\\/logo-mathez-freight-400pxw.png\",\"width\":400,\"height\":136,\"caption\":\"MATHEZ FREIGHT\"},\"image\":{\"@id\":\"https:\\\/\\\/www.mathezfreight.com\\\/en\\\/#\\\/schema\\\/logo\\\/image\\\/\"},\"sameAs\":[\"https:\\\/\\\/www.facebook.com\\\/MathezFreight\\\/\",\"https:\\\/\\\/x.com\\\/MathezFreight\",\"https:\\\/\\\/www.linkedin.com\\\/company\\\/mathezfreight\\\/\"],\"description\":\"Transitaire fran\u00e7ais, organisateur de transport international: fret a\u00e9rien, fret maritime, commissionnaire en douane agr\u00e9\u00e9 OEA-Full. 17 agences en France sur tous les principaux ports et a\u00e9roports.\",\"email\":\"web@mathezfreight.com\",\"telephone\":\"+33.497257825\",\"legalName\":\"MATHEZ TRANSPORTS INTERNATIONAUX\",\"foundingDate\":\"1950-01-01\",\"numberOfEmployees\":{\"@type\":\"QuantitativeValue\",\"minValue\":\"51\",\"maxValue\":\"200\"}},{\"@type\":\"Person\",\"@id\":\"https:\\\/\\\/www.mathezfreight.com\\\/en\\\/#\\\/schema\\\/person\\\/5bc83c10f19637586d3dc8053224bed5\",\"name\":\"H\u00e9l\u00e8ne Plaquet\"}]}<\/script>\n<!-- \/ Yoast SEO Premium plugin. -->","yoast_head_json":{"title":"How to handle customs duties and VAT on trade fairs and conferences in France? - MATHEZ FREIGHT","description":"What are the conditions for benefiting from the appropriate customs regimes and VAT exemption on your stand equipment and materials, when exhibiting in France?","robots":{"index":"index","follow":"follow","max-snippet":"max-snippet:-1","max-image-preview":"max-image-preview:large","max-video-preview":"max-video-preview:-1"},"canonical":"https:\/\/www.mathezfreight.com\/en\/blog\/customs-vat-exhibitions-france\/","og_locale":"en_US","og_type":"article","og_title":"How to handle customs duties and VAT on trade fairs and conferences in France?","og_description":"What are the conditions for benefiting from the appropriate customs regimes and VAT exemption on your stand equipment and materials, when exhibiting in France?","og_url":"https:\/\/www.mathezfreight.com\/en\/blog\/customs-vat-exhibitions-france\/","og_site_name":"MATHEZ FREIGHT","article_publisher":"https:\/\/www.facebook.com\/MathezFreight\/","article_published_time":"2026-03-13T14:16:50+00:00","article_modified_time":"2026-03-31T10:09:59+00:00","og_image":[{"width":1220,"height":813,"url":"https:\/\/www.mathezfreight.com\/wp-content\/uploads\/photo-onsite-salons-congres.jpg","type":"image\/jpeg"}],"author":"H\u00e9l\u00e8ne Plaquet","twitter_card":"summary_large_image","twitter_creator":"@MathezFreight","twitter_site":"@MathezFreight","twitter_misc":{"Written by":"H\u00e9l\u00e8ne Plaquet","Est. reading time":"8 minutes"},"schema":{"@context":"https:\/\/schema.org","@graph":[{"@type":"Article","@id":"https:\/\/www.mathezfreight.com\/en\/blog\/customs-vat-exhibitions-france\/#article","isPartOf":{"@id":"https:\/\/www.mathezfreight.com\/en\/blog\/customs-vat-exhibitions-france\/"},"author":{"name":"H\u00e9l\u00e8ne Plaquet","@id":"https:\/\/www.mathezfreight.com\/en\/#\/schema\/person\/5bc83c10f19637586d3dc8053224bed5"},"headline":"How to handle customs duties and VAT on trade fairs and conferences in France?","datePublished":"2026-03-13T14:16:50+00:00","dateModified":"2026-03-31T10:09:59+00:00","mainEntityOfPage":{"@id":"https:\/\/www.mathezfreight.com\/en\/blog\/customs-vat-exhibitions-france\/"},"wordCount":1129,"commentCount":0,"publisher":{"@id":"https:\/\/www.mathezfreight.com\/en\/#organization"},"image":{"@id":"https:\/\/www.mathezfreight.com\/en\/blog\/customs-vat-exhibitions-france\/#primaryimage"},"thumbnailUrl":"https:\/\/www.mathezfreight.com\/wp-content\/uploads\/photo-onsite-salons-congres.jpg","keywords":["Customs","VAT"],"articleSection":["Freight Tips"],"inLanguage":"en-US","potentialAction":[{"@type":"CommentAction","name":"Comment","target":["https:\/\/www.mathezfreight.com\/en\/blog\/customs-vat-exhibitions-france\/#respond"]}]},{"@type":"WebPage","@id":"https:\/\/www.mathezfreight.com\/en\/blog\/customs-vat-exhibitions-france\/","url":"https:\/\/www.mathezfreight.com\/en\/blog\/customs-vat-exhibitions-france\/","name":"How to handle customs duties and VAT on trade fairs and conferences in France? - MATHEZ FREIGHT","isPartOf":{"@id":"https:\/\/www.mathezfreight.com\/en\/#website"},"primaryImageOfPage":{"@id":"https:\/\/www.mathezfreight.com\/en\/blog\/customs-vat-exhibitions-france\/#primaryimage"},"image":{"@id":"https:\/\/www.mathezfreight.com\/en\/blog\/customs-vat-exhibitions-france\/#primaryimage"},"thumbnailUrl":"https:\/\/www.mathezfreight.com\/wp-content\/uploads\/photo-onsite-salons-congres.jpg","datePublished":"2026-03-13T14:16:50+00:00","dateModified":"2026-03-31T10:09:59+00:00","description":"What are the conditions for benefiting from the appropriate customs regimes and VAT exemption on your stand equipment and materials, when exhibiting in France?","breadcrumb":{"@id":"https:\/\/www.mathezfreight.com\/en\/blog\/customs-vat-exhibitions-france\/#breadcrumb"},"inLanguage":"en-US","potentialAction":[{"@type":"ReadAction","target":["https:\/\/www.mathezfreight.com\/en\/blog\/customs-vat-exhibitions-france\/"]}]},{"@type":"ImageObject","inLanguage":"en-US","@id":"https:\/\/www.mathezfreight.com\/en\/blog\/customs-vat-exhibitions-france\/#primaryimage","url":"https:\/\/www.mathezfreight.com\/wp-content\/uploads\/photo-onsite-salons-congres.jpg","contentUrl":"https:\/\/www.mathezfreight.com\/wp-content\/uploads\/photo-onsite-salons-congres.jpg","width":1220,"height":813,"caption":"Salons et congr\u00e8s : douane et tva"},{"@type":"BreadcrumbList","@id":"https:\/\/www.mathezfreight.com\/en\/blog\/customs-vat-exhibitions-france\/#breadcrumb","itemListElement":[{"@type":"ListItem","position":1,"name":"Home","item":"https:\/\/www.mathezfreight.com\/en\/home\/"},{"@type":"ListItem","position":2,"name":"Freight Tips","item":"https:\/\/www.mathezfreight.com\/en\/blog\/category\/freight-tips\/"},{"@type":"ListItem","position":3,"name":"How to handle customs duties and VAT on trade fairs and conferences in France?"}]},{"@type":"WebSite","@id":"https:\/\/www.mathezfreight.com\/en\/#website","url":"https:\/\/www.mathezfreight.com\/en\/","name":"MATHEZ FREIGHT","description":"Solutions transport sur mesure, suivies, efficaces","publisher":{"@id":"https:\/\/www.mathezfreight.com\/en\/#organization"},"alternateName":"MATHEZ TRANSPORTS INTERNATIONAUX","potentialAction":[{"@type":"SearchAction","target":{"@type":"EntryPoint","urlTemplate":"https:\/\/www.mathezfreight.com\/en\/?s={search_term_string}"},"query-input":{"@type":"PropertyValueSpecification","valueRequired":true,"valueName":"search_term_string"}}],"inLanguage":"en-US"},{"@type":"Organization","@id":"https:\/\/www.mathezfreight.com\/en\/#organization","name":"MATHEZ FREIGHT","alternateName":"MATHEZ TRANSPORTS INTERNATIONAUX","url":"https:\/\/www.mathezfreight.com\/en\/","logo":{"@type":"ImageObject","inLanguage":"en-US","@id":"https:\/\/www.mathezfreight.com\/en\/#\/schema\/logo\/image\/","url":"https:\/\/www.mathezfreight.com\/wp-content\/uploads\/logo-mathez-freight-400pxw.png","contentUrl":"https:\/\/www.mathezfreight.com\/wp-content\/uploads\/logo-mathez-freight-400pxw.png","width":400,"height":136,"caption":"MATHEZ FREIGHT"},"image":{"@id":"https:\/\/www.mathezfreight.com\/en\/#\/schema\/logo\/image\/"},"sameAs":["https:\/\/www.facebook.com\/MathezFreight\/","https:\/\/x.com\/MathezFreight","https:\/\/www.linkedin.com\/company\/mathezfreight\/"],"description":"Transitaire fran\u00e7ais, organisateur de transport international: fret a\u00e9rien, fret maritime, commissionnaire en douane agr\u00e9\u00e9 OEA-Full. 17 agences en France sur tous les principaux ports et a\u00e9roports.","email":"web@mathezfreight.com","telephone":"+33.497257825","legalName":"MATHEZ TRANSPORTS INTERNATIONAUX","foundingDate":"1950-01-01","numberOfEmployees":{"@type":"QuantitativeValue","minValue":"51","maxValue":"200"}},{"@type":"Person","@id":"https:\/\/www.mathezfreight.com\/en\/#\/schema\/person\/5bc83c10f19637586d3dc8053224bed5","name":"H\u00e9l\u00e8ne Plaquet"}]}},"_links":{"self":[{"href":"https:\/\/www.mathezfreight.com\/en\/wp-json\/wp\/v2\/posts\/67143","targetHints":{"allow":["GET"]}}],"collection":[{"href":"https:\/\/www.mathezfreight.com\/en\/wp-json\/wp\/v2\/posts"}],"about":[{"href":"https:\/\/www.mathezfreight.com\/en\/wp-json\/wp\/v2\/types\/post"}],"author":[{"embeddable":true,"href":"https:\/\/www.mathezfreight.com\/en\/wp-json\/wp\/v2\/users\/131"}],"replies":[{"embeddable":true,"href":"https:\/\/www.mathezfreight.com\/en\/wp-json\/wp\/v2\/comments?post=67143"}],"version-history":[{"count":29,"href":"https:\/\/www.mathezfreight.com\/en\/wp-json\/wp\/v2\/posts\/67143\/revisions"}],"predecessor-version":[{"id":67574,"href":"https:\/\/www.mathezfreight.com\/en\/wp-json\/wp\/v2\/posts\/67143\/revisions\/67574"}],"wp:featuredmedia":[{"embeddable":true,"href":"https:\/\/www.mathezfreight.com\/en\/wp-json\/wp\/v2\/media\/67531"}],"wp:attachment":[{"href":"https:\/\/www.mathezfreight.com\/en\/wp-json\/wp\/v2\/media?parent=67143"}],"wp:term":[{"taxonomy":"category","embeddable":true,"href":"https:\/\/www.mathezfreight.com\/en\/wp-json\/wp\/v2\/categories?post=67143"},{"taxonomy":"post_tag","embeddable":true,"href":"https:\/\/www.mathezfreight.com\/en\/wp-json\/wp\/v2\/tags?post=67143"},{"taxonomy":"cibles","embeddable":true,"href":"https:\/\/www.mathezfreight.com\/en\/wp-json\/wp\/v2\/cibles?post=67143"}],"curies":[{"name":"wp","href":"https:\/\/api.w.org\/{rel}","templated":true}]}}